{"id":20921,"date":"2024-10-01T15:13:19","date_gmt":"2024-10-01T13:13:19","guid":{"rendered":"https:\/\/janze-athletisme.fr\/wordpress\/?p=20921"},"modified":"2024-10-01T15:22:34","modified_gmt":"2024-10-01T13:22:34","slug":"interclubs-avenir-quelques-photos","status":"publish","type":"post","link":"https:\/\/janze-athletisme.fr\/wordpress\/interclubs-avenir-quelques-photos\/","title":{"rendered":"Interclubs Avenir : quelques photos"},"content":{"rendered":"<p><a href=\"https:\/\/janze-athletisme.fr\/wordpress\/wp-content\/uploads\/2024\/10\/Jules-29sept2024.jpg\"><img loading=\"lazy\" decoding=\"async\" class=\"alignnone wp-image-20922\" src=\"https:\/\/janze-athletisme.fr\/wordpress\/wp-content\/uploads\/2024\/10\/Jules-29sept2024-300x300.jpg\" alt=\"\" width=\"194\" height=\"194\" srcset=\"https:\/\/janze-athletisme.fr\/wordpress\/wp-content\/uploads\/2024\/10\/Jules-29sept2024-300x300.jpg 300w, https:\/\/janze-athletisme.fr\/wordpress\/wp-content\/uploads\/2024\/10\/Jules-29sept2024-1024x1024.jpg 1024w, https:\/\/janze-athletisme.fr\/wordpress\/wp-content\/uploads\/2024\/10\/Jules-29sept2024-150x150.jpg 150w, https:\/\/janze-athletisme.fr\/wordpress\/wp-content\/uploads\/2024\/10\/Jules-29sept2024-768x768.jpg 768w, https:\/\/janze-athletisme.fr\/wordpress\/wp-content\/uploads\/2024\/10\/Jules-29sept2024.jpg 1200w\" sizes=\"auto, (max-width: 194px) 100vw, 194px\" \/><\/a> <a href=\"https:\/\/janze-athletisme.fr\/wordpress\/wp-content\/uploads\/2024\/10\/Elouan-29sept2024-3.jpg\"><img loading=\"lazy\" decoding=\"async\" class=\"alignnone wp-image-20923\" src=\"https:\/\/janze-athletisme.fr\/wordpress\/wp-content\/uploads\/2024\/10\/Elouan-29sept2024-3-300x300.jpg\" alt=\"\" width=\"196\" height=\"196\" srcset=\"https:\/\/janze-athletisme.fr\/wordpress\/wp-content\/uploads\/2024\/10\/Elouan-29sept2024-3-300x300.jpg 300w, https:\/\/janze-athletisme.fr\/wordpress\/wp-content\/uploads\/2024\/10\/Elouan-29sept2024-3-1024x1024.jpg 1024w, https:\/\/janze-athletisme.fr\/wordpress\/wp-content\/uploads\/2024\/10\/Elouan-29sept2024-3-150x150.jpg 150w, https:\/\/janze-athletisme.fr\/wordpress\/wp-content\/uploads\/2024\/10\/Elouan-29sept2024-3-768x768.jpg 768w, https:\/\/janze-athletisme.fr\/wordpress\/wp-content\/uploads\/2024\/10\/Elouan-29sept2024-3.jpg 1200w\" sizes=\"auto, (max-width: 196px) 100vw, 196px\" \/><\/a> <a href=\"https:\/\/janze-athletisme.fr\/wordpress\/wp-content\/uploads\/2024\/10\/Sterenn-29sept2024.jpg\"><img loading=\"lazy\" decoding=\"async\" class=\"alignnone wp-image-20924\" src=\"https:\/\/janze-athletisme.fr\/wordpress\/wp-content\/uploads\/2024\/10\/Sterenn-29sept2024-300x300.jpg\" alt=\"\" width=\"197\" height=\"197\" srcset=\"https:\/\/janze-athletisme.fr\/wordpress\/wp-content\/uploads\/2024\/10\/Sterenn-29sept2024-300x300.jpg 300w, https:\/\/janze-athletisme.fr\/wordpress\/wp-content\/uploads\/2024\/10\/Sterenn-29sept2024-1024x1024.jpg 1024w, https:\/\/janze-athletisme.fr\/wordpress\/wp-content\/uploads\/2024\/10\/Sterenn-29sept2024-150x150.jpg 150w, https:\/\/janze-athletisme.fr\/wordpress\/wp-content\/uploads\/2024\/10\/Sterenn-29sept2024-768x768.jpg 768w, https:\/\/janze-athletisme.fr\/wordpress\/wp-content\/uploads\/2024\/10\/Sterenn-29sept2024.jpg 1200w\" sizes=\"auto, (max-width: 197px) 100vw, 197px\" \/><\/a> <a href=\"https:\/\/janze-athletisme.fr\/wordpress\/wp-content\/uploads\/2024\/10\/Berenger-29sept2024-2.jpg\"><img loading=\"lazy\" decoding=\"async\" class=\"alignnone wp-image-20925\" src=\"https:\/\/janze-athletisme.fr\/wordpress\/wp-content\/uploads\/2024\/10\/Berenger-29sept2024-2-300x300.jpg\" alt=\"\" width=\"193\" height=\"193\" srcset=\"https:\/\/janze-athletisme.fr\/wordpress\/wp-content\/uploads\/2024\/10\/Berenger-29sept2024-2-300x300.jpg 300w, https:\/\/janze-athletisme.fr\/wordpress\/wp-content\/uploads\/2024\/10\/Berenger-29sept2024-2-1024x1024.jpg 1024w, https:\/\/janze-athletisme.fr\/wordpress\/wp-content\/uploads\/2024\/10\/Berenger-29sept2024-2-150x150.jpg 150w, https:\/\/janze-athletisme.fr\/wordpress\/wp-content\/uploads\/2024\/10\/Berenger-29sept2024-2-768x768.jpg 768w, https:\/\/janze-athletisme.fr\/wordpress\/wp-content\/uploads\/2024\/10\/Berenger-29sept2024-2.jpg 1200w\" sizes=\"auto, (max-width: 193px) 100vw, 193px\" \/><\/a><\/p>\n<p><a href=\"https:\/\/janze-athletisme.fr\/wordpress\/wp-content\/uploads\/2024\/10\/Berenger-29sept2024-3.jpg\"><img loading=\"lazy\" decoding=\"async\" class=\"alignnone wp-image-20926\" src=\"https:\/\/janze-athletisme.fr\/wordpress\/wp-content\/uploads\/2024\/10\/Berenger-29sept2024-3-300x300.jpg\" alt=\"\" width=\"194\" height=\"194\" srcset=\"https:\/\/janze-athletisme.fr\/wordpress\/wp-content\/uploads\/2024\/10\/Berenger-29sept2024-3-300x300.jpg 300w, https:\/\/janze-athletisme.fr\/wordpress\/wp-content\/uploads\/2024\/10\/Berenger-29sept2024-3-1024x1024.jpg 1024w, https:\/\/janze-athletisme.fr\/wordpress\/wp-content\/uploads\/2024\/10\/Berenger-29sept2024-3-150x150.jpg 150w, https:\/\/janze-athletisme.fr\/wordpress\/wp-content\/uploads\/2024\/10\/Berenger-29sept2024-3-768x768.jpg 768w, https:\/\/janze-athletisme.fr\/wordpress\/wp-content\/uploads\/2024\/10\/Berenger-29sept2024-3.jpg 1200w\" sizes=\"auto, (max-width: 194px) 100vw, 194px\" \/><\/a> <a href=\"https:\/\/janze-athletisme.fr\/wordpress\/wp-content\/uploads\/2024\/10\/Bertille-29sept2024.jpg\"><img loading=\"lazy\" decoding=\"async\" class=\"alignnone wp-image-20927\" src=\"https:\/\/janze-athletisme.fr\/wordpress\/wp-content\/uploads\/2024\/10\/Bertille-29sept2024-300x300.jpg\" alt=\"\" width=\"195\" height=\"195\" srcset=\"https:\/\/janze-athletisme.fr\/wordpress\/wp-content\/uploads\/2024\/10\/Bertille-29sept2024-300x300.jpg 300w, https:\/\/janze-athletisme.fr\/wordpress\/wp-content\/uploads\/2024\/10\/Bertille-29sept2024-1024x1024.jpg 1024w, https:\/\/janze-athletisme.fr\/wordpress\/wp-content\/uploads\/2024\/10\/Bertille-29sept2024-150x150.jpg 150w, https:\/\/janze-athletisme.fr\/wordpress\/wp-content\/uploads\/2024\/10\/Bertille-29sept2024-768x767.jpg 768w, https:\/\/janze-athletisme.fr\/wordpress\/wp-content\/uploads\/2024\/10\/Bertille-29sept2024.jpg 1201w\" sizes=\"auto, (max-width: 195px) 100vw, 195px\" \/> <\/a><a href=\"https:\/\/janze-athletisme.fr\/wordpress\/wp-content\/uploads\/2024\/10\/Maelys-29sept2024-4.jpg\"><img loading=\"lazy\" decoding=\"async\" class=\"alignnone wp-image-20928\" src=\"https:\/\/janze-athletisme.fr\/wordpress\/wp-content\/uploads\/2024\/10\/Maelys-29sept2024-4-300x300.jpg\" alt=\"\" width=\"196\" height=\"196\" srcset=\"https:\/\/janze-athletisme.fr\/wordpress\/wp-content\/uploads\/2024\/10\/Maelys-29sept2024-4-300x300.jpg 300w, https:\/\/janze-athletisme.fr\/wordpress\/wp-content\/uploads\/2024\/10\/Maelys-29sept2024-4-1024x1024.jpg 1024w, https:\/\/janze-athletisme.fr\/wordpress\/wp-content\/uploads\/2024\/10\/Maelys-29sept2024-4-150x150.jpg 150w, https:\/\/janze-athletisme.fr\/wordpress\/wp-content\/uploads\/2024\/10\/Maelys-29sept2024-4-768x768.jpg 768w, https:\/\/janze-athletisme.fr\/wordpress\/wp-content\/uploads\/2024\/10\/Maelys-29sept2024-4.jpg 1200w\" sizes=\"auto, (max-width: 196px) 100vw, 196px\" \/><\/a> <a href=\"https:\/\/janze-athletisme.fr\/wordpress\/wp-content\/uploads\/2024\/10\/Henri-29sept2024.jpg\"><img loading=\"lazy\" decoding=\"async\" class=\"alignnone wp-image-20930\" src=\"https:\/\/janze-athletisme.fr\/wordpress\/wp-content\/uploads\/2024\/10\/Henri-29sept2024-300x300.jpg\" alt=\"\" width=\"196\" height=\"196\" srcset=\"https:\/\/janze-athletisme.fr\/wordpress\/wp-content\/uploads\/2024\/10\/Henri-29sept2024-300x300.jpg 300w, https:\/\/janze-athletisme.fr\/wordpress\/wp-content\/uploads\/2024\/10\/Henri-29sept2024-1024x1024.jpg 1024w, https:\/\/janze-athletisme.fr\/wordpress\/wp-content\/uploads\/2024\/10\/Henri-29sept2024-150x150.jpg 150w, https:\/\/janze-athletisme.fr\/wordpress\/wp-content\/uploads\/2024\/10\/Henri-29sept2024-768x768.jpg 768w, https:\/\/janze-athletisme.fr\/wordpress\/wp-content\/uploads\/2024\/10\/Henri-29sept2024.jpg 1200w\" sizes=\"auto, (max-width: 196px) 100vw, 196px\" \/> <\/a><\/p>\n<p><a href=\"https:\/\/janze-athletisme.fr\/wordpress\/wp-content\/uploads\/2024\/10\/Anna-29sept2024.jpg\"><img loading=\"lazy\" decoding=\"async\" class=\"alignnone wp-image-20929\" src=\"https:\/\/janze-athletisme.fr\/wordpress\/wp-content\/uploads\/2024\/10\/Anna-29sept2024-200x300.jpg\" alt=\"\" width=\"126\" height=\"189\" srcset=\"https:\/\/janze-athletisme.fr\/wordpress\/wp-content\/uploads\/2024\/10\/Anna-29sept2024-200x300.jpg 200w, https:\/\/janze-athletisme.fr\/wordpress\/wp-content\/uploads\/2024\/10\/Anna-29sept2024-682x1024.jpg 682w, https:\/\/janze-athletisme.fr\/wordpress\/wp-content\/uploads\/2024\/10\/Anna-29sept2024-768x1154.jpg 768w, https:\/\/janze-athletisme.fr\/wordpress\/wp-content\/uploads\/2024\/10\/Anna-29sept2024.jpg 1000w\" sizes=\"auto, (max-width: 126px) 100vw, 126px\" \/><\/a> <a href=\"https:\/\/janze-athletisme.fr\/wordpress\/wp-content\/uploads\/2024\/10\/Manon-TLD-29sept2024.jpg\"><img loading=\"lazy\" decoding=\"async\" class=\"alignnone wp-image-20931\" src=\"https:\/\/janze-athletisme.fr\/wordpress\/wp-content\/uploads\/2024\/10\/Manon-TLD-29sept2024-300x300.jpg\" alt=\"\" width=\"192\" height=\"192\" srcset=\"https:\/\/janze-athletisme.fr\/wordpress\/wp-content\/uploads\/2024\/10\/Manon-TLD-29sept2024-300x300.jpg 300w, https:\/\/janze-athletisme.fr\/wordpress\/wp-content\/uploads\/2024\/10\/Manon-TLD-29sept2024-1024x1024.jpg 1024w, https:\/\/janze-athletisme.fr\/wordpress\/wp-content\/uploads\/2024\/10\/Manon-TLD-29sept2024-150x150.jpg 150w, https:\/\/janze-athletisme.fr\/wordpress\/wp-content\/uploads\/2024\/10\/Manon-TLD-29sept2024-768x768.jpg 768w, https:\/\/janze-athletisme.fr\/wordpress\/wp-content\/uploads\/2024\/10\/Manon-TLD-29sept2024.jpg 1200w\" sizes=\"auto, (max-width: 192px) 100vw, 192px\" \/><\/a> <a href=\"https:\/\/janze-athletisme.fr\/wordpress\/wp-content\/uploads\/2024\/10\/Kinnie-29sept2024.jpg\"><img loading=\"lazy\" decoding=\"async\" class=\"alignnone wp-image-20932\" src=\"https:\/\/janze-athletisme.fr\/wordpress\/wp-content\/uploads\/2024\/10\/Kinnie-29sept2024-300x300.jpg\" alt=\"\" width=\"192\" height=\"192\" srcset=\"https:\/\/janze-athletisme.fr\/wordpress\/wp-content\/uploads\/2024\/10\/Kinnie-29sept2024-300x300.jpg 300w, https:\/\/janze-athletisme.fr\/wordpress\/wp-content\/uploads\/2024\/10\/Kinnie-29sept2024-1024x1024.jpg 1024w, https:\/\/janze-athletisme.fr\/wordpress\/wp-content\/uploads\/2024\/10\/Kinnie-29sept2024-150x150.jpg 150w, https:\/\/janze-athletisme.fr\/wordpress\/wp-content\/uploads\/2024\/10\/Kinnie-29sept2024-768x768.jpg 768w, https:\/\/janze-athletisme.fr\/wordpress\/wp-content\/uploads\/2024\/10\/Kinnie-29sept2024.jpg 1200w\" sizes=\"auto, (max-width: 192px) 100vw, 192px\" \/><\/a> <a href=\"https:\/\/janze-athletisme.fr\/wordpress\/wp-content\/uploads\/2024\/10\/Camille-29sept2024.jpg\"><img loading=\"lazy\" decoding=\"async\" class=\"alignnone wp-image-20933\" src=\"https:\/\/janze-athletisme.fr\/wordpress\/wp-content\/uploads\/2024\/10\/Camille-29sept2024-201x300.jpg\" alt=\"\" width=\"129\" height=\"192\" srcset=\"https:\/\/janze-athletisme.fr\/wordpress\/wp-content\/uploads\/2024\/10\/Camille-29sept2024-201x300.jpg 201w, https:\/\/janze-athletisme.fr\/wordpress\/wp-content\/uploads\/2024\/10\/Camille-29sept2024-685x1024.jpg 685w, https:\/\/janze-athletisme.fr\/wordpress\/wp-content\/uploads\/2024\/10\/Camille-29sept2024-768x1147.jpg 768w, https:\/\/janze-athletisme.fr\/wordpress\/wp-content\/uploads\/2024\/10\/Camille-29sept2024.jpg 1000w\" sizes=\"auto, (max-width: 129px) 100vw, 129px\" \/> <\/a><a href=\"https:\/\/janze-athletisme.fr\/wordpress\/wp-content\/uploads\/2024\/10\/Sterenn-29sept2024-4.jpg\"><img loading=\"lazy\" decoding=\"async\" class=\"alignnone wp-image-20940\" src=\"https:\/\/janze-athletisme.fr\/wordpress\/wp-content\/uploads\/2024\/10\/Sterenn-29sept2024-4-201x300.jpg\" alt=\"\" width=\"129\" height=\"193\" srcset=\"https:\/\/janze-athletisme.fr\/wordpress\/wp-content\/uploads\/2024\/10\/Sterenn-29sept2024-4-201x300.jpg 201w, https:\/\/janze-athletisme.fr\/wordpress\/wp-content\/uploads\/2024\/10\/Sterenn-29sept2024-4-686x1024.jpg 686w, https:\/\/janze-athletisme.fr\/wordpress\/wp-content\/uploads\/2024\/10\/Sterenn-29sept2024-4-768x1147.jpg 768w, https:\/\/janze-athletisme.fr\/wordpress\/wp-content\/uploads\/2024\/10\/Sterenn-29sept2024-4.jpg 1000w\" sizes=\"auto, (max-width: 129px) 100vw, 129px\" \/>\u00a0<\/a><\/p>\n<p><a href=\"https:\/\/janze-athletisme.fr\/wordpress\/wp-content\/uploads\/2024\/10\/Faustine-Clemence-29sept2024.jpg\"><img loading=\"lazy\" decoding=\"async\" class=\"alignnone wp-image-20935\" src=\"https:\/\/janze-athletisme.fr\/wordpress\/wp-content\/uploads\/2024\/10\/Faustine-Clemence-29sept2024-300x300.jpg\" alt=\"\" width=\"195\" height=\"195\" srcset=\"https:\/\/janze-athletisme.fr\/wordpress\/wp-content\/uploads\/2024\/10\/Faustine-Clemence-29sept2024-300x300.jpg 300w, https:\/\/janze-athletisme.fr\/wordpress\/wp-content\/uploads\/2024\/10\/Faustine-Clemence-29sept2024-1022x1024.jpg 1022w, https:\/\/janze-athletisme.fr\/wordpress\/wp-content\/uploads\/2024\/10\/Faustine-Clemence-29sept2024-150x150.jpg 150w, https:\/\/janze-athletisme.fr\/wordpress\/wp-content\/uploads\/2024\/10\/Faustine-Clemence-29sept2024-768x769.jpg 768w, https:\/\/janze-athletisme.fr\/wordpress\/wp-content\/uploads\/2024\/10\/Faustine-Clemence-29sept2024.jpg 1200w\" sizes=\"auto, (max-width: 195px) 100vw, 195px\" \/> <\/a><a href=\"https:\/\/janze-athletisme.fr\/wordpress\/wp-content\/uploads\/2024\/10\/Marie-Dad-29sept2024.jpg\"><img loading=\"lazy\" decoding=\"async\" class=\"alignnone wp-image-20936\" src=\"https:\/\/janze-athletisme.fr\/wordpress\/wp-content\/uploads\/2024\/10\/Marie-Dad-29sept2024-300x200.jpg\" alt=\"\" width=\"249\" height=\"166\" srcset=\"https:\/\/janze-athletisme.fr\/wordpress\/wp-content\/uploads\/2024\/10\/Marie-Dad-29sept2024-300x200.jpg 300w, https:\/\/janze-athletisme.fr\/wordpress\/wp-content\/uploads\/2024\/10\/Marie-Dad-29sept2024-1024x683.jpg 1024w, https:\/\/janze-athletisme.fr\/wordpress\/wp-content\/uploads\/2024\/10\/Marie-Dad-29sept2024-768x512.jpg 768w, https:\/\/janze-athletisme.fr\/wordpress\/wp-content\/uploads\/2024\/10\/Marie-Dad-29sept2024.jpg 1500w\" sizes=\"auto, (max-width: 249px) 100vw, 249px\" \/><\/a><a href=\"https:\/\/janze-athletisme.fr\/wordpress\/wp-content\/uploads\/2024\/10\/Elouan-B-29sept2024.jpg\"> <img loading=\"lazy\" decoding=\"async\" class=\"alignnone wp-image-20937\" src=\"https:\/\/janze-athletisme.fr\/wordpress\/wp-content\/uploads\/2024\/10\/Elouan-B-29sept2024-300x300.jpg\" alt=\"\" width=\"195\" height=\"195\" srcset=\"https:\/\/janze-athletisme.fr\/wordpress\/wp-content\/uploads\/2024\/10\/Elouan-B-29sept2024-300x300.jpg 300w, https:\/\/janze-athletisme.fr\/wordpress\/wp-content\/uploads\/2024\/10\/Elouan-B-29sept2024-1024x1024.jpg 1024w, https:\/\/janze-athletisme.fr\/wordpress\/wp-content\/uploads\/2024\/10\/Elouan-B-29sept2024-150x150.jpg 150w, https:\/\/janze-athletisme.fr\/wordpress\/wp-content\/uploads\/2024\/10\/Elouan-B-29sept2024-768x769.jpg 768w, https:\/\/janze-athletisme.fr\/wordpress\/wp-content\/uploads\/2024\/10\/Elouan-B-29sept2024.jpg 1200w\" sizes=\"auto, (max-width: 195px) 100vw, 195px\" \/><\/a><a href=\"https:\/\/janze-athletisme.fr\/wordpress\/wp-content\/uploads\/2024\/10\/Maelys-29sept2024-2.jpg\"> <img loading=\"lazy\" decoding=\"async\" class=\"alignnone wp-image-20938\" src=\"https:\/\/janze-athletisme.fr\/wordpress\/wp-content\/uploads\/2024\/10\/Maelys-29sept2024-2-200x300.jpg\" alt=\"\" width=\"131\" height=\"197\" srcset=\"https:\/\/janze-athletisme.fr\/wordpress\/wp-content\/uploads\/2024\/10\/Maelys-29sept2024-2-200x300.jpg 200w, https:\/\/janze-athletisme.fr\/wordpress\/wp-content\/uploads\/2024\/10\/Maelys-29sept2024-2-683x1024.jpg 683w, https:\/\/janze-athletisme.fr\/wordpress\/wp-content\/uploads\/2024\/10\/Maelys-29sept2024-2-768x1152.jpg 768w, https:\/\/janze-athletisme.fr\/wordpress\/wp-content\/uploads\/2024\/10\/Maelys-29sept2024-2.jpg 1000w\" sizes=\"auto, (max-width: 131px) 100vw, 131px\" \/><\/a><\/p>\n<p><a href=\"https:\/\/janze-athletisme.fr\/wordpress\/wp-content\/uploads\/2024\/10\/Jeanne-29sept2024-7.jpg\"><img loading=\"lazy\" decoding=\"async\" class=\"alignnone wp-image-20939\" src=\"https:\/\/janze-athletisme.fr\/wordpress\/wp-content\/uploads\/2024\/10\/Jeanne-29sept2024-7-200x300.jpg\" alt=\"\" width=\"139\" height=\"209\" srcset=\"https:\/\/janze-athletisme.fr\/wordpress\/wp-content\/uploads\/2024\/10\/Jeanne-29sept2024-7-200x300.jpg 200w, https:\/\/janze-athletisme.fr\/wordpress\/wp-content\/uploads\/2024\/10\/Jeanne-29sept2024-7-683x1024.jpg 683w, https:\/\/janze-athletisme.fr\/wordpress\/wp-content\/uploads\/2024\/10\/Jeanne-29sept2024-7-768x1152.jpg 768w, https:\/\/janze-athletisme.fr\/wordpress\/wp-content\/uploads\/2024\/10\/Jeanne-29sept2024-7.jpg 1000w\" sizes=\"auto, (max-width: 139px) 100vw, 139px\" \/> <\/a><a href=\"https:\/\/janze-athletisme.fr\/wordpress\/wp-content\/uploads\/2024\/10\/Pauline-29sept2024.jpg\"><img loading=\"lazy\" decoding=\"async\" class=\"alignnone wp-image-20941\" src=\"https:\/\/janze-athletisme.fr\/wordpress\/wp-content\/uploads\/2024\/10\/Pauline-29sept2024-300x300.jpg\" alt=\"\" width=\"209\" height=\"209\" srcset=\"https:\/\/janze-athletisme.fr\/wordpress\/wp-content\/uploads\/2024\/10\/Pauline-29sept2024-300x300.jpg 300w, https:\/\/janze-athletisme.fr\/wordpress\/wp-content\/uploads\/2024\/10\/Pauline-29sept2024-1024x1024.jpg 1024w, https:\/\/janze-athletisme.fr\/wordpress\/wp-content\/uploads\/2024\/10\/Pauline-29sept2024-150x150.jpg 150w, https:\/\/janze-athletisme.fr\/wordpress\/wp-content\/uploads\/2024\/10\/Pauline-29sept2024-768x767.jpg 768w, https:\/\/janze-athletisme.fr\/wordpress\/wp-content\/uploads\/2024\/10\/Pauline-29sept2024.jpg 1201w\" sizes=\"auto, (max-width: 209px) 100vw, 209px\" \/> <\/a><a href=\"https:\/\/janze-athletisme.fr\/wordpress\/wp-content\/uploads\/2024\/10\/Lenaig-29sept2024.jpg\"><img loading=\"lazy\" decoding=\"async\" class=\"alignnone wp-image-20942\" src=\"https:\/\/janze-athletisme.fr\/wordpress\/wp-content\/uploads\/2024\/10\/Lenaig-29sept2024-300x300.jpg\" alt=\"\" width=\"212\" height=\"212\" srcset=\"https:\/\/janze-athletisme.fr\/wordpress\/wp-content\/uploads\/2024\/10\/Lenaig-29sept2024-300x300.jpg 300w, https:\/\/janze-athletisme.fr\/wordpress\/wp-content\/uploads\/2024\/10\/Lenaig-29sept2024-1024x1024.jpg 1024w, https:\/\/janze-athletisme.fr\/wordpress\/wp-content\/uploads\/2024\/10\/Lenaig-29sept2024-150x150.jpg 150w, https:\/\/janze-athletisme.fr\/wordpress\/wp-content\/uploads\/2024\/10\/Lenaig-29sept2024-768x767.jpg 768w, https:\/\/janze-athletisme.fr\/wordpress\/wp-content\/uploads\/2024\/10\/Lenaig-29sept2024.jpg 1201w\" sizes=\"auto, (max-width: 212px) 100vw, 212px\" \/><\/a> <a href=\"https:\/\/janze-athletisme.fr\/wordpress\/wp-content\/uploads\/2024\/10\/Lucie-29sept2024-3-1.jpg\"><img loading=\"lazy\" decoding=\"async\" class=\"alignnone wp-image-20943\" src=\"https:\/\/janze-athletisme.fr\/wordpress\/wp-content\/uploads\/2024\/10\/Lucie-29sept2024-3-1-300x300.jpg\" alt=\"\" width=\"211\" height=\"211\" srcset=\"https:\/\/janze-athletisme.fr\/wordpress\/wp-content\/uploads\/2024\/10\/Lucie-29sept2024-3-1-300x300.jpg 300w, https:\/\/janze-athletisme.fr\/wordpress\/wp-content\/uploads\/2024\/10\/Lucie-29sept2024-3-1-1024x1024.jpg 1024w, https:\/\/janze-athletisme.fr\/wordpress\/wp-content\/uploads\/2024\/10\/Lucie-29sept2024-3-1-150x150.jpg 150w, https:\/\/janze-athletisme.fr\/wordpress\/wp-content\/uploads\/2024\/10\/Lucie-29sept2024-3-1-768x769.jpg 768w, https:\/\/janze-athletisme.fr\/wordpress\/wp-content\/uploads\/2024\/10\/Lucie-29sept2024-3-1.jpg 1500w\" sizes=\"auto, (max-width: 211px) 100vw, 211px\" \/><\/a><\/p>\n<p><a href=\"https:\/\/janze-athletisme.fr\/wordpress\/wp-content\/uploads\/2024\/10\/Nais-200m-29sept2024.jpg\"><img loading=\"lazy\" decoding=\"async\" class=\"alignnone wp-image-20944\" src=\"https:\/\/janze-athletisme.fr\/wordpress\/wp-content\/uploads\/2024\/10\/Nais-200m-29sept2024-300x300.jpg\" alt=\"\" width=\"209\" height=\"209\" srcset=\"https:\/\/janze-athletisme.fr\/wordpress\/wp-content\/uploads\/2024\/10\/Nais-200m-29sept2024-300x300.jpg 300w, https:\/\/janze-athletisme.fr\/wordpress\/wp-content\/uploads\/2024\/10\/Nais-200m-29sept2024-1024x1024.jpg 1024w, https:\/\/janze-athletisme.fr\/wordpress\/wp-content\/uploads\/2024\/10\/Nais-200m-29sept2024-150x150.jpg 150w, https:\/\/janze-athletisme.fr\/wordpress\/wp-content\/uploads\/2024\/10\/Nais-200m-29sept2024-768x769.jpg 768w, https:\/\/janze-athletisme.fr\/wordpress\/wp-content\/uploads\/2024\/10\/Nais-200m-29sept2024.jpg 1200w\" sizes=\"auto, (max-width: 209px) 100vw, 209px\" \/><\/a> <a href=\"https:\/\/janze-athletisme.fr\/wordpress\/wp-content\/uploads\/2024\/10\/Augustin-29sept2024.jpg\"><img loading=\"lazy\" decoding=\"async\" class=\"alignnone wp-image-20945\" src=\"https:\/\/janze-athletisme.fr\/wordpress\/wp-content\/uploads\/2024\/10\/Augustin-29sept2024-200x300.jpg\" alt=\"\" width=\"140\" height=\"210\" srcset=\"https:\/\/janze-athletisme.fr\/wordpress\/wp-content\/uploads\/2024\/10\/Augustin-29sept2024-200x300.jpg 200w, https:\/\/janze-athletisme.fr\/wordpress\/wp-content\/uploads\/2024\/10\/Augustin-29sept2024-681x1024.jpg 681w, https:\/\/janze-athletisme.fr\/wordpress\/wp-content\/uploads\/2024\/10\/Augustin-29sept2024-768x1154.jpg 768w, https:\/\/janze-athletisme.fr\/wordpress\/wp-content\/uploads\/2024\/10\/Augustin-29sept2024.jpg 1000w\" sizes=\"auto, (max-width: 140px) 100vw, 140px\" \/> <\/a><a href=\"https:\/\/janze-athletisme.fr\/wordpress\/wp-content\/uploads\/2024\/10\/Lea-29sept2024-3.jpg\"><img loading=\"lazy\" decoding=\"async\" class=\"alignnone wp-image-20946\" src=\"https:\/\/janze-athletisme.fr\/wordpress\/wp-content\/uploads\/2024\/10\/Lea-29sept2024-3-300x300.jpg\" alt=\"\" width=\"212\" height=\"212\" srcset=\"https:\/\/janze-athletisme.fr\/wordpress\/wp-content\/uploads\/2024\/10\/Lea-29sept2024-3-300x300.jpg 300w, https:\/\/janze-athletisme.fr\/wordpress\/wp-content\/uploads\/2024\/10\/Lea-29sept2024-3-1024x1024.jpg 1024w, https:\/\/janze-athletisme.fr\/wordpress\/wp-content\/uploads\/2024\/10\/Lea-29sept2024-3-150x150.jpg 150w, https:\/\/janze-athletisme.fr\/wordpress\/wp-content\/uploads\/2024\/10\/Lea-29sept2024-3-768x768.jpg 768w, https:\/\/janze-athletisme.fr\/wordpress\/wp-content\/uploads\/2024\/10\/Lea-29sept2024-3.jpg 1200w\" sizes=\"auto, (max-width: 212px) 100vw, 212px\" \/> <\/a><a href=\"https:\/\/janze-athletisme.fr\/wordpress\/wp-content\/uploads\/2024\/10\/Sharleen-29sept2024.jpg\"><img loading=\"lazy\" decoding=\"async\" class=\"alignnone wp-image-20947\" src=\"https:\/\/janze-athletisme.fr\/wordpress\/wp-content\/uploads\/2024\/10\/Sharleen-29sept2024-300x300.jpg\" alt=\"\" width=\"212\" height=\"212\" srcset=\"https:\/\/janze-athletisme.fr\/wordpress\/wp-content\/uploads\/2024\/10\/Sharleen-29sept2024-300x300.jpg 300w, https:\/\/janze-athletisme.fr\/wordpress\/wp-content\/uploads\/2024\/10\/Sharleen-29sept2024-1024x1024.jpg 1024w, https:\/\/janze-athletisme.fr\/wordpress\/wp-content\/uploads\/2024\/10\/Sharleen-29sept2024-150x150.jpg 150w, https:\/\/janze-athletisme.fr\/wordpress\/wp-content\/uploads\/2024\/10\/Sharleen-29sept2024-768x768.jpg 768w, https:\/\/janze-athletisme.fr\/wordpress\/wp-content\/uploads\/2024\/10\/Sharleen-29sept2024.jpg 1200w\" sizes=\"auto, (max-width: 212px) 100vw, 212px\" \/><\/a><\/p>\n<p><a href=\"https:\/\/janze-athletisme.fr\/wordpress\/wp-content\/uploads\/2024\/10\/Leo-29sept2024.jpg\"><img loading=\"lazy\" decoding=\"async\" class=\"alignnone wp-image-20948\" src=\"https:\/\/janze-athletisme.fr\/wordpress\/wp-content\/uploads\/2024\/10\/Leo-29sept2024-300x300.jpg\" alt=\"\" width=\"193\" height=\"193\" srcset=\"https:\/\/janze-athletisme.fr\/wordpress\/wp-content\/uploads\/2024\/10\/Leo-29sept2024-300x300.jpg 300w, https:\/\/janze-athletisme.fr\/wordpress\/wp-content\/uploads\/2024\/10\/Leo-29sept2024-1024x1024.jpg 1024w, https:\/\/janze-athletisme.fr\/wordpress\/wp-content\/uploads\/2024\/10\/Leo-29sept2024-150x150.jpg 150w, https:\/\/janze-athletisme.fr\/wordpress\/wp-content\/uploads\/2024\/10\/Leo-29sept2024-768x767.jpg 768w, https:\/\/janze-athletisme.fr\/wordpress\/wp-content\/uploads\/2024\/10\/Leo-29sept2024.jpg 1501w\" sizes=\"auto, (max-width: 193px) 100vw, 193px\" \/><\/a> <a href=\"https:\/\/janze-athletisme.fr\/wordpress\/wp-content\/uploads\/2024\/10\/Thibault-29sept2024-2.jpg\"><img loading=\"lazy\" decoding=\"async\" class=\"alignnone wp-image-20949\" src=\"https:\/\/janze-athletisme.fr\/wordpress\/wp-content\/uploads\/2024\/10\/Thibault-29sept2024-2-300x300.jpg\" alt=\"\" width=\"194\" height=\"194\" srcset=\"https:\/\/janze-athletisme.fr\/wordpress\/wp-content\/uploads\/2024\/10\/Thibault-29sept2024-2-300x300.jpg 300w, https:\/\/janze-athletisme.fr\/wordpress\/wp-content\/uploads\/2024\/10\/Thibault-29sept2024-2-1024x1024.jpg 1024w, https:\/\/janze-athletisme.fr\/wordpress\/wp-content\/uploads\/2024\/10\/Thibault-29sept2024-2-150x150.jpg 150w, https:\/\/janze-athletisme.fr\/wordpress\/wp-content\/uploads\/2024\/10\/Thibault-29sept2024-2-768x769.jpg 768w, https:\/\/janze-athletisme.fr\/wordpress\/wp-content\/uploads\/2024\/10\/Thibault-29sept2024-2.jpg 1200w\" sizes=\"auto, (max-width: 194px) 100vw, 194px\" \/><\/a><a href=\"https:\/\/janze-athletisme.fr\/wordpress\/wp-content\/uploads\/2024\/10\/Enzo-29sept2024-5.jpg\"> <img loading=\"lazy\" decoding=\"async\" class=\"alignnone wp-image-20950\" src=\"https:\/\/janze-athletisme.fr\/wordpress\/wp-content\/uploads\/2024\/10\/Enzo-29sept2024-5-300x300.jpg\" alt=\"\" width=\"194\" height=\"194\" srcset=\"https:\/\/janze-athletisme.fr\/wordpress\/wp-content\/uploads\/2024\/10\/Enzo-29sept2024-5-300x300.jpg 300w, https:\/\/janze-athletisme.fr\/wordpress\/wp-content\/uploads\/2024\/10\/Enzo-29sept2024-5-1024x1024.jpg 1024w, https:\/\/janze-athletisme.fr\/wordpress\/wp-content\/uploads\/2024\/10\/Enzo-29sept2024-5-150x150.jpg 150w, https:\/\/janze-athletisme.fr\/wordpress\/wp-content\/uploads\/2024\/10\/Enzo-29sept2024-5-768x767.jpg 768w, https:\/\/janze-athletisme.fr\/wordpress\/wp-content\/uploads\/2024\/10\/Enzo-29sept2024-5.jpg 1501w\" sizes=\"auto, (max-width: 194px) 100vw, 194px\" \/> <\/a><a href=\"https:\/\/janze-athletisme.fr\/wordpress\/wp-content\/uploads\/2024\/10\/Adele-L-29sept2024.jpg\"><img loading=\"lazy\" decoding=\"async\" class=\"alignnone wp-image-20951\" src=\"https:\/\/janze-athletisme.fr\/wordpress\/wp-content\/uploads\/2024\/10\/Adele-L-29sept2024-300x300.jpg\" alt=\"\" width=\"195\" height=\"195\" srcset=\"https:\/\/janze-athletisme.fr\/wordpress\/wp-content\/uploads\/2024\/10\/Adele-L-29sept2024-300x300.jpg 300w, https:\/\/janze-athletisme.fr\/wordpress\/wp-content\/uploads\/2024\/10\/Adele-L-29sept2024-1024x1024.jpg 1024w, https:\/\/janze-athletisme.fr\/wordpress\/wp-content\/uploads\/2024\/10\/Adele-L-29sept2024-150x150.jpg 150w, https:\/\/janze-athletisme.fr\/wordpress\/wp-content\/uploads\/2024\/10\/Adele-L-29sept2024-768x769.jpg 768w, https:\/\/janze-athletisme.fr\/wordpress\/wp-content\/uploads\/2024\/10\/Adele-L-29sept2024.jpg 1200w\" sizes=\"auto, (max-width: 195px) 100vw, 195px\" \/><\/a><\/p>\n<p><a href=\"https:\/\/janze-athletisme.fr\/wordpress\/wp-content\/uploads\/2024\/10\/Ewen-29sept2024.jpg\"><img loading=\"lazy\" decoding=\"async\" class=\"alignnone wp-image-20952\" src=\"https:\/\/janze-athletisme.fr\/wordpress\/wp-content\/uploads\/2024\/10\/Ewen-29sept2024-202x300.jpg\" alt=\"\" width=\"144\" height=\"214\" srcset=\"https:\/\/janze-athletisme.fr\/wordpress\/wp-content\/uploads\/2024\/10\/Ewen-29sept2024-202x300.jpg 202w, https:\/\/janze-athletisme.fr\/wordpress\/wp-content\/uploads\/2024\/10\/Ewen-29sept2024-688x1024.jpg 688w, https:\/\/janze-athletisme.fr\/wordpress\/wp-content\/uploads\/2024\/10\/Ewen-29sept2024-768x1143.jpg 768w, https:\/\/janze-athletisme.fr\/wordpress\/wp-content\/uploads\/2024\/10\/Ewen-29sept2024.jpg 1000w\" sizes=\"auto, (max-width: 144px) 100vw, 144px\" \/> <\/a><a href=\"https:\/\/janze-athletisme.fr\/wordpress\/wp-content\/uploads\/2024\/10\/Lais-29sept2024-11.jpg\"><img loading=\"lazy\" decoding=\"async\" class=\"alignnone wp-image-20954\" src=\"https:\/\/janze-athletisme.fr\/wordpress\/wp-content\/uploads\/2024\/10\/Lais-29sept2024-11-300x300.jpg\" alt=\"\" width=\"214\" height=\"214\" srcset=\"https:\/\/janze-athletisme.fr\/wordpress\/wp-content\/uploads\/2024\/10\/Lais-29sept2024-11-300x300.jpg 300w, https:\/\/janze-athletisme.fr\/wordpress\/wp-content\/uploads\/2024\/10\/Lais-29sept2024-11-1024x1024.jpg 1024w, https:\/\/janze-athletisme.fr\/wordpress\/wp-content\/uploads\/2024\/10\/Lais-29sept2024-11-150x150.jpg 150w, https:\/\/janze-athletisme.fr\/wordpress\/wp-content\/uploads\/2024\/10\/Lais-29sept2024-11-768x768.jpg 768w, https:\/\/janze-athletisme.fr\/wordpress\/wp-content\/uploads\/2024\/10\/Lais-29sept2024-11.jpg 1500w\" sizes=\"auto, (max-width: 214px) 100vw, 214px\" \/><\/a><a href=\"https:\/\/janze-athletisme.fr\/wordpress\/wp-content\/uploads\/2024\/10\/Bertille-29sept2024-3.jpg\"> <img loading=\"lazy\" decoding=\"async\" class=\"alignnone wp-image-20955\" src=\"https:\/\/janze-athletisme.fr\/wordpress\/wp-content\/uploads\/2024\/10\/Bertille-29sept2024-3-200x300.jpg\" alt=\"\" width=\"142\" height=\"213\" srcset=\"https:\/\/janze-athletisme.fr\/wordpress\/wp-content\/uploads\/2024\/10\/Bertille-29sept2024-3-200x300.jpg 200w, https:\/\/janze-athletisme.fr\/wordpress\/wp-content\/uploads\/2024\/10\/Bertille-29sept2024-3-682x1024.jpg 682w, https:\/\/janze-athletisme.fr\/wordpress\/wp-content\/uploads\/2024\/10\/Bertille-29sept2024-3-768x1153.jpg 768w, https:\/\/janze-athletisme.fr\/wordpress\/wp-content\/uploads\/2024\/10\/Bertille-29sept2024-3.jpg 1000w\" sizes=\"auto, (max-width: 142px) 100vw, 142px\" \/><\/a><a href=\"https:\/\/janze-athletisme.fr\/wordpress\/wp-content\/uploads\/2024\/10\/Elsa-29sept2024-3.jpg\"> <img loading=\"lazy\" decoding=\"async\" class=\"alignnone wp-image-20956\" src=\"https:\/\/janze-athletisme.fr\/wordpress\/wp-content\/uploads\/2024\/10\/Elsa-29sept2024-3-300x199.jpg\" alt=\"\" width=\"289\" height=\"192\" srcset=\"https:\/\/janze-athletisme.fr\/wordpress\/wp-content\/uploads\/2024\/10\/Elsa-29sept2024-3-300x199.jpg 300w, https:\/\/janze-athletisme.fr\/wordpress\/wp-content\/uploads\/2024\/10\/Elsa-29sept2024-3-1024x679.jpg 1024w, https:\/\/janze-athletisme.fr\/wordpress\/wp-content\/uploads\/2024\/10\/Elsa-29sept2024-3-768x510.jpg 768w, https:\/\/janze-athletisme.fr\/wordpress\/wp-content\/uploads\/2024\/10\/Elsa-29sept2024-3.jpg 1507w\" sizes=\"auto, (max-width: 289px) 100vw, 289px\" \/><\/a><\/p>\n<p><a href=\"https:\/\/janze-athletisme.fr\/wordpress\/wp-content\/uploads\/2024\/10\/Esteban-29sept2024-2.jpg\"><img loading=\"lazy\" decoding=\"async\" class=\"alignnone wp-image-20957\" src=\"https:\/\/janze-athletisme.fr\/wordpress\/wp-content\/uploads\/2024\/10\/Esteban-29sept2024-2-201x300.jpg\" alt=\"\" width=\"157\" height=\"234\" srcset=\"https:\/\/janze-athletisme.fr\/wordpress\/wp-content\/uploads\/2024\/10\/Esteban-29sept2024-2-201x300.jpg 201w, https:\/\/janze-athletisme.fr\/wordpress\/wp-content\/uploads\/2024\/10\/Esteban-29sept2024-2-688x1024.jpg 688w, https:\/\/janze-athletisme.fr\/wordpress\/wp-content\/uploads\/2024\/10\/Esteban-29sept2024-2-768x1144.jpg 768w, https:\/\/janze-athletisme.fr\/wordpress\/wp-content\/uploads\/2024\/10\/Esteban-29sept2024-2.jpg 1000w\" sizes=\"auto, (max-width: 157px) 100vw, 157px\" \/><\/a><a href=\"https:\/\/janze-athletisme.fr\/wordpress\/wp-content\/uploads\/2024\/10\/Raphael-29sept2024-6.jpg\"> <img loading=\"lazy\" decoding=\"async\" class=\"alignnone wp-image-20958\" src=\"https:\/\/janze-athletisme.fr\/wordpress\/wp-content\/uploads\/2024\/10\/Raphael-29sept2024-6-300x300.jpg\" alt=\"\" width=\"233\" height=\"233\" srcset=\"https:\/\/janze-athletisme.fr\/wordpress\/wp-content\/uploads\/2024\/10\/Raphael-29sept2024-6-300x300.jpg 300w, https:\/\/janze-athletisme.fr\/wordpress\/wp-content\/uploads\/2024\/10\/Raphael-29sept2024-6-1024x1024.jpg 1024w, https:\/\/janze-athletisme.fr\/wordpress\/wp-content\/uploads\/2024\/10\/Raphael-29sept2024-6-150x150.jpg 150w, https:\/\/janze-athletisme.fr\/wordpress\/wp-content\/uploads\/2024\/10\/Raphael-29sept2024-6-768x767.jpg 768w, https:\/\/janze-athletisme.fr\/wordpress\/wp-content\/uploads\/2024\/10\/Raphael-29sept2024-6.jpg 1201w\" sizes=\"auto, (max-width: 233px) 100vw, 233px\" \/><\/a> <a href=\"https:\/\/janze-athletisme.fr\/wordpress\/wp-content\/uploads\/2024\/10\/Manon-29sept2024-4.jpg\"><img loading=\"lazy\" decoding=\"async\" class=\"alignnone wp-image-20959\" src=\"https:\/\/janze-athletisme.fr\/wordpress\/wp-content\/uploads\/2024\/10\/Manon-29sept2024-4-200x300.jpg\" alt=\"\" width=\"157\" height=\"236\" srcset=\"https:\/\/janze-athletisme.fr\/wordpress\/wp-content\/uploads\/2024\/10\/Manon-29sept2024-4-200x300.jpg 200w, https:\/\/janze-athletisme.fr\/wordpress\/wp-content\/uploads\/2024\/10\/Manon-29sept2024-4-681x1024.jpg 681w, https:\/\/janze-athletisme.fr\/wordpress\/wp-content\/uploads\/2024\/10\/Manon-29sept2024-4-768x1154.jpg 768w, https:\/\/janze-athletisme.fr\/wordpress\/wp-content\/uploads\/2024\/10\/Manon-29sept2024-4.jpg 1000w\" sizes=\"auto, (max-width: 157px) 100vw, 157px\" \/> <\/a><a href=\"https:\/\/janze-athletisme.fr\/wordpress\/wp-content\/uploads\/2024\/10\/Pauline-Maelys-29sept2024-2.jpg\"><img loading=\"lazy\" decoding=\"async\" class=\"alignnone wp-image-20960\" src=\"https:\/\/janze-athletisme.fr\/wordpress\/wp-content\/uploads\/2024\/10\/Pauline-Maelys-29sept2024-2-300x300.jpg\" alt=\"\" width=\"237\" height=\"237\" srcset=\"https:\/\/janze-athletisme.fr\/wordpress\/wp-content\/uploads\/2024\/10\/Pauline-Maelys-29sept2024-2-300x300.jpg 300w, https:\/\/janze-athletisme.fr\/wordpress\/wp-content\/uploads\/2024\/10\/Pauline-Maelys-29sept2024-2-1024x1024.jpg 1024w, https:\/\/janze-athletisme.fr\/wordpress\/wp-content\/uploads\/2024\/10\/Pauline-Maelys-29sept2024-2-150x150.jpg 150w, https:\/\/janze-athletisme.fr\/wordpress\/wp-content\/uploads\/2024\/10\/Pauline-Maelys-29sept2024-2-768x768.jpg 768w, https:\/\/janze-athletisme.fr\/wordpress\/wp-content\/uploads\/2024\/10\/Pauline-Maelys-29sept2024-2.jpg 1200w\" sizes=\"auto, (max-width: 237px) 100vw, 237px\" \/><\/a><\/p>\n<p><em><span style=\"font-size: 10pt;\">De haut en bas et de gauche \u00e0 droite : Jules, Elouan (Janz\u00e9), Sterenn, B\u00e9renger (x2), Bertille, Ma\u00eblys, Henri, Anna, Manon (Cesson), Kinnie, Camille, Sterenn, Faustine &amp; Cl\u00e9mence, Marie &amp; Dad, Elouan (Cesson), Ma\u00eblys, Jeanne, Pauline, Lena\u00efg, Lucie, Na\u00efs, Augustin, L\u00e9a, Sharleen, L\u00e9o, Thibault, Enzo, Ad\u00e8le, Julian, La\u00efs, Bertille, Elsa, Esteban, Rapha\u00ebl, Manon (Janz\u00e9), Ma\u00eblys &amp; Pauline.<\/span> <\/em><\/p>\n","protected":false},"excerpt":{"rendered":"<p>\u00a0 De haut en bas et de gauche \u00e0 droite : Jules, Elouan (Janz\u00e9), Sterenn, B\u00e9renger (x2), Bertille, Ma\u00eblys, Henri, Anna, Manon (Cesson), Kinnie, Camille, Sterenn, Faustine &amp; Cl\u00e9mence, Marie &amp; Dad, Elouan (Cesson), Ma\u00eblys, Jeanne, Pauline, Lena\u00efg, Lucie, Na\u00efs, Augustin, L\u00e9a, Sharleen, L\u00e9o, Thibault, Enzo, Ad\u00e8le, Julian, La\u00efs, Bertille, Elsa, Esteban, Rapha\u00ebl, Manon (Janz\u00e9), [&hellip;]<\/p>\n","protected":false},"author":12,"featured_media":20935,"comment_status":"open","ping_status":"open","sticky":false,"template":"","format":"aside","meta":{"_uag_custom_page_level_css":"","site-sidebar-layout":"default","site-content-layout":"","ast-site-content-layout":"default","site-content-style":"default","site-sidebar-style":"default","ast-global-header-display":"","ast-banner-title-visibility":"","ast-main-header-display":"","ast-hfb-above-header-display":"","ast-hfb-below-header-display":"","ast-hfb-mobile-header-display":"","site-post-title":"","ast-breadcrumbs-content":"","ast-featured-img":"","footer-sml-layout":"","ast-disable-related-posts":"","theme-transparent-header-meta":"default","adv-header-id-meta":"","stick-header-meta":"","header-above-stick-meta":"","header-main-stick-meta":"","header-below-stick-meta":"","astra-migrate-meta-layouts":"set","ast-page-background-enabled":"default","ast-page-background-meta":{"desktop":{"background-color":"var(--ast-global-color-4)","background-image":"","background-repeat":"repeat","background-position":"center center","background-size":"auto","background-attachment":"scroll","background-type":"","background-media":"","overlay-type":"","overlay-color":"","overlay-opacity":"","overlay-gradient":""},"tablet":{"background-color":"","background-image":"","background-repeat":"repeat","background-position":"center center","background-size":"auto","background-attachment":"scroll","background-type":"","background-media":"","overlay-type":"","overlay-color":"","overlay-opacity":"","overlay-gradient":""},"mobile":{"background-color":"","background-image":"","background-repeat":"repeat","background-position":"center center","background-size":"auto","background-attachment":"scroll","background-type":"","background-media":"","overlay-type":"","overlay-color":"","overlay-opacity":"","overlay-gradient":""}},"ast-content-background-meta":{"desktop":{"background-color":"var(--ast-global-color-5)","background-image":"","background-repeat":"repeat","background-position":"center center","background-size":"auto","background-attachment":"scroll","background-type":"","background-media":"","overlay-type":"","overlay-color":"","overlay-opacity":"","overlay-gradient":""},"tablet":{"background-color":"var(--ast-global-color-5)","background-image":"","background-repeat":"repeat","background-position":"center center","background-size":"auto","background-attachment":"scroll","background-type":"","background-media":"","overlay-type":"","overlay-color":"","overlay-opacity":"","overlay-gradient":""},"mobile":{"background-color":"var(--ast-global-color-5)","background-image":"","background-repeat":"repeat","background-position":"center center","background-size":"auto","background-attachment":"scroll","background-type":"","background-media":"","overlay-type":"","overlay-color":"","overlay-opacity":"","overlay-gradient":""}},"footnotes":""},"categories":[6],"tags":[],"class_list":["post-20921","post","type-post","status-publish","format-aside","has-post-thumbnail","hentry","category-sections","post_format-post-format-aside"],"yoast_head":"<!-- This site is optimized with the Yoast SEO plugin v27.5 - https:\/\/yoast.com\/product\/yoast-seo-wordpress\/ -->\n<title>Interclubs Avenir : quelques photos - Janz\u00e9 Athl\u00e9tisme<\/title>\n<meta name=\"robots\" content=\"index, follow, max-snippet:-1, max-image-preview:large, max-video-preview:-1\" \/>\n<link rel=\"canonical\" href=\"https:\/\/janze-athletisme.fr\/wordpress\/interclubs-avenir-quelques-photos\/\" \/>\n<meta property=\"og:locale\" content=\"fr_FR\" \/>\n<meta property=\"og:type\" content=\"article\" \/>\n<meta property=\"og:title\" content=\"Interclubs Avenir : quelques photos - Janz\u00e9 Athl\u00e9tisme\" \/>\n<meta property=\"og:description\" content=\"\u00a0 De haut en bas et de gauche \u00e0 droite : Jules, Elouan (Janz\u00e9), Sterenn, B\u00e9renger (x2), Bertille, Ma\u00eblys, Henri, Anna, Manon (Cesson), Kinnie, Camille, Sterenn, Faustine &amp; Cl\u00e9mence, Marie &amp; Dad, Elouan (Cesson), Ma\u00eblys, Jeanne, Pauline, Lena\u00efg, Lucie, Na\u00efs, Augustin, L\u00e9a, Sharleen, L\u00e9o, Thibault, Enzo, Ad\u00e8le, Julian, La\u00efs, Bertille, Elsa, Esteban, Rapha\u00ebl, Manon (Janz\u00e9), [&hellip;]\" \/>\n<meta property=\"og:url\" content=\"https:\/\/janze-athletisme.fr\/wordpress\/interclubs-avenir-quelques-photos\/\" \/>\n<meta property=\"og:site_name\" content=\"Janz\u00e9 Athl\u00e9tisme\" \/>\n<meta property=\"article:publisher\" content=\"https:\/\/www.facebook.com\/groups\/1007964579346590\" \/>\n<meta property=\"article:published_time\" content=\"2024-10-01T13:13:19+00:00\" \/>\n<meta property=\"article:modified_time\" content=\"2024-10-01T13:22:34+00:00\" \/>\n<meta property=\"og:image\" content=\"https:\/\/janze-athletisme.fr\/wordpress\/wp-content\/uploads\/2024\/10\/Faustine-Clemence-29sept2024.jpg\" \/>\n\t<meta property=\"og:image:width\" content=\"1200\" \/>\n\t<meta property=\"og:image:height\" content=\"1202\" \/>\n\t<meta property=\"og:image:type\" content=\"image\/jpeg\" \/>\n<meta name=\"author\" content=\"Laurent Meunier\" \/>\n<meta name=\"twitter:card\" content=\"summary_large_image\" \/>\n<meta name=\"twitter:label1\" content=\"\u00c9crit par\" \/>\n\t<meta name=\"twitter:data1\" content=\"Laurent Meunier\" \/>\n\t<meta name=\"twitter:label2\" content=\"Dur\u00e9e de lecture estim\u00e9e\" \/>\n\t<meta name=\"twitter:data2\" content=\"8 minutes\" \/>\n<script type=\"application\/ld+json\" class=\"yoast-schema-graph\">{\"@context\":\"https:\\\/\\\/schema.org\",\"@graph\":[{\"@type\":\"Article\",\"@id\":\"https:\\\/\\\/janze-athletisme.fr\\\/wordpress\\\/interclubs-avenir-quelques-photos\\\/#article\",\"isPartOf\":{\"@id\":\"https:\\\/\\\/janze-athletisme.fr\\\/wordpress\\\/interclubs-avenir-quelques-photos\\\/\"},\"author\":{\"name\":\"Laurent Meunier\",\"@id\":\"https:\\\/\\\/janze-athletisme.fr\\\/wordpress\\\/#\\\/schema\\\/person\\\/c7b063dcfa6234c041d4d9b26cc2ea03\"},\"headline\":\"Interclubs Avenir : quelques photos\",\"datePublished\":\"2024-10-01T13:13:19+00:00\",\"dateModified\":\"2024-10-01T13:22:34+00:00\",\"mainEntityOfPage\":{\"@id\":\"https:\\\/\\\/janze-athletisme.fr\\\/wordpress\\\/interclubs-avenir-quelques-photos\\\/\"},\"wordCount\":71,\"commentCount\":0,\"publisher\":{\"@id\":\"https:\\\/\\\/janze-athletisme.fr\\\/wordpress\\\/#organization\"},\"image\":{\"@id\":\"https:\\\/\\\/janze-athletisme.fr\\\/wordpress\\\/interclubs-avenir-quelques-photos\\\/#primaryimage\"},\"thumbnailUrl\":\"https:\\\/\\\/janze-athletisme.fr\\\/wordpress\\\/wp-content\\\/uploads\\\/2024\\\/10\\\/Faustine-Clemence-29sept2024.jpg\",\"articleSection\":[\"Le club au jour le jour\"],\"inLanguage\":\"fr-FR\",\"potentialAction\":[{\"@type\":\"CommentAction\",\"name\":\"Comment\",\"target\":[\"https:\\\/\\\/janze-athletisme.fr\\\/wordpress\\\/interclubs-avenir-quelques-photos\\\/#respond\"]}]},{\"@type\":\"WebPage\",\"@id\":\"https:\\\/\\\/janze-athletisme.fr\\\/wordpress\\\/interclubs-avenir-quelques-photos\\\/\",\"url\":\"https:\\\/\\\/janze-athletisme.fr\\\/wordpress\\\/interclubs-avenir-quelques-photos\\\/\",\"name\":\"Interclubs Avenir : quelques photos - Janz\u00e9 Athl\u00e9tisme\",\"isPartOf\":{\"@id\":\"https:\\\/\\\/janze-athletisme.fr\\\/wordpress\\\/#website\"},\"primaryImageOfPage\":{\"@id\":\"https:\\\/\\\/janze-athletisme.fr\\\/wordpress\\\/interclubs-avenir-quelques-photos\\\/#primaryimage\"},\"image\":{\"@id\":\"https:\\\/\\\/janze-athletisme.fr\\\/wordpress\\\/interclubs-avenir-quelques-photos\\\/#primaryimage\"},\"thumbnailUrl\":\"https:\\\/\\\/janze-athletisme.fr\\\/wordpress\\\/wp-content\\\/uploads\\\/2024\\\/10\\\/Faustine-Clemence-29sept2024.jpg\",\"datePublished\":\"2024-10-01T13:13:19+00:00\",\"dateModified\":\"2024-10-01T13:22:34+00:00\",\"breadcrumb\":{\"@id\":\"https:\\\/\\\/janze-athletisme.fr\\\/wordpress\\\/interclubs-avenir-quelques-photos\\\/#breadcrumb\"},\"inLanguage\":\"fr-FR\",\"potentialAction\":[{\"@type\":\"ReadAction\",\"target\":[\"https:\\\/\\\/janze-athletisme.fr\\\/wordpress\\\/interclubs-avenir-quelques-photos\\\/\"]}]},{\"@type\":\"ImageObject\",\"inLanguage\":\"fr-FR\",\"@id\":\"https:\\\/\\\/janze-athletisme.fr\\\/wordpress\\\/interclubs-avenir-quelques-photos\\\/#primaryimage\",\"url\":\"https:\\\/\\\/janze-athletisme.fr\\\/wordpress\\\/wp-content\\\/uploads\\\/2024\\\/10\\\/Faustine-Clemence-29sept2024.jpg\",\"contentUrl\":\"https:\\\/\\\/janze-athletisme.fr\\\/wordpress\\\/wp-content\\\/uploads\\\/2024\\\/10\\\/Faustine-Clemence-29sept2024.jpg\",\"width\":1200,\"height\":1202},{\"@type\":\"BreadcrumbList\",\"@id\":\"https:\\\/\\\/janze-athletisme.fr\\\/wordpress\\\/interclubs-avenir-quelques-photos\\\/#breadcrumb\",\"itemListElement\":[{\"@type\":\"ListItem\",\"position\":1,\"name\":\"Accueil\",\"item\":\"https:\\\/\\\/janze-athletisme.fr\\\/wordpress\\\/\"},{\"@type\":\"ListItem\",\"position\":2,\"name\":\"Interclubs Avenir : quelques photos\"}]},{\"@type\":\"WebSite\",\"@id\":\"https:\\\/\\\/janze-athletisme.fr\\\/wordpress\\\/#website\",\"url\":\"https:\\\/\\\/janze-athletisme.fr\\\/wordpress\\\/\",\"name\":\"Janz\u00e9 Athl\u00e9tisme\",\"description\":\"Pays de La Roche aux F\u00e9es\",\"publisher\":{\"@id\":\"https:\\\/\\\/janze-athletisme.fr\\\/wordpress\\\/#organization\"},\"potentialAction\":[{\"@type\":\"SearchAction\",\"target\":{\"@type\":\"EntryPoint\",\"urlTemplate\":\"https:\\\/\\\/janze-athletisme.fr\\\/wordpress\\\/?s={search_term_string}\"},\"query-input\":{\"@type\":\"PropertyValueSpecification\",\"valueRequired\":true,\"valueName\":\"search_term_string\"}}],\"inLanguage\":\"fr-FR\"},{\"@type\":\"Organization\",\"@id\":\"https:\\\/\\\/janze-athletisme.fr\\\/wordpress\\\/#organization\",\"name\":\"Janz\u00e9 Athl\u00e9tisme\",\"url\":\"https:\\\/\\\/janze-athletisme.fr\\\/wordpress\\\/\",\"logo\":{\"@type\":\"ImageObject\",\"inLanguage\":\"fr-FR\",\"@id\":\"https:\\\/\\\/janze-athletisme.fr\\\/wordpress\\\/#\\\/schema\\\/logo\\\/image\\\/\",\"url\":\"https:\\\/\\\/janze-athletisme.fr\\\/wordpress\\\/wp-content\\\/uploads\\\/2015\\\/03\\\/logo-full1.jpg\",\"contentUrl\":\"https:\\\/\\\/janze-athletisme.fr\\\/wordpress\\\/wp-content\\\/uploads\\\/2015\\\/03\\\/logo-full1.jpg\",\"width\":437,\"height\":205,\"caption\":\"Janz\u00e9 Athl\u00e9tisme\"},\"image\":{\"@id\":\"https:\\\/\\\/janze-athletisme.fr\\\/wordpress\\\/#\\\/schema\\\/logo\\\/image\\\/\"},\"sameAs\":[\"https:\\\/\\\/www.facebook.com\\\/groups\\\/1007964579346590\"]},{\"@type\":\"Person\",\"@id\":\"https:\\\/\\\/janze-athletisme.fr\\\/wordpress\\\/#\\\/schema\\\/person\\\/c7b063dcfa6234c041d4d9b26cc2ea03\",\"name\":\"Laurent Meunier\",\"image\":{\"@type\":\"ImageObject\",\"inLanguage\":\"fr-FR\",\"@id\":\"https:\\\/\\\/secure.gravatar.com\\\/avatar\\\/dd25d581ad7c3349090f2fa6a9adb6bfa287e6a5dd8a5216a092727cd8749034?s=96&d=mm&r=g\",\"url\":\"https:\\\/\\\/secure.gravatar.com\\\/avatar\\\/dd25d581ad7c3349090f2fa6a9adb6bfa287e6a5dd8a5216a092727cd8749034?s=96&d=mm&r=g\",\"contentUrl\":\"https:\\\/\\\/secure.gravatar.com\\\/avatar\\\/dd25d581ad7c3349090f2fa6a9adb6bfa287e6a5dd8a5216a092727cd8749034?s=96&d=mm&r=g\",\"caption\":\"Laurent Meunier\"},\"url\":\"https:\\\/\\\/janze-athletisme.fr\\\/wordpress\\\/author\\\/laurent-meunier35\\\/\"}]}<\/script>\n<!-- \/ Yoast SEO plugin. -->","yoast_head_json":{"title":"Interclubs Avenir : quelques photos - Janz\u00e9 Athl\u00e9tisme","robots":{"index":"index","follow":"follow","max-snippet":"max-snippet:-1","max-image-preview":"max-image-preview:large","max-video-preview":"max-video-preview:-1"},"canonical":"https:\/\/janze-athletisme.fr\/wordpress\/interclubs-avenir-quelques-photos\/","og_locale":"fr_FR","og_type":"article","og_title":"Interclubs Avenir : quelques photos - Janz\u00e9 Athl\u00e9tisme","og_description":"\u00a0 De haut en bas et de gauche \u00e0 droite : Jules, Elouan (Janz\u00e9), Sterenn, B\u00e9renger (x2), Bertille, Ma\u00eblys, Henri, Anna, Manon (Cesson), Kinnie, Camille, Sterenn, Faustine &amp; Cl\u00e9mence, Marie &amp; Dad, Elouan (Cesson), Ma\u00eblys, Jeanne, Pauline, Lena\u00efg, Lucie, Na\u00efs, Augustin, L\u00e9a, Sharleen, L\u00e9o, Thibault, Enzo, Ad\u00e8le, Julian, La\u00efs, Bertille, Elsa, Esteban, Rapha\u00ebl, Manon (Janz\u00e9), [&hellip;]","og_url":"https:\/\/janze-athletisme.fr\/wordpress\/interclubs-avenir-quelques-photos\/","og_site_name":"Janz\u00e9 Athl\u00e9tisme","article_publisher":"https:\/\/www.facebook.com\/groups\/1007964579346590","article_published_time":"2024-10-01T13:13:19+00:00","article_modified_time":"2024-10-01T13:22:34+00:00","og_image":[{"width":1200,"height":1202,"url":"https:\/\/janze-athletisme.fr\/wordpress\/wp-content\/uploads\/2024\/10\/Faustine-Clemence-29sept2024.jpg","type":"image\/jpeg"}],"author":"Laurent Meunier","twitter_card":"summary_large_image","twitter_misc":{"\u00c9crit par":"Laurent Meunier","Dur\u00e9e de lecture estim\u00e9e":"8 minutes"},"schema":{"@context":"https:\/\/schema.org","@graph":[{"@type":"Article","@id":"https:\/\/janze-athletisme.fr\/wordpress\/interclubs-avenir-quelques-photos\/#article","isPartOf":{"@id":"https:\/\/janze-athletisme.fr\/wordpress\/interclubs-avenir-quelques-photos\/"},"author":{"name":"Laurent Meunier","@id":"https:\/\/janze-athletisme.fr\/wordpress\/#\/schema\/person\/c7b063dcfa6234c041d4d9b26cc2ea03"},"headline":"Interclubs Avenir : quelques photos","datePublished":"2024-10-01T13:13:19+00:00","dateModified":"2024-10-01T13:22:34+00:00","mainEntityOfPage":{"@id":"https:\/\/janze-athletisme.fr\/wordpress\/interclubs-avenir-quelques-photos\/"},"wordCount":71,"commentCount":0,"publisher":{"@id":"https:\/\/janze-athletisme.fr\/wordpress\/#organization"},"image":{"@id":"https:\/\/janze-athletisme.fr\/wordpress\/interclubs-avenir-quelques-photos\/#primaryimage"},"thumbnailUrl":"https:\/\/janze-athletisme.fr\/wordpress\/wp-content\/uploads\/2024\/10\/Faustine-Clemence-29sept2024.jpg","articleSection":["Le club au jour le jour"],"inLanguage":"fr-FR","potentialAction":[{"@type":"CommentAction","name":"Comment","target":["https:\/\/janze-athletisme.fr\/wordpress\/interclubs-avenir-quelques-photos\/#respond"]}]},{"@type":"WebPage","@id":"https:\/\/janze-athletisme.fr\/wordpress\/interclubs-avenir-quelques-photos\/","url":"https:\/\/janze-athletisme.fr\/wordpress\/interclubs-avenir-quelques-photos\/","name":"Interclubs Avenir : quelques photos - Janz\u00e9 Athl\u00e9tisme","isPartOf":{"@id":"https:\/\/janze-athletisme.fr\/wordpress\/#website"},"primaryImageOfPage":{"@id":"https:\/\/janze-athletisme.fr\/wordpress\/interclubs-avenir-quelques-photos\/#primaryimage"},"image":{"@id":"https:\/\/janze-athletisme.fr\/wordpress\/interclubs-avenir-quelques-photos\/#primaryimage"},"thumbnailUrl":"https:\/\/janze-athletisme.fr\/wordpress\/wp-content\/uploads\/2024\/10\/Faustine-Clemence-29sept2024.jpg","datePublished":"2024-10-01T13:13:19+00:00","dateModified":"2024-10-01T13:22:34+00:00","breadcrumb":{"@id":"https:\/\/janze-athletisme.fr\/wordpress\/interclubs-avenir-quelques-photos\/#breadcrumb"},"inLanguage":"fr-FR","potentialAction":[{"@type":"ReadAction","target":["https:\/\/janze-athletisme.fr\/wordpress\/interclubs-avenir-quelques-photos\/"]}]},{"@type":"ImageObject","inLanguage":"fr-FR","@id":"https:\/\/janze-athletisme.fr\/wordpress\/interclubs-avenir-quelques-photos\/#primaryimage","url":"https:\/\/janze-athletisme.fr\/wordpress\/wp-content\/uploads\/2024\/10\/Faustine-Clemence-29sept2024.jpg","contentUrl":"https:\/\/janze-athletisme.fr\/wordpress\/wp-content\/uploads\/2024\/10\/Faustine-Clemence-29sept2024.jpg","width":1200,"height":1202},{"@type":"BreadcrumbList","@id":"https:\/\/janze-athletisme.fr\/wordpress\/interclubs-avenir-quelques-photos\/#breadcrumb","itemListElement":[{"@type":"ListItem","position":1,"name":"Accueil","item":"https:\/\/janze-athletisme.fr\/wordpress\/"},{"@type":"ListItem","position":2,"name":"Interclubs Avenir : quelques photos"}]},{"@type":"WebSite","@id":"https:\/\/janze-athletisme.fr\/wordpress\/#website","url":"https:\/\/janze-athletisme.fr\/wordpress\/","name":"Janz\u00e9 Athl\u00e9tisme","description":"Pays de La Roche aux F\u00e9es","publisher":{"@id":"https:\/\/janze-athletisme.fr\/wordpress\/#organization"},"potentialAction":[{"@type":"SearchAction","target":{"@type":"EntryPoint","urlTemplate":"https:\/\/janze-athletisme.fr\/wordpress\/?s={search_term_string}"},"query-input":{"@type":"PropertyValueSpecification","valueRequired":true,"valueName":"search_term_string"}}],"inLanguage":"fr-FR"},{"@type":"Organization","@id":"https:\/\/janze-athletisme.fr\/wordpress\/#organization","name":"Janz\u00e9 Athl\u00e9tisme","url":"https:\/\/janze-athletisme.fr\/wordpress\/","logo":{"@type":"ImageObject","inLanguage":"fr-FR","@id":"https:\/\/janze-athletisme.fr\/wordpress\/#\/schema\/logo\/image\/","url":"https:\/\/janze-athletisme.fr\/wordpress\/wp-content\/uploads\/2015\/03\/logo-full1.jpg","contentUrl":"https:\/\/janze-athletisme.fr\/wordpress\/wp-content\/uploads\/2015\/03\/logo-full1.jpg","width":437,"height":205,"caption":"Janz\u00e9 Athl\u00e9tisme"},"image":{"@id":"https:\/\/janze-athletisme.fr\/wordpress\/#\/schema\/logo\/image\/"},"sameAs":["https:\/\/www.facebook.com\/groups\/1007964579346590"]},{"@type":"Person","@id":"https:\/\/janze-athletisme.fr\/wordpress\/#\/schema\/person\/c7b063dcfa6234c041d4d9b26cc2ea03","name":"Laurent Meunier","image":{"@type":"ImageObject","inLanguage":"fr-FR","@id":"https:\/\/secure.gravatar.com\/avatar\/dd25d581ad7c3349090f2fa6a9adb6bfa287e6a5dd8a5216a092727cd8749034?s=96&d=mm&r=g","url":"https:\/\/secure.gravatar.com\/avatar\/dd25d581ad7c3349090f2fa6a9adb6bfa287e6a5dd8a5216a092727cd8749034?s=96&d=mm&r=g","contentUrl":"https:\/\/secure.gravatar.com\/avatar\/dd25d581ad7c3349090f2fa6a9adb6bfa287e6a5dd8a5216a092727cd8749034?s=96&d=mm&r=g","caption":"Laurent Meunier"},"url":"https:\/\/janze-athletisme.fr\/wordpress\/author\/laurent-meunier35\/"}]}},"uagb_featured_image_src":{"full":["https:\/\/janze-athletisme.fr\/wordpress\/wp-content\/uploads\/2024\/10\/Faustine-Clemence-29sept2024.jpg",1200,1202,false],"thumbnail":["https:\/\/janze-athletisme.fr\/wordpress\/wp-content\/uploads\/2024\/10\/Faustine-Clemence-29sept2024-150x150.jpg",150,150,true],"medium":["https:\/\/janze-athletisme.fr\/wordpress\/wp-content\/uploads\/2024\/10\/Faustine-Clemence-29sept2024-300x300.jpg",300,300,true],"medium_large":["https:\/\/janze-athletisme.fr\/wordpress\/wp-content\/uploads\/2024\/10\/Faustine-Clemence-29sept2024-768x769.jpg",768,769,true],"large":["https:\/\/janze-athletisme.fr\/wordpress\/wp-content\/uploads\/2024\/10\/Faustine-Clemence-29sept2024-1022x1024.jpg",1022,1024,true],"1536x1536":["https:\/\/janze-athletisme.fr\/wordpress\/wp-content\/uploads\/2024\/10\/Faustine-Clemence-29sept2024.jpg",1200,1202,false],"2048x2048":["https:\/\/janze-athletisme.fr\/wordpress\/wp-content\/uploads\/2024\/10\/Faustine-Clemence-29sept2024.jpg",1200,1202,false]},"uagb_author_info":{"display_name":"Laurent Meunier","author_link":"https:\/\/janze-athletisme.fr\/wordpress\/author\/laurent-meunier35\/"},"uagb_comment_info":0,"uagb_excerpt":"\u00a0 De haut en bas et de gauche \u00e0 droite : Jules, Elouan (Janz\u00e9), Sterenn, B\u00e9renger (x2), Bertille, Ma\u00eblys, Henri, Anna, Manon (Cesson), Kinnie, Camille, Sterenn, Faustine &amp; Cl\u00e9mence, Marie &amp; Dad, Elouan (Cesson), Ma\u00eblys, Jeanne, Pauline, Lena\u00efg, Lucie, Na\u00efs, Augustin, L\u00e9a, Sharleen, L\u00e9o, Thibault, Enzo, Ad\u00e8le, Julian, La\u00efs, Bertille, Elsa, Esteban, Rapha\u00ebl, Manon (Janz\u00e9),\u2026","_links":{"self":[{"href":"https:\/\/janze-athletisme.fr\/wordpress\/wp-json\/wp\/v2\/posts\/20921","targetHints":{"allow":["GET"]}}],"collection":[{"href":"https:\/\/janze-athletisme.fr\/wordpress\/wp-json\/wp\/v2\/posts"}],"about":[{"href":"https:\/\/janze-athletisme.fr\/wordpress\/wp-json\/wp\/v2\/types\/post"}],"author":[{"embeddable":true,"href":"https:\/\/janze-athletisme.fr\/wordpress\/wp-json\/wp\/v2\/users\/12"}],"replies":[{"embeddable":true,"href":"https:\/\/janze-athletisme.fr\/wordpress\/wp-json\/wp\/v2\/comments?post=20921"}],"version-history":[{"count":4,"href":"https:\/\/janze-athletisme.fr\/wordpress\/wp-json\/wp\/v2\/posts\/20921\/revisions"}],"predecessor-version":[{"id":20962,"href":"https:\/\/janze-athletisme.fr\/wordpress\/wp-json\/wp\/v2\/posts\/20921\/revisions\/20962"}],"wp:featuredmedia":[{"embeddable":true,"href":"https:\/\/janze-athletisme.fr\/wordpress\/wp-json\/wp\/v2\/media\/20935"}],"wp:attachment":[{"href":"https:\/\/janze-athletisme.fr\/wordpress\/wp-json\/wp\/v2\/media?parent=20921"}],"wp:term":[{"taxonomy":"category","embeddable":true,"href":"https:\/\/janze-athletisme.fr\/wordpress\/wp-json\/wp\/v2\/categories?post=20921"},{"taxonomy":"post_tag","embeddable":true,"href":"https:\/\/janze-athletisme.fr\/wordpress\/wp-json\/wp\/v2\/tags?post=20921"}],"curies":[{"name":"wp","href":"https:\/\/api.w.org\/{rel}","templated":true}]}}