{"id":20907,"date":"2024-10-01T14:48:42","date_gmt":"2024-10-01T12:48:42","guid":{"rendered":"https:\/\/janze-athletisme.fr\/wordpress\/?p=20907"},"modified":"2024-10-05T13:35:42","modified_gmt":"2024-10-05T11:35:42","slug":"interclubs-avenir-les-resultats","status":"publish","type":"post","link":"https:\/\/janze-athletisme.fr\/wordpress\/interclubs-avenir-les-resultats\/","title":{"rendered":"Interclubs Avenir : les r\u00e9sultats"},"content":{"rendered":"<p><span style=\"font-size: 18pt;\"><strong>Interclubs U23 (Cadets, Juniors, espoirs), dimanche 29 septembre<\/strong><\/span><\/p>\n<p><span style=\"font-size: 14pt;\"><strong><u>Les perfs \u00e0 plus de 600 points<\/u><\/strong><\/span><\/p>\n<table style=\"width: 100%; height: 964px;\">\n<tbody>\n<tr style=\"height: 80px;\">\n<td style=\"width: 36.6363%; height: 80px;\" width=\"144\"><strong>Athl\u00e8te<\/strong><\/td>\n<td style=\"width: 11.6364%; text-align: center; height: 80px;\" width=\"74\"><span style=\"font-size: 12pt;\"><strong>Cat\u00e9gorie<\/strong><\/span><\/td>\n<td style=\"width: 15.6363%; text-align: center; height: 80px;\" width=\"84\"><strong>\u00c9preuve<\/strong><\/td>\n<td style=\"width: 14.6364%; text-align: center; height: 80px;\" width=\"104\"><strong>Performance<\/strong><\/td>\n<td style=\"width: 11.3637%; text-align: center; height: 80px;\" width=\"89\"><span style=\"font-size: 10pt;\"><strong>Points table de cotation<\/strong><\/span><\/td>\n<td style=\"width: 10%; text-align: center; height: 80px;\" width=\"71\"><strong>Niveau<\/strong><\/td>\n<\/tr>\n<tr style=\"height: 68px;\">\n<td style=\"width: 36.6363%; height: 68px;\" width=\"144\">Lucie Duvigneau (Cesson)<\/td>\n<td style=\"width: 11.6364%; text-align: center; height: 68px;\" width=\"74\">CAF<\/td>\n<td style=\"width: 15.6363%; text-align: center; height: 68px;\" width=\"84\">200m<\/td>\n<td style=\"width: 14.6364%; text-align: center; height: 68px;\" width=\"104\">26&Prime;86<\/td>\n<td style=\"width: 11.3637%; text-align: center; height: 68px;\" width=\"89\">778<\/td>\n<td style=\"width: 10%; text-align: center; height: 68px;\" width=\"71\">IR4<\/td>\n<\/tr>\n<tr style=\"height: 68px;\">\n<td style=\"width: 36.6363%; height: 68px;\" width=\"144\">Sterenn Tanguy (Cesson)<\/td>\n<td style=\"width: 11.6364%; text-align: center; height: 68px;\" width=\"74\">JUF<\/td>\n<td style=\"width: 15.6363%; text-align: center; height: 68px;\" width=\"84\">400m haies<\/td>\n<td style=\"width: 14.6364%; text-align: center; height: 68px;\" width=\"104\">69&Prime;19<\/td>\n<td style=\"width: 11.3637%; text-align: center; height: 68px;\" width=\"89\">771<\/td>\n<td style=\"width: 10%; text-align: center; height: 68px;\" width=\"71\">IR3<\/td>\n<\/tr>\n<tr style=\"height: 68px;\">\n<td style=\"width: 36.6363%; height: 68px;\" width=\"144\">Pauline Le Bihan (Cesson)<\/td>\n<td style=\"width: 11.6364%; text-align: center; height: 68px;\" width=\"74\">ESF<\/td>\n<td style=\"width: 15.6363%; text-align: center; height: 68px;\" width=\"84\">100m<\/td>\n<td style=\"width: 14.6364%; text-align: center; height: 68px;\" width=\"104\">13&Prime;46<\/td>\n<td style=\"width: 11.3637%; text-align: center; height: 68px;\" width=\"89\">723<\/td>\n<td style=\"width: 10%; text-align: center; height: 68px;\" width=\"71\">R3<\/td>\n<\/tr>\n<tr style=\"height: 68px;\">\n<td style=\"width: 36.6363%; height: 68px;\" width=\"144\">Pauline Le Bihan (Cesson)<\/td>\n<td style=\"width: 11.6364%; text-align: center; height: 68px;\" width=\"74\">ESF<\/td>\n<td style=\"width: 15.6363%; text-align: center; height: 68px;\" width=\"84\">Longueur<\/td>\n<td style=\"width: 14.6364%; text-align: center; height: 68px;\" width=\"104\">4m52<\/td>\n<td style=\"width: 11.3637%; text-align: center; height: 68px;\" width=\"89\">682<\/td>\n<td style=\"width: 10%; text-align: center; height: 68px;\" width=\"71\">R6<\/td>\n<\/tr>\n<tr style=\"height: 68px;\">\n<td style=\"width: 36.6363%; height: 68px;\" width=\"144\">Fran\u00e7ois Chevalier (Cesson)<\/td>\n<td style=\"width: 11.6364%; text-align: center; height: 68px;\" width=\"74\">JUM<\/td>\n<td style=\"width: 15.6363%; text-align: center; height: 68px;\" width=\"84\">100m<\/td>\n<td style=\"width: 14.6364%; text-align: center; height: 68px;\" width=\"104\">11&Prime;74<\/td>\n<td style=\"width: 11.3637%; text-align: center; height: 68px;\" width=\"89\">681<\/td>\n<td style=\"width: 10%; text-align: center; height: 68px;\" width=\"71\">R1<\/td>\n<\/tr>\n<tr style=\"height: 68px;\">\n<td style=\"width: 36.6363%; height: 68px;\" width=\"144\">Elsa Mah\u00e9 (Bain)<\/td>\n<td style=\"width: 11.6364%; text-align: center; height: 68px;\" width=\"74\">JUF<\/td>\n<td style=\"width: 15.6363%; text-align: center; height: 68px;\" width=\"84\">3000m<\/td>\n<td style=\"width: 14.6364%; text-align: center; height: 68px;\" width=\"104\">11&rsquo;27&Prime;20<\/td>\n<td style=\"width: 11.3637%; text-align: center; height: 68px;\" width=\"89\">667<\/td>\n<td style=\"width: 10%; text-align: center; height: 68px;\" width=\"71\">R3<\/td>\n<\/tr>\n<tr style=\"height: 68px;\">\n<td style=\"width: 36.6363%; height: 68px;\" width=\"144\"><strong>L\u00e9a<\/strong> Robert<\/td>\n<td style=\"width: 11.6364%; text-align: center; height: 68px;\" width=\"74\">CAF<\/td>\n<td style=\"width: 15.6363%; text-align: center; height: 68px;\" width=\"84\">1500m<\/td>\n<td style=\"width: 14.6364%; text-align: center; height: 68px;\" width=\"104\">5&rsquo;18&Prime;57<\/td>\n<td style=\"width: 11.3637%; text-align: center; height: 68px;\" width=\"89\">657<\/td>\n<td style=\"width: 10%; text-align: center; height: 68px;\" width=\"71\">R3<\/td>\n<\/tr>\n<tr style=\"height: 68px;\">\n<td style=\"width: 36.6363%; height: 68px;\" width=\"144\"><strong>Ewen<\/strong> Huchet<\/td>\n<td style=\"width: 11.6364%; text-align: center; height: 68px;\" width=\"74\">ESM<\/td>\n<td style=\"width: 15.6363%; text-align: center; height: 68px;\" width=\"84\">200m<\/td>\n<td style=\"width: 14.6364%; text-align: center; height: 68px;\" width=\"104\">24&Prime;35<\/td>\n<td style=\"width: 11.3637%; text-align: center; height: 68px;\" width=\"89\">631<\/td>\n<td style=\"width: 10%; text-align: center; height: 68px;\" width=\"71\">R3<\/td>\n<\/tr>\n<tr style=\"height: 68px;\">\n<td style=\"width: 36.6363%; height: 68px;\" width=\"144\"><strong>Faustine<\/strong> Louaisil<\/td>\n<td style=\"width: 11.6364%; text-align: center; height: 68px;\" width=\"74\">CAF<\/td>\n<td style=\"width: 15.6363%; text-align: center; height: 68px;\" width=\"84\">800m<\/td>\n<td style=\"width: 14.6364%; text-align: center; height: 68px;\" width=\"104\">2&rsquo;35&Prime;25<\/td>\n<td style=\"width: 11.3637%; text-align: center; height: 68px;\" width=\"89\">617<\/td>\n<td style=\"width: 10%; text-align: center; height: 68px;\" width=\"71\">R3<\/td>\n<\/tr>\n<tr style=\"height: 68px;\">\n<td style=\"width: 36.6363%; height: 68px;\" width=\"144\"><strong>Anna<\/strong> Tanguy<\/td>\n<td style=\"width: 11.6364%; text-align: center; height: 68px;\" width=\"74\">JUF<\/td>\n<td style=\"width: 15.6363%; text-align: center; height: 68px;\" width=\"84\">Longueur<\/td>\n<td style=\"width: 14.6364%; text-align: center; height: 68px;\" width=\"104\">4m15<\/td>\n<td style=\"width: 11.3637%; text-align: center; height: 68px;\" width=\"89\">604<\/td>\n<td style=\"width: 10%; text-align: center; height: 68px;\" width=\"71\">D2<\/td>\n<\/tr>\n<tr style=\"height: 68px;\">\n<td style=\"width: 36.6363%; height: 68px;\" width=\"144\"><strong>Thibault<\/strong> Vilay<\/td>\n<td style=\"width: 11.6364%; text-align: center; height: 68px;\" width=\"74\">JUM<\/td>\n<td style=\"width: 15.6363%; text-align: center; height: 68px;\" width=\"84\">Hauteur<\/td>\n<td style=\"width: 14.6364%; text-align: center; height: 68px;\" width=\"104\">1m64<\/td>\n<td style=\"width: 11.3637%; text-align: center; height: 68px;\" width=\"89\">604<\/td>\n<td style=\"width: 10%; text-align: center; height: 68px;\" width=\"71\">R6<\/td>\n<\/tr>\n<tr style=\"height: 68px;\">\n<td style=\"width: 48.2727%; height: 68px;\" colspan=\"2\" width=\"218\"><strong>Ma\u00eblys<\/strong> Renoult, Pauline Le Bihan, Sterenn Tanguy, Lucie Duvigneau<\/td>\n<td style=\"width: 15.6363%; height: 68px; text-align: center;\" width=\"84\">4 x 200m<\/td>\n<td style=\"width: 14.6364%; height: 68px; text-align: center;\" width=\"104\">1&rsquo;53&Prime;40<\/td>\n<td style=\"width: 11.3637%; height: 68px; text-align: center;\" width=\"89\">772<\/td>\n<td style=\"width: 10%; height: 68px; text-align: center;\" width=\"71\"><\/td>\n<\/tr>\n<tr style=\"height: 68px;\">\n<td style=\"width: 48.2727%; height: 68px;\" colspan=\"2\" width=\"218\"><strong>Ewen<\/strong> Huchet, <strong>Elouan<\/strong> L\u00e9v\u00eaque, <strong>Thibault <\/strong>Vilay, Fran\u00e7ois Chevalier<\/td>\n<td style=\"width: 15.6363%; height: 68px; text-align: center;\" width=\"84\">4 x 200m<\/td>\n<td style=\"width: 14.6364%; height: 68px; text-align: center;\" width=\"104\">1&rsquo;35&Prime;14<\/td>\n<td style=\"width: 11.3637%; height: 68px; text-align: center;\" width=\"89\">710<\/td>\n<td style=\"width: 10%; height: 68px; text-align: center;\" width=\"71\"><\/td>\n<\/tr>\n<\/tbody>\n<\/table>\n<p><span style=\"font-size: 14pt;\"><strong><u>\u00c9taient \u00e9galement pr\u00e9sents pour Janz\u00e9 :<br \/>\n<\/u><\/strong><\/span><\/p>\n<p><strong>Solyne<\/strong> Mariette au javelot 500gr (20m09), <strong>Jeanne<\/strong> Richard sur 3000m marche (21\u201931\u203364), <strong>Sharleen <\/strong>Bourdin au javelot 500gr (16m57), au 100m haies (20&Prime;52) et sur le 4 x 200m (2&rsquo;05&Prime;30), <strong>Cl\u00e9mence<\/strong> Lamoureux sur 800m (2&rsquo;38&Prime;09), <strong>Camille<\/strong> Danet sur 800m (2&rsquo;47&Prime;45), <strong>Manon<\/strong> Le Nard sur 200m (29&Prime;68), en hauteur (1m25) et sur le 4 x 200m (2&rsquo;05&Prime;30), <strong>Bertille<\/strong> Louaisil sur 3000m (13&rsquo;10&Prime;71) et au disque (15m31), <strong>Ma\u00eblys<\/strong> Renoult sur 400m (67&Prime;78) et \u00e0 la hauteur (1m30), <strong>La\u00efs <\/strong>Meunier sur 2000m steeple (9&rsquo;36&Prime;71), <strong>Anna<\/strong> Tanguy sur 400m (68&Prime;69), <strong>Marie <\/strong>Morin sur 400m (75&Prime;12), <strong>Faustine<\/strong> Louaisil sur le 4 x 200m (2&rsquo;05&Prime;30), <strong>Esteban<\/strong> Bouillaux sur 3000m (9&rsquo;47&Prime;49), <strong>Rapha\u00ebl<\/strong> Bou\u00e9 sur 3000m (9\u201950\u203396), <strong>Henri<\/strong> Carmes sur 400m (57&Prime;06), <strong>Julian<\/strong> Chuinard sur 100m (12&Prime;47), <strong>L\u00e9o<\/strong> Guiheux sur 1500m (4&rsquo;36&Prime;25), <strong>Jules<\/strong> Le Dorven au javelot 700gr (41m77), <strong>Elouan<\/strong> L\u00e9v\u00eaque au marteau 5kg (22m82) et en longueur (5m33), <strong>Augustin<\/strong> Jouzel sur 200m (24&Prime;78), <strong>Thibault<\/strong> Vilay sur 110m haies (14&Prime;48), <strong>B\u00e9renger<\/strong> Tardif sur 400m (56&Prime;47) et \u00e0 la perche (2m60) et enfin <strong>Enzo<\/strong> Paccini au poids 7kg (10m99).<\/p>\n<p><a href=\"https:\/\/janze-athletisme.fr\/wordpress\/wp-content\/uploads\/2024\/10\/Solyne-29sept2024-2.jpg\"><img loading=\"lazy\" decoding=\"async\" class=\"alignnone wp-image-20917\" src=\"https:\/\/janze-athletisme.fr\/wordpress\/wp-content\/uploads\/2024\/10\/Solyne-29sept2024-2-300x201.jpg\" alt=\"\" width=\"244\" height=\"163\" srcset=\"https:\/\/janze-athletisme.fr\/wordpress\/wp-content\/uploads\/2024\/10\/Solyne-29sept2024-2-300x201.jpg 300w, https:\/\/janze-athletisme.fr\/wordpress\/wp-content\/uploads\/2024\/10\/Solyne-29sept2024-2-1024x685.jpg 1024w, https:\/\/janze-athletisme.fr\/wordpress\/wp-content\/uploads\/2024\/10\/Solyne-29sept2024-2-768x514.jpg 768w, https:\/\/janze-athletisme.fr\/wordpress\/wp-content\/uploads\/2024\/10\/Solyne-29sept2024-2.jpg 1495w\" sizes=\"auto, (max-width: 244px) 100vw, 244px\" \/> <\/a><a href=\"https:\/\/janze-athletisme.fr\/wordpress\/wp-content\/uploads\/2024\/10\/Sharleen-29sept2024-3.jpg\"><img loading=\"lazy\" decoding=\"async\" class=\"alignnone wp-image-20918\" src=\"https:\/\/janze-athletisme.fr\/wordpress\/wp-content\/uploads\/2024\/10\/Sharleen-29sept2024-3-300x172.jpg\" alt=\"\" width=\"286\" height=\"164\" srcset=\"https:\/\/janze-athletisme.fr\/wordpress\/wp-content\/uploads\/2024\/10\/Sharleen-29sept2024-3-300x172.jpg 300w, https:\/\/janze-athletisme.fr\/wordpress\/wp-content\/uploads\/2024\/10\/Sharleen-29sept2024-3-1024x589.jpg 1024w, https:\/\/janze-athletisme.fr\/wordpress\/wp-content\/uploads\/2024\/10\/Sharleen-29sept2024-3-768x441.jpg 768w, https:\/\/janze-athletisme.fr\/wordpress\/wp-content\/uploads\/2024\/10\/Sharleen-29sept2024-3-1536x883.jpg 1536w, https:\/\/janze-athletisme.fr\/wordpress\/wp-content\/uploads\/2024\/10\/Sharleen-29sept2024-3.jpg 1740w\" sizes=\"auto, (max-width: 286px) 100vw, 286px\" \/><\/a><a href=\"https:\/\/janze-athletisme.fr\/wordpress\/wp-content\/uploads\/2024\/10\/Jeanne-29sept2024-3.jpg\"> <img loading=\"lazy\" decoding=\"async\" class=\"alignnone wp-image-20919\" src=\"https:\/\/janze-athletisme.fr\/wordpress\/wp-content\/uploads\/2024\/10\/Jeanne-29sept2024-3-300x202.jpg\" alt=\"\" width=\"244\" height=\"164\" srcset=\"https:\/\/janze-athletisme.fr\/wordpress\/wp-content\/uploads\/2024\/10\/Jeanne-29sept2024-3-300x202.jpg 300w, https:\/\/janze-athletisme.fr\/wordpress\/wp-content\/uploads\/2024\/10\/Jeanne-29sept2024-3-1024x689.jpg 1024w, https:\/\/janze-athletisme.fr\/wordpress\/wp-content\/uploads\/2024\/10\/Jeanne-29sept2024-3-768x516.jpg 768w, https:\/\/janze-athletisme.fr\/wordpress\/wp-content\/uploads\/2024\/10\/Jeanne-29sept2024-3.jpg 1487w\" sizes=\"auto, (max-width: 244px) 100vw, 244px\" \/>\u00a0<\/a><\/p>\n<p>Bravo \u00e0 toutes et tous ! Vous avez toutes et tous contribu\u00e9 \u00e0 ce beau r\u00e9sultat d&rsquo;ensemble. Et plusieurs sont tout pr\u00e8s tout pr\u00e8s des 600 points. C&rsquo;est pour bient\u00f4t !<\/p>\n<p><strong><u>Tous les r\u00e9sultats sont ici : <\/u><\/strong><a href=\"https:\/\/bases.athle.fr\/asp.net\/liste.aspx?frmbase=resultats&amp;frmmode=1&amp;pardisplay=1&amp;frmespace=0&amp;frmcompetition=295740&amp;frmclub=035136\">https:\/\/bases.athle.fr\/asp.net\/liste.aspx?frmbase=resultats&amp;frmmode=1&amp;pardisplay=1&amp;frmespace=0&amp;frmcompetition=295740&amp;frmclub=035136<\/a><\/p>\n<p><span style=\"font-size: 14pt;\"><strong><u>Un grand merci \u00e0 nos six juges<\/u><\/strong><\/span><\/p>\n<p>\u00c9taient pr\u00e9sents cette ann\u00e9e : <strong>Sophie<\/strong> Vilay (lancers), <strong>Sandrine<\/strong> L\u00e9v\u00eaque et <strong>Val\u00e9rie<\/strong> Le Dorven (sauts), <strong>Christelle<\/strong> et <strong>Manu<\/strong> Estevon (lancers) ainsi que <strong>Wilfrid<\/strong> Lebreton (courses). Un grand merci \u00e0 elles et \u00e0 eux : ce sont nos \u00ab\u00a0pr\u00e9cieux\u00a0\u00bb. Sans elles et sans eux, nos jeunes athl\u00e8tes ne pourraient concourir.<\/p>\n<p><a href=\"https:\/\/janze-athletisme.fr\/wordpress\/wp-content\/uploads\/2024\/10\/Christelle-Isa-29sept2024.jpg\"><img loading=\"lazy\" decoding=\"async\" class=\"alignnone wp-image-20910\" src=\"https:\/\/janze-athletisme.fr\/wordpress\/wp-content\/uploads\/2024\/10\/Christelle-Isa-29sept2024-300x300.jpg\" alt=\"\" width=\"259\" height=\"259\" srcset=\"https:\/\/janze-athletisme.fr\/wordpress\/wp-content\/uploads\/2024\/10\/Christelle-Isa-29sept2024-300x300.jpg 300w, https:\/\/janze-athletisme.fr\/wordpress\/wp-content\/uploads\/2024\/10\/Christelle-Isa-29sept2024-1024x1024.jpg 1024w, https:\/\/janze-athletisme.fr\/wordpress\/wp-content\/uploads\/2024\/10\/Christelle-Isa-29sept2024-150x150.jpg 150w, https:\/\/janze-athletisme.fr\/wordpress\/wp-content\/uploads\/2024\/10\/Christelle-Isa-29sept2024-768x769.jpg 768w, https:\/\/janze-athletisme.fr\/wordpress\/wp-content\/uploads\/2024\/10\/Christelle-Isa-29sept2024.jpg 1200w\" sizes=\"auto, (max-width: 259px) 100vw, 259px\" \/> <\/a><a href=\"https:\/\/janze-athletisme.fr\/wordpress\/wp-content\/uploads\/2024\/10\/Wilfrid-29sept2024.jpg\"><img loading=\"lazy\" decoding=\"async\" class=\"alignnone wp-image-20911\" src=\"https:\/\/janze-athletisme.fr\/wordpress\/wp-content\/uploads\/2024\/10\/Wilfrid-29sept2024-300x300.jpg\" alt=\"\" width=\"258\" height=\"258\" srcset=\"https:\/\/janze-athletisme.fr\/wordpress\/wp-content\/uploads\/2024\/10\/Wilfrid-29sept2024-300x300.jpg 300w, https:\/\/janze-athletisme.fr\/wordpress\/wp-content\/uploads\/2024\/10\/Wilfrid-29sept2024-1024x1024.jpg 1024w, https:\/\/janze-athletisme.fr\/wordpress\/wp-content\/uploads\/2024\/10\/Wilfrid-29sept2024-150x150.jpg 150w, https:\/\/janze-athletisme.fr\/wordpress\/wp-content\/uploads\/2024\/10\/Wilfrid-29sept2024-768x769.jpg 768w, https:\/\/janze-athletisme.fr\/wordpress\/wp-content\/uploads\/2024\/10\/Wilfrid-29sept2024.jpg 1200w\" sizes=\"auto, (max-width: 258px) 100vw, 258px\" \/><\/a><a href=\"https:\/\/janze-athletisme.fr\/wordpress\/wp-content\/uploads\/2024\/10\/Sophie-Isa-29sept2024.jpg\"> <img loading=\"lazy\" decoding=\"async\" class=\"alignnone wp-image-20912\" src=\"https:\/\/janze-athletisme.fr\/wordpress\/wp-content\/uploads\/2024\/10\/Sophie-Isa-29sept2024-300x300.jpg\" alt=\"\" width=\"258\" height=\"258\" srcset=\"https:\/\/janze-athletisme.fr\/wordpress\/wp-content\/uploads\/2024\/10\/Sophie-Isa-29sept2024-300x300.jpg 300w, https:\/\/janze-athletisme.fr\/wordpress\/wp-content\/uploads\/2024\/10\/Sophie-Isa-29sept2024-1024x1024.jpg 1024w, https:\/\/janze-athletisme.fr\/wordpress\/wp-content\/uploads\/2024\/10\/Sophie-Isa-29sept2024-150x150.jpg 150w, https:\/\/janze-athletisme.fr\/wordpress\/wp-content\/uploads\/2024\/10\/Sophie-Isa-29sept2024-768x768.jpg 768w, https:\/\/janze-athletisme.fr\/wordpress\/wp-content\/uploads\/2024\/10\/Sophie-Isa-29sept2024.jpg 1200w\" sizes=\"auto, (max-width: 258px) 100vw, 258px\" \/>\u00a0<\/a><\/p>\n<p>Merci \u00e9galement pour le coaching \u00e0 <strong>Mathieu<\/strong> Henry et \u00e0 Yoann Devaud (Cesson), coordinateurs \u00ab\u00a0g\u00e9n\u00e9reux\u00a0\u00bb, assist\u00e9s de Marie Duvigneau, <strong>Sylvain <\/strong>Leroux et <strong>Laurent <\/strong>Meunier.<\/p>\n<p><a href=\"https:\/\/janze-athletisme.fr\/wordpress\/wp-content\/uploads\/2024\/10\/Maelys-29sept2024-3.jpg\"><img loading=\"lazy\" decoding=\"async\" class=\"alignnone wp-image-20913\" src=\"https:\/\/janze-athletisme.fr\/wordpress\/wp-content\/uploads\/2024\/10\/Maelys-29sept2024-3-300x300.jpg\" alt=\"\" width=\"221\" height=\"221\" srcset=\"https:\/\/janze-athletisme.fr\/wordpress\/wp-content\/uploads\/2024\/10\/Maelys-29sept2024-3-300x300.jpg 300w, https:\/\/janze-athletisme.fr\/wordpress\/wp-content\/uploads\/2024\/10\/Maelys-29sept2024-3-1024x1024.jpg 1024w, https:\/\/janze-athletisme.fr\/wordpress\/wp-content\/uploads\/2024\/10\/Maelys-29sept2024-3-150x150.jpg 150w, https:\/\/janze-athletisme.fr\/wordpress\/wp-content\/uploads\/2024\/10\/Maelys-29sept2024-3-768x769.jpg 768w, https:\/\/janze-athletisme.fr\/wordpress\/wp-content\/uploads\/2024\/10\/Maelys-29sept2024-3.jpg 1200w\" sizes=\"auto, (max-width: 221px) 100vw, 221px\" \/> <\/a><a href=\"https:\/\/janze-athletisme.fr\/wordpress\/wp-content\/uploads\/2024\/10\/Filles-du-400m-29sept2024.jpg\"><img loading=\"lazy\" decoding=\"async\" class=\"alignnone wp-image-20914\" src=\"https:\/\/janze-athletisme.fr\/wordpress\/wp-content\/uploads\/2024\/10\/Filles-du-400m-29sept2024-300x200.jpg\" alt=\"\" width=\"334\" height=\"223\" srcset=\"https:\/\/janze-athletisme.fr\/wordpress\/wp-content\/uploads\/2024\/10\/Filles-du-400m-29sept2024-300x200.jpg 300w, https:\/\/janze-athletisme.fr\/wordpress\/wp-content\/uploads\/2024\/10\/Filles-du-400m-29sept2024-1024x683.jpg 1024w, https:\/\/janze-athletisme.fr\/wordpress\/wp-content\/uploads\/2024\/10\/Filles-du-400m-29sept2024-768x512.jpg 768w, https:\/\/janze-athletisme.fr\/wordpress\/wp-content\/uploads\/2024\/10\/Filles-du-400m-29sept2024.jpg 1499w\" sizes=\"auto, (max-width: 334px) 100vw, 334px\" \/> <\/a><a href=\"https:\/\/janze-athletisme.fr\/wordpress\/wp-content\/uploads\/2024\/10\/Marie-D-29sept2024.jpg\"><img loading=\"lazy\" decoding=\"async\" class=\"alignnone wp-image-20915\" src=\"https:\/\/janze-athletisme.fr\/wordpress\/wp-content\/uploads\/2024\/10\/Marie-D-29sept2024-300x300.jpg\" alt=\"\" width=\"226\" height=\"226\" srcset=\"https:\/\/janze-athletisme.fr\/wordpress\/wp-content\/uploads\/2024\/10\/Marie-D-29sept2024-300x300.jpg 300w, https:\/\/janze-athletisme.fr\/wordpress\/wp-content\/uploads\/2024\/10\/Marie-D-29sept2024-1024x1024.jpg 1024w, https:\/\/janze-athletisme.fr\/wordpress\/wp-content\/uploads\/2024\/10\/Marie-D-29sept2024-150x150.jpg 150w, https:\/\/janze-athletisme.fr\/wordpress\/wp-content\/uploads\/2024\/10\/Marie-D-29sept2024-768x768.jpg 768w, https:\/\/janze-athletisme.fr\/wordpress\/wp-content\/uploads\/2024\/10\/Marie-D-29sept2024.jpg 1200w\" sizes=\"auto, (max-width: 226px) 100vw, 226px\" \/><\/a><\/p>\n","protected":false},"excerpt":{"rendered":"<p>Interclubs U23 (Cadets, Juniors, espoirs), dimanche 29 septembre Les perfs \u00e0 plus de 600 points Athl\u00e8te Cat\u00e9gorie \u00c9preuve Performance Points table de cotation Niveau Lucie Duvigneau (Cesson) CAF 200m 26&Prime;86 778 IR4 Sterenn Tanguy (Cesson) JUF 400m haies 69&Prime;19 771 IR3 Pauline Le Bihan (Cesson) ESF 100m 13&Prime;46 723 R3 Pauline Le Bihan (Cesson) ESF [&hellip;]<\/p>\n","protected":false},"author":12,"featured_media":20908,"comment_status":"open","ping_status":"open","sticky":false,"template":"","format":"aside","meta":{"_uag_custom_page_level_css":"","site-sidebar-layout":"default","site-content-layout":"","ast-site-content-layout":"default","site-content-style":"default","site-sidebar-style":"default","ast-global-header-display":"","ast-banner-title-visibility":"","ast-main-header-display":"","ast-hfb-above-header-display":"","ast-hfb-below-header-display":"","ast-hfb-mobile-header-display":"","site-post-title":"","ast-breadcrumbs-content":"","ast-featured-img":"","footer-sml-layout":"","ast-disable-related-posts":"","theme-transparent-header-meta":"default","adv-header-id-meta":"","stick-header-meta":"","header-above-stick-meta":"","header-main-stick-meta":"","header-below-stick-meta":"","astra-migrate-meta-layouts":"set","ast-page-background-enabled":"default","ast-page-background-meta":{"desktop":{"background-color":"var(--ast-global-color-4)","background-image":"","background-repeat":"repeat","background-position":"center center","background-size":"auto","background-attachment":"scroll","background-type":"","background-media":"","overlay-type":"","overlay-color":"","overlay-opacity":"","overlay-gradient":""},"tablet":{"background-color":"","background-image":"","background-repeat":"repeat","background-position":"center center","background-size":"auto","background-attachment":"scroll","background-type":"","background-media":"","overlay-type":"","overlay-color":"","overlay-opacity":"","overlay-gradient":""},"mobile":{"background-color":"","background-image":"","background-repeat":"repeat","background-position":"center center","background-size":"auto","background-attachment":"scroll","background-type":"","background-media":"","overlay-type":"","overlay-color":"","overlay-opacity":"","overlay-gradient":""}},"ast-content-background-meta":{"desktop":{"background-color":"var(--ast-global-color-5)","background-image":"","background-repeat":"repeat","background-position":"center center","background-size":"auto","background-attachment":"scroll","background-type":"","background-media":"","overlay-type":"","overlay-color":"","overlay-opacity":"","overlay-gradient":""},"tablet":{"background-color":"var(--ast-global-color-5)","background-image":"","background-repeat":"repeat","background-position":"center center","background-size":"auto","background-attachment":"scroll","background-type":"","background-media":"","overlay-type":"","overlay-color":"","overlay-opacity":"","overlay-gradient":""},"mobile":{"background-color":"var(--ast-global-color-5)","background-image":"","background-repeat":"repeat","background-position":"center center","background-size":"auto","background-attachment":"scroll","background-type":"","background-media":"","overlay-type":"","overlay-color":"","overlay-opacity":"","overlay-gradient":""}},"footnotes":""},"categories":[6],"tags":[],"class_list":["post-20907","post","type-post","status-publish","format-aside","has-post-thumbnail","hentry","category-sections","post_format-post-format-aside"],"yoast_head":"<!-- This site is optimized with the Yoast SEO plugin v27.5 - https:\/\/yoast.com\/product\/yoast-seo-wordpress\/ -->\n<title>Interclubs Avenir : les r\u00e9sultats - Janz\u00e9 Athl\u00e9tisme<\/title>\n<meta name=\"robots\" content=\"index, follow, max-snippet:-1, max-image-preview:large, max-video-preview:-1\" \/>\n<link rel=\"canonical\" href=\"https:\/\/janze-athletisme.fr\/wordpress\/interclubs-avenir-les-resultats\/\" \/>\n<meta property=\"og:locale\" content=\"fr_FR\" \/>\n<meta property=\"og:type\" content=\"article\" \/>\n<meta property=\"og:title\" content=\"Interclubs Avenir : les r\u00e9sultats - Janz\u00e9 Athl\u00e9tisme\" \/>\n<meta property=\"og:description\" content=\"Interclubs U23 (Cadets, Juniors, espoirs), dimanche 29 septembre Les perfs \u00e0 plus de 600 points Athl\u00e8te Cat\u00e9gorie \u00c9preuve Performance Points table de cotation Niveau Lucie Duvigneau (Cesson) CAF 200m 26&Prime;86 778 IR4 Sterenn Tanguy (Cesson) JUF 400m haies 69&Prime;19 771 IR3 Pauline Le Bihan (Cesson) ESF 100m 13&Prime;46 723 R3 Pauline Le Bihan (Cesson) ESF [&hellip;]\" \/>\n<meta property=\"og:url\" content=\"https:\/\/janze-athletisme.fr\/wordpress\/interclubs-avenir-les-resultats\/\" \/>\n<meta property=\"og:site_name\" content=\"Janz\u00e9 Athl\u00e9tisme\" \/>\n<meta property=\"article:publisher\" content=\"https:\/\/www.facebook.com\/groups\/1007964579346590\" \/>\n<meta property=\"article:published_time\" content=\"2024-10-01T12:48:42+00:00\" \/>\n<meta property=\"article:modified_time\" content=\"2024-10-05T11:35:42+00:00\" \/>\n<meta property=\"og:image\" content=\"https:\/\/janze-athletisme.fr\/wordpress\/wp-content\/uploads\/2024\/10\/Lucie-29sept2024-3.jpg\" \/>\n\t<meta property=\"og:image:width\" content=\"1500\" \/>\n\t<meta property=\"og:image:height\" content=\"1501\" \/>\n\t<meta property=\"og:image:type\" content=\"image\/jpeg\" \/>\n<meta name=\"author\" content=\"Laurent Meunier\" \/>\n<meta name=\"twitter:card\" content=\"summary_large_image\" \/>\n<meta name=\"twitter:label1\" content=\"\u00c9crit par\" \/>\n\t<meta name=\"twitter:data1\" content=\"Laurent Meunier\" \/>\n\t<meta name=\"twitter:label2\" content=\"Dur\u00e9e de lecture estim\u00e9e\" \/>\n\t<meta name=\"twitter:data2\" content=\"5 minutes\" \/>\n<script type=\"application\/ld+json\" class=\"yoast-schema-graph\">{\"@context\":\"https:\\\/\\\/schema.org\",\"@graph\":[{\"@type\":\"Article\",\"@id\":\"https:\\\/\\\/janze-athletisme.fr\\\/wordpress\\\/interclubs-avenir-les-resultats\\\/#article\",\"isPartOf\":{\"@id\":\"https:\\\/\\\/janze-athletisme.fr\\\/wordpress\\\/interclubs-avenir-les-resultats\\\/\"},\"author\":{\"name\":\"Laurent Meunier\",\"@id\":\"https:\\\/\\\/janze-athletisme.fr\\\/wordpress\\\/#\\\/schema\\\/person\\\/c7b063dcfa6234c041d4d9b26cc2ea03\"},\"headline\":\"Interclubs Avenir : les r\u00e9sultats\",\"datePublished\":\"2024-10-01T12:48:42+00:00\",\"dateModified\":\"2024-10-05T11:35:42+00:00\",\"mainEntityOfPage\":{\"@id\":\"https:\\\/\\\/janze-athletisme.fr\\\/wordpress\\\/interclubs-avenir-les-resultats\\\/\"},\"wordCount\":420,\"commentCount\":0,\"publisher\":{\"@id\":\"https:\\\/\\\/janze-athletisme.fr\\\/wordpress\\\/#organization\"},\"image\":{\"@id\":\"https:\\\/\\\/janze-athletisme.fr\\\/wordpress\\\/interclubs-avenir-les-resultats\\\/#primaryimage\"},\"thumbnailUrl\":\"https:\\\/\\\/janze-athletisme.fr\\\/wordpress\\\/wp-content\\\/uploads\\\/2024\\\/10\\\/Lucie-29sept2024-3.jpg\",\"articleSection\":[\"Le club au jour le jour\"],\"inLanguage\":\"fr-FR\",\"potentialAction\":[{\"@type\":\"CommentAction\",\"name\":\"Comment\",\"target\":[\"https:\\\/\\\/janze-athletisme.fr\\\/wordpress\\\/interclubs-avenir-les-resultats\\\/#respond\"]}]},{\"@type\":\"WebPage\",\"@id\":\"https:\\\/\\\/janze-athletisme.fr\\\/wordpress\\\/interclubs-avenir-les-resultats\\\/\",\"url\":\"https:\\\/\\\/janze-athletisme.fr\\\/wordpress\\\/interclubs-avenir-les-resultats\\\/\",\"name\":\"Interclubs Avenir : les r\u00e9sultats - Janz\u00e9 Athl\u00e9tisme\",\"isPartOf\":{\"@id\":\"https:\\\/\\\/janze-athletisme.fr\\\/wordpress\\\/#website\"},\"primaryImageOfPage\":{\"@id\":\"https:\\\/\\\/janze-athletisme.fr\\\/wordpress\\\/interclubs-avenir-les-resultats\\\/#primaryimage\"},\"image\":{\"@id\":\"https:\\\/\\\/janze-athletisme.fr\\\/wordpress\\\/interclubs-avenir-les-resultats\\\/#primaryimage\"},\"thumbnailUrl\":\"https:\\\/\\\/janze-athletisme.fr\\\/wordpress\\\/wp-content\\\/uploads\\\/2024\\\/10\\\/Lucie-29sept2024-3.jpg\",\"datePublished\":\"2024-10-01T12:48:42+00:00\",\"dateModified\":\"2024-10-05T11:35:42+00:00\",\"breadcrumb\":{\"@id\":\"https:\\\/\\\/janze-athletisme.fr\\\/wordpress\\\/interclubs-avenir-les-resultats\\\/#breadcrumb\"},\"inLanguage\":\"fr-FR\",\"potentialAction\":[{\"@type\":\"ReadAction\",\"target\":[\"https:\\\/\\\/janze-athletisme.fr\\\/wordpress\\\/interclubs-avenir-les-resultats\\\/\"]}]},{\"@type\":\"ImageObject\",\"inLanguage\":\"fr-FR\",\"@id\":\"https:\\\/\\\/janze-athletisme.fr\\\/wordpress\\\/interclubs-avenir-les-resultats\\\/#primaryimage\",\"url\":\"https:\\\/\\\/janze-athletisme.fr\\\/wordpress\\\/wp-content\\\/uploads\\\/2024\\\/10\\\/Lucie-29sept2024-3.jpg\",\"contentUrl\":\"https:\\\/\\\/janze-athletisme.fr\\\/wordpress\\\/wp-content\\\/uploads\\\/2024\\\/10\\\/Lucie-29sept2024-3.jpg\",\"width\":1500,\"height\":1501},{\"@type\":\"BreadcrumbList\",\"@id\":\"https:\\\/\\\/janze-athletisme.fr\\\/wordpress\\\/interclubs-avenir-les-resultats\\\/#breadcrumb\",\"itemListElement\":[{\"@type\":\"ListItem\",\"position\":1,\"name\":\"Accueil\",\"item\":\"https:\\\/\\\/janze-athletisme.fr\\\/wordpress\\\/\"},{\"@type\":\"ListItem\",\"position\":2,\"name\":\"Interclubs Avenir : les r\u00e9sultats\"}]},{\"@type\":\"WebSite\",\"@id\":\"https:\\\/\\\/janze-athletisme.fr\\\/wordpress\\\/#website\",\"url\":\"https:\\\/\\\/janze-athletisme.fr\\\/wordpress\\\/\",\"name\":\"Janz\u00e9 Athl\u00e9tisme\",\"description\":\"Pays de La Roche aux F\u00e9es\",\"publisher\":{\"@id\":\"https:\\\/\\\/janze-athletisme.fr\\\/wordpress\\\/#organization\"},\"potentialAction\":[{\"@type\":\"SearchAction\",\"target\":{\"@type\":\"EntryPoint\",\"urlTemplate\":\"https:\\\/\\\/janze-athletisme.fr\\\/wordpress\\\/?s={search_term_string}\"},\"query-input\":{\"@type\":\"PropertyValueSpecification\",\"valueRequired\":true,\"valueName\":\"search_term_string\"}}],\"inLanguage\":\"fr-FR\"},{\"@type\":\"Organization\",\"@id\":\"https:\\\/\\\/janze-athletisme.fr\\\/wordpress\\\/#organization\",\"name\":\"Janz\u00e9 Athl\u00e9tisme\",\"url\":\"https:\\\/\\\/janze-athletisme.fr\\\/wordpress\\\/\",\"logo\":{\"@type\":\"ImageObject\",\"inLanguage\":\"fr-FR\",\"@id\":\"https:\\\/\\\/janze-athletisme.fr\\\/wordpress\\\/#\\\/schema\\\/logo\\\/image\\\/\",\"url\":\"https:\\\/\\\/janze-athletisme.fr\\\/wordpress\\\/wp-content\\\/uploads\\\/2015\\\/03\\\/logo-full1.jpg\",\"contentUrl\":\"https:\\\/\\\/janze-athletisme.fr\\\/wordpress\\\/wp-content\\\/uploads\\\/2015\\\/03\\\/logo-full1.jpg\",\"width\":437,\"height\":205,\"caption\":\"Janz\u00e9 Athl\u00e9tisme\"},\"image\":{\"@id\":\"https:\\\/\\\/janze-athletisme.fr\\\/wordpress\\\/#\\\/schema\\\/logo\\\/image\\\/\"},\"sameAs\":[\"https:\\\/\\\/www.facebook.com\\\/groups\\\/1007964579346590\"]},{\"@type\":\"Person\",\"@id\":\"https:\\\/\\\/janze-athletisme.fr\\\/wordpress\\\/#\\\/schema\\\/person\\\/c7b063dcfa6234c041d4d9b26cc2ea03\",\"name\":\"Laurent Meunier\",\"image\":{\"@type\":\"ImageObject\",\"inLanguage\":\"fr-FR\",\"@id\":\"https:\\\/\\\/secure.gravatar.com\\\/avatar\\\/dd25d581ad7c3349090f2fa6a9adb6bfa287e6a5dd8a5216a092727cd8749034?s=96&d=mm&r=g\",\"url\":\"https:\\\/\\\/secure.gravatar.com\\\/avatar\\\/dd25d581ad7c3349090f2fa6a9adb6bfa287e6a5dd8a5216a092727cd8749034?s=96&d=mm&r=g\",\"contentUrl\":\"https:\\\/\\\/secure.gravatar.com\\\/avatar\\\/dd25d581ad7c3349090f2fa6a9adb6bfa287e6a5dd8a5216a092727cd8749034?s=96&d=mm&r=g\",\"caption\":\"Laurent Meunier\"},\"url\":\"https:\\\/\\\/janze-athletisme.fr\\\/wordpress\\\/author\\\/laurent-meunier35\\\/\"}]}<\/script>\n<!-- \/ Yoast SEO plugin. -->","yoast_head_json":{"title":"Interclubs Avenir : les r\u00e9sultats - Janz\u00e9 Athl\u00e9tisme","robots":{"index":"index","follow":"follow","max-snippet":"max-snippet:-1","max-image-preview":"max-image-preview:large","max-video-preview":"max-video-preview:-1"},"canonical":"https:\/\/janze-athletisme.fr\/wordpress\/interclubs-avenir-les-resultats\/","og_locale":"fr_FR","og_type":"article","og_title":"Interclubs Avenir : les r\u00e9sultats - Janz\u00e9 Athl\u00e9tisme","og_description":"Interclubs U23 (Cadets, Juniors, espoirs), dimanche 29 septembre Les perfs \u00e0 plus de 600 points Athl\u00e8te Cat\u00e9gorie \u00c9preuve Performance Points table de cotation Niveau Lucie Duvigneau (Cesson) CAF 200m 26&Prime;86 778 IR4 Sterenn Tanguy (Cesson) JUF 400m haies 69&Prime;19 771 IR3 Pauline Le Bihan (Cesson) ESF 100m 13&Prime;46 723 R3 Pauline Le Bihan (Cesson) ESF [&hellip;]","og_url":"https:\/\/janze-athletisme.fr\/wordpress\/interclubs-avenir-les-resultats\/","og_site_name":"Janz\u00e9 Athl\u00e9tisme","article_publisher":"https:\/\/www.facebook.com\/groups\/1007964579346590","article_published_time":"2024-10-01T12:48:42+00:00","article_modified_time":"2024-10-05T11:35:42+00:00","og_image":[{"width":1500,"height":1501,"url":"https:\/\/janze-athletisme.fr\/wordpress\/wp-content\/uploads\/2024\/10\/Lucie-29sept2024-3.jpg","type":"image\/jpeg"}],"author":"Laurent Meunier","twitter_card":"summary_large_image","twitter_misc":{"\u00c9crit par":"Laurent Meunier","Dur\u00e9e de lecture estim\u00e9e":"5 minutes"},"schema":{"@context":"https:\/\/schema.org","@graph":[{"@type":"Article","@id":"https:\/\/janze-athletisme.fr\/wordpress\/interclubs-avenir-les-resultats\/#article","isPartOf":{"@id":"https:\/\/janze-athletisme.fr\/wordpress\/interclubs-avenir-les-resultats\/"},"author":{"name":"Laurent Meunier","@id":"https:\/\/janze-athletisme.fr\/wordpress\/#\/schema\/person\/c7b063dcfa6234c041d4d9b26cc2ea03"},"headline":"Interclubs Avenir : les r\u00e9sultats","datePublished":"2024-10-01T12:48:42+00:00","dateModified":"2024-10-05T11:35:42+00:00","mainEntityOfPage":{"@id":"https:\/\/janze-athletisme.fr\/wordpress\/interclubs-avenir-les-resultats\/"},"wordCount":420,"commentCount":0,"publisher":{"@id":"https:\/\/janze-athletisme.fr\/wordpress\/#organization"},"image":{"@id":"https:\/\/janze-athletisme.fr\/wordpress\/interclubs-avenir-les-resultats\/#primaryimage"},"thumbnailUrl":"https:\/\/janze-athletisme.fr\/wordpress\/wp-content\/uploads\/2024\/10\/Lucie-29sept2024-3.jpg","articleSection":["Le club au jour le jour"],"inLanguage":"fr-FR","potentialAction":[{"@type":"CommentAction","name":"Comment","target":["https:\/\/janze-athletisme.fr\/wordpress\/interclubs-avenir-les-resultats\/#respond"]}]},{"@type":"WebPage","@id":"https:\/\/janze-athletisme.fr\/wordpress\/interclubs-avenir-les-resultats\/","url":"https:\/\/janze-athletisme.fr\/wordpress\/interclubs-avenir-les-resultats\/","name":"Interclubs Avenir : les r\u00e9sultats - Janz\u00e9 Athl\u00e9tisme","isPartOf":{"@id":"https:\/\/janze-athletisme.fr\/wordpress\/#website"},"primaryImageOfPage":{"@id":"https:\/\/janze-athletisme.fr\/wordpress\/interclubs-avenir-les-resultats\/#primaryimage"},"image":{"@id":"https:\/\/janze-athletisme.fr\/wordpress\/interclubs-avenir-les-resultats\/#primaryimage"},"thumbnailUrl":"https:\/\/janze-athletisme.fr\/wordpress\/wp-content\/uploads\/2024\/10\/Lucie-29sept2024-3.jpg","datePublished":"2024-10-01T12:48:42+00:00","dateModified":"2024-10-05T11:35:42+00:00","breadcrumb":{"@id":"https:\/\/janze-athletisme.fr\/wordpress\/interclubs-avenir-les-resultats\/#breadcrumb"},"inLanguage":"fr-FR","potentialAction":[{"@type":"ReadAction","target":["https:\/\/janze-athletisme.fr\/wordpress\/interclubs-avenir-les-resultats\/"]}]},{"@type":"ImageObject","inLanguage":"fr-FR","@id":"https:\/\/janze-athletisme.fr\/wordpress\/interclubs-avenir-les-resultats\/#primaryimage","url":"https:\/\/janze-athletisme.fr\/wordpress\/wp-content\/uploads\/2024\/10\/Lucie-29sept2024-3.jpg","contentUrl":"https:\/\/janze-athletisme.fr\/wordpress\/wp-content\/uploads\/2024\/10\/Lucie-29sept2024-3.jpg","width":1500,"height":1501},{"@type":"BreadcrumbList","@id":"https:\/\/janze-athletisme.fr\/wordpress\/interclubs-avenir-les-resultats\/#breadcrumb","itemListElement":[{"@type":"ListItem","position":1,"name":"Accueil","item":"https:\/\/janze-athletisme.fr\/wordpress\/"},{"@type":"ListItem","position":2,"name":"Interclubs Avenir : les r\u00e9sultats"}]},{"@type":"WebSite","@id":"https:\/\/janze-athletisme.fr\/wordpress\/#website","url":"https:\/\/janze-athletisme.fr\/wordpress\/","name":"Janz\u00e9 Athl\u00e9tisme","description":"Pays de La Roche aux F\u00e9es","publisher":{"@id":"https:\/\/janze-athletisme.fr\/wordpress\/#organization"},"potentialAction":[{"@type":"SearchAction","target":{"@type":"EntryPoint","urlTemplate":"https:\/\/janze-athletisme.fr\/wordpress\/?s={search_term_string}"},"query-input":{"@type":"PropertyValueSpecification","valueRequired":true,"valueName":"search_term_string"}}],"inLanguage":"fr-FR"},{"@type":"Organization","@id":"https:\/\/janze-athletisme.fr\/wordpress\/#organization","name":"Janz\u00e9 Athl\u00e9tisme","url":"https:\/\/janze-athletisme.fr\/wordpress\/","logo":{"@type":"ImageObject","inLanguage":"fr-FR","@id":"https:\/\/janze-athletisme.fr\/wordpress\/#\/schema\/logo\/image\/","url":"https:\/\/janze-athletisme.fr\/wordpress\/wp-content\/uploads\/2015\/03\/logo-full1.jpg","contentUrl":"https:\/\/janze-athletisme.fr\/wordpress\/wp-content\/uploads\/2015\/03\/logo-full1.jpg","width":437,"height":205,"caption":"Janz\u00e9 Athl\u00e9tisme"},"image":{"@id":"https:\/\/janze-athletisme.fr\/wordpress\/#\/schema\/logo\/image\/"},"sameAs":["https:\/\/www.facebook.com\/groups\/1007964579346590"]},{"@type":"Person","@id":"https:\/\/janze-athletisme.fr\/wordpress\/#\/schema\/person\/c7b063dcfa6234c041d4d9b26cc2ea03","name":"Laurent Meunier","image":{"@type":"ImageObject","inLanguage":"fr-FR","@id":"https:\/\/secure.gravatar.com\/avatar\/dd25d581ad7c3349090f2fa6a9adb6bfa287e6a5dd8a5216a092727cd8749034?s=96&d=mm&r=g","url":"https:\/\/secure.gravatar.com\/avatar\/dd25d581ad7c3349090f2fa6a9adb6bfa287e6a5dd8a5216a092727cd8749034?s=96&d=mm&r=g","contentUrl":"https:\/\/secure.gravatar.com\/avatar\/dd25d581ad7c3349090f2fa6a9adb6bfa287e6a5dd8a5216a092727cd8749034?s=96&d=mm&r=g","caption":"Laurent Meunier"},"url":"https:\/\/janze-athletisme.fr\/wordpress\/author\/laurent-meunier35\/"}]}},"uagb_featured_image_src":{"full":["https:\/\/janze-athletisme.fr\/wordpress\/wp-content\/uploads\/2024\/10\/Lucie-29sept2024-3.jpg",1500,1501,false],"thumbnail":["https:\/\/janze-athletisme.fr\/wordpress\/wp-content\/uploads\/2024\/10\/Lucie-29sept2024-3-150x150.jpg",150,150,true],"medium":["https:\/\/janze-athletisme.fr\/wordpress\/wp-content\/uploads\/2024\/10\/Lucie-29sept2024-3-300x300.jpg",300,300,true],"medium_large":["https:\/\/janze-athletisme.fr\/wordpress\/wp-content\/uploads\/2024\/10\/Lucie-29sept2024-3-768x769.jpg",768,769,true],"large":["https:\/\/janze-athletisme.fr\/wordpress\/wp-content\/uploads\/2024\/10\/Lucie-29sept2024-3-1024x1024.jpg",1024,1024,true],"1536x1536":["https:\/\/janze-athletisme.fr\/wordpress\/wp-content\/uploads\/2024\/10\/Lucie-29sept2024-3.jpg",1500,1501,false],"2048x2048":["https:\/\/janze-athletisme.fr\/wordpress\/wp-content\/uploads\/2024\/10\/Lucie-29sept2024-3.jpg",1500,1501,false]},"uagb_author_info":{"display_name":"Laurent Meunier","author_link":"https:\/\/janze-athletisme.fr\/wordpress\/author\/laurent-meunier35\/"},"uagb_comment_info":0,"uagb_excerpt":"Interclubs U23 (Cadets, Juniors, espoirs), dimanche 29 septembre Les perfs \u00e0 plus de 600 points Athl\u00e8te Cat\u00e9gorie \u00c9preuve Performance Points table de cotation Niveau Lucie Duvigneau (Cesson) CAF 200m 26&Prime;86 778 IR4 Sterenn Tanguy (Cesson) JUF 400m haies 69&Prime;19 771 IR3 Pauline Le Bihan (Cesson) ESF 100m 13&Prime;46 723 R3 Pauline Le Bihan (Cesson) ESF\u2026","_links":{"self":[{"href":"https:\/\/janze-athletisme.fr\/wordpress\/wp-json\/wp\/v2\/posts\/20907","targetHints":{"allow":["GET"]}}],"collection":[{"href":"https:\/\/janze-athletisme.fr\/wordpress\/wp-json\/wp\/v2\/posts"}],"about":[{"href":"https:\/\/janze-athletisme.fr\/wordpress\/wp-json\/wp\/v2\/types\/post"}],"author":[{"embeddable":true,"href":"https:\/\/janze-athletisme.fr\/wordpress\/wp-json\/wp\/v2\/users\/12"}],"replies":[{"embeddable":true,"href":"https:\/\/janze-athletisme.fr\/wordpress\/wp-json\/wp\/v2\/comments?post=20907"}],"version-history":[{"count":5,"href":"https:\/\/janze-athletisme.fr\/wordpress\/wp-json\/wp\/v2\/posts\/20907\/revisions"}],"predecessor-version":[{"id":21034,"href":"https:\/\/janze-athletisme.fr\/wordpress\/wp-json\/wp\/v2\/posts\/20907\/revisions\/21034"}],"wp:featuredmedia":[{"embeddable":true,"href":"https:\/\/janze-athletisme.fr\/wordpress\/wp-json\/wp\/v2\/media\/20908"}],"wp:attachment":[{"href":"https:\/\/janze-athletisme.fr\/wordpress\/wp-json\/wp\/v2\/media?parent=20907"}],"wp:term":[{"taxonomy":"category","embeddable":true,"href":"https:\/\/janze-athletisme.fr\/wordpress\/wp-json\/wp\/v2\/categories?post=20907"},{"taxonomy":"post_tag","embeddable":true,"href":"https:\/\/janze-athletisme.fr\/wordpress\/wp-json\/wp\/v2\/tags?post=20907"}],"curies":[{"name":"wp","href":"https:\/\/api.w.org\/{rel}","templated":true}]}}