{"id":20895,"date":"2024-10-01T13:26:09","date_gmt":"2024-10-01T11:26:09","guid":{"rendered":"https:\/\/janze-athletisme.fr\/wordpress\/?p=20895"},"modified":"2024-10-01T13:27:28","modified_gmt":"2024-10-01T11:27:28","slug":"run-2k-challenge-cest-aujourdhui-et-samedi-a-janze","status":"publish","type":"post","link":"https:\/\/janze-athletisme.fr\/wordpress\/run-2k-challenge-cest-aujourdhui-et-samedi-a-janze\/","title":{"rendered":"Run 2K Challenge : c&rsquo;est aujourd&rsquo;hui et samedi \u00e0 Janz\u00e9"},"content":{"rendered":"<p><span style=\"font-size: 18pt;\"><strong>Run 2K Challenge C&rsquo;est quoi et comment \u00e7a marche ?<\/strong><\/span><\/p>\n<p>Sous l&rsquo;\u00e9gide de la F\u00e9d\u00e9ration Fran\u00e7aise d&rsquo;Athl\u00e9tisme est organis\u00e9e pour la 5e ann\u00e9e une journ\u00e9e nationale de d\u00e9couverte du running sur une multitude de sites partout en France. Cette journ\u00e9e devait avoir lieu cette ann\u00e9e entre le d\u00e9but septembre et le 7 octobre. Pour Janz\u00e9 Athl\u00e9 ce sera ce mardi soir 1er octobre pour le hors-stade et une partie des jeunes du demi-fond, vers 19h20 (15&prime; d&rsquo;\u00e9chauffement pr\u00e9alable), et samedi pour tous les jeunes des groupes de Mathieu et Sylvain, \u00e0 partir de 10 heures, sur la piste du stade Louis-Lecoq les deux fois..<\/p>\n<p>Le principe est maintenant rod\u00e9. On se teste sur un 2000m, qu&rsquo;on soit ou non licenci\u00e9, d\u00e9butant ou confirm\u00e9. Ce peut \u00eatre une s\u00e9ance en soi (mani\u00e8re de mesurer sa VMA sur un 2000m) ou servir d&rsquo;ap\u00e9ritif pour une s\u00e9ance un peu plus costaude.<\/p>\n<p>Chacun\/chacune pourra ensuite aller sur le site vou\u00e9 (<a href=\"https:\/\/www.jaimecourir.fr\/Run2KChallenge.aspx\">https:\/\/www.jaimecourir.fr\/Run2KChallenge.aspx<\/a>) et signaler sa performance. Le compteur kilom\u00e9trique national affiche au matin du 1er octobre un total de 38 303 km parcourus dans le cadre de ce challenge, soit quasiment un tour du monde. Apr\u00e8s le passage du challenge \u00e0 Janz\u00e9, on y sera. Ou presque !<\/p>\n<p><a href=\"https:\/\/janze-athletisme.fr\/wordpress\/wp-content\/uploads\/2024\/10\/K2Run-23sept2023-4.jpg\"><img loading=\"lazy\" decoding=\"async\" class=\"alignnone wp-image-20897\" src=\"https:\/\/janze-athletisme.fr\/wordpress\/wp-content\/uploads\/2024\/10\/K2Run-23sept2023-4-300x128.jpg\" alt=\"\" width=\"790\" height=\"337\" srcset=\"https:\/\/janze-athletisme.fr\/wordpress\/wp-content\/uploads\/2024\/10\/K2Run-23sept2023-4-300x128.jpg 300w, https:\/\/janze-athletisme.fr\/wordpress\/wp-content\/uploads\/2024\/10\/K2Run-23sept2023-4-768x329.jpg 768w, https:\/\/janze-athletisme.fr\/wordpress\/wp-content\/uploads\/2024\/10\/K2Run-23sept2023-4-1536x658.jpg 1536w, https:\/\/janze-athletisme.fr\/wordpress\/wp-content\/uploads\/2024\/10\/K2Run-23sept2023-4-2048x877.jpg 2048w\" sizes=\"auto, (max-width: 790px) 100vw, 790px\" \/><\/a><\/p>\n<div class=\"textelib\"><span style=\"font-size: 10pt;\"><em>Lors de l&rsquo;\u00e9dition 2023 \u00e0 Janz\u00e9.<\/em><\/span><\/div>\n","protected":false},"excerpt":{"rendered":"<p>Run 2K Challenge C&rsquo;est quoi et comment \u00e7a marche ? Sous l&rsquo;\u00e9gide de la F\u00e9d\u00e9ration Fran\u00e7aise d&rsquo;Athl\u00e9tisme est organis\u00e9e pour la 5e ann\u00e9e une journ\u00e9e nationale de d\u00e9couverte du running sur une multitude de sites partout en France. Cette journ\u00e9e devait avoir lieu cette ann\u00e9e entre le d\u00e9but septembre et le 7 octobre. Pour Janz\u00e9 [&hellip;]<\/p>\n","protected":false},"author":12,"featured_media":20898,"comment_status":"open","ping_status":"open","sticky":false,"template":"","format":"aside","meta":{"_uag_custom_page_level_css":"","site-sidebar-layout":"default","site-content-layout":"","ast-site-content-layout":"default","site-content-style":"default","site-sidebar-style":"default","ast-global-header-display":"","ast-banner-title-visibility":"","ast-main-header-display":"","ast-hfb-above-header-display":"","ast-hfb-below-header-display":"","ast-hfb-mobile-header-display":"","site-post-title":"","ast-breadcrumbs-content":"","ast-featured-img":"","footer-sml-layout":"","ast-disable-related-posts":"","theme-transparent-header-meta":"default","adv-header-id-meta":"","stick-header-meta":"","header-above-stick-meta":"","header-main-stick-meta":"","header-below-stick-meta":"","astra-migrate-meta-layouts":"set","ast-page-background-enabled":"default","ast-page-background-meta":{"desktop":{"background-color":"var(--ast-global-color-4)","background-image":"","background-repeat":"repeat","background-position":"center center","background-size":"auto","background-attachment":"scroll","background-type":"","background-media":"","overlay-type":"","overlay-color":"","overlay-opacity":"","overlay-gradient":""},"tablet":{"background-color":"","background-image":"","background-repeat":"repeat","background-position":"center center","background-size":"auto","background-attachment":"scroll","background-type":"","background-media":"","overlay-type":"","overlay-color":"","overlay-opacity":"","overlay-gradient":""},"mobile":{"background-color":"","background-image":"","background-repeat":"repeat","background-position":"center center","background-size":"auto","background-attachment":"scroll","background-type":"","background-media":"","overlay-type":"","overlay-color":"","overlay-opacity":"","overlay-gradient":""}},"ast-content-background-meta":{"desktop":{"background-color":"var(--ast-global-color-5)","background-image":"","background-repeat":"repeat","background-position":"center center","background-size":"auto","background-attachment":"scroll","background-type":"","background-media":"","overlay-type":"","overlay-color":"","overlay-opacity":"","overlay-gradient":""},"tablet":{"background-color":"var(--ast-global-color-5)","background-image":"","background-repeat":"repeat","background-position":"center center","background-size":"auto","background-attachment":"scroll","background-type":"","background-media":"","overlay-type":"","overlay-color":"","overlay-opacity":"","overlay-gradient":""},"mobile":{"background-color":"var(--ast-global-color-5)","background-image":"","background-repeat":"repeat","background-position":"center center","background-size":"auto","background-attachment":"scroll","background-type":"","background-media":"","overlay-type":"","overlay-color":"","overlay-opacity":"","overlay-gradient":""}},"footnotes":""},"categories":[6],"tags":[],"class_list":["post-20895","post","type-post","status-publish","format-aside","has-post-thumbnail","hentry","category-sections","post_format-post-format-aside"],"yoast_head":"<!-- This site is optimized with the Yoast SEO plugin v27.5 - https:\/\/yoast.com\/product\/yoast-seo-wordpress\/ -->\n<title>Run 2K Challenge : c&#039;est aujourd&#039;hui et samedi \u00e0 Janz\u00e9 - Janz\u00e9 Athl\u00e9tisme<\/title>\n<meta name=\"robots\" content=\"index, follow, max-snippet:-1, max-image-preview:large, max-video-preview:-1\" \/>\n<link rel=\"canonical\" href=\"https:\/\/janze-athletisme.fr\/wordpress\/run-2k-challenge-cest-aujourdhui-et-samedi-a-janze\/\" \/>\n<meta property=\"og:locale\" content=\"fr_FR\" \/>\n<meta property=\"og:type\" content=\"article\" \/>\n<meta property=\"og:title\" content=\"Run 2K Challenge : c&#039;est aujourd&#039;hui et samedi \u00e0 Janz\u00e9 - Janz\u00e9 Athl\u00e9tisme\" \/>\n<meta property=\"og:description\" content=\"Run 2K Challenge C&rsquo;est quoi et comment \u00e7a marche ? Sous l&rsquo;\u00e9gide de la F\u00e9d\u00e9ration Fran\u00e7aise d&rsquo;Athl\u00e9tisme est organis\u00e9e pour la 5e ann\u00e9e une journ\u00e9e nationale de d\u00e9couverte du running sur une multitude de sites partout en France. Cette journ\u00e9e devait avoir lieu cette ann\u00e9e entre le d\u00e9but septembre et le 7 octobre. Pour Janz\u00e9 [&hellip;]\" \/>\n<meta property=\"og:url\" content=\"https:\/\/janze-athletisme.fr\/wordpress\/run-2k-challenge-cest-aujourdhui-et-samedi-a-janze\/\" \/>\n<meta property=\"og:site_name\" content=\"Janz\u00e9 Athl\u00e9tisme\" \/>\n<meta property=\"article:publisher\" content=\"https:\/\/www.facebook.com\/groups\/1007964579346590\" \/>\n<meta property=\"article:published_time\" content=\"2024-10-01T11:26:09+00:00\" \/>\n<meta property=\"article:modified_time\" content=\"2024-10-01T11:27:28+00:00\" \/>\n<meta property=\"og:image\" content=\"https:\/\/janze-athletisme.fr\/wordpress\/wp-content\/uploads\/2024\/10\/Run-2K-Challenge.jpg\" \/>\n\t<meta property=\"og:image:width\" content=\"292\" \/>\n\t<meta property=\"og:image:height\" content=\"292\" \/>\n\t<meta property=\"og:image:type\" content=\"image\/jpeg\" \/>\n<meta name=\"author\" content=\"Laurent Meunier\" \/>\n<meta name=\"twitter:card\" content=\"summary_large_image\" \/>\n<meta name=\"twitter:label1\" content=\"\u00c9crit par\" \/>\n\t<meta name=\"twitter:data1\" content=\"Laurent Meunier\" \/>\n\t<meta name=\"twitter:label2\" content=\"Dur\u00e9e de lecture estim\u00e9e\" \/>\n\t<meta name=\"twitter:data2\" content=\"2 minutes\" \/>\n<script type=\"application\/ld+json\" class=\"yoast-schema-graph\">{\"@context\":\"https:\\\/\\\/schema.org\",\"@graph\":[{\"@type\":\"Article\",\"@id\":\"https:\\\/\\\/janze-athletisme.fr\\\/wordpress\\\/run-2k-challenge-cest-aujourdhui-et-samedi-a-janze\\\/#article\",\"isPartOf\":{\"@id\":\"https:\\\/\\\/janze-athletisme.fr\\\/wordpress\\\/run-2k-challenge-cest-aujourdhui-et-samedi-a-janze\\\/\"},\"author\":{\"name\":\"Laurent Meunier\",\"@id\":\"https:\\\/\\\/janze-athletisme.fr\\\/wordpress\\\/#\\\/schema\\\/person\\\/c7b063dcfa6234c041d4d9b26cc2ea03\"},\"headline\":\"Run 2K Challenge : c&rsquo;est aujourd&rsquo;hui et samedi \u00e0 Janz\u00e9\",\"datePublished\":\"2024-10-01T11:26:09+00:00\",\"dateModified\":\"2024-10-01T11:27:28+00:00\",\"mainEntityOfPage\":{\"@id\":\"https:\\\/\\\/janze-athletisme.fr\\\/wordpress\\\/run-2k-challenge-cest-aujourdhui-et-samedi-a-janze\\\/\"},\"wordCount\":241,\"commentCount\":0,\"publisher\":{\"@id\":\"https:\\\/\\\/janze-athletisme.fr\\\/wordpress\\\/#organization\"},\"image\":{\"@id\":\"https:\\\/\\\/janze-athletisme.fr\\\/wordpress\\\/run-2k-challenge-cest-aujourdhui-et-samedi-a-janze\\\/#primaryimage\"},\"thumbnailUrl\":\"https:\\\/\\\/janze-athletisme.fr\\\/wordpress\\\/wp-content\\\/uploads\\\/2024\\\/10\\\/Run-2K-Challenge.jpg\",\"articleSection\":[\"Le club au jour le jour\"],\"inLanguage\":\"fr-FR\",\"potentialAction\":[{\"@type\":\"CommentAction\",\"name\":\"Comment\",\"target\":[\"https:\\\/\\\/janze-athletisme.fr\\\/wordpress\\\/run-2k-challenge-cest-aujourdhui-et-samedi-a-janze\\\/#respond\"]}]},{\"@type\":\"WebPage\",\"@id\":\"https:\\\/\\\/janze-athletisme.fr\\\/wordpress\\\/run-2k-challenge-cest-aujourdhui-et-samedi-a-janze\\\/\",\"url\":\"https:\\\/\\\/janze-athletisme.fr\\\/wordpress\\\/run-2k-challenge-cest-aujourdhui-et-samedi-a-janze\\\/\",\"name\":\"Run 2K Challenge : c'est aujourd'hui et samedi \u00e0 Janz\u00e9 - Janz\u00e9 Athl\u00e9tisme\",\"isPartOf\":{\"@id\":\"https:\\\/\\\/janze-athletisme.fr\\\/wordpress\\\/#website\"},\"primaryImageOfPage\":{\"@id\":\"https:\\\/\\\/janze-athletisme.fr\\\/wordpress\\\/run-2k-challenge-cest-aujourdhui-et-samedi-a-janze\\\/#primaryimage\"},\"image\":{\"@id\":\"https:\\\/\\\/janze-athletisme.fr\\\/wordpress\\\/run-2k-challenge-cest-aujourdhui-et-samedi-a-janze\\\/#primaryimage\"},\"thumbnailUrl\":\"https:\\\/\\\/janze-athletisme.fr\\\/wordpress\\\/wp-content\\\/uploads\\\/2024\\\/10\\\/Run-2K-Challenge.jpg\",\"datePublished\":\"2024-10-01T11:26:09+00:00\",\"dateModified\":\"2024-10-01T11:27:28+00:00\",\"breadcrumb\":{\"@id\":\"https:\\\/\\\/janze-athletisme.fr\\\/wordpress\\\/run-2k-challenge-cest-aujourdhui-et-samedi-a-janze\\\/#breadcrumb\"},\"inLanguage\":\"fr-FR\",\"potentialAction\":[{\"@type\":\"ReadAction\",\"target\":[\"https:\\\/\\\/janze-athletisme.fr\\\/wordpress\\\/run-2k-challenge-cest-aujourdhui-et-samedi-a-janze\\\/\"]}]},{\"@type\":\"ImageObject\",\"inLanguage\":\"fr-FR\",\"@id\":\"https:\\\/\\\/janze-athletisme.fr\\\/wordpress\\\/run-2k-challenge-cest-aujourdhui-et-samedi-a-janze\\\/#primaryimage\",\"url\":\"https:\\\/\\\/janze-athletisme.fr\\\/wordpress\\\/wp-content\\\/uploads\\\/2024\\\/10\\\/Run-2K-Challenge.jpg\",\"contentUrl\":\"https:\\\/\\\/janze-athletisme.fr\\\/wordpress\\\/wp-content\\\/uploads\\\/2024\\\/10\\\/Run-2K-Challenge.jpg\",\"width\":292,\"height\":292},{\"@type\":\"BreadcrumbList\",\"@id\":\"https:\\\/\\\/janze-athletisme.fr\\\/wordpress\\\/run-2k-challenge-cest-aujourdhui-et-samedi-a-janze\\\/#breadcrumb\",\"itemListElement\":[{\"@type\":\"ListItem\",\"position\":1,\"name\":\"Accueil\",\"item\":\"https:\\\/\\\/janze-athletisme.fr\\\/wordpress\\\/\"},{\"@type\":\"ListItem\",\"position\":2,\"name\":\"Run 2K Challenge : c&#8217;est aujourd&#8217;hui et samedi \u00e0 Janz\u00e9\"}]},{\"@type\":\"WebSite\",\"@id\":\"https:\\\/\\\/janze-athletisme.fr\\\/wordpress\\\/#website\",\"url\":\"https:\\\/\\\/janze-athletisme.fr\\\/wordpress\\\/\",\"name\":\"Janz\u00e9 Athl\u00e9tisme\",\"description\":\"Pays de La Roche aux F\u00e9es\",\"publisher\":{\"@id\":\"https:\\\/\\\/janze-athletisme.fr\\\/wordpress\\\/#organization\"},\"potentialAction\":[{\"@type\":\"SearchAction\",\"target\":{\"@type\":\"EntryPoint\",\"urlTemplate\":\"https:\\\/\\\/janze-athletisme.fr\\\/wordpress\\\/?s={search_term_string}\"},\"query-input\":{\"@type\":\"PropertyValueSpecification\",\"valueRequired\":true,\"valueName\":\"search_term_string\"}}],\"inLanguage\":\"fr-FR\"},{\"@type\":\"Organization\",\"@id\":\"https:\\\/\\\/janze-athletisme.fr\\\/wordpress\\\/#organization\",\"name\":\"Janz\u00e9 Athl\u00e9tisme\",\"url\":\"https:\\\/\\\/janze-athletisme.fr\\\/wordpress\\\/\",\"logo\":{\"@type\":\"ImageObject\",\"inLanguage\":\"fr-FR\",\"@id\":\"https:\\\/\\\/janze-athletisme.fr\\\/wordpress\\\/#\\\/schema\\\/logo\\\/image\\\/\",\"url\":\"https:\\\/\\\/janze-athletisme.fr\\\/wordpress\\\/wp-content\\\/uploads\\\/2015\\\/03\\\/logo-full1.jpg\",\"contentUrl\":\"https:\\\/\\\/janze-athletisme.fr\\\/wordpress\\\/wp-content\\\/uploads\\\/2015\\\/03\\\/logo-full1.jpg\",\"width\":437,\"height\":205,\"caption\":\"Janz\u00e9 Athl\u00e9tisme\"},\"image\":{\"@id\":\"https:\\\/\\\/janze-athletisme.fr\\\/wordpress\\\/#\\\/schema\\\/logo\\\/image\\\/\"},\"sameAs\":[\"https:\\\/\\\/www.facebook.com\\\/groups\\\/1007964579346590\"]},{\"@type\":\"Person\",\"@id\":\"https:\\\/\\\/janze-athletisme.fr\\\/wordpress\\\/#\\\/schema\\\/person\\\/c7b063dcfa6234c041d4d9b26cc2ea03\",\"name\":\"Laurent Meunier\",\"image\":{\"@type\":\"ImageObject\",\"inLanguage\":\"fr-FR\",\"@id\":\"https:\\\/\\\/secure.gravatar.com\\\/avatar\\\/dd25d581ad7c3349090f2fa6a9adb6bfa287e6a5dd8a5216a092727cd8749034?s=96&d=mm&r=g\",\"url\":\"https:\\\/\\\/secure.gravatar.com\\\/avatar\\\/dd25d581ad7c3349090f2fa6a9adb6bfa287e6a5dd8a5216a092727cd8749034?s=96&d=mm&r=g\",\"contentUrl\":\"https:\\\/\\\/secure.gravatar.com\\\/avatar\\\/dd25d581ad7c3349090f2fa6a9adb6bfa287e6a5dd8a5216a092727cd8749034?s=96&d=mm&r=g\",\"caption\":\"Laurent Meunier\"},\"url\":\"https:\\\/\\\/janze-athletisme.fr\\\/wordpress\\\/author\\\/laurent-meunier35\\\/\"}]}<\/script>\n<!-- \/ Yoast SEO plugin. -->","yoast_head_json":{"title":"Run 2K Challenge : c'est aujourd'hui et samedi \u00e0 Janz\u00e9 - Janz\u00e9 Athl\u00e9tisme","robots":{"index":"index","follow":"follow","max-snippet":"max-snippet:-1","max-image-preview":"max-image-preview:large","max-video-preview":"max-video-preview:-1"},"canonical":"https:\/\/janze-athletisme.fr\/wordpress\/run-2k-challenge-cest-aujourdhui-et-samedi-a-janze\/","og_locale":"fr_FR","og_type":"article","og_title":"Run 2K Challenge : c'est aujourd'hui et samedi \u00e0 Janz\u00e9 - Janz\u00e9 Athl\u00e9tisme","og_description":"Run 2K Challenge C&rsquo;est quoi et comment \u00e7a marche ? Sous l&rsquo;\u00e9gide de la F\u00e9d\u00e9ration Fran\u00e7aise d&rsquo;Athl\u00e9tisme est organis\u00e9e pour la 5e ann\u00e9e une journ\u00e9e nationale de d\u00e9couverte du running sur une multitude de sites partout en France. Cette journ\u00e9e devait avoir lieu cette ann\u00e9e entre le d\u00e9but septembre et le 7 octobre. Pour Janz\u00e9 [&hellip;]","og_url":"https:\/\/janze-athletisme.fr\/wordpress\/run-2k-challenge-cest-aujourdhui-et-samedi-a-janze\/","og_site_name":"Janz\u00e9 Athl\u00e9tisme","article_publisher":"https:\/\/www.facebook.com\/groups\/1007964579346590","article_published_time":"2024-10-01T11:26:09+00:00","article_modified_time":"2024-10-01T11:27:28+00:00","og_image":[{"width":292,"height":292,"url":"https:\/\/janze-athletisme.fr\/wordpress\/wp-content\/uploads\/2024\/10\/Run-2K-Challenge.jpg","type":"image\/jpeg"}],"author":"Laurent Meunier","twitter_card":"summary_large_image","twitter_misc":{"\u00c9crit par":"Laurent Meunier","Dur\u00e9e de lecture estim\u00e9e":"2 minutes"},"schema":{"@context":"https:\/\/schema.org","@graph":[{"@type":"Article","@id":"https:\/\/janze-athletisme.fr\/wordpress\/run-2k-challenge-cest-aujourdhui-et-samedi-a-janze\/#article","isPartOf":{"@id":"https:\/\/janze-athletisme.fr\/wordpress\/run-2k-challenge-cest-aujourdhui-et-samedi-a-janze\/"},"author":{"name":"Laurent Meunier","@id":"https:\/\/janze-athletisme.fr\/wordpress\/#\/schema\/person\/c7b063dcfa6234c041d4d9b26cc2ea03"},"headline":"Run 2K Challenge : c&rsquo;est aujourd&rsquo;hui et samedi \u00e0 Janz\u00e9","datePublished":"2024-10-01T11:26:09+00:00","dateModified":"2024-10-01T11:27:28+00:00","mainEntityOfPage":{"@id":"https:\/\/janze-athletisme.fr\/wordpress\/run-2k-challenge-cest-aujourdhui-et-samedi-a-janze\/"},"wordCount":241,"commentCount":0,"publisher":{"@id":"https:\/\/janze-athletisme.fr\/wordpress\/#organization"},"image":{"@id":"https:\/\/janze-athletisme.fr\/wordpress\/run-2k-challenge-cest-aujourdhui-et-samedi-a-janze\/#primaryimage"},"thumbnailUrl":"https:\/\/janze-athletisme.fr\/wordpress\/wp-content\/uploads\/2024\/10\/Run-2K-Challenge.jpg","articleSection":["Le club au jour le jour"],"inLanguage":"fr-FR","potentialAction":[{"@type":"CommentAction","name":"Comment","target":["https:\/\/janze-athletisme.fr\/wordpress\/run-2k-challenge-cest-aujourdhui-et-samedi-a-janze\/#respond"]}]},{"@type":"WebPage","@id":"https:\/\/janze-athletisme.fr\/wordpress\/run-2k-challenge-cest-aujourdhui-et-samedi-a-janze\/","url":"https:\/\/janze-athletisme.fr\/wordpress\/run-2k-challenge-cest-aujourdhui-et-samedi-a-janze\/","name":"Run 2K Challenge : c'est aujourd'hui et samedi \u00e0 Janz\u00e9 - Janz\u00e9 Athl\u00e9tisme","isPartOf":{"@id":"https:\/\/janze-athletisme.fr\/wordpress\/#website"},"primaryImageOfPage":{"@id":"https:\/\/janze-athletisme.fr\/wordpress\/run-2k-challenge-cest-aujourdhui-et-samedi-a-janze\/#primaryimage"},"image":{"@id":"https:\/\/janze-athletisme.fr\/wordpress\/run-2k-challenge-cest-aujourdhui-et-samedi-a-janze\/#primaryimage"},"thumbnailUrl":"https:\/\/janze-athletisme.fr\/wordpress\/wp-content\/uploads\/2024\/10\/Run-2K-Challenge.jpg","datePublished":"2024-10-01T11:26:09+00:00","dateModified":"2024-10-01T11:27:28+00:00","breadcrumb":{"@id":"https:\/\/janze-athletisme.fr\/wordpress\/run-2k-challenge-cest-aujourdhui-et-samedi-a-janze\/#breadcrumb"},"inLanguage":"fr-FR","potentialAction":[{"@type":"ReadAction","target":["https:\/\/janze-athletisme.fr\/wordpress\/run-2k-challenge-cest-aujourdhui-et-samedi-a-janze\/"]}]},{"@type":"ImageObject","inLanguage":"fr-FR","@id":"https:\/\/janze-athletisme.fr\/wordpress\/run-2k-challenge-cest-aujourdhui-et-samedi-a-janze\/#primaryimage","url":"https:\/\/janze-athletisme.fr\/wordpress\/wp-content\/uploads\/2024\/10\/Run-2K-Challenge.jpg","contentUrl":"https:\/\/janze-athletisme.fr\/wordpress\/wp-content\/uploads\/2024\/10\/Run-2K-Challenge.jpg","width":292,"height":292},{"@type":"BreadcrumbList","@id":"https:\/\/janze-athletisme.fr\/wordpress\/run-2k-challenge-cest-aujourdhui-et-samedi-a-janze\/#breadcrumb","itemListElement":[{"@type":"ListItem","position":1,"name":"Accueil","item":"https:\/\/janze-athletisme.fr\/wordpress\/"},{"@type":"ListItem","position":2,"name":"Run 2K Challenge : c&#8217;est aujourd&#8217;hui et samedi \u00e0 Janz\u00e9"}]},{"@type":"WebSite","@id":"https:\/\/janze-athletisme.fr\/wordpress\/#website","url":"https:\/\/janze-athletisme.fr\/wordpress\/","name":"Janz\u00e9 Athl\u00e9tisme","description":"Pays de La Roche aux F\u00e9es","publisher":{"@id":"https:\/\/janze-athletisme.fr\/wordpress\/#organization"},"potentialAction":[{"@type":"SearchAction","target":{"@type":"EntryPoint","urlTemplate":"https:\/\/janze-athletisme.fr\/wordpress\/?s={search_term_string}"},"query-input":{"@type":"PropertyValueSpecification","valueRequired":true,"valueName":"search_term_string"}}],"inLanguage":"fr-FR"},{"@type":"Organization","@id":"https:\/\/janze-athletisme.fr\/wordpress\/#organization","name":"Janz\u00e9 Athl\u00e9tisme","url":"https:\/\/janze-athletisme.fr\/wordpress\/","logo":{"@type":"ImageObject","inLanguage":"fr-FR","@id":"https:\/\/janze-athletisme.fr\/wordpress\/#\/schema\/logo\/image\/","url":"https:\/\/janze-athletisme.fr\/wordpress\/wp-content\/uploads\/2015\/03\/logo-full1.jpg","contentUrl":"https:\/\/janze-athletisme.fr\/wordpress\/wp-content\/uploads\/2015\/03\/logo-full1.jpg","width":437,"height":205,"caption":"Janz\u00e9 Athl\u00e9tisme"},"image":{"@id":"https:\/\/janze-athletisme.fr\/wordpress\/#\/schema\/logo\/image\/"},"sameAs":["https:\/\/www.facebook.com\/groups\/1007964579346590"]},{"@type":"Person","@id":"https:\/\/janze-athletisme.fr\/wordpress\/#\/schema\/person\/c7b063dcfa6234c041d4d9b26cc2ea03","name":"Laurent Meunier","image":{"@type":"ImageObject","inLanguage":"fr-FR","@id":"https:\/\/secure.gravatar.com\/avatar\/dd25d581ad7c3349090f2fa6a9adb6bfa287e6a5dd8a5216a092727cd8749034?s=96&d=mm&r=g","url":"https:\/\/secure.gravatar.com\/avatar\/dd25d581ad7c3349090f2fa6a9adb6bfa287e6a5dd8a5216a092727cd8749034?s=96&d=mm&r=g","contentUrl":"https:\/\/secure.gravatar.com\/avatar\/dd25d581ad7c3349090f2fa6a9adb6bfa287e6a5dd8a5216a092727cd8749034?s=96&d=mm&r=g","caption":"Laurent Meunier"},"url":"https:\/\/janze-athletisme.fr\/wordpress\/author\/laurent-meunier35\/"}]}},"uagb_featured_image_src":{"full":["https:\/\/janze-athletisme.fr\/wordpress\/wp-content\/uploads\/2024\/10\/Run-2K-Challenge.jpg",292,292,false],"thumbnail":["https:\/\/janze-athletisme.fr\/wordpress\/wp-content\/uploads\/2024\/10\/Run-2K-Challenge-150x150.jpg",150,150,true],"medium":["https:\/\/janze-athletisme.fr\/wordpress\/wp-content\/uploads\/2024\/10\/Run-2K-Challenge.jpg",292,292,false],"medium_large":["https:\/\/janze-athletisme.fr\/wordpress\/wp-content\/uploads\/2024\/10\/Run-2K-Challenge.jpg",292,292,false],"large":["https:\/\/janze-athletisme.fr\/wordpress\/wp-content\/uploads\/2024\/10\/Run-2K-Challenge.jpg",292,292,false],"1536x1536":["https:\/\/janze-athletisme.fr\/wordpress\/wp-content\/uploads\/2024\/10\/Run-2K-Challenge.jpg",292,292,false],"2048x2048":["https:\/\/janze-athletisme.fr\/wordpress\/wp-content\/uploads\/2024\/10\/Run-2K-Challenge.jpg",292,292,false]},"uagb_author_info":{"display_name":"Laurent Meunier","author_link":"https:\/\/janze-athletisme.fr\/wordpress\/author\/laurent-meunier35\/"},"uagb_comment_info":0,"uagb_excerpt":"Run 2K Challenge C&rsquo;est quoi et comment \u00e7a marche ? Sous l&rsquo;\u00e9gide de la F\u00e9d\u00e9ration Fran\u00e7aise d&rsquo;Athl\u00e9tisme est organis\u00e9e pour la 5e ann\u00e9e une journ\u00e9e nationale de d\u00e9couverte du running sur une multitude de sites partout en France. Cette journ\u00e9e devait avoir lieu cette ann\u00e9e entre le d\u00e9but septembre et le 7 octobre. Pour Janz\u00e9\u2026","_links":{"self":[{"href":"https:\/\/janze-athletisme.fr\/wordpress\/wp-json\/wp\/v2\/posts\/20895","targetHints":{"allow":["GET"]}}],"collection":[{"href":"https:\/\/janze-athletisme.fr\/wordpress\/wp-json\/wp\/v2\/posts"}],"about":[{"href":"https:\/\/janze-athletisme.fr\/wordpress\/wp-json\/wp\/v2\/types\/post"}],"author":[{"embeddable":true,"href":"https:\/\/janze-athletisme.fr\/wordpress\/wp-json\/wp\/v2\/users\/12"}],"replies":[{"embeddable":true,"href":"https:\/\/janze-athletisme.fr\/wordpress\/wp-json\/wp\/v2\/comments?post=20895"}],"version-history":[{"count":2,"href":"https:\/\/janze-athletisme.fr\/wordpress\/wp-json\/wp\/v2\/posts\/20895\/revisions"}],"predecessor-version":[{"id":20900,"href":"https:\/\/janze-athletisme.fr\/wordpress\/wp-json\/wp\/v2\/posts\/20895\/revisions\/20900"}],"wp:featuredmedia":[{"embeddable":true,"href":"https:\/\/janze-athletisme.fr\/wordpress\/wp-json\/wp\/v2\/media\/20898"}],"wp:attachment":[{"href":"https:\/\/janze-athletisme.fr\/wordpress\/wp-json\/wp\/v2\/media?parent=20895"}],"wp:term":[{"taxonomy":"category","embeddable":true,"href":"https:\/\/janze-athletisme.fr\/wordpress\/wp-json\/wp\/v2\/categories?post=20895"},{"taxonomy":"post_tag","embeddable":true,"href":"https:\/\/janze-athletisme.fr\/wordpress\/wp-json\/wp\/v2\/tags?post=20895"}],"curies":[{"name":"wp","href":"https:\/\/api.w.org\/{rel}","templated":true}]}}