{"id":20882,"date":"2024-09-30T20:06:04","date_gmt":"2024-09-30T18:06:04","guid":{"rendered":"https:\/\/janze-athletisme.fr\/wordpress\/?p=20882"},"modified":"2024-09-30T20:06:04","modified_gmt":"2024-09-30T18:06:04","slug":"une-equipe-qui-vit-bien-et-prepare-lavenir","status":"publish","type":"post","link":"https:\/\/janze-athletisme.fr\/wordpress\/une-equipe-qui-vit-bien-et-prepare-lavenir\/","title":{"rendered":"Une \u00e9quipe qui vit bien et pr\u00e9pare l&rsquo;avenir\u2026"},"content":{"rendered":"<p><span style=\"font-size: 18pt;\"><strong>Interclubs U23 (Cadets, Juniors, espoirs), dimanche 29 septembre<\/strong><\/span><\/p>\n<p>Il y a un an, il faisait presque trop chaud, les brassi\u00e8res \u00e9taient de sortie et on n&rsquo;avait presque plus envie de quitter le stade tellement on \u00e9tait bien. Cette ann\u00e9e, on se serait cru en d\u00e9cembre, le ciel \u00e9tait charg\u00e9, avec un vent soufflant par moment en rafales, et surtout il faisait frais, presque froid parfois, \u00e0 avoir envie de rentrer le plus vite possible chez soi et de passer le moins de temps possible dans les tribunes.<\/p>\n<p>Dans ces conditions, compliqu\u00e9 de performer, d&rsquo;\u00eatre bien, d&rsquo;atteindre les objectifs fix\u00e9s dans le confort de s\u00e9ances d&rsquo;entra\u00eenement chaleureuses. Il est moins \u00e9vident de s&rsquo;engager quand la motivation est en berne, \u00e0 cause du vent et du froid.<\/p>\n<p>Le test garde n\u00e9anmoins toute sa valeur. Pour ceux qui commencent \u00e0 travailler la salle comme pour les demi-fondeurs. On regarde o\u00f9 \u00e7a p\u00eache, ce qu&rsquo;il faut encore bosser, les failles dans la pr\u00e9paration, mais aussi les premiers signes encourageants.<\/p>\n<p>Et puis, c&rsquo;\u00e9tait une comp\u00e9tition Interclubs. C&rsquo;\u00e9tait l&rsquo;occasion de retrouvailles avec Cesson et Bain et de s&rsquo;encourager mutuellement. Nos jeunes commencent \u00e0 bien se conna\u00eetre et avaient du plaisir \u00e0 se retrouver.<\/p>\n<p><span style=\"font-size: 14pt;\"><strong>Des perfs un peu moins hautes\u2026<\/strong><\/span><\/p>\n<p>Avec 10\u00a0832\u00a0points, nous restons \u00e0 51 points du total 2023 (10\u00a0883\u00a0points). Alors que nous avions gagn\u00e9 notre poule N2-U23 l&rsquo;an pass\u00e9, nous nous classons cette fois troisi\u00e8mes et derniers, \u00e0 700 points des premiers (Tr\u00e9gor Go\u00eblo 11\u00a0591\u00a0points, Iroise Athl\u00e9 11\u00a0162\u00a0points). En N1-U23, c&rsquo;est le HBA qui l&#8217;emporte nettement. Tandis que l&rsquo;EAPB fait un bon score en N2-U20 (seulement les cadets et les juniors) avec 11\u00a0525\u00a0points.<\/p>\n<p>Avec 22 cadets sur les 37 membres de l&rsquo;\u00e9quipe, notre \u00e9quipe est encore plus jeune que l&rsquo;an pass\u00e9 (15 cadets sur 28). Comme en 2023, Janz\u00e9 y avait la part du lion avec 25 repr\u00e9sentants, contre 11 pour Cesson et 1 pour Bain (18 \/ 9 \/ 1 l&rsquo;an pass\u00e9). 13 performances sont \u00e0 plus 600 points, contre 16 en 2023. Effet m\u00e9t\u00e9o probable, avec sans doute aussi l&rsquo;absence de quelques gros marqueurs de points (Bastien Fert, parti au HBA, Quentin Planchenault, Robin Legouable, Pac\u00f4me Jorge et Norah Jit, absents ce dimanche\u2026)<\/p>\n<p><strong><span style=\"font-size: 14pt;\">\u2026 mais une participation et un r\u00e9sultat global tr\u00e8s encourageants<\/span> <\/strong><\/p>\n<p>En d\u00e9pit du sentiment d&rsquo;une coh\u00e9sion moins forte que l&rsquo;an pass\u00e9 (effet m\u00e9t\u00e9o l\u00e0 encore), on voit n\u00e9anmoins que le groupe vit bien et a plaisir \u00e0 partager ses performances. C&rsquo;est donc un gage pour l&rsquo;avenir.<\/p>\n<p><em>R\u00e9sultats \u00e0 suivre\u2026<\/em><\/p>\n<p><a href=\"https:\/\/janze-athletisme.fr\/wordpress\/wp-content\/uploads\/2024\/09\/Faustine-Adele-4x200m-29sept2024.jpg\"><img loading=\"lazy\" decoding=\"async\" class=\"alignnone size-medium wp-image-20884\" src=\"https:\/\/janze-athletisme.fr\/wordpress\/wp-content\/uploads\/2024\/09\/Faustine-Adele-4x200m-29sept2024-300x300.jpg\" alt=\"\" width=\"300\" height=\"300\" srcset=\"https:\/\/janze-athletisme.fr\/wordpress\/wp-content\/uploads\/2024\/09\/Faustine-Adele-4x200m-29sept2024-300x300.jpg 300w, https:\/\/janze-athletisme.fr\/wordpress\/wp-content\/uploads\/2024\/09\/Faustine-Adele-4x200m-29sept2024-1024x1024.jpg 1024w, https:\/\/janze-athletisme.fr\/wordpress\/wp-content\/uploads\/2024\/09\/Faustine-Adele-4x200m-29sept2024-150x150.jpg 150w, https:\/\/janze-athletisme.fr\/wordpress\/wp-content\/uploads\/2024\/09\/Faustine-Adele-4x200m-29sept2024-768x767.jpg 768w, https:\/\/janze-athletisme.fr\/wordpress\/wp-content\/uploads\/2024\/09\/Faustine-Adele-4x200m-29sept2024.jpg 1201w\" sizes=\"auto, (max-width: 300px) 100vw, 300px\" \/><\/a> <a href=\"https:\/\/janze-athletisme.fr\/wordpress\/wp-content\/uploads\/2024\/09\/Maelys-Pauline-4x200m-29sept2024.jpg\"><img loading=\"lazy\" decoding=\"async\" class=\"alignnone size-medium wp-image-20887\" src=\"https:\/\/janze-athletisme.fr\/wordpress\/wp-content\/uploads\/2024\/09\/Maelys-Pauline-4x200m-29sept2024-300x300.jpg\" alt=\"\" width=\"300\" height=\"300\" srcset=\"https:\/\/janze-athletisme.fr\/wordpress\/wp-content\/uploads\/2024\/09\/Maelys-Pauline-4x200m-29sept2024-300x300.jpg 300w, https:\/\/janze-athletisme.fr\/wordpress\/wp-content\/uploads\/2024\/09\/Maelys-Pauline-4x200m-29sept2024-1024x1024.jpg 1024w, https:\/\/janze-athletisme.fr\/wordpress\/wp-content\/uploads\/2024\/09\/Maelys-Pauline-4x200m-29sept2024-150x150.jpg 150w, https:\/\/janze-athletisme.fr\/wordpress\/wp-content\/uploads\/2024\/09\/Maelys-Pauline-4x200m-29sept2024-768x768.jpg 768w, https:\/\/janze-athletisme.fr\/wordpress\/wp-content\/uploads\/2024\/09\/Maelys-Pauline-4x200m-29sept2024.jpg 1200w\" sizes=\"auto, (max-width: 300px) 100vw, 300px\" \/> <\/a><a href=\"https:\/\/janze-athletisme.fr\/wordpress\/wp-content\/uploads\/2024\/09\/Lucie-Sterenn-4x200m-29sept2024.jpg\"><img loading=\"lazy\" decoding=\"async\" class=\"alignnone size-medium wp-image-20886\" src=\"https:\/\/janze-athletisme.fr\/wordpress\/wp-content\/uploads\/2024\/09\/Lucie-Sterenn-4x200m-29sept2024-201x300.jpg\" alt=\"\" width=\"201\" height=\"300\" srcset=\"https:\/\/janze-athletisme.fr\/wordpress\/wp-content\/uploads\/2024\/09\/Lucie-Sterenn-4x200m-29sept2024-201x300.jpg 201w, https:\/\/janze-athletisme.fr\/wordpress\/wp-content\/uploads\/2024\/09\/Lucie-Sterenn-4x200m-29sept2024-685x1024.jpg 685w, https:\/\/janze-athletisme.fr\/wordpress\/wp-content\/uploads\/2024\/09\/Lucie-Sterenn-4x200m-29sept2024-768x1148.jpg 768w, https:\/\/janze-athletisme.fr\/wordpress\/wp-content\/uploads\/2024\/09\/Lucie-Sterenn-4x200m-29sept2024.jpg 1000w\" sizes=\"auto, (max-width: 201px) 100vw, 201px\" \/><\/a><\/p>\n<p><a href=\"https:\/\/janze-athletisme.fr\/wordpress\/wp-content\/uploads\/2024\/09\/Manon-Sharleen-4x200m-29sept2024.jpg\"><img loading=\"lazy\" decoding=\"async\" class=\"alignnone  wp-image-20888\" src=\"https:\/\/janze-athletisme.fr\/wordpress\/wp-content\/uploads\/2024\/09\/Manon-Sharleen-4x200m-29sept2024-300x200.jpg\" alt=\"\" width=\"321\" height=\"214\" srcset=\"https:\/\/janze-athletisme.fr\/wordpress\/wp-content\/uploads\/2024\/09\/Manon-Sharleen-4x200m-29sept2024-300x200.jpg 300w, https:\/\/janze-athletisme.fr\/wordpress\/wp-content\/uploads\/2024\/09\/Manon-Sharleen-4x200m-29sept2024-1024x682.jpg 1024w, https:\/\/janze-athletisme.fr\/wordpress\/wp-content\/uploads\/2024\/09\/Manon-Sharleen-4x200m-29sept2024-768x511.jpg 768w, https:\/\/janze-athletisme.fr\/wordpress\/wp-content\/uploads\/2024\/09\/Manon-Sharleen-4x200m-29sept2024.jpg 1502w\" sizes=\"auto, (max-width: 321px) 100vw, 321px\" \/><\/a> <a href=\"https:\/\/janze-athletisme.fr\/wordpress\/wp-content\/uploads\/2024\/09\/Elouan-Ewen-4x200m-29sept2024.jpg\"><img loading=\"lazy\" decoding=\"async\" class=\"alignnone  wp-image-20883\" src=\"https:\/\/janze-athletisme.fr\/wordpress\/wp-content\/uploads\/2024\/09\/Elouan-Ewen-4x200m-29sept2024-300x300.jpg\" alt=\"\" width=\"231\" height=\"231\" srcset=\"https:\/\/janze-athletisme.fr\/wordpress\/wp-content\/uploads\/2024\/09\/Elouan-Ewen-4x200m-29sept2024-300x300.jpg 300w, https:\/\/janze-athletisme.fr\/wordpress\/wp-content\/uploads\/2024\/09\/Elouan-Ewen-4x200m-29sept2024-1024x1024.jpg 1024w, https:\/\/janze-athletisme.fr\/wordpress\/wp-content\/uploads\/2024\/09\/Elouan-Ewen-4x200m-29sept2024-150x150.jpg 150w, https:\/\/janze-athletisme.fr\/wordpress\/wp-content\/uploads\/2024\/09\/Elouan-Ewen-4x200m-29sept2024-768x768.jpg 768w, https:\/\/janze-athletisme.fr\/wordpress\/wp-content\/uploads\/2024\/09\/Elouan-Ewen-4x200m-29sept2024.jpg 1200w\" sizes=\"auto, (max-width: 231px) 100vw, 231px\" \/><\/a> <a href=\"https:\/\/janze-athletisme.fr\/wordpress\/wp-content\/uploads\/2024\/09\/Thibault-Francois-4x200m-29sept2024.jpg\"><img loading=\"lazy\" decoding=\"async\" class=\"alignnone  wp-image-20889\" src=\"https:\/\/janze-athletisme.fr\/wordpress\/wp-content\/uploads\/2024\/09\/Thibault-Francois-4x200m-29sept2024-300x300.jpg\" alt=\"\" width=\"248\" height=\"248\" srcset=\"https:\/\/janze-athletisme.fr\/wordpress\/wp-content\/uploads\/2024\/09\/Thibault-Francois-4x200m-29sept2024-300x300.jpg 300w, https:\/\/janze-athletisme.fr\/wordpress\/wp-content\/uploads\/2024\/09\/Thibault-Francois-4x200m-29sept2024-1024x1024.jpg 1024w, https:\/\/janze-athletisme.fr\/wordpress\/wp-content\/uploads\/2024\/09\/Thibault-Francois-4x200m-29sept2024-150x150.jpg 150w, https:\/\/janze-athletisme.fr\/wordpress\/wp-content\/uploads\/2024\/09\/Thibault-Francois-4x200m-29sept2024-768x768.jpg 768w, https:\/\/janze-athletisme.fr\/wordpress\/wp-content\/uploads\/2024\/09\/Thibault-Francois-4x200m-29sept2024.jpg 1200w\" sizes=\"auto, (max-width: 248px) 100vw, 248px\" \/><\/a><\/p>\n<p><span style=\"font-size: 10pt;\"><em>Les relais finaux (4x200m) ont \u00e9t\u00e9 symptomatiques de cet emm\u00ealement de comp\u00e9tences entre Cesson et Janz\u00e9. Ensemble, non seulement on va plus loin, mais on est plus fort et on va plus vite ! On voit ici Faustine, Ad\u00e8le, Ma\u00eblys, Pauline, Sterenn, Lucie, Sharleen, Manon, Ewen, Elouan, Fran\u00e7ois et Thibault. 7 Janz\u00e9ens\/Janz\u00e9ennes et 5 Cessonnais\/Cessonnaises.<\/em><\/span><\/p>\n","protected":false},"excerpt":{"rendered":"<p>Interclubs U23 (Cadets, Juniors, espoirs), dimanche 29 septembre Il y a un an, il faisait presque trop chaud, les brassi\u00e8res \u00e9taient de sortie et on n&rsquo;avait presque plus envie de quitter le stade tellement on \u00e9tait bien. Cette ann\u00e9e, on se serait cru en d\u00e9cembre, le ciel \u00e9tait charg\u00e9, avec un vent soufflant par moment [&hellip;]<\/p>\n","protected":false},"author":12,"featured_media":20890,"comment_status":"open","ping_status":"open","sticky":false,"template":"","format":"aside","meta":{"_uag_custom_page_level_css":"","site-sidebar-layout":"default","site-content-layout":"","ast-site-content-layout":"default","site-content-style":"default","site-sidebar-style":"default","ast-global-header-display":"","ast-banner-title-visibility":"","ast-main-header-display":"","ast-hfb-above-header-display":"","ast-hfb-below-header-display":"","ast-hfb-mobile-header-display":"","site-post-title":"","ast-breadcrumbs-content":"","ast-featured-img":"","footer-sml-layout":"","ast-disable-related-posts":"","theme-transparent-header-meta":"default","adv-header-id-meta":"","stick-header-meta":"","header-above-stick-meta":"","header-main-stick-meta":"","header-below-stick-meta":"","astra-migrate-meta-layouts":"set","ast-page-background-enabled":"default","ast-page-background-meta":{"desktop":{"background-color":"var(--ast-global-color-4)","background-image":"","background-repeat":"repeat","background-position":"center center","background-size":"auto","background-attachment":"scroll","background-type":"","background-media":"","overlay-type":"","overlay-color":"","overlay-opacity":"","overlay-gradient":""},"tablet":{"background-color":"","background-image":"","background-repeat":"repeat","background-position":"center center","background-size":"auto","background-attachment":"scroll","background-type":"","background-media":"","overlay-type":"","overlay-color":"","overlay-opacity":"","overlay-gradient":""},"mobile":{"background-color":"","background-image":"","background-repeat":"repeat","background-position":"center center","background-size":"auto","background-attachment":"scroll","background-type":"","background-media":"","overlay-type":"","overlay-color":"","overlay-opacity":"","overlay-gradient":""}},"ast-content-background-meta":{"desktop":{"background-color":"var(--ast-global-color-5)","background-image":"","background-repeat":"repeat","background-position":"center center","background-size":"auto","background-attachment":"scroll","background-type":"","background-media":"","overlay-type":"","overlay-color":"","overlay-opacity":"","overlay-gradient":""},"tablet":{"background-color":"var(--ast-global-color-5)","background-image":"","background-repeat":"repeat","background-position":"center center","background-size":"auto","background-attachment":"scroll","background-type":"","background-media":"","overlay-type":"","overlay-color":"","overlay-opacity":"","overlay-gradient":""},"mobile":{"background-color":"var(--ast-global-color-5)","background-image":"","background-repeat":"repeat","background-position":"center center","background-size":"auto","background-attachment":"scroll","background-type":"","background-media":"","overlay-type":"","overlay-color":"","overlay-opacity":"","overlay-gradient":""}},"footnotes":""},"categories":[6],"tags":[],"class_list":["post-20882","post","type-post","status-publish","format-aside","has-post-thumbnail","hentry","category-sections","post_format-post-format-aside"],"yoast_head":"<!-- This site is optimized with the Yoast SEO plugin v27.5 - https:\/\/yoast.com\/product\/yoast-seo-wordpress\/ -->\n<title>Une \u00e9quipe qui vit bien et pr\u00e9pare l&#039;avenir\u2026 - Janz\u00e9 Athl\u00e9tisme<\/title>\n<meta name=\"robots\" content=\"index, follow, max-snippet:-1, max-image-preview:large, max-video-preview:-1\" \/>\n<link rel=\"canonical\" href=\"https:\/\/janze-athletisme.fr\/wordpress\/une-equipe-qui-vit-bien-et-prepare-lavenir\/\" \/>\n<meta property=\"og:locale\" content=\"fr_FR\" \/>\n<meta property=\"og:type\" content=\"article\" \/>\n<meta property=\"og:title\" content=\"Une \u00e9quipe qui vit bien et pr\u00e9pare l&#039;avenir\u2026 - Janz\u00e9 Athl\u00e9tisme\" \/>\n<meta property=\"og:description\" content=\"Interclubs U23 (Cadets, Juniors, espoirs), dimanche 29 septembre Il y a un an, il faisait presque trop chaud, les brassi\u00e8res \u00e9taient de sortie et on n&rsquo;avait presque plus envie de quitter le stade tellement on \u00e9tait bien. Cette ann\u00e9e, on se serait cru en d\u00e9cembre, le ciel \u00e9tait charg\u00e9, avec un vent soufflant par moment [&hellip;]\" \/>\n<meta property=\"og:url\" content=\"https:\/\/janze-athletisme.fr\/wordpress\/une-equipe-qui-vit-bien-et-prepare-lavenir\/\" \/>\n<meta property=\"og:site_name\" content=\"Janz\u00e9 Athl\u00e9tisme\" \/>\n<meta property=\"article:publisher\" content=\"https:\/\/www.facebook.com\/groups\/1007964579346590\" \/>\n<meta property=\"article:published_time\" content=\"2024-09-30T18:06:04+00:00\" \/>\n<meta property=\"og:image\" content=\"https:\/\/janze-athletisme.fr\/wordpress\/wp-content\/uploads\/2024\/09\/DSC_9537.jpg\" \/>\n\t<meta property=\"og:image:width\" content=\"1200\" \/>\n\t<meta property=\"og:image:height\" content=\"1200\" \/>\n\t<meta property=\"og:image:type\" content=\"image\/jpeg\" \/>\n<meta name=\"author\" content=\"Laurent Meunier\" \/>\n<meta name=\"twitter:card\" content=\"summary_large_image\" \/>\n<meta name=\"twitter:label1\" content=\"\u00c9crit par\" \/>\n\t<meta name=\"twitter:data1\" content=\"Laurent Meunier\" \/>\n\t<meta name=\"twitter:label2\" content=\"Dur\u00e9e de lecture estim\u00e9e\" \/>\n\t<meta name=\"twitter:data2\" content=\"4 minutes\" \/>\n<script type=\"application\/ld+json\" class=\"yoast-schema-graph\">{\"@context\":\"https:\\\/\\\/schema.org\",\"@graph\":[{\"@type\":\"Article\",\"@id\":\"https:\\\/\\\/janze-athletisme.fr\\\/wordpress\\\/une-equipe-qui-vit-bien-et-prepare-lavenir\\\/#article\",\"isPartOf\":{\"@id\":\"https:\\\/\\\/janze-athletisme.fr\\\/wordpress\\\/une-equipe-qui-vit-bien-et-prepare-lavenir\\\/\"},\"author\":{\"name\":\"Laurent Meunier\",\"@id\":\"https:\\\/\\\/janze-athletisme.fr\\\/wordpress\\\/#\\\/schema\\\/person\\\/c7b063dcfa6234c041d4d9b26cc2ea03\"},\"headline\":\"Une \u00e9quipe qui vit bien et pr\u00e9pare l&rsquo;avenir\u2026\",\"datePublished\":\"2024-09-30T18:06:04+00:00\",\"mainEntityOfPage\":{\"@id\":\"https:\\\/\\\/janze-athletisme.fr\\\/wordpress\\\/une-equipe-qui-vit-bien-et-prepare-lavenir\\\/\"},\"wordCount\":500,\"commentCount\":0,\"publisher\":{\"@id\":\"https:\\\/\\\/janze-athletisme.fr\\\/wordpress\\\/#organization\"},\"image\":{\"@id\":\"https:\\\/\\\/janze-athletisme.fr\\\/wordpress\\\/une-equipe-qui-vit-bien-et-prepare-lavenir\\\/#primaryimage\"},\"thumbnailUrl\":\"https:\\\/\\\/janze-athletisme.fr\\\/wordpress\\\/wp-content\\\/uploads\\\/2024\\\/09\\\/DSC_9537.jpg\",\"articleSection\":[\"Le club au jour le jour\"],\"inLanguage\":\"fr-FR\",\"potentialAction\":[{\"@type\":\"CommentAction\",\"name\":\"Comment\",\"target\":[\"https:\\\/\\\/janze-athletisme.fr\\\/wordpress\\\/une-equipe-qui-vit-bien-et-prepare-lavenir\\\/#respond\"]}]},{\"@type\":\"WebPage\",\"@id\":\"https:\\\/\\\/janze-athletisme.fr\\\/wordpress\\\/une-equipe-qui-vit-bien-et-prepare-lavenir\\\/\",\"url\":\"https:\\\/\\\/janze-athletisme.fr\\\/wordpress\\\/une-equipe-qui-vit-bien-et-prepare-lavenir\\\/\",\"name\":\"Une \u00e9quipe qui vit bien et pr\u00e9pare l'avenir\u2026 - Janz\u00e9 Athl\u00e9tisme\",\"isPartOf\":{\"@id\":\"https:\\\/\\\/janze-athletisme.fr\\\/wordpress\\\/#website\"},\"primaryImageOfPage\":{\"@id\":\"https:\\\/\\\/janze-athletisme.fr\\\/wordpress\\\/une-equipe-qui-vit-bien-et-prepare-lavenir\\\/#primaryimage\"},\"image\":{\"@id\":\"https:\\\/\\\/janze-athletisme.fr\\\/wordpress\\\/une-equipe-qui-vit-bien-et-prepare-lavenir\\\/#primaryimage\"},\"thumbnailUrl\":\"https:\\\/\\\/janze-athletisme.fr\\\/wordpress\\\/wp-content\\\/uploads\\\/2024\\\/09\\\/DSC_9537.jpg\",\"datePublished\":\"2024-09-30T18:06:04+00:00\",\"breadcrumb\":{\"@id\":\"https:\\\/\\\/janze-athletisme.fr\\\/wordpress\\\/une-equipe-qui-vit-bien-et-prepare-lavenir\\\/#breadcrumb\"},\"inLanguage\":\"fr-FR\",\"potentialAction\":[{\"@type\":\"ReadAction\",\"target\":[\"https:\\\/\\\/janze-athletisme.fr\\\/wordpress\\\/une-equipe-qui-vit-bien-et-prepare-lavenir\\\/\"]}]},{\"@type\":\"ImageObject\",\"inLanguage\":\"fr-FR\",\"@id\":\"https:\\\/\\\/janze-athletisme.fr\\\/wordpress\\\/une-equipe-qui-vit-bien-et-prepare-lavenir\\\/#primaryimage\",\"url\":\"https:\\\/\\\/janze-athletisme.fr\\\/wordpress\\\/wp-content\\\/uploads\\\/2024\\\/09\\\/DSC_9537.jpg\",\"contentUrl\":\"https:\\\/\\\/janze-athletisme.fr\\\/wordpress\\\/wp-content\\\/uploads\\\/2024\\\/09\\\/DSC_9537.jpg\",\"width\":1200,\"height\":1200},{\"@type\":\"BreadcrumbList\",\"@id\":\"https:\\\/\\\/janze-athletisme.fr\\\/wordpress\\\/une-equipe-qui-vit-bien-et-prepare-lavenir\\\/#breadcrumb\",\"itemListElement\":[{\"@type\":\"ListItem\",\"position\":1,\"name\":\"Accueil\",\"item\":\"https:\\\/\\\/janze-athletisme.fr\\\/wordpress\\\/\"},{\"@type\":\"ListItem\",\"position\":2,\"name\":\"Une \u00e9quipe qui vit bien et pr\u00e9pare l&#8217;avenir\u2026\"}]},{\"@type\":\"WebSite\",\"@id\":\"https:\\\/\\\/janze-athletisme.fr\\\/wordpress\\\/#website\",\"url\":\"https:\\\/\\\/janze-athletisme.fr\\\/wordpress\\\/\",\"name\":\"Janz\u00e9 Athl\u00e9tisme\",\"description\":\"Pays de La Roche aux F\u00e9es\",\"publisher\":{\"@id\":\"https:\\\/\\\/janze-athletisme.fr\\\/wordpress\\\/#organization\"},\"potentialAction\":[{\"@type\":\"SearchAction\",\"target\":{\"@type\":\"EntryPoint\",\"urlTemplate\":\"https:\\\/\\\/janze-athletisme.fr\\\/wordpress\\\/?s={search_term_string}\"},\"query-input\":{\"@type\":\"PropertyValueSpecification\",\"valueRequired\":true,\"valueName\":\"search_term_string\"}}],\"inLanguage\":\"fr-FR\"},{\"@type\":\"Organization\",\"@id\":\"https:\\\/\\\/janze-athletisme.fr\\\/wordpress\\\/#organization\",\"name\":\"Janz\u00e9 Athl\u00e9tisme\",\"url\":\"https:\\\/\\\/janze-athletisme.fr\\\/wordpress\\\/\",\"logo\":{\"@type\":\"ImageObject\",\"inLanguage\":\"fr-FR\",\"@id\":\"https:\\\/\\\/janze-athletisme.fr\\\/wordpress\\\/#\\\/schema\\\/logo\\\/image\\\/\",\"url\":\"https:\\\/\\\/janze-athletisme.fr\\\/wordpress\\\/wp-content\\\/uploads\\\/2015\\\/03\\\/logo-full1.jpg\",\"contentUrl\":\"https:\\\/\\\/janze-athletisme.fr\\\/wordpress\\\/wp-content\\\/uploads\\\/2015\\\/03\\\/logo-full1.jpg\",\"width\":437,\"height\":205,\"caption\":\"Janz\u00e9 Athl\u00e9tisme\"},\"image\":{\"@id\":\"https:\\\/\\\/janze-athletisme.fr\\\/wordpress\\\/#\\\/schema\\\/logo\\\/image\\\/\"},\"sameAs\":[\"https:\\\/\\\/www.facebook.com\\\/groups\\\/1007964579346590\"]},{\"@type\":\"Person\",\"@id\":\"https:\\\/\\\/janze-athletisme.fr\\\/wordpress\\\/#\\\/schema\\\/person\\\/c7b063dcfa6234c041d4d9b26cc2ea03\",\"name\":\"Laurent Meunier\",\"image\":{\"@type\":\"ImageObject\",\"inLanguage\":\"fr-FR\",\"@id\":\"https:\\\/\\\/secure.gravatar.com\\\/avatar\\\/dd25d581ad7c3349090f2fa6a9adb6bfa287e6a5dd8a5216a092727cd8749034?s=96&d=mm&r=g\",\"url\":\"https:\\\/\\\/secure.gravatar.com\\\/avatar\\\/dd25d581ad7c3349090f2fa6a9adb6bfa287e6a5dd8a5216a092727cd8749034?s=96&d=mm&r=g\",\"contentUrl\":\"https:\\\/\\\/secure.gravatar.com\\\/avatar\\\/dd25d581ad7c3349090f2fa6a9adb6bfa287e6a5dd8a5216a092727cd8749034?s=96&d=mm&r=g\",\"caption\":\"Laurent Meunier\"},\"url\":\"https:\\\/\\\/janze-athletisme.fr\\\/wordpress\\\/author\\\/laurent-meunier35\\\/\"}]}<\/script>\n<!-- \/ Yoast SEO plugin. -->","yoast_head_json":{"title":"Une \u00e9quipe qui vit bien et pr\u00e9pare l'avenir\u2026 - Janz\u00e9 Athl\u00e9tisme","robots":{"index":"index","follow":"follow","max-snippet":"max-snippet:-1","max-image-preview":"max-image-preview:large","max-video-preview":"max-video-preview:-1"},"canonical":"https:\/\/janze-athletisme.fr\/wordpress\/une-equipe-qui-vit-bien-et-prepare-lavenir\/","og_locale":"fr_FR","og_type":"article","og_title":"Une \u00e9quipe qui vit bien et pr\u00e9pare l'avenir\u2026 - Janz\u00e9 Athl\u00e9tisme","og_description":"Interclubs U23 (Cadets, Juniors, espoirs), dimanche 29 septembre Il y a un an, il faisait presque trop chaud, les brassi\u00e8res \u00e9taient de sortie et on n&rsquo;avait presque plus envie de quitter le stade tellement on \u00e9tait bien. Cette ann\u00e9e, on se serait cru en d\u00e9cembre, le ciel \u00e9tait charg\u00e9, avec un vent soufflant par moment [&hellip;]","og_url":"https:\/\/janze-athletisme.fr\/wordpress\/une-equipe-qui-vit-bien-et-prepare-lavenir\/","og_site_name":"Janz\u00e9 Athl\u00e9tisme","article_publisher":"https:\/\/www.facebook.com\/groups\/1007964579346590","article_published_time":"2024-09-30T18:06:04+00:00","og_image":[{"width":1200,"height":1200,"url":"https:\/\/janze-athletisme.fr\/wordpress\/wp-content\/uploads\/2024\/09\/DSC_9537.jpg","type":"image\/jpeg"}],"author":"Laurent Meunier","twitter_card":"summary_large_image","twitter_misc":{"\u00c9crit par":"Laurent Meunier","Dur\u00e9e de lecture estim\u00e9e":"4 minutes"},"schema":{"@context":"https:\/\/schema.org","@graph":[{"@type":"Article","@id":"https:\/\/janze-athletisme.fr\/wordpress\/une-equipe-qui-vit-bien-et-prepare-lavenir\/#article","isPartOf":{"@id":"https:\/\/janze-athletisme.fr\/wordpress\/une-equipe-qui-vit-bien-et-prepare-lavenir\/"},"author":{"name":"Laurent Meunier","@id":"https:\/\/janze-athletisme.fr\/wordpress\/#\/schema\/person\/c7b063dcfa6234c041d4d9b26cc2ea03"},"headline":"Une \u00e9quipe qui vit bien et pr\u00e9pare l&rsquo;avenir\u2026","datePublished":"2024-09-30T18:06:04+00:00","mainEntityOfPage":{"@id":"https:\/\/janze-athletisme.fr\/wordpress\/une-equipe-qui-vit-bien-et-prepare-lavenir\/"},"wordCount":500,"commentCount":0,"publisher":{"@id":"https:\/\/janze-athletisme.fr\/wordpress\/#organization"},"image":{"@id":"https:\/\/janze-athletisme.fr\/wordpress\/une-equipe-qui-vit-bien-et-prepare-lavenir\/#primaryimage"},"thumbnailUrl":"https:\/\/janze-athletisme.fr\/wordpress\/wp-content\/uploads\/2024\/09\/DSC_9537.jpg","articleSection":["Le club au jour le jour"],"inLanguage":"fr-FR","potentialAction":[{"@type":"CommentAction","name":"Comment","target":["https:\/\/janze-athletisme.fr\/wordpress\/une-equipe-qui-vit-bien-et-prepare-lavenir\/#respond"]}]},{"@type":"WebPage","@id":"https:\/\/janze-athletisme.fr\/wordpress\/une-equipe-qui-vit-bien-et-prepare-lavenir\/","url":"https:\/\/janze-athletisme.fr\/wordpress\/une-equipe-qui-vit-bien-et-prepare-lavenir\/","name":"Une \u00e9quipe qui vit bien et pr\u00e9pare l'avenir\u2026 - Janz\u00e9 Athl\u00e9tisme","isPartOf":{"@id":"https:\/\/janze-athletisme.fr\/wordpress\/#website"},"primaryImageOfPage":{"@id":"https:\/\/janze-athletisme.fr\/wordpress\/une-equipe-qui-vit-bien-et-prepare-lavenir\/#primaryimage"},"image":{"@id":"https:\/\/janze-athletisme.fr\/wordpress\/une-equipe-qui-vit-bien-et-prepare-lavenir\/#primaryimage"},"thumbnailUrl":"https:\/\/janze-athletisme.fr\/wordpress\/wp-content\/uploads\/2024\/09\/DSC_9537.jpg","datePublished":"2024-09-30T18:06:04+00:00","breadcrumb":{"@id":"https:\/\/janze-athletisme.fr\/wordpress\/une-equipe-qui-vit-bien-et-prepare-lavenir\/#breadcrumb"},"inLanguage":"fr-FR","potentialAction":[{"@type":"ReadAction","target":["https:\/\/janze-athletisme.fr\/wordpress\/une-equipe-qui-vit-bien-et-prepare-lavenir\/"]}]},{"@type":"ImageObject","inLanguage":"fr-FR","@id":"https:\/\/janze-athletisme.fr\/wordpress\/une-equipe-qui-vit-bien-et-prepare-lavenir\/#primaryimage","url":"https:\/\/janze-athletisme.fr\/wordpress\/wp-content\/uploads\/2024\/09\/DSC_9537.jpg","contentUrl":"https:\/\/janze-athletisme.fr\/wordpress\/wp-content\/uploads\/2024\/09\/DSC_9537.jpg","width":1200,"height":1200},{"@type":"BreadcrumbList","@id":"https:\/\/janze-athletisme.fr\/wordpress\/une-equipe-qui-vit-bien-et-prepare-lavenir\/#breadcrumb","itemListElement":[{"@type":"ListItem","position":1,"name":"Accueil","item":"https:\/\/janze-athletisme.fr\/wordpress\/"},{"@type":"ListItem","position":2,"name":"Une \u00e9quipe qui vit bien et pr\u00e9pare l&#8217;avenir\u2026"}]},{"@type":"WebSite","@id":"https:\/\/janze-athletisme.fr\/wordpress\/#website","url":"https:\/\/janze-athletisme.fr\/wordpress\/","name":"Janz\u00e9 Athl\u00e9tisme","description":"Pays de La Roche aux F\u00e9es","publisher":{"@id":"https:\/\/janze-athletisme.fr\/wordpress\/#organization"},"potentialAction":[{"@type":"SearchAction","target":{"@type":"EntryPoint","urlTemplate":"https:\/\/janze-athletisme.fr\/wordpress\/?s={search_term_string}"},"query-input":{"@type":"PropertyValueSpecification","valueRequired":true,"valueName":"search_term_string"}}],"inLanguage":"fr-FR"},{"@type":"Organization","@id":"https:\/\/janze-athletisme.fr\/wordpress\/#organization","name":"Janz\u00e9 Athl\u00e9tisme","url":"https:\/\/janze-athletisme.fr\/wordpress\/","logo":{"@type":"ImageObject","inLanguage":"fr-FR","@id":"https:\/\/janze-athletisme.fr\/wordpress\/#\/schema\/logo\/image\/","url":"https:\/\/janze-athletisme.fr\/wordpress\/wp-content\/uploads\/2015\/03\/logo-full1.jpg","contentUrl":"https:\/\/janze-athletisme.fr\/wordpress\/wp-content\/uploads\/2015\/03\/logo-full1.jpg","width":437,"height":205,"caption":"Janz\u00e9 Athl\u00e9tisme"},"image":{"@id":"https:\/\/janze-athletisme.fr\/wordpress\/#\/schema\/logo\/image\/"},"sameAs":["https:\/\/www.facebook.com\/groups\/1007964579346590"]},{"@type":"Person","@id":"https:\/\/janze-athletisme.fr\/wordpress\/#\/schema\/person\/c7b063dcfa6234c041d4d9b26cc2ea03","name":"Laurent Meunier","image":{"@type":"ImageObject","inLanguage":"fr-FR","@id":"https:\/\/secure.gravatar.com\/avatar\/dd25d581ad7c3349090f2fa6a9adb6bfa287e6a5dd8a5216a092727cd8749034?s=96&d=mm&r=g","url":"https:\/\/secure.gravatar.com\/avatar\/dd25d581ad7c3349090f2fa6a9adb6bfa287e6a5dd8a5216a092727cd8749034?s=96&d=mm&r=g","contentUrl":"https:\/\/secure.gravatar.com\/avatar\/dd25d581ad7c3349090f2fa6a9adb6bfa287e6a5dd8a5216a092727cd8749034?s=96&d=mm&r=g","caption":"Laurent Meunier"},"url":"https:\/\/janze-athletisme.fr\/wordpress\/author\/laurent-meunier35\/"}]}},"uagb_featured_image_src":{"full":["https:\/\/janze-athletisme.fr\/wordpress\/wp-content\/uploads\/2024\/09\/DSC_9537.jpg",1200,1200,false],"thumbnail":["https:\/\/janze-athletisme.fr\/wordpress\/wp-content\/uploads\/2024\/09\/DSC_9537-150x150.jpg",150,150,true],"medium":["https:\/\/janze-athletisme.fr\/wordpress\/wp-content\/uploads\/2024\/09\/DSC_9537-300x300.jpg",300,300,true],"medium_large":["https:\/\/janze-athletisme.fr\/wordpress\/wp-content\/uploads\/2024\/09\/DSC_9537-768x768.jpg",768,768,true],"large":["https:\/\/janze-athletisme.fr\/wordpress\/wp-content\/uploads\/2024\/09\/DSC_9537-1024x1024.jpg",1024,1024,true],"1536x1536":["https:\/\/janze-athletisme.fr\/wordpress\/wp-content\/uploads\/2024\/09\/DSC_9537.jpg",1200,1200,false],"2048x2048":["https:\/\/janze-athletisme.fr\/wordpress\/wp-content\/uploads\/2024\/09\/DSC_9537.jpg",1200,1200,false]},"uagb_author_info":{"display_name":"Laurent Meunier","author_link":"https:\/\/janze-athletisme.fr\/wordpress\/author\/laurent-meunier35\/"},"uagb_comment_info":0,"uagb_excerpt":"Interclubs U23 (Cadets, Juniors, espoirs), dimanche 29 septembre Il y a un an, il faisait presque trop chaud, les brassi\u00e8res \u00e9taient de sortie et on n&rsquo;avait presque plus envie de quitter le stade tellement on \u00e9tait bien. Cette ann\u00e9e, on se serait cru en d\u00e9cembre, le ciel \u00e9tait charg\u00e9, avec un vent soufflant par moment\u2026","_links":{"self":[{"href":"https:\/\/janze-athletisme.fr\/wordpress\/wp-json\/wp\/v2\/posts\/20882","targetHints":{"allow":["GET"]}}],"collection":[{"href":"https:\/\/janze-athletisme.fr\/wordpress\/wp-json\/wp\/v2\/posts"}],"about":[{"href":"https:\/\/janze-athletisme.fr\/wordpress\/wp-json\/wp\/v2\/types\/post"}],"author":[{"embeddable":true,"href":"https:\/\/janze-athletisme.fr\/wordpress\/wp-json\/wp\/v2\/users\/12"}],"replies":[{"embeddable":true,"href":"https:\/\/janze-athletisme.fr\/wordpress\/wp-json\/wp\/v2\/comments?post=20882"}],"version-history":[{"count":1,"href":"https:\/\/janze-athletisme.fr\/wordpress\/wp-json\/wp\/v2\/posts\/20882\/revisions"}],"predecessor-version":[{"id":20891,"href":"https:\/\/janze-athletisme.fr\/wordpress\/wp-json\/wp\/v2\/posts\/20882\/revisions\/20891"}],"wp:featuredmedia":[{"embeddable":true,"href":"https:\/\/janze-athletisme.fr\/wordpress\/wp-json\/wp\/v2\/media\/20890"}],"wp:attachment":[{"href":"https:\/\/janze-athletisme.fr\/wordpress\/wp-json\/wp\/v2\/media?parent=20882"}],"wp:term":[{"taxonomy":"category","embeddable":true,"href":"https:\/\/janze-athletisme.fr\/wordpress\/wp-json\/wp\/v2\/categories?post=20882"},{"taxonomy":"post_tag","embeddable":true,"href":"https:\/\/janze-athletisme.fr\/wordpress\/wp-json\/wp\/v2\/tags?post=20882"}],"curies":[{"name":"wp","href":"https:\/\/api.w.org\/{rel}","templated":true}]}}