{"id":2076,"date":"2016-11-02T09:31:23","date_gmt":"2016-11-02T08:31:23","guid":{"rendered":"http:\/\/janze-athletisme.fr\/wordpress\/?p=2076"},"modified":"2016-11-03T12:03:42","modified_gmt":"2016-11-03T11:03:42","slug":"week-end-29-30-octobre","status":"publish","type":"post","link":"https:\/\/janze-athletisme.fr\/wordpress\/week-end-29-30-octobre\/","title":{"rendered":"Week end du 29 et 30 octobre"},"content":{"rendered":"<h1 style=\"text-align: center;\"><span style=\"text-decoration: underline; color: #ff0000;\"><strong>Les sentiers d&rsquo;Allonnes (50)<\/strong><\/span><\/h1>\n<p><span style=\"color: #000000;\">De retour aux sources, notre ami<strong> Gr\u00e9gory S<\/strong> a voulu se frotter \u00e0 la meute de coureurs Normands. Malheureusement pour lui, l\u00e0-bas ils partent \u00e0 l&rsquo;heure\u00a0 \ud83d\ude1b\u00a0 \ud83d\ude1b\u00a0 \ud83d\ude1b . Malgr\u00e9 un d\u00e9part rat\u00e9 il termina \u00e0 une belle 7\u00e8me place, de quoi avoir quelques regrets.<\/span><\/p>\n<p>[ws_table id=\u00a0\u00bb317&Prime;]<\/p>\n<h1 style=\"text-align: center;\"><span style=\"text-decoration: underline; color: #ff0000;\"><strong>Trail de Boeuvres<\/strong><\/span><\/h1>\n<p><span style=\"color: #000000;\">La grande majorit\u00e9 de nos coureurs et marcheurs \u00e9taient du c\u00f4t\u00e9 de Messac ce week-end. Sur un parcours technique avec de nombreuses mont\u00e9es et descentes difficiles nos athl\u00e8tes ont pris du plaisir. Deux podiums de cat\u00e9gorie pour <strong>Micka\u00ebl B<\/strong> 2\u00e8me V1 sur le 15km et <strong>Youen BL<\/strong> 2\u00e8me sur le 8km, sans oublier les podiums sur les courses jeunes. Bravo \u00e0 Tous !!!<\/span><\/p>\n<p style=\"text-align: left;\"><span style=\"text-decoration: underline; color: #000000;\">Petit r\u00e9cit de course de Fran\u00e7ois G :<\/span><\/p>\n<p><span style=\"color: #000000;\"><em>Cet apr\u00e8s midi, nous avons d\u00e9cid\u00e9 de faire un trail le long de la Vilaine. Nous ne sommes pas inscrits, mais \u00e7a va le faire, enfin normalement. Arriv\u00e9 sur place j&rsquo;ai des doutes, des voitures sont gar\u00e9es dans tous les sens et ce n&rsquo;est pas simple de se faire une place. On se dirige vers le local d&rsquo;inscription et c&rsquo;est bon il reste des places. Elisabeth s&rsquo;inscrit sur le 8km et moi sur le 15km. Il ne fait pas tr\u00e8s chaud \u00e0 l&rsquo;ombre et il y a une petite brise qui n&rsquo;arrange rien. Heureusement, le maillot de Janz\u00e9 Athl\u00e9 permet de se retrouver facilement et de constater l&rsquo;engouement pour ce type de sortie. Nous sommes une petite vingtaine du club \u00e0 \u00eatre pr\u00e9sent (marcheurs et coureurs). Cot\u00e9 mat\u00e9riel, on choisi de prendre les chaussures de trail (il faut bien les sortir de temps en temps). Ce choix s&rsquo;est av\u00e9r\u00e9 judicieux, car m\u00eame si le terrain n&rsquo;est pas trop humide les descentes sont techniques et il est appr\u00e9ciable d&rsquo;\u00e9viter les glissades. Cot\u00e9 parcours, c&rsquo;est du vrai bonheur une belle for\u00eat d&rsquo;automne, des points de vue magnifiques sur la Vilaine et une ambiance nature et tr\u00e8s peu de bitume. Une cornemuse est m\u00eame pr\u00e9sente sur un pont pour nous rappeler que nous sommes bien en Bretagne. A l&rsquo;arriv\u00e9e, c&rsquo;est du bonheur, le chrono n&rsquo;est que secondaire mais les sourires affich\u00e9s sont dignes des podiums.\u00a0<\/em><\/span><\/p>\n<p><span style=\"color: #000000;\"><em>Pour conclure, une belle sortie d&rsquo;automne dans la bonne humeur.<\/em><\/span><\/p>\n<h4 style=\"text-align: center;\"><span style=\"text-decoration: underline; color: #000000;\"><em>Marche Nordique\u00a0<\/em><\/span><\/h4>\n<p>[ws_table id=\u00a0\u00bb313&Prime;]<\/p>\n<h4 style=\"text-align: center;\"><span style=\"text-decoration: underline; color: #000000;\"><em>La Guissacoise<\/em><\/span><\/h4>\n<p>[ws_table id=\u00a0\u00bb314&Prime;]<\/p>\n<h4 style=\"text-align: center;\"><span style=\"text-decoration: underline; color: #000000;\"><em>La Course Nature<\/em><\/span><\/h4>\n<p>[ws_table id=\u00a0\u00bb315&Prime;]<\/p>\n<h4 style=\"text-align: center;\"><span style=\"text-decoration: underline; color: #000000;\"><em>Trail Court<\/em><\/span><\/h4>\n<p>[ws_table id=\u00a0\u00bb316&Prime;]<\/p>\n<p>&nbsp;<\/p>\n<p>&nbsp;<\/p>\n<p>&nbsp;<\/p>\n<p>&nbsp;<\/p>\n","protected":false},"excerpt":{"rendered":"<p>Les sentiers d&rsquo;Allonnes (50) De retour aux sources, notre ami Gr\u00e9gory S a voulu se frotter \u00e0 la meute de coureurs Normands. Malheureusement pour lui, l\u00e0-bas ils partent \u00e0 l&rsquo;heure\u00a0 \ud83d\ude1b\u00a0 \ud83d\ude1b\u00a0 \ud83d\ude1b . Malgr\u00e9 un d\u00e9part rat\u00e9 il termina \u00e0 une belle 7\u00e8me place, de quoi avoir quelques regrets. [ws_table id=\u00a0\u00bb317&Prime;] Trail de Boeuvres [&hellip;]<\/p>\n","protected":false},"author":4,"featured_media":0,"comment_status":"open","ping_status":"open","sticky":false,"template":"","format":"aside","meta":{"_uag_custom_page_level_css":"","site-sidebar-layout":"default","site-content-layout":"","ast-site-content-layout":"default","site-content-style":"default","site-sidebar-style":"default","ast-global-header-display":"","ast-banner-title-visibility":"","ast-main-header-display":"","ast-hfb-above-header-display":"","ast-hfb-below-header-display":"","ast-hfb-mobile-header-display":"","site-post-title":"","ast-breadcrumbs-content":"","ast-featured-img":"","footer-sml-layout":"","ast-disable-related-posts":"","theme-transparent-header-meta":"","adv-header-id-meta":"","stick-header-meta":"","header-above-stick-meta":"","header-main-stick-meta":"","header-below-stick-meta":"","astra-migrate-meta-layouts":"default","ast-page-background-enabled":"default","ast-page-background-meta":{"desktop":{"background-color":"var(--ast-global-color-4)","background-image":"","background-repeat":"repeat","background-position":"center center","background-size":"auto","background-attachment":"scroll","background-type":"","background-media":"","overlay-type":"","overlay-color":"","overlay-opacity":"","overlay-gradient":""},"tablet":{"background-color":"","background-image":"","background-repeat":"repeat","background-position":"center center","background-size":"auto","background-attachment":"scroll","background-type":"","background-media":"","overlay-type":"","overlay-color":"","overlay-opacity":"","overlay-gradient":""},"mobile":{"background-color":"","background-image":"","background-repeat":"repeat","background-position":"center center","background-size":"auto","background-attachment":"scroll","background-type":"","background-media":"","overlay-type":"","overlay-color":"","overlay-opacity":"","overlay-gradient":""}},"ast-content-background-meta":{"desktop":{"background-color":"var(--ast-global-color-5)","background-image":"","background-repeat":"repeat","background-position":"center center","background-size":"auto","background-attachment":"scroll","background-type":"","background-media":"","overlay-type":"","overlay-color":"","overlay-opacity":"","overlay-gradient":""},"tablet":{"background-color":"var(--ast-global-color-5)","background-image":"","background-repeat":"repeat","background-position":"center center","background-size":"auto","background-attachment":"scroll","background-type":"","background-media":"","overlay-type":"","overlay-color":"","overlay-opacity":"","overlay-gradient":""},"mobile":{"background-color":"var(--ast-global-color-5)","background-image":"","background-repeat":"repeat","background-position":"center center","background-size":"auto","background-attachment":"scroll","background-type":"","background-media":"","overlay-type":"","overlay-color":"","overlay-opacity":"","overlay-gradient":""}},"footnotes":""},"categories":[6],"tags":[],"class_list":["post-2076","post","type-post","status-publish","format-aside","hentry","category-sections","post_format-post-format-aside"],"yoast_head":"<!-- This site is optimized with the Yoast SEO plugin v27.5 - https:\/\/yoast.com\/product\/yoast-seo-wordpress\/ -->\n<title>Week end du 29 et 30 octobre - Janz\u00e9 Athl\u00e9tisme<\/title>\n<meta name=\"robots\" content=\"index, follow, max-snippet:-1, max-image-preview:large, max-video-preview:-1\" \/>\n<link rel=\"canonical\" href=\"https:\/\/janze-athletisme.fr\/wordpress\/week-end-29-30-octobre\/\" \/>\n<meta property=\"og:locale\" content=\"fr_FR\" \/>\n<meta property=\"og:type\" content=\"article\" \/>\n<meta property=\"og:title\" content=\"Week end du 29 et 30 octobre - Janz\u00e9 Athl\u00e9tisme\" \/>\n<meta property=\"og:description\" content=\"Les sentiers d&rsquo;Allonnes (50) De retour aux sources, notre ami Gr\u00e9gory S a voulu se frotter \u00e0 la meute de coureurs Normands. Malheureusement pour lui, l\u00e0-bas ils partent \u00e0 l&rsquo;heure\u00a0 \ud83d\ude1b\u00a0 \ud83d\ude1b\u00a0 \ud83d\ude1b . Malgr\u00e9 un d\u00e9part rat\u00e9 il termina \u00e0 une belle 7\u00e8me place, de quoi avoir quelques regrets. [ws_table id=\u00a0\u00bb317&Prime;] Trail de Boeuvres [&hellip;]\" \/>\n<meta property=\"og:url\" content=\"https:\/\/janze-athletisme.fr\/wordpress\/week-end-29-30-octobre\/\" \/>\n<meta property=\"og:site_name\" content=\"Janz\u00e9 Athl\u00e9tisme\" \/>\n<meta property=\"article:publisher\" content=\"https:\/\/www.facebook.com\/groups\/1007964579346590\" \/>\n<meta property=\"article:published_time\" content=\"2016-11-02T08:31:23+00:00\" \/>\n<meta property=\"article:modified_time\" content=\"2016-11-03T11:03:42+00:00\" \/>\n<meta name=\"author\" content=\"Anthony\" \/>\n<meta name=\"twitter:card\" content=\"summary_large_image\" \/>\n<meta name=\"twitter:label1\" content=\"\u00c9crit par\" \/>\n\t<meta name=\"twitter:data1\" content=\"Anthony\" \/>\n\t<meta name=\"twitter:label2\" content=\"Dur\u00e9e de lecture estim\u00e9e\" \/>\n\t<meta name=\"twitter:data2\" content=\"2 minutes\" \/>\n<script type=\"application\/ld+json\" class=\"yoast-schema-graph\">{\"@context\":\"https:\\\/\\\/schema.org\",\"@graph\":[{\"@type\":\"Article\",\"@id\":\"https:\\\/\\\/janze-athletisme.fr\\\/wordpress\\\/week-end-29-30-octobre\\\/#article\",\"isPartOf\":{\"@id\":\"https:\\\/\\\/janze-athletisme.fr\\\/wordpress\\\/week-end-29-30-octobre\\\/\"},\"author\":{\"name\":\"Anthony\",\"@id\":\"https:\\\/\\\/janze-athletisme.fr\\\/wordpress\\\/#\\\/schema\\\/person\\\/525a6358d0c70a5cca90d6e8619f0453\"},\"headline\":\"Week end du 29 et 30 octobre\",\"datePublished\":\"2016-11-02T08:31:23+00:00\",\"dateModified\":\"2016-11-03T11:03:42+00:00\",\"mainEntityOfPage\":{\"@id\":\"https:\\\/\\\/janze-athletisme.fr\\\/wordpress\\\/week-end-29-30-octobre\\\/\"},\"wordCount\":433,\"commentCount\":0,\"publisher\":{\"@id\":\"https:\\\/\\\/janze-athletisme.fr\\\/wordpress\\\/#organization\"},\"articleSection\":[\"Le club au jour le jour\"],\"inLanguage\":\"fr-FR\",\"potentialAction\":[{\"@type\":\"CommentAction\",\"name\":\"Comment\",\"target\":[\"https:\\\/\\\/janze-athletisme.fr\\\/wordpress\\\/week-end-29-30-octobre\\\/#respond\"]}]},{\"@type\":\"WebPage\",\"@id\":\"https:\\\/\\\/janze-athletisme.fr\\\/wordpress\\\/week-end-29-30-octobre\\\/\",\"url\":\"https:\\\/\\\/janze-athletisme.fr\\\/wordpress\\\/week-end-29-30-octobre\\\/\",\"name\":\"Week end du 29 et 30 octobre - Janz\u00e9 Athl\u00e9tisme\",\"isPartOf\":{\"@id\":\"https:\\\/\\\/janze-athletisme.fr\\\/wordpress\\\/#website\"},\"datePublished\":\"2016-11-02T08:31:23+00:00\",\"dateModified\":\"2016-11-03T11:03:42+00:00\",\"breadcrumb\":{\"@id\":\"https:\\\/\\\/janze-athletisme.fr\\\/wordpress\\\/week-end-29-30-octobre\\\/#breadcrumb\"},\"inLanguage\":\"fr-FR\",\"potentialAction\":[{\"@type\":\"ReadAction\",\"target\":[\"https:\\\/\\\/janze-athletisme.fr\\\/wordpress\\\/week-end-29-30-octobre\\\/\"]}]},{\"@type\":\"BreadcrumbList\",\"@id\":\"https:\\\/\\\/janze-athletisme.fr\\\/wordpress\\\/week-end-29-30-octobre\\\/#breadcrumb\",\"itemListElement\":[{\"@type\":\"ListItem\",\"position\":1,\"name\":\"Accueil\",\"item\":\"https:\\\/\\\/janze-athletisme.fr\\\/wordpress\\\/\"},{\"@type\":\"ListItem\",\"position\":2,\"name\":\"Week end du 29 et 30 octobre\"}]},{\"@type\":\"WebSite\",\"@id\":\"https:\\\/\\\/janze-athletisme.fr\\\/wordpress\\\/#website\",\"url\":\"https:\\\/\\\/janze-athletisme.fr\\\/wordpress\\\/\",\"name\":\"Janz\u00e9 Athl\u00e9tisme\",\"description\":\"Pays de La Roche aux F\u00e9es\",\"publisher\":{\"@id\":\"https:\\\/\\\/janze-athletisme.fr\\\/wordpress\\\/#organization\"},\"potentialAction\":[{\"@type\":\"SearchAction\",\"target\":{\"@type\":\"EntryPoint\",\"urlTemplate\":\"https:\\\/\\\/janze-athletisme.fr\\\/wordpress\\\/?s={search_term_string}\"},\"query-input\":{\"@type\":\"PropertyValueSpecification\",\"valueRequired\":true,\"valueName\":\"search_term_string\"}}],\"inLanguage\":\"fr-FR\"},{\"@type\":\"Organization\",\"@id\":\"https:\\\/\\\/janze-athletisme.fr\\\/wordpress\\\/#organization\",\"name\":\"Janz\u00e9 Athl\u00e9tisme\",\"url\":\"https:\\\/\\\/janze-athletisme.fr\\\/wordpress\\\/\",\"logo\":{\"@type\":\"ImageObject\",\"inLanguage\":\"fr-FR\",\"@id\":\"https:\\\/\\\/janze-athletisme.fr\\\/wordpress\\\/#\\\/schema\\\/logo\\\/image\\\/\",\"url\":\"https:\\\/\\\/janze-athletisme.fr\\\/wordpress\\\/wp-content\\\/uploads\\\/2015\\\/03\\\/logo-full1.jpg\",\"contentUrl\":\"https:\\\/\\\/janze-athletisme.fr\\\/wordpress\\\/wp-content\\\/uploads\\\/2015\\\/03\\\/logo-full1.jpg\",\"width\":437,\"height\":205,\"caption\":\"Janz\u00e9 Athl\u00e9tisme\"},\"image\":{\"@id\":\"https:\\\/\\\/janze-athletisme.fr\\\/wordpress\\\/#\\\/schema\\\/logo\\\/image\\\/\"},\"sameAs\":[\"https:\\\/\\\/www.facebook.com\\\/groups\\\/1007964579346590\"]},{\"@type\":\"Person\",\"@id\":\"https:\\\/\\\/janze-athletisme.fr\\\/wordpress\\\/#\\\/schema\\\/person\\\/525a6358d0c70a5cca90d6e8619f0453\",\"name\":\"Anthony\",\"image\":{\"@type\":\"ImageObject\",\"inLanguage\":\"fr-FR\",\"@id\":\"https:\\\/\\\/secure.gravatar.com\\\/avatar\\\/532191f4fe4dd4049862f967bad2fe3582467d09a23b1e5c976a11e7665d2423?s=96&d=mm&r=g\",\"url\":\"https:\\\/\\\/secure.gravatar.com\\\/avatar\\\/532191f4fe4dd4049862f967bad2fe3582467d09a23b1e5c976a11e7665d2423?s=96&d=mm&r=g\",\"contentUrl\":\"https:\\\/\\\/secure.gravatar.com\\\/avatar\\\/532191f4fe4dd4049862f967bad2fe3582467d09a23b1e5c976a11e7665d2423?s=96&d=mm&r=g\",\"caption\":\"Anthony\"},\"url\":\"https:\\\/\\\/janze-athletisme.fr\\\/wordpress\\\/author\\\/anjuvin\\\/\"}]}<\/script>\n<!-- \/ Yoast SEO plugin. -->","yoast_head_json":{"title":"Week end du 29 et 30 octobre - Janz\u00e9 Athl\u00e9tisme","robots":{"index":"index","follow":"follow","max-snippet":"max-snippet:-1","max-image-preview":"max-image-preview:large","max-video-preview":"max-video-preview:-1"},"canonical":"https:\/\/janze-athletisme.fr\/wordpress\/week-end-29-30-octobre\/","og_locale":"fr_FR","og_type":"article","og_title":"Week end du 29 et 30 octobre - Janz\u00e9 Athl\u00e9tisme","og_description":"Les sentiers d&rsquo;Allonnes (50) De retour aux sources, notre ami Gr\u00e9gory S a voulu se frotter \u00e0 la meute de coureurs Normands. Malheureusement pour lui, l\u00e0-bas ils partent \u00e0 l&rsquo;heure\u00a0 \ud83d\ude1b\u00a0 \ud83d\ude1b\u00a0 \ud83d\ude1b . Malgr\u00e9 un d\u00e9part rat\u00e9 il termina \u00e0 une belle 7\u00e8me place, de quoi avoir quelques regrets. [ws_table id=\u00a0\u00bb317&Prime;] Trail de Boeuvres [&hellip;]","og_url":"https:\/\/janze-athletisme.fr\/wordpress\/week-end-29-30-octobre\/","og_site_name":"Janz\u00e9 Athl\u00e9tisme","article_publisher":"https:\/\/www.facebook.com\/groups\/1007964579346590","article_published_time":"2016-11-02T08:31:23+00:00","article_modified_time":"2016-11-03T11:03:42+00:00","author":"Anthony","twitter_card":"summary_large_image","twitter_misc":{"\u00c9crit par":"Anthony","Dur\u00e9e de lecture estim\u00e9e":"2 minutes"},"schema":{"@context":"https:\/\/schema.org","@graph":[{"@type":"Article","@id":"https:\/\/janze-athletisme.fr\/wordpress\/week-end-29-30-octobre\/#article","isPartOf":{"@id":"https:\/\/janze-athletisme.fr\/wordpress\/week-end-29-30-octobre\/"},"author":{"name":"Anthony","@id":"https:\/\/janze-athletisme.fr\/wordpress\/#\/schema\/person\/525a6358d0c70a5cca90d6e8619f0453"},"headline":"Week end du 29 et 30 octobre","datePublished":"2016-11-02T08:31:23+00:00","dateModified":"2016-11-03T11:03:42+00:00","mainEntityOfPage":{"@id":"https:\/\/janze-athletisme.fr\/wordpress\/week-end-29-30-octobre\/"},"wordCount":433,"commentCount":0,"publisher":{"@id":"https:\/\/janze-athletisme.fr\/wordpress\/#organization"},"articleSection":["Le club au jour le jour"],"inLanguage":"fr-FR","potentialAction":[{"@type":"CommentAction","name":"Comment","target":["https:\/\/janze-athletisme.fr\/wordpress\/week-end-29-30-octobre\/#respond"]}]},{"@type":"WebPage","@id":"https:\/\/janze-athletisme.fr\/wordpress\/week-end-29-30-octobre\/","url":"https:\/\/janze-athletisme.fr\/wordpress\/week-end-29-30-octobre\/","name":"Week end du 29 et 30 octobre - Janz\u00e9 Athl\u00e9tisme","isPartOf":{"@id":"https:\/\/janze-athletisme.fr\/wordpress\/#website"},"datePublished":"2016-11-02T08:31:23+00:00","dateModified":"2016-11-03T11:03:42+00:00","breadcrumb":{"@id":"https:\/\/janze-athletisme.fr\/wordpress\/week-end-29-30-octobre\/#breadcrumb"},"inLanguage":"fr-FR","potentialAction":[{"@type":"ReadAction","target":["https:\/\/janze-athletisme.fr\/wordpress\/week-end-29-30-octobre\/"]}]},{"@type":"BreadcrumbList","@id":"https:\/\/janze-athletisme.fr\/wordpress\/week-end-29-30-octobre\/#breadcrumb","itemListElement":[{"@type":"ListItem","position":1,"name":"Accueil","item":"https:\/\/janze-athletisme.fr\/wordpress\/"},{"@type":"ListItem","position":2,"name":"Week end du 29 et 30 octobre"}]},{"@type":"WebSite","@id":"https:\/\/janze-athletisme.fr\/wordpress\/#website","url":"https:\/\/janze-athletisme.fr\/wordpress\/","name":"Janz\u00e9 Athl\u00e9tisme","description":"Pays de La Roche aux F\u00e9es","publisher":{"@id":"https:\/\/janze-athletisme.fr\/wordpress\/#organization"},"potentialAction":[{"@type":"SearchAction","target":{"@type":"EntryPoint","urlTemplate":"https:\/\/janze-athletisme.fr\/wordpress\/?s={search_term_string}"},"query-input":{"@type":"PropertyValueSpecification","valueRequired":true,"valueName":"search_term_string"}}],"inLanguage":"fr-FR"},{"@type":"Organization","@id":"https:\/\/janze-athletisme.fr\/wordpress\/#organization","name":"Janz\u00e9 Athl\u00e9tisme","url":"https:\/\/janze-athletisme.fr\/wordpress\/","logo":{"@type":"ImageObject","inLanguage":"fr-FR","@id":"https:\/\/janze-athletisme.fr\/wordpress\/#\/schema\/logo\/image\/","url":"https:\/\/janze-athletisme.fr\/wordpress\/wp-content\/uploads\/2015\/03\/logo-full1.jpg","contentUrl":"https:\/\/janze-athletisme.fr\/wordpress\/wp-content\/uploads\/2015\/03\/logo-full1.jpg","width":437,"height":205,"caption":"Janz\u00e9 Athl\u00e9tisme"},"image":{"@id":"https:\/\/janze-athletisme.fr\/wordpress\/#\/schema\/logo\/image\/"},"sameAs":["https:\/\/www.facebook.com\/groups\/1007964579346590"]},{"@type":"Person","@id":"https:\/\/janze-athletisme.fr\/wordpress\/#\/schema\/person\/525a6358d0c70a5cca90d6e8619f0453","name":"Anthony","image":{"@type":"ImageObject","inLanguage":"fr-FR","@id":"https:\/\/secure.gravatar.com\/avatar\/532191f4fe4dd4049862f967bad2fe3582467d09a23b1e5c976a11e7665d2423?s=96&d=mm&r=g","url":"https:\/\/secure.gravatar.com\/avatar\/532191f4fe4dd4049862f967bad2fe3582467d09a23b1e5c976a11e7665d2423?s=96&d=mm&r=g","contentUrl":"https:\/\/secure.gravatar.com\/avatar\/532191f4fe4dd4049862f967bad2fe3582467d09a23b1e5c976a11e7665d2423?s=96&d=mm&r=g","caption":"Anthony"},"url":"https:\/\/janze-athletisme.fr\/wordpress\/author\/anjuvin\/"}]}},"uagb_featured_image_src":{"full":false,"thumbnail":false,"medium":false,"medium_large":false,"large":false,"1536x1536":false,"2048x2048":false},"uagb_author_info":{"display_name":"Anthony","author_link":"https:\/\/janze-athletisme.fr\/wordpress\/author\/anjuvin\/"},"uagb_comment_info":0,"uagb_excerpt":"Les sentiers d&rsquo;Allonnes (50) De retour aux sources, notre ami Gr\u00e9gory S a voulu se frotter \u00e0 la meute de coureurs Normands. Malheureusement pour lui, l\u00e0-bas ils partent \u00e0 l&rsquo;heure\u00a0 \ud83d\ude1b\u00a0 \ud83d\ude1b\u00a0 \ud83d\ude1b . Malgr\u00e9 un d\u00e9part rat\u00e9 il termina \u00e0 une belle 7\u00e8me place, de quoi avoir quelques regrets. [ws_table id=\u00a0\u00bb317&Prime;] Trail de Boeuvres\u2026","_links":{"self":[{"href":"https:\/\/janze-athletisme.fr\/wordpress\/wp-json\/wp\/v2\/posts\/2076","targetHints":{"allow":["GET"]}}],"collection":[{"href":"https:\/\/janze-athletisme.fr\/wordpress\/wp-json\/wp\/v2\/posts"}],"about":[{"href":"https:\/\/janze-athletisme.fr\/wordpress\/wp-json\/wp\/v2\/types\/post"}],"author":[{"embeddable":true,"href":"https:\/\/janze-athletisme.fr\/wordpress\/wp-json\/wp\/v2\/users\/4"}],"replies":[{"embeddable":true,"href":"https:\/\/janze-athletisme.fr\/wordpress\/wp-json\/wp\/v2\/comments?post=2076"}],"version-history":[{"count":4,"href":"https:\/\/janze-athletisme.fr\/wordpress\/wp-json\/wp\/v2\/posts\/2076\/revisions"}],"predecessor-version":[{"id":2080,"href":"https:\/\/janze-athletisme.fr\/wordpress\/wp-json\/wp\/v2\/posts\/2076\/revisions\/2080"}],"wp:attachment":[{"href":"https:\/\/janze-athletisme.fr\/wordpress\/wp-json\/wp\/v2\/media?parent=2076"}],"wp:term":[{"taxonomy":"category","embeddable":true,"href":"https:\/\/janze-athletisme.fr\/wordpress\/wp-json\/wp\/v2\/categories?post=2076"},{"taxonomy":"post_tag","embeddable":true,"href":"https:\/\/janze-athletisme.fr\/wordpress\/wp-json\/wp\/v2\/tags?post=2076"}],"curies":[{"name":"wp","href":"https:\/\/api.w.org\/{rel}","templated":true}]}}