{"id":19868,"date":"2024-06-29T13:11:23","date_gmt":"2024-06-29T11:11:23","guid":{"rendered":"https:\/\/janze-athletisme.fr\/wordpress\/?p=19868"},"modified":"2024-06-30T08:30:16","modified_gmt":"2024-06-30T06:30:16","slug":"une-double-derniere-raccourcie-par-la-pluie-mais-sympa","status":"publish","type":"post","link":"https:\/\/janze-athletisme.fr\/wordpress\/une-double-derniere-raccourcie-par-la-pluie-mais-sympa\/","title":{"rendered":"Une double derni\u00e8re raccourcie par la pluie mais sympa"},"content":{"rendered":"<p><span style=\"font-size: 18pt;\"><strong>Ultime s\u00e9ance EA-PO, stade Louis-Lecoq, samedi 29 juin<\/strong><\/span><\/p>\n<p>Pas de chance avec la m\u00e9t\u00e9o. Les parents avaient jou\u00e9 le jeu pourtant, et ils \u00e9taient presque aussi nombreux que les enfants pour cette derni\u00e8re s\u00e9ance de l&rsquo;ann\u00e9e. H\u00e9las, on n&rsquo;a pas invit\u00e9 la pluie, mais elle a trouv\u00e9 sympas les ateliers et a donc d\u00e9cid\u00e9 de se joindre au groupe d\u00e8s avant la fin de la premi\u00e8re heure. Et pas qu&rsquo;un peu. Ce fut la grosse averse !<\/p>\n<p>Il a donc fallu lui dire <em>t&rsquo;es gentille mais finalement on te laisse jouer toute seule<\/em>. Direction les tribunes. Les enfants ont d\u00e9couvert la mont\u00e9e de marches pieds joints, avant un petit go\u00fbter final et la remise de m\u00e9dailles pour cl\u00f4turer cette belle ann\u00e9e de d\u00e9couverte.<\/p>\n<p>La rentr\u00e9e aura lieu comme d&rsquo;habitude le samedi matin suivant le prochain Forum des associations, d\u00e9but septembre. Les ann\u00e9es 2014-2015 la saison prochaine seront poussins et les ann\u00e9es 2016-2017 \u00c9veils. Les inscriptions pourront se faire au Forum ou lors des premi\u00e8res s\u00e9ances.<\/p>\n<p>Bravo les enfants et bravo les parents !<\/p>\n<p><a href=\"https:\/\/janze-athletisme.fr\/wordpress\/wp-content\/uploads\/2024\/06\/DSC_6885.jpg\"><img loading=\"lazy\" decoding=\"async\" class=\"alignnone wp-image-19869\" src=\"https:\/\/janze-athletisme.fr\/wordpress\/wp-content\/uploads\/2024\/06\/DSC_6885-300x202.jpg\" alt=\"\" width=\"260\" height=\"175\" srcset=\"https:\/\/janze-athletisme.fr\/wordpress\/wp-content\/uploads\/2024\/06\/DSC_6885-300x202.jpg 300w, https:\/\/janze-athletisme.fr\/wordpress\/wp-content\/uploads\/2024\/06\/DSC_6885-1024x690.jpg 1024w, https:\/\/janze-athletisme.fr\/wordpress\/wp-content\/uploads\/2024\/06\/DSC_6885-768x518.jpg 768w, https:\/\/janze-athletisme.fr\/wordpress\/wp-content\/uploads\/2024\/06\/DSC_6885.jpg 1484w\" sizes=\"auto, (max-width: 260px) 100vw, 260px\" \/><\/a> <a href=\"https:\/\/janze-athletisme.fr\/wordpress\/wp-content\/uploads\/2024\/06\/DSC_6886.jpg\"><img loading=\"lazy\" decoding=\"async\" class=\"alignnone wp-image-19870\" src=\"https:\/\/janze-athletisme.fr\/wordpress\/wp-content\/uploads\/2024\/06\/DSC_6886-300x207.jpg\" alt=\"\" width=\"253\" height=\"175\" srcset=\"https:\/\/janze-athletisme.fr\/wordpress\/wp-content\/uploads\/2024\/06\/DSC_6886-300x207.jpg 300w, https:\/\/janze-athletisme.fr\/wordpress\/wp-content\/uploads\/2024\/06\/DSC_6886-1024x708.jpg 1024w, https:\/\/janze-athletisme.fr\/wordpress\/wp-content\/uploads\/2024\/06\/DSC_6886-768x531.jpg 768w, https:\/\/janze-athletisme.fr\/wordpress\/wp-content\/uploads\/2024\/06\/DSC_6886.jpg 1446w\" sizes=\"auto, (max-width: 253px) 100vw, 253px\" \/><\/a> <a href=\"https:\/\/janze-athletisme.fr\/wordpress\/wp-content\/uploads\/2024\/06\/DSC_6887.jpg\"><img loading=\"lazy\" decoding=\"async\" class=\"alignnone wp-image-19871\" src=\"https:\/\/janze-athletisme.fr\/wordpress\/wp-content\/uploads\/2024\/06\/DSC_6887-300x204.jpg\" alt=\"\" width=\"259\" height=\"176\" srcset=\"https:\/\/janze-athletisme.fr\/wordpress\/wp-content\/uploads\/2024\/06\/DSC_6887-300x204.jpg 300w, https:\/\/janze-athletisme.fr\/wordpress\/wp-content\/uploads\/2024\/06\/DSC_6887-1024x697.jpg 1024w, https:\/\/janze-athletisme.fr\/wordpress\/wp-content\/uploads\/2024\/06\/DSC_6887-768x523.jpg 768w, https:\/\/janze-athletisme.fr\/wordpress\/wp-content\/uploads\/2024\/06\/DSC_6887.jpg 1469w\" sizes=\"auto, (max-width: 259px) 100vw, 259px\" \/><\/a><\/p>\n<p><a href=\"https:\/\/janze-athletisme.fr\/wordpress\/wp-content\/uploads\/2024\/06\/DSC_6897-scaled.jpg\"><img loading=\"lazy\" decoding=\"async\" class=\"alignnone wp-image-19872\" src=\"https:\/\/janze-athletisme.fr\/wordpress\/wp-content\/uploads\/2024\/06\/DSC_6897-300x139.jpg\" alt=\"\" width=\"345\" height=\"160\" srcset=\"https:\/\/janze-athletisme.fr\/wordpress\/wp-content\/uploads\/2024\/06\/DSC_6897-300x139.jpg 300w, https:\/\/janze-athletisme.fr\/wordpress\/wp-content\/uploads\/2024\/06\/DSC_6897-1024x475.jpg 1024w, https:\/\/janze-athletisme.fr\/wordpress\/wp-content\/uploads\/2024\/06\/DSC_6897-768x356.jpg 768w, https:\/\/janze-athletisme.fr\/wordpress\/wp-content\/uploads\/2024\/06\/DSC_6897-1536x712.jpg 1536w, https:\/\/janze-athletisme.fr\/wordpress\/wp-content\/uploads\/2024\/06\/DSC_6897-2048x949.jpg 2048w\" sizes=\"auto, (max-width: 345px) 100vw, 345px\" \/><\/a> <a href=\"https:\/\/janze-athletisme.fr\/wordpress\/wp-content\/uploads\/2024\/06\/DSC_6901.jpg\"><img loading=\"lazy\" decoding=\"async\" class=\"alignnone wp-image-19873\" src=\"https:\/\/janze-athletisme.fr\/wordpress\/wp-content\/uploads\/2024\/06\/DSC_6901-300x159.jpg\" alt=\"\" width=\"247\" height=\"131\" srcset=\"https:\/\/janze-athletisme.fr\/wordpress\/wp-content\/uploads\/2024\/06\/DSC_6901-300x159.jpg 300w, https:\/\/janze-athletisme.fr\/wordpress\/wp-content\/uploads\/2024\/06\/DSC_6901-1024x543.jpg 1024w, https:\/\/janze-athletisme.fr\/wordpress\/wp-content\/uploads\/2024\/06\/DSC_6901-768x408.jpg 768w, https:\/\/janze-athletisme.fr\/wordpress\/wp-content\/uploads\/2024\/06\/DSC_6901-1536x815.jpg 1536w, https:\/\/janze-athletisme.fr\/wordpress\/wp-content\/uploads\/2024\/06\/DSC_6901-2048x1087.jpg 2048w\" sizes=\"auto, (max-width: 247px) 100vw, 247px\" \/> <\/a><a href=\"https:\/\/janze-athletisme.fr\/wordpress\/wp-content\/uploads\/2024\/06\/DSC_6905.jpg\"><img loading=\"lazy\" decoding=\"async\" class=\"alignnone wp-image-19874\" src=\"https:\/\/janze-athletisme.fr\/wordpress\/wp-content\/uploads\/2024\/06\/DSC_6905-300x144.jpg\" alt=\"\" width=\"196\" height=\"94\" srcset=\"https:\/\/janze-athletisme.fr\/wordpress\/wp-content\/uploads\/2024\/06\/DSC_6905-300x144.jpg 300w, https:\/\/janze-athletisme.fr\/wordpress\/wp-content\/uploads\/2024\/06\/DSC_6905-1024x491.jpg 1024w, https:\/\/janze-athletisme.fr\/wordpress\/wp-content\/uploads\/2024\/06\/DSC_6905-768x368.jpg 768w, https:\/\/janze-athletisme.fr\/wordpress\/wp-content\/uploads\/2024\/06\/DSC_6905-1536x736.jpg 1536w, https:\/\/janze-athletisme.fr\/wordpress\/wp-content\/uploads\/2024\/06\/DSC_6905-2048x981.jpg 2048w\" sizes=\"auto, (max-width: 196px) 100vw, 196px\" \/>\u00a0<\/a><\/p>\n<p><a href=\"https:\/\/janze-athletisme.fr\/wordpress\/wp-content\/uploads\/2024\/06\/DSC_6906.jpg\"><img loading=\"lazy\" decoding=\"async\" class=\"alignnone wp-image-19875\" src=\"https:\/\/janze-athletisme.fr\/wordpress\/wp-content\/uploads\/2024\/06\/DSC_6906-300x300.jpg\" alt=\"\" width=\"201\" height=\"201\" srcset=\"https:\/\/janze-athletisme.fr\/wordpress\/wp-content\/uploads\/2024\/06\/DSC_6906-300x300.jpg 300w, https:\/\/janze-athletisme.fr\/wordpress\/wp-content\/uploads\/2024\/06\/DSC_6906-1024x1024.jpg 1024w, https:\/\/janze-athletisme.fr\/wordpress\/wp-content\/uploads\/2024\/06\/DSC_6906-150x150.jpg 150w, https:\/\/janze-athletisme.fr\/wordpress\/wp-content\/uploads\/2024\/06\/DSC_6906-768x768.jpg 768w, https:\/\/janze-athletisme.fr\/wordpress\/wp-content\/uploads\/2024\/06\/DSC_6906.jpg 1200w\" sizes=\"auto, (max-width: 201px) 100vw, 201px\" \/> <\/a><a href=\"https:\/\/janze-athletisme.fr\/wordpress\/wp-content\/uploads\/2024\/06\/DSC_6907.jpg\"><img loading=\"lazy\" decoding=\"async\" class=\"alignnone wp-image-19876\" src=\"https:\/\/janze-athletisme.fr\/wordpress\/wp-content\/uploads\/2024\/06\/DSC_6907-300x300.jpg\" alt=\"\" width=\"201\" height=\"201\" srcset=\"https:\/\/janze-athletisme.fr\/wordpress\/wp-content\/uploads\/2024\/06\/DSC_6907-300x300.jpg 300w, https:\/\/janze-athletisme.fr\/wordpress\/wp-content\/uploads\/2024\/06\/DSC_6907-1024x1024.jpg 1024w, https:\/\/janze-athletisme.fr\/wordpress\/wp-content\/uploads\/2024\/06\/DSC_6907-150x150.jpg 150w, https:\/\/janze-athletisme.fr\/wordpress\/wp-content\/uploads\/2024\/06\/DSC_6907-768x768.jpg 768w, https:\/\/janze-athletisme.fr\/wordpress\/wp-content\/uploads\/2024\/06\/DSC_6907.jpg 1200w\" sizes=\"auto, (max-width: 201px) 100vw, 201px\" \/> <\/a><a href=\"https:\/\/janze-athletisme.fr\/wordpress\/wp-content\/uploads\/2024\/06\/DSC_6908.jpg\"><img loading=\"lazy\" decoding=\"async\" class=\"alignnone wp-image-19877\" src=\"https:\/\/janze-athletisme.fr\/wordpress\/wp-content\/uploads\/2024\/06\/DSC_6908-300x159.jpg\" alt=\"\" width=\"380\" height=\"201\" srcset=\"https:\/\/janze-athletisme.fr\/wordpress\/wp-content\/uploads\/2024\/06\/DSC_6908-300x159.jpg 300w, https:\/\/janze-athletisme.fr\/wordpress\/wp-content\/uploads\/2024\/06\/DSC_6908-1024x542.jpg 1024w, https:\/\/janze-athletisme.fr\/wordpress\/wp-content\/uploads\/2024\/06\/DSC_6908-768x407.jpg 768w, https:\/\/janze-athletisme.fr\/wordpress\/wp-content\/uploads\/2024\/06\/DSC_6908-1536x814.jpg 1536w, https:\/\/janze-athletisme.fr\/wordpress\/wp-content\/uploads\/2024\/06\/DSC_6908.jpg 1888w\" sizes=\"auto, (max-width: 380px) 100vw, 380px\" \/><\/a><\/p>\n<p><em><span style=\"font-size: 10pt;\">Trop fort, Mathieu Morvan, au lancer du vortex. Il en a crev\u00e9 un nuage ! A\u00efe !!! Il a fallu se r\u00e9fugier dans les tribunes&#8230;<\/span> <\/em><\/p>\n<p><a href=\"https:\/\/janze-athletisme.fr\/wordpress\/wp-content\/uploads\/2024\/06\/DSC_6912.jpg\"><img loading=\"lazy\" decoding=\"async\" class=\"alignnone size-medium wp-image-19878\" src=\"https:\/\/janze-athletisme.fr\/wordpress\/wp-content\/uploads\/2024\/06\/DSC_6912-300x141.jpg\" alt=\"\" width=\"300\" height=\"141\" srcset=\"https:\/\/janze-athletisme.fr\/wordpress\/wp-content\/uploads\/2024\/06\/DSC_6912-300x141.jpg 300w, https:\/\/janze-athletisme.fr\/wordpress\/wp-content\/uploads\/2024\/06\/DSC_6912-1024x482.jpg 1024w, https:\/\/janze-athletisme.fr\/wordpress\/wp-content\/uploads\/2024\/06\/DSC_6912-768x361.jpg 768w, https:\/\/janze-athletisme.fr\/wordpress\/wp-content\/uploads\/2024\/06\/DSC_6912-1536x723.jpg 1536w, https:\/\/janze-athletisme.fr\/wordpress\/wp-content\/uploads\/2024\/06\/DSC_6912-2048x964.jpg 2048w\" sizes=\"auto, (max-width: 300px) 100vw, 300px\" \/> <\/a><a href=\"https:\/\/janze-athletisme.fr\/wordpress\/wp-content\/uploads\/2024\/06\/DSC_6915.jpg\"><img loading=\"lazy\" decoding=\"async\" class=\"alignnone wp-image-19879\" src=\"https:\/\/janze-athletisme.fr\/wordpress\/wp-content\/uploads\/2024\/06\/DSC_6915-300x138.jpg\" alt=\"\" width=\"315\" height=\"145\" srcset=\"https:\/\/janze-athletisme.fr\/wordpress\/wp-content\/uploads\/2024\/06\/DSC_6915-300x138.jpg 300w, https:\/\/janze-athletisme.fr\/wordpress\/wp-content\/uploads\/2024\/06\/DSC_6915-1024x471.jpg 1024w, https:\/\/janze-athletisme.fr\/wordpress\/wp-content\/uploads\/2024\/06\/DSC_6915-768x354.jpg 768w, https:\/\/janze-athletisme.fr\/wordpress\/wp-content\/uploads\/2024\/06\/DSC_6915-1536x707.jpg 1536w, https:\/\/janze-athletisme.fr\/wordpress\/wp-content\/uploads\/2024\/06\/DSC_6915-2048x943.jpg 2048w\" sizes=\"auto, (max-width: 315px) 100vw, 315px\" \/> <\/a><a href=\"https:\/\/janze-athletisme.fr\/wordpress\/wp-content\/uploads\/2024\/06\/DSC_6913.jpg\"><img loading=\"lazy\" decoding=\"async\" class=\"alignnone wp-image-19880\" src=\"https:\/\/janze-athletisme.fr\/wordpress\/wp-content\/uploads\/2024\/06\/DSC_6913-300x300.jpg\" alt=\"\" width=\"166\" height=\"166\" srcset=\"https:\/\/janze-athletisme.fr\/wordpress\/wp-content\/uploads\/2024\/06\/DSC_6913-300x300.jpg 300w, https:\/\/janze-athletisme.fr\/wordpress\/wp-content\/uploads\/2024\/06\/DSC_6913-1024x1024.jpg 1024w, https:\/\/janze-athletisme.fr\/wordpress\/wp-content\/uploads\/2024\/06\/DSC_6913-150x150.jpg 150w, https:\/\/janze-athletisme.fr\/wordpress\/wp-content\/uploads\/2024\/06\/DSC_6913-768x768.jpg 768w, https:\/\/janze-athletisme.fr\/wordpress\/wp-content\/uploads\/2024\/06\/DSC_6913.jpg 1200w\" sizes=\"auto, (max-width: 166px) 100vw, 166px\" \/><\/a><\/p>\n<p><a href=\"https:\/\/janze-athletisme.fr\/wordpress\/wp-content\/uploads\/2024\/06\/DSC_6916.jpg\"><img loading=\"lazy\" decoding=\"async\" class=\"alignnone wp-image-19881\" src=\"https:\/\/janze-athletisme.fr\/wordpress\/wp-content\/uploads\/2024\/06\/DSC_6916-300x300.jpg\" alt=\"\" width=\"195\" height=\"195\" srcset=\"https:\/\/janze-athletisme.fr\/wordpress\/wp-content\/uploads\/2024\/06\/DSC_6916-300x300.jpg 300w, https:\/\/janze-athletisme.fr\/wordpress\/wp-content\/uploads\/2024\/06\/DSC_6916-1024x1024.jpg 1024w, https:\/\/janze-athletisme.fr\/wordpress\/wp-content\/uploads\/2024\/06\/DSC_6916-150x150.jpg 150w, https:\/\/janze-athletisme.fr\/wordpress\/wp-content\/uploads\/2024\/06\/DSC_6916-768x768.jpg 768w, https:\/\/janze-athletisme.fr\/wordpress\/wp-content\/uploads\/2024\/06\/DSC_6916.jpg 1200w\" sizes=\"auto, (max-width: 195px) 100vw, 195px\" \/><\/a> <a href=\"https:\/\/janze-athletisme.fr\/wordpress\/wp-content\/uploads\/2024\/06\/DSC_6917.jpg\"><img loading=\"lazy\" decoding=\"async\" class=\"alignnone wp-image-19882\" src=\"https:\/\/janze-athletisme.fr\/wordpress\/wp-content\/uploads\/2024\/06\/DSC_6917-300x300.jpg\" alt=\"\" width=\"178\" height=\"178\" srcset=\"https:\/\/janze-athletisme.fr\/wordpress\/wp-content\/uploads\/2024\/06\/DSC_6917-300x300.jpg 300w, https:\/\/janze-athletisme.fr\/wordpress\/wp-content\/uploads\/2024\/06\/DSC_6917-1024x1024.jpg 1024w, https:\/\/janze-athletisme.fr\/wordpress\/wp-content\/uploads\/2024\/06\/DSC_6917-150x150.jpg 150w, https:\/\/janze-athletisme.fr\/wordpress\/wp-content\/uploads\/2024\/06\/DSC_6917-768x768.jpg 768w, https:\/\/janze-athletisme.fr\/wordpress\/wp-content\/uploads\/2024\/06\/DSC_6917.jpg 1200w\" sizes=\"auto, (max-width: 178px) 100vw, 178px\" \/><\/a> <a href=\"https:\/\/janze-athletisme.fr\/wordpress\/wp-content\/uploads\/2024\/06\/DSC_6918.jpg\"><img loading=\"lazy\" decoding=\"async\" class=\"alignnone wp-image-19883\" src=\"https:\/\/janze-athletisme.fr\/wordpress\/wp-content\/uploads\/2024\/06\/DSC_6918-300x200.jpg\" alt=\"\" width=\"251\" height=\"167\" srcset=\"https:\/\/janze-athletisme.fr\/wordpress\/wp-content\/uploads\/2024\/06\/DSC_6918-300x200.jpg 300w, https:\/\/janze-athletisme.fr\/wordpress\/wp-content\/uploads\/2024\/06\/DSC_6918-1024x683.jpg 1024w, https:\/\/janze-athletisme.fr\/wordpress\/wp-content\/uploads\/2024\/06\/DSC_6918-768x512.jpg 768w, https:\/\/janze-athletisme.fr\/wordpress\/wp-content\/uploads\/2024\/06\/DSC_6918.jpg 1500w\" sizes=\"auto, (max-width: 251px) 100vw, 251px\" \/><\/a> <a href=\"https:\/\/janze-athletisme.fr\/wordpress\/wp-content\/uploads\/2024\/06\/DSC_6919.jpg\"><img loading=\"lazy\" decoding=\"async\" class=\"alignnone wp-image-19884\" src=\"https:\/\/janze-athletisme.fr\/wordpress\/wp-content\/uploads\/2024\/06\/DSC_6919-300x300.jpg\" alt=\"\" width=\"153\" height=\"153\" srcset=\"https:\/\/janze-athletisme.fr\/wordpress\/wp-content\/uploads\/2024\/06\/DSC_6919-300x300.jpg 300w, https:\/\/janze-athletisme.fr\/wordpress\/wp-content\/uploads\/2024\/06\/DSC_6919-1024x1024.jpg 1024w, https:\/\/janze-athletisme.fr\/wordpress\/wp-content\/uploads\/2024\/06\/DSC_6919-150x150.jpg 150w, https:\/\/janze-athletisme.fr\/wordpress\/wp-content\/uploads\/2024\/06\/DSC_6919-768x768.jpg 768w, https:\/\/janze-athletisme.fr\/wordpress\/wp-content\/uploads\/2024\/06\/DSC_6919.jpg 1200w\" sizes=\"auto, (max-width: 153px) 100vw, 153px\" \/><\/a><\/p>\n<p><span style=\"font-size: 14pt;\"><strong>Fin de saison \u00e9galement pour les BE-MI<\/strong><\/span><\/p>\n<p>Eux vont avoir plus de mal \u00e0 arr\u00eater leur saison. On les sent encore motiv\u00e9s, en d\u00e9pit de tout ce qu&rsquo;ils ont donn\u00e9 d\u00e9j\u00e0 durant cette ann\u00e9e, qui, pour eux, fut exceptionnelle (cf. article du 26 juin). Il va pourtant bien falloir prendre un peu de vacances. Et les encadrants itou. Mathieu Henry a d\u00e9j\u00e0 la veste pour ses cong\u00e9s d&rsquo;\u00e9t\u00e9 : elle est jaune et floqu\u00e9e des symboles de l&rsquo;EAC !<\/p>\n<p>Derni\u00e8re minute : un dernier rendez-vous est programm\u00e9 \u00e0 Foug\u00e8res pour plusieurs de nos jeunes. Ce sera le vendredi 5 juillet. Fin de saison d\u00e9cal\u00e9e. De quoi s&rsquo;amuser encore un peu.<\/p>\n<p><a href=\"https:\/\/janze-athletisme.fr\/wordpress\/wp-content\/uploads\/2024\/06\/DSC_6902.jpg\"><img loading=\"lazy\" decoding=\"async\" class=\"alignnone wp-image-19886\" src=\"https:\/\/janze-athletisme.fr\/wordpress\/wp-content\/uploads\/2024\/06\/DSC_6902-300x136.jpg\" alt=\"\" width=\"280\" height=\"127\" srcset=\"https:\/\/janze-athletisme.fr\/wordpress\/wp-content\/uploads\/2024\/06\/DSC_6902-300x136.jpg 300w, https:\/\/janze-athletisme.fr\/wordpress\/wp-content\/uploads\/2024\/06\/DSC_6902-1024x464.jpg 1024w, https:\/\/janze-athletisme.fr\/wordpress\/wp-content\/uploads\/2024\/06\/DSC_6902-768x348.jpg 768w, https:\/\/janze-athletisme.fr\/wordpress\/wp-content\/uploads\/2024\/06\/DSC_6902-1536x696.jpg 1536w, https:\/\/janze-athletisme.fr\/wordpress\/wp-content\/uploads\/2024\/06\/DSC_6902-2048x928.jpg 2048w\" sizes=\"auto, (max-width: 280px) 100vw, 280px\" \/><\/a> <a href=\"https:\/\/janze-athletisme.fr\/wordpress\/wp-content\/uploads\/2024\/06\/DSC_6904.jpg\"><img loading=\"lazy\" decoding=\"async\" class=\"alignnone wp-image-19887\" src=\"https:\/\/janze-athletisme.fr\/wordpress\/wp-content\/uploads\/2024\/06\/DSC_6904-300x141.jpg\" alt=\"\" width=\"269\" height=\"127\" srcset=\"https:\/\/janze-athletisme.fr\/wordpress\/wp-content\/uploads\/2024\/06\/DSC_6904-300x141.jpg 300w, https:\/\/janze-athletisme.fr\/wordpress\/wp-content\/uploads\/2024\/06\/DSC_6904-1024x481.jpg 1024w, https:\/\/janze-athletisme.fr\/wordpress\/wp-content\/uploads\/2024\/06\/DSC_6904-768x360.jpg 768w, https:\/\/janze-athletisme.fr\/wordpress\/wp-content\/uploads\/2024\/06\/DSC_6904-1536x721.jpg 1536w, https:\/\/janze-athletisme.fr\/wordpress\/wp-content\/uploads\/2024\/06\/DSC_6904-2048x961.jpg 2048w\" sizes=\"auto, (max-width: 269px) 100vw, 269px\" \/> <\/a><a href=\"https:\/\/janze-athletisme.fr\/wordpress\/wp-content\/uploads\/2024\/06\/DSC_6909.jpg\"><img loading=\"lazy\" decoding=\"async\" class=\"alignnone wp-image-19888\" src=\"https:\/\/janze-athletisme.fr\/wordpress\/wp-content\/uploads\/2024\/06\/DSC_6909-300x158.jpg\" alt=\"\" width=\"239\" height=\"126\" srcset=\"https:\/\/janze-athletisme.fr\/wordpress\/wp-content\/uploads\/2024\/06\/DSC_6909-300x158.jpg 300w, https:\/\/janze-athletisme.fr\/wordpress\/wp-content\/uploads\/2024\/06\/DSC_6909-1024x540.jpg 1024w, https:\/\/janze-athletisme.fr\/wordpress\/wp-content\/uploads\/2024\/06\/DSC_6909-768x405.jpg 768w, https:\/\/janze-athletisme.fr\/wordpress\/wp-content\/uploads\/2024\/06\/DSC_6909-1536x809.jpg 1536w, https:\/\/janze-athletisme.fr\/wordpress\/wp-content\/uploads\/2024\/06\/DSC_6909.jpg 1898w\" sizes=\"auto, (max-width: 239px) 100vw, 239px\" \/><\/a><\/p>\n<p><a href=\"https:\/\/janze-athletisme.fr\/wordpress\/wp-content\/uploads\/2024\/06\/DSC_6923.jpg\"><img loading=\"lazy\" decoding=\"async\" class=\"alignnone wp-image-19889\" src=\"https:\/\/janze-athletisme.fr\/wordpress\/wp-content\/uploads\/2024\/06\/DSC_6923-300x128.jpg\" alt=\"\" width=\"462\" height=\"197\" srcset=\"https:\/\/janze-athletisme.fr\/wordpress\/wp-content\/uploads\/2024\/06\/DSC_6923-300x128.jpg 300w, https:\/\/janze-athletisme.fr\/wordpress\/wp-content\/uploads\/2024\/06\/DSC_6923-1024x435.jpg 1024w, https:\/\/janze-athletisme.fr\/wordpress\/wp-content\/uploads\/2024\/06\/DSC_6923-768x327.jpg 768w, https:\/\/janze-athletisme.fr\/wordpress\/wp-content\/uploads\/2024\/06\/DSC_6923-1536x653.jpg 1536w, https:\/\/janze-athletisme.fr\/wordpress\/wp-content\/uploads\/2024\/06\/DSC_6923-2048x871.jpg 2048w\" sizes=\"auto, (max-width: 462px) 100vw, 462px\" \/> <\/a><a href=\"https:\/\/janze-athletisme.fr\/wordpress\/wp-content\/uploads\/2024\/06\/DSC_6925-1.jpg\"><img loading=\"lazy\" decoding=\"async\" class=\"alignnone wp-image-19891\" src=\"https:\/\/janze-athletisme.fr\/wordpress\/wp-content\/uploads\/2024\/06\/DSC_6925-1-300x300.jpg\" alt=\"\" width=\"197\" height=\"197\" srcset=\"https:\/\/janze-athletisme.fr\/wordpress\/wp-content\/uploads\/2024\/06\/DSC_6925-1-300x300.jpg 300w, https:\/\/janze-athletisme.fr\/wordpress\/wp-content\/uploads\/2024\/06\/DSC_6925-1-1024x1024.jpg 1024w, https:\/\/janze-athletisme.fr\/wordpress\/wp-content\/uploads\/2024\/06\/DSC_6925-1-150x150.jpg 150w, https:\/\/janze-athletisme.fr\/wordpress\/wp-content\/uploads\/2024\/06\/DSC_6925-1-768x767.jpg 768w, https:\/\/janze-athletisme.fr\/wordpress\/wp-content\/uploads\/2024\/06\/DSC_6925-1.jpg 1201w\" sizes=\"auto, (max-width: 197px) 100vw, 197px\" \/> <\/a><a href=\"https:\/\/janze-athletisme.fr\/wordpress\/wp-content\/uploads\/2024\/06\/DSC_6884.jpg\"><img loading=\"lazy\" decoding=\"async\" class=\"alignnone wp-image-19892\" src=\"https:\/\/janze-athletisme.fr\/wordpress\/wp-content\/uploads\/2024\/06\/DSC_6884-197x300.jpg\" alt=\"\" width=\"128\" height=\"195\" srcset=\"https:\/\/janze-athletisme.fr\/wordpress\/wp-content\/uploads\/2024\/06\/DSC_6884-197x300.jpg 197w, https:\/\/janze-athletisme.fr\/wordpress\/wp-content\/uploads\/2024\/06\/DSC_6884-674x1024.jpg 674w, https:\/\/janze-athletisme.fr\/wordpress\/wp-content\/uploads\/2024\/06\/DSC_6884-768x1167.jpg 768w, https:\/\/janze-athletisme.fr\/wordpress\/wp-content\/uploads\/2024\/06\/DSC_6884.jpg 1000w\" sizes=\"auto, (max-width: 128px) 100vw, 128px\" \/><\/a><\/p>\n","protected":false},"excerpt":{"rendered":"<p>Ultime s\u00e9ance EA-PO, stade Louis-Lecoq, samedi 29 juin Pas de chance avec la m\u00e9t\u00e9o. Les parents avaient jou\u00e9 le jeu pourtant, et ils \u00e9taient presque aussi nombreux que les enfants pour cette derni\u00e8re s\u00e9ance de l&rsquo;ann\u00e9e. H\u00e9las, on n&rsquo;a pas invit\u00e9 la pluie, mais elle a trouv\u00e9 sympas les ateliers et a donc d\u00e9cid\u00e9 de [&hellip;]<\/p>\n","protected":false},"author":12,"featured_media":19882,"comment_status":"open","ping_status":"open","sticky":false,"template":"","format":"aside","meta":{"_uag_custom_page_level_css":"","site-sidebar-layout":"default","site-content-layout":"","ast-site-content-layout":"default","site-content-style":"default","site-sidebar-style":"default","ast-global-header-display":"","ast-banner-title-visibility":"","ast-main-header-display":"","ast-hfb-above-header-display":"","ast-hfb-below-header-display":"","ast-hfb-mobile-header-display":"","site-post-title":"","ast-breadcrumbs-content":"","ast-featured-img":"","footer-sml-layout":"","ast-disable-related-posts":"","theme-transparent-header-meta":"default","adv-header-id-meta":"","stick-header-meta":"","header-above-stick-meta":"","header-main-stick-meta":"","header-below-stick-meta":"","astra-migrate-meta-layouts":"set","ast-page-background-enabled":"default","ast-page-background-meta":{"desktop":{"background-color":"var(--ast-global-color-4)","background-image":"","background-repeat":"repeat","background-position":"center center","background-size":"auto","background-attachment":"scroll","background-type":"","background-media":"","overlay-type":"","overlay-color":"","overlay-opacity":"","overlay-gradient":""},"tablet":{"background-color":"","background-image":"","background-repeat":"repeat","background-position":"center center","background-size":"auto","background-attachment":"scroll","background-type":"","background-media":"","overlay-type":"","overlay-color":"","overlay-opacity":"","overlay-gradient":""},"mobile":{"background-color":"","background-image":"","background-repeat":"repeat","background-position":"center center","background-size":"auto","background-attachment":"scroll","background-type":"","background-media":"","overlay-type":"","overlay-color":"","overlay-opacity":"","overlay-gradient":""}},"ast-content-background-meta":{"desktop":{"background-color":"var(--ast-global-color-5)","background-image":"","background-repeat":"repeat","background-position":"center center","background-size":"auto","background-attachment":"scroll","background-type":"","background-media":"","overlay-type":"","overlay-color":"","overlay-opacity":"","overlay-gradient":""},"tablet":{"background-color":"var(--ast-global-color-5)","background-image":"","background-repeat":"repeat","background-position":"center center","background-size":"auto","background-attachment":"scroll","background-type":"","background-media":"","overlay-type":"","overlay-color":"","overlay-opacity":"","overlay-gradient":""},"mobile":{"background-color":"var(--ast-global-color-5)","background-image":"","background-repeat":"repeat","background-position":"center center","background-size":"auto","background-attachment":"scroll","background-type":"","background-media":"","overlay-type":"","overlay-color":"","overlay-opacity":"","overlay-gradient":""}},"footnotes":""},"categories":[6],"tags":[],"class_list":["post-19868","post","type-post","status-publish","format-aside","has-post-thumbnail","hentry","category-sections","post_format-post-format-aside"],"yoast_head":"<!-- This site is optimized with the Yoast SEO plugin v27.5 - https:\/\/yoast.com\/product\/yoast-seo-wordpress\/ -->\n<title>Une double derni\u00e8re raccourcie par la pluie mais sympa - Janz\u00e9 Athl\u00e9tisme<\/title>\n<meta name=\"robots\" content=\"index, follow, max-snippet:-1, max-image-preview:large, max-video-preview:-1\" \/>\n<link rel=\"canonical\" href=\"https:\/\/janze-athletisme.fr\/wordpress\/une-double-derniere-raccourcie-par-la-pluie-mais-sympa\/\" \/>\n<meta property=\"og:locale\" content=\"fr_FR\" \/>\n<meta property=\"og:type\" content=\"article\" \/>\n<meta property=\"og:title\" content=\"Une double derni\u00e8re raccourcie par la pluie mais sympa - Janz\u00e9 Athl\u00e9tisme\" \/>\n<meta property=\"og:description\" content=\"Ultime s\u00e9ance EA-PO, stade Louis-Lecoq, samedi 29 juin Pas de chance avec la m\u00e9t\u00e9o. Les parents avaient jou\u00e9 le jeu pourtant, et ils \u00e9taient presque aussi nombreux que les enfants pour cette derni\u00e8re s\u00e9ance de l&rsquo;ann\u00e9e. H\u00e9las, on n&rsquo;a pas invit\u00e9 la pluie, mais elle a trouv\u00e9 sympas les ateliers et a donc d\u00e9cid\u00e9 de [&hellip;]\" \/>\n<meta property=\"og:url\" content=\"https:\/\/janze-athletisme.fr\/wordpress\/une-double-derniere-raccourcie-par-la-pluie-mais-sympa\/\" \/>\n<meta property=\"og:site_name\" content=\"Janz\u00e9 Athl\u00e9tisme\" \/>\n<meta property=\"article:publisher\" content=\"https:\/\/www.facebook.com\/groups\/1007964579346590\" \/>\n<meta property=\"article:published_time\" content=\"2024-06-29T11:11:23+00:00\" \/>\n<meta property=\"article:modified_time\" content=\"2024-06-30T06:30:16+00:00\" \/>\n<meta property=\"og:image\" content=\"https:\/\/janze-athletisme.fr\/wordpress\/wp-content\/uploads\/2024\/06\/DSC_6917.jpg\" \/>\n\t<meta property=\"og:image:width\" content=\"1200\" \/>\n\t<meta property=\"og:image:height\" content=\"1200\" \/>\n\t<meta property=\"og:image:type\" content=\"image\/jpeg\" \/>\n<meta name=\"author\" content=\"Laurent Meunier\" \/>\n<meta name=\"twitter:card\" content=\"summary_large_image\" \/>\n<meta name=\"twitter:label1\" content=\"\u00c9crit par\" \/>\n\t<meta name=\"twitter:data1\" content=\"Laurent Meunier\" \/>\n\t<meta name=\"twitter:label2\" content=\"Dur\u00e9e de lecture estim\u00e9e\" \/>\n\t<meta name=\"twitter:data2\" content=\"7 minutes\" \/>\n<script type=\"application\/ld+json\" class=\"yoast-schema-graph\">{\"@context\":\"https:\\\/\\\/schema.org\",\"@graph\":[{\"@type\":\"Article\",\"@id\":\"https:\\\/\\\/janze-athletisme.fr\\\/wordpress\\\/une-double-derniere-raccourcie-par-la-pluie-mais-sympa\\\/#article\",\"isPartOf\":{\"@id\":\"https:\\\/\\\/janze-athletisme.fr\\\/wordpress\\\/une-double-derniere-raccourcie-par-la-pluie-mais-sympa\\\/\"},\"author\":{\"name\":\"Laurent Meunier\",\"@id\":\"https:\\\/\\\/janze-athletisme.fr\\\/wordpress\\\/#\\\/schema\\\/person\\\/c7b063dcfa6234c041d4d9b26cc2ea03\"},\"headline\":\"Une double derni\u00e8re raccourcie par la pluie mais sympa\",\"datePublished\":\"2024-06-29T11:11:23+00:00\",\"dateModified\":\"2024-06-30T06:30:16+00:00\",\"mainEntityOfPage\":{\"@id\":\"https:\\\/\\\/janze-athletisme.fr\\\/wordpress\\\/une-double-derniere-raccourcie-par-la-pluie-mais-sympa\\\/\"},\"wordCount\":352,\"commentCount\":0,\"publisher\":{\"@id\":\"https:\\\/\\\/janze-athletisme.fr\\\/wordpress\\\/#organization\"},\"image\":{\"@id\":\"https:\\\/\\\/janze-athletisme.fr\\\/wordpress\\\/une-double-derniere-raccourcie-par-la-pluie-mais-sympa\\\/#primaryimage\"},\"thumbnailUrl\":\"https:\\\/\\\/janze-athletisme.fr\\\/wordpress\\\/wp-content\\\/uploads\\\/2024\\\/06\\\/DSC_6917.jpg\",\"articleSection\":[\"Le club au jour le jour\"],\"inLanguage\":\"fr-FR\",\"potentialAction\":[{\"@type\":\"CommentAction\",\"name\":\"Comment\",\"target\":[\"https:\\\/\\\/janze-athletisme.fr\\\/wordpress\\\/une-double-derniere-raccourcie-par-la-pluie-mais-sympa\\\/#respond\"]}]},{\"@type\":\"WebPage\",\"@id\":\"https:\\\/\\\/janze-athletisme.fr\\\/wordpress\\\/une-double-derniere-raccourcie-par-la-pluie-mais-sympa\\\/\",\"url\":\"https:\\\/\\\/janze-athletisme.fr\\\/wordpress\\\/une-double-derniere-raccourcie-par-la-pluie-mais-sympa\\\/\",\"name\":\"Une double derni\u00e8re raccourcie par la pluie mais sympa - Janz\u00e9 Athl\u00e9tisme\",\"isPartOf\":{\"@id\":\"https:\\\/\\\/janze-athletisme.fr\\\/wordpress\\\/#website\"},\"primaryImageOfPage\":{\"@id\":\"https:\\\/\\\/janze-athletisme.fr\\\/wordpress\\\/une-double-derniere-raccourcie-par-la-pluie-mais-sympa\\\/#primaryimage\"},\"image\":{\"@id\":\"https:\\\/\\\/janze-athletisme.fr\\\/wordpress\\\/une-double-derniere-raccourcie-par-la-pluie-mais-sympa\\\/#primaryimage\"},\"thumbnailUrl\":\"https:\\\/\\\/janze-athletisme.fr\\\/wordpress\\\/wp-content\\\/uploads\\\/2024\\\/06\\\/DSC_6917.jpg\",\"datePublished\":\"2024-06-29T11:11:23+00:00\",\"dateModified\":\"2024-06-30T06:30:16+00:00\",\"breadcrumb\":{\"@id\":\"https:\\\/\\\/janze-athletisme.fr\\\/wordpress\\\/une-double-derniere-raccourcie-par-la-pluie-mais-sympa\\\/#breadcrumb\"},\"inLanguage\":\"fr-FR\",\"potentialAction\":[{\"@type\":\"ReadAction\",\"target\":[\"https:\\\/\\\/janze-athletisme.fr\\\/wordpress\\\/une-double-derniere-raccourcie-par-la-pluie-mais-sympa\\\/\"]}]},{\"@type\":\"ImageObject\",\"inLanguage\":\"fr-FR\",\"@id\":\"https:\\\/\\\/janze-athletisme.fr\\\/wordpress\\\/une-double-derniere-raccourcie-par-la-pluie-mais-sympa\\\/#primaryimage\",\"url\":\"https:\\\/\\\/janze-athletisme.fr\\\/wordpress\\\/wp-content\\\/uploads\\\/2024\\\/06\\\/DSC_6917.jpg\",\"contentUrl\":\"https:\\\/\\\/janze-athletisme.fr\\\/wordpress\\\/wp-content\\\/uploads\\\/2024\\\/06\\\/DSC_6917.jpg\",\"width\":1200,\"height\":1200},{\"@type\":\"BreadcrumbList\",\"@id\":\"https:\\\/\\\/janze-athletisme.fr\\\/wordpress\\\/une-double-derniere-raccourcie-par-la-pluie-mais-sympa\\\/#breadcrumb\",\"itemListElement\":[{\"@type\":\"ListItem\",\"position\":1,\"name\":\"Accueil\",\"item\":\"https:\\\/\\\/janze-athletisme.fr\\\/wordpress\\\/\"},{\"@type\":\"ListItem\",\"position\":2,\"name\":\"Une double derni\u00e8re raccourcie par la pluie mais sympa\"}]},{\"@type\":\"WebSite\",\"@id\":\"https:\\\/\\\/janze-athletisme.fr\\\/wordpress\\\/#website\",\"url\":\"https:\\\/\\\/janze-athletisme.fr\\\/wordpress\\\/\",\"name\":\"Janz\u00e9 Athl\u00e9tisme\",\"description\":\"Pays de La Roche aux F\u00e9es\",\"publisher\":{\"@id\":\"https:\\\/\\\/janze-athletisme.fr\\\/wordpress\\\/#organization\"},\"potentialAction\":[{\"@type\":\"SearchAction\",\"target\":{\"@type\":\"EntryPoint\",\"urlTemplate\":\"https:\\\/\\\/janze-athletisme.fr\\\/wordpress\\\/?s={search_term_string}\"},\"query-input\":{\"@type\":\"PropertyValueSpecification\",\"valueRequired\":true,\"valueName\":\"search_term_string\"}}],\"inLanguage\":\"fr-FR\"},{\"@type\":\"Organization\",\"@id\":\"https:\\\/\\\/janze-athletisme.fr\\\/wordpress\\\/#organization\",\"name\":\"Janz\u00e9 Athl\u00e9tisme\",\"url\":\"https:\\\/\\\/janze-athletisme.fr\\\/wordpress\\\/\",\"logo\":{\"@type\":\"ImageObject\",\"inLanguage\":\"fr-FR\",\"@id\":\"https:\\\/\\\/janze-athletisme.fr\\\/wordpress\\\/#\\\/schema\\\/logo\\\/image\\\/\",\"url\":\"https:\\\/\\\/janze-athletisme.fr\\\/wordpress\\\/wp-content\\\/uploads\\\/2015\\\/03\\\/logo-full1.jpg\",\"contentUrl\":\"https:\\\/\\\/janze-athletisme.fr\\\/wordpress\\\/wp-content\\\/uploads\\\/2015\\\/03\\\/logo-full1.jpg\",\"width\":437,\"height\":205,\"caption\":\"Janz\u00e9 Athl\u00e9tisme\"},\"image\":{\"@id\":\"https:\\\/\\\/janze-athletisme.fr\\\/wordpress\\\/#\\\/schema\\\/logo\\\/image\\\/\"},\"sameAs\":[\"https:\\\/\\\/www.facebook.com\\\/groups\\\/1007964579346590\"]},{\"@type\":\"Person\",\"@id\":\"https:\\\/\\\/janze-athletisme.fr\\\/wordpress\\\/#\\\/schema\\\/person\\\/c7b063dcfa6234c041d4d9b26cc2ea03\",\"name\":\"Laurent Meunier\",\"image\":{\"@type\":\"ImageObject\",\"inLanguage\":\"fr-FR\",\"@id\":\"https:\\\/\\\/secure.gravatar.com\\\/avatar\\\/dd25d581ad7c3349090f2fa6a9adb6bfa287e6a5dd8a5216a092727cd8749034?s=96&d=mm&r=g\",\"url\":\"https:\\\/\\\/secure.gravatar.com\\\/avatar\\\/dd25d581ad7c3349090f2fa6a9adb6bfa287e6a5dd8a5216a092727cd8749034?s=96&d=mm&r=g\",\"contentUrl\":\"https:\\\/\\\/secure.gravatar.com\\\/avatar\\\/dd25d581ad7c3349090f2fa6a9adb6bfa287e6a5dd8a5216a092727cd8749034?s=96&d=mm&r=g\",\"caption\":\"Laurent Meunier\"},\"url\":\"https:\\\/\\\/janze-athletisme.fr\\\/wordpress\\\/author\\\/laurent-meunier35\\\/\"}]}<\/script>\n<!-- \/ Yoast SEO plugin. -->","yoast_head_json":{"title":"Une double derni\u00e8re raccourcie par la pluie mais sympa - Janz\u00e9 Athl\u00e9tisme","robots":{"index":"index","follow":"follow","max-snippet":"max-snippet:-1","max-image-preview":"max-image-preview:large","max-video-preview":"max-video-preview:-1"},"canonical":"https:\/\/janze-athletisme.fr\/wordpress\/une-double-derniere-raccourcie-par-la-pluie-mais-sympa\/","og_locale":"fr_FR","og_type":"article","og_title":"Une double derni\u00e8re raccourcie par la pluie mais sympa - Janz\u00e9 Athl\u00e9tisme","og_description":"Ultime s\u00e9ance EA-PO, stade Louis-Lecoq, samedi 29 juin Pas de chance avec la m\u00e9t\u00e9o. Les parents avaient jou\u00e9 le jeu pourtant, et ils \u00e9taient presque aussi nombreux que les enfants pour cette derni\u00e8re s\u00e9ance de l&rsquo;ann\u00e9e. H\u00e9las, on n&rsquo;a pas invit\u00e9 la pluie, mais elle a trouv\u00e9 sympas les ateliers et a donc d\u00e9cid\u00e9 de [&hellip;]","og_url":"https:\/\/janze-athletisme.fr\/wordpress\/une-double-derniere-raccourcie-par-la-pluie-mais-sympa\/","og_site_name":"Janz\u00e9 Athl\u00e9tisme","article_publisher":"https:\/\/www.facebook.com\/groups\/1007964579346590","article_published_time":"2024-06-29T11:11:23+00:00","article_modified_time":"2024-06-30T06:30:16+00:00","og_image":[{"width":1200,"height":1200,"url":"https:\/\/janze-athletisme.fr\/wordpress\/wp-content\/uploads\/2024\/06\/DSC_6917.jpg","type":"image\/jpeg"}],"author":"Laurent Meunier","twitter_card":"summary_large_image","twitter_misc":{"\u00c9crit par":"Laurent Meunier","Dur\u00e9e de lecture estim\u00e9e":"7 minutes"},"schema":{"@context":"https:\/\/schema.org","@graph":[{"@type":"Article","@id":"https:\/\/janze-athletisme.fr\/wordpress\/une-double-derniere-raccourcie-par-la-pluie-mais-sympa\/#article","isPartOf":{"@id":"https:\/\/janze-athletisme.fr\/wordpress\/une-double-derniere-raccourcie-par-la-pluie-mais-sympa\/"},"author":{"name":"Laurent Meunier","@id":"https:\/\/janze-athletisme.fr\/wordpress\/#\/schema\/person\/c7b063dcfa6234c041d4d9b26cc2ea03"},"headline":"Une double derni\u00e8re raccourcie par la pluie mais sympa","datePublished":"2024-06-29T11:11:23+00:00","dateModified":"2024-06-30T06:30:16+00:00","mainEntityOfPage":{"@id":"https:\/\/janze-athletisme.fr\/wordpress\/une-double-derniere-raccourcie-par-la-pluie-mais-sympa\/"},"wordCount":352,"commentCount":0,"publisher":{"@id":"https:\/\/janze-athletisme.fr\/wordpress\/#organization"},"image":{"@id":"https:\/\/janze-athletisme.fr\/wordpress\/une-double-derniere-raccourcie-par-la-pluie-mais-sympa\/#primaryimage"},"thumbnailUrl":"https:\/\/janze-athletisme.fr\/wordpress\/wp-content\/uploads\/2024\/06\/DSC_6917.jpg","articleSection":["Le club au jour le jour"],"inLanguage":"fr-FR","potentialAction":[{"@type":"CommentAction","name":"Comment","target":["https:\/\/janze-athletisme.fr\/wordpress\/une-double-derniere-raccourcie-par-la-pluie-mais-sympa\/#respond"]}]},{"@type":"WebPage","@id":"https:\/\/janze-athletisme.fr\/wordpress\/une-double-derniere-raccourcie-par-la-pluie-mais-sympa\/","url":"https:\/\/janze-athletisme.fr\/wordpress\/une-double-derniere-raccourcie-par-la-pluie-mais-sympa\/","name":"Une double derni\u00e8re raccourcie par la pluie mais sympa - Janz\u00e9 Athl\u00e9tisme","isPartOf":{"@id":"https:\/\/janze-athletisme.fr\/wordpress\/#website"},"primaryImageOfPage":{"@id":"https:\/\/janze-athletisme.fr\/wordpress\/une-double-derniere-raccourcie-par-la-pluie-mais-sympa\/#primaryimage"},"image":{"@id":"https:\/\/janze-athletisme.fr\/wordpress\/une-double-derniere-raccourcie-par-la-pluie-mais-sympa\/#primaryimage"},"thumbnailUrl":"https:\/\/janze-athletisme.fr\/wordpress\/wp-content\/uploads\/2024\/06\/DSC_6917.jpg","datePublished":"2024-06-29T11:11:23+00:00","dateModified":"2024-06-30T06:30:16+00:00","breadcrumb":{"@id":"https:\/\/janze-athletisme.fr\/wordpress\/une-double-derniere-raccourcie-par-la-pluie-mais-sympa\/#breadcrumb"},"inLanguage":"fr-FR","potentialAction":[{"@type":"ReadAction","target":["https:\/\/janze-athletisme.fr\/wordpress\/une-double-derniere-raccourcie-par-la-pluie-mais-sympa\/"]}]},{"@type":"ImageObject","inLanguage":"fr-FR","@id":"https:\/\/janze-athletisme.fr\/wordpress\/une-double-derniere-raccourcie-par-la-pluie-mais-sympa\/#primaryimage","url":"https:\/\/janze-athletisme.fr\/wordpress\/wp-content\/uploads\/2024\/06\/DSC_6917.jpg","contentUrl":"https:\/\/janze-athletisme.fr\/wordpress\/wp-content\/uploads\/2024\/06\/DSC_6917.jpg","width":1200,"height":1200},{"@type":"BreadcrumbList","@id":"https:\/\/janze-athletisme.fr\/wordpress\/une-double-derniere-raccourcie-par-la-pluie-mais-sympa\/#breadcrumb","itemListElement":[{"@type":"ListItem","position":1,"name":"Accueil","item":"https:\/\/janze-athletisme.fr\/wordpress\/"},{"@type":"ListItem","position":2,"name":"Une double derni\u00e8re raccourcie par la pluie mais sympa"}]},{"@type":"WebSite","@id":"https:\/\/janze-athletisme.fr\/wordpress\/#website","url":"https:\/\/janze-athletisme.fr\/wordpress\/","name":"Janz\u00e9 Athl\u00e9tisme","description":"Pays de La Roche aux F\u00e9es","publisher":{"@id":"https:\/\/janze-athletisme.fr\/wordpress\/#organization"},"potentialAction":[{"@type":"SearchAction","target":{"@type":"EntryPoint","urlTemplate":"https:\/\/janze-athletisme.fr\/wordpress\/?s={search_term_string}"},"query-input":{"@type":"PropertyValueSpecification","valueRequired":true,"valueName":"search_term_string"}}],"inLanguage":"fr-FR"},{"@type":"Organization","@id":"https:\/\/janze-athletisme.fr\/wordpress\/#organization","name":"Janz\u00e9 Athl\u00e9tisme","url":"https:\/\/janze-athletisme.fr\/wordpress\/","logo":{"@type":"ImageObject","inLanguage":"fr-FR","@id":"https:\/\/janze-athletisme.fr\/wordpress\/#\/schema\/logo\/image\/","url":"https:\/\/janze-athletisme.fr\/wordpress\/wp-content\/uploads\/2015\/03\/logo-full1.jpg","contentUrl":"https:\/\/janze-athletisme.fr\/wordpress\/wp-content\/uploads\/2015\/03\/logo-full1.jpg","width":437,"height":205,"caption":"Janz\u00e9 Athl\u00e9tisme"},"image":{"@id":"https:\/\/janze-athletisme.fr\/wordpress\/#\/schema\/logo\/image\/"},"sameAs":["https:\/\/www.facebook.com\/groups\/1007964579346590"]},{"@type":"Person","@id":"https:\/\/janze-athletisme.fr\/wordpress\/#\/schema\/person\/c7b063dcfa6234c041d4d9b26cc2ea03","name":"Laurent Meunier","image":{"@type":"ImageObject","inLanguage":"fr-FR","@id":"https:\/\/secure.gravatar.com\/avatar\/dd25d581ad7c3349090f2fa6a9adb6bfa287e6a5dd8a5216a092727cd8749034?s=96&d=mm&r=g","url":"https:\/\/secure.gravatar.com\/avatar\/dd25d581ad7c3349090f2fa6a9adb6bfa287e6a5dd8a5216a092727cd8749034?s=96&d=mm&r=g","contentUrl":"https:\/\/secure.gravatar.com\/avatar\/dd25d581ad7c3349090f2fa6a9adb6bfa287e6a5dd8a5216a092727cd8749034?s=96&d=mm&r=g","caption":"Laurent Meunier"},"url":"https:\/\/janze-athletisme.fr\/wordpress\/author\/laurent-meunier35\/"}]}},"uagb_featured_image_src":{"full":["https:\/\/janze-athletisme.fr\/wordpress\/wp-content\/uploads\/2024\/06\/DSC_6917.jpg",1200,1200,false],"thumbnail":["https:\/\/janze-athletisme.fr\/wordpress\/wp-content\/uploads\/2024\/06\/DSC_6917-150x150.jpg",150,150,true],"medium":["https:\/\/janze-athletisme.fr\/wordpress\/wp-content\/uploads\/2024\/06\/DSC_6917-300x300.jpg",300,300,true],"medium_large":["https:\/\/janze-athletisme.fr\/wordpress\/wp-content\/uploads\/2024\/06\/DSC_6917-768x768.jpg",768,768,true],"large":["https:\/\/janze-athletisme.fr\/wordpress\/wp-content\/uploads\/2024\/06\/DSC_6917-1024x1024.jpg",1024,1024,true],"1536x1536":["https:\/\/janze-athletisme.fr\/wordpress\/wp-content\/uploads\/2024\/06\/DSC_6917.jpg",1200,1200,false],"2048x2048":["https:\/\/janze-athletisme.fr\/wordpress\/wp-content\/uploads\/2024\/06\/DSC_6917.jpg",1200,1200,false]},"uagb_author_info":{"display_name":"Laurent Meunier","author_link":"https:\/\/janze-athletisme.fr\/wordpress\/author\/laurent-meunier35\/"},"uagb_comment_info":0,"uagb_excerpt":"Ultime s\u00e9ance EA-PO, stade Louis-Lecoq, samedi 29 juin Pas de chance avec la m\u00e9t\u00e9o. Les parents avaient jou\u00e9 le jeu pourtant, et ils \u00e9taient presque aussi nombreux que les enfants pour cette derni\u00e8re s\u00e9ance de l&rsquo;ann\u00e9e. H\u00e9las, on n&rsquo;a pas invit\u00e9 la pluie, mais elle a trouv\u00e9 sympas les ateliers et a donc d\u00e9cid\u00e9 de\u2026","_links":{"self":[{"href":"https:\/\/janze-athletisme.fr\/wordpress\/wp-json\/wp\/v2\/posts\/19868","targetHints":{"allow":["GET"]}}],"collection":[{"href":"https:\/\/janze-athletisme.fr\/wordpress\/wp-json\/wp\/v2\/posts"}],"about":[{"href":"https:\/\/janze-athletisme.fr\/wordpress\/wp-json\/wp\/v2\/types\/post"}],"author":[{"embeddable":true,"href":"https:\/\/janze-athletisme.fr\/wordpress\/wp-json\/wp\/v2\/users\/12"}],"replies":[{"embeddable":true,"href":"https:\/\/janze-athletisme.fr\/wordpress\/wp-json\/wp\/v2\/comments?post=19868"}],"version-history":[{"count":3,"href":"https:\/\/janze-athletisme.fr\/wordpress\/wp-json\/wp\/v2\/posts\/19868\/revisions"}],"predecessor-version":[{"id":19895,"href":"https:\/\/janze-athletisme.fr\/wordpress\/wp-json\/wp\/v2\/posts\/19868\/revisions\/19895"}],"wp:featuredmedia":[{"embeddable":true,"href":"https:\/\/janze-athletisme.fr\/wordpress\/wp-json\/wp\/v2\/media\/19882"}],"wp:attachment":[{"href":"https:\/\/janze-athletisme.fr\/wordpress\/wp-json\/wp\/v2\/media?parent=19868"}],"wp:term":[{"taxonomy":"category","embeddable":true,"href":"https:\/\/janze-athletisme.fr\/wordpress\/wp-json\/wp\/v2\/categories?post=19868"},{"taxonomy":"post_tag","embeddable":true,"href":"https:\/\/janze-athletisme.fr\/wordpress\/wp-json\/wp\/v2\/tags?post=19868"}],"curies":[{"name":"wp","href":"https:\/\/api.w.org\/{rel}","templated":true}]}}