{"id":19847,"date":"2024-06-28T12:59:35","date_gmt":"2024-06-28T10:59:35","guid":{"rendered":"https:\/\/janze-athletisme.fr\/wordpress\/?p=19847"},"modified":"2024-06-28T13:07:13","modified_gmt":"2024-06-28T11:07:13","slug":"ils-seront-finalement-27-dont-15-janzeens","status":"publish","type":"post","link":"https:\/\/janze-athletisme.fr\/wordpress\/ils-seront-finalement-27-dont-15-janzeens\/","title":{"rendered":"Ils seront finalement 27, dont 15 Janz\u00e9ens"},"content":{"rendered":"<p><span style=\"font-size: 18pt;\"><strong>R\u00e9gionaux sur piste Cadets &amp; +, samedi 29 et dimanche 30 juin, Redon<\/strong><\/span><\/p>\n<p>Les listes des qualifi\u00e9s pour Redon viennent de sortir ce vendredi 28. Nous aurons finalement 27 repr\u00e9sentants de l&rsquo;EAC (14 filles, 13 gar\u00e7ons), dont 15 Janz\u00e9ens (5 filles, 10 gar\u00e7ons). On note une belle repr\u00e9sentation des cadets\/cadettes (14), mais h\u00e9las une sous-repr\u00e9sentation des juniors (seulement 2), en manque d&rsquo;entra\u00eenement souvent, trop pris par le Bac, Parcours-Sup, les examens \u00e9tudiants et les boulots estivaux \u00e0 trouver&#8230;<\/p>\n<p>Nous avons quelques jolies chances de m\u00e9dailles, voire de titres, avec notamment Lucie Duvigneau, <strong>L\u00e9a<\/strong> Robert, Tiphanie Lecomte, Sterenn Tanguy, Fran\u00e7ois Chevalier et <strong>Bastien<\/strong> Fert&#8230; + quelques surprises potentielles.<\/p>\n<p>Bonne chance \u00e0 toutes et tous !<\/p>\n<p><span style=\"font-size: 14pt;\"><strong><span style=\"text-decoration: underline;\">La liste finale des qualifi\u00e9.e.s<\/span><\/strong><\/span><\/p>\n<p><strong>Lou-Ann<\/strong> Bouix : 100 et 200m CAF<\/p>\n<p>Ana\u00efs Cochet (Cesson) : 100m SEF<\/p>\n<p>Lucie Duvigneau (Cesson) : 200 et 400m CAF<\/p>\n<p>Camille S\u00e9cheret (Cesson) : 400m et 400m haies ESF<\/p>\n<p><strong>Cl\u00e9mence<\/strong> Lamoureux : 800m CAF<\/p>\n<p><strong>Faustine<\/strong> Louaisil : 800m CAF<\/p>\n<p><strong>L\u00e9a<\/strong> Robert : 3000m et 800m CAF<\/p>\n<p>Tiphanie Lecomte (Cesson) : 1500m et 800m SEF<\/p>\n<p>Elsa Mah\u00e9 (Bain) : 1500m JUF<\/p>\n<p><strong>Bertille<\/strong> Louaisil : 3000m CAF<\/p>\n<p>L\u00e9a Hourmant (Cesson) : 100m haies CAF<\/p>\n<p>Sterenn Tanguy (Cesson) : 400m haies CAF<\/p>\n<p>Lauriane Maurice (Cesson) : Hauteur SEF<\/p>\n<p>Kinnie Gadbois (Cesson) : Disque ESF<\/p>\n<p><strong>Quentin<\/strong> Planchenault : 100 et 200m CAM<\/p>\n<p>Fran\u00e7ois Chevalier (Cesson) : 200 et 400m CAM<\/p>\n<p><strong>Thibault<\/strong> Vilay : 200 et 400m CAM<\/p>\n<p><strong>Bastien<\/strong> Fert : 200 et 400m ESM<\/p>\n<p><strong>Augustin<\/strong> Jouzel : 400m ESM<\/p>\n<p>Yoann Devaud (Cesson) : 400m, longueur et poids SEM<\/p>\n<p><strong>L\u00e9o<\/strong> Guiheux : 3000m et 800m CAM<\/p>\n<p>Robin Legouable (Cesson) : 800m JUM<\/p>\n<p><strong>Rapha\u00ebl<\/strong> Bou\u00e9 : 3000m CAM<\/p>\n<p><strong>Esteban<\/strong> Bouillaux : 3000m et poids CAM<\/p>\n<p><strong>Ewen<\/strong> Huchet : Hauteur ESM<\/p>\n<p><strong>Enzo<\/strong> Paccini : Poids ESM<\/p>\n<p><strong>Bruno<\/strong> Mariette : 5000m marche MAM<\/p>\n<p>Le lien vers tous les qualifi\u00e9s aux R\u00e9gionaux : <a href=\"https:\/\/bases.athle.fr\/asp.net\/liste.aspx?frmpostback=true&amp;frmbase=qualifies&amp;frmmode=1&amp;frmespace=94&amp;frmsaison=30&amp;frmcompetition=38999&amp;frmepreuve=&amp;frmetat=&amp;frmcategorie=&amp;frmsexe=&amp;frmligue=&amp;frmdepartement=&amp;frmclub=&amp;frmposition=0\">https:\/\/bases.athle.fr\/asp.net\/liste.aspx?frmpostback=true&amp;frmbase=qualifies&amp;frmmode=1&amp;frmespace=94&amp;frmsaison=30&amp;frmcompetition=38999&amp;frmepreuve=&amp;frmetat=&amp;frmcategorie=&amp;frmsexe=&amp;frmligue=&amp;frmdepartement=&amp;frmclub=&amp;frmposition=0<\/a><\/p>\n<p><a href=\"https:\/\/janze-athletisme.fr\/wordpress\/wp-content\/uploads\/2024\/06\/DSC_6839.jpg\"><img loading=\"lazy\" decoding=\"async\" class=\"alignnone size-medium wp-image-19848\" src=\"https:\/\/janze-athletisme.fr\/wordpress\/wp-content\/uploads\/2024\/06\/DSC_6839-300x300.jpg\" alt=\"\" width=\"300\" height=\"300\" srcset=\"https:\/\/janze-athletisme.fr\/wordpress\/wp-content\/uploads\/2024\/06\/DSC_6839-300x300.jpg 300w, https:\/\/janze-athletisme.fr\/wordpress\/wp-content\/uploads\/2024\/06\/DSC_6839-1024x1024.jpg 1024w, https:\/\/janze-athletisme.fr\/wordpress\/wp-content\/uploads\/2024\/06\/DSC_6839-150x150.jpg 150w, https:\/\/janze-athletisme.fr\/wordpress\/wp-content\/uploads\/2024\/06\/DSC_6839-768x768.jpg 768w, https:\/\/janze-athletisme.fr\/wordpress\/wp-content\/uploads\/2024\/06\/DSC_6839.jpg 1200w\" sizes=\"auto, (max-width: 300px) 100vw, 300px\" \/> <\/a><a href=\"https:\/\/janze-athletisme.fr\/wordpress\/wp-content\/uploads\/2024\/06\/DSC_6831-1.jpg\"><img loading=\"lazy\" decoding=\"async\" class=\"alignnone size-medium wp-image-19854\" src=\"https:\/\/janze-athletisme.fr\/wordpress\/wp-content\/uploads\/2024\/06\/DSC_6831-1-300x300.jpg\" alt=\"\" width=\"300\" height=\"300\" srcset=\"https:\/\/janze-athletisme.fr\/wordpress\/wp-content\/uploads\/2024\/06\/DSC_6831-1-300x300.jpg 300w, https:\/\/janze-athletisme.fr\/wordpress\/wp-content\/uploads\/2024\/06\/DSC_6831-1-1024x1024.jpg 1024w, https:\/\/janze-athletisme.fr\/wordpress\/wp-content\/uploads\/2024\/06\/DSC_6831-1-150x150.jpg 150w, https:\/\/janze-athletisme.fr\/wordpress\/wp-content\/uploads\/2024\/06\/DSC_6831-1-768x768.jpg 768w, https:\/\/janze-athletisme.fr\/wordpress\/wp-content\/uploads\/2024\/06\/DSC_6831-1.jpg 1200w\" sizes=\"auto, (max-width: 300px) 100vw, 300px\" \/><\/a><\/p>\n<p><span style=\"font-size: 10pt;\"><em>Tiphanie Lecomte (Cesson) pour les filles et <strong>Bastien<\/strong> Fert (Janz\u00e9) pour les gar\u00e7ons (ici \u00e0 Saint-Malo le 22 juin) seront les chefs de file de notre d\u00e9l\u00e9gation EAC \u00e0 Redon.<\/em><\/span><\/p>\n","protected":false},"excerpt":{"rendered":"<p>R\u00e9gionaux sur piste Cadets &amp; +, samedi 29 et dimanche 30 juin, Redon Les listes des qualifi\u00e9s pour Redon viennent de sortir ce vendredi 28. Nous aurons finalement 27 repr\u00e9sentants de l&rsquo;EAC (14 filles, 13 gar\u00e7ons), dont 15 Janz\u00e9ens (5 filles, 10 gar\u00e7ons). On note une belle repr\u00e9sentation des cadets\/cadettes (14), mais h\u00e9las une sous-repr\u00e9sentation [&hellip;]<\/p>\n","protected":false},"author":12,"featured_media":19848,"comment_status":"open","ping_status":"open","sticky":false,"template":"","format":"aside","meta":{"_uag_custom_page_level_css":"","site-sidebar-layout":"default","site-content-layout":"","ast-site-content-layout":"default","site-content-style":"default","site-sidebar-style":"default","ast-global-header-display":"","ast-banner-title-visibility":"","ast-main-header-display":"","ast-hfb-above-header-display":"","ast-hfb-below-header-display":"","ast-hfb-mobile-header-display":"","site-post-title":"","ast-breadcrumbs-content":"","ast-featured-img":"","footer-sml-layout":"","ast-disable-related-posts":"","theme-transparent-header-meta":"default","adv-header-id-meta":"","stick-header-meta":"","header-above-stick-meta":"","header-main-stick-meta":"","header-below-stick-meta":"","astra-migrate-meta-layouts":"set","ast-page-background-enabled":"default","ast-page-background-meta":{"desktop":{"background-color":"var(--ast-global-color-4)","background-image":"","background-repeat":"repeat","background-position":"center center","background-size":"auto","background-attachment":"scroll","background-type":"","background-media":"","overlay-type":"","overlay-color":"","overlay-opacity":"","overlay-gradient":""},"tablet":{"background-color":"","background-image":"","background-repeat":"repeat","background-position":"center center","background-size":"auto","background-attachment":"scroll","background-type":"","background-media":"","overlay-type":"","overlay-color":"","overlay-opacity":"","overlay-gradient":""},"mobile":{"background-color":"","background-image":"","background-repeat":"repeat","background-position":"center center","background-size":"auto","background-attachment":"scroll","background-type":"","background-media":"","overlay-type":"","overlay-color":"","overlay-opacity":"","overlay-gradient":""}},"ast-content-background-meta":{"desktop":{"background-color":"var(--ast-global-color-5)","background-image":"","background-repeat":"repeat","background-position":"center center","background-size":"auto","background-attachment":"scroll","background-type":"","background-media":"","overlay-type":"","overlay-color":"","overlay-opacity":"","overlay-gradient":""},"tablet":{"background-color":"var(--ast-global-color-5)","background-image":"","background-repeat":"repeat","background-position":"center center","background-size":"auto","background-attachment":"scroll","background-type":"","background-media":"","overlay-type":"","overlay-color":"","overlay-opacity":"","overlay-gradient":""},"mobile":{"background-color":"var(--ast-global-color-5)","background-image":"","background-repeat":"repeat","background-position":"center center","background-size":"auto","background-attachment":"scroll","background-type":"","background-media":"","overlay-type":"","overlay-color":"","overlay-opacity":"","overlay-gradient":""}},"footnotes":""},"categories":[6],"tags":[],"class_list":["post-19847","post","type-post","status-publish","format-aside","has-post-thumbnail","hentry","category-sections","post_format-post-format-aside"],"yoast_head":"<!-- This site is optimized with the Yoast SEO plugin v27.5 - https:\/\/yoast.com\/product\/yoast-seo-wordpress\/ -->\n<title>Ils seront finalement 27, dont 15 Janz\u00e9ens - Janz\u00e9 Athl\u00e9tisme<\/title>\n<meta name=\"robots\" content=\"index, follow, max-snippet:-1, max-image-preview:large, max-video-preview:-1\" \/>\n<link rel=\"canonical\" href=\"https:\/\/janze-athletisme.fr\/wordpress\/ils-seront-finalement-27-dont-15-janzeens\/\" \/>\n<meta property=\"og:locale\" content=\"fr_FR\" \/>\n<meta property=\"og:type\" content=\"article\" \/>\n<meta property=\"og:title\" content=\"Ils seront finalement 27, dont 15 Janz\u00e9ens - Janz\u00e9 Athl\u00e9tisme\" \/>\n<meta property=\"og:description\" content=\"R\u00e9gionaux sur piste Cadets &amp; +, samedi 29 et dimanche 30 juin, Redon Les listes des qualifi\u00e9s pour Redon viennent de sortir ce vendredi 28. Nous aurons finalement 27 repr\u00e9sentants de l&rsquo;EAC (14 filles, 13 gar\u00e7ons), dont 15 Janz\u00e9ens (5 filles, 10 gar\u00e7ons). On note une belle repr\u00e9sentation des cadets\/cadettes (14), mais h\u00e9las une sous-repr\u00e9sentation [&hellip;]\" \/>\n<meta property=\"og:url\" content=\"https:\/\/janze-athletisme.fr\/wordpress\/ils-seront-finalement-27-dont-15-janzeens\/\" \/>\n<meta property=\"og:site_name\" content=\"Janz\u00e9 Athl\u00e9tisme\" \/>\n<meta property=\"article:publisher\" content=\"https:\/\/www.facebook.com\/groups\/1007964579346590\" \/>\n<meta property=\"article:published_time\" content=\"2024-06-28T10:59:35+00:00\" \/>\n<meta property=\"article:modified_time\" content=\"2024-06-28T11:07:13+00:00\" \/>\n<meta property=\"og:image\" content=\"https:\/\/janze-athletisme.fr\/wordpress\/wp-content\/uploads\/2024\/06\/DSC_6839.jpg\" \/>\n\t<meta property=\"og:image:width\" content=\"1200\" \/>\n\t<meta property=\"og:image:height\" content=\"1200\" \/>\n\t<meta property=\"og:image:type\" content=\"image\/jpeg\" \/>\n<meta name=\"author\" content=\"Laurent Meunier\" \/>\n<meta name=\"twitter:card\" content=\"summary_large_image\" \/>\n<meta name=\"twitter:label1\" content=\"\u00c9crit par\" \/>\n\t<meta name=\"twitter:data1\" content=\"Laurent Meunier\" \/>\n\t<meta name=\"twitter:label2\" content=\"Dur\u00e9e de lecture estim\u00e9e\" \/>\n\t<meta name=\"twitter:data2\" content=\"3 minutes\" \/>\n<script type=\"application\/ld+json\" class=\"yoast-schema-graph\">{\"@context\":\"https:\\\/\\\/schema.org\",\"@graph\":[{\"@type\":\"Article\",\"@id\":\"https:\\\/\\\/janze-athletisme.fr\\\/wordpress\\\/ils-seront-finalement-27-dont-15-janzeens\\\/#article\",\"isPartOf\":{\"@id\":\"https:\\\/\\\/janze-athletisme.fr\\\/wordpress\\\/ils-seront-finalement-27-dont-15-janzeens\\\/\"},\"author\":{\"name\":\"Laurent Meunier\",\"@id\":\"https:\\\/\\\/janze-athletisme.fr\\\/wordpress\\\/#\\\/schema\\\/person\\\/c7b063dcfa6234c041d4d9b26cc2ea03\"},\"headline\":\"Ils seront finalement 27, dont 15 Janz\u00e9ens\",\"datePublished\":\"2024-06-28T10:59:35+00:00\",\"dateModified\":\"2024-06-28T11:07:13+00:00\",\"mainEntityOfPage\":{\"@id\":\"https:\\\/\\\/janze-athletisme.fr\\\/wordpress\\\/ils-seront-finalement-27-dont-15-janzeens\\\/\"},\"wordCount\":355,\"commentCount\":0,\"publisher\":{\"@id\":\"https:\\\/\\\/janze-athletisme.fr\\\/wordpress\\\/#organization\"},\"image\":{\"@id\":\"https:\\\/\\\/janze-athletisme.fr\\\/wordpress\\\/ils-seront-finalement-27-dont-15-janzeens\\\/#primaryimage\"},\"thumbnailUrl\":\"https:\\\/\\\/janze-athletisme.fr\\\/wordpress\\\/wp-content\\\/uploads\\\/2024\\\/06\\\/DSC_6839.jpg\",\"articleSection\":[\"Le club au jour le jour\"],\"inLanguage\":\"fr-FR\",\"potentialAction\":[{\"@type\":\"CommentAction\",\"name\":\"Comment\",\"target\":[\"https:\\\/\\\/janze-athletisme.fr\\\/wordpress\\\/ils-seront-finalement-27-dont-15-janzeens\\\/#respond\"]}]},{\"@type\":\"WebPage\",\"@id\":\"https:\\\/\\\/janze-athletisme.fr\\\/wordpress\\\/ils-seront-finalement-27-dont-15-janzeens\\\/\",\"url\":\"https:\\\/\\\/janze-athletisme.fr\\\/wordpress\\\/ils-seront-finalement-27-dont-15-janzeens\\\/\",\"name\":\"Ils seront finalement 27, dont 15 Janz\u00e9ens - Janz\u00e9 Athl\u00e9tisme\",\"isPartOf\":{\"@id\":\"https:\\\/\\\/janze-athletisme.fr\\\/wordpress\\\/#website\"},\"primaryImageOfPage\":{\"@id\":\"https:\\\/\\\/janze-athletisme.fr\\\/wordpress\\\/ils-seront-finalement-27-dont-15-janzeens\\\/#primaryimage\"},\"image\":{\"@id\":\"https:\\\/\\\/janze-athletisme.fr\\\/wordpress\\\/ils-seront-finalement-27-dont-15-janzeens\\\/#primaryimage\"},\"thumbnailUrl\":\"https:\\\/\\\/janze-athletisme.fr\\\/wordpress\\\/wp-content\\\/uploads\\\/2024\\\/06\\\/DSC_6839.jpg\",\"datePublished\":\"2024-06-28T10:59:35+00:00\",\"dateModified\":\"2024-06-28T11:07:13+00:00\",\"breadcrumb\":{\"@id\":\"https:\\\/\\\/janze-athletisme.fr\\\/wordpress\\\/ils-seront-finalement-27-dont-15-janzeens\\\/#breadcrumb\"},\"inLanguage\":\"fr-FR\",\"potentialAction\":[{\"@type\":\"ReadAction\",\"target\":[\"https:\\\/\\\/janze-athletisme.fr\\\/wordpress\\\/ils-seront-finalement-27-dont-15-janzeens\\\/\"]}]},{\"@type\":\"ImageObject\",\"inLanguage\":\"fr-FR\",\"@id\":\"https:\\\/\\\/janze-athletisme.fr\\\/wordpress\\\/ils-seront-finalement-27-dont-15-janzeens\\\/#primaryimage\",\"url\":\"https:\\\/\\\/janze-athletisme.fr\\\/wordpress\\\/wp-content\\\/uploads\\\/2024\\\/06\\\/DSC_6839.jpg\",\"contentUrl\":\"https:\\\/\\\/janze-athletisme.fr\\\/wordpress\\\/wp-content\\\/uploads\\\/2024\\\/06\\\/DSC_6839.jpg\",\"width\":1200,\"height\":1200},{\"@type\":\"BreadcrumbList\",\"@id\":\"https:\\\/\\\/janze-athletisme.fr\\\/wordpress\\\/ils-seront-finalement-27-dont-15-janzeens\\\/#breadcrumb\",\"itemListElement\":[{\"@type\":\"ListItem\",\"position\":1,\"name\":\"Accueil\",\"item\":\"https:\\\/\\\/janze-athletisme.fr\\\/wordpress\\\/\"},{\"@type\":\"ListItem\",\"position\":2,\"name\":\"Ils seront finalement 27, dont 15 Janz\u00e9ens\"}]},{\"@type\":\"WebSite\",\"@id\":\"https:\\\/\\\/janze-athletisme.fr\\\/wordpress\\\/#website\",\"url\":\"https:\\\/\\\/janze-athletisme.fr\\\/wordpress\\\/\",\"name\":\"Janz\u00e9 Athl\u00e9tisme\",\"description\":\"Pays de La Roche aux F\u00e9es\",\"publisher\":{\"@id\":\"https:\\\/\\\/janze-athletisme.fr\\\/wordpress\\\/#organization\"},\"potentialAction\":[{\"@type\":\"SearchAction\",\"target\":{\"@type\":\"EntryPoint\",\"urlTemplate\":\"https:\\\/\\\/janze-athletisme.fr\\\/wordpress\\\/?s={search_term_string}\"},\"query-input\":{\"@type\":\"PropertyValueSpecification\",\"valueRequired\":true,\"valueName\":\"search_term_string\"}}],\"inLanguage\":\"fr-FR\"},{\"@type\":\"Organization\",\"@id\":\"https:\\\/\\\/janze-athletisme.fr\\\/wordpress\\\/#organization\",\"name\":\"Janz\u00e9 Athl\u00e9tisme\",\"url\":\"https:\\\/\\\/janze-athletisme.fr\\\/wordpress\\\/\",\"logo\":{\"@type\":\"ImageObject\",\"inLanguage\":\"fr-FR\",\"@id\":\"https:\\\/\\\/janze-athletisme.fr\\\/wordpress\\\/#\\\/schema\\\/logo\\\/image\\\/\",\"url\":\"https:\\\/\\\/janze-athletisme.fr\\\/wordpress\\\/wp-content\\\/uploads\\\/2015\\\/03\\\/logo-full1.jpg\",\"contentUrl\":\"https:\\\/\\\/janze-athletisme.fr\\\/wordpress\\\/wp-content\\\/uploads\\\/2015\\\/03\\\/logo-full1.jpg\",\"width\":437,\"height\":205,\"caption\":\"Janz\u00e9 Athl\u00e9tisme\"},\"image\":{\"@id\":\"https:\\\/\\\/janze-athletisme.fr\\\/wordpress\\\/#\\\/schema\\\/logo\\\/image\\\/\"},\"sameAs\":[\"https:\\\/\\\/www.facebook.com\\\/groups\\\/1007964579346590\"]},{\"@type\":\"Person\",\"@id\":\"https:\\\/\\\/janze-athletisme.fr\\\/wordpress\\\/#\\\/schema\\\/person\\\/c7b063dcfa6234c041d4d9b26cc2ea03\",\"name\":\"Laurent Meunier\",\"image\":{\"@type\":\"ImageObject\",\"inLanguage\":\"fr-FR\",\"@id\":\"https:\\\/\\\/secure.gravatar.com\\\/avatar\\\/dd25d581ad7c3349090f2fa6a9adb6bfa287e6a5dd8a5216a092727cd8749034?s=96&d=mm&r=g\",\"url\":\"https:\\\/\\\/secure.gravatar.com\\\/avatar\\\/dd25d581ad7c3349090f2fa6a9adb6bfa287e6a5dd8a5216a092727cd8749034?s=96&d=mm&r=g\",\"contentUrl\":\"https:\\\/\\\/secure.gravatar.com\\\/avatar\\\/dd25d581ad7c3349090f2fa6a9adb6bfa287e6a5dd8a5216a092727cd8749034?s=96&d=mm&r=g\",\"caption\":\"Laurent Meunier\"},\"url\":\"https:\\\/\\\/janze-athletisme.fr\\\/wordpress\\\/author\\\/laurent-meunier35\\\/\"}]}<\/script>\n<!-- \/ Yoast SEO plugin. -->","yoast_head_json":{"title":"Ils seront finalement 27, dont 15 Janz\u00e9ens - Janz\u00e9 Athl\u00e9tisme","robots":{"index":"index","follow":"follow","max-snippet":"max-snippet:-1","max-image-preview":"max-image-preview:large","max-video-preview":"max-video-preview:-1"},"canonical":"https:\/\/janze-athletisme.fr\/wordpress\/ils-seront-finalement-27-dont-15-janzeens\/","og_locale":"fr_FR","og_type":"article","og_title":"Ils seront finalement 27, dont 15 Janz\u00e9ens - Janz\u00e9 Athl\u00e9tisme","og_description":"R\u00e9gionaux sur piste Cadets &amp; +, samedi 29 et dimanche 30 juin, Redon Les listes des qualifi\u00e9s pour Redon viennent de sortir ce vendredi 28. Nous aurons finalement 27 repr\u00e9sentants de l&rsquo;EAC (14 filles, 13 gar\u00e7ons), dont 15 Janz\u00e9ens (5 filles, 10 gar\u00e7ons). On note une belle repr\u00e9sentation des cadets\/cadettes (14), mais h\u00e9las une sous-repr\u00e9sentation [&hellip;]","og_url":"https:\/\/janze-athletisme.fr\/wordpress\/ils-seront-finalement-27-dont-15-janzeens\/","og_site_name":"Janz\u00e9 Athl\u00e9tisme","article_publisher":"https:\/\/www.facebook.com\/groups\/1007964579346590","article_published_time":"2024-06-28T10:59:35+00:00","article_modified_time":"2024-06-28T11:07:13+00:00","og_image":[{"width":1200,"height":1200,"url":"https:\/\/janze-athletisme.fr\/wordpress\/wp-content\/uploads\/2024\/06\/DSC_6839.jpg","type":"image\/jpeg"}],"author":"Laurent Meunier","twitter_card":"summary_large_image","twitter_misc":{"\u00c9crit par":"Laurent Meunier","Dur\u00e9e de lecture estim\u00e9e":"3 minutes"},"schema":{"@context":"https:\/\/schema.org","@graph":[{"@type":"Article","@id":"https:\/\/janze-athletisme.fr\/wordpress\/ils-seront-finalement-27-dont-15-janzeens\/#article","isPartOf":{"@id":"https:\/\/janze-athletisme.fr\/wordpress\/ils-seront-finalement-27-dont-15-janzeens\/"},"author":{"name":"Laurent Meunier","@id":"https:\/\/janze-athletisme.fr\/wordpress\/#\/schema\/person\/c7b063dcfa6234c041d4d9b26cc2ea03"},"headline":"Ils seront finalement 27, dont 15 Janz\u00e9ens","datePublished":"2024-06-28T10:59:35+00:00","dateModified":"2024-06-28T11:07:13+00:00","mainEntityOfPage":{"@id":"https:\/\/janze-athletisme.fr\/wordpress\/ils-seront-finalement-27-dont-15-janzeens\/"},"wordCount":355,"commentCount":0,"publisher":{"@id":"https:\/\/janze-athletisme.fr\/wordpress\/#organization"},"image":{"@id":"https:\/\/janze-athletisme.fr\/wordpress\/ils-seront-finalement-27-dont-15-janzeens\/#primaryimage"},"thumbnailUrl":"https:\/\/janze-athletisme.fr\/wordpress\/wp-content\/uploads\/2024\/06\/DSC_6839.jpg","articleSection":["Le club au jour le jour"],"inLanguage":"fr-FR","potentialAction":[{"@type":"CommentAction","name":"Comment","target":["https:\/\/janze-athletisme.fr\/wordpress\/ils-seront-finalement-27-dont-15-janzeens\/#respond"]}]},{"@type":"WebPage","@id":"https:\/\/janze-athletisme.fr\/wordpress\/ils-seront-finalement-27-dont-15-janzeens\/","url":"https:\/\/janze-athletisme.fr\/wordpress\/ils-seront-finalement-27-dont-15-janzeens\/","name":"Ils seront finalement 27, dont 15 Janz\u00e9ens - Janz\u00e9 Athl\u00e9tisme","isPartOf":{"@id":"https:\/\/janze-athletisme.fr\/wordpress\/#website"},"primaryImageOfPage":{"@id":"https:\/\/janze-athletisme.fr\/wordpress\/ils-seront-finalement-27-dont-15-janzeens\/#primaryimage"},"image":{"@id":"https:\/\/janze-athletisme.fr\/wordpress\/ils-seront-finalement-27-dont-15-janzeens\/#primaryimage"},"thumbnailUrl":"https:\/\/janze-athletisme.fr\/wordpress\/wp-content\/uploads\/2024\/06\/DSC_6839.jpg","datePublished":"2024-06-28T10:59:35+00:00","dateModified":"2024-06-28T11:07:13+00:00","breadcrumb":{"@id":"https:\/\/janze-athletisme.fr\/wordpress\/ils-seront-finalement-27-dont-15-janzeens\/#breadcrumb"},"inLanguage":"fr-FR","potentialAction":[{"@type":"ReadAction","target":["https:\/\/janze-athletisme.fr\/wordpress\/ils-seront-finalement-27-dont-15-janzeens\/"]}]},{"@type":"ImageObject","inLanguage":"fr-FR","@id":"https:\/\/janze-athletisme.fr\/wordpress\/ils-seront-finalement-27-dont-15-janzeens\/#primaryimage","url":"https:\/\/janze-athletisme.fr\/wordpress\/wp-content\/uploads\/2024\/06\/DSC_6839.jpg","contentUrl":"https:\/\/janze-athletisme.fr\/wordpress\/wp-content\/uploads\/2024\/06\/DSC_6839.jpg","width":1200,"height":1200},{"@type":"BreadcrumbList","@id":"https:\/\/janze-athletisme.fr\/wordpress\/ils-seront-finalement-27-dont-15-janzeens\/#breadcrumb","itemListElement":[{"@type":"ListItem","position":1,"name":"Accueil","item":"https:\/\/janze-athletisme.fr\/wordpress\/"},{"@type":"ListItem","position":2,"name":"Ils seront finalement 27, dont 15 Janz\u00e9ens"}]},{"@type":"WebSite","@id":"https:\/\/janze-athletisme.fr\/wordpress\/#website","url":"https:\/\/janze-athletisme.fr\/wordpress\/","name":"Janz\u00e9 Athl\u00e9tisme","description":"Pays de La Roche aux F\u00e9es","publisher":{"@id":"https:\/\/janze-athletisme.fr\/wordpress\/#organization"},"potentialAction":[{"@type":"SearchAction","target":{"@type":"EntryPoint","urlTemplate":"https:\/\/janze-athletisme.fr\/wordpress\/?s={search_term_string}"},"query-input":{"@type":"PropertyValueSpecification","valueRequired":true,"valueName":"search_term_string"}}],"inLanguage":"fr-FR"},{"@type":"Organization","@id":"https:\/\/janze-athletisme.fr\/wordpress\/#organization","name":"Janz\u00e9 Athl\u00e9tisme","url":"https:\/\/janze-athletisme.fr\/wordpress\/","logo":{"@type":"ImageObject","inLanguage":"fr-FR","@id":"https:\/\/janze-athletisme.fr\/wordpress\/#\/schema\/logo\/image\/","url":"https:\/\/janze-athletisme.fr\/wordpress\/wp-content\/uploads\/2015\/03\/logo-full1.jpg","contentUrl":"https:\/\/janze-athletisme.fr\/wordpress\/wp-content\/uploads\/2015\/03\/logo-full1.jpg","width":437,"height":205,"caption":"Janz\u00e9 Athl\u00e9tisme"},"image":{"@id":"https:\/\/janze-athletisme.fr\/wordpress\/#\/schema\/logo\/image\/"},"sameAs":["https:\/\/www.facebook.com\/groups\/1007964579346590"]},{"@type":"Person","@id":"https:\/\/janze-athletisme.fr\/wordpress\/#\/schema\/person\/c7b063dcfa6234c041d4d9b26cc2ea03","name":"Laurent Meunier","image":{"@type":"ImageObject","inLanguage":"fr-FR","@id":"https:\/\/secure.gravatar.com\/avatar\/dd25d581ad7c3349090f2fa6a9adb6bfa287e6a5dd8a5216a092727cd8749034?s=96&d=mm&r=g","url":"https:\/\/secure.gravatar.com\/avatar\/dd25d581ad7c3349090f2fa6a9adb6bfa287e6a5dd8a5216a092727cd8749034?s=96&d=mm&r=g","contentUrl":"https:\/\/secure.gravatar.com\/avatar\/dd25d581ad7c3349090f2fa6a9adb6bfa287e6a5dd8a5216a092727cd8749034?s=96&d=mm&r=g","caption":"Laurent Meunier"},"url":"https:\/\/janze-athletisme.fr\/wordpress\/author\/laurent-meunier35\/"}]}},"uagb_featured_image_src":{"full":["https:\/\/janze-athletisme.fr\/wordpress\/wp-content\/uploads\/2024\/06\/DSC_6839.jpg",1200,1200,false],"thumbnail":["https:\/\/janze-athletisme.fr\/wordpress\/wp-content\/uploads\/2024\/06\/DSC_6839-150x150.jpg",150,150,true],"medium":["https:\/\/janze-athletisme.fr\/wordpress\/wp-content\/uploads\/2024\/06\/DSC_6839-300x300.jpg",300,300,true],"medium_large":["https:\/\/janze-athletisme.fr\/wordpress\/wp-content\/uploads\/2024\/06\/DSC_6839-768x768.jpg",768,768,true],"large":["https:\/\/janze-athletisme.fr\/wordpress\/wp-content\/uploads\/2024\/06\/DSC_6839-1024x1024.jpg",1024,1024,true],"1536x1536":["https:\/\/janze-athletisme.fr\/wordpress\/wp-content\/uploads\/2024\/06\/DSC_6839.jpg",1200,1200,false],"2048x2048":["https:\/\/janze-athletisme.fr\/wordpress\/wp-content\/uploads\/2024\/06\/DSC_6839.jpg",1200,1200,false]},"uagb_author_info":{"display_name":"Laurent Meunier","author_link":"https:\/\/janze-athletisme.fr\/wordpress\/author\/laurent-meunier35\/"},"uagb_comment_info":0,"uagb_excerpt":"R\u00e9gionaux sur piste Cadets &amp; +, samedi 29 et dimanche 30 juin, Redon Les listes des qualifi\u00e9s pour Redon viennent de sortir ce vendredi 28. Nous aurons finalement 27 repr\u00e9sentants de l&rsquo;EAC (14 filles, 13 gar\u00e7ons), dont 15 Janz\u00e9ens (5 filles, 10 gar\u00e7ons). On note une belle repr\u00e9sentation des cadets\/cadettes (14), mais h\u00e9las une sous-repr\u00e9sentation\u2026","_links":{"self":[{"href":"https:\/\/janze-athletisme.fr\/wordpress\/wp-json\/wp\/v2\/posts\/19847","targetHints":{"allow":["GET"]}}],"collection":[{"href":"https:\/\/janze-athletisme.fr\/wordpress\/wp-json\/wp\/v2\/posts"}],"about":[{"href":"https:\/\/janze-athletisme.fr\/wordpress\/wp-json\/wp\/v2\/types\/post"}],"author":[{"embeddable":true,"href":"https:\/\/janze-athletisme.fr\/wordpress\/wp-json\/wp\/v2\/users\/12"}],"replies":[{"embeddable":true,"href":"https:\/\/janze-athletisme.fr\/wordpress\/wp-json\/wp\/v2\/comments?post=19847"}],"version-history":[{"count":6,"href":"https:\/\/janze-athletisme.fr\/wordpress\/wp-json\/wp\/v2\/posts\/19847\/revisions"}],"predecessor-version":[{"id":19855,"href":"https:\/\/janze-athletisme.fr\/wordpress\/wp-json\/wp\/v2\/posts\/19847\/revisions\/19855"}],"wp:featuredmedia":[{"embeddable":true,"href":"https:\/\/janze-athletisme.fr\/wordpress\/wp-json\/wp\/v2\/media\/19848"}],"wp:attachment":[{"href":"https:\/\/janze-athletisme.fr\/wordpress\/wp-json\/wp\/v2\/media?parent=19847"}],"wp:term":[{"taxonomy":"category","embeddable":true,"href":"https:\/\/janze-athletisme.fr\/wordpress\/wp-json\/wp\/v2\/categories?post=19847"},{"taxonomy":"post_tag","embeddable":true,"href":"https:\/\/janze-athletisme.fr\/wordpress\/wp-json\/wp\/v2\/tags?post=19847"}],"curies":[{"name":"wp","href":"https:\/\/api.w.org\/{rel}","templated":true}]}}