{"id":19805,"date":"2024-06-26T20:06:29","date_gmt":"2024-06-26T18:06:29","guid":{"rendered":"https:\/\/janze-athletisme.fr\/wordpress\/?p=19805"},"modified":"2024-06-27T19:09:30","modified_gmt":"2024-06-27T17:09:30","slug":"tout-seul-on-va-plus-vite-ensemble-on-va-plus-loin","status":"publish","type":"post","link":"https:\/\/janze-athletisme.fr\/wordpress\/tout-seul-on-va-plus-vite-ensemble-on-va-plus-loin\/","title":{"rendered":"La belle dynamique des Benjamins \/ Minimes&#8230;"},"content":{"rendered":"<p><span style=\"font-size: 24pt;\"><strong>Bilan de la saison : 1\u00b0) benjamins &amp; minimes<\/strong><\/span><\/p>\n<p>M\u00eame si la saison n&rsquo;est pas encore termin\u00e9e pour nos athl\u00e8tes encore engag\u00e9s pour les R\u00e9gionaux, les Pr\u00e9-France et les France sur piste (au moins Bastien Fert \u00e0 l&rsquo;heure qu&rsquo;il est), sans oublier le stage Horizons et la Coupe nationale des Ligues Minimes (Jules Le Dorven) et sans parler de nos marcheurs et de nos coureurs hors-stade que les chaleurs inspirent, il est l&rsquo;heure de commencer \u00e0 dresser les bilans de cette ann\u00e9e d&rsquo;activit\u00e9 (septembre 2023 \/ juin 2024), \u00e0 la fois dense globalement et riche de ses diff\u00e9rentes composantes.<\/p>\n<p>Honneur pour commencer aux Benjamins \/ Minimes, qui sont les premiers \u00e0 achever leur saison (il ne reste que le meeting de Foug\u00e8res). Leurs coaches, Mathieu et Sylvain, finissent l&rsquo;ann\u00e9e \u00e9puis\u00e9s mais des \u00e9toiles plein les yeux, avec de tr\u00e8s belles perfs individuelles durant l&rsquo;hiver et tout cet \u00e9t\u00e9, mais surtout avec la mise en avant d&rsquo;un collectif enthousiaste, qui entra\u00eene tout un groupe et plein d&rsquo;individualit\u00e9s dans sa dynamique.<\/p>\n<p><span style=\"font-size: 14pt;\"><strong>Une grosse densit\u00e9 chez les jeunes<\/strong><\/span><\/p>\n<p>C&rsquo;est ce que loue en premier Mathieu, en prenant pour exemples les relais 4 x 60m, qui t\u00e9moignent de cette densit\u00e9. Quand on poss\u00e8de des relais interchangeables, capables de ramener des m\u00e9dailles aux d\u00e9partementaux comme aux R\u00e9gionaux dans des configurations diff\u00e9rentes, c&rsquo;est que le niveau m\u00e9dian est costaud. Certains deviennent des rempla\u00e7ants de luxe, capables de rivaliser avec le relais pilote.<\/p>\n<p>Pour nous en tenir aux minimes, les plus grands, sept filles diff\u00e9rentes de l&rsquo;EAC, dont cinq de Janz\u00e9, ont brill\u00e9 sur 80 et 120m cette ann\u00e9e, et six gar\u00e7ons diff\u00e9rents, dont trois Janz\u00e9ens.<\/p>\n<p><span style=\"font-size: 14pt;\"><strong>La force du collectif<\/strong><\/span><\/p>\n<p>C\u00f4t\u00e9 \u00e9motions, Mathieu a vibr\u00e9 \u00e0 chaque record personnel de ses jeunes, avec \u00e9videmment une mention particuli\u00e8re pour les 11m de Justine au triple-saut, marque symbolique, qui permettait enfin d&rsquo;effacer des tablettes l&rsquo;un des beaux records de Floriane Estevon. Record battu qui plus est \u00e0 Janz\u00e9, le jour des d\u00e9partementaux, et devant une belle concurrence.<\/p>\n<p>Pourtant, ce qu&rsquo;il met au-dessus de tout sur le plan \u00e9motionnel, ce sont les deux tours de l&rsquo;\u00e9quip&rsquo;athl\u00e9, l&rsquo;hivernal et l&rsquo;estival, o\u00f9 les deux \u00e9quipes, les minimes comme les benjamins se sont \u00e9lev\u00e9s au niveau des meilleurs dans leur poule de Nationale 2 (hors HBA et Stade Rennais donc). On retrouve cette importance du collectif, qui dynamise et porte tout le monde vers l&rsquo;avant.<\/p>\n<p>On conna\u00eet l&rsquo;adage : \u00ab\u00a0<em>Tout seul on va plus vite, ensemble on va plus loin<\/em>\u00ab\u00a0. Le travail est cons\u00e9quent pour pr\u00e9parer ces \u00e9ch\u00e9ances, mais la satisfaction en retour est d&rsquo;autant plus grande quand tout a fonctionn\u00e9 et que tout le monde s&rsquo;est d\u00e9pass\u00e9 pour son \u00e9quipe.<\/p>\n<p><span style=\"font-size: 14pt;\"><strong>Les jeunes juges \u00e0 Paris<\/strong><\/span><\/p>\n<p>Autre manifestation de ce collectif, Janz\u00e9 Athl\u00e9 est devenu le deuxi\u00e8me club d\u00e9partemental en nombre de jeunes juges form\u00e9s. Leur r\u00e9compense sera d&rsquo;aller \u00e0 Paris \u00e0 l&rsquo;occasion des JO, gr\u00e2ce \u00e0 la Ligue de Bretagne. On doit aussi \u00e0 tous ces jeunes l&rsquo;organisation de l&rsquo;inoubliable stage de P\u00e2ques \u00e0 Pornic. C&rsquo;est parce qu&rsquo;ils se sont investis en amont, dans la fabrication et la vente d&rsquo;un calendrier, que le club a pu prendre le relais \u00e0 son tour et financer ce stage.<\/p>\n<p>Le club se retrouve avec des obligations ; il va devoir hausser encore son niveau pour se mettre au diapason des envies de ces jeunes et de leur implication dans la vie de notre asso et dans leur pratique sportive. Les horaires d&rsquo;entra\u00eenement sont \u00e0 amplifier, l&rsquo;encadrement \u00e0 renforcer, le domaine des lancers \u00e0 travailler sp\u00e9cifiquement.<\/p>\n<p><span style=\"font-size: 14pt;\"><strong>Des ambitions pour la saison prochaine<\/strong><\/span><\/p>\n<p>On le sent port\u00e9 par la dynamique infus\u00e9e. Mathieu r\u00eave d\u00e9j\u00e0 \u00e0 l&rsquo;an prochain. Il voit les choses encore en plus grand, avec des records de m\u00e9dailles, avec la premi\u00e8re place aux \u00e9quip&rsquo;athl\u00e9, avec une participation encore renforc\u00e9e \u00e0 chaque comp\u00e9tition, avec un groupe qui crie et encourage les copains\/copines, avec du plaisir renouvel\u00e9 \u00e0 \u00eatre ensemble, \u00e0 travailler collectivement, r\u00e9guli\u00e8rement, et \u00e0 performer au nom du groupe.<\/p>\n<p>Il en profite pour remercier les encadrants BE-MI, qui permettent ces ambitions et leur r\u00e9alisation (Sylvain, Christophe, Ga\u00ebtan), les parents-juges des benjamins-minimes (Val\u00e9rie, Sandrine, Christophe), et toute l&rsquo;ossature du club (les autres entra\u00eeneurs, tous les autres juges, les membres du Conseil d&rsquo;administration, les parents et les b\u00e9n\u00e9voles qui se pressent \u00e0 chaque comp\u00e9tition).<\/p>\n<p>On ne peut en retour que le f\u00e9liciter et le remercier pour la magnifique saison de ses groupes&#8230; Mathieu, ce n&rsquo;est pas abuser que d&rsquo;affirmer que le club a beaucoup de chance de t&rsquo;avoir en son sein pour porter cette part importante du projet club. Nos jeunes sont notre avenir. Ils sont les forces vives de demain. Gr\u00e2ce \u00e0 toi, ce n&rsquo;est pas seulement un v\u0153u pieu. Merci \u00e0 toi et \u00e0 toute ton \u00e9quipe.<\/p>\n<p><a href=\"https:\/\/janze-athletisme.fr\/wordpress\/wp-content\/uploads\/2024\/06\/Equipathle-BE-MI-20avril2024-2.jpg\"><img loading=\"lazy\" decoding=\"async\" class=\"alignnone wp-image-19806\" src=\"https:\/\/janze-athletisme.fr\/wordpress\/wp-content\/uploads\/2024\/06\/Equipathle-BE-MI-20avril2024-2-300x200.jpg\" alt=\"\" width=\"287\" height=\"191\" srcset=\"https:\/\/janze-athletisme.fr\/wordpress\/wp-content\/uploads\/2024\/06\/Equipathle-BE-MI-20avril2024-2-300x200.jpg 300w, https:\/\/janze-athletisme.fr\/wordpress\/wp-content\/uploads\/2024\/06\/Equipathle-BE-MI-20avril2024-2-1024x683.jpg 1024w, https:\/\/janze-athletisme.fr\/wordpress\/wp-content\/uploads\/2024\/06\/Equipathle-BE-MI-20avril2024-2-768x512.jpg 768w, https:\/\/janze-athletisme.fr\/wordpress\/wp-content\/uploads\/2024\/06\/Equipathle-BE-MI-20avril2024-2-1536x1024.jpg 1536w, https:\/\/janze-athletisme.fr\/wordpress\/wp-content\/uploads\/2024\/06\/Equipathle-BE-MI-20avril2024-2-2048x1365.jpg 2048w\" sizes=\"auto, (max-width: 287px) 100vw, 287px\" \/> <\/a><a href=\"https:\/\/janze-athletisme.fr\/wordpress\/wp-content\/uploads\/2024\/06\/BE-3fev-7.jpg\"><img loading=\"lazy\" decoding=\"async\" class=\"alignnone wp-image-19807\" src=\"https:\/\/janze-athletisme.fr\/wordpress\/wp-content\/uploads\/2024\/06\/BE-3fev-7-300x225.jpg\" alt=\"\" width=\"195\" height=\"147\" srcset=\"https:\/\/janze-athletisme.fr\/wordpress\/wp-content\/uploads\/2024\/06\/BE-3fev-7-300x225.jpg 300w, https:\/\/janze-athletisme.fr\/wordpress\/wp-content\/uploads\/2024\/06\/BE-3fev-7-1024x768.jpg 1024w, https:\/\/janze-athletisme.fr\/wordpress\/wp-content\/uploads\/2024\/06\/BE-3fev-7-768x576.jpg 768w, https:\/\/janze-athletisme.fr\/wordpress\/wp-content\/uploads\/2024\/06\/BE-3fev-7.jpg 1333w\" sizes=\"auto, (max-width: 195px) 100vw, 195px\" \/> <\/a><a href=\"https:\/\/janze-athletisme.fr\/wordpress\/wp-content\/uploads\/2024\/06\/Journee-cohesion-03janv2024-35-scaled.jpg\"><img loading=\"lazy\" decoding=\"async\" class=\"alignnone size-medium wp-image-19808\" src=\"https:\/\/janze-athletisme.fr\/wordpress\/wp-content\/uploads\/2024\/06\/Journee-cohesion-03janv2024-35-300x123.jpg\" alt=\"\" width=\"300\" height=\"123\" srcset=\"https:\/\/janze-athletisme.fr\/wordpress\/wp-content\/uploads\/2024\/06\/Journee-cohesion-03janv2024-35-300x123.jpg 300w, https:\/\/janze-athletisme.fr\/wordpress\/wp-content\/uploads\/2024\/06\/Journee-cohesion-03janv2024-35-1024x420.jpg 1024w, https:\/\/janze-athletisme.fr\/wordpress\/wp-content\/uploads\/2024\/06\/Journee-cohesion-03janv2024-35-768x315.jpg 768w, https:\/\/janze-athletisme.fr\/wordpress\/wp-content\/uploads\/2024\/06\/Journee-cohesion-03janv2024-35-1536x630.jpg 1536w, https:\/\/janze-athletisme.fr\/wordpress\/wp-content\/uploads\/2024\/06\/Journee-cohesion-03janv2024-35-2048x839.jpg 2048w\" sizes=\"auto, (max-width: 300px) 100vw, 300px\" \/><\/a><\/p>\n<p><a href=\"https:\/\/janze-athletisme.fr\/wordpress\/wp-content\/uploads\/2024\/06\/Capture-decran-2024-06-17-114214-1.jpg\"><img loading=\"lazy\" decoding=\"async\" class=\"alignnone wp-image-19809\" src=\"https:\/\/janze-athletisme.fr\/wordpress\/wp-content\/uploads\/2024\/06\/Capture-decran-2024-06-17-114214-1-300x177.jpg\" alt=\"\" width=\"259\" height=\"153\" srcset=\"https:\/\/janze-athletisme.fr\/wordpress\/wp-content\/uploads\/2024\/06\/Capture-decran-2024-06-17-114214-1-300x177.jpg 300w, https:\/\/janze-athletisme.fr\/wordpress\/wp-content\/uploads\/2024\/06\/Capture-decran-2024-06-17-114214-1-768x453.jpg 768w, https:\/\/janze-athletisme.fr\/wordpress\/wp-content\/uploads\/2024\/06\/Capture-decran-2024-06-17-114214-1.jpg 1017w\" sizes=\"auto, (max-width: 259px) 100vw, 259px\" \/> <\/a><a href=\"https:\/\/janze-athletisme.fr\/wordpress\/wp-content\/uploads\/2024\/06\/DSC_4567.jpg\"><img loading=\"lazy\" decoding=\"async\" class=\"alignnone wp-image-19810\" src=\"https:\/\/janze-athletisme.fr\/wordpress\/wp-content\/uploads\/2024\/06\/DSC_4567-300x200.jpg\" alt=\"\" width=\"254\" height=\"170\" srcset=\"https:\/\/janze-athletisme.fr\/wordpress\/wp-content\/uploads\/2024\/06\/DSC_4567-300x200.jpg 300w, https:\/\/janze-athletisme.fr\/wordpress\/wp-content\/uploads\/2024\/06\/DSC_4567-1024x683.jpg 1024w, https:\/\/janze-athletisme.fr\/wordpress\/wp-content\/uploads\/2024\/06\/DSC_4567-768x512.jpg 768w, https:\/\/janze-athletisme.fr\/wordpress\/wp-content\/uploads\/2024\/06\/DSC_4567-1536x1024.jpg 1536w, https:\/\/janze-athletisme.fr\/wordpress\/wp-content\/uploads\/2024\/06\/DSC_4567-2048x1365.jpg 2048w\" sizes=\"auto, (max-width: 254px) 100vw, 254px\" \/><\/a><a href=\"https:\/\/janze-athletisme.fr\/wordpress\/wp-content\/uploads\/2024\/06\/DSC_4396.jpg\"> <img loading=\"lazy\" decoding=\"async\" class=\"alignnone wp-image-19811\" src=\"https:\/\/janze-athletisme.fr\/wordpress\/wp-content\/uploads\/2024\/06\/DSC_4396-300x200.jpg\" alt=\"\" width=\"273\" height=\"182\" srcset=\"https:\/\/janze-athletisme.fr\/wordpress\/wp-content\/uploads\/2024\/06\/DSC_4396-300x200.jpg 300w, https:\/\/janze-athletisme.fr\/wordpress\/wp-content\/uploads\/2024\/06\/DSC_4396-1024x683.jpg 1024w, https:\/\/janze-athletisme.fr\/wordpress\/wp-content\/uploads\/2024\/06\/DSC_4396-768x512.jpg 768w, https:\/\/janze-athletisme.fr\/wordpress\/wp-content\/uploads\/2024\/06\/DSC_4396.jpg 1500w\" sizes=\"auto, (max-width: 273px) 100vw, 273px\" \/> <\/a><\/p>\n<p><a href=\"https:\/\/janze-athletisme.fr\/wordpress\/wp-content\/uploads\/2024\/06\/Meeting-Janze-BE-MI-6avril2024-1-scaled.jpg\"><img loading=\"lazy\" decoding=\"async\" class=\"alignnone wp-image-19817\" src=\"https:\/\/janze-athletisme.fr\/wordpress\/wp-content\/uploads\/2024\/06\/Meeting-Janze-BE-MI-6avril2024-1-300x131.jpg\" alt=\"\" width=\"325\" height=\"142\" srcset=\"https:\/\/janze-athletisme.fr\/wordpress\/wp-content\/uploads\/2024\/06\/Meeting-Janze-BE-MI-6avril2024-1-300x131.jpg 300w, https:\/\/janze-athletisme.fr\/wordpress\/wp-content\/uploads\/2024\/06\/Meeting-Janze-BE-MI-6avril2024-1-1024x449.jpg 1024w, https:\/\/janze-athletisme.fr\/wordpress\/wp-content\/uploads\/2024\/06\/Meeting-Janze-BE-MI-6avril2024-1-768x337.jpg 768w, https:\/\/janze-athletisme.fr\/wordpress\/wp-content\/uploads\/2024\/06\/Meeting-Janze-BE-MI-6avril2024-1-1536x673.jpg 1536w, https:\/\/janze-athletisme.fr\/wordpress\/wp-content\/uploads\/2024\/06\/Meeting-Janze-BE-MI-6avril2024-1-2048x897.jpg 2048w\" sizes=\"auto, (max-width: 325px) 100vw, 325px\" \/> <\/a><a href=\"https:\/\/janze-athletisme.fr\/wordpress\/wp-content\/uploads\/2024\/06\/Prepa-du-relais-20avril2024-4.jpg\"><img loading=\"lazy\" decoding=\"async\" class=\"alignnone wp-image-19818\" src=\"https:\/\/janze-athletisme.fr\/wordpress\/wp-content\/uploads\/2024\/06\/Prepa-du-relais-20avril2024-4-300x200.jpg\" alt=\"\" width=\"227\" height=\"151\" srcset=\"https:\/\/janze-athletisme.fr\/wordpress\/wp-content\/uploads\/2024\/06\/Prepa-du-relais-20avril2024-4-300x200.jpg 300w, https:\/\/janze-athletisme.fr\/wordpress\/wp-content\/uploads\/2024\/06\/Prepa-du-relais-20avril2024-4-1024x684.jpg 1024w, https:\/\/janze-athletisme.fr\/wordpress\/wp-content\/uploads\/2024\/06\/Prepa-du-relais-20avril2024-4-768x513.jpg 768w, https:\/\/janze-athletisme.fr\/wordpress\/wp-content\/uploads\/2024\/06\/Prepa-du-relais-20avril2024-4.jpg 1498w\" sizes=\"auto, (max-width: 227px) 100vw, 227px\" \/> <\/a><a href=\"https:\/\/janze-athletisme.fr\/wordpress\/wp-content\/uploads\/2024\/06\/DSC_6440-1.jpg\"><img loading=\"lazy\" decoding=\"async\" class=\"alignnone wp-image-19819\" src=\"https:\/\/janze-athletisme.fr\/wordpress\/wp-content\/uploads\/2024\/06\/DSC_6440-1-300x200.jpg\" alt=\"\" width=\"234\" height=\"156\" srcset=\"https:\/\/janze-athletisme.fr\/wordpress\/wp-content\/uploads\/2024\/06\/DSC_6440-1-300x200.jpg 300w, https:\/\/janze-athletisme.fr\/wordpress\/wp-content\/uploads\/2024\/06\/DSC_6440-1-1024x683.jpg 1024w, https:\/\/janze-athletisme.fr\/wordpress\/wp-content\/uploads\/2024\/06\/DSC_6440-1-768x512.jpg 768w, https:\/\/janze-athletisme.fr\/wordpress\/wp-content\/uploads\/2024\/06\/DSC_6440-1.jpg 1500w\" sizes=\"auto, (max-width: 234px) 100vw, 234px\" \/><\/a><\/p>\n<p><em><span style=\"font-size: 10pt;\">L&rsquo;\u00e9quip&rsquo;athl\u00e9 du printemps reste un grand souvenir pour Mathieu, m\u00eame si toute l&rsquo;ann\u00e9e aura \u00e9t\u00e9 riche en \u00e9motions&#8230;<\/span><\/em><\/p>\n","protected":false},"excerpt":{"rendered":"<p>Bilan de la saison : 1\u00b0) benjamins &amp; minimes M\u00eame si la saison n&rsquo;est pas encore termin\u00e9e pour nos athl\u00e8tes encore engag\u00e9s pour les R\u00e9gionaux, les Pr\u00e9-France et les France sur piste (au moins Bastien Fert \u00e0 l&rsquo;heure qu&rsquo;il est), sans oublier le stage Horizons et la Coupe nationale des Ligues Minimes (Jules Le Dorven) [&hellip;]<\/p>\n","protected":false},"author":12,"featured_media":19809,"comment_status":"open","ping_status":"open","sticky":false,"template":"","format":"aside","meta":{"_uag_custom_page_level_css":"","site-sidebar-layout":"default","site-content-layout":"","ast-site-content-layout":"default","site-content-style":"default","site-sidebar-style":"default","ast-global-header-display":"","ast-banner-title-visibility":"","ast-main-header-display":"","ast-hfb-above-header-display":"","ast-hfb-below-header-display":"","ast-hfb-mobile-header-display":"","site-post-title":"","ast-breadcrumbs-content":"","ast-featured-img":"","footer-sml-layout":"","ast-disable-related-posts":"","theme-transparent-header-meta":"default","adv-header-id-meta":"","stick-header-meta":"","header-above-stick-meta":"","header-main-stick-meta":"","header-below-stick-meta":"","astra-migrate-meta-layouts":"set","ast-page-background-enabled":"default","ast-page-background-meta":{"desktop":{"background-color":"var(--ast-global-color-4)","background-image":"","background-repeat":"repeat","background-position":"center center","background-size":"auto","background-attachment":"scroll","background-type":"","background-media":"","overlay-type":"","overlay-color":"","overlay-opacity":"","overlay-gradient":""},"tablet":{"background-color":"","background-image":"","background-repeat":"repeat","background-position":"center center","background-size":"auto","background-attachment":"scroll","background-type":"","background-media":"","overlay-type":"","overlay-color":"","overlay-opacity":"","overlay-gradient":""},"mobile":{"background-color":"","background-image":"","background-repeat":"repeat","background-position":"center center","background-size":"auto","background-attachment":"scroll","background-type":"","background-media":"","overlay-type":"","overlay-color":"","overlay-opacity":"","overlay-gradient":""}},"ast-content-background-meta":{"desktop":{"background-color":"var(--ast-global-color-5)","background-image":"","background-repeat":"repeat","background-position":"center center","background-size":"auto","background-attachment":"scroll","background-type":"","background-media":"","overlay-type":"","overlay-color":"","overlay-opacity":"","overlay-gradient":""},"tablet":{"background-color":"var(--ast-global-color-5)","background-image":"","background-repeat":"repeat","background-position":"center center","background-size":"auto","background-attachment":"scroll","background-type":"","background-media":"","overlay-type":"","overlay-color":"","overlay-opacity":"","overlay-gradient":""},"mobile":{"background-color":"var(--ast-global-color-5)","background-image":"","background-repeat":"repeat","background-position":"center center","background-size":"auto","background-attachment":"scroll","background-type":"","background-media":"","overlay-type":"","overlay-color":"","overlay-opacity":"","overlay-gradient":""}},"footnotes":""},"categories":[6],"tags":[],"class_list":["post-19805","post","type-post","status-publish","format-aside","has-post-thumbnail","hentry","category-sections","post_format-post-format-aside"],"yoast_head":"<!-- This site is optimized with the Yoast SEO plugin v27.5 - https:\/\/yoast.com\/product\/yoast-seo-wordpress\/ -->\n<title>La belle dynamique des Benjamins \/ Minimes... - Janz\u00e9 Athl\u00e9tisme<\/title>\n<meta name=\"robots\" content=\"index, follow, max-snippet:-1, max-image-preview:large, max-video-preview:-1\" \/>\n<link rel=\"canonical\" href=\"https:\/\/janze-athletisme.fr\/wordpress\/tout-seul-on-va-plus-vite-ensemble-on-va-plus-loin\/\" \/>\n<meta property=\"og:locale\" content=\"fr_FR\" \/>\n<meta property=\"og:type\" content=\"article\" \/>\n<meta property=\"og:title\" content=\"La belle dynamique des Benjamins \/ Minimes... - Janz\u00e9 Athl\u00e9tisme\" \/>\n<meta property=\"og:description\" content=\"Bilan de la saison : 1\u00b0) benjamins &amp; minimes M\u00eame si la saison n&rsquo;est pas encore termin\u00e9e pour nos athl\u00e8tes encore engag\u00e9s pour les R\u00e9gionaux, les Pr\u00e9-France et les France sur piste (au moins Bastien Fert \u00e0 l&rsquo;heure qu&rsquo;il est), sans oublier le stage Horizons et la Coupe nationale des Ligues Minimes (Jules Le Dorven) [&hellip;]\" \/>\n<meta property=\"og:url\" content=\"https:\/\/janze-athletisme.fr\/wordpress\/tout-seul-on-va-plus-vite-ensemble-on-va-plus-loin\/\" \/>\n<meta property=\"og:site_name\" content=\"Janz\u00e9 Athl\u00e9tisme\" \/>\n<meta property=\"article:publisher\" content=\"https:\/\/www.facebook.com\/groups\/1007964579346590\" \/>\n<meta property=\"article:published_time\" content=\"2024-06-26T18:06:29+00:00\" \/>\n<meta property=\"article:modified_time\" content=\"2024-06-27T17:09:30+00:00\" \/>\n<meta property=\"og:image\" content=\"https:\/\/janze-athletisme.fr\/wordpress\/wp-content\/uploads\/2024\/06\/Capture-decran-2024-06-17-114214-1.jpg\" \/>\n\t<meta property=\"og:image:width\" content=\"1017\" \/>\n\t<meta property=\"og:image:height\" content=\"600\" \/>\n\t<meta property=\"og:image:type\" content=\"image\/jpeg\" \/>\n<meta name=\"author\" content=\"Laurent Meunier\" \/>\n<meta name=\"twitter:card\" content=\"summary_large_image\" \/>\n<meta name=\"twitter:label1\" content=\"\u00c9crit par\" \/>\n\t<meta name=\"twitter:data1\" content=\"Laurent Meunier\" \/>\n\t<meta name=\"twitter:label2\" content=\"Dur\u00e9e de lecture estim\u00e9e\" \/>\n\t<meta name=\"twitter:data2\" content=\"7 minutes\" \/>\n<script type=\"application\/ld+json\" class=\"yoast-schema-graph\">{\"@context\":\"https:\\\/\\\/schema.org\",\"@graph\":[{\"@type\":\"Article\",\"@id\":\"https:\\\/\\\/janze-athletisme.fr\\\/wordpress\\\/tout-seul-on-va-plus-vite-ensemble-on-va-plus-loin\\\/#article\",\"isPartOf\":{\"@id\":\"https:\\\/\\\/janze-athletisme.fr\\\/wordpress\\\/tout-seul-on-va-plus-vite-ensemble-on-va-plus-loin\\\/\"},\"author\":{\"name\":\"Laurent Meunier\",\"@id\":\"https:\\\/\\\/janze-athletisme.fr\\\/wordpress\\\/#\\\/schema\\\/person\\\/c7b063dcfa6234c041d4d9b26cc2ea03\"},\"headline\":\"La belle dynamique des Benjamins \\\/ Minimes&#8230;\",\"datePublished\":\"2024-06-26T18:06:29+00:00\",\"dateModified\":\"2024-06-27T17:09:30+00:00\",\"mainEntityOfPage\":{\"@id\":\"https:\\\/\\\/janze-athletisme.fr\\\/wordpress\\\/tout-seul-on-va-plus-vite-ensemble-on-va-plus-loin\\\/\"},\"wordCount\":879,\"commentCount\":0,\"publisher\":{\"@id\":\"https:\\\/\\\/janze-athletisme.fr\\\/wordpress\\\/#organization\"},\"image\":{\"@id\":\"https:\\\/\\\/janze-athletisme.fr\\\/wordpress\\\/tout-seul-on-va-plus-vite-ensemble-on-va-plus-loin\\\/#primaryimage\"},\"thumbnailUrl\":\"https:\\\/\\\/janze-athletisme.fr\\\/wordpress\\\/wp-content\\\/uploads\\\/2024\\\/06\\\/Capture-decran-2024-06-17-114214-1.jpg\",\"articleSection\":[\"Le club au jour le jour\"],\"inLanguage\":\"fr-FR\",\"potentialAction\":[{\"@type\":\"CommentAction\",\"name\":\"Comment\",\"target\":[\"https:\\\/\\\/janze-athletisme.fr\\\/wordpress\\\/tout-seul-on-va-plus-vite-ensemble-on-va-plus-loin\\\/#respond\"]}]},{\"@type\":\"WebPage\",\"@id\":\"https:\\\/\\\/janze-athletisme.fr\\\/wordpress\\\/tout-seul-on-va-plus-vite-ensemble-on-va-plus-loin\\\/\",\"url\":\"https:\\\/\\\/janze-athletisme.fr\\\/wordpress\\\/tout-seul-on-va-plus-vite-ensemble-on-va-plus-loin\\\/\",\"name\":\"La belle dynamique des Benjamins \\\/ Minimes... - Janz\u00e9 Athl\u00e9tisme\",\"isPartOf\":{\"@id\":\"https:\\\/\\\/janze-athletisme.fr\\\/wordpress\\\/#website\"},\"primaryImageOfPage\":{\"@id\":\"https:\\\/\\\/janze-athletisme.fr\\\/wordpress\\\/tout-seul-on-va-plus-vite-ensemble-on-va-plus-loin\\\/#primaryimage\"},\"image\":{\"@id\":\"https:\\\/\\\/janze-athletisme.fr\\\/wordpress\\\/tout-seul-on-va-plus-vite-ensemble-on-va-plus-loin\\\/#primaryimage\"},\"thumbnailUrl\":\"https:\\\/\\\/janze-athletisme.fr\\\/wordpress\\\/wp-content\\\/uploads\\\/2024\\\/06\\\/Capture-decran-2024-06-17-114214-1.jpg\",\"datePublished\":\"2024-06-26T18:06:29+00:00\",\"dateModified\":\"2024-06-27T17:09:30+00:00\",\"breadcrumb\":{\"@id\":\"https:\\\/\\\/janze-athletisme.fr\\\/wordpress\\\/tout-seul-on-va-plus-vite-ensemble-on-va-plus-loin\\\/#breadcrumb\"},\"inLanguage\":\"fr-FR\",\"potentialAction\":[{\"@type\":\"ReadAction\",\"target\":[\"https:\\\/\\\/janze-athletisme.fr\\\/wordpress\\\/tout-seul-on-va-plus-vite-ensemble-on-va-plus-loin\\\/\"]}]},{\"@type\":\"ImageObject\",\"inLanguage\":\"fr-FR\",\"@id\":\"https:\\\/\\\/janze-athletisme.fr\\\/wordpress\\\/tout-seul-on-va-plus-vite-ensemble-on-va-plus-loin\\\/#primaryimage\",\"url\":\"https:\\\/\\\/janze-athletisme.fr\\\/wordpress\\\/wp-content\\\/uploads\\\/2024\\\/06\\\/Capture-decran-2024-06-17-114214-1.jpg\",\"contentUrl\":\"https:\\\/\\\/janze-athletisme.fr\\\/wordpress\\\/wp-content\\\/uploads\\\/2024\\\/06\\\/Capture-decran-2024-06-17-114214-1.jpg\",\"width\":1017,\"height\":600},{\"@type\":\"BreadcrumbList\",\"@id\":\"https:\\\/\\\/janze-athletisme.fr\\\/wordpress\\\/tout-seul-on-va-plus-vite-ensemble-on-va-plus-loin\\\/#breadcrumb\",\"itemListElement\":[{\"@type\":\"ListItem\",\"position\":1,\"name\":\"Accueil\",\"item\":\"https:\\\/\\\/janze-athletisme.fr\\\/wordpress\\\/\"},{\"@type\":\"ListItem\",\"position\":2,\"name\":\"La belle dynamique des Benjamins \\\/ Minimes&#8230;\"}]},{\"@type\":\"WebSite\",\"@id\":\"https:\\\/\\\/janze-athletisme.fr\\\/wordpress\\\/#website\",\"url\":\"https:\\\/\\\/janze-athletisme.fr\\\/wordpress\\\/\",\"name\":\"Janz\u00e9 Athl\u00e9tisme\",\"description\":\"Pays de La Roche aux F\u00e9es\",\"publisher\":{\"@id\":\"https:\\\/\\\/janze-athletisme.fr\\\/wordpress\\\/#organization\"},\"potentialAction\":[{\"@type\":\"SearchAction\",\"target\":{\"@type\":\"EntryPoint\",\"urlTemplate\":\"https:\\\/\\\/janze-athletisme.fr\\\/wordpress\\\/?s={search_term_string}\"},\"query-input\":{\"@type\":\"PropertyValueSpecification\",\"valueRequired\":true,\"valueName\":\"search_term_string\"}}],\"inLanguage\":\"fr-FR\"},{\"@type\":\"Organization\",\"@id\":\"https:\\\/\\\/janze-athletisme.fr\\\/wordpress\\\/#organization\",\"name\":\"Janz\u00e9 Athl\u00e9tisme\",\"url\":\"https:\\\/\\\/janze-athletisme.fr\\\/wordpress\\\/\",\"logo\":{\"@type\":\"ImageObject\",\"inLanguage\":\"fr-FR\",\"@id\":\"https:\\\/\\\/janze-athletisme.fr\\\/wordpress\\\/#\\\/schema\\\/logo\\\/image\\\/\",\"url\":\"https:\\\/\\\/janze-athletisme.fr\\\/wordpress\\\/wp-content\\\/uploads\\\/2015\\\/03\\\/logo-full1.jpg\",\"contentUrl\":\"https:\\\/\\\/janze-athletisme.fr\\\/wordpress\\\/wp-content\\\/uploads\\\/2015\\\/03\\\/logo-full1.jpg\",\"width\":437,\"height\":205,\"caption\":\"Janz\u00e9 Athl\u00e9tisme\"},\"image\":{\"@id\":\"https:\\\/\\\/janze-athletisme.fr\\\/wordpress\\\/#\\\/schema\\\/logo\\\/image\\\/\"},\"sameAs\":[\"https:\\\/\\\/www.facebook.com\\\/groups\\\/1007964579346590\"]},{\"@type\":\"Person\",\"@id\":\"https:\\\/\\\/janze-athletisme.fr\\\/wordpress\\\/#\\\/schema\\\/person\\\/c7b063dcfa6234c041d4d9b26cc2ea03\",\"name\":\"Laurent Meunier\",\"image\":{\"@type\":\"ImageObject\",\"inLanguage\":\"fr-FR\",\"@id\":\"https:\\\/\\\/secure.gravatar.com\\\/avatar\\\/dd25d581ad7c3349090f2fa6a9adb6bfa287e6a5dd8a5216a092727cd8749034?s=96&d=mm&r=g\",\"url\":\"https:\\\/\\\/secure.gravatar.com\\\/avatar\\\/dd25d581ad7c3349090f2fa6a9adb6bfa287e6a5dd8a5216a092727cd8749034?s=96&d=mm&r=g\",\"contentUrl\":\"https:\\\/\\\/secure.gravatar.com\\\/avatar\\\/dd25d581ad7c3349090f2fa6a9adb6bfa287e6a5dd8a5216a092727cd8749034?s=96&d=mm&r=g\",\"caption\":\"Laurent Meunier\"},\"url\":\"https:\\\/\\\/janze-athletisme.fr\\\/wordpress\\\/author\\\/laurent-meunier35\\\/\"}]}<\/script>\n<!-- \/ Yoast SEO plugin. -->","yoast_head_json":{"title":"La belle dynamique des Benjamins \/ Minimes... - Janz\u00e9 Athl\u00e9tisme","robots":{"index":"index","follow":"follow","max-snippet":"max-snippet:-1","max-image-preview":"max-image-preview:large","max-video-preview":"max-video-preview:-1"},"canonical":"https:\/\/janze-athletisme.fr\/wordpress\/tout-seul-on-va-plus-vite-ensemble-on-va-plus-loin\/","og_locale":"fr_FR","og_type":"article","og_title":"La belle dynamique des Benjamins \/ Minimes... - Janz\u00e9 Athl\u00e9tisme","og_description":"Bilan de la saison : 1\u00b0) benjamins &amp; minimes M\u00eame si la saison n&rsquo;est pas encore termin\u00e9e pour nos athl\u00e8tes encore engag\u00e9s pour les R\u00e9gionaux, les Pr\u00e9-France et les France sur piste (au moins Bastien Fert \u00e0 l&rsquo;heure qu&rsquo;il est), sans oublier le stage Horizons et la Coupe nationale des Ligues Minimes (Jules Le Dorven) [&hellip;]","og_url":"https:\/\/janze-athletisme.fr\/wordpress\/tout-seul-on-va-plus-vite-ensemble-on-va-plus-loin\/","og_site_name":"Janz\u00e9 Athl\u00e9tisme","article_publisher":"https:\/\/www.facebook.com\/groups\/1007964579346590","article_published_time":"2024-06-26T18:06:29+00:00","article_modified_time":"2024-06-27T17:09:30+00:00","og_image":[{"width":1017,"height":600,"url":"https:\/\/janze-athletisme.fr\/wordpress\/wp-content\/uploads\/2024\/06\/Capture-decran-2024-06-17-114214-1.jpg","type":"image\/jpeg"}],"author":"Laurent Meunier","twitter_card":"summary_large_image","twitter_misc":{"\u00c9crit par":"Laurent Meunier","Dur\u00e9e de lecture estim\u00e9e":"7 minutes"},"schema":{"@context":"https:\/\/schema.org","@graph":[{"@type":"Article","@id":"https:\/\/janze-athletisme.fr\/wordpress\/tout-seul-on-va-plus-vite-ensemble-on-va-plus-loin\/#article","isPartOf":{"@id":"https:\/\/janze-athletisme.fr\/wordpress\/tout-seul-on-va-plus-vite-ensemble-on-va-plus-loin\/"},"author":{"name":"Laurent Meunier","@id":"https:\/\/janze-athletisme.fr\/wordpress\/#\/schema\/person\/c7b063dcfa6234c041d4d9b26cc2ea03"},"headline":"La belle dynamique des Benjamins \/ Minimes&#8230;","datePublished":"2024-06-26T18:06:29+00:00","dateModified":"2024-06-27T17:09:30+00:00","mainEntityOfPage":{"@id":"https:\/\/janze-athletisme.fr\/wordpress\/tout-seul-on-va-plus-vite-ensemble-on-va-plus-loin\/"},"wordCount":879,"commentCount":0,"publisher":{"@id":"https:\/\/janze-athletisme.fr\/wordpress\/#organization"},"image":{"@id":"https:\/\/janze-athletisme.fr\/wordpress\/tout-seul-on-va-plus-vite-ensemble-on-va-plus-loin\/#primaryimage"},"thumbnailUrl":"https:\/\/janze-athletisme.fr\/wordpress\/wp-content\/uploads\/2024\/06\/Capture-decran-2024-06-17-114214-1.jpg","articleSection":["Le club au jour le jour"],"inLanguage":"fr-FR","potentialAction":[{"@type":"CommentAction","name":"Comment","target":["https:\/\/janze-athletisme.fr\/wordpress\/tout-seul-on-va-plus-vite-ensemble-on-va-plus-loin\/#respond"]}]},{"@type":"WebPage","@id":"https:\/\/janze-athletisme.fr\/wordpress\/tout-seul-on-va-plus-vite-ensemble-on-va-plus-loin\/","url":"https:\/\/janze-athletisme.fr\/wordpress\/tout-seul-on-va-plus-vite-ensemble-on-va-plus-loin\/","name":"La belle dynamique des Benjamins \/ Minimes... - Janz\u00e9 Athl\u00e9tisme","isPartOf":{"@id":"https:\/\/janze-athletisme.fr\/wordpress\/#website"},"primaryImageOfPage":{"@id":"https:\/\/janze-athletisme.fr\/wordpress\/tout-seul-on-va-plus-vite-ensemble-on-va-plus-loin\/#primaryimage"},"image":{"@id":"https:\/\/janze-athletisme.fr\/wordpress\/tout-seul-on-va-plus-vite-ensemble-on-va-plus-loin\/#primaryimage"},"thumbnailUrl":"https:\/\/janze-athletisme.fr\/wordpress\/wp-content\/uploads\/2024\/06\/Capture-decran-2024-06-17-114214-1.jpg","datePublished":"2024-06-26T18:06:29+00:00","dateModified":"2024-06-27T17:09:30+00:00","breadcrumb":{"@id":"https:\/\/janze-athletisme.fr\/wordpress\/tout-seul-on-va-plus-vite-ensemble-on-va-plus-loin\/#breadcrumb"},"inLanguage":"fr-FR","potentialAction":[{"@type":"ReadAction","target":["https:\/\/janze-athletisme.fr\/wordpress\/tout-seul-on-va-plus-vite-ensemble-on-va-plus-loin\/"]}]},{"@type":"ImageObject","inLanguage":"fr-FR","@id":"https:\/\/janze-athletisme.fr\/wordpress\/tout-seul-on-va-plus-vite-ensemble-on-va-plus-loin\/#primaryimage","url":"https:\/\/janze-athletisme.fr\/wordpress\/wp-content\/uploads\/2024\/06\/Capture-decran-2024-06-17-114214-1.jpg","contentUrl":"https:\/\/janze-athletisme.fr\/wordpress\/wp-content\/uploads\/2024\/06\/Capture-decran-2024-06-17-114214-1.jpg","width":1017,"height":600},{"@type":"BreadcrumbList","@id":"https:\/\/janze-athletisme.fr\/wordpress\/tout-seul-on-va-plus-vite-ensemble-on-va-plus-loin\/#breadcrumb","itemListElement":[{"@type":"ListItem","position":1,"name":"Accueil","item":"https:\/\/janze-athletisme.fr\/wordpress\/"},{"@type":"ListItem","position":2,"name":"La belle dynamique des Benjamins \/ Minimes&#8230;"}]},{"@type":"WebSite","@id":"https:\/\/janze-athletisme.fr\/wordpress\/#website","url":"https:\/\/janze-athletisme.fr\/wordpress\/","name":"Janz\u00e9 Athl\u00e9tisme","description":"Pays de La Roche aux F\u00e9es","publisher":{"@id":"https:\/\/janze-athletisme.fr\/wordpress\/#organization"},"potentialAction":[{"@type":"SearchAction","target":{"@type":"EntryPoint","urlTemplate":"https:\/\/janze-athletisme.fr\/wordpress\/?s={search_term_string}"},"query-input":{"@type":"PropertyValueSpecification","valueRequired":true,"valueName":"search_term_string"}}],"inLanguage":"fr-FR"},{"@type":"Organization","@id":"https:\/\/janze-athletisme.fr\/wordpress\/#organization","name":"Janz\u00e9 Athl\u00e9tisme","url":"https:\/\/janze-athletisme.fr\/wordpress\/","logo":{"@type":"ImageObject","inLanguage":"fr-FR","@id":"https:\/\/janze-athletisme.fr\/wordpress\/#\/schema\/logo\/image\/","url":"https:\/\/janze-athletisme.fr\/wordpress\/wp-content\/uploads\/2015\/03\/logo-full1.jpg","contentUrl":"https:\/\/janze-athletisme.fr\/wordpress\/wp-content\/uploads\/2015\/03\/logo-full1.jpg","width":437,"height":205,"caption":"Janz\u00e9 Athl\u00e9tisme"},"image":{"@id":"https:\/\/janze-athletisme.fr\/wordpress\/#\/schema\/logo\/image\/"},"sameAs":["https:\/\/www.facebook.com\/groups\/1007964579346590"]},{"@type":"Person","@id":"https:\/\/janze-athletisme.fr\/wordpress\/#\/schema\/person\/c7b063dcfa6234c041d4d9b26cc2ea03","name":"Laurent Meunier","image":{"@type":"ImageObject","inLanguage":"fr-FR","@id":"https:\/\/secure.gravatar.com\/avatar\/dd25d581ad7c3349090f2fa6a9adb6bfa287e6a5dd8a5216a092727cd8749034?s=96&d=mm&r=g","url":"https:\/\/secure.gravatar.com\/avatar\/dd25d581ad7c3349090f2fa6a9adb6bfa287e6a5dd8a5216a092727cd8749034?s=96&d=mm&r=g","contentUrl":"https:\/\/secure.gravatar.com\/avatar\/dd25d581ad7c3349090f2fa6a9adb6bfa287e6a5dd8a5216a092727cd8749034?s=96&d=mm&r=g","caption":"Laurent Meunier"},"url":"https:\/\/janze-athletisme.fr\/wordpress\/author\/laurent-meunier35\/"}]}},"uagb_featured_image_src":{"full":["https:\/\/janze-athletisme.fr\/wordpress\/wp-content\/uploads\/2024\/06\/Capture-decran-2024-06-17-114214-1.jpg",1017,600,false],"thumbnail":["https:\/\/janze-athletisme.fr\/wordpress\/wp-content\/uploads\/2024\/06\/Capture-decran-2024-06-17-114214-1-150x150.jpg",150,150,true],"medium":["https:\/\/janze-athletisme.fr\/wordpress\/wp-content\/uploads\/2024\/06\/Capture-decran-2024-06-17-114214-1-300x177.jpg",300,177,true],"medium_large":["https:\/\/janze-athletisme.fr\/wordpress\/wp-content\/uploads\/2024\/06\/Capture-decran-2024-06-17-114214-1-768x453.jpg",768,453,true],"large":["https:\/\/janze-athletisme.fr\/wordpress\/wp-content\/uploads\/2024\/06\/Capture-decran-2024-06-17-114214-1.jpg",1017,600,false],"1536x1536":["https:\/\/janze-athletisme.fr\/wordpress\/wp-content\/uploads\/2024\/06\/Capture-decran-2024-06-17-114214-1.jpg",1017,600,false],"2048x2048":["https:\/\/janze-athletisme.fr\/wordpress\/wp-content\/uploads\/2024\/06\/Capture-decran-2024-06-17-114214-1.jpg",1017,600,false]},"uagb_author_info":{"display_name":"Laurent Meunier","author_link":"https:\/\/janze-athletisme.fr\/wordpress\/author\/laurent-meunier35\/"},"uagb_comment_info":0,"uagb_excerpt":"Bilan de la saison : 1\u00b0) benjamins &amp; minimes M\u00eame si la saison n&rsquo;est pas encore termin\u00e9e pour nos athl\u00e8tes encore engag\u00e9s pour les R\u00e9gionaux, les Pr\u00e9-France et les France sur piste (au moins Bastien Fert \u00e0 l&rsquo;heure qu&rsquo;il est), sans oublier le stage Horizons et la Coupe nationale des Ligues Minimes (Jules Le Dorven)\u2026","_links":{"self":[{"href":"https:\/\/janze-athletisme.fr\/wordpress\/wp-json\/wp\/v2\/posts\/19805","targetHints":{"allow":["GET"]}}],"collection":[{"href":"https:\/\/janze-athletisme.fr\/wordpress\/wp-json\/wp\/v2\/posts"}],"about":[{"href":"https:\/\/janze-athletisme.fr\/wordpress\/wp-json\/wp\/v2\/types\/post"}],"author":[{"embeddable":true,"href":"https:\/\/janze-athletisme.fr\/wordpress\/wp-json\/wp\/v2\/users\/12"}],"replies":[{"embeddable":true,"href":"https:\/\/janze-athletisme.fr\/wordpress\/wp-json\/wp\/v2\/comments?post=19805"}],"version-history":[{"count":4,"href":"https:\/\/janze-athletisme.fr\/wordpress\/wp-json\/wp\/v2\/posts\/19805\/revisions"}],"predecessor-version":[{"id":19828,"href":"https:\/\/janze-athletisme.fr\/wordpress\/wp-json\/wp\/v2\/posts\/19805\/revisions\/19828"}],"wp:featuredmedia":[{"embeddable":true,"href":"https:\/\/janze-athletisme.fr\/wordpress\/wp-json\/wp\/v2\/media\/19809"}],"wp:attachment":[{"href":"https:\/\/janze-athletisme.fr\/wordpress\/wp-json\/wp\/v2\/media?parent=19805"}],"wp:term":[{"taxonomy":"category","embeddable":true,"href":"https:\/\/janze-athletisme.fr\/wordpress\/wp-json\/wp\/v2\/categories?post=19805"},{"taxonomy":"post_tag","embeddable":true,"href":"https:\/\/janze-athletisme.fr\/wordpress\/wp-json\/wp\/v2\/tags?post=19805"}],"curies":[{"name":"wp","href":"https:\/\/api.w.org\/{rel}","templated":true}]}}