{"id":19796,"date":"2024-06-25T23:07:28","date_gmt":"2024-06-25T21:07:28","guid":{"rendered":"https:\/\/janze-athletisme.fr\/wordpress\/?p=19796"},"modified":"2024-06-28T12:36:48","modified_gmt":"2024-06-28T10:36:48","slug":"32-pre-qualifies-pour-redon","status":"publish","type":"post","link":"https:\/\/janze-athletisme.fr\/wordpress\/32-pre-qualifies-pour-redon\/","title":{"rendered":"32 pr\u00e9-qualifi\u00e9s pour Redon"},"content":{"rendered":"<p><span style=\"font-size: 18pt;\"><strong>Championnats de Bretagne Cadets &amp; +, Redon, 29\/30 juin<\/strong><\/span><\/p>\n<p>Samedi 29 et dimanche 30 juin auront lieu \u00e0 Redon les championnats de Bretagne Cadets, Juniors, Espoirs, Seniors\/Masters, aboutissement de la saison estivale sur piste pour la majorit\u00e9 de nos jeunes athl\u00e8tes de l&rsquo;EAC. 5\u00a0828 performances ont \u00e9t\u00e9 comptabilis\u00e9es pour cette premi\u00e8re extraction. Aux clubs \u00e0 pr\u00e9sent de confirmer ou non ces pr\u00e9-qualifications. Pour Janz\u00e9 Athl\u00e9, 97 performances ont \u00e9t\u00e9 extraites de la base de donn\u00e9es.<\/p>\n<p>Les voici dans le d\u00e9tail. On note 11 pr\u00e9-qualifications pour le seul <strong>Thibault<\/strong> Vilay, et une forte pr\u00e9sence des cadets \/ cadettes. Des choix sont \u00e0 faire \u00e0 pr\u00e9sent et certaines performances seront h\u00e9las un peu juste pour satisfaire aux crit\u00e8res de qualification (voir quotas en bas de page). Nous saurons dans la matin\u00e9e de vendredi quels athl\u00e8tes seront finalement retenus.<\/p>\n<p><span style=\"font-size: 14pt;\"><strong><u>Cadettes (10)<\/u><\/strong><\/span><\/p>\n<p><strong>Lou-Ann<\/strong> Bouix 100m (13&Prime;70), 200m (28&Prime;14), hauteur (1m30), <strong>Flora <\/strong>Frugnac 100m (13&Prime;94), <strong>Cl\u00e9mence<\/strong> Lamoureux 400m (68&Prime;22), 800m (2&rsquo;30&Prime;27), 1500m (5&rsquo;34&Prime;53), marteau (9m43), <strong>Faustine<\/strong> Louaisil 400m (66&Prime;23), 800m (2&rsquo;30&Prime;59), 1500m (5&rsquo;22&Prime;66), disque (13m50),<strong>Bertille<\/strong> Louaisil 800m (2&rsquo;42&Prime;32), 1500m (5&rsquo;46&Prime;99), 3000m (12&rsquo;28&Prime;49), disque (15m58), <strong>L\u00e9a<\/strong> Robert 400m (62&Prime;79), 800m (2&rsquo;23&Prime;47), 1500m (5&rsquo;09&Prime;75), 3000m (11&rsquo;06&Prime;51), <strong>Anna<\/strong> Tanguy 400m (69&Prime;94), 400m haies (86&Prime;38), triple saut (8m22),<strong> Jeanne<\/strong> Richard 1500m (6&rsquo;58&Prime;44), 3000m (14&rsquo;54&Prime;40), <strong>Solyne <\/strong>Mariette 3000m (13&rsquo;16&Prime;74), disque (18m10), javelot (16m49), <strong>Ma\u00eblle<\/strong> Burgain 100m haies (20&Prime;54)<\/p>\n<p><span style=\"font-size: 14pt;\"><strong><u>Cadets (7)<\/u><\/strong><\/span><\/p>\n<p><strong>Quentin <\/strong>Planchenault 100m (11&Prime;33), 200m (23&Prime;46), hauteur (1m66), poids (7m66), <strong>B\u00e9renger<\/strong> Tardif 100m (11&Prime;84), 200m (24&Prime;61), 400m (56&Prime;40), perche (2m60), <strong>Thibault <\/strong>Vilay 100m (11&Prime;84), 200m (24&Prime;15), 400m (54&Prime;35), 1500m (4&rsquo;57&Prime;15), 100m haies (16&Prime;47), hauteur (1m73), perche (2m60), longueur (5m90), poids (9m99), disque (23m88), javelot (29m10), <strong>Henri<\/strong> Carmes 400m (57&Prime;70), <strong>L\u00e9o <\/strong>Guiheux 400m (55&Prime;18), 800m (2&rsquo;06&Prime;11), 1500m (4&rsquo;26&Prime;48), 3000m (9&rsquo;35&Prime;81), poids (7m49), <strong>Rapha\u00ebl<\/strong> Bou\u00e9 800m (2&rsquo;13&Prime;47), 1500m (4&rsquo;23&Prime;83), 3000m (9&rsquo;33&Prime;40), disque (13m68), <strong>Esteban<\/strong> Bouillaux 1500m (4&rsquo;20&Prime;44), 3000m (9&rsquo;32&Prime;32), poids (8m58)<\/p>\n<p><span style=\"font-size: 14pt;\"><strong><u>Juniors femmes (6)<\/u><\/strong><\/span><\/p>\n<p><strong>Ana\u00eblle<\/strong> Morel 400m (66&Prime;35), triple saut (9m03), marteau (21m47), javelot (18m36), <strong>Marie <\/strong>Morin 400m (73&Prime;38), longueur (3m71), <strong>Ana<\/strong> Th\u00e9odin 800m (2&rsquo;39&Prime;47), 1500m (5&rsquo;31&Prime;77), triple saut (8m27), <strong>La\u00efs <\/strong>Meunier 3000m (12&rsquo;35&Prime;58),<strong> Liya<\/strong> Pigeon 3000m (11&rsquo;52&Prime;86), javelot (9m06), <strong>Axelle <\/strong>Le Nard 100m haies (18&Prime;77), triple saut (8m70), javelot (21m17)<\/p>\n<p><span style=\"font-size: 14pt;\"><strong><u>Juniors hommes (0)<\/u><\/strong><\/span><\/p>\n<p><span style=\"font-size: 14pt;\"><strong><u>Espoirs femmes (0)<\/u><\/strong><\/span><\/p>\n<p><span style=\"font-size: 14pt;\"><strong><u>Espoirs hommes (6)<\/u><\/strong><\/span><\/p>\n<p><strong>Augustin<\/strong> Jouzel 100m (11&Prime;90), 400m (54&Prime;54), triple saut (10m83), poids (8m36), javelot (42m40), <strong>Bastien<\/strong> Fert 200m (22&Prime;34) et 400m (48&Prime;60), <strong>Basile<\/strong> Chevrel 1500m (4&rsquo;02&Prime;16), <strong>Baptiste<\/strong> Colleaux 100m haies (15&Prime;68), 400m haies (62&Prime;91), hauteur (1m70), <strong>Ewen <\/strong>Huchet 100m haies (17&Prime;77), hauteur (1m75), <strong>Enzo<\/strong> Paccini poids (12m29)<\/p>\n<p><span style=\"font-size: 14pt;\"><strong><u>Seniors Femmes (1)<\/u><\/strong><\/span><\/p>\n<p><strong>Claire<\/strong> Tougnaud 100m (14&Prime;74), 100m haies (19&Prime;27), longueur (4m24)<\/p>\n<p><span style=\"font-size: 14pt;\"><strong><u>Seniors hommes (1)<\/u><\/strong><\/span><\/p>\n<p><strong>Mathieu<\/strong> Henry 1500m (4&rsquo;12&Prime;57), disque (23m77)<\/p>\n<p><span style=\"font-size: 14pt;\"><strong><u>Masters femmes (0)<\/u><\/strong><\/span><\/p>\n<p><span style=\"font-size: 14pt;\"><strong><u>Masters hommes (1)<\/u><\/strong><\/span><\/p>\n<p><strong>Bruno<\/strong> Mariette 5000m marche (29&rsquo;00&Prime;26).<\/p>\n<p><a href=\"https:\/\/janze-athletisme.fr\/wordpress\/wp-content\/uploads\/2024\/06\/Quotas-des-qualifiables.jpg\"><img loading=\"lazy\" decoding=\"async\" class=\"alignnone wp-image-19797\" src=\"https:\/\/janze-athletisme.fr\/wordpress\/wp-content\/uploads\/2024\/06\/Quotas-des-qualifiables-300x283.jpg\" alt=\"\" width=\"361\" height=\"341\" srcset=\"https:\/\/janze-athletisme.fr\/wordpress\/wp-content\/uploads\/2024\/06\/Quotas-des-qualifiables-300x283.jpg 300w, https:\/\/janze-athletisme.fr\/wordpress\/wp-content\/uploads\/2024\/06\/Quotas-des-qualifiables-768x723.jpg 768w, https:\/\/janze-athletisme.fr\/wordpress\/wp-content\/uploads\/2024\/06\/Quotas-des-qualifiables.jpg 927w\" sizes=\"auto, (max-width: 361px) 100vw, 361px\" \/><\/a><\/p>\n","protected":false},"excerpt":{"rendered":"<p>Championnats de Bretagne Cadets &amp; +, Redon, 29\/30 juin Samedi 29 et dimanche 30 juin auront lieu \u00e0 Redon les championnats de Bretagne Cadets, Juniors, Espoirs, Seniors\/Masters, aboutissement de la saison estivale sur piste pour la majorit\u00e9 de nos jeunes athl\u00e8tes de l&rsquo;EAC. 5\u00a0828 performances ont \u00e9t\u00e9 comptabilis\u00e9es pour cette premi\u00e8re extraction. Aux clubs \u00e0 [&hellip;]<\/p>\n","protected":false},"author":12,"featured_media":19798,"comment_status":"open","ping_status":"open","sticky":false,"template":"","format":"aside","meta":{"_uag_custom_page_level_css":"","site-sidebar-layout":"default","site-content-layout":"","ast-site-content-layout":"default","site-content-style":"default","site-sidebar-style":"default","ast-global-header-display":"","ast-banner-title-visibility":"","ast-main-header-display":"","ast-hfb-above-header-display":"","ast-hfb-below-header-display":"","ast-hfb-mobile-header-display":"","site-post-title":"","ast-breadcrumbs-content":"","ast-featured-img":"","footer-sml-layout":"","ast-disable-related-posts":"","theme-transparent-header-meta":"default","adv-header-id-meta":"","stick-header-meta":"","header-above-stick-meta":"","header-main-stick-meta":"","header-below-stick-meta":"","astra-migrate-meta-layouts":"set","ast-page-background-enabled":"default","ast-page-background-meta":{"desktop":{"background-color":"var(--ast-global-color-4)","background-image":"","background-repeat":"repeat","background-position":"center center","background-size":"auto","background-attachment":"scroll","background-type":"","background-media":"","overlay-type":"","overlay-color":"","overlay-opacity":"","overlay-gradient":""},"tablet":{"background-color":"","background-image":"","background-repeat":"repeat","background-position":"center center","background-size":"auto","background-attachment":"scroll","background-type":"","background-media":"","overlay-type":"","overlay-color":"","overlay-opacity":"","overlay-gradient":""},"mobile":{"background-color":"","background-image":"","background-repeat":"repeat","background-position":"center center","background-size":"auto","background-attachment":"scroll","background-type":"","background-media":"","overlay-type":"","overlay-color":"","overlay-opacity":"","overlay-gradient":""}},"ast-content-background-meta":{"desktop":{"background-color":"var(--ast-global-color-5)","background-image":"","background-repeat":"repeat","background-position":"center center","background-size":"auto","background-attachment":"scroll","background-type":"","background-media":"","overlay-type":"","overlay-color":"","overlay-opacity":"","overlay-gradient":""},"tablet":{"background-color":"var(--ast-global-color-5)","background-image":"","background-repeat":"repeat","background-position":"center center","background-size":"auto","background-attachment":"scroll","background-type":"","background-media":"","overlay-type":"","overlay-color":"","overlay-opacity":"","overlay-gradient":""},"mobile":{"background-color":"var(--ast-global-color-5)","background-image":"","background-repeat":"repeat","background-position":"center center","background-size":"auto","background-attachment":"scroll","background-type":"","background-media":"","overlay-type":"","overlay-color":"","overlay-opacity":"","overlay-gradient":""}},"footnotes":""},"categories":[6],"tags":[],"class_list":["post-19796","post","type-post","status-publish","format-aside","has-post-thumbnail","hentry","category-sections","post_format-post-format-aside"],"yoast_head":"<!-- This site is optimized with the Yoast SEO plugin v27.5 - https:\/\/yoast.com\/product\/yoast-seo-wordpress\/ -->\n<title>32 pr\u00e9-qualifi\u00e9s pour Redon - Janz\u00e9 Athl\u00e9tisme<\/title>\n<meta name=\"robots\" content=\"index, follow, max-snippet:-1, max-image-preview:large, max-video-preview:-1\" \/>\n<link rel=\"canonical\" href=\"https:\/\/janze-athletisme.fr\/wordpress\/32-pre-qualifies-pour-redon\/\" \/>\n<meta property=\"og:locale\" content=\"fr_FR\" \/>\n<meta property=\"og:type\" content=\"article\" \/>\n<meta property=\"og:title\" content=\"32 pr\u00e9-qualifi\u00e9s pour Redon - Janz\u00e9 Athl\u00e9tisme\" \/>\n<meta property=\"og:description\" content=\"Championnats de Bretagne Cadets &amp; +, Redon, 29\/30 juin Samedi 29 et dimanche 30 juin auront lieu \u00e0 Redon les championnats de Bretagne Cadets, Juniors, Espoirs, Seniors\/Masters, aboutissement de la saison estivale sur piste pour la majorit\u00e9 de nos jeunes athl\u00e8tes de l&rsquo;EAC. 5\u00a0828 performances ont \u00e9t\u00e9 comptabilis\u00e9es pour cette premi\u00e8re extraction. Aux clubs \u00e0 [&hellip;]\" \/>\n<meta property=\"og:url\" content=\"https:\/\/janze-athletisme.fr\/wordpress\/32-pre-qualifies-pour-redon\/\" \/>\n<meta property=\"og:site_name\" content=\"Janz\u00e9 Athl\u00e9tisme\" \/>\n<meta property=\"article:publisher\" content=\"https:\/\/www.facebook.com\/groups\/1007964579346590\" \/>\n<meta property=\"article:published_time\" content=\"2024-06-25T21:07:28+00:00\" \/>\n<meta property=\"article:modified_time\" content=\"2024-06-28T10:36:48+00:00\" \/>\n<meta property=\"og:image\" content=\"https:\/\/janze-athletisme.fr\/wordpress\/wp-content\/uploads\/2024\/06\/Augustin-DR-Augustin-Jouzel.jpg\" \/>\n\t<meta property=\"og:image:width\" content=\"638\" \/>\n\t<meta property=\"og:image:height\" content=\"695\" \/>\n\t<meta property=\"og:image:type\" content=\"image\/jpeg\" \/>\n<meta name=\"author\" content=\"Laurent Meunier\" \/>\n<meta name=\"twitter:card\" content=\"summary_large_image\" \/>\n<meta name=\"twitter:label1\" content=\"\u00c9crit par\" \/>\n\t<meta name=\"twitter:data1\" content=\"Laurent Meunier\" \/>\n\t<meta name=\"twitter:label2\" content=\"Dur\u00e9e de lecture estim\u00e9e\" \/>\n\t<meta name=\"twitter:data2\" content=\"3 minutes\" \/>\n<script type=\"application\/ld+json\" class=\"yoast-schema-graph\">{\"@context\":\"https:\\\/\\\/schema.org\",\"@graph\":[{\"@type\":\"Article\",\"@id\":\"https:\\\/\\\/janze-athletisme.fr\\\/wordpress\\\/32-pre-qualifies-pour-redon\\\/#article\",\"isPartOf\":{\"@id\":\"https:\\\/\\\/janze-athletisme.fr\\\/wordpress\\\/32-pre-qualifies-pour-redon\\\/\"},\"author\":{\"name\":\"Laurent Meunier\",\"@id\":\"https:\\\/\\\/janze-athletisme.fr\\\/wordpress\\\/#\\\/schema\\\/person\\\/c7b063dcfa6234c041d4d9b26cc2ea03\"},\"headline\":\"32 pr\u00e9-qualifi\u00e9s pour Redon\",\"datePublished\":\"2024-06-25T21:07:28+00:00\",\"dateModified\":\"2024-06-28T10:36:48+00:00\",\"mainEntityOfPage\":{\"@id\":\"https:\\\/\\\/janze-athletisme.fr\\\/wordpress\\\/32-pre-qualifies-pour-redon\\\/\"},\"wordCount\":383,\"commentCount\":0,\"publisher\":{\"@id\":\"https:\\\/\\\/janze-athletisme.fr\\\/wordpress\\\/#organization\"},\"image\":{\"@id\":\"https:\\\/\\\/janze-athletisme.fr\\\/wordpress\\\/32-pre-qualifies-pour-redon\\\/#primaryimage\"},\"thumbnailUrl\":\"https:\\\/\\\/janze-athletisme.fr\\\/wordpress\\\/wp-content\\\/uploads\\\/2024\\\/06\\\/Augustin-DR-Augustin-Jouzel.jpg\",\"articleSection\":[\"Le club au jour le jour\"],\"inLanguage\":\"fr-FR\",\"potentialAction\":[{\"@type\":\"CommentAction\",\"name\":\"Comment\",\"target\":[\"https:\\\/\\\/janze-athletisme.fr\\\/wordpress\\\/32-pre-qualifies-pour-redon\\\/#respond\"]}]},{\"@type\":\"WebPage\",\"@id\":\"https:\\\/\\\/janze-athletisme.fr\\\/wordpress\\\/32-pre-qualifies-pour-redon\\\/\",\"url\":\"https:\\\/\\\/janze-athletisme.fr\\\/wordpress\\\/32-pre-qualifies-pour-redon\\\/\",\"name\":\"32 pr\u00e9-qualifi\u00e9s pour Redon - Janz\u00e9 Athl\u00e9tisme\",\"isPartOf\":{\"@id\":\"https:\\\/\\\/janze-athletisme.fr\\\/wordpress\\\/#website\"},\"primaryImageOfPage\":{\"@id\":\"https:\\\/\\\/janze-athletisme.fr\\\/wordpress\\\/32-pre-qualifies-pour-redon\\\/#primaryimage\"},\"image\":{\"@id\":\"https:\\\/\\\/janze-athletisme.fr\\\/wordpress\\\/32-pre-qualifies-pour-redon\\\/#primaryimage\"},\"thumbnailUrl\":\"https:\\\/\\\/janze-athletisme.fr\\\/wordpress\\\/wp-content\\\/uploads\\\/2024\\\/06\\\/Augustin-DR-Augustin-Jouzel.jpg\",\"datePublished\":\"2024-06-25T21:07:28+00:00\",\"dateModified\":\"2024-06-28T10:36:48+00:00\",\"breadcrumb\":{\"@id\":\"https:\\\/\\\/janze-athletisme.fr\\\/wordpress\\\/32-pre-qualifies-pour-redon\\\/#breadcrumb\"},\"inLanguage\":\"fr-FR\",\"potentialAction\":[{\"@type\":\"ReadAction\",\"target\":[\"https:\\\/\\\/janze-athletisme.fr\\\/wordpress\\\/32-pre-qualifies-pour-redon\\\/\"]}]},{\"@type\":\"ImageObject\",\"inLanguage\":\"fr-FR\",\"@id\":\"https:\\\/\\\/janze-athletisme.fr\\\/wordpress\\\/32-pre-qualifies-pour-redon\\\/#primaryimage\",\"url\":\"https:\\\/\\\/janze-athletisme.fr\\\/wordpress\\\/wp-content\\\/uploads\\\/2024\\\/06\\\/Augustin-DR-Augustin-Jouzel.jpg\",\"contentUrl\":\"https:\\\/\\\/janze-athletisme.fr\\\/wordpress\\\/wp-content\\\/uploads\\\/2024\\\/06\\\/Augustin-DR-Augustin-Jouzel.jpg\",\"width\":638,\"height\":695},{\"@type\":\"BreadcrumbList\",\"@id\":\"https:\\\/\\\/janze-athletisme.fr\\\/wordpress\\\/32-pre-qualifies-pour-redon\\\/#breadcrumb\",\"itemListElement\":[{\"@type\":\"ListItem\",\"position\":1,\"name\":\"Accueil\",\"item\":\"https:\\\/\\\/janze-athletisme.fr\\\/wordpress\\\/\"},{\"@type\":\"ListItem\",\"position\":2,\"name\":\"32 pr\u00e9-qualifi\u00e9s pour Redon\"}]},{\"@type\":\"WebSite\",\"@id\":\"https:\\\/\\\/janze-athletisme.fr\\\/wordpress\\\/#website\",\"url\":\"https:\\\/\\\/janze-athletisme.fr\\\/wordpress\\\/\",\"name\":\"Janz\u00e9 Athl\u00e9tisme\",\"description\":\"Pays de La Roche aux F\u00e9es\",\"publisher\":{\"@id\":\"https:\\\/\\\/janze-athletisme.fr\\\/wordpress\\\/#organization\"},\"potentialAction\":[{\"@type\":\"SearchAction\",\"target\":{\"@type\":\"EntryPoint\",\"urlTemplate\":\"https:\\\/\\\/janze-athletisme.fr\\\/wordpress\\\/?s={search_term_string}\"},\"query-input\":{\"@type\":\"PropertyValueSpecification\",\"valueRequired\":true,\"valueName\":\"search_term_string\"}}],\"inLanguage\":\"fr-FR\"},{\"@type\":\"Organization\",\"@id\":\"https:\\\/\\\/janze-athletisme.fr\\\/wordpress\\\/#organization\",\"name\":\"Janz\u00e9 Athl\u00e9tisme\",\"url\":\"https:\\\/\\\/janze-athletisme.fr\\\/wordpress\\\/\",\"logo\":{\"@type\":\"ImageObject\",\"inLanguage\":\"fr-FR\",\"@id\":\"https:\\\/\\\/janze-athletisme.fr\\\/wordpress\\\/#\\\/schema\\\/logo\\\/image\\\/\",\"url\":\"https:\\\/\\\/janze-athletisme.fr\\\/wordpress\\\/wp-content\\\/uploads\\\/2015\\\/03\\\/logo-full1.jpg\",\"contentUrl\":\"https:\\\/\\\/janze-athletisme.fr\\\/wordpress\\\/wp-content\\\/uploads\\\/2015\\\/03\\\/logo-full1.jpg\",\"width\":437,\"height\":205,\"caption\":\"Janz\u00e9 Athl\u00e9tisme\"},\"image\":{\"@id\":\"https:\\\/\\\/janze-athletisme.fr\\\/wordpress\\\/#\\\/schema\\\/logo\\\/image\\\/\"},\"sameAs\":[\"https:\\\/\\\/www.facebook.com\\\/groups\\\/1007964579346590\"]},{\"@type\":\"Person\",\"@id\":\"https:\\\/\\\/janze-athletisme.fr\\\/wordpress\\\/#\\\/schema\\\/person\\\/c7b063dcfa6234c041d4d9b26cc2ea03\",\"name\":\"Laurent Meunier\",\"image\":{\"@type\":\"ImageObject\",\"inLanguage\":\"fr-FR\",\"@id\":\"https:\\\/\\\/secure.gravatar.com\\\/avatar\\\/dd25d581ad7c3349090f2fa6a9adb6bfa287e6a5dd8a5216a092727cd8749034?s=96&d=mm&r=g\",\"url\":\"https:\\\/\\\/secure.gravatar.com\\\/avatar\\\/dd25d581ad7c3349090f2fa6a9adb6bfa287e6a5dd8a5216a092727cd8749034?s=96&d=mm&r=g\",\"contentUrl\":\"https:\\\/\\\/secure.gravatar.com\\\/avatar\\\/dd25d581ad7c3349090f2fa6a9adb6bfa287e6a5dd8a5216a092727cd8749034?s=96&d=mm&r=g\",\"caption\":\"Laurent Meunier\"},\"url\":\"https:\\\/\\\/janze-athletisme.fr\\\/wordpress\\\/author\\\/laurent-meunier35\\\/\"}]}<\/script>\n<!-- \/ Yoast SEO plugin. -->","yoast_head_json":{"title":"32 pr\u00e9-qualifi\u00e9s pour Redon - Janz\u00e9 Athl\u00e9tisme","robots":{"index":"index","follow":"follow","max-snippet":"max-snippet:-1","max-image-preview":"max-image-preview:large","max-video-preview":"max-video-preview:-1"},"canonical":"https:\/\/janze-athletisme.fr\/wordpress\/32-pre-qualifies-pour-redon\/","og_locale":"fr_FR","og_type":"article","og_title":"32 pr\u00e9-qualifi\u00e9s pour Redon - Janz\u00e9 Athl\u00e9tisme","og_description":"Championnats de Bretagne Cadets &amp; +, Redon, 29\/30 juin Samedi 29 et dimanche 30 juin auront lieu \u00e0 Redon les championnats de Bretagne Cadets, Juniors, Espoirs, Seniors\/Masters, aboutissement de la saison estivale sur piste pour la majorit\u00e9 de nos jeunes athl\u00e8tes de l&rsquo;EAC. 5\u00a0828 performances ont \u00e9t\u00e9 comptabilis\u00e9es pour cette premi\u00e8re extraction. Aux clubs \u00e0 [&hellip;]","og_url":"https:\/\/janze-athletisme.fr\/wordpress\/32-pre-qualifies-pour-redon\/","og_site_name":"Janz\u00e9 Athl\u00e9tisme","article_publisher":"https:\/\/www.facebook.com\/groups\/1007964579346590","article_published_time":"2024-06-25T21:07:28+00:00","article_modified_time":"2024-06-28T10:36:48+00:00","og_image":[{"width":638,"height":695,"url":"https:\/\/janze-athletisme.fr\/wordpress\/wp-content\/uploads\/2024\/06\/Augustin-DR-Augustin-Jouzel.jpg","type":"image\/jpeg"}],"author":"Laurent Meunier","twitter_card":"summary_large_image","twitter_misc":{"\u00c9crit par":"Laurent Meunier","Dur\u00e9e de lecture estim\u00e9e":"3 minutes"},"schema":{"@context":"https:\/\/schema.org","@graph":[{"@type":"Article","@id":"https:\/\/janze-athletisme.fr\/wordpress\/32-pre-qualifies-pour-redon\/#article","isPartOf":{"@id":"https:\/\/janze-athletisme.fr\/wordpress\/32-pre-qualifies-pour-redon\/"},"author":{"name":"Laurent Meunier","@id":"https:\/\/janze-athletisme.fr\/wordpress\/#\/schema\/person\/c7b063dcfa6234c041d4d9b26cc2ea03"},"headline":"32 pr\u00e9-qualifi\u00e9s pour Redon","datePublished":"2024-06-25T21:07:28+00:00","dateModified":"2024-06-28T10:36:48+00:00","mainEntityOfPage":{"@id":"https:\/\/janze-athletisme.fr\/wordpress\/32-pre-qualifies-pour-redon\/"},"wordCount":383,"commentCount":0,"publisher":{"@id":"https:\/\/janze-athletisme.fr\/wordpress\/#organization"},"image":{"@id":"https:\/\/janze-athletisme.fr\/wordpress\/32-pre-qualifies-pour-redon\/#primaryimage"},"thumbnailUrl":"https:\/\/janze-athletisme.fr\/wordpress\/wp-content\/uploads\/2024\/06\/Augustin-DR-Augustin-Jouzel.jpg","articleSection":["Le club au jour le jour"],"inLanguage":"fr-FR","potentialAction":[{"@type":"CommentAction","name":"Comment","target":["https:\/\/janze-athletisme.fr\/wordpress\/32-pre-qualifies-pour-redon\/#respond"]}]},{"@type":"WebPage","@id":"https:\/\/janze-athletisme.fr\/wordpress\/32-pre-qualifies-pour-redon\/","url":"https:\/\/janze-athletisme.fr\/wordpress\/32-pre-qualifies-pour-redon\/","name":"32 pr\u00e9-qualifi\u00e9s pour Redon - Janz\u00e9 Athl\u00e9tisme","isPartOf":{"@id":"https:\/\/janze-athletisme.fr\/wordpress\/#website"},"primaryImageOfPage":{"@id":"https:\/\/janze-athletisme.fr\/wordpress\/32-pre-qualifies-pour-redon\/#primaryimage"},"image":{"@id":"https:\/\/janze-athletisme.fr\/wordpress\/32-pre-qualifies-pour-redon\/#primaryimage"},"thumbnailUrl":"https:\/\/janze-athletisme.fr\/wordpress\/wp-content\/uploads\/2024\/06\/Augustin-DR-Augustin-Jouzel.jpg","datePublished":"2024-06-25T21:07:28+00:00","dateModified":"2024-06-28T10:36:48+00:00","breadcrumb":{"@id":"https:\/\/janze-athletisme.fr\/wordpress\/32-pre-qualifies-pour-redon\/#breadcrumb"},"inLanguage":"fr-FR","potentialAction":[{"@type":"ReadAction","target":["https:\/\/janze-athletisme.fr\/wordpress\/32-pre-qualifies-pour-redon\/"]}]},{"@type":"ImageObject","inLanguage":"fr-FR","@id":"https:\/\/janze-athletisme.fr\/wordpress\/32-pre-qualifies-pour-redon\/#primaryimage","url":"https:\/\/janze-athletisme.fr\/wordpress\/wp-content\/uploads\/2024\/06\/Augustin-DR-Augustin-Jouzel.jpg","contentUrl":"https:\/\/janze-athletisme.fr\/wordpress\/wp-content\/uploads\/2024\/06\/Augustin-DR-Augustin-Jouzel.jpg","width":638,"height":695},{"@type":"BreadcrumbList","@id":"https:\/\/janze-athletisme.fr\/wordpress\/32-pre-qualifies-pour-redon\/#breadcrumb","itemListElement":[{"@type":"ListItem","position":1,"name":"Accueil","item":"https:\/\/janze-athletisme.fr\/wordpress\/"},{"@type":"ListItem","position":2,"name":"32 pr\u00e9-qualifi\u00e9s pour Redon"}]},{"@type":"WebSite","@id":"https:\/\/janze-athletisme.fr\/wordpress\/#website","url":"https:\/\/janze-athletisme.fr\/wordpress\/","name":"Janz\u00e9 Athl\u00e9tisme","description":"Pays de La Roche aux F\u00e9es","publisher":{"@id":"https:\/\/janze-athletisme.fr\/wordpress\/#organization"},"potentialAction":[{"@type":"SearchAction","target":{"@type":"EntryPoint","urlTemplate":"https:\/\/janze-athletisme.fr\/wordpress\/?s={search_term_string}"},"query-input":{"@type":"PropertyValueSpecification","valueRequired":true,"valueName":"search_term_string"}}],"inLanguage":"fr-FR"},{"@type":"Organization","@id":"https:\/\/janze-athletisme.fr\/wordpress\/#organization","name":"Janz\u00e9 Athl\u00e9tisme","url":"https:\/\/janze-athletisme.fr\/wordpress\/","logo":{"@type":"ImageObject","inLanguage":"fr-FR","@id":"https:\/\/janze-athletisme.fr\/wordpress\/#\/schema\/logo\/image\/","url":"https:\/\/janze-athletisme.fr\/wordpress\/wp-content\/uploads\/2015\/03\/logo-full1.jpg","contentUrl":"https:\/\/janze-athletisme.fr\/wordpress\/wp-content\/uploads\/2015\/03\/logo-full1.jpg","width":437,"height":205,"caption":"Janz\u00e9 Athl\u00e9tisme"},"image":{"@id":"https:\/\/janze-athletisme.fr\/wordpress\/#\/schema\/logo\/image\/"},"sameAs":["https:\/\/www.facebook.com\/groups\/1007964579346590"]},{"@type":"Person","@id":"https:\/\/janze-athletisme.fr\/wordpress\/#\/schema\/person\/c7b063dcfa6234c041d4d9b26cc2ea03","name":"Laurent Meunier","image":{"@type":"ImageObject","inLanguage":"fr-FR","@id":"https:\/\/secure.gravatar.com\/avatar\/dd25d581ad7c3349090f2fa6a9adb6bfa287e6a5dd8a5216a092727cd8749034?s=96&d=mm&r=g","url":"https:\/\/secure.gravatar.com\/avatar\/dd25d581ad7c3349090f2fa6a9adb6bfa287e6a5dd8a5216a092727cd8749034?s=96&d=mm&r=g","contentUrl":"https:\/\/secure.gravatar.com\/avatar\/dd25d581ad7c3349090f2fa6a9adb6bfa287e6a5dd8a5216a092727cd8749034?s=96&d=mm&r=g","caption":"Laurent Meunier"},"url":"https:\/\/janze-athletisme.fr\/wordpress\/author\/laurent-meunier35\/"}]}},"uagb_featured_image_src":{"full":["https:\/\/janze-athletisme.fr\/wordpress\/wp-content\/uploads\/2024\/06\/Augustin-DR-Augustin-Jouzel.jpg",638,695,false],"thumbnail":["https:\/\/janze-athletisme.fr\/wordpress\/wp-content\/uploads\/2024\/06\/Augustin-DR-Augustin-Jouzel-150x150.jpg",150,150,true],"medium":["https:\/\/janze-athletisme.fr\/wordpress\/wp-content\/uploads\/2024\/06\/Augustin-DR-Augustin-Jouzel-275x300.jpg",275,300,true],"medium_large":["https:\/\/janze-athletisme.fr\/wordpress\/wp-content\/uploads\/2024\/06\/Augustin-DR-Augustin-Jouzel.jpg",638,695,false],"large":["https:\/\/janze-athletisme.fr\/wordpress\/wp-content\/uploads\/2024\/06\/Augustin-DR-Augustin-Jouzel.jpg",638,695,false],"1536x1536":["https:\/\/janze-athletisme.fr\/wordpress\/wp-content\/uploads\/2024\/06\/Augustin-DR-Augustin-Jouzel.jpg",638,695,false],"2048x2048":["https:\/\/janze-athletisme.fr\/wordpress\/wp-content\/uploads\/2024\/06\/Augustin-DR-Augustin-Jouzel.jpg",638,695,false]},"uagb_author_info":{"display_name":"Laurent Meunier","author_link":"https:\/\/janze-athletisme.fr\/wordpress\/author\/laurent-meunier35\/"},"uagb_comment_info":0,"uagb_excerpt":"Championnats de Bretagne Cadets &amp; +, Redon, 29\/30 juin Samedi 29 et dimanche 30 juin auront lieu \u00e0 Redon les championnats de Bretagne Cadets, Juniors, Espoirs, Seniors\/Masters, aboutissement de la saison estivale sur piste pour la majorit\u00e9 de nos jeunes athl\u00e8tes de l&rsquo;EAC. 5\u00a0828 performances ont \u00e9t\u00e9 comptabilis\u00e9es pour cette premi\u00e8re extraction. Aux clubs \u00e0\u2026","_links":{"self":[{"href":"https:\/\/janze-athletisme.fr\/wordpress\/wp-json\/wp\/v2\/posts\/19796","targetHints":{"allow":["GET"]}}],"collection":[{"href":"https:\/\/janze-athletisme.fr\/wordpress\/wp-json\/wp\/v2\/posts"}],"about":[{"href":"https:\/\/janze-athletisme.fr\/wordpress\/wp-json\/wp\/v2\/types\/post"}],"author":[{"embeddable":true,"href":"https:\/\/janze-athletisme.fr\/wordpress\/wp-json\/wp\/v2\/users\/12"}],"replies":[{"embeddable":true,"href":"https:\/\/janze-athletisme.fr\/wordpress\/wp-json\/wp\/v2\/comments?post=19796"}],"version-history":[{"count":5,"href":"https:\/\/janze-athletisme.fr\/wordpress\/wp-json\/wp\/v2\/posts\/19796\/revisions"}],"predecessor-version":[{"id":19846,"href":"https:\/\/janze-athletisme.fr\/wordpress\/wp-json\/wp\/v2\/posts\/19796\/revisions\/19846"}],"wp:featuredmedia":[{"embeddable":true,"href":"https:\/\/janze-athletisme.fr\/wordpress\/wp-json\/wp\/v2\/media\/19798"}],"wp:attachment":[{"href":"https:\/\/janze-athletisme.fr\/wordpress\/wp-json\/wp\/v2\/media?parent=19796"}],"wp:term":[{"taxonomy":"category","embeddable":true,"href":"https:\/\/janze-athletisme.fr\/wordpress\/wp-json\/wp\/v2\/categories?post=19796"},{"taxonomy":"post_tag","embeddable":true,"href":"https:\/\/janze-athletisme.fr\/wordpress\/wp-json\/wp\/v2\/tags?post=19796"}],"curies":[{"name":"wp","href":"https:\/\/api.w.org\/{rel}","templated":true}]}}