{"id":19733,"date":"2024-06-21T23:32:11","date_gmt":"2024-06-21T21:32:11","guid":{"rendered":"https:\/\/janze-athletisme.fr\/wordpress\/?p=19733"},"modified":"2024-06-21T23:32:11","modified_gmt":"2024-06-21T21:32:11","slug":"des-janzeens-aux-jo-de-paris","status":"publish","type":"post","link":"https:\/\/janze-athletisme.fr\/wordpress\/des-janzeens-aux-jo-de-paris\/","title":{"rendered":"Des janz\u00e9ens aux JO de Paris !"},"content":{"rendered":"<h1 style=\"text-align: center;\"><span style=\"color: #800000; font-family: comic sans ms, sans-serif;\">Paris 2024, on arrive !!!<br \/>\n<\/span><\/h1>\n<h1 style=\"text-align: center;\"><span style=\"color: #800000; font-family: comic sans ms, sans-serif;\">Janz\u00e9 athl\u00e9 est dans la place !!!<\/span><\/h1>\n<p>&nbsp;<\/p>\n<h5><\/h5>\n<h5><span style=\"color: #003366; font-family: comic sans ms, sans-serif;\">Et oui, vous avez bien lu ! nous aurons la chance d&rsquo;avoir deux athl\u00e8tes du club pour repr\u00e9senter janz\u00e9 athl\u00e9 aux jeux olympiques de Paris 2024 !!! <\/span><\/h5>\n<p>&nbsp;<\/p>\n<h5><span style=\"color: #003366; font-family: comic sans ms, sans-serif;\">Mathieu Henry, notre \u00e9ducateur pr\u00e9f\u00e9r\u00e9 sp\u00e9cialiste du 800 et Augustin Jouzel, recordman du javelot auront la chance de participer aux JO !<\/span><\/h5>\n<h5><span style=\"color: #003366; font-family: comic sans ms, sans-serif;\">Bon, on se calme&#8230;ce n&rsquo;est pas (encore) pour leurs performances sportives qu&rsquo;ils auront \u00e9t\u00e9 s\u00e9lectionn\u00e9s mais en tant que b\u00e9n\u00e9voles. Et c&rsquo;est d\u00e9j\u00e0 exceptionnel en soi.<\/span><\/h5>\n<p>&nbsp;<\/p>\n<h5><span style=\"color: #003366; font-family: comic sans ms, sans-serif;\">L&rsquo;exp\u00e9rience restera inoubliable car ils auront l&rsquo;occasion unique de cotoyer au plus pr\u00e8s les meilleurs athl\u00e8tes mondiaux. Participer \u00e9galement \u00e0 cette f\u00eate reste une chance et un privil\u00e8ge dont ils auront \u00e0 coeur de profiter un maximum.<\/span><\/h5>\n<p>&nbsp;<\/p>\n<h5><span style=\"color: #003366; font-family: comic sans ms, sans-serif;\">Mathieu aura l&rsquo;occasion de vivre au plus pr\u00e8s les \u00e9preuves d&rsquo;athl\u00e9tisme au stade de France, entour\u00e9 par 80000 spectateurs en folie !!! son r\u00f4le consistera \u00e0 d\u00e9placer haies, mat\u00e9riel, mise en place des diff\u00e9rents ateliers, apporter les bi\u00e8res et tickets repas aux juges bref, ce qu&rsquo;il fait d\u00e9j\u00e0 certains WE de championnats. Ce ne sera pas plus compliqu\u00e9 que les d\u00e9partementaux BE-MI \u00e0 Janz\u00e9 !!!! un peu plus de monde en tribune peut-\u00eatre et quelques milliards de spectateurs&#8230;<\/span><\/h5>\n<p>&nbsp;<\/p>\n<h5><span style=\"color: #003366; font-family: comic sans ms, sans-serif;\">Augustin participera quant \u00e0 lui aux c\u00e9r\u00e9monies protocolaires de remises de r\u00e9compenses des \u00e9preuves de natation. Il accompagnera les nageurss et aura la chance d&rsquo;apporter les m\u00e9dailles aux 3 premiers !!! par contre, interdit de faire un selfie avec L\u00e9on Marchand ! et oui, ce n&rsquo;est pas toujours dr\u00f4le la vie de b\u00e9n\u00e9vole aux JO !<\/span><\/h5>\n<p>&nbsp;<\/p>\n<h5><span style=\"color: #003366; font-family: comic sans ms, sans-serif;\">Nul doute qu&rsquo;ils auront \u00e0 coeur de nous faire partager leur exp\u00e9rience. On a h\u00e2te en tout cas. Pour l&rsquo;instant, certains comme Augustin ont pu toucher leur effets personnels (pas mal en tout cas, je confirme&#8230;).<\/span><\/h5>\n<p>&nbsp;<\/p>\n<h5><span style=\"color: #003366; font-family: comic sans ms, sans-serif;\">Bravo les gars, on compte sur vous pour d\u00e9bouler avec le maillot de Janz\u00e9 pendant la finale du 100 m\u00e8tres !!!<\/span><\/h5>\n","protected":false},"excerpt":{"rendered":"<p>Paris 2024, on arrive !!! Janz\u00e9 athl\u00e9 est dans la place !!! &nbsp; Et oui, vous avez bien lu ! nous aurons la chance d&rsquo;avoir deux athl\u00e8tes du club pour repr\u00e9senter janz\u00e9 athl\u00e9 aux jeux olympiques de Paris 2024 !!! &nbsp; Mathieu Henry, notre \u00e9ducateur pr\u00e9f\u00e9r\u00e9 sp\u00e9cialiste du 800 et Augustin Jouzel, recordman du javelot [&hellip;]<\/p>\n","protected":false},"author":8,"featured_media":19734,"comment_status":"open","ping_status":"open","sticky":false,"template":"","format":"aside","meta":{"_uag_custom_page_level_css":"","site-sidebar-layout":"default","site-content-layout":"","ast-site-content-layout":"default","site-content-style":"default","site-sidebar-style":"default","ast-global-header-display":"","ast-banner-title-visibility":"","ast-main-header-display":"","ast-hfb-above-header-display":"","ast-hfb-below-header-display":"","ast-hfb-mobile-header-display":"","site-post-title":"","ast-breadcrumbs-content":"","ast-featured-img":"","footer-sml-layout":"","ast-disable-related-posts":"","theme-transparent-header-meta":"default","adv-header-id-meta":"","stick-header-meta":"","header-above-stick-meta":"","header-main-stick-meta":"","header-below-stick-meta":"","astra-migrate-meta-layouts":"set","ast-page-background-enabled":"default","ast-page-background-meta":{"desktop":{"background-color":"var(--ast-global-color-4)","background-image":"","background-repeat":"repeat","background-position":"center center","background-size":"auto","background-attachment":"scroll","background-type":"","background-media":"","overlay-type":"","overlay-color":"","overlay-opacity":"","overlay-gradient":""},"tablet":{"background-color":"","background-image":"","background-repeat":"repeat","background-position":"center center","background-size":"auto","background-attachment":"scroll","background-type":"","background-media":"","overlay-type":"","overlay-color":"","overlay-opacity":"","overlay-gradient":""},"mobile":{"background-color":"","background-image":"","background-repeat":"repeat","background-position":"center center","background-size":"auto","background-attachment":"scroll","background-type":"","background-media":"","overlay-type":"","overlay-color":"","overlay-opacity":"","overlay-gradient":""}},"ast-content-background-meta":{"desktop":{"background-color":"var(--ast-global-color-5)","background-image":"","background-repeat":"repeat","background-position":"center center","background-size":"auto","background-attachment":"scroll","background-type":"","background-media":"","overlay-type":"","overlay-color":"","overlay-opacity":"","overlay-gradient":""},"tablet":{"background-color":"var(--ast-global-color-5)","background-image":"","background-repeat":"repeat","background-position":"center center","background-size":"auto","background-attachment":"scroll","background-type":"","background-media":"","overlay-type":"","overlay-color":"","overlay-opacity":"","overlay-gradient":""},"mobile":{"background-color":"var(--ast-global-color-5)","background-image":"","background-repeat":"repeat","background-position":"center center","background-size":"auto","background-attachment":"scroll","background-type":"","background-media":"","overlay-type":"","overlay-color":"","overlay-opacity":"","overlay-gradient":""}},"footnotes":""},"categories":[6],"tags":[],"class_list":["post-19733","post","type-post","status-publish","format-aside","has-post-thumbnail","hentry","category-sections","post_format-post-format-aside"],"yoast_head":"<!-- This site is optimized with the Yoast SEO plugin v27.5 - https:\/\/yoast.com\/product\/yoast-seo-wordpress\/ -->\n<title>Des janz\u00e9ens aux JO de Paris ! - Janz\u00e9 Athl\u00e9tisme<\/title>\n<meta name=\"robots\" content=\"index, follow, max-snippet:-1, max-image-preview:large, max-video-preview:-1\" \/>\n<link rel=\"canonical\" href=\"https:\/\/janze-athletisme.fr\/wordpress\/des-janzeens-aux-jo-de-paris\/\" \/>\n<meta property=\"og:locale\" content=\"fr_FR\" \/>\n<meta property=\"og:type\" content=\"article\" \/>\n<meta property=\"og:title\" content=\"Des janz\u00e9ens aux JO de Paris ! - Janz\u00e9 Athl\u00e9tisme\" \/>\n<meta property=\"og:description\" content=\"Paris 2024, on arrive !!! Janz\u00e9 athl\u00e9 est dans la place !!! &nbsp; Et oui, vous avez bien lu ! nous aurons la chance d&rsquo;avoir deux athl\u00e8tes du club pour repr\u00e9senter janz\u00e9 athl\u00e9 aux jeux olympiques de Paris 2024 !!! &nbsp; Mathieu Henry, notre \u00e9ducateur pr\u00e9f\u00e9r\u00e9 sp\u00e9cialiste du 800 et Augustin Jouzel, recordman du javelot [&hellip;]\" \/>\n<meta property=\"og:url\" content=\"https:\/\/janze-athletisme.fr\/wordpress\/des-janzeens-aux-jo-de-paris\/\" \/>\n<meta property=\"og:site_name\" content=\"Janz\u00e9 Athl\u00e9tisme\" \/>\n<meta property=\"article:publisher\" content=\"https:\/\/www.facebook.com\/groups\/1007964579346590\" \/>\n<meta property=\"article:published_time\" content=\"2024-06-21T21:32:11+00:00\" \/>\n<meta property=\"og:image\" content=\"https:\/\/janze-athletisme.fr\/wordpress\/wp-content\/uploads\/2024\/06\/Sans-titre-2.jpg\" \/>\n\t<meta property=\"og:image:width\" content=\"300\" \/>\n\t<meta property=\"og:image:height\" content=\"168\" \/>\n\t<meta property=\"og:image:type\" content=\"image\/jpeg\" \/>\n<meta name=\"author\" content=\"Jean-Marie Jouzel\" \/>\n<meta name=\"twitter:card\" content=\"summary_large_image\" \/>\n<meta name=\"twitter:label1\" content=\"\u00c9crit par\" \/>\n\t<meta name=\"twitter:data1\" content=\"Jean-Marie Jouzel\" \/>\n\t<meta name=\"twitter:label2\" content=\"Dur\u00e9e de lecture estim\u00e9e\" \/>\n\t<meta name=\"twitter:data2\" content=\"2 minutes\" \/>\n<script type=\"application\/ld+json\" class=\"yoast-schema-graph\">{\"@context\":\"https:\\\/\\\/schema.org\",\"@graph\":[{\"@type\":\"Article\",\"@id\":\"https:\\\/\\\/janze-athletisme.fr\\\/wordpress\\\/des-janzeens-aux-jo-de-paris\\\/#article\",\"isPartOf\":{\"@id\":\"https:\\\/\\\/janze-athletisme.fr\\\/wordpress\\\/des-janzeens-aux-jo-de-paris\\\/\"},\"author\":{\"name\":\"Jean-Marie Jouzel\",\"@id\":\"https:\\\/\\\/janze-athletisme.fr\\\/wordpress\\\/#\\\/schema\\\/person\\\/e27efa3d49687b81c679eb0b5c4973e9\"},\"headline\":\"Des janz\u00e9ens aux JO de Paris !\",\"datePublished\":\"2024-06-21T21:32:11+00:00\",\"mainEntityOfPage\":{\"@id\":\"https:\\\/\\\/janze-athletisme.fr\\\/wordpress\\\/des-janzeens-aux-jo-de-paris\\\/\"},\"wordCount\":357,\"commentCount\":0,\"publisher\":{\"@id\":\"https:\\\/\\\/janze-athletisme.fr\\\/wordpress\\\/#organization\"},\"image\":{\"@id\":\"https:\\\/\\\/janze-athletisme.fr\\\/wordpress\\\/des-janzeens-aux-jo-de-paris\\\/#primaryimage\"},\"thumbnailUrl\":\"https:\\\/\\\/janze-athletisme.fr\\\/wordpress\\\/wp-content\\\/uploads\\\/2024\\\/06\\\/Sans-titre-2.jpg\",\"articleSection\":[\"Le club au jour le jour\"],\"inLanguage\":\"fr-FR\",\"potentialAction\":[{\"@type\":\"CommentAction\",\"name\":\"Comment\",\"target\":[\"https:\\\/\\\/janze-athletisme.fr\\\/wordpress\\\/des-janzeens-aux-jo-de-paris\\\/#respond\"]}]},{\"@type\":\"WebPage\",\"@id\":\"https:\\\/\\\/janze-athletisme.fr\\\/wordpress\\\/des-janzeens-aux-jo-de-paris\\\/\",\"url\":\"https:\\\/\\\/janze-athletisme.fr\\\/wordpress\\\/des-janzeens-aux-jo-de-paris\\\/\",\"name\":\"Des janz\u00e9ens aux JO de Paris ! - Janz\u00e9 Athl\u00e9tisme\",\"isPartOf\":{\"@id\":\"https:\\\/\\\/janze-athletisme.fr\\\/wordpress\\\/#website\"},\"primaryImageOfPage\":{\"@id\":\"https:\\\/\\\/janze-athletisme.fr\\\/wordpress\\\/des-janzeens-aux-jo-de-paris\\\/#primaryimage\"},\"image\":{\"@id\":\"https:\\\/\\\/janze-athletisme.fr\\\/wordpress\\\/des-janzeens-aux-jo-de-paris\\\/#primaryimage\"},\"thumbnailUrl\":\"https:\\\/\\\/janze-athletisme.fr\\\/wordpress\\\/wp-content\\\/uploads\\\/2024\\\/06\\\/Sans-titre-2.jpg\",\"datePublished\":\"2024-06-21T21:32:11+00:00\",\"breadcrumb\":{\"@id\":\"https:\\\/\\\/janze-athletisme.fr\\\/wordpress\\\/des-janzeens-aux-jo-de-paris\\\/#breadcrumb\"},\"inLanguage\":\"fr-FR\",\"potentialAction\":[{\"@type\":\"ReadAction\",\"target\":[\"https:\\\/\\\/janze-athletisme.fr\\\/wordpress\\\/des-janzeens-aux-jo-de-paris\\\/\"]}]},{\"@type\":\"ImageObject\",\"inLanguage\":\"fr-FR\",\"@id\":\"https:\\\/\\\/janze-athletisme.fr\\\/wordpress\\\/des-janzeens-aux-jo-de-paris\\\/#primaryimage\",\"url\":\"https:\\\/\\\/janze-athletisme.fr\\\/wordpress\\\/wp-content\\\/uploads\\\/2024\\\/06\\\/Sans-titre-2.jpg\",\"contentUrl\":\"https:\\\/\\\/janze-athletisme.fr\\\/wordpress\\\/wp-content\\\/uploads\\\/2024\\\/06\\\/Sans-titre-2.jpg\",\"width\":300,\"height\":168},{\"@type\":\"BreadcrumbList\",\"@id\":\"https:\\\/\\\/janze-athletisme.fr\\\/wordpress\\\/des-janzeens-aux-jo-de-paris\\\/#breadcrumb\",\"itemListElement\":[{\"@type\":\"ListItem\",\"position\":1,\"name\":\"Accueil\",\"item\":\"https:\\\/\\\/janze-athletisme.fr\\\/wordpress\\\/\"},{\"@type\":\"ListItem\",\"position\":2,\"name\":\"Des janz\u00e9ens aux JO de Paris !\"}]},{\"@type\":\"WebSite\",\"@id\":\"https:\\\/\\\/janze-athletisme.fr\\\/wordpress\\\/#website\",\"url\":\"https:\\\/\\\/janze-athletisme.fr\\\/wordpress\\\/\",\"name\":\"Janz\u00e9 Athl\u00e9tisme\",\"description\":\"Pays de La Roche aux F\u00e9es\",\"publisher\":{\"@id\":\"https:\\\/\\\/janze-athletisme.fr\\\/wordpress\\\/#organization\"},\"potentialAction\":[{\"@type\":\"SearchAction\",\"target\":{\"@type\":\"EntryPoint\",\"urlTemplate\":\"https:\\\/\\\/janze-athletisme.fr\\\/wordpress\\\/?s={search_term_string}\"},\"query-input\":{\"@type\":\"PropertyValueSpecification\",\"valueRequired\":true,\"valueName\":\"search_term_string\"}}],\"inLanguage\":\"fr-FR\"},{\"@type\":\"Organization\",\"@id\":\"https:\\\/\\\/janze-athletisme.fr\\\/wordpress\\\/#organization\",\"name\":\"Janz\u00e9 Athl\u00e9tisme\",\"url\":\"https:\\\/\\\/janze-athletisme.fr\\\/wordpress\\\/\",\"logo\":{\"@type\":\"ImageObject\",\"inLanguage\":\"fr-FR\",\"@id\":\"https:\\\/\\\/janze-athletisme.fr\\\/wordpress\\\/#\\\/schema\\\/logo\\\/image\\\/\",\"url\":\"https:\\\/\\\/janze-athletisme.fr\\\/wordpress\\\/wp-content\\\/uploads\\\/2015\\\/03\\\/logo-full1.jpg\",\"contentUrl\":\"https:\\\/\\\/janze-athletisme.fr\\\/wordpress\\\/wp-content\\\/uploads\\\/2015\\\/03\\\/logo-full1.jpg\",\"width\":437,\"height\":205,\"caption\":\"Janz\u00e9 Athl\u00e9tisme\"},\"image\":{\"@id\":\"https:\\\/\\\/janze-athletisme.fr\\\/wordpress\\\/#\\\/schema\\\/logo\\\/image\\\/\"},\"sameAs\":[\"https:\\\/\\\/www.facebook.com\\\/groups\\\/1007964579346590\"]},{\"@type\":\"Person\",\"@id\":\"https:\\\/\\\/janze-athletisme.fr\\\/wordpress\\\/#\\\/schema\\\/person\\\/e27efa3d49687b81c679eb0b5c4973e9\",\"name\":\"Jean-Marie Jouzel\",\"image\":{\"@type\":\"ImageObject\",\"inLanguage\":\"fr-FR\",\"@id\":\"https:\\\/\\\/secure.gravatar.com\\\/avatar\\\/6aaee532914ad5ae9d6b4c13c953c6689456493b17979b560cf8fd0c344930ab?s=96&d=mm&r=g\",\"url\":\"https:\\\/\\\/secure.gravatar.com\\\/avatar\\\/6aaee532914ad5ae9d6b4c13c953c6689456493b17979b560cf8fd0c344930ab?s=96&d=mm&r=g\",\"contentUrl\":\"https:\\\/\\\/secure.gravatar.com\\\/avatar\\\/6aaee532914ad5ae9d6b4c13c953c6689456493b17979b560cf8fd0c344930ab?s=96&d=mm&r=g\",\"caption\":\"Jean-Marie Jouzel\"},\"url\":\"https:\\\/\\\/janze-athletisme.fr\\\/wordpress\\\/author\\\/jmjouzel\\\/\"}]}<\/script>\n<!-- \/ Yoast SEO plugin. -->","yoast_head_json":{"title":"Des janz\u00e9ens aux JO de Paris ! - Janz\u00e9 Athl\u00e9tisme","robots":{"index":"index","follow":"follow","max-snippet":"max-snippet:-1","max-image-preview":"max-image-preview:large","max-video-preview":"max-video-preview:-1"},"canonical":"https:\/\/janze-athletisme.fr\/wordpress\/des-janzeens-aux-jo-de-paris\/","og_locale":"fr_FR","og_type":"article","og_title":"Des janz\u00e9ens aux JO de Paris ! - Janz\u00e9 Athl\u00e9tisme","og_description":"Paris 2024, on arrive !!! Janz\u00e9 athl\u00e9 est dans la place !!! &nbsp; Et oui, vous avez bien lu ! nous aurons la chance d&rsquo;avoir deux athl\u00e8tes du club pour repr\u00e9senter janz\u00e9 athl\u00e9 aux jeux olympiques de Paris 2024 !!! &nbsp; Mathieu Henry, notre \u00e9ducateur pr\u00e9f\u00e9r\u00e9 sp\u00e9cialiste du 800 et Augustin Jouzel, recordman du javelot [&hellip;]","og_url":"https:\/\/janze-athletisme.fr\/wordpress\/des-janzeens-aux-jo-de-paris\/","og_site_name":"Janz\u00e9 Athl\u00e9tisme","article_publisher":"https:\/\/www.facebook.com\/groups\/1007964579346590","article_published_time":"2024-06-21T21:32:11+00:00","og_image":[{"width":300,"height":168,"url":"https:\/\/janze-athletisme.fr\/wordpress\/wp-content\/uploads\/2024\/06\/Sans-titre-2.jpg","type":"image\/jpeg"}],"author":"Jean-Marie Jouzel","twitter_card":"summary_large_image","twitter_misc":{"\u00c9crit par":"Jean-Marie Jouzel","Dur\u00e9e de lecture estim\u00e9e":"2 minutes"},"schema":{"@context":"https:\/\/schema.org","@graph":[{"@type":"Article","@id":"https:\/\/janze-athletisme.fr\/wordpress\/des-janzeens-aux-jo-de-paris\/#article","isPartOf":{"@id":"https:\/\/janze-athletisme.fr\/wordpress\/des-janzeens-aux-jo-de-paris\/"},"author":{"name":"Jean-Marie Jouzel","@id":"https:\/\/janze-athletisme.fr\/wordpress\/#\/schema\/person\/e27efa3d49687b81c679eb0b5c4973e9"},"headline":"Des janz\u00e9ens aux JO de Paris !","datePublished":"2024-06-21T21:32:11+00:00","mainEntityOfPage":{"@id":"https:\/\/janze-athletisme.fr\/wordpress\/des-janzeens-aux-jo-de-paris\/"},"wordCount":357,"commentCount":0,"publisher":{"@id":"https:\/\/janze-athletisme.fr\/wordpress\/#organization"},"image":{"@id":"https:\/\/janze-athletisme.fr\/wordpress\/des-janzeens-aux-jo-de-paris\/#primaryimage"},"thumbnailUrl":"https:\/\/janze-athletisme.fr\/wordpress\/wp-content\/uploads\/2024\/06\/Sans-titre-2.jpg","articleSection":["Le club au jour le jour"],"inLanguage":"fr-FR","potentialAction":[{"@type":"CommentAction","name":"Comment","target":["https:\/\/janze-athletisme.fr\/wordpress\/des-janzeens-aux-jo-de-paris\/#respond"]}]},{"@type":"WebPage","@id":"https:\/\/janze-athletisme.fr\/wordpress\/des-janzeens-aux-jo-de-paris\/","url":"https:\/\/janze-athletisme.fr\/wordpress\/des-janzeens-aux-jo-de-paris\/","name":"Des janz\u00e9ens aux JO de Paris ! - Janz\u00e9 Athl\u00e9tisme","isPartOf":{"@id":"https:\/\/janze-athletisme.fr\/wordpress\/#website"},"primaryImageOfPage":{"@id":"https:\/\/janze-athletisme.fr\/wordpress\/des-janzeens-aux-jo-de-paris\/#primaryimage"},"image":{"@id":"https:\/\/janze-athletisme.fr\/wordpress\/des-janzeens-aux-jo-de-paris\/#primaryimage"},"thumbnailUrl":"https:\/\/janze-athletisme.fr\/wordpress\/wp-content\/uploads\/2024\/06\/Sans-titre-2.jpg","datePublished":"2024-06-21T21:32:11+00:00","breadcrumb":{"@id":"https:\/\/janze-athletisme.fr\/wordpress\/des-janzeens-aux-jo-de-paris\/#breadcrumb"},"inLanguage":"fr-FR","potentialAction":[{"@type":"ReadAction","target":["https:\/\/janze-athletisme.fr\/wordpress\/des-janzeens-aux-jo-de-paris\/"]}]},{"@type":"ImageObject","inLanguage":"fr-FR","@id":"https:\/\/janze-athletisme.fr\/wordpress\/des-janzeens-aux-jo-de-paris\/#primaryimage","url":"https:\/\/janze-athletisme.fr\/wordpress\/wp-content\/uploads\/2024\/06\/Sans-titre-2.jpg","contentUrl":"https:\/\/janze-athletisme.fr\/wordpress\/wp-content\/uploads\/2024\/06\/Sans-titre-2.jpg","width":300,"height":168},{"@type":"BreadcrumbList","@id":"https:\/\/janze-athletisme.fr\/wordpress\/des-janzeens-aux-jo-de-paris\/#breadcrumb","itemListElement":[{"@type":"ListItem","position":1,"name":"Accueil","item":"https:\/\/janze-athletisme.fr\/wordpress\/"},{"@type":"ListItem","position":2,"name":"Des janz\u00e9ens aux JO de Paris !"}]},{"@type":"WebSite","@id":"https:\/\/janze-athletisme.fr\/wordpress\/#website","url":"https:\/\/janze-athletisme.fr\/wordpress\/","name":"Janz\u00e9 Athl\u00e9tisme","description":"Pays de La Roche aux F\u00e9es","publisher":{"@id":"https:\/\/janze-athletisme.fr\/wordpress\/#organization"},"potentialAction":[{"@type":"SearchAction","target":{"@type":"EntryPoint","urlTemplate":"https:\/\/janze-athletisme.fr\/wordpress\/?s={search_term_string}"},"query-input":{"@type":"PropertyValueSpecification","valueRequired":true,"valueName":"search_term_string"}}],"inLanguage":"fr-FR"},{"@type":"Organization","@id":"https:\/\/janze-athletisme.fr\/wordpress\/#organization","name":"Janz\u00e9 Athl\u00e9tisme","url":"https:\/\/janze-athletisme.fr\/wordpress\/","logo":{"@type":"ImageObject","inLanguage":"fr-FR","@id":"https:\/\/janze-athletisme.fr\/wordpress\/#\/schema\/logo\/image\/","url":"https:\/\/janze-athletisme.fr\/wordpress\/wp-content\/uploads\/2015\/03\/logo-full1.jpg","contentUrl":"https:\/\/janze-athletisme.fr\/wordpress\/wp-content\/uploads\/2015\/03\/logo-full1.jpg","width":437,"height":205,"caption":"Janz\u00e9 Athl\u00e9tisme"},"image":{"@id":"https:\/\/janze-athletisme.fr\/wordpress\/#\/schema\/logo\/image\/"},"sameAs":["https:\/\/www.facebook.com\/groups\/1007964579346590"]},{"@type":"Person","@id":"https:\/\/janze-athletisme.fr\/wordpress\/#\/schema\/person\/e27efa3d49687b81c679eb0b5c4973e9","name":"Jean-Marie Jouzel","image":{"@type":"ImageObject","inLanguage":"fr-FR","@id":"https:\/\/secure.gravatar.com\/avatar\/6aaee532914ad5ae9d6b4c13c953c6689456493b17979b560cf8fd0c344930ab?s=96&d=mm&r=g","url":"https:\/\/secure.gravatar.com\/avatar\/6aaee532914ad5ae9d6b4c13c953c6689456493b17979b560cf8fd0c344930ab?s=96&d=mm&r=g","contentUrl":"https:\/\/secure.gravatar.com\/avatar\/6aaee532914ad5ae9d6b4c13c953c6689456493b17979b560cf8fd0c344930ab?s=96&d=mm&r=g","caption":"Jean-Marie Jouzel"},"url":"https:\/\/janze-athletisme.fr\/wordpress\/author\/jmjouzel\/"}]}},"uagb_featured_image_src":{"full":["https:\/\/janze-athletisme.fr\/wordpress\/wp-content\/uploads\/2024\/06\/Sans-titre-2.jpg",300,168,false],"thumbnail":["https:\/\/janze-athletisme.fr\/wordpress\/wp-content\/uploads\/2024\/06\/Sans-titre-2-150x150.jpg",150,150,true],"medium":["https:\/\/janze-athletisme.fr\/wordpress\/wp-content\/uploads\/2024\/06\/Sans-titre-2.jpg",300,168,false],"medium_large":["https:\/\/janze-athletisme.fr\/wordpress\/wp-content\/uploads\/2024\/06\/Sans-titre-2.jpg",300,168,false],"large":["https:\/\/janze-athletisme.fr\/wordpress\/wp-content\/uploads\/2024\/06\/Sans-titre-2.jpg",300,168,false],"1536x1536":["https:\/\/janze-athletisme.fr\/wordpress\/wp-content\/uploads\/2024\/06\/Sans-titre-2.jpg",300,168,false],"2048x2048":["https:\/\/janze-athletisme.fr\/wordpress\/wp-content\/uploads\/2024\/06\/Sans-titre-2.jpg",300,168,false]},"uagb_author_info":{"display_name":"Jean-Marie Jouzel","author_link":"https:\/\/janze-athletisme.fr\/wordpress\/author\/jmjouzel\/"},"uagb_comment_info":0,"uagb_excerpt":"Paris 2024, on arrive !!! Janz\u00e9 athl\u00e9 est dans la place !!! &nbsp; Et oui, vous avez bien lu ! nous aurons la chance d&rsquo;avoir deux athl\u00e8tes du club pour repr\u00e9senter janz\u00e9 athl\u00e9 aux jeux olympiques de Paris 2024 !!! &nbsp; Mathieu Henry, notre \u00e9ducateur pr\u00e9f\u00e9r\u00e9 sp\u00e9cialiste du 800 et Augustin Jouzel, recordman du javelot\u2026","_links":{"self":[{"href":"https:\/\/janze-athletisme.fr\/wordpress\/wp-json\/wp\/v2\/posts\/19733","targetHints":{"allow":["GET"]}}],"collection":[{"href":"https:\/\/janze-athletisme.fr\/wordpress\/wp-json\/wp\/v2\/posts"}],"about":[{"href":"https:\/\/janze-athletisme.fr\/wordpress\/wp-json\/wp\/v2\/types\/post"}],"author":[{"embeddable":true,"href":"https:\/\/janze-athletisme.fr\/wordpress\/wp-json\/wp\/v2\/users\/8"}],"replies":[{"embeddable":true,"href":"https:\/\/janze-athletisme.fr\/wordpress\/wp-json\/wp\/v2\/comments?post=19733"}],"version-history":[{"count":1,"href":"https:\/\/janze-athletisme.fr\/wordpress\/wp-json\/wp\/v2\/posts\/19733\/revisions"}],"predecessor-version":[{"id":19735,"href":"https:\/\/janze-athletisme.fr\/wordpress\/wp-json\/wp\/v2\/posts\/19733\/revisions\/19735"}],"wp:featuredmedia":[{"embeddable":true,"href":"https:\/\/janze-athletisme.fr\/wordpress\/wp-json\/wp\/v2\/media\/19734"}],"wp:attachment":[{"href":"https:\/\/janze-athletisme.fr\/wordpress\/wp-json\/wp\/v2\/media?parent=19733"}],"wp:term":[{"taxonomy":"category","embeddable":true,"href":"https:\/\/janze-athletisme.fr\/wordpress\/wp-json\/wp\/v2\/categories?post=19733"},{"taxonomy":"post_tag","embeddable":true,"href":"https:\/\/janze-athletisme.fr\/wordpress\/wp-json\/wp\/v2\/tags?post=19733"}],"curies":[{"name":"wp","href":"https:\/\/api.w.org\/{rel}","templated":true}]}}