{"id":19719,"date":"2024-06-21T22:23:28","date_gmt":"2024-06-21T20:23:28","guid":{"rendered":"https:\/\/janze-athletisme.fr\/wordpress\/?p=19719"},"modified":"2024-06-21T22:30:36","modified_gmt":"2024-06-21T20:30:36","slug":"une-tete-bien-pleine-dans-un-corps-bien-fait","status":"publish","type":"post","link":"https:\/\/janze-athletisme.fr\/wordpress\/une-tete-bien-pleine-dans-un-corps-bien-fait\/","title":{"rendered":"Une t\u00eate bien pleine dans un corps bien fait\u2026"},"content":{"rendered":"<p><span style=\"font-size: 18pt;\"><strong>Entretien avec Axelle Le Nard, laur\u00e9ate du concours de Sciences-Po Paris<\/strong><\/span><\/p>\n<p><em>C&rsquo;est l&rsquo;\u00e9v\u00e9nement du moment, au moins dans les couloirs du club, qui bruissent de cette jolie perf : Axelle Le Nard a r\u00e9ussi d\u00e9but juin le concours d&rsquo;entr\u00e9e \u00e0 Sciences-Po Paris ! Comme quoi on peut mener de front une activit\u00e9 sportive en comp\u00e9tition et r\u00e9ussir de brillantes \u00e9tudes. Ce n&rsquo;est pas incompatible et peut-\u00eatre m\u00eame que c&rsquo;est compl\u00e9mentaire\u2026<\/em><\/p>\n<p><strong>Axelle, tu viens d&rsquo;\u00eatre re\u00e7ue \u00e0 Sciences Po Paris, le plus c\u00f4t\u00e9 des IEP du pays (Instituts d&rsquo;\u00e9tudes politiques), et qui plus est au niveau Bac, ce qui n&rsquo;est pas si commun. Nous te savions dou\u00e9e pour l&rsquo;athl\u00e9, nous ne savions pas ce go\u00fbt pour les \u00e9tudes. Quel est ton projet ?<\/strong><\/p>\n<p>J\u2019aime apprendre et j\u2019ai toujours accord\u00e9 beaucoup d\u2019importance \u00e0 mes \u00e9tudes pour pouvoir faire ce que je souhaite plus tard&#8230; En int\u00e9grant Sciences-Po, j\u2019aimerais au moins aller jusqu\u2019au master, donc faire 5 ans (car ils proposent \u00e9galement de continuer jusqu\u2019au doctorat).<\/p>\n<p><strong>Ton automne d\u00e9butera \u00e0 Paris, dans le quartier Saint-Germain-des-Pr\u00e9s. As-tu l&rsquo;intention de continuer \u00e0 faire du sport ? As-tu d\u00e9j\u00e0 rep\u00e9r\u00e9 le stade o\u00f9 tu pourras aller courir ?<\/strong><\/p>\n<p>Bien s\u00fbr\u00a0! Sciences-Po regorge d\u2019associations. Donc je pense que j\u2019aurais l\u2019embarras du choix pour (peut-\u00eatre) d\u00e9couvrir un nouveau sport ou reprendre le handball. Mais je suis s\u00fbre que je continuerai \u00e0 courir de mon c\u00f4t\u00e9, et \/ou pourquoi pas au sein d\u2019un autre club (car continuer de m\u2019entra\u00eener \u00e0 Janz\u00e9 me para\u00eet assez compliqu\u00e9 malheureusement). Si je n\u2019ai pas encore vraiment cherch\u00e9 de piste pour m\u2019entra\u00eener, je tiens vraiment \u00e0 aller courir au moins une fois sur la piste Emile-Anthoine, o\u00f9 l\u2019on voit la Tour Eiffel, juste derri\u00e8re\u00a0!<\/p>\n<p><strong>Est-ce compl\u00e9mentaire pour toi, et facteur d&rsquo;\u00e9quilibre, de faire du sport et de suivre des \u00e9tudes ?<\/strong><\/p>\n<p>Oui clairement\u00a0! Combiner le sport et les \u00e9tudes m\u2019a toujours sembl\u00e9 tr\u00e8s important. L\u2019athl\u00e9tisme m\u2019a permis de me vider l\u2019esprit et d\u2019avoir un certain \u00e9quilibre avec les cours. J\u2019y ai \u00e9galement nou\u00e9 des amiti\u00e9s qui m\u2019ont aid\u00e9 \u00e0 m\u2019\u00e9panouir\u00a0!<\/p>\n<p><strong>Revenons sur tes d\u00e9buts \u00e0 Janz\u00e9 Athl\u00e9. Tu d\u00e9butes en 2020, en minime 1\u00e8re ann\u00e9e. Qu&rsquo;est-ce qui t&rsquo;am\u00e8ne vers l&rsquo;athl\u00e9 ?<\/strong><\/p>\n<p>En 2020, je venais d\u2019arr\u00eater le handball, et je souhaitais donc commencer un nouveau sport. C\u2019est lors d\u2019un match de football de mon fr\u00e8re que je d\u00e9couvre la nouvelle piste d\u2019athl\u00e9tisme de Janz\u00e9. Ayant toujours aim\u00e9 courir, je me suis alors dit que ce sport pourrait me plaire. Apr\u00e8s un entra\u00eenement d\u2019essai en d\u00e9but de saison 2020, me voil\u00e0 licenci\u00e9e \u00e0 Janz\u00e9 Athl\u00e9tisme\u00a0!<\/p>\n<p><strong>Tu exprimes tout de suite des qualit\u00e9s de vitesse (7&Prime;87 sur 50m, 16&Prime;77 sur 120m en minime). Tu es une fille explosive ?<\/strong><\/p>\n<p>Je ne sais pas si explosive est le mot, au vu de la qualit\u00e9 de mes d\u00e9parts, hahaha\u2026 Mais en tout cas j\u2019ai toujours eu de l\u2019\u00e9nergie \u00e0 revendre et la vitesse me plaisait beaucoup. Elle me permettait de d\u00e9penser cette \u00e9nergie !<\/p>\n<p><strong>En cadette 1, tu t&rsquo;orientes vers le 200 et le 400m. As-tu un souvenir marquant, positif de pr\u00e9f\u00e9rence ?<\/strong><\/p>\n<p>J\u2019ai connu \u00e9norm\u00e9ment de beaux souvenirs, notamment avec les interclubs, mais je pense que mon premier 400 m au Meeting de Janz\u00e9 2022 est un de mes souvenirs les plus marquants. Cela faisait plusieurs mois que je m\u2019entra\u00eenais sur cette discipline et j\u2019\u00e9tais tr\u00e8s stress\u00e9e avant le d\u00e9part, car je m\u2019\u00e9tais mis un peu de pression. Je d\u00e9couvre la joie de la derni\u00e8re ligne droite du 400m, mais je finis avec un chrono auquel je ne m\u2019attendais pas pour une premi\u00e8re tentative (NDR : 65&Prime;29\u00a0!). Ce jour-l\u00e0, j\u2019avais \u00e9galement eu des supers supportrices, avec Audrenn et Oxane qui avaient fait des pancartes pour m\u2019encourager, et l\u2019ambiance ce soir-l\u00e0 \u00e9tait vraiment bien. C\u2019est vraiment l\u2019un de mes meilleurs souvenirs\u00a0! Il y a aussi les pr\u00e9-France durant ma saison indoor 2023 en cadette 2. Ils se d\u00e9roulaient \u00e0 Val-de-Reuil et nous avons d\u00fb rester \u00e0 l\u2019h\u00f4tel le samedi soir, ce qui \u00e9tait une premi\u00e8re pour moi en comp\u00e9tition. C\u2019est un super souvenir car nous \u00e9tions tous ensemble durant le week-end, nous avons beaucoup rigol\u00e9 et l\u2019ambiance \u00e9tait top dans une salle top\u00a0! J\u2019ai m\u00eame r\u00e9ussi \u00e0 faire mon record sur 200 m\u00a0! J\u2019aime beaucoup les week-ends de comp\u00e9tition. Donc vivre ce genre de week-end, c\u2019est vraiment g\u00e9nial. Je garderai ce souvenir longtemps\u00a0!<\/p>\n<p><strong>En 2023 h\u00e9las tu te blesses et te trouves \u00e9loign\u00e9e des stades pendant plusieurs mois. Difficile \u00e0 vivre ?<\/strong><\/p>\n<p>Oui c\u2019\u00e9tait assez difficile car je m\u2019\u00e9tais bien entra\u00een\u00e9e durant tout l\u2019hiver (le froid et la pluie \u00e9taient au rendez-vous\u2026) et juste avant la reprise de la saison estivale et les fameux interclubs, je me blesse. Le fait que cette blessure a \u00e9t\u00e9 longue \u00e0 soigner m\u2019a \u00e9galement mis un coup au moral. Ma d\u00e9termination s&rsquo;en est trouv\u00e9e affaiblie, car reprendre apr\u00e8s six mois d\u2019arr\u00eat, ce n\u2019est pas \u00e9vident\u2026<\/p>\n<p><strong>Vas-tu pouvoir courir pour la fin de saison, une fois pass\u00e9 le Bac ? Sur quelle distance ?\u00a0<\/strong><\/p>\n<p>Je n\u2019ai malheureusement pas pu participer aux championnats d\u2019Ille-et-Vilaine \u00e0 Foug\u00e8res\u2026 En ce d\u00e9but d\u2019ann\u00e9e 2024, j\u2019ai vraiment voulu privil\u00e9gier les cours, et notamment l\u2019oral de Sciences-Po, pour lequel j\u2019ai beaucoup travaill\u00e9. J&rsquo;avais aussi le bac \u00e0 r\u00e9ussir, et j&rsquo;avais du retard dans mes r\u00e9visions. J\u2019ai aussi voulu profiter de mes derniers moments au lyc\u00e9e avec mes amis, car je ne les reverrai pas tous les jours l\u2019ann\u00e9e prochaine\u2026 Mais je serai pr\u00e9sente \u00e0 l\u2019entra\u00eenement pour profiter de mes derni\u00e8res semaines avant de partir \u00e0 Paris. Pourquoi pas faire des meetings pour m\u2019amuser, sur 200m par exemple ! Cette ann\u00e9e \u00e0 vraiment \u00e9t\u00e9 une ann\u00e9e diff\u00e9rente, o\u00f9 je me suis juste amus\u00e9e \u00e0 l\u2019entra\u00eenement. Je n&rsquo;ai malheureusement pas pu faire beaucoup de comp\u00e9titions.<\/p>\n<p><strong>Si un jour tes \u00e9tudes t&rsquo;am\u00e8nent \u00e0 devenir consultante en entreprise, journaliste, \u00e9conomiste, chercheur en sciences sociales ou femme politique, quelle carri\u00e8re aurait ta pr\u00e9f\u00e9rence ? Quand tu seras Ministre des Sports, tu viendras nous voir \u00e0 Janz\u00e9 ?\u00a0<\/strong><\/p>\n<p>Pour l\u2019instant cela reste vague. Beaucoup de domaines m\u2019int\u00e9ressent. Il y a un master qui m&rsquo;attire \u00e0 Sciences-Po, celui des Sciences Politiques. Il m&rsquo;attire car il pourrait m\u2019ouvrir la voie des m\u00e9tiers de la recherche en Sciences Politiques ou des organisations internationales, telles que l\u2019ONU. Pas s\u00fbre que j\u2019arrive \u00e0 finir Ministre des Sports mais \u00e9videmment que je viendrais vous voir\u00a0!<\/p>\n<p><strong>Nous sommes quelques-uns \u00e0 avoir pu te croiser durant les vacances de printemps \u00e0 la caisse de l&rsquo;Hyper U local (on peut le citer, c&rsquo;est l&rsquo;un de nos m\u00e9c\u00e8nes) : le patron savait que tu pr\u00e9parais Sciences-Po tout en scannant les codes-barres des clients ?<\/strong><\/p>\n<p>Je ne suis pas certaine qu\u2019il le savait, en tout cas je n\u2019en ai pas parl\u00e9\u00a0! MDR\u00a0!<\/p>\n<p><strong>Ton sentiment quand tu as appris que tu \u00e9tais re\u00e7ue ?<\/strong><\/p>\n<p>J\u2019\u00e9tais super heureuse\u00a0! Avant les r\u00e9sultats, je n\u2019y croyais pas trop\u2026 Lors des r\u00e9sultats, cela a \u00e9t\u00e9 un \u00e9norme soulagement de voir que mon ann\u00e9e de travail avait pay\u00e9e. Je m\u2019entra\u00eenais moins au profit des cours et de mon dossier. \u00c7a a \u00e9t\u00e9 une ann\u00e9e assez stressante entre la pr\u00e9paration des \u00e9crits pour Parcours-Sup, l\u2019attente de savoir si j\u2019\u00e9tais admissible pour l\u2019oral, la pr\u00e9paration de cet oral et le passage de celui-ci. Donc recevoir une r\u00e9ponse positive m\u2019a enlev\u00e9 un vrai poids. J\u2019\u00e9tais vraiment tr\u00e8s tr\u00e8s heureuse de pouvoir rejoindre cette \u00e9cole, qui \u00e9tait mon premier choix et que je souhaitais vraiment int\u00e9grer\u00a0!<\/p>\n<p><em><a href=\"https:\/\/janze-athletisme.fr\/wordpress\/wp-content\/uploads\/2024\/06\/Axelle-Le-Nard-400m-15avril2022-2.jpg\"><img loading=\"lazy\" decoding=\"async\" class=\"alignnone wp-image-19721\" src=\"https:\/\/janze-athletisme.fr\/wordpress\/wp-content\/uploads\/2024\/06\/Axelle-Le-Nard-400m-15avril2022-2-300x168.jpg\" alt=\"\" width=\"343\" height=\"192\" srcset=\"https:\/\/janze-athletisme.fr\/wordpress\/wp-content\/uploads\/2024\/06\/Axelle-Le-Nard-400m-15avril2022-2-300x168.jpg 300w, https:\/\/janze-athletisme.fr\/wordpress\/wp-content\/uploads\/2024\/06\/Axelle-Le-Nard-400m-15avril2022-2-1024x574.jpg 1024w, https:\/\/janze-athletisme.fr\/wordpress\/wp-content\/uploads\/2024\/06\/Axelle-Le-Nard-400m-15avril2022-2-768x430.jpg 768w, https:\/\/janze-athletisme.fr\/wordpress\/wp-content\/uploads\/2024\/06\/Axelle-Le-Nard-400m-15avril2022-2-1536x861.jpg 1536w, https:\/\/janze-athletisme.fr\/wordpress\/wp-content\/uploads\/2024\/06\/Axelle-Le-Nard-400m-15avril2022-2.jpg 1785w\" sizes=\"auto, (max-width: 343px) 100vw, 343px\" \/><\/a> <a href=\"https:\/\/janze-athletisme.fr\/wordpress\/wp-content\/uploads\/2024\/06\/Axelle-Le-Nard-400m-15avril2022-3.jpg\"><img loading=\"lazy\" decoding=\"async\" class=\"alignnone wp-image-19722\" src=\"https:\/\/janze-athletisme.fr\/wordpress\/wp-content\/uploads\/2024\/06\/Axelle-Le-Nard-400m-15avril2022-3-201x300.jpg\" alt=\"\" width=\"130\" height=\"194\" srcset=\"https:\/\/janze-athletisme.fr\/wordpress\/wp-content\/uploads\/2024\/06\/Axelle-Le-Nard-400m-15avril2022-3-201x300.jpg 201w, https:\/\/janze-athletisme.fr\/wordpress\/wp-content\/uploads\/2024\/06\/Axelle-Le-Nard-400m-15avril2022-3-684x1024.jpg 684w, https:\/\/janze-athletisme.fr\/wordpress\/wp-content\/uploads\/2024\/06\/Axelle-Le-Nard-400m-15avril2022-3-768x1149.jpg 768w, https:\/\/janze-athletisme.fr\/wordpress\/wp-content\/uploads\/2024\/06\/Axelle-Le-Nard-400m-15avril2022-3.jpg 1000w\" sizes=\"auto, (max-width: 130px) 100vw, 130px\" \/> <\/a><a href=\"https:\/\/janze-athletisme.fr\/wordpress\/wp-content\/uploads\/2024\/06\/Anaelle-Axelle-15avril2022.jpg\"><img loading=\"lazy\" decoding=\"async\" class=\"alignnone wp-image-19720\" src=\"https:\/\/janze-athletisme.fr\/wordpress\/wp-content\/uploads\/2024\/06\/Anaelle-Axelle-15avril2022-300x300.jpg\" alt=\"\" width=\"164\" height=\"164\" srcset=\"https:\/\/janze-athletisme.fr\/wordpress\/wp-content\/uploads\/2024\/06\/Anaelle-Axelle-15avril2022-300x300.jpg 300w, https:\/\/janze-athletisme.fr\/wordpress\/wp-content\/uploads\/2024\/06\/Anaelle-Axelle-15avril2022-1024x1024.jpg 1024w, https:\/\/janze-athletisme.fr\/wordpress\/wp-content\/uploads\/2024\/06\/Anaelle-Axelle-15avril2022-150x150.jpg 150w, https:\/\/janze-athletisme.fr\/wordpress\/wp-content\/uploads\/2024\/06\/Anaelle-Axelle-15avril2022-768x768.jpg 768w, https:\/\/janze-athletisme.fr\/wordpress\/wp-content\/uploads\/2024\/06\/Anaelle-Axelle-15avril2022.jpg 1200w\" sizes=\"auto, (max-width: 164px) 100vw, 164px\" \/> <\/a><a href=\"https:\/\/janze-athletisme.fr\/wordpress\/wp-content\/uploads\/2024\/06\/Oxane-Audrenn-Axelle-15avril2022.jpg\"><img loading=\"lazy\" decoding=\"async\" class=\"alignnone wp-image-19723\" src=\"https:\/\/janze-athletisme.fr\/wordpress\/wp-content\/uploads\/2024\/06\/Oxane-Audrenn-Axelle-15avril2022-300x300.jpg\" alt=\"\" width=\"165\" height=\"165\" srcset=\"https:\/\/janze-athletisme.fr\/wordpress\/wp-content\/uploads\/2024\/06\/Oxane-Audrenn-Axelle-15avril2022-300x300.jpg 300w, https:\/\/janze-athletisme.fr\/wordpress\/wp-content\/uploads\/2024\/06\/Oxane-Audrenn-Axelle-15avril2022-1024x1024.jpg 1024w, https:\/\/janze-athletisme.fr\/wordpress\/wp-content\/uploads\/2024\/06\/Oxane-Audrenn-Axelle-15avril2022-150x150.jpg 150w, https:\/\/janze-athletisme.fr\/wordpress\/wp-content\/uploads\/2024\/06\/Oxane-Audrenn-Axelle-15avril2022-768x768.jpg 768w, https:\/\/janze-athletisme.fr\/wordpress\/wp-content\/uploads\/2024\/06\/Oxane-Audrenn-Axelle-15avril2022.jpg 1500w\" sizes=\"auto, (max-width: 165px) 100vw, 165px\" \/><\/a><\/em><\/p>\n<p><span style=\"font-size: 10pt;\"><em>15 avril 2022, meeting de Janz\u00e9. Premier 400m pour Axelle, avec un joli chrono, devant Ana\u00eblle et Ana.<\/em><\/span><\/p>\n<p><a href=\"https:\/\/janze-athletisme.fr\/wordpress\/wp-content\/uploads\/2024\/06\/Axelle-14jan2023.jpg\"><img loading=\"lazy\" decoding=\"async\" class=\"alignnone size-full wp-image-19724\" src=\"https:\/\/janze-athletisme.fr\/wordpress\/wp-content\/uploads\/2024\/06\/Axelle-14jan2023.jpg\" alt=\"\" width=\"300\" height=\"200\" \/> <\/a><a href=\"https:\/\/janze-athletisme.fr\/wordpress\/wp-content\/uploads\/2024\/06\/4x200mCAF-11dec2022.jpg\"><img loading=\"lazy\" decoding=\"async\" class=\"alignnone wp-image-19726\" src=\"https:\/\/janze-athletisme.fr\/wordpress\/wp-content\/uploads\/2024\/06\/4x200mCAF-11dec2022-300x213.jpg\" alt=\"\" width=\"282\" height=\"200\" srcset=\"https:\/\/janze-athletisme.fr\/wordpress\/wp-content\/uploads\/2024\/06\/4x200mCAF-11dec2022-300x213.jpg 300w, https:\/\/janze-athletisme.fr\/wordpress\/wp-content\/uploads\/2024\/06\/4x200mCAF-11dec2022-1024x727.jpg 1024w, https:\/\/janze-athletisme.fr\/wordpress\/wp-content\/uploads\/2024\/06\/4x200mCAF-11dec2022-768x545.jpg 768w, https:\/\/janze-athletisme.fr\/wordpress\/wp-content\/uploads\/2024\/06\/4x200mCAF-11dec2022-1536x1091.jpg 1536w, https:\/\/janze-athletisme.fr\/wordpress\/wp-content\/uploads\/2024\/06\/4x200mCAF-11dec2022-2048x1455.jpg 2048w\" sizes=\"auto, (max-width: 282px) 100vw, 282px\" \/> <\/a> <a href=\"https:\/\/janze-athletisme.fr\/wordpress\/wp-content\/uploads\/2024\/06\/Axelle-6janv2024-2.jpg\"><img loading=\"lazy\" decoding=\"async\" class=\"alignnone wp-image-19728\" src=\"https:\/\/janze-athletisme.fr\/wordpress\/wp-content\/uploads\/2024\/06\/Axelle-6janv2024-2-207x300.jpg\" alt=\"\" width=\"96\" height=\"139\" srcset=\"https:\/\/janze-athletisme.fr\/wordpress\/wp-content\/uploads\/2024\/06\/Axelle-6janv2024-2-207x300.jpg 207w, https:\/\/janze-athletisme.fr\/wordpress\/wp-content\/uploads\/2024\/06\/Axelle-6janv2024-2-708x1024.jpg 708w, https:\/\/janze-athletisme.fr\/wordpress\/wp-content\/uploads\/2024\/06\/Axelle-6janv2024-2-768x1111.jpg 768w, https:\/\/janze-athletisme.fr\/wordpress\/wp-content\/uploads\/2024\/06\/Axelle-6janv2024-2.jpg 1000w\" sizes=\"auto, (max-width: 96px) 100vw, 96px\" \/><\/a> <a href=\"https:\/\/janze-athletisme.fr\/wordpress\/wp-content\/uploads\/2024\/06\/Axelle-6janv2024.jpg\"><img loading=\"lazy\" decoding=\"async\" class=\"alignnone wp-image-19727\" src=\"https:\/\/janze-athletisme.fr\/wordpress\/wp-content\/uploads\/2024\/06\/Axelle-6janv2024-204x300.jpg\" alt=\"\" width=\"122\" height=\"179\" srcset=\"https:\/\/janze-athletisme.fr\/wordpress\/wp-content\/uploads\/2024\/06\/Axelle-6janv2024-204x300.jpg 204w, https:\/\/janze-athletisme.fr\/wordpress\/wp-content\/uploads\/2024\/06\/Axelle-6janv2024-696x1024.jpg 696w, https:\/\/janze-athletisme.fr\/wordpress\/wp-content\/uploads\/2024\/06\/Axelle-6janv2024-768x1130.jpg 768w, https:\/\/janze-athletisme.fr\/wordpress\/wp-content\/uploads\/2024\/06\/Axelle-6janv2024.jpg 1000w\" sizes=\"auto, (max-width: 122px) 100vw, 122px\" \/><\/a><\/p>\n<p><em><span style=\"font-size: 10pt;\">R\u00e9gionaux en salle, 14 janvier 2023 (DR Capture My Sport)&#8230; et auparavant le 4 x 200m CAF aux d\u00e9partementaux en salle&#8230; Puis Axelle lors de sa derni\u00e8re course, le 6 janvier 2024.<\/span><\/em><\/p>\n","protected":false},"excerpt":{"rendered":"<p>Entretien avec Axelle Le Nard, laur\u00e9ate du concours de Sciences-Po Paris C&rsquo;est l&rsquo;\u00e9v\u00e9nement du moment, au moins dans les couloirs du club, qui bruissent de cette jolie perf : Axelle Le Nard a r\u00e9ussi d\u00e9but juin le concours d&rsquo;entr\u00e9e \u00e0 Sciences-Po Paris ! Comme quoi on peut mener de front une activit\u00e9 sportive en comp\u00e9tition [&hellip;]<\/p>\n","protected":false},"author":12,"featured_media":19724,"comment_status":"open","ping_status":"open","sticky":false,"template":"","format":"aside","meta":{"_uag_custom_page_level_css":"","site-sidebar-layout":"default","site-content-layout":"","ast-site-content-layout":"default","site-content-style":"default","site-sidebar-style":"default","ast-global-header-display":"","ast-banner-title-visibility":"","ast-main-header-display":"","ast-hfb-above-header-display":"","ast-hfb-below-header-display":"","ast-hfb-mobile-header-display":"","site-post-title":"","ast-breadcrumbs-content":"","ast-featured-img":"","footer-sml-layout":"","ast-disable-related-posts":"","theme-transparent-header-meta":"default","adv-header-id-meta":"","stick-header-meta":"","header-above-stick-meta":"","header-main-stick-meta":"","header-below-stick-meta":"","astra-migrate-meta-layouts":"set","ast-page-background-enabled":"default","ast-page-background-meta":{"desktop":{"background-color":"var(--ast-global-color-4)","background-image":"","background-repeat":"repeat","background-position":"center center","background-size":"auto","background-attachment":"scroll","background-type":"","background-media":"","overlay-type":"","overlay-color":"","overlay-opacity":"","overlay-gradient":""},"tablet":{"background-color":"","background-image":"","background-repeat":"repeat","background-position":"center center","background-size":"auto","background-attachment":"scroll","background-type":"","background-media":"","overlay-type":"","overlay-color":"","overlay-opacity":"","overlay-gradient":""},"mobile":{"background-color":"","background-image":"","background-repeat":"repeat","background-position":"center center","background-size":"auto","background-attachment":"scroll","background-type":"","background-media":"","overlay-type":"","overlay-color":"","overlay-opacity":"","overlay-gradient":""}},"ast-content-background-meta":{"desktop":{"background-color":"var(--ast-global-color-5)","background-image":"","background-repeat":"repeat","background-position":"center center","background-size":"auto","background-attachment":"scroll","background-type":"","background-media":"","overlay-type":"","overlay-color":"","overlay-opacity":"","overlay-gradient":""},"tablet":{"background-color":"var(--ast-global-color-5)","background-image":"","background-repeat":"repeat","background-position":"center center","background-size":"auto","background-attachment":"scroll","background-type":"","background-media":"","overlay-type":"","overlay-color":"","overlay-opacity":"","overlay-gradient":""},"mobile":{"background-color":"var(--ast-global-color-5)","background-image":"","background-repeat":"repeat","background-position":"center center","background-size":"auto","background-attachment":"scroll","background-type":"","background-media":"","overlay-type":"","overlay-color":"","overlay-opacity":"","overlay-gradient":""}},"footnotes":""},"categories":[6],"tags":[],"class_list":["post-19719","post","type-post","status-publish","format-aside","has-post-thumbnail","hentry","category-sections","post_format-post-format-aside"],"yoast_head":"<!-- This site is optimized with the Yoast SEO plugin v27.5 - https:\/\/yoast.com\/product\/yoast-seo-wordpress\/ -->\n<title>Une t\u00eate bien pleine dans un corps bien fait\u2026 - Janz\u00e9 Athl\u00e9tisme<\/title>\n<meta name=\"robots\" content=\"index, follow, max-snippet:-1, max-image-preview:large, max-video-preview:-1\" \/>\n<link rel=\"canonical\" href=\"https:\/\/janze-athletisme.fr\/wordpress\/une-tete-bien-pleine-dans-un-corps-bien-fait\/\" \/>\n<meta property=\"og:locale\" content=\"fr_FR\" \/>\n<meta property=\"og:type\" content=\"article\" \/>\n<meta property=\"og:title\" content=\"Une t\u00eate bien pleine dans un corps bien fait\u2026 - Janz\u00e9 Athl\u00e9tisme\" \/>\n<meta property=\"og:description\" content=\"Entretien avec Axelle Le Nard, laur\u00e9ate du concours de Sciences-Po Paris C&rsquo;est l&rsquo;\u00e9v\u00e9nement du moment, au moins dans les couloirs du club, qui bruissent de cette jolie perf : Axelle Le Nard a r\u00e9ussi d\u00e9but juin le concours d&rsquo;entr\u00e9e \u00e0 Sciences-Po Paris ! Comme quoi on peut mener de front une activit\u00e9 sportive en comp\u00e9tition [&hellip;]\" \/>\n<meta property=\"og:url\" content=\"https:\/\/janze-athletisme.fr\/wordpress\/une-tete-bien-pleine-dans-un-corps-bien-fait\/\" \/>\n<meta property=\"og:site_name\" content=\"Janz\u00e9 Athl\u00e9tisme\" \/>\n<meta property=\"article:publisher\" content=\"https:\/\/www.facebook.com\/groups\/1007964579346590\" \/>\n<meta property=\"article:published_time\" content=\"2024-06-21T20:23:28+00:00\" \/>\n<meta property=\"article:modified_time\" content=\"2024-06-21T20:30:36+00:00\" \/>\n<meta property=\"og:image\" content=\"https:\/\/janze-athletisme.fr\/wordpress\/wp-content\/uploads\/2024\/06\/Axelle-14jan2023-e1719001390801.jpg\" \/>\n\t<meta property=\"og:image:width\" content=\"222\" \/>\n\t<meta property=\"og:image:height\" content=\"200\" \/>\n\t<meta property=\"og:image:type\" content=\"image\/jpeg\" \/>\n<meta name=\"author\" content=\"Laurent Meunier\" \/>\n<meta name=\"twitter:card\" content=\"summary_large_image\" \/>\n<meta name=\"twitter:label1\" content=\"\u00c9crit par\" \/>\n\t<meta name=\"twitter:data1\" content=\"Laurent Meunier\" \/>\n\t<meta name=\"twitter:label2\" content=\"Dur\u00e9e de lecture estim\u00e9e\" \/>\n\t<meta name=\"twitter:data2\" content=\"9 minutes\" \/>\n<script type=\"application\/ld+json\" class=\"yoast-schema-graph\">{\"@context\":\"https:\\\/\\\/schema.org\",\"@graph\":[{\"@type\":\"Article\",\"@id\":\"https:\\\/\\\/janze-athletisme.fr\\\/wordpress\\\/une-tete-bien-pleine-dans-un-corps-bien-fait\\\/#article\",\"isPartOf\":{\"@id\":\"https:\\\/\\\/janze-athletisme.fr\\\/wordpress\\\/une-tete-bien-pleine-dans-un-corps-bien-fait\\\/\"},\"author\":{\"name\":\"Laurent Meunier\",\"@id\":\"https:\\\/\\\/janze-athletisme.fr\\\/wordpress\\\/#\\\/schema\\\/person\\\/c7b063dcfa6234c041d4d9b26cc2ea03\"},\"headline\":\"Une t\u00eate bien pleine dans un corps bien fait\u2026\",\"datePublished\":\"2024-06-21T20:23:28+00:00\",\"dateModified\":\"2024-06-21T20:30:36+00:00\",\"mainEntityOfPage\":{\"@id\":\"https:\\\/\\\/janze-athletisme.fr\\\/wordpress\\\/une-tete-bien-pleine-dans-un-corps-bien-fait\\\/\"},\"wordCount\":1429,\"commentCount\":0,\"publisher\":{\"@id\":\"https:\\\/\\\/janze-athletisme.fr\\\/wordpress\\\/#organization\"},\"image\":{\"@id\":\"https:\\\/\\\/janze-athletisme.fr\\\/wordpress\\\/une-tete-bien-pleine-dans-un-corps-bien-fait\\\/#primaryimage\"},\"thumbnailUrl\":\"https:\\\/\\\/janze-athletisme.fr\\\/wordpress\\\/wp-content\\\/uploads\\\/2024\\\/06\\\/Axelle-14jan2023-e1719001390801.jpg\",\"articleSection\":[\"Le club au jour le jour\"],\"inLanguage\":\"fr-FR\",\"potentialAction\":[{\"@type\":\"CommentAction\",\"name\":\"Comment\",\"target\":[\"https:\\\/\\\/janze-athletisme.fr\\\/wordpress\\\/une-tete-bien-pleine-dans-un-corps-bien-fait\\\/#respond\"]}]},{\"@type\":\"WebPage\",\"@id\":\"https:\\\/\\\/janze-athletisme.fr\\\/wordpress\\\/une-tete-bien-pleine-dans-un-corps-bien-fait\\\/\",\"url\":\"https:\\\/\\\/janze-athletisme.fr\\\/wordpress\\\/une-tete-bien-pleine-dans-un-corps-bien-fait\\\/\",\"name\":\"Une t\u00eate bien pleine dans un corps bien fait\u2026 - Janz\u00e9 Athl\u00e9tisme\",\"isPartOf\":{\"@id\":\"https:\\\/\\\/janze-athletisme.fr\\\/wordpress\\\/#website\"},\"primaryImageOfPage\":{\"@id\":\"https:\\\/\\\/janze-athletisme.fr\\\/wordpress\\\/une-tete-bien-pleine-dans-un-corps-bien-fait\\\/#primaryimage\"},\"image\":{\"@id\":\"https:\\\/\\\/janze-athletisme.fr\\\/wordpress\\\/une-tete-bien-pleine-dans-un-corps-bien-fait\\\/#primaryimage\"},\"thumbnailUrl\":\"https:\\\/\\\/janze-athletisme.fr\\\/wordpress\\\/wp-content\\\/uploads\\\/2024\\\/06\\\/Axelle-14jan2023-e1719001390801.jpg\",\"datePublished\":\"2024-06-21T20:23:28+00:00\",\"dateModified\":\"2024-06-21T20:30:36+00:00\",\"breadcrumb\":{\"@id\":\"https:\\\/\\\/janze-athletisme.fr\\\/wordpress\\\/une-tete-bien-pleine-dans-un-corps-bien-fait\\\/#breadcrumb\"},\"inLanguage\":\"fr-FR\",\"potentialAction\":[{\"@type\":\"ReadAction\",\"target\":[\"https:\\\/\\\/janze-athletisme.fr\\\/wordpress\\\/une-tete-bien-pleine-dans-un-corps-bien-fait\\\/\"]}]},{\"@type\":\"ImageObject\",\"inLanguage\":\"fr-FR\",\"@id\":\"https:\\\/\\\/janze-athletisme.fr\\\/wordpress\\\/une-tete-bien-pleine-dans-un-corps-bien-fait\\\/#primaryimage\",\"url\":\"https:\\\/\\\/janze-athletisme.fr\\\/wordpress\\\/wp-content\\\/uploads\\\/2024\\\/06\\\/Axelle-14jan2023-e1719001390801.jpg\",\"contentUrl\":\"https:\\\/\\\/janze-athletisme.fr\\\/wordpress\\\/wp-content\\\/uploads\\\/2024\\\/06\\\/Axelle-14jan2023-e1719001390801.jpg\",\"width\":222,\"height\":200},{\"@type\":\"BreadcrumbList\",\"@id\":\"https:\\\/\\\/janze-athletisme.fr\\\/wordpress\\\/une-tete-bien-pleine-dans-un-corps-bien-fait\\\/#breadcrumb\",\"itemListElement\":[{\"@type\":\"ListItem\",\"position\":1,\"name\":\"Accueil\",\"item\":\"https:\\\/\\\/janze-athletisme.fr\\\/wordpress\\\/\"},{\"@type\":\"ListItem\",\"position\":2,\"name\":\"Une t\u00eate bien pleine dans un corps bien fait\u2026\"}]},{\"@type\":\"WebSite\",\"@id\":\"https:\\\/\\\/janze-athletisme.fr\\\/wordpress\\\/#website\",\"url\":\"https:\\\/\\\/janze-athletisme.fr\\\/wordpress\\\/\",\"name\":\"Janz\u00e9 Athl\u00e9tisme\",\"description\":\"Pays de La Roche aux F\u00e9es\",\"publisher\":{\"@id\":\"https:\\\/\\\/janze-athletisme.fr\\\/wordpress\\\/#organization\"},\"potentialAction\":[{\"@type\":\"SearchAction\",\"target\":{\"@type\":\"EntryPoint\",\"urlTemplate\":\"https:\\\/\\\/janze-athletisme.fr\\\/wordpress\\\/?s={search_term_string}\"},\"query-input\":{\"@type\":\"PropertyValueSpecification\",\"valueRequired\":true,\"valueName\":\"search_term_string\"}}],\"inLanguage\":\"fr-FR\"},{\"@type\":\"Organization\",\"@id\":\"https:\\\/\\\/janze-athletisme.fr\\\/wordpress\\\/#organization\",\"name\":\"Janz\u00e9 Athl\u00e9tisme\",\"url\":\"https:\\\/\\\/janze-athletisme.fr\\\/wordpress\\\/\",\"logo\":{\"@type\":\"ImageObject\",\"inLanguage\":\"fr-FR\",\"@id\":\"https:\\\/\\\/janze-athletisme.fr\\\/wordpress\\\/#\\\/schema\\\/logo\\\/image\\\/\",\"url\":\"https:\\\/\\\/janze-athletisme.fr\\\/wordpress\\\/wp-content\\\/uploads\\\/2015\\\/03\\\/logo-full1.jpg\",\"contentUrl\":\"https:\\\/\\\/janze-athletisme.fr\\\/wordpress\\\/wp-content\\\/uploads\\\/2015\\\/03\\\/logo-full1.jpg\",\"width\":437,\"height\":205,\"caption\":\"Janz\u00e9 Athl\u00e9tisme\"},\"image\":{\"@id\":\"https:\\\/\\\/janze-athletisme.fr\\\/wordpress\\\/#\\\/schema\\\/logo\\\/image\\\/\"},\"sameAs\":[\"https:\\\/\\\/www.facebook.com\\\/groups\\\/1007964579346590\"]},{\"@type\":\"Person\",\"@id\":\"https:\\\/\\\/janze-athletisme.fr\\\/wordpress\\\/#\\\/schema\\\/person\\\/c7b063dcfa6234c041d4d9b26cc2ea03\",\"name\":\"Laurent Meunier\",\"image\":{\"@type\":\"ImageObject\",\"inLanguage\":\"fr-FR\",\"@id\":\"https:\\\/\\\/secure.gravatar.com\\\/avatar\\\/dd25d581ad7c3349090f2fa6a9adb6bfa287e6a5dd8a5216a092727cd8749034?s=96&d=mm&r=g\",\"url\":\"https:\\\/\\\/secure.gravatar.com\\\/avatar\\\/dd25d581ad7c3349090f2fa6a9adb6bfa287e6a5dd8a5216a092727cd8749034?s=96&d=mm&r=g\",\"contentUrl\":\"https:\\\/\\\/secure.gravatar.com\\\/avatar\\\/dd25d581ad7c3349090f2fa6a9adb6bfa287e6a5dd8a5216a092727cd8749034?s=96&d=mm&r=g\",\"caption\":\"Laurent Meunier\"},\"url\":\"https:\\\/\\\/janze-athletisme.fr\\\/wordpress\\\/author\\\/laurent-meunier35\\\/\"}]}<\/script>\n<!-- \/ Yoast SEO plugin. -->","yoast_head_json":{"title":"Une t\u00eate bien pleine dans un corps bien fait\u2026 - Janz\u00e9 Athl\u00e9tisme","robots":{"index":"index","follow":"follow","max-snippet":"max-snippet:-1","max-image-preview":"max-image-preview:large","max-video-preview":"max-video-preview:-1"},"canonical":"https:\/\/janze-athletisme.fr\/wordpress\/une-tete-bien-pleine-dans-un-corps-bien-fait\/","og_locale":"fr_FR","og_type":"article","og_title":"Une t\u00eate bien pleine dans un corps bien fait\u2026 - Janz\u00e9 Athl\u00e9tisme","og_description":"Entretien avec Axelle Le Nard, laur\u00e9ate du concours de Sciences-Po Paris C&rsquo;est l&rsquo;\u00e9v\u00e9nement du moment, au moins dans les couloirs du club, qui bruissent de cette jolie perf : Axelle Le Nard a r\u00e9ussi d\u00e9but juin le concours d&rsquo;entr\u00e9e \u00e0 Sciences-Po Paris ! Comme quoi on peut mener de front une activit\u00e9 sportive en comp\u00e9tition [&hellip;]","og_url":"https:\/\/janze-athletisme.fr\/wordpress\/une-tete-bien-pleine-dans-un-corps-bien-fait\/","og_site_name":"Janz\u00e9 Athl\u00e9tisme","article_publisher":"https:\/\/www.facebook.com\/groups\/1007964579346590","article_published_time":"2024-06-21T20:23:28+00:00","article_modified_time":"2024-06-21T20:30:36+00:00","og_image":[{"width":222,"height":200,"url":"https:\/\/janze-athletisme.fr\/wordpress\/wp-content\/uploads\/2024\/06\/Axelle-14jan2023-e1719001390801.jpg","type":"image\/jpeg"}],"author":"Laurent Meunier","twitter_card":"summary_large_image","twitter_misc":{"\u00c9crit par":"Laurent Meunier","Dur\u00e9e de lecture estim\u00e9e":"9 minutes"},"schema":{"@context":"https:\/\/schema.org","@graph":[{"@type":"Article","@id":"https:\/\/janze-athletisme.fr\/wordpress\/une-tete-bien-pleine-dans-un-corps-bien-fait\/#article","isPartOf":{"@id":"https:\/\/janze-athletisme.fr\/wordpress\/une-tete-bien-pleine-dans-un-corps-bien-fait\/"},"author":{"name":"Laurent Meunier","@id":"https:\/\/janze-athletisme.fr\/wordpress\/#\/schema\/person\/c7b063dcfa6234c041d4d9b26cc2ea03"},"headline":"Une t\u00eate bien pleine dans un corps bien fait\u2026","datePublished":"2024-06-21T20:23:28+00:00","dateModified":"2024-06-21T20:30:36+00:00","mainEntityOfPage":{"@id":"https:\/\/janze-athletisme.fr\/wordpress\/une-tete-bien-pleine-dans-un-corps-bien-fait\/"},"wordCount":1429,"commentCount":0,"publisher":{"@id":"https:\/\/janze-athletisme.fr\/wordpress\/#organization"},"image":{"@id":"https:\/\/janze-athletisme.fr\/wordpress\/une-tete-bien-pleine-dans-un-corps-bien-fait\/#primaryimage"},"thumbnailUrl":"https:\/\/janze-athletisme.fr\/wordpress\/wp-content\/uploads\/2024\/06\/Axelle-14jan2023-e1719001390801.jpg","articleSection":["Le club au jour le jour"],"inLanguage":"fr-FR","potentialAction":[{"@type":"CommentAction","name":"Comment","target":["https:\/\/janze-athletisme.fr\/wordpress\/une-tete-bien-pleine-dans-un-corps-bien-fait\/#respond"]}]},{"@type":"WebPage","@id":"https:\/\/janze-athletisme.fr\/wordpress\/une-tete-bien-pleine-dans-un-corps-bien-fait\/","url":"https:\/\/janze-athletisme.fr\/wordpress\/une-tete-bien-pleine-dans-un-corps-bien-fait\/","name":"Une t\u00eate bien pleine dans un corps bien fait\u2026 - Janz\u00e9 Athl\u00e9tisme","isPartOf":{"@id":"https:\/\/janze-athletisme.fr\/wordpress\/#website"},"primaryImageOfPage":{"@id":"https:\/\/janze-athletisme.fr\/wordpress\/une-tete-bien-pleine-dans-un-corps-bien-fait\/#primaryimage"},"image":{"@id":"https:\/\/janze-athletisme.fr\/wordpress\/une-tete-bien-pleine-dans-un-corps-bien-fait\/#primaryimage"},"thumbnailUrl":"https:\/\/janze-athletisme.fr\/wordpress\/wp-content\/uploads\/2024\/06\/Axelle-14jan2023-e1719001390801.jpg","datePublished":"2024-06-21T20:23:28+00:00","dateModified":"2024-06-21T20:30:36+00:00","breadcrumb":{"@id":"https:\/\/janze-athletisme.fr\/wordpress\/une-tete-bien-pleine-dans-un-corps-bien-fait\/#breadcrumb"},"inLanguage":"fr-FR","potentialAction":[{"@type":"ReadAction","target":["https:\/\/janze-athletisme.fr\/wordpress\/une-tete-bien-pleine-dans-un-corps-bien-fait\/"]}]},{"@type":"ImageObject","inLanguage":"fr-FR","@id":"https:\/\/janze-athletisme.fr\/wordpress\/une-tete-bien-pleine-dans-un-corps-bien-fait\/#primaryimage","url":"https:\/\/janze-athletisme.fr\/wordpress\/wp-content\/uploads\/2024\/06\/Axelle-14jan2023-e1719001390801.jpg","contentUrl":"https:\/\/janze-athletisme.fr\/wordpress\/wp-content\/uploads\/2024\/06\/Axelle-14jan2023-e1719001390801.jpg","width":222,"height":200},{"@type":"BreadcrumbList","@id":"https:\/\/janze-athletisme.fr\/wordpress\/une-tete-bien-pleine-dans-un-corps-bien-fait\/#breadcrumb","itemListElement":[{"@type":"ListItem","position":1,"name":"Accueil","item":"https:\/\/janze-athletisme.fr\/wordpress\/"},{"@type":"ListItem","position":2,"name":"Une t\u00eate bien pleine dans un corps bien fait\u2026"}]},{"@type":"WebSite","@id":"https:\/\/janze-athletisme.fr\/wordpress\/#website","url":"https:\/\/janze-athletisme.fr\/wordpress\/","name":"Janz\u00e9 Athl\u00e9tisme","description":"Pays de La Roche aux F\u00e9es","publisher":{"@id":"https:\/\/janze-athletisme.fr\/wordpress\/#organization"},"potentialAction":[{"@type":"SearchAction","target":{"@type":"EntryPoint","urlTemplate":"https:\/\/janze-athletisme.fr\/wordpress\/?s={search_term_string}"},"query-input":{"@type":"PropertyValueSpecification","valueRequired":true,"valueName":"search_term_string"}}],"inLanguage":"fr-FR"},{"@type":"Organization","@id":"https:\/\/janze-athletisme.fr\/wordpress\/#organization","name":"Janz\u00e9 Athl\u00e9tisme","url":"https:\/\/janze-athletisme.fr\/wordpress\/","logo":{"@type":"ImageObject","inLanguage":"fr-FR","@id":"https:\/\/janze-athletisme.fr\/wordpress\/#\/schema\/logo\/image\/","url":"https:\/\/janze-athletisme.fr\/wordpress\/wp-content\/uploads\/2015\/03\/logo-full1.jpg","contentUrl":"https:\/\/janze-athletisme.fr\/wordpress\/wp-content\/uploads\/2015\/03\/logo-full1.jpg","width":437,"height":205,"caption":"Janz\u00e9 Athl\u00e9tisme"},"image":{"@id":"https:\/\/janze-athletisme.fr\/wordpress\/#\/schema\/logo\/image\/"},"sameAs":["https:\/\/www.facebook.com\/groups\/1007964579346590"]},{"@type":"Person","@id":"https:\/\/janze-athletisme.fr\/wordpress\/#\/schema\/person\/c7b063dcfa6234c041d4d9b26cc2ea03","name":"Laurent Meunier","image":{"@type":"ImageObject","inLanguage":"fr-FR","@id":"https:\/\/secure.gravatar.com\/avatar\/dd25d581ad7c3349090f2fa6a9adb6bfa287e6a5dd8a5216a092727cd8749034?s=96&d=mm&r=g","url":"https:\/\/secure.gravatar.com\/avatar\/dd25d581ad7c3349090f2fa6a9adb6bfa287e6a5dd8a5216a092727cd8749034?s=96&d=mm&r=g","contentUrl":"https:\/\/secure.gravatar.com\/avatar\/dd25d581ad7c3349090f2fa6a9adb6bfa287e6a5dd8a5216a092727cd8749034?s=96&d=mm&r=g","caption":"Laurent Meunier"},"url":"https:\/\/janze-athletisme.fr\/wordpress\/author\/laurent-meunier35\/"}]}},"uagb_featured_image_src":{"full":["https:\/\/janze-athletisme.fr\/wordpress\/wp-content\/uploads\/2024\/06\/Axelle-14jan2023-e1719001390801.jpg",222,200,false],"thumbnail":["https:\/\/janze-athletisme.fr\/wordpress\/wp-content\/uploads\/2024\/06\/Axelle-14jan2023-e1719001390801-150x150.jpg",150,150,true],"medium":["https:\/\/janze-athletisme.fr\/wordpress\/wp-content\/uploads\/2024\/06\/Axelle-14jan2023-e1719001390801.jpg",222,200,false],"medium_large":["https:\/\/janze-athletisme.fr\/wordpress\/wp-content\/uploads\/2024\/06\/Axelle-14jan2023-e1719001390801.jpg",222,200,false],"large":["https:\/\/janze-athletisme.fr\/wordpress\/wp-content\/uploads\/2024\/06\/Axelle-14jan2023-e1719001390801.jpg",222,200,false],"1536x1536":["https:\/\/janze-athletisme.fr\/wordpress\/wp-content\/uploads\/2024\/06\/Axelle-14jan2023-e1719001390801.jpg",222,200,false],"2048x2048":["https:\/\/janze-athletisme.fr\/wordpress\/wp-content\/uploads\/2024\/06\/Axelle-14jan2023-e1719001390801.jpg",222,200,false]},"uagb_author_info":{"display_name":"Laurent Meunier","author_link":"https:\/\/janze-athletisme.fr\/wordpress\/author\/laurent-meunier35\/"},"uagb_comment_info":0,"uagb_excerpt":"Entretien avec Axelle Le Nard, laur\u00e9ate du concours de Sciences-Po Paris C&rsquo;est l&rsquo;\u00e9v\u00e9nement du moment, au moins dans les couloirs du club, qui bruissent de cette jolie perf : Axelle Le Nard a r\u00e9ussi d\u00e9but juin le concours d&rsquo;entr\u00e9e \u00e0 Sciences-Po Paris ! Comme quoi on peut mener de front une activit\u00e9 sportive en comp\u00e9tition\u2026","_links":{"self":[{"href":"https:\/\/janze-athletisme.fr\/wordpress\/wp-json\/wp\/v2\/posts\/19719","targetHints":{"allow":["GET"]}}],"collection":[{"href":"https:\/\/janze-athletisme.fr\/wordpress\/wp-json\/wp\/v2\/posts"}],"about":[{"href":"https:\/\/janze-athletisme.fr\/wordpress\/wp-json\/wp\/v2\/types\/post"}],"author":[{"embeddable":true,"href":"https:\/\/janze-athletisme.fr\/wordpress\/wp-json\/wp\/v2\/users\/12"}],"replies":[{"embeddable":true,"href":"https:\/\/janze-athletisme.fr\/wordpress\/wp-json\/wp\/v2\/comments?post=19719"}],"version-history":[{"count":3,"href":"https:\/\/janze-athletisme.fr\/wordpress\/wp-json\/wp\/v2\/posts\/19719\/revisions"}],"predecessor-version":[{"id":19731,"href":"https:\/\/janze-athletisme.fr\/wordpress\/wp-json\/wp\/v2\/posts\/19719\/revisions\/19731"}],"wp:featuredmedia":[{"embeddable":true,"href":"https:\/\/janze-athletisme.fr\/wordpress\/wp-json\/wp\/v2\/media\/19724"}],"wp:attachment":[{"href":"https:\/\/janze-athletisme.fr\/wordpress\/wp-json\/wp\/v2\/media?parent=19719"}],"wp:term":[{"taxonomy":"category","embeddable":true,"href":"https:\/\/janze-athletisme.fr\/wordpress\/wp-json\/wp\/v2\/categories?post=19719"},{"taxonomy":"post_tag","embeddable":true,"href":"https:\/\/janze-athletisme.fr\/wordpress\/wp-json\/wp\/v2\/tags?post=19719"}],"curies":[{"name":"wp","href":"https:\/\/api.w.org\/{rel}","templated":true}]}}