{"id":19715,"date":"2024-06-21T21:39:42","date_gmt":"2024-06-21T19:39:42","guid":{"rendered":"https:\/\/janze-athletisme.fr\/wordpress\/?p=19715"},"modified":"2024-06-23T22:24:06","modified_gmt":"2024-06-23T20:24:06","slug":"un-petit-galop-a-marville-pour-preparer-la-fin-de-saison","status":"publish","type":"post","link":"https:\/\/janze-athletisme.fr\/wordpress\/un-petit-galop-a-marville-pour-preparer-la-fin-de-saison\/","title":{"rendered":"Un petit galop \u00e0 Marville pour pr\u00e9parer la fin de saison\u2026"},"content":{"rendered":"<p><span style=\"font-size: 18pt;\"><strong>Championnat de Bretagne du triathlon BE-MI &amp; Meeting de Saint-Malo, samedi 22 juin<\/strong><\/span><\/p>\n<p>Il y aura une petite d\u00e9l\u00e9gation de l&rsquo;EAC ce samedi au meeting de Saint-Malo (15 athl\u00e8tes tout de m\u00eame), en pr\u00e9paration des championnats de Bretagne Cadets &amp; +, qui se d\u00e9rouleront le WE des 29\/30 juin \u00e0 Redon&#8230; C&rsquo;est pour certains la derni\u00e8re occasion de r\u00e9aliser les minimas requis.<\/p>\n<p><strong>Lou-Ann<\/strong> Bouix et Ana\u00efs Cochet seront sur 100m, Lucie Duvigneau et <strong>Cl\u00e9mence<\/strong> Lamoureux sur 400m, Tiphanie Lecomte, Lou Robin, Elsa Mah\u00e9, <strong>Faustine<\/strong> et <strong>Bertille<\/strong> Louaisil sur 800m, Kevin Doucot et Paul Laurain sur 100m, Henri Carmes et <strong>Bastien<\/strong> Fert sur 400m, Melvin Gallais et <strong>L\u00e9o <\/strong>Guiheux sur 800m.<\/p>\n<p>Ils seront accompagn\u00e9s par <strong>Wilfrid<\/strong> Lebreton, qui officiera comme juge courses.<\/p>\n<p><span style=\"font-size: 14pt;\"><strong>Une journ\u00e9e deux en un\u2026<\/strong><\/span><\/p>\n<p>Le matin, Saint-Malo accueillera le championnat de Bretagne BE-MI du triathlon (trois \u00e9preuves au choix), avec la pr\u00e9sence de Rose Mah\u00e9 chez les benjamines, de <strong>Manon<\/strong> Le Nard chez les Minimes filles, de <strong>Mathis<\/strong> Montagne chez les benjamins et d&rsquo;<strong>Esteban <\/strong>Fleury chez les Minimes gar\u00e7ons.<\/p>\n<p>Ils seront accompagn\u00e9s par <strong>Christophe<\/strong> Fleury, juge Lancers.<\/p>\n<p>Nous avions 11 qualifi\u00e9s parmi les 350 meilleurs jeunes Bretons s\u00e9lectionn\u00e9s, mais, \u00e0 part Manon, nos jeunes de retour de Strasbourg sont au repos. \u00c9taient qualifi\u00e9s mais seront donc absents :\u00a0 Jeanne Serraj, Alicia Kachenouria, <strong>Tha\u00efs <\/strong>Ginguen\u00e9,<strong> Justine<\/strong> Bourgault, <strong>L\u00e9a <\/strong>Th\u00e9odin, <strong>Elouan<\/strong> L\u00e9v\u00eaque et <strong>Jules<\/strong> Le Dorven.<\/p>\n","protected":false},"excerpt":{"rendered":"<p>Championnat de Bretagne du triathlon BE-MI &amp; Meeting de Saint-Malo, samedi 22 juin Il y aura une petite d\u00e9l\u00e9gation de l&rsquo;EAC ce samedi au meeting de Saint-Malo (15 athl\u00e8tes tout de m\u00eame), en pr\u00e9paration des championnats de Bretagne Cadets &amp; +, qui se d\u00e9rouleront le WE des 29\/30 juin \u00e0 Redon&#8230; C&rsquo;est pour certains la [&hellip;]<\/p>\n","protected":false},"author":12,"featured_media":19717,"comment_status":"open","ping_status":"open","sticky":false,"template":"","format":"aside","meta":{"_uag_custom_page_level_css":"","site-sidebar-layout":"default","site-content-layout":"","ast-site-content-layout":"default","site-content-style":"default","site-sidebar-style":"default","ast-global-header-display":"","ast-banner-title-visibility":"","ast-main-header-display":"","ast-hfb-above-header-display":"","ast-hfb-below-header-display":"","ast-hfb-mobile-header-display":"","site-post-title":"","ast-breadcrumbs-content":"","ast-featured-img":"","footer-sml-layout":"","ast-disable-related-posts":"","theme-transparent-header-meta":"default","adv-header-id-meta":"","stick-header-meta":"","header-above-stick-meta":"","header-main-stick-meta":"","header-below-stick-meta":"","astra-migrate-meta-layouts":"set","ast-page-background-enabled":"default","ast-page-background-meta":{"desktop":{"background-color":"var(--ast-global-color-4)","background-image":"","background-repeat":"repeat","background-position":"center center","background-size":"auto","background-attachment":"scroll","background-type":"","background-media":"","overlay-type":"","overlay-color":"","overlay-opacity":"","overlay-gradient":""},"tablet":{"background-color":"","background-image":"","background-repeat":"repeat","background-position":"center center","background-size":"auto","background-attachment":"scroll","background-type":"","background-media":"","overlay-type":"","overlay-color":"","overlay-opacity":"","overlay-gradient":""},"mobile":{"background-color":"","background-image":"","background-repeat":"repeat","background-position":"center center","background-size":"auto","background-attachment":"scroll","background-type":"","background-media":"","overlay-type":"","overlay-color":"","overlay-opacity":"","overlay-gradient":""}},"ast-content-background-meta":{"desktop":{"background-color":"var(--ast-global-color-5)","background-image":"","background-repeat":"repeat","background-position":"center center","background-size":"auto","background-attachment":"scroll","background-type":"","background-media":"","overlay-type":"","overlay-color":"","overlay-opacity":"","overlay-gradient":""},"tablet":{"background-color":"var(--ast-global-color-5)","background-image":"","background-repeat":"repeat","background-position":"center center","background-size":"auto","background-attachment":"scroll","background-type":"","background-media":"","overlay-type":"","overlay-color":"","overlay-opacity":"","overlay-gradient":""},"mobile":{"background-color":"var(--ast-global-color-5)","background-image":"","background-repeat":"repeat","background-position":"center center","background-size":"auto","background-attachment":"scroll","background-type":"","background-media":"","overlay-type":"","overlay-color":"","overlay-opacity":"","overlay-gradient":""}},"footnotes":""},"categories":[6],"tags":[],"class_list":["post-19715","post","type-post","status-publish","format-aside","has-post-thumbnail","hentry","category-sections","post_format-post-format-aside"],"yoast_head":"<!-- This site is optimized with the Yoast SEO plugin v27.5 - https:\/\/yoast.com\/product\/yoast-seo-wordpress\/ -->\n<title>Un petit galop \u00e0 Marville pour pr\u00e9parer la fin de saison\u2026 - Janz\u00e9 Athl\u00e9tisme<\/title>\n<meta name=\"robots\" content=\"index, follow, max-snippet:-1, max-image-preview:large, max-video-preview:-1\" \/>\n<link rel=\"canonical\" href=\"https:\/\/janze-athletisme.fr\/wordpress\/un-petit-galop-a-marville-pour-preparer-la-fin-de-saison\/\" \/>\n<meta property=\"og:locale\" content=\"fr_FR\" \/>\n<meta property=\"og:type\" content=\"article\" \/>\n<meta property=\"og:title\" content=\"Un petit galop \u00e0 Marville pour pr\u00e9parer la fin de saison\u2026 - Janz\u00e9 Athl\u00e9tisme\" \/>\n<meta property=\"og:description\" content=\"Championnat de Bretagne du triathlon BE-MI &amp; Meeting de Saint-Malo, samedi 22 juin Il y aura une petite d\u00e9l\u00e9gation de l&rsquo;EAC ce samedi au meeting de Saint-Malo (15 athl\u00e8tes tout de m\u00eame), en pr\u00e9paration des championnats de Bretagne Cadets &amp; +, qui se d\u00e9rouleront le WE des 29\/30 juin \u00e0 Redon&#8230; C&rsquo;est pour certains la [&hellip;]\" \/>\n<meta property=\"og:url\" content=\"https:\/\/janze-athletisme.fr\/wordpress\/un-petit-galop-a-marville-pour-preparer-la-fin-de-saison\/\" \/>\n<meta property=\"og:site_name\" content=\"Janz\u00e9 Athl\u00e9tisme\" \/>\n<meta property=\"article:publisher\" content=\"https:\/\/www.facebook.com\/groups\/1007964579346590\" \/>\n<meta property=\"article:published_time\" content=\"2024-06-21T19:39:42+00:00\" \/>\n<meta property=\"article:modified_time\" content=\"2024-06-23T20:24:06+00:00\" \/>\n<meta property=\"og:image\" content=\"https:\/\/janze-athletisme.fr\/wordpress\/wp-content\/uploads\/2024\/06\/Esteban-20avril2024-4-e1718998757428.jpg\" \/>\n\t<meta property=\"og:image:width\" content=\"865\" \/>\n\t<meta property=\"og:image:height\" content=\"999\" \/>\n\t<meta property=\"og:image:type\" content=\"image\/jpeg\" \/>\n<meta name=\"author\" content=\"Laurent Meunier\" \/>\n<meta name=\"twitter:card\" content=\"summary_large_image\" \/>\n<meta name=\"twitter:label1\" content=\"\u00c9crit par\" \/>\n\t<meta name=\"twitter:data1\" content=\"Laurent Meunier\" \/>\n\t<meta name=\"twitter:label2\" content=\"Dur\u00e9e de lecture estim\u00e9e\" \/>\n\t<meta name=\"twitter:data2\" content=\"2 minutes\" \/>\n<script type=\"application\/ld+json\" class=\"yoast-schema-graph\">{\"@context\":\"https:\\\/\\\/schema.org\",\"@graph\":[{\"@type\":\"Article\",\"@id\":\"https:\\\/\\\/janze-athletisme.fr\\\/wordpress\\\/un-petit-galop-a-marville-pour-preparer-la-fin-de-saison\\\/#article\",\"isPartOf\":{\"@id\":\"https:\\\/\\\/janze-athletisme.fr\\\/wordpress\\\/un-petit-galop-a-marville-pour-preparer-la-fin-de-saison\\\/\"},\"author\":{\"name\":\"Laurent Meunier\",\"@id\":\"https:\\\/\\\/janze-athletisme.fr\\\/wordpress\\\/#\\\/schema\\\/person\\\/c7b063dcfa6234c041d4d9b26cc2ea03\"},\"headline\":\"Un petit galop \u00e0 Marville pour pr\u00e9parer la fin de saison\u2026\",\"datePublished\":\"2024-06-21T19:39:42+00:00\",\"dateModified\":\"2024-06-23T20:24:06+00:00\",\"mainEntityOfPage\":{\"@id\":\"https:\\\/\\\/janze-athletisme.fr\\\/wordpress\\\/un-petit-galop-a-marville-pour-preparer-la-fin-de-saison\\\/\"},\"wordCount\":256,\"commentCount\":0,\"publisher\":{\"@id\":\"https:\\\/\\\/janze-athletisme.fr\\\/wordpress\\\/#organization\"},\"image\":{\"@id\":\"https:\\\/\\\/janze-athletisme.fr\\\/wordpress\\\/un-petit-galop-a-marville-pour-preparer-la-fin-de-saison\\\/#primaryimage\"},\"thumbnailUrl\":\"https:\\\/\\\/janze-athletisme.fr\\\/wordpress\\\/wp-content\\\/uploads\\\/2024\\\/06\\\/Esteban-20avril2024-4-e1718998757428.jpg\",\"articleSection\":[\"Le club au jour le jour\"],\"inLanguage\":\"fr-FR\",\"potentialAction\":[{\"@type\":\"CommentAction\",\"name\":\"Comment\",\"target\":[\"https:\\\/\\\/janze-athletisme.fr\\\/wordpress\\\/un-petit-galop-a-marville-pour-preparer-la-fin-de-saison\\\/#respond\"]}]},{\"@type\":\"WebPage\",\"@id\":\"https:\\\/\\\/janze-athletisme.fr\\\/wordpress\\\/un-petit-galop-a-marville-pour-preparer-la-fin-de-saison\\\/\",\"url\":\"https:\\\/\\\/janze-athletisme.fr\\\/wordpress\\\/un-petit-galop-a-marville-pour-preparer-la-fin-de-saison\\\/\",\"name\":\"Un petit galop \u00e0 Marville pour pr\u00e9parer la fin de saison\u2026 - Janz\u00e9 Athl\u00e9tisme\",\"isPartOf\":{\"@id\":\"https:\\\/\\\/janze-athletisme.fr\\\/wordpress\\\/#website\"},\"primaryImageOfPage\":{\"@id\":\"https:\\\/\\\/janze-athletisme.fr\\\/wordpress\\\/un-petit-galop-a-marville-pour-preparer-la-fin-de-saison\\\/#primaryimage\"},\"image\":{\"@id\":\"https:\\\/\\\/janze-athletisme.fr\\\/wordpress\\\/un-petit-galop-a-marville-pour-preparer-la-fin-de-saison\\\/#primaryimage\"},\"thumbnailUrl\":\"https:\\\/\\\/janze-athletisme.fr\\\/wordpress\\\/wp-content\\\/uploads\\\/2024\\\/06\\\/Esteban-20avril2024-4-e1718998757428.jpg\",\"datePublished\":\"2024-06-21T19:39:42+00:00\",\"dateModified\":\"2024-06-23T20:24:06+00:00\",\"breadcrumb\":{\"@id\":\"https:\\\/\\\/janze-athletisme.fr\\\/wordpress\\\/un-petit-galop-a-marville-pour-preparer-la-fin-de-saison\\\/#breadcrumb\"},\"inLanguage\":\"fr-FR\",\"potentialAction\":[{\"@type\":\"ReadAction\",\"target\":[\"https:\\\/\\\/janze-athletisme.fr\\\/wordpress\\\/un-petit-galop-a-marville-pour-preparer-la-fin-de-saison\\\/\"]}]},{\"@type\":\"ImageObject\",\"inLanguage\":\"fr-FR\",\"@id\":\"https:\\\/\\\/janze-athletisme.fr\\\/wordpress\\\/un-petit-galop-a-marville-pour-preparer-la-fin-de-saison\\\/#primaryimage\",\"url\":\"https:\\\/\\\/janze-athletisme.fr\\\/wordpress\\\/wp-content\\\/uploads\\\/2024\\\/06\\\/Esteban-20avril2024-4-e1718998757428.jpg\",\"contentUrl\":\"https:\\\/\\\/janze-athletisme.fr\\\/wordpress\\\/wp-content\\\/uploads\\\/2024\\\/06\\\/Esteban-20avril2024-4-e1718998757428.jpg\",\"width\":865,\"height\":999},{\"@type\":\"BreadcrumbList\",\"@id\":\"https:\\\/\\\/janze-athletisme.fr\\\/wordpress\\\/un-petit-galop-a-marville-pour-preparer-la-fin-de-saison\\\/#breadcrumb\",\"itemListElement\":[{\"@type\":\"ListItem\",\"position\":1,\"name\":\"Accueil\",\"item\":\"https:\\\/\\\/janze-athletisme.fr\\\/wordpress\\\/\"},{\"@type\":\"ListItem\",\"position\":2,\"name\":\"Un petit galop \u00e0 Marville pour pr\u00e9parer la fin de saison\u2026\"}]},{\"@type\":\"WebSite\",\"@id\":\"https:\\\/\\\/janze-athletisme.fr\\\/wordpress\\\/#website\",\"url\":\"https:\\\/\\\/janze-athletisme.fr\\\/wordpress\\\/\",\"name\":\"Janz\u00e9 Athl\u00e9tisme\",\"description\":\"Pays de La Roche aux F\u00e9es\",\"publisher\":{\"@id\":\"https:\\\/\\\/janze-athletisme.fr\\\/wordpress\\\/#organization\"},\"potentialAction\":[{\"@type\":\"SearchAction\",\"target\":{\"@type\":\"EntryPoint\",\"urlTemplate\":\"https:\\\/\\\/janze-athletisme.fr\\\/wordpress\\\/?s={search_term_string}\"},\"query-input\":{\"@type\":\"PropertyValueSpecification\",\"valueRequired\":true,\"valueName\":\"search_term_string\"}}],\"inLanguage\":\"fr-FR\"},{\"@type\":\"Organization\",\"@id\":\"https:\\\/\\\/janze-athletisme.fr\\\/wordpress\\\/#organization\",\"name\":\"Janz\u00e9 Athl\u00e9tisme\",\"url\":\"https:\\\/\\\/janze-athletisme.fr\\\/wordpress\\\/\",\"logo\":{\"@type\":\"ImageObject\",\"inLanguage\":\"fr-FR\",\"@id\":\"https:\\\/\\\/janze-athletisme.fr\\\/wordpress\\\/#\\\/schema\\\/logo\\\/image\\\/\",\"url\":\"https:\\\/\\\/janze-athletisme.fr\\\/wordpress\\\/wp-content\\\/uploads\\\/2015\\\/03\\\/logo-full1.jpg\",\"contentUrl\":\"https:\\\/\\\/janze-athletisme.fr\\\/wordpress\\\/wp-content\\\/uploads\\\/2015\\\/03\\\/logo-full1.jpg\",\"width\":437,\"height\":205,\"caption\":\"Janz\u00e9 Athl\u00e9tisme\"},\"image\":{\"@id\":\"https:\\\/\\\/janze-athletisme.fr\\\/wordpress\\\/#\\\/schema\\\/logo\\\/image\\\/\"},\"sameAs\":[\"https:\\\/\\\/www.facebook.com\\\/groups\\\/1007964579346590\"]},{\"@type\":\"Person\",\"@id\":\"https:\\\/\\\/janze-athletisme.fr\\\/wordpress\\\/#\\\/schema\\\/person\\\/c7b063dcfa6234c041d4d9b26cc2ea03\",\"name\":\"Laurent Meunier\",\"image\":{\"@type\":\"ImageObject\",\"inLanguage\":\"fr-FR\",\"@id\":\"https:\\\/\\\/secure.gravatar.com\\\/avatar\\\/dd25d581ad7c3349090f2fa6a9adb6bfa287e6a5dd8a5216a092727cd8749034?s=96&d=mm&r=g\",\"url\":\"https:\\\/\\\/secure.gravatar.com\\\/avatar\\\/dd25d581ad7c3349090f2fa6a9adb6bfa287e6a5dd8a5216a092727cd8749034?s=96&d=mm&r=g\",\"contentUrl\":\"https:\\\/\\\/secure.gravatar.com\\\/avatar\\\/dd25d581ad7c3349090f2fa6a9adb6bfa287e6a5dd8a5216a092727cd8749034?s=96&d=mm&r=g\",\"caption\":\"Laurent Meunier\"},\"url\":\"https:\\\/\\\/janze-athletisme.fr\\\/wordpress\\\/author\\\/laurent-meunier35\\\/\"}]}<\/script>\n<!-- \/ Yoast SEO plugin. -->","yoast_head_json":{"title":"Un petit galop \u00e0 Marville pour pr\u00e9parer la fin de saison\u2026 - Janz\u00e9 Athl\u00e9tisme","robots":{"index":"index","follow":"follow","max-snippet":"max-snippet:-1","max-image-preview":"max-image-preview:large","max-video-preview":"max-video-preview:-1"},"canonical":"https:\/\/janze-athletisme.fr\/wordpress\/un-petit-galop-a-marville-pour-preparer-la-fin-de-saison\/","og_locale":"fr_FR","og_type":"article","og_title":"Un petit galop \u00e0 Marville pour pr\u00e9parer la fin de saison\u2026 - Janz\u00e9 Athl\u00e9tisme","og_description":"Championnat de Bretagne du triathlon BE-MI &amp; Meeting de Saint-Malo, samedi 22 juin Il y aura une petite d\u00e9l\u00e9gation de l&rsquo;EAC ce samedi au meeting de Saint-Malo (15 athl\u00e8tes tout de m\u00eame), en pr\u00e9paration des championnats de Bretagne Cadets &amp; +, qui se d\u00e9rouleront le WE des 29\/30 juin \u00e0 Redon&#8230; C&rsquo;est pour certains la [&hellip;]","og_url":"https:\/\/janze-athletisme.fr\/wordpress\/un-petit-galop-a-marville-pour-preparer-la-fin-de-saison\/","og_site_name":"Janz\u00e9 Athl\u00e9tisme","article_publisher":"https:\/\/www.facebook.com\/groups\/1007964579346590","article_published_time":"2024-06-21T19:39:42+00:00","article_modified_time":"2024-06-23T20:24:06+00:00","og_image":[{"width":865,"height":999,"url":"https:\/\/janze-athletisme.fr\/wordpress\/wp-content\/uploads\/2024\/06\/Esteban-20avril2024-4-e1718998757428.jpg","type":"image\/jpeg"}],"author":"Laurent Meunier","twitter_card":"summary_large_image","twitter_misc":{"\u00c9crit par":"Laurent Meunier","Dur\u00e9e de lecture estim\u00e9e":"2 minutes"},"schema":{"@context":"https:\/\/schema.org","@graph":[{"@type":"Article","@id":"https:\/\/janze-athletisme.fr\/wordpress\/un-petit-galop-a-marville-pour-preparer-la-fin-de-saison\/#article","isPartOf":{"@id":"https:\/\/janze-athletisme.fr\/wordpress\/un-petit-galop-a-marville-pour-preparer-la-fin-de-saison\/"},"author":{"name":"Laurent Meunier","@id":"https:\/\/janze-athletisme.fr\/wordpress\/#\/schema\/person\/c7b063dcfa6234c041d4d9b26cc2ea03"},"headline":"Un petit galop \u00e0 Marville pour pr\u00e9parer la fin de saison\u2026","datePublished":"2024-06-21T19:39:42+00:00","dateModified":"2024-06-23T20:24:06+00:00","mainEntityOfPage":{"@id":"https:\/\/janze-athletisme.fr\/wordpress\/un-petit-galop-a-marville-pour-preparer-la-fin-de-saison\/"},"wordCount":256,"commentCount":0,"publisher":{"@id":"https:\/\/janze-athletisme.fr\/wordpress\/#organization"},"image":{"@id":"https:\/\/janze-athletisme.fr\/wordpress\/un-petit-galop-a-marville-pour-preparer-la-fin-de-saison\/#primaryimage"},"thumbnailUrl":"https:\/\/janze-athletisme.fr\/wordpress\/wp-content\/uploads\/2024\/06\/Esteban-20avril2024-4-e1718998757428.jpg","articleSection":["Le club au jour le jour"],"inLanguage":"fr-FR","potentialAction":[{"@type":"CommentAction","name":"Comment","target":["https:\/\/janze-athletisme.fr\/wordpress\/un-petit-galop-a-marville-pour-preparer-la-fin-de-saison\/#respond"]}]},{"@type":"WebPage","@id":"https:\/\/janze-athletisme.fr\/wordpress\/un-petit-galop-a-marville-pour-preparer-la-fin-de-saison\/","url":"https:\/\/janze-athletisme.fr\/wordpress\/un-petit-galop-a-marville-pour-preparer-la-fin-de-saison\/","name":"Un petit galop \u00e0 Marville pour pr\u00e9parer la fin de saison\u2026 - Janz\u00e9 Athl\u00e9tisme","isPartOf":{"@id":"https:\/\/janze-athletisme.fr\/wordpress\/#website"},"primaryImageOfPage":{"@id":"https:\/\/janze-athletisme.fr\/wordpress\/un-petit-galop-a-marville-pour-preparer-la-fin-de-saison\/#primaryimage"},"image":{"@id":"https:\/\/janze-athletisme.fr\/wordpress\/un-petit-galop-a-marville-pour-preparer-la-fin-de-saison\/#primaryimage"},"thumbnailUrl":"https:\/\/janze-athletisme.fr\/wordpress\/wp-content\/uploads\/2024\/06\/Esteban-20avril2024-4-e1718998757428.jpg","datePublished":"2024-06-21T19:39:42+00:00","dateModified":"2024-06-23T20:24:06+00:00","breadcrumb":{"@id":"https:\/\/janze-athletisme.fr\/wordpress\/un-petit-galop-a-marville-pour-preparer-la-fin-de-saison\/#breadcrumb"},"inLanguage":"fr-FR","potentialAction":[{"@type":"ReadAction","target":["https:\/\/janze-athletisme.fr\/wordpress\/un-petit-galop-a-marville-pour-preparer-la-fin-de-saison\/"]}]},{"@type":"ImageObject","inLanguage":"fr-FR","@id":"https:\/\/janze-athletisme.fr\/wordpress\/un-petit-galop-a-marville-pour-preparer-la-fin-de-saison\/#primaryimage","url":"https:\/\/janze-athletisme.fr\/wordpress\/wp-content\/uploads\/2024\/06\/Esteban-20avril2024-4-e1718998757428.jpg","contentUrl":"https:\/\/janze-athletisme.fr\/wordpress\/wp-content\/uploads\/2024\/06\/Esteban-20avril2024-4-e1718998757428.jpg","width":865,"height":999},{"@type":"BreadcrumbList","@id":"https:\/\/janze-athletisme.fr\/wordpress\/un-petit-galop-a-marville-pour-preparer-la-fin-de-saison\/#breadcrumb","itemListElement":[{"@type":"ListItem","position":1,"name":"Accueil","item":"https:\/\/janze-athletisme.fr\/wordpress\/"},{"@type":"ListItem","position":2,"name":"Un petit galop \u00e0 Marville pour pr\u00e9parer la fin de saison\u2026"}]},{"@type":"WebSite","@id":"https:\/\/janze-athletisme.fr\/wordpress\/#website","url":"https:\/\/janze-athletisme.fr\/wordpress\/","name":"Janz\u00e9 Athl\u00e9tisme","description":"Pays de La Roche aux F\u00e9es","publisher":{"@id":"https:\/\/janze-athletisme.fr\/wordpress\/#organization"},"potentialAction":[{"@type":"SearchAction","target":{"@type":"EntryPoint","urlTemplate":"https:\/\/janze-athletisme.fr\/wordpress\/?s={search_term_string}"},"query-input":{"@type":"PropertyValueSpecification","valueRequired":true,"valueName":"search_term_string"}}],"inLanguage":"fr-FR"},{"@type":"Organization","@id":"https:\/\/janze-athletisme.fr\/wordpress\/#organization","name":"Janz\u00e9 Athl\u00e9tisme","url":"https:\/\/janze-athletisme.fr\/wordpress\/","logo":{"@type":"ImageObject","inLanguage":"fr-FR","@id":"https:\/\/janze-athletisme.fr\/wordpress\/#\/schema\/logo\/image\/","url":"https:\/\/janze-athletisme.fr\/wordpress\/wp-content\/uploads\/2015\/03\/logo-full1.jpg","contentUrl":"https:\/\/janze-athletisme.fr\/wordpress\/wp-content\/uploads\/2015\/03\/logo-full1.jpg","width":437,"height":205,"caption":"Janz\u00e9 Athl\u00e9tisme"},"image":{"@id":"https:\/\/janze-athletisme.fr\/wordpress\/#\/schema\/logo\/image\/"},"sameAs":["https:\/\/www.facebook.com\/groups\/1007964579346590"]},{"@type":"Person","@id":"https:\/\/janze-athletisme.fr\/wordpress\/#\/schema\/person\/c7b063dcfa6234c041d4d9b26cc2ea03","name":"Laurent Meunier","image":{"@type":"ImageObject","inLanguage":"fr-FR","@id":"https:\/\/secure.gravatar.com\/avatar\/dd25d581ad7c3349090f2fa6a9adb6bfa287e6a5dd8a5216a092727cd8749034?s=96&d=mm&r=g","url":"https:\/\/secure.gravatar.com\/avatar\/dd25d581ad7c3349090f2fa6a9adb6bfa287e6a5dd8a5216a092727cd8749034?s=96&d=mm&r=g","contentUrl":"https:\/\/secure.gravatar.com\/avatar\/dd25d581ad7c3349090f2fa6a9adb6bfa287e6a5dd8a5216a092727cd8749034?s=96&d=mm&r=g","caption":"Laurent Meunier"},"url":"https:\/\/janze-athletisme.fr\/wordpress\/author\/laurent-meunier35\/"}]}},"uagb_featured_image_src":{"full":["https:\/\/janze-athletisme.fr\/wordpress\/wp-content\/uploads\/2024\/06\/Esteban-20avril2024-4-e1718998757428.jpg",865,999,false],"thumbnail":["https:\/\/janze-athletisme.fr\/wordpress\/wp-content\/uploads\/2024\/06\/Esteban-20avril2024-4-e1718998757428-150x150.jpg",150,150,true],"medium":["https:\/\/janze-athletisme.fr\/wordpress\/wp-content\/uploads\/2024\/06\/Esteban-20avril2024-4-e1718998757428-260x300.jpg",260,300,true],"medium_large":["https:\/\/janze-athletisme.fr\/wordpress\/wp-content\/uploads\/2024\/06\/Esteban-20avril2024-4-e1718998757428-768x887.jpg",768,887,true],"large":["https:\/\/janze-athletisme.fr\/wordpress\/wp-content\/uploads\/2024\/06\/Esteban-20avril2024-4-e1718998735755-1024x790.jpg",1024,790,true],"1536x1536":["https:\/\/janze-athletisme.fr\/wordpress\/wp-content\/uploads\/2024\/06\/Esteban-20avril2024-4-e1718998757428.jpg",865,999,false],"2048x2048":["https:\/\/janze-athletisme.fr\/wordpress\/wp-content\/uploads\/2024\/06\/Esteban-20avril2024-4-e1718998757428.jpg",865,999,false]},"uagb_author_info":{"display_name":"Laurent Meunier","author_link":"https:\/\/janze-athletisme.fr\/wordpress\/author\/laurent-meunier35\/"},"uagb_comment_info":0,"uagb_excerpt":"Championnat de Bretagne du triathlon BE-MI &amp; Meeting de Saint-Malo, samedi 22 juin Il y aura une petite d\u00e9l\u00e9gation de l&rsquo;EAC ce samedi au meeting de Saint-Malo (15 athl\u00e8tes tout de m\u00eame), en pr\u00e9paration des championnats de Bretagne Cadets &amp; +, qui se d\u00e9rouleront le WE des 29\/30 juin \u00e0 Redon&#8230; C&rsquo;est pour certains la\u2026","_links":{"self":[{"href":"https:\/\/janze-athletisme.fr\/wordpress\/wp-json\/wp\/v2\/posts\/19715","targetHints":{"allow":["GET"]}}],"collection":[{"href":"https:\/\/janze-athletisme.fr\/wordpress\/wp-json\/wp\/v2\/posts"}],"about":[{"href":"https:\/\/janze-athletisme.fr\/wordpress\/wp-json\/wp\/v2\/types\/post"}],"author":[{"embeddable":true,"href":"https:\/\/janze-athletisme.fr\/wordpress\/wp-json\/wp\/v2\/users\/12"}],"replies":[{"embeddable":true,"href":"https:\/\/janze-athletisme.fr\/wordpress\/wp-json\/wp\/v2\/comments?post=19715"}],"version-history":[{"count":4,"href":"https:\/\/janze-athletisme.fr\/wordpress\/wp-json\/wp\/v2\/posts\/19715\/revisions"}],"predecessor-version":[{"id":19782,"href":"https:\/\/janze-athletisme.fr\/wordpress\/wp-json\/wp\/v2\/posts\/19715\/revisions\/19782"}],"wp:featuredmedia":[{"embeddable":true,"href":"https:\/\/janze-athletisme.fr\/wordpress\/wp-json\/wp\/v2\/media\/19717"}],"wp:attachment":[{"href":"https:\/\/janze-athletisme.fr\/wordpress\/wp-json\/wp\/v2\/media?parent=19715"}],"wp:term":[{"taxonomy":"category","embeddable":true,"href":"https:\/\/janze-athletisme.fr\/wordpress\/wp-json\/wp\/v2\/categories?post=19715"},{"taxonomy":"post_tag","embeddable":true,"href":"https:\/\/janze-athletisme.fr\/wordpress\/wp-json\/wp\/v2\/tags?post=19715"}],"curies":[{"name":"wp","href":"https:\/\/api.w.org\/{rel}","templated":true}]}}