{"id":19693,"date":"2024-06-20T11:51:41","date_gmt":"2024-06-20T09:51:41","guid":{"rendered":"https:\/\/janze-athletisme.fr\/wordpress\/?p=19693"},"modified":"2024-06-20T18:36:02","modified_gmt":"2024-06-20T16:36:02","slug":"dix-jours-en-or-pour-jules","status":"publish","type":"post","link":"https:\/\/janze-athletisme.fr\/wordpress\/dix-jours-en-or-pour-jules\/","title":{"rendered":"Dix jours en or pour Jules"},"content":{"rendered":"<p><span style=\"font-size: 18pt;\"><strong>Jules Le Dorven, le javelot dans la peau<\/strong><\/span><\/p>\n<p>Nous n&rsquo;avons pas pour habitude ici de mettre en avant des minimes de mani\u00e8re trop sp\u00e9cifique. Tellement de poussins, de benjamins et de minimes ont \u00e9t\u00e9 des champions pr\u00e9coces simplement parce qu&rsquo;ils avaient pris des centim\u00e8tres ou du poil au menton plus t\u00f4t que les autres que nous devons rester raisonnables dans les \u00e9loges. Celui-ci cependant a les pieds bien sur terre, la t\u00eate bien faite, et surtout il est bien entour\u00e9. Il travaille avec r\u00e9gularit\u00e9, sans exc\u00e8s, et progresse \u00e0 son allure. Le voici donc \u00e0 peu pr\u00e8s pr\u00e9serv\u00e9 des \u00e9cueils qui guettent nos jeunes pousses trop vite grandies.<\/p>\n<p>Nous avons eu envie de parler de lui, parce qu&rsquo;il fait une tr\u00e8s belle saison estivale. Il l&rsquo;a commenc\u00e9e par un octathlon d&rsquo;argent le 6 avril \u00e0 Dinan, \u00e0 l&rsquo;occasion des championnats d\u00e9partementaux des \u00e9preuves combin\u00e9es, avec 3119 points, juste devant son comparse Esteban Fleury, 3e avec 2578 points. A Concarneau le 18 mai il portera son total \u00e0 3253 points (8e r\u00e9gional). Il s&rsquo;est \u00e9galement essay\u00e9 au 100m haies, avec succ\u00e8s, passant de 16&Prime;35 le 6 avril \u00e0 15&Prime;72 \u00e0 Vannes le 16 juin. C&rsquo;est une discipline exigeante mais o\u00f9 le plaisir est intense si l&rsquo;on parvient \u00e0 bien rythmer les intervalles.<\/p>\n<p><span style=\"font-size: 14pt;\"><strong>Dix jours de toute beaut\u00e9<\/strong><\/span><\/p>\n<p>La musique, il la pratique \u00e9galement avec le javelot, qui reste sa discipline de pr\u00e9dilection. Il y multiplie les titres d\u00e9partementaux (quatre entre 2022 et 2024) et a atteint cette ann\u00e9e une forme de cons\u00e9cration en \u00e9tant sacr\u00e9 champion r\u00e9gional \u00e0 Vannes. Deuxi\u00e8me l&rsquo;an pass\u00e9, il a r\u00e9ussi \u00e0 franchir (de justesse) la derni\u00e8re marche. On esp\u00e9rait la m\u00eame chose pour les France UGSEL : troisi\u00e8me l&rsquo;an pass\u00e9 mais arriv\u00e9 cette ann\u00e9e avec la meilleure perf des engag\u00e9s, on se disait que cette fois il allait monter tout en haut du podium. H\u00e9las, non, le javelot n&rsquo;est pas une science exacte. Il termine de nouveau troisi\u00e8me.<\/p>\n<p>Si nous faisons le compte n\u00e9anmoins, il est champion d\u00e9partemental le 9 juin \u00e0 Janz\u00e9, champion r\u00e9gional le 16 \u00e0 Vannes et 3e fran\u00e7ais UGSEL le 19 \u00e0 Strasbourg : cela nous fait dix jours de toute beaut\u00e9. Reste maintenant \u00e0 battre ce fameux record du club minimes, d\u00e9tenu depuis le 11 juin 2006, par Baptiste Rabat\u00e9, avec 45m25&#8230; 18 ans : une \u00e9ternit\u00e9, Jules n&rsquo;\u00e9tait m\u00eame pas n\u00e9 ! Il en est tout pr\u00e8s, avec son 44m18 du 9 juin, mais \u00eatre tout pr\u00e8s ne suffit pas. M\u00eame si cet \u00e9t\u00e9 2024 restera pour lui un tr\u00e8s bon cru (quoi qu&rsquo;il arrive d\u00e9sormais), ce 1m08, c&rsquo;est ce qui le s\u00e9pare d\u00e9sormais de la compl\u00e9tude absolue.<\/p>\n<p>En m\u00eame temps, si cet objectif n&rsquo;est pas atteint, ce n&rsquo;est pas grave non plus. Jules va arriver chez les cadets l&rsquo;an prochain et devrait continuer \u00e0 s&rsquo;amuser.<\/p>\n<p><a href=\"https:\/\/janze-athletisme.fr\/wordpress\/wp-content\/uploads\/2024\/06\/UGSEL-Strasbourg-18-19juin2024-6.jpg\"><img loading=\"lazy\" decoding=\"async\" class=\"alignnone wp-image-19694\" src=\"https:\/\/janze-athletisme.fr\/wordpress\/wp-content\/uploads\/2024\/06\/UGSEL-Strasbourg-18-19juin2024-6-300x225.jpg\" alt=\"\" width=\"283\" height=\"212\" srcset=\"https:\/\/janze-athletisme.fr\/wordpress\/wp-content\/uploads\/2024\/06\/UGSEL-Strasbourg-18-19juin2024-6-300x225.jpg 300w, https:\/\/janze-athletisme.fr\/wordpress\/wp-content\/uploads\/2024\/06\/UGSEL-Strasbourg-18-19juin2024-6-768x576.jpg 768w, https:\/\/janze-athletisme.fr\/wordpress\/wp-content\/uploads\/2024\/06\/UGSEL-Strasbourg-18-19juin2024-6.jpg 1024w\" sizes=\"auto, (max-width: 283px) 100vw, 283px\" \/> <\/a><a href=\"https:\/\/janze-athletisme.fr\/wordpress\/wp-content\/uploads\/2024\/06\/Records-de-Jules-au-javelot.jpg\"><img loading=\"lazy\" decoding=\"async\" class=\"alignnone wp-image-19695\" src=\"https:\/\/janze-athletisme.fr\/wordpress\/wp-content\/uploads\/2024\/06\/Records-de-Jules-au-javelot-300x179.jpg\" alt=\"\" width=\"358\" height=\"214\" srcset=\"https:\/\/janze-athletisme.fr\/wordpress\/wp-content\/uploads\/2024\/06\/Records-de-Jules-au-javelot-300x179.jpg 300w, https:\/\/janze-athletisme.fr\/wordpress\/wp-content\/uploads\/2024\/06\/Records-de-Jules-au-javelot-768x457.jpg 768w, https:\/\/janze-athletisme.fr\/wordpress\/wp-content\/uploads\/2024\/06\/Records-de-Jules-au-javelot.jpg 852w\" sizes=\"auto, (max-width: 358px) 100vw, 358px\" \/>\u00a0<\/a><a href=\"https:\/\/janze-athletisme.fr\/wordpress\/wp-content\/uploads\/2024\/06\/DSC_6483-2.jpg\"><img loading=\"lazy\" decoding=\"async\" class=\"alignnone wp-image-19696\" src=\"https:\/\/janze-athletisme.fr\/wordpress\/wp-content\/uploads\/2024\/06\/DSC_6483-2-200x300.jpg\" alt=\"\" width=\"143\" height=\"215\" \/><\/a><\/p>\n<p><span style=\"font-size: 10pt;\"><em>Jules 3e \u00e0 Strasbourg aux France UGSEL, avec le tableau de ses performances au javelot de 600 grammes et avec ses deux m\u00e9dailles de Janz\u00e9 (l&rsquo;argent de l&rsquo;octathlon du 6 avril, donn\u00e9e avec retard, et l&rsquo;or du titre d\u00e9partemental au javelot).<br \/>\n<\/em><\/span><\/p>\n<p><span style=\"text-decoration: underline;\">Omission importante<\/span> : avec ses performances de l&rsquo;ann\u00e9e, Jules devrait participer \u00e0 la Coupe de France et au stage Horizons, qui r\u00e9unit les meilleurs minimes Bretons. Jolie cons\u00e9cration. Il rejoint ainsi dans les annales Quentin Planchenault, qui a fait les deux l&rsquo;an pass\u00e9. Encore bravo Jules !<\/p>\n","protected":false},"excerpt":{"rendered":"<p>Jules Le Dorven, le javelot dans la peau Nous n&rsquo;avons pas pour habitude ici de mettre en avant des minimes de mani\u00e8re trop sp\u00e9cifique. Tellement de poussins, de benjamins et de minimes ont \u00e9t\u00e9 des champions pr\u00e9coces simplement parce qu&rsquo;ils avaient pris des centim\u00e8tres ou du poil au menton plus t\u00f4t que les autres que [&hellip;]<\/p>\n","protected":false},"author":12,"featured_media":19696,"comment_status":"open","ping_status":"open","sticky":false,"template":"","format":"aside","meta":{"_uag_custom_page_level_css":"","site-sidebar-layout":"default","site-content-layout":"","ast-site-content-layout":"default","site-content-style":"default","site-sidebar-style":"default","ast-global-header-display":"","ast-banner-title-visibility":"","ast-main-header-display":"","ast-hfb-above-header-display":"","ast-hfb-below-header-display":"","ast-hfb-mobile-header-display":"","site-post-title":"","ast-breadcrumbs-content":"","ast-featured-img":"","footer-sml-layout":"","ast-disable-related-posts":"","theme-transparent-header-meta":"default","adv-header-id-meta":"","stick-header-meta":"","header-above-stick-meta":"","header-main-stick-meta":"","header-below-stick-meta":"","astra-migrate-meta-layouts":"set","ast-page-background-enabled":"default","ast-page-background-meta":{"desktop":{"background-color":"var(--ast-global-color-4)","background-image":"","background-repeat":"repeat","background-position":"center center","background-size":"auto","background-attachment":"scroll","background-type":"","background-media":"","overlay-type":"","overlay-color":"","overlay-opacity":"","overlay-gradient":""},"tablet":{"background-color":"","background-image":"","background-repeat":"repeat","background-position":"center center","background-size":"auto","background-attachment":"scroll","background-type":"","background-media":"","overlay-type":"","overlay-color":"","overlay-opacity":"","overlay-gradient":""},"mobile":{"background-color":"","background-image":"","background-repeat":"repeat","background-position":"center center","background-size":"auto","background-attachment":"scroll","background-type":"","background-media":"","overlay-type":"","overlay-color":"","overlay-opacity":"","overlay-gradient":""}},"ast-content-background-meta":{"desktop":{"background-color":"var(--ast-global-color-5)","background-image":"","background-repeat":"repeat","background-position":"center center","background-size":"auto","background-attachment":"scroll","background-type":"","background-media":"","overlay-type":"","overlay-color":"","overlay-opacity":"","overlay-gradient":""},"tablet":{"background-color":"var(--ast-global-color-5)","background-image":"","background-repeat":"repeat","background-position":"center center","background-size":"auto","background-attachment":"scroll","background-type":"","background-media":"","overlay-type":"","overlay-color":"","overlay-opacity":"","overlay-gradient":""},"mobile":{"background-color":"var(--ast-global-color-5)","background-image":"","background-repeat":"repeat","background-position":"center center","background-size":"auto","background-attachment":"scroll","background-type":"","background-media":"","overlay-type":"","overlay-color":"","overlay-opacity":"","overlay-gradient":""}},"footnotes":""},"categories":[6],"tags":[],"class_list":["post-19693","post","type-post","status-publish","format-aside","has-post-thumbnail","hentry","category-sections","post_format-post-format-aside"],"yoast_head":"<!-- This site is optimized with the Yoast SEO plugin v27.5 - https:\/\/yoast.com\/product\/yoast-seo-wordpress\/ -->\n<title>Dix jours en or pour Jules - Janz\u00e9 Athl\u00e9tisme<\/title>\n<meta name=\"robots\" content=\"index, follow, max-snippet:-1, max-image-preview:large, max-video-preview:-1\" \/>\n<link rel=\"canonical\" href=\"https:\/\/janze-athletisme.fr\/wordpress\/dix-jours-en-or-pour-jules\/\" \/>\n<meta property=\"og:locale\" content=\"fr_FR\" \/>\n<meta property=\"og:type\" content=\"article\" \/>\n<meta property=\"og:title\" content=\"Dix jours en or pour Jules - Janz\u00e9 Athl\u00e9tisme\" \/>\n<meta property=\"og:description\" content=\"Jules Le Dorven, le javelot dans la peau Nous n&rsquo;avons pas pour habitude ici de mettre en avant des minimes de mani\u00e8re trop sp\u00e9cifique. Tellement de poussins, de benjamins et de minimes ont \u00e9t\u00e9 des champions pr\u00e9coces simplement parce qu&rsquo;ils avaient pris des centim\u00e8tres ou du poil au menton plus t\u00f4t que les autres que [&hellip;]\" \/>\n<meta property=\"og:url\" content=\"https:\/\/janze-athletisme.fr\/wordpress\/dix-jours-en-or-pour-jules\/\" \/>\n<meta property=\"og:site_name\" content=\"Janz\u00e9 Athl\u00e9tisme\" \/>\n<meta property=\"article:publisher\" content=\"https:\/\/www.facebook.com\/groups\/1007964579346590\" \/>\n<meta property=\"article:published_time\" content=\"2024-06-20T09:51:41+00:00\" \/>\n<meta property=\"article:modified_time\" content=\"2024-06-20T16:36:02+00:00\" \/>\n<meta property=\"og:image\" content=\"https:\/\/janze-athletisme.fr\/wordpress\/wp-content\/uploads\/2024\/06\/DSC_6483-2-e1718877090543.jpg\" \/>\n\t<meta property=\"og:image:width\" content=\"1000\" \/>\n\t<meta property=\"og:image:height\" content=\"1062\" \/>\n\t<meta property=\"og:image:type\" content=\"image\/jpeg\" \/>\n<meta name=\"author\" content=\"Laurent Meunier\" \/>\n<meta name=\"twitter:card\" content=\"summary_large_image\" \/>\n<meta name=\"twitter:label1\" content=\"\u00c9crit par\" \/>\n\t<meta name=\"twitter:data1\" content=\"Laurent Meunier\" \/>\n\t<meta name=\"twitter:label2\" content=\"Dur\u00e9e de lecture estim\u00e9e\" \/>\n\t<meta name=\"twitter:data2\" content=\"4 minutes\" \/>\n<script type=\"application\/ld+json\" class=\"yoast-schema-graph\">{\"@context\":\"https:\\\/\\\/schema.org\",\"@graph\":[{\"@type\":\"Article\",\"@id\":\"https:\\\/\\\/janze-athletisme.fr\\\/wordpress\\\/dix-jours-en-or-pour-jules\\\/#article\",\"isPartOf\":{\"@id\":\"https:\\\/\\\/janze-athletisme.fr\\\/wordpress\\\/dix-jours-en-or-pour-jules\\\/\"},\"author\":{\"name\":\"Laurent Meunier\",\"@id\":\"https:\\\/\\\/janze-athletisme.fr\\\/wordpress\\\/#\\\/schema\\\/person\\\/c7b063dcfa6234c041d4d9b26cc2ea03\"},\"headline\":\"Dix jours en or pour Jules\",\"datePublished\":\"2024-06-20T09:51:41+00:00\",\"dateModified\":\"2024-06-20T16:36:02+00:00\",\"mainEntityOfPage\":{\"@id\":\"https:\\\/\\\/janze-athletisme.fr\\\/wordpress\\\/dix-jours-en-or-pour-jules\\\/\"},\"wordCount\":592,\"commentCount\":0,\"publisher\":{\"@id\":\"https:\\\/\\\/janze-athletisme.fr\\\/wordpress\\\/#organization\"},\"image\":{\"@id\":\"https:\\\/\\\/janze-athletisme.fr\\\/wordpress\\\/dix-jours-en-or-pour-jules\\\/#primaryimage\"},\"thumbnailUrl\":\"https:\\\/\\\/janze-athletisme.fr\\\/wordpress\\\/wp-content\\\/uploads\\\/2024\\\/06\\\/DSC_6483-2-e1718877090543.jpg\",\"articleSection\":[\"Le club au jour le jour\"],\"inLanguage\":\"fr-FR\",\"potentialAction\":[{\"@type\":\"CommentAction\",\"name\":\"Comment\",\"target\":[\"https:\\\/\\\/janze-athletisme.fr\\\/wordpress\\\/dix-jours-en-or-pour-jules\\\/#respond\"]}]},{\"@type\":\"WebPage\",\"@id\":\"https:\\\/\\\/janze-athletisme.fr\\\/wordpress\\\/dix-jours-en-or-pour-jules\\\/\",\"url\":\"https:\\\/\\\/janze-athletisme.fr\\\/wordpress\\\/dix-jours-en-or-pour-jules\\\/\",\"name\":\"Dix jours en or pour Jules - Janz\u00e9 Athl\u00e9tisme\",\"isPartOf\":{\"@id\":\"https:\\\/\\\/janze-athletisme.fr\\\/wordpress\\\/#website\"},\"primaryImageOfPage\":{\"@id\":\"https:\\\/\\\/janze-athletisme.fr\\\/wordpress\\\/dix-jours-en-or-pour-jules\\\/#primaryimage\"},\"image\":{\"@id\":\"https:\\\/\\\/janze-athletisme.fr\\\/wordpress\\\/dix-jours-en-or-pour-jules\\\/#primaryimage\"},\"thumbnailUrl\":\"https:\\\/\\\/janze-athletisme.fr\\\/wordpress\\\/wp-content\\\/uploads\\\/2024\\\/06\\\/DSC_6483-2-e1718877090543.jpg\",\"datePublished\":\"2024-06-20T09:51:41+00:00\",\"dateModified\":\"2024-06-20T16:36:02+00:00\",\"breadcrumb\":{\"@id\":\"https:\\\/\\\/janze-athletisme.fr\\\/wordpress\\\/dix-jours-en-or-pour-jules\\\/#breadcrumb\"},\"inLanguage\":\"fr-FR\",\"potentialAction\":[{\"@type\":\"ReadAction\",\"target\":[\"https:\\\/\\\/janze-athletisme.fr\\\/wordpress\\\/dix-jours-en-or-pour-jules\\\/\"]}]},{\"@type\":\"ImageObject\",\"inLanguage\":\"fr-FR\",\"@id\":\"https:\\\/\\\/janze-athletisme.fr\\\/wordpress\\\/dix-jours-en-or-pour-jules\\\/#primaryimage\",\"url\":\"https:\\\/\\\/janze-athletisme.fr\\\/wordpress\\\/wp-content\\\/uploads\\\/2024\\\/06\\\/DSC_6483-2-e1718877090543.jpg\",\"contentUrl\":\"https:\\\/\\\/janze-athletisme.fr\\\/wordpress\\\/wp-content\\\/uploads\\\/2024\\\/06\\\/DSC_6483-2-e1718877090543.jpg\",\"width\":1000,\"height\":1062},{\"@type\":\"BreadcrumbList\",\"@id\":\"https:\\\/\\\/janze-athletisme.fr\\\/wordpress\\\/dix-jours-en-or-pour-jules\\\/#breadcrumb\",\"itemListElement\":[{\"@type\":\"ListItem\",\"position\":1,\"name\":\"Accueil\",\"item\":\"https:\\\/\\\/janze-athletisme.fr\\\/wordpress\\\/\"},{\"@type\":\"ListItem\",\"position\":2,\"name\":\"Dix jours en or pour Jules\"}]},{\"@type\":\"WebSite\",\"@id\":\"https:\\\/\\\/janze-athletisme.fr\\\/wordpress\\\/#website\",\"url\":\"https:\\\/\\\/janze-athletisme.fr\\\/wordpress\\\/\",\"name\":\"Janz\u00e9 Athl\u00e9tisme\",\"description\":\"Pays de La Roche aux F\u00e9es\",\"publisher\":{\"@id\":\"https:\\\/\\\/janze-athletisme.fr\\\/wordpress\\\/#organization\"},\"potentialAction\":[{\"@type\":\"SearchAction\",\"target\":{\"@type\":\"EntryPoint\",\"urlTemplate\":\"https:\\\/\\\/janze-athletisme.fr\\\/wordpress\\\/?s={search_term_string}\"},\"query-input\":{\"@type\":\"PropertyValueSpecification\",\"valueRequired\":true,\"valueName\":\"search_term_string\"}}],\"inLanguage\":\"fr-FR\"},{\"@type\":\"Organization\",\"@id\":\"https:\\\/\\\/janze-athletisme.fr\\\/wordpress\\\/#organization\",\"name\":\"Janz\u00e9 Athl\u00e9tisme\",\"url\":\"https:\\\/\\\/janze-athletisme.fr\\\/wordpress\\\/\",\"logo\":{\"@type\":\"ImageObject\",\"inLanguage\":\"fr-FR\",\"@id\":\"https:\\\/\\\/janze-athletisme.fr\\\/wordpress\\\/#\\\/schema\\\/logo\\\/image\\\/\",\"url\":\"https:\\\/\\\/janze-athletisme.fr\\\/wordpress\\\/wp-content\\\/uploads\\\/2015\\\/03\\\/logo-full1.jpg\",\"contentUrl\":\"https:\\\/\\\/janze-athletisme.fr\\\/wordpress\\\/wp-content\\\/uploads\\\/2015\\\/03\\\/logo-full1.jpg\",\"width\":437,\"height\":205,\"caption\":\"Janz\u00e9 Athl\u00e9tisme\"},\"image\":{\"@id\":\"https:\\\/\\\/janze-athletisme.fr\\\/wordpress\\\/#\\\/schema\\\/logo\\\/image\\\/\"},\"sameAs\":[\"https:\\\/\\\/www.facebook.com\\\/groups\\\/1007964579346590\"]},{\"@type\":\"Person\",\"@id\":\"https:\\\/\\\/janze-athletisme.fr\\\/wordpress\\\/#\\\/schema\\\/person\\\/c7b063dcfa6234c041d4d9b26cc2ea03\",\"name\":\"Laurent Meunier\",\"image\":{\"@type\":\"ImageObject\",\"inLanguage\":\"fr-FR\",\"@id\":\"https:\\\/\\\/secure.gravatar.com\\\/avatar\\\/dd25d581ad7c3349090f2fa6a9adb6bfa287e6a5dd8a5216a092727cd8749034?s=96&d=mm&r=g\",\"url\":\"https:\\\/\\\/secure.gravatar.com\\\/avatar\\\/dd25d581ad7c3349090f2fa6a9adb6bfa287e6a5dd8a5216a092727cd8749034?s=96&d=mm&r=g\",\"contentUrl\":\"https:\\\/\\\/secure.gravatar.com\\\/avatar\\\/dd25d581ad7c3349090f2fa6a9adb6bfa287e6a5dd8a5216a092727cd8749034?s=96&d=mm&r=g\",\"caption\":\"Laurent Meunier\"},\"url\":\"https:\\\/\\\/janze-athletisme.fr\\\/wordpress\\\/author\\\/laurent-meunier35\\\/\"}]}<\/script>\n<!-- \/ Yoast SEO plugin. -->","yoast_head_json":{"title":"Dix jours en or pour Jules - Janz\u00e9 Athl\u00e9tisme","robots":{"index":"index","follow":"follow","max-snippet":"max-snippet:-1","max-image-preview":"max-image-preview:large","max-video-preview":"max-video-preview:-1"},"canonical":"https:\/\/janze-athletisme.fr\/wordpress\/dix-jours-en-or-pour-jules\/","og_locale":"fr_FR","og_type":"article","og_title":"Dix jours en or pour Jules - Janz\u00e9 Athl\u00e9tisme","og_description":"Jules Le Dorven, le javelot dans la peau Nous n&rsquo;avons pas pour habitude ici de mettre en avant des minimes de mani\u00e8re trop sp\u00e9cifique. Tellement de poussins, de benjamins et de minimes ont \u00e9t\u00e9 des champions pr\u00e9coces simplement parce qu&rsquo;ils avaient pris des centim\u00e8tres ou du poil au menton plus t\u00f4t que les autres que [&hellip;]","og_url":"https:\/\/janze-athletisme.fr\/wordpress\/dix-jours-en-or-pour-jules\/","og_site_name":"Janz\u00e9 Athl\u00e9tisme","article_publisher":"https:\/\/www.facebook.com\/groups\/1007964579346590","article_published_time":"2024-06-20T09:51:41+00:00","article_modified_time":"2024-06-20T16:36:02+00:00","og_image":[{"width":1000,"height":1062,"url":"https:\/\/janze-athletisme.fr\/wordpress\/wp-content\/uploads\/2024\/06\/DSC_6483-2-e1718877090543.jpg","type":"image\/jpeg"}],"author":"Laurent Meunier","twitter_card":"summary_large_image","twitter_misc":{"\u00c9crit par":"Laurent Meunier","Dur\u00e9e de lecture estim\u00e9e":"4 minutes"},"schema":{"@context":"https:\/\/schema.org","@graph":[{"@type":"Article","@id":"https:\/\/janze-athletisme.fr\/wordpress\/dix-jours-en-or-pour-jules\/#article","isPartOf":{"@id":"https:\/\/janze-athletisme.fr\/wordpress\/dix-jours-en-or-pour-jules\/"},"author":{"name":"Laurent Meunier","@id":"https:\/\/janze-athletisme.fr\/wordpress\/#\/schema\/person\/c7b063dcfa6234c041d4d9b26cc2ea03"},"headline":"Dix jours en or pour Jules","datePublished":"2024-06-20T09:51:41+00:00","dateModified":"2024-06-20T16:36:02+00:00","mainEntityOfPage":{"@id":"https:\/\/janze-athletisme.fr\/wordpress\/dix-jours-en-or-pour-jules\/"},"wordCount":592,"commentCount":0,"publisher":{"@id":"https:\/\/janze-athletisme.fr\/wordpress\/#organization"},"image":{"@id":"https:\/\/janze-athletisme.fr\/wordpress\/dix-jours-en-or-pour-jules\/#primaryimage"},"thumbnailUrl":"https:\/\/janze-athletisme.fr\/wordpress\/wp-content\/uploads\/2024\/06\/DSC_6483-2-e1718877090543.jpg","articleSection":["Le club au jour le jour"],"inLanguage":"fr-FR","potentialAction":[{"@type":"CommentAction","name":"Comment","target":["https:\/\/janze-athletisme.fr\/wordpress\/dix-jours-en-or-pour-jules\/#respond"]}]},{"@type":"WebPage","@id":"https:\/\/janze-athletisme.fr\/wordpress\/dix-jours-en-or-pour-jules\/","url":"https:\/\/janze-athletisme.fr\/wordpress\/dix-jours-en-or-pour-jules\/","name":"Dix jours en or pour Jules - Janz\u00e9 Athl\u00e9tisme","isPartOf":{"@id":"https:\/\/janze-athletisme.fr\/wordpress\/#website"},"primaryImageOfPage":{"@id":"https:\/\/janze-athletisme.fr\/wordpress\/dix-jours-en-or-pour-jules\/#primaryimage"},"image":{"@id":"https:\/\/janze-athletisme.fr\/wordpress\/dix-jours-en-or-pour-jules\/#primaryimage"},"thumbnailUrl":"https:\/\/janze-athletisme.fr\/wordpress\/wp-content\/uploads\/2024\/06\/DSC_6483-2-e1718877090543.jpg","datePublished":"2024-06-20T09:51:41+00:00","dateModified":"2024-06-20T16:36:02+00:00","breadcrumb":{"@id":"https:\/\/janze-athletisme.fr\/wordpress\/dix-jours-en-or-pour-jules\/#breadcrumb"},"inLanguage":"fr-FR","potentialAction":[{"@type":"ReadAction","target":["https:\/\/janze-athletisme.fr\/wordpress\/dix-jours-en-or-pour-jules\/"]}]},{"@type":"ImageObject","inLanguage":"fr-FR","@id":"https:\/\/janze-athletisme.fr\/wordpress\/dix-jours-en-or-pour-jules\/#primaryimage","url":"https:\/\/janze-athletisme.fr\/wordpress\/wp-content\/uploads\/2024\/06\/DSC_6483-2-e1718877090543.jpg","contentUrl":"https:\/\/janze-athletisme.fr\/wordpress\/wp-content\/uploads\/2024\/06\/DSC_6483-2-e1718877090543.jpg","width":1000,"height":1062},{"@type":"BreadcrumbList","@id":"https:\/\/janze-athletisme.fr\/wordpress\/dix-jours-en-or-pour-jules\/#breadcrumb","itemListElement":[{"@type":"ListItem","position":1,"name":"Accueil","item":"https:\/\/janze-athletisme.fr\/wordpress\/"},{"@type":"ListItem","position":2,"name":"Dix jours en or pour Jules"}]},{"@type":"WebSite","@id":"https:\/\/janze-athletisme.fr\/wordpress\/#website","url":"https:\/\/janze-athletisme.fr\/wordpress\/","name":"Janz\u00e9 Athl\u00e9tisme","description":"Pays de La Roche aux F\u00e9es","publisher":{"@id":"https:\/\/janze-athletisme.fr\/wordpress\/#organization"},"potentialAction":[{"@type":"SearchAction","target":{"@type":"EntryPoint","urlTemplate":"https:\/\/janze-athletisme.fr\/wordpress\/?s={search_term_string}"},"query-input":{"@type":"PropertyValueSpecification","valueRequired":true,"valueName":"search_term_string"}}],"inLanguage":"fr-FR"},{"@type":"Organization","@id":"https:\/\/janze-athletisme.fr\/wordpress\/#organization","name":"Janz\u00e9 Athl\u00e9tisme","url":"https:\/\/janze-athletisme.fr\/wordpress\/","logo":{"@type":"ImageObject","inLanguage":"fr-FR","@id":"https:\/\/janze-athletisme.fr\/wordpress\/#\/schema\/logo\/image\/","url":"https:\/\/janze-athletisme.fr\/wordpress\/wp-content\/uploads\/2015\/03\/logo-full1.jpg","contentUrl":"https:\/\/janze-athletisme.fr\/wordpress\/wp-content\/uploads\/2015\/03\/logo-full1.jpg","width":437,"height":205,"caption":"Janz\u00e9 Athl\u00e9tisme"},"image":{"@id":"https:\/\/janze-athletisme.fr\/wordpress\/#\/schema\/logo\/image\/"},"sameAs":["https:\/\/www.facebook.com\/groups\/1007964579346590"]},{"@type":"Person","@id":"https:\/\/janze-athletisme.fr\/wordpress\/#\/schema\/person\/c7b063dcfa6234c041d4d9b26cc2ea03","name":"Laurent Meunier","image":{"@type":"ImageObject","inLanguage":"fr-FR","@id":"https:\/\/secure.gravatar.com\/avatar\/dd25d581ad7c3349090f2fa6a9adb6bfa287e6a5dd8a5216a092727cd8749034?s=96&d=mm&r=g","url":"https:\/\/secure.gravatar.com\/avatar\/dd25d581ad7c3349090f2fa6a9adb6bfa287e6a5dd8a5216a092727cd8749034?s=96&d=mm&r=g","contentUrl":"https:\/\/secure.gravatar.com\/avatar\/dd25d581ad7c3349090f2fa6a9adb6bfa287e6a5dd8a5216a092727cd8749034?s=96&d=mm&r=g","caption":"Laurent Meunier"},"url":"https:\/\/janze-athletisme.fr\/wordpress\/author\/laurent-meunier35\/"}]}},"uagb_featured_image_src":{"full":["https:\/\/janze-athletisme.fr\/wordpress\/wp-content\/uploads\/2024\/06\/DSC_6483-2-e1718877090543.jpg",1000,1062,false],"thumbnail":["https:\/\/janze-athletisme.fr\/wordpress\/wp-content\/uploads\/2024\/06\/DSC_6483-2-e1718877090543-150x150.jpg",150,150,true],"medium":["https:\/\/janze-athletisme.fr\/wordpress\/wp-content\/uploads\/2024\/06\/DSC_6483-2-e1718877090543-282x300.jpg",282,300,true],"medium_large":["https:\/\/janze-athletisme.fr\/wordpress\/wp-content\/uploads\/2024\/06\/DSC_6483-2-e1718877090543-768x816.jpg",768,816,true],"large":["https:\/\/janze-athletisme.fr\/wordpress\/wp-content\/uploads\/2024\/06\/DSC_6483-2-e1718877090543-964x1024.jpg",964,1024,true],"1536x1536":["https:\/\/janze-athletisme.fr\/wordpress\/wp-content\/uploads\/2024\/06\/DSC_6483-2-e1718877090543.jpg",1000,1062,false],"2048x2048":["https:\/\/janze-athletisme.fr\/wordpress\/wp-content\/uploads\/2024\/06\/DSC_6483-2-e1718877090543.jpg",1000,1062,false]},"uagb_author_info":{"display_name":"Laurent Meunier","author_link":"https:\/\/janze-athletisme.fr\/wordpress\/author\/laurent-meunier35\/"},"uagb_comment_info":0,"uagb_excerpt":"Jules Le Dorven, le javelot dans la peau Nous n&rsquo;avons pas pour habitude ici de mettre en avant des minimes de mani\u00e8re trop sp\u00e9cifique. Tellement de poussins, de benjamins et de minimes ont \u00e9t\u00e9 des champions pr\u00e9coces simplement parce qu&rsquo;ils avaient pris des centim\u00e8tres ou du poil au menton plus t\u00f4t que les autres que\u2026","_links":{"self":[{"href":"https:\/\/janze-athletisme.fr\/wordpress\/wp-json\/wp\/v2\/posts\/19693","targetHints":{"allow":["GET"]}}],"collection":[{"href":"https:\/\/janze-athletisme.fr\/wordpress\/wp-json\/wp\/v2\/posts"}],"about":[{"href":"https:\/\/janze-athletisme.fr\/wordpress\/wp-json\/wp\/v2\/types\/post"}],"author":[{"embeddable":true,"href":"https:\/\/janze-athletisme.fr\/wordpress\/wp-json\/wp\/v2\/users\/12"}],"replies":[{"embeddable":true,"href":"https:\/\/janze-athletisme.fr\/wordpress\/wp-json\/wp\/v2\/comments?post=19693"}],"version-history":[{"count":3,"href":"https:\/\/janze-athletisme.fr\/wordpress\/wp-json\/wp\/v2\/posts\/19693\/revisions"}],"predecessor-version":[{"id":19706,"href":"https:\/\/janze-athletisme.fr\/wordpress\/wp-json\/wp\/v2\/posts\/19693\/revisions\/19706"}],"wp:featuredmedia":[{"embeddable":true,"href":"https:\/\/janze-athletisme.fr\/wordpress\/wp-json\/wp\/v2\/media\/19696"}],"wp:attachment":[{"href":"https:\/\/janze-athletisme.fr\/wordpress\/wp-json\/wp\/v2\/media?parent=19693"}],"wp:term":[{"taxonomy":"category","embeddable":true,"href":"https:\/\/janze-athletisme.fr\/wordpress\/wp-json\/wp\/v2\/categories?post=19693"},{"taxonomy":"post_tag","embeddable":true,"href":"https:\/\/janze-athletisme.fr\/wordpress\/wp-json\/wp\/v2\/tags?post=19693"}],"curies":[{"name":"wp","href":"https:\/\/api.w.org\/{rel}","templated":true}]}}