{"id":19685,"date":"2024-06-19T18:15:20","date_gmt":"2024-06-19T16:15:20","guid":{"rendered":"https:\/\/janze-athletisme.fr\/wordpress\/?p=19685"},"modified":"2024-06-21T22:39:40","modified_gmt":"2024-06-21T20:39:40","slug":"de-tres-beaux-resultats-pour-nos-jeunes","status":"publish","type":"post","link":"https:\/\/janze-athletisme.fr\/wordpress\/de-tres-beaux-resultats-pour-nos-jeunes\/","title":{"rendered":"De tr\u00e8s beaux r\u00e9sultats pour nos jeunes"},"content":{"rendered":"<p><span style=\"font-size: 18pt;\"><strong>Championnat de France UGSEL, Strasbourg, 18\/19 juin<\/strong><\/span><\/p>\n<p>Avec sept m\u00e9dailles au total pour l&rsquo;EAC, dont quatre pour nos Janz\u00e9ens, c&rsquo;est mieux qu&rsquo;\u00e0 Lens en 2023, o\u00f9 seuls<strong> Quentin<\/strong> Planchenault, 2e sur 120m et 3e sur 80m MIM, <strong>Jules<\/strong> Le Dorven, d\u00e9j\u00e0 3<sup>e<\/sup> au javelot MIM, et <strong>Esteban<\/strong> Bouillaux, 3<sup>e<\/sup> du 1000m MIM, avaient ramen\u00e9 des breloques.<\/p>\n<p>Sur le strict plan des performances, c&rsquo;est meilleur \u00e9galement qu&rsquo;en 2023, avec trois performances au-del\u00e0 des 40 points \u00e0 la table de cotation (en ne comptant Jeanne Serraj qu&rsquo;une fois au 50m), contre une seule en 2023.<\/p>\n<p>\u00c0 noter \u00e9galement que nos jeunes ram\u00e8nent deux titres cette ann\u00e9e (Rose Mah\u00e9 \u00e0 la hauteur BEF et <strong>Manon<\/strong> Le Nard avec le relais 4x60m Minimes mixte).<\/p>\n<p>Bravo donc \u00e0 cette g\u00e9n\u00e9ration brillante, qui depuis avril, en diff\u00e9rentes occasions, a repr\u00e9sent\u00e9 nos couleurs avec brio.<\/p>\n<p>Tous les r\u00e9sultats pr\u00e9cis : <a href=\"https:\/\/www.ugsel.org\/2023-2024-athletisme-plein-air-bm\">https:\/\/www.ugsel.org\/2023-2024-athletisme-plein-air-bm<\/a><\/p>\n<p>Voici les \u00e9preuves, avec leurs r\u00e9sultats, dans l&rsquo;ordre o\u00f9 elles ont \u00e9t\u00e9 disput\u00e9es par nos athl\u00e8tes de l&rsquo;EAC (pr\u00e9noms en gras = Janz\u00e9ens licenci\u00e9s au club) :<\/p>\n<table style=\"width: 100%; height: 1502px;\">\n<tbody>\n<tr style=\"height: 74px;\">\n<td style=\"height: 74px;\" width=\"194\"><strong>Athl\u00e8te<\/strong><\/td>\n<td style=\"height: 74px; text-align: center;\" width=\"106\"><strong>\u00c9preuve<\/strong><\/td>\n<td style=\"height: 74px; text-align: center;\" width=\"100\"><strong>Performance<\/strong><\/td>\n<td style=\"height: 74px; text-align: center;\" width=\"67\"><strong>Place<\/strong><\/td>\n<td style=\"height: 74px; text-align: center;\" width=\"98\"><span style=\"font-size: 10pt;\"><strong>Points table de cotation<\/strong><\/span><\/td>\n<\/tr>\n<tr style=\"height: 68px;\">\n<td style=\"height: 68px;\" width=\"194\">Rose Mah\u00e9 (St Jo Bain)<\/td>\n<td style=\"height: 68px; text-align: center;\" width=\"106\">1000m BEF<\/td>\n<td style=\"height: 68px; text-align: center;\" width=\"100\">3&rsquo;10&Prime;45<\/td>\n<td style=\"height: 68px; text-align: center;\" width=\"67\"><span style=\"font-size: 18pt;\"><strong>3<sup>e<\/sup><\/strong><\/span><\/td>\n<td style=\"height: 68px; text-align: center;\" width=\"98\">44<\/td>\n<\/tr>\n<tr style=\"height: 68px;\">\n<td style=\"height: 68px;\" width=\"194\"><strong>Elouan<\/strong> L\u00e9v\u00eaque (St Jo Janz\u00e9)<\/td>\n<td style=\"height: 68px; text-align: center;\" width=\"106\">Longueur MIM<\/td>\n<td style=\"height: 68px; text-align: center;\" width=\"100\">5m07<\/td>\n<td style=\"height: 68px; text-align: center;\" width=\"67\">37<sup>e <\/sup><\/td>\n<td style=\"height: 68px; text-align: center;\" width=\"98\">27<\/td>\n<\/tr>\n<tr style=\"height: 68px;\">\n<td style=\"height: 68px;\" width=\"194\">Jeanne Serraj (L. Dolivet Cesson)<\/td>\n<td style=\"height: 68px; text-align: center;\" width=\"106\">50m BEF<\/td>\n<td style=\"height: 68px; text-align: center;\" width=\"100\">7&Prime;08<\/td>\n<td style=\"height: 68px; text-align: center;\" width=\"67\">s\u00e9ries<\/td>\n<td style=\"height: 68px; text-align: center;\" width=\"98\">42<\/td>\n<\/tr>\n<tr style=\"height: 68px;\">\n<td style=\"height: 68px;\" width=\"194\">St Jo Martign\u00e9 (dt <strong>Manon<\/strong> Le Nard)<\/td>\n<td style=\"height: 68px; text-align: center;\" width=\"106\">4 x 60m mixte<\/td>\n<td style=\"height: 68px; text-align: center;\" width=\"100\">30&Prime;90<\/td>\n<td style=\"height: 68px; text-align: center;\" width=\"67\"><span style=\"font-size: 18pt;\"><strong>1<sup>er<\/sup><\/strong><\/span><\/td>\n<td style=\"height: 68px; text-align: center;\" width=\"98\">28<\/td>\n<\/tr>\n<tr style=\"height: 68px;\">\n<td style=\"height: 68px;\" width=\"194\">Na\u00efs Louin (St Jo Ch\u00e2teaubourg)<\/td>\n<td style=\"height: 68px; text-align: center;\" width=\"106\">80m MIF<\/td>\n<td style=\"height: 68px; text-align: center;\" width=\"100\">11&Prime;69<\/td>\n<td style=\"height: 68px; text-align: center;\" width=\"67\">s\u00e9ries<\/td>\n<td style=\"height: 68px; text-align: center;\" width=\"98\">19<\/td>\n<\/tr>\n<tr style=\"height: 68px;\">\n<td style=\"height: 68px;\" width=\"194\"><strong>Justine<\/strong> Bourgault (St Jo Janz\u00e9)<\/td>\n<td style=\"height: 68px; text-align: center;\" width=\"106\">80m MIF<\/td>\n<td style=\"height: 68px; text-align: center;\" width=\"100\">10&Prime;95<\/td>\n<td style=\"height: 68px; text-align: center;\" width=\"67\">s\u00e9ries<\/td>\n<td style=\"height: 68px; text-align: center;\" width=\"98\">30<\/td>\n<\/tr>\n<tr style=\"height: 68px;\">\n<td style=\"height: 68px;\" width=\"194\"><strong>Jules<\/strong> Le Dorven (TA Rennes)<\/td>\n<td style=\"height: 68px; text-align: center;\" width=\"106\">100m haies<\/td>\n<td style=\"height: 68px; text-align: center;\" width=\"100\">15&Prime;68<\/td>\n<td style=\"height: 68px; text-align: center;\" width=\"67\">s\u00e9ries<\/td>\n<td style=\"height: 68px; text-align: center;\" width=\"98\">31<\/td>\n<\/tr>\n<tr style=\"height: 68px;\">\n<td style=\"height: 68px;\" width=\"194\">Rose Mah\u00e9 (St Jo Bain)<\/td>\n<td style=\"height: 68px; text-align: center;\" width=\"106\">Javelot BEF<\/td>\n<td style=\"height: 68px; text-align: center;\" width=\"100\">20m65<\/td>\n<td style=\"height: 68px; text-align: center;\" width=\"67\">11<sup>e<\/sup><\/td>\n<td style=\"height: 68px; text-align: center;\" width=\"98\">29<\/td>\n<\/tr>\n<tr style=\"height: 68px;\">\n<td style=\"height: 68px;\" width=\"194\">Jeanne Serraj (L. Dolivet Cesson)<\/td>\n<td style=\"height: 68px; text-align: center;\" width=\"106\">Triple saut BEF<\/td>\n<td style=\"height: 68px; text-align: center;\" width=\"100\">7m77<\/td>\n<td style=\"height: 68px; text-align: center;\" width=\"67\">42<sup>e <\/sup><\/td>\n<td style=\"height: 68px; text-align: center;\" width=\"98\">25<\/td>\n<\/tr>\n<tr style=\"height: 68px;\">\n<td style=\"height: 68px;\" width=\"194\">Rose Mah\u00e9 (St Jo Bain)<\/td>\n<td style=\"height: 68px; text-align: center;\" width=\"106\">Hauteur BEF<\/td>\n<td style=\"height: 68px; text-align: center;\" width=\"100\">1m43<\/td>\n<td style=\"height: 68px; text-align: center;\" width=\"67\"><span style=\"font-size: 18pt;\"><strong>1<\/strong><strong><sup> \u00e8re<\/sup><\/strong><\/span><\/td>\n<td style=\"height: 68px; text-align: center;\" width=\"98\">38<\/td>\n<\/tr>\n<tr style=\"height: 68px;\">\n<td style=\"height: 68px;\" width=\"194\"><strong>Rose<\/strong> Meyer-Blanchot (St Jo Janz\u00e9)<\/td>\n<td style=\"height: 68px; text-align: center;\" width=\"106\">1000m MIF<\/td>\n<td style=\"height: 68px; text-align: center;\" width=\"100\">3&rsquo;25&Prime;54<\/td>\n<td style=\"height: 68px; text-align: center;\" width=\"67\">16<sup> e <\/sup><\/td>\n<td style=\"height: 68px; text-align: center;\" width=\"98\">31<\/td>\n<\/tr>\n<tr style=\"height: 68px;\">\n<td style=\"height: 68px;\" width=\"194\"><strong>Justine<\/strong> Bourgault (St Jo Janz\u00e9)<\/td>\n<td style=\"height: 68px; text-align: center;\" width=\"106\">80m MIF<\/td>\n<td style=\"height: 68px; text-align: center;\" width=\"100\">10&Prime;93<\/td>\n<td style=\"height: 68px; text-align: center;\" width=\"67\">\u00bd finale<\/td>\n<td style=\"height: 68px; text-align: center;\" width=\"98\">30<\/td>\n<\/tr>\n<tr style=\"height: 68px;\">\n<td style=\"height: 68px;\" width=\"194\"><strong>Tha\u00efs, Lucile, Alice, Justine<\/strong> (St Jo J)<\/td>\n<td style=\"height: 68px; text-align: center;\" width=\"106\">4x60m MIF<\/td>\n<td style=\"height: 68px; text-align: center;\" width=\"100\">32&Prime;23<\/td>\n<td style=\"height: 68px; text-align: center;\" width=\"67\">s\u00e9ries<\/td>\n<td style=\"height: 68px; text-align: center;\" width=\"98\">29<\/td>\n<\/tr>\n<tr style=\"height: 68px;\">\n<td style=\"height: 68px;\" width=\"194\">Jeanne Serraj (L. Dolivet Cesson)<\/td>\n<td style=\"height: 68px; text-align: center;\" width=\"106\">50m BEF<\/td>\n<td style=\"height: 68px; text-align: center;\" width=\"100\">7&Prime;02<\/td>\n<td style=\"height: 68px; text-align: center;\" width=\"67\">\u00bd finale<\/td>\n<td style=\"height: 68px; text-align: center;\" width=\"98\">43<\/td>\n<\/tr>\n<tr style=\"height: 68px;\">\n<td style=\"height: 68px;\" width=\"194\"><strong>Mathis<\/strong> Montagne (St Jo Janz\u00e9)<\/td>\n<td style=\"height: 68px; text-align: center;\" width=\"106\">Hauteur BEM<\/td>\n<td style=\"height: 68px; text-align: center;\" width=\"100\">1m57<\/td>\n<td style=\"height: 68px; text-align: center;\" width=\"67\"><span style=\"font-size: 18pt;\"><strong>2<sup>e<\/sup><\/strong><\/span><\/td>\n<td style=\"height: 68px; text-align: center;\" width=\"98\">40<\/td>\n<\/tr>\n<tr style=\"height: 68px;\">\n<td style=\"height: 68px;\" width=\"194\">Cl\u00e9ment Bazin (St Jo Janz\u00e9)<\/td>\n<td style=\"height: 68px; text-align: center;\" width=\"106\">Hauteur BEM<\/td>\n<td style=\"height: 68px; text-align: center;\" width=\"100\">1m46<\/td>\n<td style=\"height: 68px; text-align: center;\" width=\"67\">14<sup> e <\/sup><\/td>\n<td style=\"height: 68px; text-align: center;\" width=\"98\">34<\/td>\n<\/tr>\n<tr style=\"height: 68px;\">\n<td style=\"height: 68px;\" width=\"194\">Jeanne Serraj (L. Dolivet Cesson)<\/td>\n<td style=\"height: 68px; text-align: center;\" width=\"106\">50m BEF<\/td>\n<td style=\"height: 68px; text-align: center;\" width=\"100\">6&Prime;92<\/td>\n<td style=\"height: 68px; text-align: center;\" width=\"67\"><span style=\"font-size: 18pt;\"><strong>2<sup>e<\/sup><\/strong><\/span><\/td>\n<td style=\"height: 68px; text-align: center;\" width=\"98\">45<\/td>\n<\/tr>\n<tr>\n<td><strong>Manon<\/strong> Le Nard (St Jo Martign\u00e9)<strong><br \/>\n<\/strong><\/td>\n<td style=\"text-align: center;\">Hauteur MIF<\/td>\n<td style=\"text-align: center;\">1m30<\/td>\n<td style=\"text-align: center;\"><span style=\"font-size: 18pt;\"><span style=\"font-size: 12pt;\">31<\/span><sup><span style=\"font-size: 12pt;\"> e<\/span> <\/sup><\/span><\/td>\n<td style=\"text-align: center;\">22<\/td>\n<\/tr>\n<tr style=\"height: 68px;\">\n<td style=\"height: 68px;\" width=\"194\"><strong>Justine<\/strong> Bourgault (St Jo Janz\u00e9)<\/td>\n<td style=\"height: 68px; text-align: center;\" width=\"106\">Triple saut MIF<\/td>\n<td style=\"height: 68px; text-align: center;\" width=\"100\">10m93<\/td>\n<td style=\"height: 68px; text-align: center;\" width=\"67\"><span style=\"font-size: 18pt;\"><strong>3<sup>e<\/sup><\/strong><\/span><\/td>\n<td style=\"height: 68px; text-align: center;\" width=\"98\">36<\/td>\n<\/tr>\n<tr style=\"height: 68px;\">\n<td style=\"height: 68px;\" width=\"194\">Na\u00efs Louin (St Jo Ch\u00e2teaubourg)<\/td>\n<td style=\"height: 68px; text-align: center;\" width=\"106\">Triple saut MIF<\/td>\n<td style=\"height: 68px; text-align: center;\" width=\"100\">9m08<\/td>\n<td style=\"height: 68px; text-align: center;\" width=\"67\">36<sup>e<\/sup><\/td>\n<td style=\"height: 68px; text-align: center;\" width=\"98\">22<\/td>\n<\/tr>\n<tr style=\"height: 68px;\">\n<td style=\"height: 68px;\" width=\"194\"><strong>Jules<\/strong> Le Dorven (TA Rennes)<\/td>\n<td style=\"height: 68px; text-align: center;\" width=\"106\">Javelot MIM<\/td>\n<td style=\"height: 68px; text-align: center;\" width=\"100\">40m37<\/td>\n<td style=\"height: 68px; text-align: center;\" width=\"67\"><span style=\"font-size: 18pt;\"><strong>3<sup>e<\/sup><\/strong><\/span><\/td>\n<td style=\"height: 68px; text-align: center;\" width=\"98\">33<\/td>\n<\/tr>\n<tr style=\"height: 68px;\">\n<td style=\"height: 68px;\" width=\"194\"><strong>Sharleen<\/strong> Bourdin (St-H\u00e9lier Rennes)<\/td>\n<td style=\"height: 68px; text-align: center;\" width=\"106\">Perche MIF<\/td>\n<td style=\"height: 68px; text-align: center;\" width=\"100\">2m23<\/td>\n<td style=\"height: 68px; text-align: center;\" width=\"67\">13 <sup>e<\/sup><\/td>\n<td style=\"height: 68px; text-align: center;\" width=\"98\">22<\/td>\n<\/tr>\n<\/tbody>\n<\/table>\n<p><a href=\"https:\/\/janze-athletisme.fr\/wordpress\/wp-content\/uploads\/2024\/06\/UGSEL-Strasbourg-18-19juin2024-5.jpeg\"><img loading=\"lazy\" decoding=\"async\" class=\"alignnone size-medium wp-image-19686\" src=\"https:\/\/janze-athletisme.fr\/wordpress\/wp-content\/uploads\/2024\/06\/UGSEL-Strasbourg-18-19juin2024-5-225x300.jpeg\" alt=\"\" width=\"225\" height=\"300\" \/> <\/a><a href=\"https:\/\/janze-athletisme.fr\/wordpress\/wp-content\/uploads\/2024\/06\/UGSEL-Strasbourg-18-19juin2024-2.jpeg\"><img loading=\"lazy\" decoding=\"async\" class=\"alignnone size-medium wp-image-19678\" src=\"https:\/\/janze-athletisme.fr\/wordpress\/wp-content\/uploads\/2024\/06\/UGSEL-Strasbourg-18-19juin2024-2-279x300.jpeg\" alt=\"\" width=\"279\" height=\"300\" srcset=\"https:\/\/janze-athletisme.fr\/wordpress\/wp-content\/uploads\/2024\/06\/UGSEL-Strasbourg-18-19juin2024-2-279x300.jpeg 279w, https:\/\/janze-athletisme.fr\/wordpress\/wp-content\/uploads\/2024\/06\/UGSEL-Strasbourg-18-19juin2024-2-951x1024.jpeg 951w, https:\/\/janze-athletisme.fr\/wordpress\/wp-content\/uploads\/2024\/06\/UGSEL-Strasbourg-18-19juin2024-2-768x827.jpeg 768w, https:\/\/janze-athletisme.fr\/wordpress\/wp-content\/uploads\/2024\/06\/UGSEL-Strasbourg-18-19juin2024-2.jpeg 1200w\" sizes=\"auto, (max-width: 279px) 100vw, 279px\" \/> <\/a><a href=\"https:\/\/janze-athletisme.fr\/wordpress\/wp-content\/uploads\/2024\/06\/UGSEL-Strasbourg-18-19juin2024.jpeg\"><img loading=\"lazy\" decoding=\"async\" class=\"alignnone size-medium wp-image-19680\" src=\"https:\/\/janze-athletisme.fr\/wordpress\/wp-content\/uploads\/2024\/06\/UGSEL-Strasbourg-18-19juin2024-300x300.jpeg\" alt=\"\" width=\"300\" height=\"300\" srcset=\"https:\/\/janze-athletisme.fr\/wordpress\/wp-content\/uploads\/2024\/06\/UGSEL-Strasbourg-18-19juin2024-300x300.jpeg 300w, https:\/\/janze-athletisme.fr\/wordpress\/wp-content\/uploads\/2024\/06\/UGSEL-Strasbourg-18-19juin2024-1024x1024.jpeg 1024w, https:\/\/janze-athletisme.fr\/wordpress\/wp-content\/uploads\/2024\/06\/UGSEL-Strasbourg-18-19juin2024-150x150.jpeg 150w, https:\/\/janze-athletisme.fr\/wordpress\/wp-content\/uploads\/2024\/06\/UGSEL-Strasbourg-18-19juin2024-768x768.jpeg 768w, https:\/\/janze-athletisme.fr\/wordpress\/wp-content\/uploads\/2024\/06\/UGSEL-Strasbourg-18-19juin2024.jpeg 1200w\" sizes=\"auto, (max-width: 300px) 100vw, 300px\" \/><\/a><\/p>\n<p><em><span style=\"font-size: 10pt;\">Justine, Mathis m\u00e9daill\u00e9s, et l&rsquo;\u00e9quipe de Saint-Jo Janz\u00e9.<\/span><\/em><\/p>\n","protected":false},"excerpt":{"rendered":"<p>Championnat de France UGSEL, Strasbourg, 18\/19 juin Avec sept m\u00e9dailles au total pour l&rsquo;EAC, dont quatre pour nos Janz\u00e9ens, c&rsquo;est mieux qu&rsquo;\u00e0 Lens en 2023, o\u00f9 seuls Quentin Planchenault, 2e sur 120m et 3e sur 80m MIM, Jules Le Dorven, d\u00e9j\u00e0 3e au javelot MIM, et Esteban Bouillaux, 3e du 1000m MIM, avaient ramen\u00e9 des [&hellip;]<\/p>\n","protected":false},"author":12,"featured_media":19686,"comment_status":"open","ping_status":"open","sticky":false,"template":"","format":"aside","meta":{"_uag_custom_page_level_css":"","site-sidebar-layout":"default","site-content-layout":"","ast-site-content-layout":"default","site-content-style":"default","site-sidebar-style":"default","ast-global-header-display":"","ast-banner-title-visibility":"","ast-main-header-display":"","ast-hfb-above-header-display":"","ast-hfb-below-header-display":"","ast-hfb-mobile-header-display":"","site-post-title":"","ast-breadcrumbs-content":"","ast-featured-img":"","footer-sml-layout":"","ast-disable-related-posts":"","theme-transparent-header-meta":"default","adv-header-id-meta":"","stick-header-meta":"","header-above-stick-meta":"","header-main-stick-meta":"","header-below-stick-meta":"","astra-migrate-meta-layouts":"set","ast-page-background-enabled":"default","ast-page-background-meta":{"desktop":{"background-color":"var(--ast-global-color-4)","background-image":"","background-repeat":"repeat","background-position":"center center","background-size":"auto","background-attachment":"scroll","background-type":"","background-media":"","overlay-type":"","overlay-color":"","overlay-opacity":"","overlay-gradient":""},"tablet":{"background-color":"","background-image":"","background-repeat":"repeat","background-position":"center center","background-size":"auto","background-attachment":"scroll","background-type":"","background-media":"","overlay-type":"","overlay-color":"","overlay-opacity":"","overlay-gradient":""},"mobile":{"background-color":"","background-image":"","background-repeat":"repeat","background-position":"center center","background-size":"auto","background-attachment":"scroll","background-type":"","background-media":"","overlay-type":"","overlay-color":"","overlay-opacity":"","overlay-gradient":""}},"ast-content-background-meta":{"desktop":{"background-color":"var(--ast-global-color-5)","background-image":"","background-repeat":"repeat","background-position":"center center","background-size":"auto","background-attachment":"scroll","background-type":"","background-media":"","overlay-type":"","overlay-color":"","overlay-opacity":"","overlay-gradient":""},"tablet":{"background-color":"var(--ast-global-color-5)","background-image":"","background-repeat":"repeat","background-position":"center center","background-size":"auto","background-attachment":"scroll","background-type":"","background-media":"","overlay-type":"","overlay-color":"","overlay-opacity":"","overlay-gradient":""},"mobile":{"background-color":"var(--ast-global-color-5)","background-image":"","background-repeat":"repeat","background-position":"center center","background-size":"auto","background-attachment":"scroll","background-type":"","background-media":"","overlay-type":"","overlay-color":"","overlay-opacity":"","overlay-gradient":""}},"footnotes":""},"categories":[6],"tags":[],"class_list":["post-19685","post","type-post","status-publish","format-aside","has-post-thumbnail","hentry","category-sections","post_format-post-format-aside"],"yoast_head":"<!-- This site is optimized with the Yoast SEO plugin v27.5 - https:\/\/yoast.com\/product\/yoast-seo-wordpress\/ -->\n<title>De tr\u00e8s beaux r\u00e9sultats pour nos jeunes - Janz\u00e9 Athl\u00e9tisme<\/title>\n<meta name=\"robots\" content=\"index, follow, max-snippet:-1, max-image-preview:large, max-video-preview:-1\" \/>\n<link rel=\"canonical\" href=\"https:\/\/janze-athletisme.fr\/wordpress\/de-tres-beaux-resultats-pour-nos-jeunes\/\" \/>\n<meta property=\"og:locale\" content=\"fr_FR\" \/>\n<meta property=\"og:type\" content=\"article\" \/>\n<meta property=\"og:title\" content=\"De tr\u00e8s beaux r\u00e9sultats pour nos jeunes - Janz\u00e9 Athl\u00e9tisme\" \/>\n<meta property=\"og:description\" content=\"Championnat de France UGSEL, Strasbourg, 18\/19 juin Avec sept m\u00e9dailles au total pour l&rsquo;EAC, dont quatre pour nos Janz\u00e9ens, c&rsquo;est mieux qu&rsquo;\u00e0 Lens en 2023, o\u00f9 seuls Quentin Planchenault, 2e sur 120m et 3e sur 80m MIM, Jules Le Dorven, d\u00e9j\u00e0 3e au javelot MIM, et Esteban Bouillaux, 3e du 1000m MIM, avaient ramen\u00e9 des [&hellip;]\" \/>\n<meta property=\"og:url\" content=\"https:\/\/janze-athletisme.fr\/wordpress\/de-tres-beaux-resultats-pour-nos-jeunes\/\" \/>\n<meta property=\"og:site_name\" content=\"Janz\u00e9 Athl\u00e9tisme\" \/>\n<meta property=\"article:publisher\" content=\"https:\/\/www.facebook.com\/groups\/1007964579346590\" \/>\n<meta property=\"article:published_time\" content=\"2024-06-19T16:15:20+00:00\" \/>\n<meta property=\"article:modified_time\" content=\"2024-06-21T20:39:40+00:00\" \/>\n<meta property=\"og:image\" content=\"https:\/\/janze-athletisme.fr\/wordpress\/wp-content\/uploads\/2024\/06\/UGSEL-Strasbourg-18-19juin2024-5-e1718813706283.jpeg\" \/>\n\t<meta property=\"og:image:width\" content=\"1200\" \/>\n\t<meta property=\"og:image:height\" content=\"1549\" \/>\n\t<meta property=\"og:image:type\" content=\"image\/jpeg\" \/>\n<meta name=\"author\" content=\"Laurent Meunier\" \/>\n<meta name=\"twitter:card\" content=\"summary_large_image\" \/>\n<meta name=\"twitter:label1\" content=\"\u00c9crit par\" \/>\n\t<meta name=\"twitter:data1\" content=\"Laurent Meunier\" \/>\n\t<meta name=\"twitter:label2\" content=\"Dur\u00e9e de lecture estim\u00e9e\" \/>\n\t<meta name=\"twitter:data2\" content=\"4 minutes\" \/>\n<script type=\"application\/ld+json\" class=\"yoast-schema-graph\">{\"@context\":\"https:\\\/\\\/schema.org\",\"@graph\":[{\"@type\":\"Article\",\"@id\":\"https:\\\/\\\/janze-athletisme.fr\\\/wordpress\\\/de-tres-beaux-resultats-pour-nos-jeunes\\\/#article\",\"isPartOf\":{\"@id\":\"https:\\\/\\\/janze-athletisme.fr\\\/wordpress\\\/de-tres-beaux-resultats-pour-nos-jeunes\\\/\"},\"author\":{\"name\":\"Laurent Meunier\",\"@id\":\"https:\\\/\\\/janze-athletisme.fr\\\/wordpress\\\/#\\\/schema\\\/person\\\/c7b063dcfa6234c041d4d9b26cc2ea03\"},\"headline\":\"De tr\u00e8s beaux r\u00e9sultats pour nos jeunes\",\"datePublished\":\"2024-06-19T16:15:20+00:00\",\"dateModified\":\"2024-06-21T20:39:40+00:00\",\"mainEntityOfPage\":{\"@id\":\"https:\\\/\\\/janze-athletisme.fr\\\/wordpress\\\/de-tres-beaux-resultats-pour-nos-jeunes\\\/\"},\"wordCount\":428,\"commentCount\":0,\"publisher\":{\"@id\":\"https:\\\/\\\/janze-athletisme.fr\\\/wordpress\\\/#organization\"},\"image\":{\"@id\":\"https:\\\/\\\/janze-athletisme.fr\\\/wordpress\\\/de-tres-beaux-resultats-pour-nos-jeunes\\\/#primaryimage\"},\"thumbnailUrl\":\"https:\\\/\\\/janze-athletisme.fr\\\/wordpress\\\/wp-content\\\/uploads\\\/2024\\\/06\\\/UGSEL-Strasbourg-18-19juin2024-5-e1718813706283.jpeg\",\"articleSection\":[\"Le club au jour le jour\"],\"inLanguage\":\"fr-FR\",\"potentialAction\":[{\"@type\":\"CommentAction\",\"name\":\"Comment\",\"target\":[\"https:\\\/\\\/janze-athletisme.fr\\\/wordpress\\\/de-tres-beaux-resultats-pour-nos-jeunes\\\/#respond\"]}]},{\"@type\":\"WebPage\",\"@id\":\"https:\\\/\\\/janze-athletisme.fr\\\/wordpress\\\/de-tres-beaux-resultats-pour-nos-jeunes\\\/\",\"url\":\"https:\\\/\\\/janze-athletisme.fr\\\/wordpress\\\/de-tres-beaux-resultats-pour-nos-jeunes\\\/\",\"name\":\"De tr\u00e8s beaux r\u00e9sultats pour nos jeunes - Janz\u00e9 Athl\u00e9tisme\",\"isPartOf\":{\"@id\":\"https:\\\/\\\/janze-athletisme.fr\\\/wordpress\\\/#website\"},\"primaryImageOfPage\":{\"@id\":\"https:\\\/\\\/janze-athletisme.fr\\\/wordpress\\\/de-tres-beaux-resultats-pour-nos-jeunes\\\/#primaryimage\"},\"image\":{\"@id\":\"https:\\\/\\\/janze-athletisme.fr\\\/wordpress\\\/de-tres-beaux-resultats-pour-nos-jeunes\\\/#primaryimage\"},\"thumbnailUrl\":\"https:\\\/\\\/janze-athletisme.fr\\\/wordpress\\\/wp-content\\\/uploads\\\/2024\\\/06\\\/UGSEL-Strasbourg-18-19juin2024-5-e1718813706283.jpeg\",\"datePublished\":\"2024-06-19T16:15:20+00:00\",\"dateModified\":\"2024-06-21T20:39:40+00:00\",\"breadcrumb\":{\"@id\":\"https:\\\/\\\/janze-athletisme.fr\\\/wordpress\\\/de-tres-beaux-resultats-pour-nos-jeunes\\\/#breadcrumb\"},\"inLanguage\":\"fr-FR\",\"potentialAction\":[{\"@type\":\"ReadAction\",\"target\":[\"https:\\\/\\\/janze-athletisme.fr\\\/wordpress\\\/de-tres-beaux-resultats-pour-nos-jeunes\\\/\"]}]},{\"@type\":\"ImageObject\",\"inLanguage\":\"fr-FR\",\"@id\":\"https:\\\/\\\/janze-athletisme.fr\\\/wordpress\\\/de-tres-beaux-resultats-pour-nos-jeunes\\\/#primaryimage\",\"url\":\"https:\\\/\\\/janze-athletisme.fr\\\/wordpress\\\/wp-content\\\/uploads\\\/2024\\\/06\\\/UGSEL-Strasbourg-18-19juin2024-5-e1718813706283.jpeg\",\"contentUrl\":\"https:\\\/\\\/janze-athletisme.fr\\\/wordpress\\\/wp-content\\\/uploads\\\/2024\\\/06\\\/UGSEL-Strasbourg-18-19juin2024-5-e1718813706283.jpeg\",\"width\":1200,\"height\":1549},{\"@type\":\"BreadcrumbList\",\"@id\":\"https:\\\/\\\/janze-athletisme.fr\\\/wordpress\\\/de-tres-beaux-resultats-pour-nos-jeunes\\\/#breadcrumb\",\"itemListElement\":[{\"@type\":\"ListItem\",\"position\":1,\"name\":\"Accueil\",\"item\":\"https:\\\/\\\/janze-athletisme.fr\\\/wordpress\\\/\"},{\"@type\":\"ListItem\",\"position\":2,\"name\":\"De tr\u00e8s beaux r\u00e9sultats pour nos jeunes\"}]},{\"@type\":\"WebSite\",\"@id\":\"https:\\\/\\\/janze-athletisme.fr\\\/wordpress\\\/#website\",\"url\":\"https:\\\/\\\/janze-athletisme.fr\\\/wordpress\\\/\",\"name\":\"Janz\u00e9 Athl\u00e9tisme\",\"description\":\"Pays de La Roche aux F\u00e9es\",\"publisher\":{\"@id\":\"https:\\\/\\\/janze-athletisme.fr\\\/wordpress\\\/#organization\"},\"potentialAction\":[{\"@type\":\"SearchAction\",\"target\":{\"@type\":\"EntryPoint\",\"urlTemplate\":\"https:\\\/\\\/janze-athletisme.fr\\\/wordpress\\\/?s={search_term_string}\"},\"query-input\":{\"@type\":\"PropertyValueSpecification\",\"valueRequired\":true,\"valueName\":\"search_term_string\"}}],\"inLanguage\":\"fr-FR\"},{\"@type\":\"Organization\",\"@id\":\"https:\\\/\\\/janze-athletisme.fr\\\/wordpress\\\/#organization\",\"name\":\"Janz\u00e9 Athl\u00e9tisme\",\"url\":\"https:\\\/\\\/janze-athletisme.fr\\\/wordpress\\\/\",\"logo\":{\"@type\":\"ImageObject\",\"inLanguage\":\"fr-FR\",\"@id\":\"https:\\\/\\\/janze-athletisme.fr\\\/wordpress\\\/#\\\/schema\\\/logo\\\/image\\\/\",\"url\":\"https:\\\/\\\/janze-athletisme.fr\\\/wordpress\\\/wp-content\\\/uploads\\\/2015\\\/03\\\/logo-full1.jpg\",\"contentUrl\":\"https:\\\/\\\/janze-athletisme.fr\\\/wordpress\\\/wp-content\\\/uploads\\\/2015\\\/03\\\/logo-full1.jpg\",\"width\":437,\"height\":205,\"caption\":\"Janz\u00e9 Athl\u00e9tisme\"},\"image\":{\"@id\":\"https:\\\/\\\/janze-athletisme.fr\\\/wordpress\\\/#\\\/schema\\\/logo\\\/image\\\/\"},\"sameAs\":[\"https:\\\/\\\/www.facebook.com\\\/groups\\\/1007964579346590\"]},{\"@type\":\"Person\",\"@id\":\"https:\\\/\\\/janze-athletisme.fr\\\/wordpress\\\/#\\\/schema\\\/person\\\/c7b063dcfa6234c041d4d9b26cc2ea03\",\"name\":\"Laurent Meunier\",\"image\":{\"@type\":\"ImageObject\",\"inLanguage\":\"fr-FR\",\"@id\":\"https:\\\/\\\/secure.gravatar.com\\\/avatar\\\/dd25d581ad7c3349090f2fa6a9adb6bfa287e6a5dd8a5216a092727cd8749034?s=96&d=mm&r=g\",\"url\":\"https:\\\/\\\/secure.gravatar.com\\\/avatar\\\/dd25d581ad7c3349090f2fa6a9adb6bfa287e6a5dd8a5216a092727cd8749034?s=96&d=mm&r=g\",\"contentUrl\":\"https:\\\/\\\/secure.gravatar.com\\\/avatar\\\/dd25d581ad7c3349090f2fa6a9adb6bfa287e6a5dd8a5216a092727cd8749034?s=96&d=mm&r=g\",\"caption\":\"Laurent Meunier\"},\"url\":\"https:\\\/\\\/janze-athletisme.fr\\\/wordpress\\\/author\\\/laurent-meunier35\\\/\"}]}<\/script>\n<!-- \/ Yoast SEO plugin. -->","yoast_head_json":{"title":"De tr\u00e8s beaux r\u00e9sultats pour nos jeunes - Janz\u00e9 Athl\u00e9tisme","robots":{"index":"index","follow":"follow","max-snippet":"max-snippet:-1","max-image-preview":"max-image-preview:large","max-video-preview":"max-video-preview:-1"},"canonical":"https:\/\/janze-athletisme.fr\/wordpress\/de-tres-beaux-resultats-pour-nos-jeunes\/","og_locale":"fr_FR","og_type":"article","og_title":"De tr\u00e8s beaux r\u00e9sultats pour nos jeunes - Janz\u00e9 Athl\u00e9tisme","og_description":"Championnat de France UGSEL, Strasbourg, 18\/19 juin Avec sept m\u00e9dailles au total pour l&rsquo;EAC, dont quatre pour nos Janz\u00e9ens, c&rsquo;est mieux qu&rsquo;\u00e0 Lens en 2023, o\u00f9 seuls Quentin Planchenault, 2e sur 120m et 3e sur 80m MIM, Jules Le Dorven, d\u00e9j\u00e0 3e au javelot MIM, et Esteban Bouillaux, 3e du 1000m MIM, avaient ramen\u00e9 des [&hellip;]","og_url":"https:\/\/janze-athletisme.fr\/wordpress\/de-tres-beaux-resultats-pour-nos-jeunes\/","og_site_name":"Janz\u00e9 Athl\u00e9tisme","article_publisher":"https:\/\/www.facebook.com\/groups\/1007964579346590","article_published_time":"2024-06-19T16:15:20+00:00","article_modified_time":"2024-06-21T20:39:40+00:00","og_image":[{"width":1200,"height":1549,"url":"https:\/\/janze-athletisme.fr\/wordpress\/wp-content\/uploads\/2024\/06\/UGSEL-Strasbourg-18-19juin2024-5-e1718813706283.jpeg","type":"image\/jpeg"}],"author":"Laurent Meunier","twitter_card":"summary_large_image","twitter_misc":{"\u00c9crit par":"Laurent Meunier","Dur\u00e9e de lecture estim\u00e9e":"4 minutes"},"schema":{"@context":"https:\/\/schema.org","@graph":[{"@type":"Article","@id":"https:\/\/janze-athletisme.fr\/wordpress\/de-tres-beaux-resultats-pour-nos-jeunes\/#article","isPartOf":{"@id":"https:\/\/janze-athletisme.fr\/wordpress\/de-tres-beaux-resultats-pour-nos-jeunes\/"},"author":{"name":"Laurent Meunier","@id":"https:\/\/janze-athletisme.fr\/wordpress\/#\/schema\/person\/c7b063dcfa6234c041d4d9b26cc2ea03"},"headline":"De tr\u00e8s beaux r\u00e9sultats pour nos jeunes","datePublished":"2024-06-19T16:15:20+00:00","dateModified":"2024-06-21T20:39:40+00:00","mainEntityOfPage":{"@id":"https:\/\/janze-athletisme.fr\/wordpress\/de-tres-beaux-resultats-pour-nos-jeunes\/"},"wordCount":428,"commentCount":0,"publisher":{"@id":"https:\/\/janze-athletisme.fr\/wordpress\/#organization"},"image":{"@id":"https:\/\/janze-athletisme.fr\/wordpress\/de-tres-beaux-resultats-pour-nos-jeunes\/#primaryimage"},"thumbnailUrl":"https:\/\/janze-athletisme.fr\/wordpress\/wp-content\/uploads\/2024\/06\/UGSEL-Strasbourg-18-19juin2024-5-e1718813706283.jpeg","articleSection":["Le club au jour le jour"],"inLanguage":"fr-FR","potentialAction":[{"@type":"CommentAction","name":"Comment","target":["https:\/\/janze-athletisme.fr\/wordpress\/de-tres-beaux-resultats-pour-nos-jeunes\/#respond"]}]},{"@type":"WebPage","@id":"https:\/\/janze-athletisme.fr\/wordpress\/de-tres-beaux-resultats-pour-nos-jeunes\/","url":"https:\/\/janze-athletisme.fr\/wordpress\/de-tres-beaux-resultats-pour-nos-jeunes\/","name":"De tr\u00e8s beaux r\u00e9sultats pour nos jeunes - Janz\u00e9 Athl\u00e9tisme","isPartOf":{"@id":"https:\/\/janze-athletisme.fr\/wordpress\/#website"},"primaryImageOfPage":{"@id":"https:\/\/janze-athletisme.fr\/wordpress\/de-tres-beaux-resultats-pour-nos-jeunes\/#primaryimage"},"image":{"@id":"https:\/\/janze-athletisme.fr\/wordpress\/de-tres-beaux-resultats-pour-nos-jeunes\/#primaryimage"},"thumbnailUrl":"https:\/\/janze-athletisme.fr\/wordpress\/wp-content\/uploads\/2024\/06\/UGSEL-Strasbourg-18-19juin2024-5-e1718813706283.jpeg","datePublished":"2024-06-19T16:15:20+00:00","dateModified":"2024-06-21T20:39:40+00:00","breadcrumb":{"@id":"https:\/\/janze-athletisme.fr\/wordpress\/de-tres-beaux-resultats-pour-nos-jeunes\/#breadcrumb"},"inLanguage":"fr-FR","potentialAction":[{"@type":"ReadAction","target":["https:\/\/janze-athletisme.fr\/wordpress\/de-tres-beaux-resultats-pour-nos-jeunes\/"]}]},{"@type":"ImageObject","inLanguage":"fr-FR","@id":"https:\/\/janze-athletisme.fr\/wordpress\/de-tres-beaux-resultats-pour-nos-jeunes\/#primaryimage","url":"https:\/\/janze-athletisme.fr\/wordpress\/wp-content\/uploads\/2024\/06\/UGSEL-Strasbourg-18-19juin2024-5-e1718813706283.jpeg","contentUrl":"https:\/\/janze-athletisme.fr\/wordpress\/wp-content\/uploads\/2024\/06\/UGSEL-Strasbourg-18-19juin2024-5-e1718813706283.jpeg","width":1200,"height":1549},{"@type":"BreadcrumbList","@id":"https:\/\/janze-athletisme.fr\/wordpress\/de-tres-beaux-resultats-pour-nos-jeunes\/#breadcrumb","itemListElement":[{"@type":"ListItem","position":1,"name":"Accueil","item":"https:\/\/janze-athletisme.fr\/wordpress\/"},{"@type":"ListItem","position":2,"name":"De tr\u00e8s beaux r\u00e9sultats pour nos jeunes"}]},{"@type":"WebSite","@id":"https:\/\/janze-athletisme.fr\/wordpress\/#website","url":"https:\/\/janze-athletisme.fr\/wordpress\/","name":"Janz\u00e9 Athl\u00e9tisme","description":"Pays de La Roche aux F\u00e9es","publisher":{"@id":"https:\/\/janze-athletisme.fr\/wordpress\/#organization"},"potentialAction":[{"@type":"SearchAction","target":{"@type":"EntryPoint","urlTemplate":"https:\/\/janze-athletisme.fr\/wordpress\/?s={search_term_string}"},"query-input":{"@type":"PropertyValueSpecification","valueRequired":true,"valueName":"search_term_string"}}],"inLanguage":"fr-FR"},{"@type":"Organization","@id":"https:\/\/janze-athletisme.fr\/wordpress\/#organization","name":"Janz\u00e9 Athl\u00e9tisme","url":"https:\/\/janze-athletisme.fr\/wordpress\/","logo":{"@type":"ImageObject","inLanguage":"fr-FR","@id":"https:\/\/janze-athletisme.fr\/wordpress\/#\/schema\/logo\/image\/","url":"https:\/\/janze-athletisme.fr\/wordpress\/wp-content\/uploads\/2015\/03\/logo-full1.jpg","contentUrl":"https:\/\/janze-athletisme.fr\/wordpress\/wp-content\/uploads\/2015\/03\/logo-full1.jpg","width":437,"height":205,"caption":"Janz\u00e9 Athl\u00e9tisme"},"image":{"@id":"https:\/\/janze-athletisme.fr\/wordpress\/#\/schema\/logo\/image\/"},"sameAs":["https:\/\/www.facebook.com\/groups\/1007964579346590"]},{"@type":"Person","@id":"https:\/\/janze-athletisme.fr\/wordpress\/#\/schema\/person\/c7b063dcfa6234c041d4d9b26cc2ea03","name":"Laurent Meunier","image":{"@type":"ImageObject","inLanguage":"fr-FR","@id":"https:\/\/secure.gravatar.com\/avatar\/dd25d581ad7c3349090f2fa6a9adb6bfa287e6a5dd8a5216a092727cd8749034?s=96&d=mm&r=g","url":"https:\/\/secure.gravatar.com\/avatar\/dd25d581ad7c3349090f2fa6a9adb6bfa287e6a5dd8a5216a092727cd8749034?s=96&d=mm&r=g","contentUrl":"https:\/\/secure.gravatar.com\/avatar\/dd25d581ad7c3349090f2fa6a9adb6bfa287e6a5dd8a5216a092727cd8749034?s=96&d=mm&r=g","caption":"Laurent Meunier"},"url":"https:\/\/janze-athletisme.fr\/wordpress\/author\/laurent-meunier35\/"}]}},"uagb_featured_image_src":{"full":["https:\/\/janze-athletisme.fr\/wordpress\/wp-content\/uploads\/2024\/06\/UGSEL-Strasbourg-18-19juin2024-5-e1718813706283.jpeg",1200,1549,false],"thumbnail":["https:\/\/janze-athletisme.fr\/wordpress\/wp-content\/uploads\/2024\/06\/UGSEL-Strasbourg-18-19juin2024-5-e1718813706283-150x150.jpeg",150,150,true],"medium":["https:\/\/janze-athletisme.fr\/wordpress\/wp-content\/uploads\/2024\/06\/UGSEL-Strasbourg-18-19juin2024-5-e1718813706283-232x300.jpeg",232,300,true],"medium_large":["https:\/\/janze-athletisme.fr\/wordpress\/wp-content\/uploads\/2024\/06\/UGSEL-Strasbourg-18-19juin2024-5-e1718813706283-768x991.jpeg",768,991,true],"large":["https:\/\/janze-athletisme.fr\/wordpress\/wp-content\/uploads\/2024\/06\/UGSEL-Strasbourg-18-19juin2024-5-e1718813706283-793x1024.jpeg",793,1024,true],"1536x1536":["https:\/\/janze-athletisme.fr\/wordpress\/wp-content\/uploads\/2024\/06\/UGSEL-Strasbourg-18-19juin2024-5-e1718813706283-1190x1536.jpeg",1190,1536,true],"2048x2048":["https:\/\/janze-athletisme.fr\/wordpress\/wp-content\/uploads\/2024\/06\/UGSEL-Strasbourg-18-19juin2024-5-e1718813706283.jpeg",1200,1549,false]},"uagb_author_info":{"display_name":"Laurent Meunier","author_link":"https:\/\/janze-athletisme.fr\/wordpress\/author\/laurent-meunier35\/"},"uagb_comment_info":0,"uagb_excerpt":"Championnat de France UGSEL, Strasbourg, 18\/19 juin Avec sept m\u00e9dailles au total pour l&rsquo;EAC, dont quatre pour nos Janz\u00e9ens, c&rsquo;est mieux qu&rsquo;\u00e0 Lens en 2023, o\u00f9 seuls Quentin Planchenault, 2e sur 120m et 3e sur 80m MIM, Jules Le Dorven, d\u00e9j\u00e0 3e au javelot MIM, et Esteban Bouillaux, 3e du 1000m MIM, avaient ramen\u00e9 des\u2026","_links":{"self":[{"href":"https:\/\/janze-athletisme.fr\/wordpress\/wp-json\/wp\/v2\/posts\/19685","targetHints":{"allow":["GET"]}}],"collection":[{"href":"https:\/\/janze-athletisme.fr\/wordpress\/wp-json\/wp\/v2\/posts"}],"about":[{"href":"https:\/\/janze-athletisme.fr\/wordpress\/wp-json\/wp\/v2\/types\/post"}],"author":[{"embeddable":true,"href":"https:\/\/janze-athletisme.fr\/wordpress\/wp-json\/wp\/v2\/users\/12"}],"replies":[{"embeddable":true,"href":"https:\/\/janze-athletisme.fr\/wordpress\/wp-json\/wp\/v2\/comments?post=19685"}],"version-history":[{"count":5,"href":"https:\/\/janze-athletisme.fr\/wordpress\/wp-json\/wp\/v2\/posts\/19685\/revisions"}],"predecessor-version":[{"id":19732,"href":"https:\/\/janze-athletisme.fr\/wordpress\/wp-json\/wp\/v2\/posts\/19685\/revisions\/19732"}],"wp:featuredmedia":[{"embeddable":true,"href":"https:\/\/janze-athletisme.fr\/wordpress\/wp-json\/wp\/v2\/media\/19686"}],"wp:attachment":[{"href":"https:\/\/janze-athletisme.fr\/wordpress\/wp-json\/wp\/v2\/media?parent=19685"}],"wp:term":[{"taxonomy":"category","embeddable":true,"href":"https:\/\/janze-athletisme.fr\/wordpress\/wp-json\/wp\/v2\/categories?post=19685"},{"taxonomy":"post_tag","embeddable":true,"href":"https:\/\/janze-athletisme.fr\/wordpress\/wp-json\/wp\/v2\/tags?post=19685"}],"curies":[{"name":"wp","href":"https:\/\/api.w.org\/{rel}","templated":true}]}}