{"id":19677,"date":"2024-06-19T09:45:45","date_gmt":"2024-06-19T07:45:45","guid":{"rendered":"https:\/\/janze-athletisme.fr\/wordpress\/?p=19677"},"modified":"2024-06-19T09:57:51","modified_gmt":"2024-06-19T07:57:51","slug":"un-mathis-record-a-1m57","status":"publish","type":"post","link":"https:\/\/janze-athletisme.fr\/wordpress\/un-mathis-record-a-1m57\/","title":{"rendered":"Un Mathis record \u00e0 1m57 !"},"content":{"rendered":"<p><span style=\"font-size: 18pt;\"><strong>Championnat de France UGSEL, Strasbourg, 18\/19 juin<\/strong><\/span><\/p>\n<p>Au matin du 2<sup>e<\/sup> jour de comp\u00e9tition, voici les infos toutes fra\u00eeches, en provenance directes de Pierrick Mah\u00e9 (pour Saint-Jo Janz\u00e9), \u00e0 Strasbourg\u2026<\/p>\n<p>On vous a d\u00e9j\u00e0 fait la blague du <strong>Mathis<\/strong> Montagne qui atteint des sommets, mais, sauf \u00e0 ce qu&rsquo;il passe \u00e0 la longueur, il va falloir s&rsquo;y faire : hier il a battu son record (1m57 contre 1m56) et termine 2<sup>e<\/sup> du concours de hauteur BEM (benjamins). Le voici vice-champion de France UGSEL. Son pote Cl\u00e9ment Bazin, qui l&rsquo;avait battu aux R\u00e9gionaux UGSEL fin mai, franchit un bon 1m46.<\/p>\n<p><strong>Justine<\/strong> Bourgault (MIF) s&rsquo;est qualifi\u00e9e pour les 1\/2 finales du 80m en 10\u2019\u00b495 (course \u00e0 10h). Elle disputera \u00e9galement \u00e0 15h30 son concours de triple saut, avec un r\u00e9el espoir de m\u00e9daille.<\/p>\n<p>Le relais MIF (<strong>Lucile<\/strong> Aubin, <strong>Alice<\/strong> Bou\u00e9, <strong>Tha\u00efs<\/strong> Ginguen\u00e9, Justine Bourgault) bat son record UGSEL (32&Prime;23) mais sans parvenir \u00e0 se qualifier pour les \u00bd finales.<\/p>\n<p><strong>Elouan <\/strong>Leveque a fait ses quatre sauts en longueur MIM entre 5,02 et 5,07. Il est d\u00e9\u00e7u car son record est \u00e0 5,73m.<\/p>\n<p>Apr\u00e8s sa 3<sup>e<\/sup> place du matin sur le 1000m, Rose Mah\u00e9 a termin\u00e9 11<sup>e<\/sup> en javelot BEF, avec un lancer \u00e0 20,65m. Il lui reste encore \u00e0 disputer la hauteur.<\/p>\n<p><strong>Rose<\/strong> Meyer-Blanchot est en cours d\u2019\u00e9chauffement pour son 1000m MIF (9h40).<\/p>\n<p>\u00c0 noter encore que Jeanne Serraj (L. Dolivet \/ Cesson) est qualifi\u00e9e pour la \u00bd finale du 50m BEF, que <strong>Manon<\/strong> Le Nard gagne le relais mixte avec son \u00e9quipe de Saint-Jo Martign\u00e9-Ferchaud (ils sont champions de France \/ bravo Manon !), et enfin que <strong>Jules<\/strong> Le Dorven r\u00e9alise 15&rsquo;68 en s\u00e9ries du 100m haies. Il va disputer aujourd&rsquo;hui son concours de javelot, avec l\u00e0 aussi une r\u00e9elle chance de m\u00e9daille.<\/p>\n<p>On peut suivre tous les r\u00e9sultats en direct via ce lien : <a href=\"https:\/\/www.ugsel.org\/2023-2024-athletisme-plein-air-bm\">https:\/\/www.ugsel.org\/2023-2024-athletisme-plein-air-bm<\/a><\/p>\n<p><a href=\"https:\/\/janze-athletisme.fr\/wordpress\/wp-content\/uploads\/2024\/06\/UGSEL-Strasbourg-18-19juin2024-2.jpeg\"><img loading=\"lazy\" decoding=\"async\" class=\"alignnone size-medium wp-image-19678\" src=\"https:\/\/janze-athletisme.fr\/wordpress\/wp-content\/uploads\/2024\/06\/UGSEL-Strasbourg-18-19juin2024-2-279x300.jpeg\" alt=\"\" width=\"279\" height=\"300\" srcset=\"https:\/\/janze-athletisme.fr\/wordpress\/wp-content\/uploads\/2024\/06\/UGSEL-Strasbourg-18-19juin2024-2-279x300.jpeg 279w, https:\/\/janze-athletisme.fr\/wordpress\/wp-content\/uploads\/2024\/06\/UGSEL-Strasbourg-18-19juin2024-2-951x1024.jpeg 951w, https:\/\/janze-athletisme.fr\/wordpress\/wp-content\/uploads\/2024\/06\/UGSEL-Strasbourg-18-19juin2024-2-768x827.jpeg 768w, https:\/\/janze-athletisme.fr\/wordpress\/wp-content\/uploads\/2024\/06\/UGSEL-Strasbourg-18-19juin2024-2.jpeg 1200w\" sizes=\"auto, (max-width: 279px) 100vw, 279px\" \/><\/a> <a href=\"https:\/\/janze-athletisme.fr\/wordpress\/wp-content\/uploads\/2024\/06\/UGSEL-Strasbourg-18-19juin2024-3.jpeg\"><img loading=\"lazy\" decoding=\"async\" class=\"alignnone size-medium wp-image-19679\" src=\"https:\/\/janze-athletisme.fr\/wordpress\/wp-content\/uploads\/2024\/06\/UGSEL-Strasbourg-18-19juin2024-3-199x300.jpeg\" alt=\"\" width=\"199\" height=\"300\" \/> <\/a><a href=\"https:\/\/janze-athletisme.fr\/wordpress\/wp-content\/uploads\/2024\/06\/UGSEL-Strasbourg-18-19juin2024.jpeg\"><img loading=\"lazy\" decoding=\"async\" class=\"alignnone size-medium wp-image-19680\" src=\"https:\/\/janze-athletisme.fr\/wordpress\/wp-content\/uploads\/2024\/06\/UGSEL-Strasbourg-18-19juin2024-300x300.jpeg\" alt=\"\" width=\"300\" height=\"300\" srcset=\"https:\/\/janze-athletisme.fr\/wordpress\/wp-content\/uploads\/2024\/06\/UGSEL-Strasbourg-18-19juin2024-300x300.jpeg 300w, https:\/\/janze-athletisme.fr\/wordpress\/wp-content\/uploads\/2024\/06\/UGSEL-Strasbourg-18-19juin2024-1024x1024.jpeg 1024w, https:\/\/janze-athletisme.fr\/wordpress\/wp-content\/uploads\/2024\/06\/UGSEL-Strasbourg-18-19juin2024-150x150.jpeg 150w, https:\/\/janze-athletisme.fr\/wordpress\/wp-content\/uploads\/2024\/06\/UGSEL-Strasbourg-18-19juin2024-768x768.jpeg 768w, https:\/\/janze-athletisme.fr\/wordpress\/wp-content\/uploads\/2024\/06\/UGSEL-Strasbourg-18-19juin2024.jpeg 1200w\" sizes=\"auto, (max-width: 300px) 100vw, 300px\" \/><\/a><\/p>\n<p><span style=\"font-size: 10pt;\"><em>Mathis Montagne, vice-champion de France UGSEL en hauteur BEM, et l&rsquo;\u00e9quipe de Saint-Jo au complet.<\/em><\/span><\/p>\n","protected":false},"excerpt":{"rendered":"<p>Championnat de France UGSEL, Strasbourg, 18\/19 juin Au matin du 2e jour de comp\u00e9tition, voici les infos toutes fra\u00eeches, en provenance directes de Pierrick Mah\u00e9 (pour Saint-Jo Janz\u00e9), \u00e0 Strasbourg\u2026 On vous a d\u00e9j\u00e0 fait la blague du Mathis Montagne qui atteint des sommets, mais, sauf \u00e0 ce qu&rsquo;il passe \u00e0 la longueur, il va [&hellip;]<\/p>\n","protected":false},"author":12,"featured_media":19679,"comment_status":"open","ping_status":"open","sticky":false,"template":"","format":"aside","meta":{"_uag_custom_page_level_css":"","site-sidebar-layout":"default","site-content-layout":"","ast-site-content-layout":"default","site-content-style":"default","site-sidebar-style":"default","ast-global-header-display":"","ast-banner-title-visibility":"","ast-main-header-display":"","ast-hfb-above-header-display":"","ast-hfb-below-header-display":"","ast-hfb-mobile-header-display":"","site-post-title":"","ast-breadcrumbs-content":"","ast-featured-img":"","footer-sml-layout":"","ast-disable-related-posts":"","theme-transparent-header-meta":"default","adv-header-id-meta":"","stick-header-meta":"","header-above-stick-meta":"","header-main-stick-meta":"","header-below-stick-meta":"","astra-migrate-meta-layouts":"set","ast-page-background-enabled":"default","ast-page-background-meta":{"desktop":{"background-color":"var(--ast-global-color-4)","background-image":"","background-repeat":"repeat","background-position":"center center","background-size":"auto","background-attachment":"scroll","background-type":"","background-media":"","overlay-type":"","overlay-color":"","overlay-opacity":"","overlay-gradient":""},"tablet":{"background-color":"","background-image":"","background-repeat":"repeat","background-position":"center center","background-size":"auto","background-attachment":"scroll","background-type":"","background-media":"","overlay-type":"","overlay-color":"","overlay-opacity":"","overlay-gradient":""},"mobile":{"background-color":"","background-image":"","background-repeat":"repeat","background-position":"center center","background-size":"auto","background-attachment":"scroll","background-type":"","background-media":"","overlay-type":"","overlay-color":"","overlay-opacity":"","overlay-gradient":""}},"ast-content-background-meta":{"desktop":{"background-color":"var(--ast-global-color-5)","background-image":"","background-repeat":"repeat","background-position":"center center","background-size":"auto","background-attachment":"scroll","background-type":"","background-media":"","overlay-type":"","overlay-color":"","overlay-opacity":"","overlay-gradient":""},"tablet":{"background-color":"var(--ast-global-color-5)","background-image":"","background-repeat":"repeat","background-position":"center center","background-size":"auto","background-attachment":"scroll","background-type":"","background-media":"","overlay-type":"","overlay-color":"","overlay-opacity":"","overlay-gradient":""},"mobile":{"background-color":"var(--ast-global-color-5)","background-image":"","background-repeat":"repeat","background-position":"center center","background-size":"auto","background-attachment":"scroll","background-type":"","background-media":"","overlay-type":"","overlay-color":"","overlay-opacity":"","overlay-gradient":""}},"footnotes":""},"categories":[6],"tags":[],"class_list":["post-19677","post","type-post","status-publish","format-aside","has-post-thumbnail","hentry","category-sections","post_format-post-format-aside"],"yoast_head":"<!-- This site is optimized with the Yoast SEO plugin v27.5 - https:\/\/yoast.com\/product\/yoast-seo-wordpress\/ -->\n<title>Un Mathis record \u00e0 1m57 ! - Janz\u00e9 Athl\u00e9tisme<\/title>\n<meta name=\"robots\" content=\"index, follow, max-snippet:-1, max-image-preview:large, max-video-preview:-1\" \/>\n<link rel=\"canonical\" href=\"https:\/\/janze-athletisme.fr\/wordpress\/un-mathis-record-a-1m57\/\" \/>\n<meta property=\"og:locale\" content=\"fr_FR\" \/>\n<meta property=\"og:type\" content=\"article\" \/>\n<meta property=\"og:title\" content=\"Un Mathis record \u00e0 1m57 ! - Janz\u00e9 Athl\u00e9tisme\" \/>\n<meta property=\"og:description\" content=\"Championnat de France UGSEL, Strasbourg, 18\/19 juin Au matin du 2e jour de comp\u00e9tition, voici les infos toutes fra\u00eeches, en provenance directes de Pierrick Mah\u00e9 (pour Saint-Jo Janz\u00e9), \u00e0 Strasbourg\u2026 On vous a d\u00e9j\u00e0 fait la blague du Mathis Montagne qui atteint des sommets, mais, sauf \u00e0 ce qu&rsquo;il passe \u00e0 la longueur, il va [&hellip;]\" \/>\n<meta property=\"og:url\" content=\"https:\/\/janze-athletisme.fr\/wordpress\/un-mathis-record-a-1m57\/\" \/>\n<meta property=\"og:site_name\" content=\"Janz\u00e9 Athl\u00e9tisme\" \/>\n<meta property=\"article:publisher\" content=\"https:\/\/www.facebook.com\/groups\/1007964579346590\" \/>\n<meta property=\"article:published_time\" content=\"2024-06-19T07:45:45+00:00\" \/>\n<meta property=\"article:modified_time\" content=\"2024-06-19T07:57:51+00:00\" \/>\n<meta property=\"og:image\" content=\"https:\/\/janze-athletisme.fr\/wordpress\/wp-content\/uploads\/2024\/06\/UGSEL-Strasbourg-18-19juin2024-3-e1718783135650.jpeg\" \/>\n\t<meta property=\"og:image:width\" content=\"1000\" \/>\n\t<meta property=\"og:image:height\" content=\"1071\" \/>\n\t<meta property=\"og:image:type\" content=\"image\/jpeg\" \/>\n<meta name=\"author\" content=\"Laurent Meunier\" \/>\n<meta name=\"twitter:card\" content=\"summary_large_image\" \/>\n<meta name=\"twitter:label1\" content=\"\u00c9crit par\" \/>\n\t<meta name=\"twitter:data1\" content=\"Laurent Meunier\" \/>\n\t<meta name=\"twitter:label2\" content=\"Dur\u00e9e de lecture estim\u00e9e\" \/>\n\t<meta name=\"twitter:data2\" content=\"3 minutes\" \/>\n<script type=\"application\/ld+json\" class=\"yoast-schema-graph\">{\"@context\":\"https:\\\/\\\/schema.org\",\"@graph\":[{\"@type\":\"Article\",\"@id\":\"https:\\\/\\\/janze-athletisme.fr\\\/wordpress\\\/un-mathis-record-a-1m57\\\/#article\",\"isPartOf\":{\"@id\":\"https:\\\/\\\/janze-athletisme.fr\\\/wordpress\\\/un-mathis-record-a-1m57\\\/\"},\"author\":{\"name\":\"Laurent Meunier\",\"@id\":\"https:\\\/\\\/janze-athletisme.fr\\\/wordpress\\\/#\\\/schema\\\/person\\\/c7b063dcfa6234c041d4d9b26cc2ea03\"},\"headline\":\"Un Mathis record \u00e0 1m57 !\",\"datePublished\":\"2024-06-19T07:45:45+00:00\",\"dateModified\":\"2024-06-19T07:57:51+00:00\",\"mainEntityOfPage\":{\"@id\":\"https:\\\/\\\/janze-athletisme.fr\\\/wordpress\\\/un-mathis-record-a-1m57\\\/\"},\"wordCount\":330,\"commentCount\":0,\"publisher\":{\"@id\":\"https:\\\/\\\/janze-athletisme.fr\\\/wordpress\\\/#organization\"},\"image\":{\"@id\":\"https:\\\/\\\/janze-athletisme.fr\\\/wordpress\\\/un-mathis-record-a-1m57\\\/#primaryimage\"},\"thumbnailUrl\":\"https:\\\/\\\/janze-athletisme.fr\\\/wordpress\\\/wp-content\\\/uploads\\\/2024\\\/06\\\/UGSEL-Strasbourg-18-19juin2024-3-e1718783135650.jpeg\",\"articleSection\":[\"Le club au jour le jour\"],\"inLanguage\":\"fr-FR\",\"potentialAction\":[{\"@type\":\"CommentAction\",\"name\":\"Comment\",\"target\":[\"https:\\\/\\\/janze-athletisme.fr\\\/wordpress\\\/un-mathis-record-a-1m57\\\/#respond\"]}]},{\"@type\":\"WebPage\",\"@id\":\"https:\\\/\\\/janze-athletisme.fr\\\/wordpress\\\/un-mathis-record-a-1m57\\\/\",\"url\":\"https:\\\/\\\/janze-athletisme.fr\\\/wordpress\\\/un-mathis-record-a-1m57\\\/\",\"name\":\"Un Mathis record \u00e0 1m57 ! - Janz\u00e9 Athl\u00e9tisme\",\"isPartOf\":{\"@id\":\"https:\\\/\\\/janze-athletisme.fr\\\/wordpress\\\/#website\"},\"primaryImageOfPage\":{\"@id\":\"https:\\\/\\\/janze-athletisme.fr\\\/wordpress\\\/un-mathis-record-a-1m57\\\/#primaryimage\"},\"image\":{\"@id\":\"https:\\\/\\\/janze-athletisme.fr\\\/wordpress\\\/un-mathis-record-a-1m57\\\/#primaryimage\"},\"thumbnailUrl\":\"https:\\\/\\\/janze-athletisme.fr\\\/wordpress\\\/wp-content\\\/uploads\\\/2024\\\/06\\\/UGSEL-Strasbourg-18-19juin2024-3-e1718783135650.jpeg\",\"datePublished\":\"2024-06-19T07:45:45+00:00\",\"dateModified\":\"2024-06-19T07:57:51+00:00\",\"breadcrumb\":{\"@id\":\"https:\\\/\\\/janze-athletisme.fr\\\/wordpress\\\/un-mathis-record-a-1m57\\\/#breadcrumb\"},\"inLanguage\":\"fr-FR\",\"potentialAction\":[{\"@type\":\"ReadAction\",\"target\":[\"https:\\\/\\\/janze-athletisme.fr\\\/wordpress\\\/un-mathis-record-a-1m57\\\/\"]}]},{\"@type\":\"ImageObject\",\"inLanguage\":\"fr-FR\",\"@id\":\"https:\\\/\\\/janze-athletisme.fr\\\/wordpress\\\/un-mathis-record-a-1m57\\\/#primaryimage\",\"url\":\"https:\\\/\\\/janze-athletisme.fr\\\/wordpress\\\/wp-content\\\/uploads\\\/2024\\\/06\\\/UGSEL-Strasbourg-18-19juin2024-3-e1718783135650.jpeg\",\"contentUrl\":\"https:\\\/\\\/janze-athletisme.fr\\\/wordpress\\\/wp-content\\\/uploads\\\/2024\\\/06\\\/UGSEL-Strasbourg-18-19juin2024-3-e1718783135650.jpeg\",\"width\":1000,\"height\":1071},{\"@type\":\"BreadcrumbList\",\"@id\":\"https:\\\/\\\/janze-athletisme.fr\\\/wordpress\\\/un-mathis-record-a-1m57\\\/#breadcrumb\",\"itemListElement\":[{\"@type\":\"ListItem\",\"position\":1,\"name\":\"Accueil\",\"item\":\"https:\\\/\\\/janze-athletisme.fr\\\/wordpress\\\/\"},{\"@type\":\"ListItem\",\"position\":2,\"name\":\"Un Mathis record \u00e0 1m57 !\"}]},{\"@type\":\"WebSite\",\"@id\":\"https:\\\/\\\/janze-athletisme.fr\\\/wordpress\\\/#website\",\"url\":\"https:\\\/\\\/janze-athletisme.fr\\\/wordpress\\\/\",\"name\":\"Janz\u00e9 Athl\u00e9tisme\",\"description\":\"Pays de La Roche aux F\u00e9es\",\"publisher\":{\"@id\":\"https:\\\/\\\/janze-athletisme.fr\\\/wordpress\\\/#organization\"},\"potentialAction\":[{\"@type\":\"SearchAction\",\"target\":{\"@type\":\"EntryPoint\",\"urlTemplate\":\"https:\\\/\\\/janze-athletisme.fr\\\/wordpress\\\/?s={search_term_string}\"},\"query-input\":{\"@type\":\"PropertyValueSpecification\",\"valueRequired\":true,\"valueName\":\"search_term_string\"}}],\"inLanguage\":\"fr-FR\"},{\"@type\":\"Organization\",\"@id\":\"https:\\\/\\\/janze-athletisme.fr\\\/wordpress\\\/#organization\",\"name\":\"Janz\u00e9 Athl\u00e9tisme\",\"url\":\"https:\\\/\\\/janze-athletisme.fr\\\/wordpress\\\/\",\"logo\":{\"@type\":\"ImageObject\",\"inLanguage\":\"fr-FR\",\"@id\":\"https:\\\/\\\/janze-athletisme.fr\\\/wordpress\\\/#\\\/schema\\\/logo\\\/image\\\/\",\"url\":\"https:\\\/\\\/janze-athletisme.fr\\\/wordpress\\\/wp-content\\\/uploads\\\/2015\\\/03\\\/logo-full1.jpg\",\"contentUrl\":\"https:\\\/\\\/janze-athletisme.fr\\\/wordpress\\\/wp-content\\\/uploads\\\/2015\\\/03\\\/logo-full1.jpg\",\"width\":437,\"height\":205,\"caption\":\"Janz\u00e9 Athl\u00e9tisme\"},\"image\":{\"@id\":\"https:\\\/\\\/janze-athletisme.fr\\\/wordpress\\\/#\\\/schema\\\/logo\\\/image\\\/\"},\"sameAs\":[\"https:\\\/\\\/www.facebook.com\\\/groups\\\/1007964579346590\"]},{\"@type\":\"Person\",\"@id\":\"https:\\\/\\\/janze-athletisme.fr\\\/wordpress\\\/#\\\/schema\\\/person\\\/c7b063dcfa6234c041d4d9b26cc2ea03\",\"name\":\"Laurent Meunier\",\"image\":{\"@type\":\"ImageObject\",\"inLanguage\":\"fr-FR\",\"@id\":\"https:\\\/\\\/secure.gravatar.com\\\/avatar\\\/dd25d581ad7c3349090f2fa6a9adb6bfa287e6a5dd8a5216a092727cd8749034?s=96&d=mm&r=g\",\"url\":\"https:\\\/\\\/secure.gravatar.com\\\/avatar\\\/dd25d581ad7c3349090f2fa6a9adb6bfa287e6a5dd8a5216a092727cd8749034?s=96&d=mm&r=g\",\"contentUrl\":\"https:\\\/\\\/secure.gravatar.com\\\/avatar\\\/dd25d581ad7c3349090f2fa6a9adb6bfa287e6a5dd8a5216a092727cd8749034?s=96&d=mm&r=g\",\"caption\":\"Laurent Meunier\"},\"url\":\"https:\\\/\\\/janze-athletisme.fr\\\/wordpress\\\/author\\\/laurent-meunier35\\\/\"}]}<\/script>\n<!-- \/ Yoast SEO plugin. -->","yoast_head_json":{"title":"Un Mathis record \u00e0 1m57 ! - Janz\u00e9 Athl\u00e9tisme","robots":{"index":"index","follow":"follow","max-snippet":"max-snippet:-1","max-image-preview":"max-image-preview:large","max-video-preview":"max-video-preview:-1"},"canonical":"https:\/\/janze-athletisme.fr\/wordpress\/un-mathis-record-a-1m57\/","og_locale":"fr_FR","og_type":"article","og_title":"Un Mathis record \u00e0 1m57 ! - Janz\u00e9 Athl\u00e9tisme","og_description":"Championnat de France UGSEL, Strasbourg, 18\/19 juin Au matin du 2e jour de comp\u00e9tition, voici les infos toutes fra\u00eeches, en provenance directes de Pierrick Mah\u00e9 (pour Saint-Jo Janz\u00e9), \u00e0 Strasbourg\u2026 On vous a d\u00e9j\u00e0 fait la blague du Mathis Montagne qui atteint des sommets, mais, sauf \u00e0 ce qu&rsquo;il passe \u00e0 la longueur, il va [&hellip;]","og_url":"https:\/\/janze-athletisme.fr\/wordpress\/un-mathis-record-a-1m57\/","og_site_name":"Janz\u00e9 Athl\u00e9tisme","article_publisher":"https:\/\/www.facebook.com\/groups\/1007964579346590","article_published_time":"2024-06-19T07:45:45+00:00","article_modified_time":"2024-06-19T07:57:51+00:00","og_image":[{"width":1000,"height":1071,"url":"https:\/\/janze-athletisme.fr\/wordpress\/wp-content\/uploads\/2024\/06\/UGSEL-Strasbourg-18-19juin2024-3-e1718783135650.jpeg","type":"image\/jpeg"}],"author":"Laurent Meunier","twitter_card":"summary_large_image","twitter_misc":{"\u00c9crit par":"Laurent Meunier","Dur\u00e9e de lecture estim\u00e9e":"3 minutes"},"schema":{"@context":"https:\/\/schema.org","@graph":[{"@type":"Article","@id":"https:\/\/janze-athletisme.fr\/wordpress\/un-mathis-record-a-1m57\/#article","isPartOf":{"@id":"https:\/\/janze-athletisme.fr\/wordpress\/un-mathis-record-a-1m57\/"},"author":{"name":"Laurent Meunier","@id":"https:\/\/janze-athletisme.fr\/wordpress\/#\/schema\/person\/c7b063dcfa6234c041d4d9b26cc2ea03"},"headline":"Un Mathis record \u00e0 1m57 !","datePublished":"2024-06-19T07:45:45+00:00","dateModified":"2024-06-19T07:57:51+00:00","mainEntityOfPage":{"@id":"https:\/\/janze-athletisme.fr\/wordpress\/un-mathis-record-a-1m57\/"},"wordCount":330,"commentCount":0,"publisher":{"@id":"https:\/\/janze-athletisme.fr\/wordpress\/#organization"},"image":{"@id":"https:\/\/janze-athletisme.fr\/wordpress\/un-mathis-record-a-1m57\/#primaryimage"},"thumbnailUrl":"https:\/\/janze-athletisme.fr\/wordpress\/wp-content\/uploads\/2024\/06\/UGSEL-Strasbourg-18-19juin2024-3-e1718783135650.jpeg","articleSection":["Le club au jour le jour"],"inLanguage":"fr-FR","potentialAction":[{"@type":"CommentAction","name":"Comment","target":["https:\/\/janze-athletisme.fr\/wordpress\/un-mathis-record-a-1m57\/#respond"]}]},{"@type":"WebPage","@id":"https:\/\/janze-athletisme.fr\/wordpress\/un-mathis-record-a-1m57\/","url":"https:\/\/janze-athletisme.fr\/wordpress\/un-mathis-record-a-1m57\/","name":"Un Mathis record \u00e0 1m57 ! - Janz\u00e9 Athl\u00e9tisme","isPartOf":{"@id":"https:\/\/janze-athletisme.fr\/wordpress\/#website"},"primaryImageOfPage":{"@id":"https:\/\/janze-athletisme.fr\/wordpress\/un-mathis-record-a-1m57\/#primaryimage"},"image":{"@id":"https:\/\/janze-athletisme.fr\/wordpress\/un-mathis-record-a-1m57\/#primaryimage"},"thumbnailUrl":"https:\/\/janze-athletisme.fr\/wordpress\/wp-content\/uploads\/2024\/06\/UGSEL-Strasbourg-18-19juin2024-3-e1718783135650.jpeg","datePublished":"2024-06-19T07:45:45+00:00","dateModified":"2024-06-19T07:57:51+00:00","breadcrumb":{"@id":"https:\/\/janze-athletisme.fr\/wordpress\/un-mathis-record-a-1m57\/#breadcrumb"},"inLanguage":"fr-FR","potentialAction":[{"@type":"ReadAction","target":["https:\/\/janze-athletisme.fr\/wordpress\/un-mathis-record-a-1m57\/"]}]},{"@type":"ImageObject","inLanguage":"fr-FR","@id":"https:\/\/janze-athletisme.fr\/wordpress\/un-mathis-record-a-1m57\/#primaryimage","url":"https:\/\/janze-athletisme.fr\/wordpress\/wp-content\/uploads\/2024\/06\/UGSEL-Strasbourg-18-19juin2024-3-e1718783135650.jpeg","contentUrl":"https:\/\/janze-athletisme.fr\/wordpress\/wp-content\/uploads\/2024\/06\/UGSEL-Strasbourg-18-19juin2024-3-e1718783135650.jpeg","width":1000,"height":1071},{"@type":"BreadcrumbList","@id":"https:\/\/janze-athletisme.fr\/wordpress\/un-mathis-record-a-1m57\/#breadcrumb","itemListElement":[{"@type":"ListItem","position":1,"name":"Accueil","item":"https:\/\/janze-athletisme.fr\/wordpress\/"},{"@type":"ListItem","position":2,"name":"Un Mathis record \u00e0 1m57 !"}]},{"@type":"WebSite","@id":"https:\/\/janze-athletisme.fr\/wordpress\/#website","url":"https:\/\/janze-athletisme.fr\/wordpress\/","name":"Janz\u00e9 Athl\u00e9tisme","description":"Pays de La Roche aux F\u00e9es","publisher":{"@id":"https:\/\/janze-athletisme.fr\/wordpress\/#organization"},"potentialAction":[{"@type":"SearchAction","target":{"@type":"EntryPoint","urlTemplate":"https:\/\/janze-athletisme.fr\/wordpress\/?s={search_term_string}"},"query-input":{"@type":"PropertyValueSpecification","valueRequired":true,"valueName":"search_term_string"}}],"inLanguage":"fr-FR"},{"@type":"Organization","@id":"https:\/\/janze-athletisme.fr\/wordpress\/#organization","name":"Janz\u00e9 Athl\u00e9tisme","url":"https:\/\/janze-athletisme.fr\/wordpress\/","logo":{"@type":"ImageObject","inLanguage":"fr-FR","@id":"https:\/\/janze-athletisme.fr\/wordpress\/#\/schema\/logo\/image\/","url":"https:\/\/janze-athletisme.fr\/wordpress\/wp-content\/uploads\/2015\/03\/logo-full1.jpg","contentUrl":"https:\/\/janze-athletisme.fr\/wordpress\/wp-content\/uploads\/2015\/03\/logo-full1.jpg","width":437,"height":205,"caption":"Janz\u00e9 Athl\u00e9tisme"},"image":{"@id":"https:\/\/janze-athletisme.fr\/wordpress\/#\/schema\/logo\/image\/"},"sameAs":["https:\/\/www.facebook.com\/groups\/1007964579346590"]},{"@type":"Person","@id":"https:\/\/janze-athletisme.fr\/wordpress\/#\/schema\/person\/c7b063dcfa6234c041d4d9b26cc2ea03","name":"Laurent Meunier","image":{"@type":"ImageObject","inLanguage":"fr-FR","@id":"https:\/\/secure.gravatar.com\/avatar\/dd25d581ad7c3349090f2fa6a9adb6bfa287e6a5dd8a5216a092727cd8749034?s=96&d=mm&r=g","url":"https:\/\/secure.gravatar.com\/avatar\/dd25d581ad7c3349090f2fa6a9adb6bfa287e6a5dd8a5216a092727cd8749034?s=96&d=mm&r=g","contentUrl":"https:\/\/secure.gravatar.com\/avatar\/dd25d581ad7c3349090f2fa6a9adb6bfa287e6a5dd8a5216a092727cd8749034?s=96&d=mm&r=g","caption":"Laurent Meunier"},"url":"https:\/\/janze-athletisme.fr\/wordpress\/author\/laurent-meunier35\/"}]}},"uagb_featured_image_src":{"full":["https:\/\/janze-athletisme.fr\/wordpress\/wp-content\/uploads\/2024\/06\/UGSEL-Strasbourg-18-19juin2024-3-e1718783135650.jpeg",1000,1071,false],"thumbnail":["https:\/\/janze-athletisme.fr\/wordpress\/wp-content\/uploads\/2024\/06\/UGSEL-Strasbourg-18-19juin2024-3-e1718783135650-150x150.jpeg",150,150,true],"medium":["https:\/\/janze-athletisme.fr\/wordpress\/wp-content\/uploads\/2024\/06\/UGSEL-Strasbourg-18-19juin2024-3-e1718783135650-280x300.jpeg",280,300,true],"medium_large":["https:\/\/janze-athletisme.fr\/wordpress\/wp-content\/uploads\/2024\/06\/UGSEL-Strasbourg-18-19juin2024-3-e1718783135650-768x823.jpeg",768,823,true],"large":["https:\/\/janze-athletisme.fr\/wordpress\/wp-content\/uploads\/2024\/06\/UGSEL-Strasbourg-18-19juin2024-3-e1718783135650-956x1024.jpeg",956,1024,true],"1536x1536":["https:\/\/janze-athletisme.fr\/wordpress\/wp-content\/uploads\/2024\/06\/UGSEL-Strasbourg-18-19juin2024-3-e1718783135650.jpeg",1000,1071,false],"2048x2048":["https:\/\/janze-athletisme.fr\/wordpress\/wp-content\/uploads\/2024\/06\/UGSEL-Strasbourg-18-19juin2024-3-e1718783135650.jpeg",1000,1071,false]},"uagb_author_info":{"display_name":"Laurent Meunier","author_link":"https:\/\/janze-athletisme.fr\/wordpress\/author\/laurent-meunier35\/"},"uagb_comment_info":0,"uagb_excerpt":"Championnat de France UGSEL, Strasbourg, 18\/19 juin Au matin du 2e jour de comp\u00e9tition, voici les infos toutes fra\u00eeches, en provenance directes de Pierrick Mah\u00e9 (pour Saint-Jo Janz\u00e9), \u00e0 Strasbourg\u2026 On vous a d\u00e9j\u00e0 fait la blague du Mathis Montagne qui atteint des sommets, mais, sauf \u00e0 ce qu&rsquo;il passe \u00e0 la longueur, il va\u2026","_links":{"self":[{"href":"https:\/\/janze-athletisme.fr\/wordpress\/wp-json\/wp\/v2\/posts\/19677","targetHints":{"allow":["GET"]}}],"collection":[{"href":"https:\/\/janze-athletisme.fr\/wordpress\/wp-json\/wp\/v2\/posts"}],"about":[{"href":"https:\/\/janze-athletisme.fr\/wordpress\/wp-json\/wp\/v2\/types\/post"}],"author":[{"embeddable":true,"href":"https:\/\/janze-athletisme.fr\/wordpress\/wp-json\/wp\/v2\/users\/12"}],"replies":[{"embeddable":true,"href":"https:\/\/janze-athletisme.fr\/wordpress\/wp-json\/wp\/v2\/comments?post=19677"}],"version-history":[{"count":4,"href":"https:\/\/janze-athletisme.fr\/wordpress\/wp-json\/wp\/v2\/posts\/19677\/revisions"}],"predecessor-version":[{"id":19684,"href":"https:\/\/janze-athletisme.fr\/wordpress\/wp-json\/wp\/v2\/posts\/19677\/revisions\/19684"}],"wp:featuredmedia":[{"embeddable":true,"href":"https:\/\/janze-athletisme.fr\/wordpress\/wp-json\/wp\/v2\/media\/19679"}],"wp:attachment":[{"href":"https:\/\/janze-athletisme.fr\/wordpress\/wp-json\/wp\/v2\/media?parent=19677"}],"wp:term":[{"taxonomy":"category","embeddable":true,"href":"https:\/\/janze-athletisme.fr\/wordpress\/wp-json\/wp\/v2\/categories?post=19677"},{"taxonomy":"post_tag","embeddable":true,"href":"https:\/\/janze-athletisme.fr\/wordpress\/wp-json\/wp\/v2\/tags?post=19677"}],"curies":[{"name":"wp","href":"https:\/\/api.w.org\/{rel}","templated":true}]}}