{"id":1948,"date":"2016-09-27T11:09:01","date_gmt":"2016-09-27T09:09:01","guid":{"rendered":"http:\/\/janze-athletisme.fr\/wordpress\/?p=1948"},"modified":"2016-09-28T18:32:26","modified_gmt":"2016-09-28T16:32:26","slug":"week-end-24-25-septembre","status":"publish","type":"post","link":"https:\/\/janze-athletisme.fr\/wordpress\/week-end-24-25-septembre\/","title":{"rendered":"Week-end du 24 et 25 septembre"},"content":{"rendered":"<h1 style=\"text-align: center;\"><strong><span style=\"text-decoration: underline; color: #0000ff;\">La belle d&rsquo;Org\u00e8res<\/span><\/strong><\/h1>\n<p><span style=\"color: #000000;\">Ils \u00e9taient 5 Janz\u00e9ens chez nos amis d&rsquo;Org\u00e8res \u00e0 courir samedi. Une premi\u00e8re pour <strong>Christophe M<\/strong> sous le maillot Janz\u00e9en accompagn\u00e9 de nos habitu\u00e9s <strong>Sylvie L<\/strong>, <strong>Raymond F<\/strong>, <strong>Fabrice S<\/strong> et <strong>Wilfried L<\/strong>. A l&rsquo;arriv\u00e9e, nous aurons 2 athl\u00e8tes sur le podium, avec<strong> Wilfried L<\/strong> 3\u00e8me de la course 1er V1 H et <strong>Fabrice S<\/strong> 6\u00e8me scratch et 2\u00e8me V1 H. Bravo \u00e0 vous 5&#8230;.<\/span><\/p>\n<p><span style=\"color: #000000;\">R\u00e9cit de course De Christophe :<\/span><\/p>\n<p><em><span style=\"color: #000000;\">Je suis parti tranquille pour assurer, sauf qu&rsquo;arriv\u00e9e au 10\u00e8me j&rsquo;\u00e9tais d\u00e9j\u00e0 dans le dure et il me restait plus que 16 km encore \u00e0 parcourir. Bref course compliqu\u00e9e\u00a0 \ud83d\udc7f \u00a0. Rdv Samedi prochain pour la nocture du Petit Fougeray avec pour objectif d&rsquo;arriv\u00e9e avant le lever du jour\u00a0 \ud83d\ude00\u00a0<\/span><\/em><\/p>\n<p>[ws_table id=\u00a0\u00bb291&Prime;]<\/p>\n<h1 style=\"text-align: center;\"><strong><span style=\"text-decoration: underline; color: #0000ff;\">La boucle de Saint Aubin du Pavail<\/span><\/strong><\/h1>\n<p><span style=\"color: #000000;\">Deux athl\u00e8tes du club au d\u00e9part de cette 1\u00e8re \u00e9dition de la boucle de Saint Aubin du Pavail, <strong>Olivier G<\/strong> et <strong>J\u00e9r\u00f4me P<\/strong>. Encore de bons r\u00e9sultats de nos athl\u00e8tes. A l&rsquo;arriv\u00e9e <strong>Olivier G<\/strong> \u00e9tait tr\u00e8s content de son temps et <strong>J\u00e9r\u00f4me P<\/strong> lui aussi satisfait, performance qui correspond \u00e0 ce qu&rsquo;il visait vu qu&rsquo;il est en pr\u00e9paration marathon. Bravo !!!<\/span><\/p>\n<p>[ws_table id=\u00a0\u00bb290&Prime;]<\/p>\n<p>&nbsp;<\/p>\n<p>&nbsp;<\/p>\n<h1 style=\"text-align: center;\"><strong><span style=\"text-decoration: underline; color: #0000ff;\">Marathon et 10 km de Laval<\/span><\/strong><\/h1>\n<p><span style=\"color: #000000;\">Nous avions 2 Janz\u00e9ens ce dimanche \u00e0 Laval. Comme on dit dans nos campagnes, ils n&rsquo;y allaient pas pour planter du poireaux mais bien pour battre leur record personnel.<\/span><\/p>\n<p><span style=\"color: #000000;\"><strong>Jean-Marie J<\/strong> \u00e9tait le premier \u00e0 s&rsquo;\u00e9lancer sur le marathon avec pour objectif un temps autour des 3h05. Avec un record en 3h06&rsquo;50 obtenu l&rsquo;an dernier \u00e0 Rennes, il franchissait la ligne d&rsquo;arriv\u00e9e en 3h04&rsquo;24 et terminait \u00e0 une tr\u00e8s belle 45\u00e8me place sur 539. Par la m\u00eame occasion, \u00a0il obtenait sa qualification pour le championnat de France de marathon. Bravo &#8230;.<\/span><\/p>\n<p><span style=\"color: #000000;\">R\u00e9cit d&rsquo;apr\u00e8s course de Jean-Marie :<\/span><\/p>\n<p><span style=\"color: #000000;\"><em>Parcours tr\u00e8s bucolique le long de la Mayenne avec plus de vaches que de spectateurs parfois mais ambiance sympa et familiale pour un marathon \u00e0 refaire&#8230;je suis rest\u00e9 concentr\u00e9 pour assurer les 3h05 synonyme de qualification pour les championnats de France l&rsquo;ann\u00e9e prochaine. Vivement le prochain! !!<\/em><\/span><\/p>\n<p>[ws_table id=\u00a0\u00bb288&Prime;]<\/p>\n<p><span style=\"color: #000000;\">Une heure plus tard <strong>St\u00e9phanie J<\/strong> s&rsquo;\u00e9lan\u00e7ait sur le 10 km avec la m\u00eame d\u00e9termination que <strong>Jean-Marie J<\/strong>. Avec un record de 42&rsquo;24 obtenu en 2014, l&rsquo;attente commen\u00e7ait \u00e0 peser. Objectif r\u00e9alis\u00e9 puisqu&rsquo;elle franchit la ligne d\u2019arriv\u00e9e en 41&rsquo;56 min et termine 2\u00e8me V1 F et r\u00e9alise \u00e9galement les minimas pour les championnats de France de 10 km. Bravo &#8230;<\/span><\/p>\n<p><span style=\"color: #000000;\">R\u00e9cit d&rsquo;apr\u00e8s course de St\u00e9phanie :<\/span><\/p>\n<p><span style=\"color: #000000;\"><em>Comme d&rsquo;habitude, un peu beaucoup stress\u00e9e sur la ligne de d\u00e9part, mais bien d\u00e9termin\u00e9e \u00e0 battre mon record. M\u00eame l&rsquo;horoscope s&rsquo;y est mis dans la voiture \u00e0 l&rsquo;aller. \u00a0\u00bb Balance : ne baissez pas les bras, vous vous battrez aujourd&rsquo;hui pour obtenir ce dont vous r\u00eavez depuis un moment\u00a0\u00bb ( source: MFM radio \ud83d\ude00 ). Alors l\u00e0 si ce n&rsquo;est pas un signe !!!! C&rsquo;est \u00e0 \u00e7a que j&rsquo;ai pens\u00e9 en passant le 9\u00e8me km et que j&rsquo;ai vu qu&rsquo;il me restait moins de 4 minutes pour finir. Dr\u00f4le de sensation, plus je me rapprochais de l&rsquo;arche et plus j&rsquo;avais l&rsquo;impression que les secondes s&rsquo;acc\u00e9l\u00e9raient mais finalement je franchissais la ligne en 41&rsquo;56 et la satisfaction de voir enfin tout mon travail s&rsquo;accomplir. Vive le running et toutes les \u00e9motions qu&rsquo;il nous fait vivre !!!<\/em><\/span><\/p>\n<p>[ws_table id=\u00a0\u00bb289&Prime;]<\/p>\n<p><img loading=\"lazy\" decoding=\"async\" id=\"__wp-temp-img-id\" class=\"aligncenter\" title=\"\" src=\"http:\/\/janze-athletisme.fr\/wordpress\/wp-content\/uploads\/2016\/09\/pixiz-25-09-2016-19-09-20.jpg\" alt=\"\" width=\"700\" height=\"700\" \/><\/p>\n<h1 style=\"text-align: center;\"><strong><span style=\"text-decoration: underline; color: #0000ff;\">Le Relais du Semnon<\/span><\/strong><\/h1>\n<p><span style=\"color: #000000;\">Joie et sourire ont rim\u00e9 l&rsquo;ambiance de cette journ\u00e9e. Elles devaient \u00eatre 6 f\u00e9minines \u00e0 composer cette \u00e9quipe, malheureusement les al\u00e9as de la pr\u00e9paration ont fait d\u00e9clarer forfait \u00e0 2 d&rsquo;entre elle, \u00e0 qui nous souhaitons un bon r\u00e9tablissement. Peu importe notre \u00e9quipe hyper motiv\u00e9e se met \u00e0 la recherche de 2 autres personnes et bingo ils seront rejoints par <strong>Florence J<\/strong> et <strong>Thierry J<\/strong>.<\/span><\/p>\n<p><span style=\"color: #000000;\"> Ca y est l&rsquo;\u00e9quipe est compl\u00e8te, <strong>Sophie LC<\/strong>, <strong>V\u00e9ronique L<\/strong>, <strong>Val\u00e9rie D<\/strong>,<strong> Delphine T<\/strong>, <strong>Florence J<\/strong> et <strong>Thierry J<\/strong> pour les coureurs, <strong>Eric Lam<\/strong> accompagnateur v\u00e9lo aid\u00e9 par <strong>Sandra L<\/strong>, pour g\u00e9rer l&rsquo;intendance, le transport et r\u00e9pondre aux questions de chacun l&rsquo;exp\u00e9riment\u00e9e <strong>Isabelle L<\/strong> et enfin en directeur Technique, chauffeur de public, animateur de la journ\u00e9e <strong>Oscar T<\/strong>.<\/span><\/p>\n<p><span style=\"color: #000000;\">Une journ\u00e9e parfaite niveau m\u00e9t\u00e9o, des relais qui se passent \u00e0 merveille et enfin une arriv\u00e9e tout sourire qui prouve la belle ambiance de cette journ\u00e9e.<\/span><\/p>\n<p><span style=\"color: #000000;\">Bravo \u00e0 vous tous !!!!!!!!!<\/span><\/p>\n<p>[ws_table id=\u00a0\u00bb287&Prime;]<\/p>\n<p><img loading=\"lazy\" decoding=\"async\" id=\"__wp-temp-img-id\" class=\"aligncenter\" title=\"\" src=\"http:\/\/janze-athletisme.fr\/wordpress\/wp-content\/uploads\/2016\/09\/Semnon-2016-02.jpg\" alt=\"\" width=\"825\" height=\"616\" \/><\/p>\n<h1 style=\"text-align: center;\"><strong><span style=\"text-decoration: underline; color: #0000ff;\">La Roahzonrun<\/span><\/strong><\/h1>\n<p><span style=\"color: #000000;\">Toute nouvelle course en Ille-et-Vilaine, la Roahzonrun organis\u00e9e conjointement par le Stade Rennais foot et le stade Rennais Athl\u00e9 avait la particularit\u00e9 d&rsquo;avoir son d\u00e9part et son arriv\u00e9e dans le stade de foot de Rennes. Ils \u00e9taient 3 Janz\u00e9ens au d\u00e9part, <strong>Elisabeth G<\/strong>, <strong>Fran\u00e7ois G<\/strong> et <strong>Laurent M<\/strong>. De bons r\u00e9sultats pour nos 3 athl\u00e8tes. Bravo !!!<\/span><\/p>\n<p><span style=\"color: #000000;\">Petite impression d&rsquo;apr\u00e8s course de Fran\u00e7ois G :<\/span><\/p>\n<p><em><span style=\"color: #000000;\">Un d\u00e9part group\u00e9 dans un entonnoir, il\u00a0fallait\u00a0bien se placer. Apr\u00e8s avoir fait le tour du stade sous les tribunes, direction les \u00e9tangs d&rsquo;apign\u00e9 par le chemin de halage. Attention il y a du monde et ce n&rsquo;est pas large, difficile de doubler le premier kilom\u00e8tre. On retrouve le circuit de Elle et Lui pour ceux et celles qui connaissent. Retour par le chemin de halage pour une arriv\u00e9e cette fois dans le stade rennais, comme des pros. Circuit 100% plat, une butte de 0,5m \u00e0 passer au 4km et c&rsquo;est tout plat. Circuit 100% chemin sans bitume ou presque. L&rsquo;ambiance \u00e9tait bonne et l&rsquo;organisation sans faille. Bravo pour cette premi\u00e8re \u00e9dition.<\/span><\/em><\/p>\n<p>[ws_table id=\u00a0\u00bb286&Prime;]<img loading=\"lazy\" decoding=\"async\" id=\"__wp-temp-img-id\" class=\"aligncenter\" title=\"\" src=\"http:\/\/janze-athletisme.fr\/wordpress\/wp-content\/uploads\/2016\/09\/galleryphotos-hdroazhon2016roazhonrun2016_cd_0430.jpg\" alt=\"\" width=\"825\" height=\"550\" \/><\/p>\n<p>&nbsp;<\/p>\n<p>&nbsp;<\/p>\n<h1 style=\"text-align: center;\"><strong><span style=\"text-decoration: underline; color: #0000ff;\">Foul\u00e9es du Semnon<\/span><\/strong><\/h1>\n<p><span style=\"color: #000000;\">Nous avions 2 Janz\u00e9ens \u00e0 participer aux Foul\u00e9es du Semnon ce dimanche. En marge du relais de 100 km avait lieu un 10,5km \u00e9preuve pour laquelle <strong>Laurine C<\/strong> et <strong>Eric Land<\/strong> ont pris part. Tr\u00e8s belle perf de nos 2 athl\u00e8tes \u00a0puisque <strong>Laurine C<\/strong> termine 1\u00e8re Espoir F et <strong>Eric Land<\/strong> 2\u00e8me V2 H.<\/span><\/p>\n<p><span style=\"color: #000000;\">Petite impression d&rsquo;apr\u00e8s course de Laurine C :<\/span><\/p>\n<p><em><span style=\"color: #000000;\">C\u2019est sous le soleil que ces foul\u00e9es ont marqu\u00e9 ma reprise de la course \u00e0 pied! Peu de participants (l\u2019avantage, c\u2019est que j\u2019\u00e9tais la seule Espoir\u00a0!\u00a0<img loading=\"lazy\" decoding=\"async\" class=\"CToWUd\" src=\"https:\/\/mail.google.com\/mail\/e\/1f61d\" alt=\"?\" width=\"20\" height=\"20\" data-goomoji=\"1f61d\" \/> ) mais une ambiance bonne enfant\u00a0bien sympathique\u00a0!\u00a0<img loading=\"lazy\" decoding=\"async\" class=\"CToWUd\" src=\"https:\/\/mail.google.com\/mail\/e\/1f60a\" alt=\"?\" width=\"20\" height=\"20\" data-goomoji=\"1f60a\" \/> Sur ce parcours, ma petite satisfaction personnelle aura \u00e9t\u00e9 de ne pas marcher dans les (trop) nombreuses c\u00f4tes\u00a0!<\/span><\/em><\/p>\n<p>[ws_table id=\u00a0\u00bb285&Prime;]<\/p>\n","protected":false},"excerpt":{"rendered":"<p>La belle d&rsquo;Org\u00e8res Ils \u00e9taient 5 Janz\u00e9ens chez nos amis d&rsquo;Org\u00e8res \u00e0 courir samedi. Une premi\u00e8re pour Christophe M sous le maillot Janz\u00e9en accompagn\u00e9 de nos habitu\u00e9s Sylvie L, Raymond F, Fabrice S et Wilfried L. A l&rsquo;arriv\u00e9e, nous aurons 2 athl\u00e8tes sur le podium, avec Wilfried L 3\u00e8me de la course 1er V1 H [&hellip;]<\/p>\n","protected":false},"author":4,"featured_media":0,"comment_status":"open","ping_status":"open","sticky":false,"template":"","format":"aside","meta":{"_uag_custom_page_level_css":"","site-sidebar-layout":"default","site-content-layout":"","ast-site-content-layout":"default","site-content-style":"default","site-sidebar-style":"default","ast-global-header-display":"","ast-banner-title-visibility":"","ast-main-header-display":"","ast-hfb-above-header-display":"","ast-hfb-below-header-display":"","ast-hfb-mobile-header-display":"","site-post-title":"","ast-breadcrumbs-content":"","ast-featured-img":"","footer-sml-layout":"","ast-disable-related-posts":"","theme-transparent-header-meta":"","adv-header-id-meta":"","stick-header-meta":"","header-above-stick-meta":"","header-main-stick-meta":"","header-below-stick-meta":"","astra-migrate-meta-layouts":"default","ast-page-background-enabled":"default","ast-page-background-meta":{"desktop":{"background-color":"var(--ast-global-color-4)","background-image":"","background-repeat":"repeat","background-position":"center center","background-size":"auto","background-attachment":"scroll","background-type":"","background-media":"","overlay-type":"","overlay-color":"","overlay-opacity":"","overlay-gradient":""},"tablet":{"background-color":"","background-image":"","background-repeat":"repeat","background-position":"center center","background-size":"auto","background-attachment":"scroll","background-type":"","background-media":"","overlay-type":"","overlay-color":"","overlay-opacity":"","overlay-gradient":""},"mobile":{"background-color":"","background-image":"","background-repeat":"repeat","background-position":"center center","background-size":"auto","background-attachment":"scroll","background-type":"","background-media":"","overlay-type":"","overlay-color":"","overlay-opacity":"","overlay-gradient":""}},"ast-content-background-meta":{"desktop":{"background-color":"var(--ast-global-color-5)","background-image":"","background-repeat":"repeat","background-position":"center center","background-size":"auto","background-attachment":"scroll","background-type":"","background-media":"","overlay-type":"","overlay-color":"","overlay-opacity":"","overlay-gradient":""},"tablet":{"background-color":"var(--ast-global-color-5)","background-image":"","background-repeat":"repeat","background-position":"center center","background-size":"auto","background-attachment":"scroll","background-type":"","background-media":"","overlay-type":"","overlay-color":"","overlay-opacity":"","overlay-gradient":""},"mobile":{"background-color":"var(--ast-global-color-5)","background-image":"","background-repeat":"repeat","background-position":"center center","background-size":"auto","background-attachment":"scroll","background-type":"","background-media":"","overlay-type":"","overlay-color":"","overlay-opacity":"","overlay-gradient":""}},"footnotes":""},"categories":[6],"tags":[],"class_list":["post-1948","post","type-post","status-publish","format-aside","hentry","category-sections","post_format-post-format-aside"],"yoast_head":"<!-- This site is optimized with the Yoast SEO plugin v27.5 - https:\/\/yoast.com\/product\/yoast-seo-wordpress\/ -->\n<title>Week-end du 24 et 25 septembre - Janz\u00e9 Athl\u00e9tisme<\/title>\n<meta name=\"robots\" content=\"index, follow, max-snippet:-1, max-image-preview:large, max-video-preview:-1\" \/>\n<link rel=\"canonical\" href=\"https:\/\/janze-athletisme.fr\/wordpress\/week-end-24-25-septembre\/\" \/>\n<meta property=\"og:locale\" content=\"fr_FR\" \/>\n<meta property=\"og:type\" content=\"article\" \/>\n<meta property=\"og:title\" content=\"Week-end du 24 et 25 septembre - Janz\u00e9 Athl\u00e9tisme\" \/>\n<meta property=\"og:description\" content=\"La belle d&rsquo;Org\u00e8res Ils \u00e9taient 5 Janz\u00e9ens chez nos amis d&rsquo;Org\u00e8res \u00e0 courir samedi. Une premi\u00e8re pour Christophe M sous le maillot Janz\u00e9en accompagn\u00e9 de nos habitu\u00e9s Sylvie L, Raymond F, Fabrice S et Wilfried L. A l&rsquo;arriv\u00e9e, nous aurons 2 athl\u00e8tes sur le podium, avec Wilfried L 3\u00e8me de la course 1er V1 H [&hellip;]\" \/>\n<meta property=\"og:url\" content=\"https:\/\/janze-athletisme.fr\/wordpress\/week-end-24-25-septembre\/\" \/>\n<meta property=\"og:site_name\" content=\"Janz\u00e9 Athl\u00e9tisme\" \/>\n<meta property=\"article:publisher\" content=\"https:\/\/www.facebook.com\/groups\/1007964579346590\" \/>\n<meta property=\"article:published_time\" content=\"2016-09-27T09:09:01+00:00\" \/>\n<meta property=\"article:modified_time\" content=\"2016-09-28T16:32:26+00:00\" \/>\n<meta property=\"og:image\" content=\"http:\/\/janze-athletisme.fr\/wordpress\/wp-content\/uploads\/2016\/09\/pixiz-25-09-2016-19-09-20.jpg\" \/>\n<meta name=\"author\" content=\"Anthony\" \/>\n<meta name=\"twitter:card\" content=\"summary_large_image\" \/>\n<meta name=\"twitter:label1\" content=\"\u00c9crit par\" \/>\n\t<meta name=\"twitter:data1\" content=\"Anthony\" \/>\n\t<meta name=\"twitter:label2\" content=\"Dur\u00e9e de lecture estim\u00e9e\" \/>\n\t<meta name=\"twitter:data2\" content=\"5 minutes\" \/>\n<script type=\"application\/ld+json\" class=\"yoast-schema-graph\">{\"@context\":\"https:\\\/\\\/schema.org\",\"@graph\":[{\"@type\":\"Article\",\"@id\":\"https:\\\/\\\/janze-athletisme.fr\\\/wordpress\\\/week-end-24-25-septembre\\\/#article\",\"isPartOf\":{\"@id\":\"https:\\\/\\\/janze-athletisme.fr\\\/wordpress\\\/week-end-24-25-septembre\\\/\"},\"author\":{\"name\":\"Anthony\",\"@id\":\"https:\\\/\\\/janze-athletisme.fr\\\/wordpress\\\/#\\\/schema\\\/person\\\/525a6358d0c70a5cca90d6e8619f0453\"},\"headline\":\"Week-end du 24 et 25 septembre\",\"datePublished\":\"2016-09-27T09:09:01+00:00\",\"dateModified\":\"2016-09-28T16:32:26+00:00\",\"mainEntityOfPage\":{\"@id\":\"https:\\\/\\\/janze-athletisme.fr\\\/wordpress\\\/week-end-24-25-septembre\\\/\"},\"wordCount\":1112,\"commentCount\":0,\"publisher\":{\"@id\":\"https:\\\/\\\/janze-athletisme.fr\\\/wordpress\\\/#organization\"},\"image\":{\"@id\":\"https:\\\/\\\/janze-athletisme.fr\\\/wordpress\\\/week-end-24-25-septembre\\\/#primaryimage\"},\"thumbnailUrl\":\"http:\\\/\\\/janze-athletisme.fr\\\/wordpress\\\/wp-content\\\/uploads\\\/2016\\\/09\\\/pixiz-25-09-2016-19-09-20.jpg\",\"articleSection\":[\"Le club au jour le jour\"],\"inLanguage\":\"fr-FR\",\"potentialAction\":[{\"@type\":\"CommentAction\",\"name\":\"Comment\",\"target\":[\"https:\\\/\\\/janze-athletisme.fr\\\/wordpress\\\/week-end-24-25-septembre\\\/#respond\"]}]},{\"@type\":\"WebPage\",\"@id\":\"https:\\\/\\\/janze-athletisme.fr\\\/wordpress\\\/week-end-24-25-septembre\\\/\",\"url\":\"https:\\\/\\\/janze-athletisme.fr\\\/wordpress\\\/week-end-24-25-septembre\\\/\",\"name\":\"Week-end du 24 et 25 septembre - Janz\u00e9 Athl\u00e9tisme\",\"isPartOf\":{\"@id\":\"https:\\\/\\\/janze-athletisme.fr\\\/wordpress\\\/#website\"},\"primaryImageOfPage\":{\"@id\":\"https:\\\/\\\/janze-athletisme.fr\\\/wordpress\\\/week-end-24-25-septembre\\\/#primaryimage\"},\"image\":{\"@id\":\"https:\\\/\\\/janze-athletisme.fr\\\/wordpress\\\/week-end-24-25-septembre\\\/#primaryimage\"},\"thumbnailUrl\":\"http:\\\/\\\/janze-athletisme.fr\\\/wordpress\\\/wp-content\\\/uploads\\\/2016\\\/09\\\/pixiz-25-09-2016-19-09-20.jpg\",\"datePublished\":\"2016-09-27T09:09:01+00:00\",\"dateModified\":\"2016-09-28T16:32:26+00:00\",\"breadcrumb\":{\"@id\":\"https:\\\/\\\/janze-athletisme.fr\\\/wordpress\\\/week-end-24-25-septembre\\\/#breadcrumb\"},\"inLanguage\":\"fr-FR\",\"potentialAction\":[{\"@type\":\"ReadAction\",\"target\":[\"https:\\\/\\\/janze-athletisme.fr\\\/wordpress\\\/week-end-24-25-septembre\\\/\"]}]},{\"@type\":\"ImageObject\",\"inLanguage\":\"fr-FR\",\"@id\":\"https:\\\/\\\/janze-athletisme.fr\\\/wordpress\\\/week-end-24-25-septembre\\\/#primaryimage\",\"url\":\"http:\\\/\\\/janze-athletisme.fr\\\/wordpress\\\/wp-content\\\/uploads\\\/2016\\\/09\\\/pixiz-25-09-2016-19-09-20.jpg\",\"contentUrl\":\"http:\\\/\\\/janze-athletisme.fr\\\/wordpress\\\/wp-content\\\/uploads\\\/2016\\\/09\\\/pixiz-25-09-2016-19-09-20.jpg\"},{\"@type\":\"BreadcrumbList\",\"@id\":\"https:\\\/\\\/janze-athletisme.fr\\\/wordpress\\\/week-end-24-25-septembre\\\/#breadcrumb\",\"itemListElement\":[{\"@type\":\"ListItem\",\"position\":1,\"name\":\"Accueil\",\"item\":\"https:\\\/\\\/janze-athletisme.fr\\\/wordpress\\\/\"},{\"@type\":\"ListItem\",\"position\":2,\"name\":\"Week-end du 24 et 25 septembre\"}]},{\"@type\":\"WebSite\",\"@id\":\"https:\\\/\\\/janze-athletisme.fr\\\/wordpress\\\/#website\",\"url\":\"https:\\\/\\\/janze-athletisme.fr\\\/wordpress\\\/\",\"name\":\"Janz\u00e9 Athl\u00e9tisme\",\"description\":\"Pays de La Roche aux F\u00e9es\",\"publisher\":{\"@id\":\"https:\\\/\\\/janze-athletisme.fr\\\/wordpress\\\/#organization\"},\"potentialAction\":[{\"@type\":\"SearchAction\",\"target\":{\"@type\":\"EntryPoint\",\"urlTemplate\":\"https:\\\/\\\/janze-athletisme.fr\\\/wordpress\\\/?s={search_term_string}\"},\"query-input\":{\"@type\":\"PropertyValueSpecification\",\"valueRequired\":true,\"valueName\":\"search_term_string\"}}],\"inLanguage\":\"fr-FR\"},{\"@type\":\"Organization\",\"@id\":\"https:\\\/\\\/janze-athletisme.fr\\\/wordpress\\\/#organization\",\"name\":\"Janz\u00e9 Athl\u00e9tisme\",\"url\":\"https:\\\/\\\/janze-athletisme.fr\\\/wordpress\\\/\",\"logo\":{\"@type\":\"ImageObject\",\"inLanguage\":\"fr-FR\",\"@id\":\"https:\\\/\\\/janze-athletisme.fr\\\/wordpress\\\/#\\\/schema\\\/logo\\\/image\\\/\",\"url\":\"https:\\\/\\\/janze-athletisme.fr\\\/wordpress\\\/wp-content\\\/uploads\\\/2015\\\/03\\\/logo-full1.jpg\",\"contentUrl\":\"https:\\\/\\\/janze-athletisme.fr\\\/wordpress\\\/wp-content\\\/uploads\\\/2015\\\/03\\\/logo-full1.jpg\",\"width\":437,\"height\":205,\"caption\":\"Janz\u00e9 Athl\u00e9tisme\"},\"image\":{\"@id\":\"https:\\\/\\\/janze-athletisme.fr\\\/wordpress\\\/#\\\/schema\\\/logo\\\/image\\\/\"},\"sameAs\":[\"https:\\\/\\\/www.facebook.com\\\/groups\\\/1007964579346590\"]},{\"@type\":\"Person\",\"@id\":\"https:\\\/\\\/janze-athletisme.fr\\\/wordpress\\\/#\\\/schema\\\/person\\\/525a6358d0c70a5cca90d6e8619f0453\",\"name\":\"Anthony\",\"image\":{\"@type\":\"ImageObject\",\"inLanguage\":\"fr-FR\",\"@id\":\"https:\\\/\\\/secure.gravatar.com\\\/avatar\\\/532191f4fe4dd4049862f967bad2fe3582467d09a23b1e5c976a11e7665d2423?s=96&d=mm&r=g\",\"url\":\"https:\\\/\\\/secure.gravatar.com\\\/avatar\\\/532191f4fe4dd4049862f967bad2fe3582467d09a23b1e5c976a11e7665d2423?s=96&d=mm&r=g\",\"contentUrl\":\"https:\\\/\\\/secure.gravatar.com\\\/avatar\\\/532191f4fe4dd4049862f967bad2fe3582467d09a23b1e5c976a11e7665d2423?s=96&d=mm&r=g\",\"caption\":\"Anthony\"},\"url\":\"https:\\\/\\\/janze-athletisme.fr\\\/wordpress\\\/author\\\/anjuvin\\\/\"}]}<\/script>\n<!-- \/ Yoast SEO plugin. -->","yoast_head_json":{"title":"Week-end du 24 et 25 septembre - Janz\u00e9 Athl\u00e9tisme","robots":{"index":"index","follow":"follow","max-snippet":"max-snippet:-1","max-image-preview":"max-image-preview:large","max-video-preview":"max-video-preview:-1"},"canonical":"https:\/\/janze-athletisme.fr\/wordpress\/week-end-24-25-septembre\/","og_locale":"fr_FR","og_type":"article","og_title":"Week-end du 24 et 25 septembre - Janz\u00e9 Athl\u00e9tisme","og_description":"La belle d&rsquo;Org\u00e8res Ils \u00e9taient 5 Janz\u00e9ens chez nos amis d&rsquo;Org\u00e8res \u00e0 courir samedi. Une premi\u00e8re pour Christophe M sous le maillot Janz\u00e9en accompagn\u00e9 de nos habitu\u00e9s Sylvie L, Raymond F, Fabrice S et Wilfried L. A l&rsquo;arriv\u00e9e, nous aurons 2 athl\u00e8tes sur le podium, avec Wilfried L 3\u00e8me de la course 1er V1 H [&hellip;]","og_url":"https:\/\/janze-athletisme.fr\/wordpress\/week-end-24-25-septembre\/","og_site_name":"Janz\u00e9 Athl\u00e9tisme","article_publisher":"https:\/\/www.facebook.com\/groups\/1007964579346590","article_published_time":"2016-09-27T09:09:01+00:00","article_modified_time":"2016-09-28T16:32:26+00:00","og_image":[{"url":"http:\/\/janze-athletisme.fr\/wordpress\/wp-content\/uploads\/2016\/09\/pixiz-25-09-2016-19-09-20.jpg","type":"","width":"","height":""}],"author":"Anthony","twitter_card":"summary_large_image","twitter_misc":{"\u00c9crit par":"Anthony","Dur\u00e9e de lecture estim\u00e9e":"5 minutes"},"schema":{"@context":"https:\/\/schema.org","@graph":[{"@type":"Article","@id":"https:\/\/janze-athletisme.fr\/wordpress\/week-end-24-25-septembre\/#article","isPartOf":{"@id":"https:\/\/janze-athletisme.fr\/wordpress\/week-end-24-25-septembre\/"},"author":{"name":"Anthony","@id":"https:\/\/janze-athletisme.fr\/wordpress\/#\/schema\/person\/525a6358d0c70a5cca90d6e8619f0453"},"headline":"Week-end du 24 et 25 septembre","datePublished":"2016-09-27T09:09:01+00:00","dateModified":"2016-09-28T16:32:26+00:00","mainEntityOfPage":{"@id":"https:\/\/janze-athletisme.fr\/wordpress\/week-end-24-25-septembre\/"},"wordCount":1112,"commentCount":0,"publisher":{"@id":"https:\/\/janze-athletisme.fr\/wordpress\/#organization"},"image":{"@id":"https:\/\/janze-athletisme.fr\/wordpress\/week-end-24-25-septembre\/#primaryimage"},"thumbnailUrl":"http:\/\/janze-athletisme.fr\/wordpress\/wp-content\/uploads\/2016\/09\/pixiz-25-09-2016-19-09-20.jpg","articleSection":["Le club au jour le jour"],"inLanguage":"fr-FR","potentialAction":[{"@type":"CommentAction","name":"Comment","target":["https:\/\/janze-athletisme.fr\/wordpress\/week-end-24-25-septembre\/#respond"]}]},{"@type":"WebPage","@id":"https:\/\/janze-athletisme.fr\/wordpress\/week-end-24-25-septembre\/","url":"https:\/\/janze-athletisme.fr\/wordpress\/week-end-24-25-septembre\/","name":"Week-end du 24 et 25 septembre - Janz\u00e9 Athl\u00e9tisme","isPartOf":{"@id":"https:\/\/janze-athletisme.fr\/wordpress\/#website"},"primaryImageOfPage":{"@id":"https:\/\/janze-athletisme.fr\/wordpress\/week-end-24-25-septembre\/#primaryimage"},"image":{"@id":"https:\/\/janze-athletisme.fr\/wordpress\/week-end-24-25-septembre\/#primaryimage"},"thumbnailUrl":"http:\/\/janze-athletisme.fr\/wordpress\/wp-content\/uploads\/2016\/09\/pixiz-25-09-2016-19-09-20.jpg","datePublished":"2016-09-27T09:09:01+00:00","dateModified":"2016-09-28T16:32:26+00:00","breadcrumb":{"@id":"https:\/\/janze-athletisme.fr\/wordpress\/week-end-24-25-septembre\/#breadcrumb"},"inLanguage":"fr-FR","potentialAction":[{"@type":"ReadAction","target":["https:\/\/janze-athletisme.fr\/wordpress\/week-end-24-25-septembre\/"]}]},{"@type":"ImageObject","inLanguage":"fr-FR","@id":"https:\/\/janze-athletisme.fr\/wordpress\/week-end-24-25-septembre\/#primaryimage","url":"http:\/\/janze-athletisme.fr\/wordpress\/wp-content\/uploads\/2016\/09\/pixiz-25-09-2016-19-09-20.jpg","contentUrl":"http:\/\/janze-athletisme.fr\/wordpress\/wp-content\/uploads\/2016\/09\/pixiz-25-09-2016-19-09-20.jpg"},{"@type":"BreadcrumbList","@id":"https:\/\/janze-athletisme.fr\/wordpress\/week-end-24-25-septembre\/#breadcrumb","itemListElement":[{"@type":"ListItem","position":1,"name":"Accueil","item":"https:\/\/janze-athletisme.fr\/wordpress\/"},{"@type":"ListItem","position":2,"name":"Week-end du 24 et 25 septembre"}]},{"@type":"WebSite","@id":"https:\/\/janze-athletisme.fr\/wordpress\/#website","url":"https:\/\/janze-athletisme.fr\/wordpress\/","name":"Janz\u00e9 Athl\u00e9tisme","description":"Pays de La Roche aux F\u00e9es","publisher":{"@id":"https:\/\/janze-athletisme.fr\/wordpress\/#organization"},"potentialAction":[{"@type":"SearchAction","target":{"@type":"EntryPoint","urlTemplate":"https:\/\/janze-athletisme.fr\/wordpress\/?s={search_term_string}"},"query-input":{"@type":"PropertyValueSpecification","valueRequired":true,"valueName":"search_term_string"}}],"inLanguage":"fr-FR"},{"@type":"Organization","@id":"https:\/\/janze-athletisme.fr\/wordpress\/#organization","name":"Janz\u00e9 Athl\u00e9tisme","url":"https:\/\/janze-athletisme.fr\/wordpress\/","logo":{"@type":"ImageObject","inLanguage":"fr-FR","@id":"https:\/\/janze-athletisme.fr\/wordpress\/#\/schema\/logo\/image\/","url":"https:\/\/janze-athletisme.fr\/wordpress\/wp-content\/uploads\/2015\/03\/logo-full1.jpg","contentUrl":"https:\/\/janze-athletisme.fr\/wordpress\/wp-content\/uploads\/2015\/03\/logo-full1.jpg","width":437,"height":205,"caption":"Janz\u00e9 Athl\u00e9tisme"},"image":{"@id":"https:\/\/janze-athletisme.fr\/wordpress\/#\/schema\/logo\/image\/"},"sameAs":["https:\/\/www.facebook.com\/groups\/1007964579346590"]},{"@type":"Person","@id":"https:\/\/janze-athletisme.fr\/wordpress\/#\/schema\/person\/525a6358d0c70a5cca90d6e8619f0453","name":"Anthony","image":{"@type":"ImageObject","inLanguage":"fr-FR","@id":"https:\/\/secure.gravatar.com\/avatar\/532191f4fe4dd4049862f967bad2fe3582467d09a23b1e5c976a11e7665d2423?s=96&d=mm&r=g","url":"https:\/\/secure.gravatar.com\/avatar\/532191f4fe4dd4049862f967bad2fe3582467d09a23b1e5c976a11e7665d2423?s=96&d=mm&r=g","contentUrl":"https:\/\/secure.gravatar.com\/avatar\/532191f4fe4dd4049862f967bad2fe3582467d09a23b1e5c976a11e7665d2423?s=96&d=mm&r=g","caption":"Anthony"},"url":"https:\/\/janze-athletisme.fr\/wordpress\/author\/anjuvin\/"}]}},"uagb_featured_image_src":{"full":false,"thumbnail":false,"medium":false,"medium_large":false,"large":false,"1536x1536":false,"2048x2048":false},"uagb_author_info":{"display_name":"Anthony","author_link":"https:\/\/janze-athletisme.fr\/wordpress\/author\/anjuvin\/"},"uagb_comment_info":0,"uagb_excerpt":"La belle d&rsquo;Org\u00e8res Ils \u00e9taient 5 Janz\u00e9ens chez nos amis d&rsquo;Org\u00e8res \u00e0 courir samedi. Une premi\u00e8re pour Christophe M sous le maillot Janz\u00e9en accompagn\u00e9 de nos habitu\u00e9s Sylvie L, Raymond F, Fabrice S et Wilfried L. A l&rsquo;arriv\u00e9e, nous aurons 2 athl\u00e8tes sur le podium, avec Wilfried L 3\u00e8me de la course 1er V1 H\u2026","_links":{"self":[{"href":"https:\/\/janze-athletisme.fr\/wordpress\/wp-json\/wp\/v2\/posts\/1948","targetHints":{"allow":["GET"]}}],"collection":[{"href":"https:\/\/janze-athletisme.fr\/wordpress\/wp-json\/wp\/v2\/posts"}],"about":[{"href":"https:\/\/janze-athletisme.fr\/wordpress\/wp-json\/wp\/v2\/types\/post"}],"author":[{"embeddable":true,"href":"https:\/\/janze-athletisme.fr\/wordpress\/wp-json\/wp\/v2\/users\/4"}],"replies":[{"embeddable":true,"href":"https:\/\/janze-athletisme.fr\/wordpress\/wp-json\/wp\/v2\/comments?post=1948"}],"version-history":[{"count":9,"href":"https:\/\/janze-athletisme.fr\/wordpress\/wp-json\/wp\/v2\/posts\/1948\/revisions"}],"predecessor-version":[{"id":1960,"href":"https:\/\/janze-athletisme.fr\/wordpress\/wp-json\/wp\/v2\/posts\/1948\/revisions\/1960"}],"wp:attachment":[{"href":"https:\/\/janze-athletisme.fr\/wordpress\/wp-json\/wp\/v2\/media?parent=1948"}],"wp:term":[{"taxonomy":"category","embeddable":true,"href":"https:\/\/janze-athletisme.fr\/wordpress\/wp-json\/wp\/v2\/categories?post=1948"},{"taxonomy":"post_tag","embeddable":true,"href":"https:\/\/janze-athletisme.fr\/wordpress\/wp-json\/wp\/v2\/tags?post=1948"}],"curies":[{"name":"wp","href":"https:\/\/api.w.org\/{rel}","templated":true}]}}