{"id":1933,"date":"2016-09-23T11:33:34","date_gmt":"2016-09-23T09:33:34","guid":{"rendered":"http:\/\/janze-athletisme.fr\/wordpress\/?p=1933"},"modified":"2016-09-23T11:33:34","modified_gmt":"2016-09-23T09:33:34","slug":"jerome","status":"publish","type":"post","link":"https:\/\/janze-athletisme.fr\/wordpress\/jerome\/","title":{"rendered":"J\u00e9r\u00f4me"},"content":{"rendered":"<h1 style=\"text-align: center;\"><span style=\"text-decoration: underline; color: #ff0000;\"><strong>Article du Journal de Vitr\u00e9 sur J\u00e9r\u00f4me<\/strong><\/span><\/h1>\n<header>\n<p class=\"biggest\"><span style=\"color: #000000;\">Marathon. Pr\u00e8s de Rennes, un salari\u00e9 sponsoris\u00e9 pour le marathon de New-York<\/span><\/p>\n<p class=\"big mts mbs\" data-role=\"chapo\"><span style=\"color: #000000;\">J\u00e9r\u00f4me Pelhate va courir le marathon de New-York, le 6\u00a0novembre 2016. Un voyage rendu possible par l&rsquo;entreprise ICE de Saint-Aubin-du-Pavail pr\u00e8s de Rennes, qui le sponsorise.<\/span><\/p>\n<p class=\"txtright\"><span style=\"color: #000000;\">15\/09\/2016 \u00e0 15:17 par Nathalie Trop\u00e9e<\/span><\/p>\n<\/header>\n<div id=\"share-top\" class=\"line share\"><span class=\"share-count\" title=\"partages\"><strong class=\"count\">124<\/strong><br \/>\n<span class=\"small\">Partages<\/span><\/span><a class=\"share-button facebook\" href=\"https:\/\/www.facebook.com\/sharer.php?u=http:\/\/www.lejournaldevitre.fr\/25760\/marathon-son-entreprise-realise-son-reve-americain\/&amp;t=Saint-Aubin-du-Pavail%20.Marathon.%20Pr%C3%A8s%20de%20Rennes,%20un%20salari%C3%A9%20sponsoris%C3%A9%20pour%20le%20marathon%20de%20New-York\" target=\"_blank\" rel=\"nofollow\" data-href=\"http:\/\/www.lejournaldevitre.fr\/25760\/marathon-son-entreprise-realise-son-reve-americain\/\" data-layout=\"button_count\" data-action=\"like\" data-send=\"true\" data-show-faces=\"false\" data-share=\"true\">Facebook<\/a><a class=\"share-button twitter\" href=\"https:\/\/twitter.com\/intent\/tweet?source=http:\/\/www.lejournaldevitre.fr\/25760\/marathon-son-entreprise-realise-son-reve-americain\/&amp;text=Saint-Aubin-du-Pavail%20.Marathon.%20Pr%C3%A8s%20de%20Rennes,%20un%20salari%C3%A9%20sponsoris%C3%A9%20pour%20le%20marathon%20de%20New-York%20:%20http:\/\/www.lejournaldevitre.fr\/25760\/marathon-son-entreprise-realise-son-reve-americain\/\" target=\"_blank\" rel=\"nofollow\">Twitter<\/a><a class=\"share-button googleplus\" href=\"https:\/\/plus.google.com\/share?url=http:\/\/www.lejournaldevitre.fr\/25760\/marathon-son-entreprise-realise-son-reve-americain\/\" target=\"_blank\" rel=\"nofollow\" data-href=\"http:\/\/www.lejournaldevitre.fr\/25760\/marathon-son-entreprise-realise-son-reve-americain\/\" data-size=\"medium\">Google +<\/a><a class=\"share-button email\" title=\"Envoyer par mail\" href=\"mailto:?subject=Saint-Aubin-du-Pavail%20.Marathon.%20Pr%C3%A8s%20de%20Rennes,%20un%20salari%C3%A9%20sponsoris%C3%A9%20pour%20le%20marathon%20de%20New-York&amp;body=http:\/\/www.lejournaldevitre.fr\/25760\/marathon-son-entreprise-realise-son-reve-americain\/\" rel=\"nofollow\">Email<\/a><\/div>\n<section class=\"content\">\n<figure id=\"attachment_25765\" class=\"wp-caption alignnone\"><img decoding=\"async\" class=\"size-article wp-image-25765\" src=\"http:\/\/www.lejournaldevitre.fr\/files\/2016\/09\/25230-160915113305974-01-630x0.jpg\" alt=\"J\u00e9r\u00f4me Pelhate (maillot bleu ciel) et son patron Philippe Chevrier - \" width=\"630\" \/><figcaption class=\"wp-caption-text ma0\">J\u00e9r\u00f4me Pelhate (maillot bleu ciel) et son patron Philippe Chevrier<\/figcaption><\/figure>\n<p><span style=\"color: #000000;\">Philippe Chevrier est \u00e0 la t\u00eate d\u2019une entreprise florissante. La SARL d\u2019Installation de c\u00e2blage \u00e9lectronique (ICE) de Saint-Aubin-du-Pavail, pr\u00e8s de Rennes, s\u2019adresse aux professionnels du grand Ouest et compte une dizaine de salari\u00e9s. Parmi eux, J\u00e9r\u00f4me Pelhate, 39 ans, conducteur de travaux et adjoint au chef d\u2019entreprise.<\/span><\/p>\n<p><span style=\"color: #000000;\">Ce dernier a un r\u00eave depuis longtemps. Courir le marathon de New-York, dont la prochaine \u00e9dition s\u2019\u00e9lancera le 6\u00a0novembre 2016. C\u2019est un heureux concours de circonstances qui va voir J\u00e9r\u00f4me r\u00e9aliser ce fabuleux projet.<\/span><\/p>\n<h3><span style=\"color: #000000;\">\u00ab\u00a0Une\u00a0enveloppe\u00a0totale\u00a0de 3\u00a0000\u00a0\u20ac\u00a0\u00bb<\/span><\/h3>\n<p><span style=\"color: #000000;\">L\u2019entreprise de Philippe Chevrier est adh\u00e9rente \u00e0 la F\u00e9d\u00e9ration du b\u00e2timent et, \u00e0 ce titre, b\u00e9n\u00e9ficie cette ann\u00e9e d\u2019un droit de dossard. Le patron conna\u00eet bien la passion de son employ\u00e9 et a eu une id\u00e9e\u00a0:<\/span><\/p>\n<blockquote><p><span style=\"color: #000000;\"><strong>\u00ab\u00a0Je lui ai propos\u00e9 de participer au marathon de New-York et de financer son voyage par le biais d\u2019un sponsoring entreprises, car l\u2019enveloppe de frais est cons\u00e9quente<\/strong> <strong>: 370<\/strong> <strong>\u20ac le dossard, plus les frais de voyage et d\u2019h\u00e9bergement. Soit une enveloppe totale de 3<\/strong> <strong>000<\/strong> <strong>\u20ac<\/strong> <strong>! L\u2019affaire a \u00e9t\u00e9 lanc\u00e9e en juin 2015 et, depuis, douze sponsors fournisseurs ont r\u00e9pondu<\/strong><strong> \u00e0 l\u2019invitation.\u00a0\u00bb<\/strong><\/span><\/p><\/blockquote>\n<p><span style=\"color: #000000;\">J\u00e9r\u00f4me Pelhate est euphorique. Il ne lui reste plus qu\u2019\u00e0 se pr\u00e9parer pour le plus beau marathon du monde, qui rassemble chaque ann\u00e9e 60\u00a0000 concurrents.<\/span><\/p>\n<h3><span style=\"color: #000000;\">\u00ab\u00a0Quatre\u00a0ou cinq\u00a0entra\u00eenements par semaine\u00a0\u00bb<\/span><\/h3>\n<p><span style=\"color: #000000;\">Jusqu\u2019alors, ses r\u00e9sultats en marathon (42\u00a0km) sont corrects. Les r\u00e9sultats de celui de Rennes en 2014 et de celui de Nantes en 2015 en attestent avec une place dans le premier tiers. Mais celui de New-York demande une pr\u00e9paration sp\u00e9cifique de huit semaines\u00a0: <strong>\u00ab\u00a0Quatre ou cinq s\u00e9ances d\u2019entra\u00eenement par semaine, soit 60<\/strong> <strong>km, ponctu\u00e9s \u00e0 chaque fois par des fractionn\u00e9s permettant de travailler la vitesse\u00a0\u00bb<\/strong>, confie le licenci\u00e9 du club de Janz\u00e9 Athl\u00e9tisme, qui poursuivra sa pr\u00e9paration avec le semi-marathon (21\u00a0km) de Tout Rennes court, dimanche 9\u00a0octobre.<\/span><\/p>\n<p><span style=\"color: #000000;\">Le temps du d\u00e9placement (du 3 au 8\u00a0novembre), J\u00e9r\u00f4me laissera en Betagne sa femme Magaly et ses deux enfants, Jonathan et Ewen. Mais il ne sera pas seul dans l\u2019avion puisque 36 coureurs de Rennes participeront \u00e9galement \u00e0 cette grandiose manifestation sportive.<\/span><\/p>\n<h3><span style=\"color: #000000;\">Objectif 3\u00a0h\u00a030<\/span><\/h3>\n<p><span style=\"color: #000000;\">Enthousiaste et motiv\u00e9, J\u00e9r\u00f4me Pelhate fixe son objectif am\u00e9ricain\u00a0: <strong>\u00ab\u00a03<\/strong> h\u00a0<strong>30 \u00e0 raison de 12<\/strong> <strong>km\/h de moyenne, sachant que le vainqueur tourne autour de 2 h 08.\u00a0\u00bb<\/strong> Let\u2019s go J\u00e9r\u00f4me\u00a0!<\/span><\/p>\n<\/section>\n<address id=\"addresse_0\" class=\"inbl\"><span style=\"color: #000000;\"><a class=\"chevronsB\" style=\"color: #000000;\" title=\"Consultez sur google maps\" href=\"https:\/\/maps.google.fr\/maps?q=35410+Saint-Aubin-du-Pavail&amp;hl=fr&amp;ie=UTF8&amp;z=122\" target=\"_blank\">35410 Saint-Aubin-du-Pavail<\/a><\/span><\/address>\n<footer class=\"aboutBox\">\n<div id=\"signature\" class=\"mtm mbm backUniv journaliste\">\n<div class=\"line frontUniv\"><span class=\"left pls\" style=\"color: #000000;\" data-role=\"author-name\">Nathalie Trop\u00e9e<\/span><\/div>\n<div class=\"mls mts\"><span style=\"color: #000000;\">\u00a0<\/span><\/div>\n<\/div>\n<\/footer>\n","protected":false},"excerpt":{"rendered":"<p>Article du Journal de Vitr\u00e9 sur J\u00e9r\u00f4me Marathon. Pr\u00e8s de Rennes, un salari\u00e9 sponsoris\u00e9 pour le marathon de New-York J\u00e9r\u00f4me Pelhate va courir le marathon de New-York, le 6\u00a0novembre 2016. Un voyage rendu possible par l&rsquo;entreprise ICE de Saint-Aubin-du-Pavail pr\u00e8s de Rennes, qui le sponsorise. 15\/09\/2016 \u00e0 15:17 par Nathalie Trop\u00e9e 124 PartagesFacebookTwitterGoogle +Email J\u00e9r\u00f4me [&hellip;]<\/p>\n","protected":false},"author":4,"featured_media":0,"comment_status":"open","ping_status":"open","sticky":false,"template":"","format":"aside","meta":{"_uag_custom_page_level_css":"","site-sidebar-layout":"default","site-content-layout":"","ast-site-content-layout":"default","site-content-style":"default","site-sidebar-style":"default","ast-global-header-display":"","ast-banner-title-visibility":"","ast-main-header-display":"","ast-hfb-above-header-display":"","ast-hfb-below-header-display":"","ast-hfb-mobile-header-display":"","site-post-title":"","ast-breadcrumbs-content":"","ast-featured-img":"","footer-sml-layout":"","ast-disable-related-posts":"","theme-transparent-header-meta":"","adv-header-id-meta":"","stick-header-meta":"","header-above-stick-meta":"","header-main-stick-meta":"","header-below-stick-meta":"","astra-migrate-meta-layouts":"default","ast-page-background-enabled":"default","ast-page-background-meta":{"desktop":{"background-color":"var(--ast-global-color-4)","background-image":"","background-repeat":"repeat","background-position":"center center","background-size":"auto","background-attachment":"scroll","background-type":"","background-media":"","overlay-type":"","overlay-color":"","overlay-opacity":"","overlay-gradient":""},"tablet":{"background-color":"","background-image":"","background-repeat":"repeat","background-position":"center center","background-size":"auto","background-attachment":"scroll","background-type":"","background-media":"","overlay-type":"","overlay-color":"","overlay-opacity":"","overlay-gradient":""},"mobile":{"background-color":"","background-image":"","background-repeat":"repeat","background-position":"center center","background-size":"auto","background-attachment":"scroll","background-type":"","background-media":"","overlay-type":"","overlay-color":"","overlay-opacity":"","overlay-gradient":""}},"ast-content-background-meta":{"desktop":{"background-color":"var(--ast-global-color-5)","background-image":"","background-repeat":"repeat","background-position":"center center","background-size":"auto","background-attachment":"scroll","background-type":"","background-media":"","overlay-type":"","overlay-color":"","overlay-opacity":"","overlay-gradient":""},"tablet":{"background-color":"var(--ast-global-color-5)","background-image":"","background-repeat":"repeat","background-position":"center center","background-size":"auto","background-attachment":"scroll","background-type":"","background-media":"","overlay-type":"","overlay-color":"","overlay-opacity":"","overlay-gradient":""},"mobile":{"background-color":"var(--ast-global-color-5)","background-image":"","background-repeat":"repeat","background-position":"center center","background-size":"auto","background-attachment":"scroll","background-type":"","background-media":"","overlay-type":"","overlay-color":"","overlay-opacity":"","overlay-gradient":""}},"footnotes":""},"categories":[6],"tags":[],"class_list":["post-1933","post","type-post","status-publish","format-aside","hentry","category-sections","post_format-post-format-aside"],"yoast_head":"<!-- This site is optimized with the Yoast SEO plugin v27.5 - https:\/\/yoast.com\/product\/yoast-seo-wordpress\/ -->\n<title>J\u00e9r\u00f4me - Janz\u00e9 Athl\u00e9tisme<\/title>\n<meta name=\"robots\" content=\"index, follow, max-snippet:-1, max-image-preview:large, max-video-preview:-1\" \/>\n<link rel=\"canonical\" href=\"https:\/\/janze-athletisme.fr\/wordpress\/jerome\/\" \/>\n<meta property=\"og:locale\" content=\"fr_FR\" \/>\n<meta property=\"og:type\" content=\"article\" \/>\n<meta property=\"og:title\" content=\"J\u00e9r\u00f4me - Janz\u00e9 Athl\u00e9tisme\" \/>\n<meta property=\"og:description\" content=\"Article du Journal de Vitr\u00e9 sur J\u00e9r\u00f4me Marathon. Pr\u00e8s de Rennes, un salari\u00e9 sponsoris\u00e9 pour le marathon de New-York J\u00e9r\u00f4me Pelhate va courir le marathon de New-York, le 6\u00a0novembre 2016. Un voyage rendu possible par l&rsquo;entreprise ICE de Saint-Aubin-du-Pavail pr\u00e8s de Rennes, qui le sponsorise. 15\/09\/2016 \u00e0 15:17 par Nathalie Trop\u00e9e 124 PartagesFacebookTwitterGoogle +Email J\u00e9r\u00f4me [&hellip;]\" \/>\n<meta property=\"og:url\" content=\"https:\/\/janze-athletisme.fr\/wordpress\/jerome\/\" \/>\n<meta property=\"og:site_name\" content=\"Janz\u00e9 Athl\u00e9tisme\" \/>\n<meta property=\"article:publisher\" content=\"https:\/\/www.facebook.com\/groups\/1007964579346590\" \/>\n<meta property=\"article:published_time\" content=\"2016-09-23T09:33:34+00:00\" \/>\n<meta property=\"og:image\" content=\"http:\/\/www.lejournaldevitre.fr\/files\/2016\/09\/25230-160915113305974-01-630x0.jpg\" \/>\n<meta name=\"author\" content=\"Anthony\" \/>\n<meta name=\"twitter:card\" content=\"summary_large_image\" \/>\n<meta name=\"twitter:label1\" content=\"\u00c9crit par\" \/>\n\t<meta name=\"twitter:data1\" content=\"Anthony\" \/>\n\t<meta name=\"twitter:label2\" content=\"Dur\u00e9e de lecture estim\u00e9e\" \/>\n\t<meta name=\"twitter:data2\" content=\"2 minutes\" \/>\n<script type=\"application\/ld+json\" class=\"yoast-schema-graph\">{\"@context\":\"https:\\\/\\\/schema.org\",\"@graph\":[{\"@type\":\"Article\",\"@id\":\"https:\\\/\\\/janze-athletisme.fr\\\/wordpress\\\/jerome\\\/#article\",\"isPartOf\":{\"@id\":\"https:\\\/\\\/janze-athletisme.fr\\\/wordpress\\\/jerome\\\/\"},\"author\":{\"name\":\"Anthony\",\"@id\":\"https:\\\/\\\/janze-athletisme.fr\\\/wordpress\\\/#\\\/schema\\\/person\\\/525a6358d0c70a5cca90d6e8619f0453\"},\"headline\":\"J\u00e9r\u00f4me\",\"datePublished\":\"2016-09-23T09:33:34+00:00\",\"mainEntityOfPage\":{\"@id\":\"https:\\\/\\\/janze-athletisme.fr\\\/wordpress\\\/jerome\\\/\"},\"wordCount\":494,\"commentCount\":0,\"publisher\":{\"@id\":\"https:\\\/\\\/janze-athletisme.fr\\\/wordpress\\\/#organization\"},\"image\":{\"@id\":\"https:\\\/\\\/janze-athletisme.fr\\\/wordpress\\\/jerome\\\/#primaryimage\"},\"thumbnailUrl\":\"http:\\\/\\\/www.lejournaldevitre.fr\\\/files\\\/2016\\\/09\\\/25230-160915113305974-01-630x0.jpg\",\"articleSection\":[\"Le club au jour le jour\"],\"inLanguage\":\"fr-FR\",\"potentialAction\":[{\"@type\":\"CommentAction\",\"name\":\"Comment\",\"target\":[\"https:\\\/\\\/janze-athletisme.fr\\\/wordpress\\\/jerome\\\/#respond\"]}]},{\"@type\":\"WebPage\",\"@id\":\"https:\\\/\\\/janze-athletisme.fr\\\/wordpress\\\/jerome\\\/\",\"url\":\"https:\\\/\\\/janze-athletisme.fr\\\/wordpress\\\/jerome\\\/\",\"name\":\"J\u00e9r\u00f4me - Janz\u00e9 Athl\u00e9tisme\",\"isPartOf\":{\"@id\":\"https:\\\/\\\/janze-athletisme.fr\\\/wordpress\\\/#website\"},\"primaryImageOfPage\":{\"@id\":\"https:\\\/\\\/janze-athletisme.fr\\\/wordpress\\\/jerome\\\/#primaryimage\"},\"image\":{\"@id\":\"https:\\\/\\\/janze-athletisme.fr\\\/wordpress\\\/jerome\\\/#primaryimage\"},\"thumbnailUrl\":\"http:\\\/\\\/www.lejournaldevitre.fr\\\/files\\\/2016\\\/09\\\/25230-160915113305974-01-630x0.jpg\",\"datePublished\":\"2016-09-23T09:33:34+00:00\",\"breadcrumb\":{\"@id\":\"https:\\\/\\\/janze-athletisme.fr\\\/wordpress\\\/jerome\\\/#breadcrumb\"},\"inLanguage\":\"fr-FR\",\"potentialAction\":[{\"@type\":\"ReadAction\",\"target\":[\"https:\\\/\\\/janze-athletisme.fr\\\/wordpress\\\/jerome\\\/\"]}]},{\"@type\":\"ImageObject\",\"inLanguage\":\"fr-FR\",\"@id\":\"https:\\\/\\\/janze-athletisme.fr\\\/wordpress\\\/jerome\\\/#primaryimage\",\"url\":\"http:\\\/\\\/www.lejournaldevitre.fr\\\/files\\\/2016\\\/09\\\/25230-160915113305974-01-630x0.jpg\",\"contentUrl\":\"http:\\\/\\\/www.lejournaldevitre.fr\\\/files\\\/2016\\\/09\\\/25230-160915113305974-01-630x0.jpg\"},{\"@type\":\"BreadcrumbList\",\"@id\":\"https:\\\/\\\/janze-athletisme.fr\\\/wordpress\\\/jerome\\\/#breadcrumb\",\"itemListElement\":[{\"@type\":\"ListItem\",\"position\":1,\"name\":\"Accueil\",\"item\":\"https:\\\/\\\/janze-athletisme.fr\\\/wordpress\\\/\"},{\"@type\":\"ListItem\",\"position\":2,\"name\":\"J\u00e9r\u00f4me\"}]},{\"@type\":\"WebSite\",\"@id\":\"https:\\\/\\\/janze-athletisme.fr\\\/wordpress\\\/#website\",\"url\":\"https:\\\/\\\/janze-athletisme.fr\\\/wordpress\\\/\",\"name\":\"Janz\u00e9 Athl\u00e9tisme\",\"description\":\"Pays de La Roche aux F\u00e9es\",\"publisher\":{\"@id\":\"https:\\\/\\\/janze-athletisme.fr\\\/wordpress\\\/#organization\"},\"potentialAction\":[{\"@type\":\"SearchAction\",\"target\":{\"@type\":\"EntryPoint\",\"urlTemplate\":\"https:\\\/\\\/janze-athletisme.fr\\\/wordpress\\\/?s={search_term_string}\"},\"query-input\":{\"@type\":\"PropertyValueSpecification\",\"valueRequired\":true,\"valueName\":\"search_term_string\"}}],\"inLanguage\":\"fr-FR\"},{\"@type\":\"Organization\",\"@id\":\"https:\\\/\\\/janze-athletisme.fr\\\/wordpress\\\/#organization\",\"name\":\"Janz\u00e9 Athl\u00e9tisme\",\"url\":\"https:\\\/\\\/janze-athletisme.fr\\\/wordpress\\\/\",\"logo\":{\"@type\":\"ImageObject\",\"inLanguage\":\"fr-FR\",\"@id\":\"https:\\\/\\\/janze-athletisme.fr\\\/wordpress\\\/#\\\/schema\\\/logo\\\/image\\\/\",\"url\":\"https:\\\/\\\/janze-athletisme.fr\\\/wordpress\\\/wp-content\\\/uploads\\\/2015\\\/03\\\/logo-full1.jpg\",\"contentUrl\":\"https:\\\/\\\/janze-athletisme.fr\\\/wordpress\\\/wp-content\\\/uploads\\\/2015\\\/03\\\/logo-full1.jpg\",\"width\":437,\"height\":205,\"caption\":\"Janz\u00e9 Athl\u00e9tisme\"},\"image\":{\"@id\":\"https:\\\/\\\/janze-athletisme.fr\\\/wordpress\\\/#\\\/schema\\\/logo\\\/image\\\/\"},\"sameAs\":[\"https:\\\/\\\/www.facebook.com\\\/groups\\\/1007964579346590\"]},{\"@type\":\"Person\",\"@id\":\"https:\\\/\\\/janze-athletisme.fr\\\/wordpress\\\/#\\\/schema\\\/person\\\/525a6358d0c70a5cca90d6e8619f0453\",\"name\":\"Anthony\",\"image\":{\"@type\":\"ImageObject\",\"inLanguage\":\"fr-FR\",\"@id\":\"https:\\\/\\\/secure.gravatar.com\\\/avatar\\\/532191f4fe4dd4049862f967bad2fe3582467d09a23b1e5c976a11e7665d2423?s=96&d=mm&r=g\",\"url\":\"https:\\\/\\\/secure.gravatar.com\\\/avatar\\\/532191f4fe4dd4049862f967bad2fe3582467d09a23b1e5c976a11e7665d2423?s=96&d=mm&r=g\",\"contentUrl\":\"https:\\\/\\\/secure.gravatar.com\\\/avatar\\\/532191f4fe4dd4049862f967bad2fe3582467d09a23b1e5c976a11e7665d2423?s=96&d=mm&r=g\",\"caption\":\"Anthony\"},\"url\":\"https:\\\/\\\/janze-athletisme.fr\\\/wordpress\\\/author\\\/anjuvin\\\/\"}]}<\/script>\n<!-- \/ Yoast SEO plugin. -->","yoast_head_json":{"title":"J\u00e9r\u00f4me - Janz\u00e9 Athl\u00e9tisme","robots":{"index":"index","follow":"follow","max-snippet":"max-snippet:-1","max-image-preview":"max-image-preview:large","max-video-preview":"max-video-preview:-1"},"canonical":"https:\/\/janze-athletisme.fr\/wordpress\/jerome\/","og_locale":"fr_FR","og_type":"article","og_title":"J\u00e9r\u00f4me - Janz\u00e9 Athl\u00e9tisme","og_description":"Article du Journal de Vitr\u00e9 sur J\u00e9r\u00f4me Marathon. Pr\u00e8s de Rennes, un salari\u00e9 sponsoris\u00e9 pour le marathon de New-York J\u00e9r\u00f4me Pelhate va courir le marathon de New-York, le 6\u00a0novembre 2016. Un voyage rendu possible par l&rsquo;entreprise ICE de Saint-Aubin-du-Pavail pr\u00e8s de Rennes, qui le sponsorise. 15\/09\/2016 \u00e0 15:17 par Nathalie Trop\u00e9e 124 PartagesFacebookTwitterGoogle +Email J\u00e9r\u00f4me [&hellip;]","og_url":"https:\/\/janze-athletisme.fr\/wordpress\/jerome\/","og_site_name":"Janz\u00e9 Athl\u00e9tisme","article_publisher":"https:\/\/www.facebook.com\/groups\/1007964579346590","article_published_time":"2016-09-23T09:33:34+00:00","og_image":[{"url":"http:\/\/www.lejournaldevitre.fr\/files\/2016\/09\/25230-160915113305974-01-630x0.jpg","type":"","width":"","height":""}],"author":"Anthony","twitter_card":"summary_large_image","twitter_misc":{"\u00c9crit par":"Anthony","Dur\u00e9e de lecture estim\u00e9e":"2 minutes"},"schema":{"@context":"https:\/\/schema.org","@graph":[{"@type":"Article","@id":"https:\/\/janze-athletisme.fr\/wordpress\/jerome\/#article","isPartOf":{"@id":"https:\/\/janze-athletisme.fr\/wordpress\/jerome\/"},"author":{"name":"Anthony","@id":"https:\/\/janze-athletisme.fr\/wordpress\/#\/schema\/person\/525a6358d0c70a5cca90d6e8619f0453"},"headline":"J\u00e9r\u00f4me","datePublished":"2016-09-23T09:33:34+00:00","mainEntityOfPage":{"@id":"https:\/\/janze-athletisme.fr\/wordpress\/jerome\/"},"wordCount":494,"commentCount":0,"publisher":{"@id":"https:\/\/janze-athletisme.fr\/wordpress\/#organization"},"image":{"@id":"https:\/\/janze-athletisme.fr\/wordpress\/jerome\/#primaryimage"},"thumbnailUrl":"http:\/\/www.lejournaldevitre.fr\/files\/2016\/09\/25230-160915113305974-01-630x0.jpg","articleSection":["Le club au jour le jour"],"inLanguage":"fr-FR","potentialAction":[{"@type":"CommentAction","name":"Comment","target":["https:\/\/janze-athletisme.fr\/wordpress\/jerome\/#respond"]}]},{"@type":"WebPage","@id":"https:\/\/janze-athletisme.fr\/wordpress\/jerome\/","url":"https:\/\/janze-athletisme.fr\/wordpress\/jerome\/","name":"J\u00e9r\u00f4me - Janz\u00e9 Athl\u00e9tisme","isPartOf":{"@id":"https:\/\/janze-athletisme.fr\/wordpress\/#website"},"primaryImageOfPage":{"@id":"https:\/\/janze-athletisme.fr\/wordpress\/jerome\/#primaryimage"},"image":{"@id":"https:\/\/janze-athletisme.fr\/wordpress\/jerome\/#primaryimage"},"thumbnailUrl":"http:\/\/www.lejournaldevitre.fr\/files\/2016\/09\/25230-160915113305974-01-630x0.jpg","datePublished":"2016-09-23T09:33:34+00:00","breadcrumb":{"@id":"https:\/\/janze-athletisme.fr\/wordpress\/jerome\/#breadcrumb"},"inLanguage":"fr-FR","potentialAction":[{"@type":"ReadAction","target":["https:\/\/janze-athletisme.fr\/wordpress\/jerome\/"]}]},{"@type":"ImageObject","inLanguage":"fr-FR","@id":"https:\/\/janze-athletisme.fr\/wordpress\/jerome\/#primaryimage","url":"http:\/\/www.lejournaldevitre.fr\/files\/2016\/09\/25230-160915113305974-01-630x0.jpg","contentUrl":"http:\/\/www.lejournaldevitre.fr\/files\/2016\/09\/25230-160915113305974-01-630x0.jpg"},{"@type":"BreadcrumbList","@id":"https:\/\/janze-athletisme.fr\/wordpress\/jerome\/#breadcrumb","itemListElement":[{"@type":"ListItem","position":1,"name":"Accueil","item":"https:\/\/janze-athletisme.fr\/wordpress\/"},{"@type":"ListItem","position":2,"name":"J\u00e9r\u00f4me"}]},{"@type":"WebSite","@id":"https:\/\/janze-athletisme.fr\/wordpress\/#website","url":"https:\/\/janze-athletisme.fr\/wordpress\/","name":"Janz\u00e9 Athl\u00e9tisme","description":"Pays de La Roche aux F\u00e9es","publisher":{"@id":"https:\/\/janze-athletisme.fr\/wordpress\/#organization"},"potentialAction":[{"@type":"SearchAction","target":{"@type":"EntryPoint","urlTemplate":"https:\/\/janze-athletisme.fr\/wordpress\/?s={search_term_string}"},"query-input":{"@type":"PropertyValueSpecification","valueRequired":true,"valueName":"search_term_string"}}],"inLanguage":"fr-FR"},{"@type":"Organization","@id":"https:\/\/janze-athletisme.fr\/wordpress\/#organization","name":"Janz\u00e9 Athl\u00e9tisme","url":"https:\/\/janze-athletisme.fr\/wordpress\/","logo":{"@type":"ImageObject","inLanguage":"fr-FR","@id":"https:\/\/janze-athletisme.fr\/wordpress\/#\/schema\/logo\/image\/","url":"https:\/\/janze-athletisme.fr\/wordpress\/wp-content\/uploads\/2015\/03\/logo-full1.jpg","contentUrl":"https:\/\/janze-athletisme.fr\/wordpress\/wp-content\/uploads\/2015\/03\/logo-full1.jpg","width":437,"height":205,"caption":"Janz\u00e9 Athl\u00e9tisme"},"image":{"@id":"https:\/\/janze-athletisme.fr\/wordpress\/#\/schema\/logo\/image\/"},"sameAs":["https:\/\/www.facebook.com\/groups\/1007964579346590"]},{"@type":"Person","@id":"https:\/\/janze-athletisme.fr\/wordpress\/#\/schema\/person\/525a6358d0c70a5cca90d6e8619f0453","name":"Anthony","image":{"@type":"ImageObject","inLanguage":"fr-FR","@id":"https:\/\/secure.gravatar.com\/avatar\/532191f4fe4dd4049862f967bad2fe3582467d09a23b1e5c976a11e7665d2423?s=96&d=mm&r=g","url":"https:\/\/secure.gravatar.com\/avatar\/532191f4fe4dd4049862f967bad2fe3582467d09a23b1e5c976a11e7665d2423?s=96&d=mm&r=g","contentUrl":"https:\/\/secure.gravatar.com\/avatar\/532191f4fe4dd4049862f967bad2fe3582467d09a23b1e5c976a11e7665d2423?s=96&d=mm&r=g","caption":"Anthony"},"url":"https:\/\/janze-athletisme.fr\/wordpress\/author\/anjuvin\/"}]}},"uagb_featured_image_src":{"full":false,"thumbnail":false,"medium":false,"medium_large":false,"large":false,"1536x1536":false,"2048x2048":false},"uagb_author_info":{"display_name":"Anthony","author_link":"https:\/\/janze-athletisme.fr\/wordpress\/author\/anjuvin\/"},"uagb_comment_info":0,"uagb_excerpt":"Article du Journal de Vitr\u00e9 sur J\u00e9r\u00f4me Marathon. Pr\u00e8s de Rennes, un salari\u00e9 sponsoris\u00e9 pour le marathon de New-York J\u00e9r\u00f4me Pelhate va courir le marathon de New-York, le 6\u00a0novembre 2016. Un voyage rendu possible par l&rsquo;entreprise ICE de Saint-Aubin-du-Pavail pr\u00e8s de Rennes, qui le sponsorise. 15\/09\/2016 \u00e0 15:17 par Nathalie Trop\u00e9e 124 PartagesFacebookTwitterGoogle +Email J\u00e9r\u00f4me\u2026","_links":{"self":[{"href":"https:\/\/janze-athletisme.fr\/wordpress\/wp-json\/wp\/v2\/posts\/1933","targetHints":{"allow":["GET"]}}],"collection":[{"href":"https:\/\/janze-athletisme.fr\/wordpress\/wp-json\/wp\/v2\/posts"}],"about":[{"href":"https:\/\/janze-athletisme.fr\/wordpress\/wp-json\/wp\/v2\/types\/post"}],"author":[{"embeddable":true,"href":"https:\/\/janze-athletisme.fr\/wordpress\/wp-json\/wp\/v2\/users\/4"}],"replies":[{"embeddable":true,"href":"https:\/\/janze-athletisme.fr\/wordpress\/wp-json\/wp\/v2\/comments?post=1933"}],"version-history":[{"count":1,"href":"https:\/\/janze-athletisme.fr\/wordpress\/wp-json\/wp\/v2\/posts\/1933\/revisions"}],"predecessor-version":[{"id":1934,"href":"https:\/\/janze-athletisme.fr\/wordpress\/wp-json\/wp\/v2\/posts\/1933\/revisions\/1934"}],"wp:attachment":[{"href":"https:\/\/janze-athletisme.fr\/wordpress\/wp-json\/wp\/v2\/media?parent=1933"}],"wp:term":[{"taxonomy":"category","embeddable":true,"href":"https:\/\/janze-athletisme.fr\/wordpress\/wp-json\/wp\/v2\/categories?post=1933"},{"taxonomy":"post_tag","embeddable":true,"href":"https:\/\/janze-athletisme.fr\/wordpress\/wp-json\/wp\/v2\/tags?post=1933"}],"curies":[{"name":"wp","href":"https:\/\/api.w.org\/{rel}","templated":true}]}}