{"id":17819,"date":"2024-04-21T18:33:15","date_gmt":"2024-04-21T16:33:15","guid":{"rendered":"https:\/\/janze-athletisme.fr\/wordpress\/?p=17819"},"modified":"2024-04-22T21:20:14","modified_gmt":"2024-04-22T19:20:14","slug":"des-resultats-globalement-tres-brillants","status":"publish","type":"post","link":"https:\/\/janze-athletisme.fr\/wordpress\/des-resultats-globalement-tres-brillants\/","title":{"rendered":"Des r\u00e9sultats globalement tr\u00e8s brillants\u2026"},"content":{"rendered":"<p><span style=\"font-size: 18pt;\"><strong>Equip&rsquo;athl\u00e9 printanier BE-MI, Montfort\/Meu, samedi 20 avril<\/strong><\/span><\/p>\n<p>On pourra en juger en consultant les deux tableaux ci-dessous : nos Janz\u00e9ens et Janz\u00e9ennes ont fait fort \u00e0 l&rsquo;occasion de cet \u00e9quip&rsquo;athl\u00e9 printanier. Ils marquent 21 des 29 meilleures performances du club EAC pour la journ\u00e9e et trustent les premi\u00e8res places au classement du triathlon (addition de points sur trois \u00e9preuves), avec 7 de nos jeunes athl\u00e8tes dans les 10 premiers. Bravo \u00e0 vous.<\/p>\n<p><span style=\"font-size: 14pt;\"><strong>Les r\u00e9sultats saillants du jour<br \/>\n<\/strong><\/span><\/p>\n<table>\n<tbody>\n<tr>\n<td width=\"242\"><span style=\"font-size: 14pt;\"><strong>Athl\u00e8te<\/strong><\/span><\/td>\n<td style=\"text-align: center;\" width=\"119\"><span style=\"font-size: 14pt;\"><strong>\u00c9preuve<\/strong><\/span><\/td>\n<td style=\"text-align: center;\" width=\"104\"><span style=\"font-size: 14pt;\"><strong>Performance<\/strong><\/span><\/td>\n<td style=\"text-align: center;\" width=\"101\"><span style=\"font-size: 10pt;\"><strong>Points table<\/strong><\/span><\/p>\n<p><span style=\"font-size: 10pt;\"><strong>de cotation<\/strong><\/span><\/td>\n<\/tr>\n<tr>\n<td width=\"242\">Jeanne Serraj (Cesson)<\/td>\n<td style=\"text-align: center;\" width=\"119\">50m BEF<\/td>\n<td style=\"text-align: center;\" width=\"104\">7&Prime;06<\/td>\n<td style=\"text-align: center;\" width=\"101\">42<\/td>\n<\/tr>\n<tr>\n<td width=\"242\"><strong>Jules<\/strong> Le Dorven<\/td>\n<td style=\"text-align: center;\" width=\"119\">Javelot MIM<\/td>\n<td style=\"text-align: center;\" width=\"104\">41m50<\/td>\n<td style=\"text-align: center;\" width=\"101\">34<\/td>\n<\/tr>\n<tr>\n<td width=\"242\">Rose Mah\u00e9 (Bain)<\/td>\n<td style=\"text-align: center;\" width=\"119\">Hauteur BEF<\/td>\n<td style=\"text-align: center;\" width=\"104\">1m36<\/td>\n<td style=\"text-align: center;\" width=\"101\">33<\/td>\n<\/tr>\n<tr>\n<td width=\"242\"><strong>Justine<\/strong> Bourgault<\/td>\n<td style=\"text-align: center;\" width=\"119\">Triple saut MIF<\/td>\n<td style=\"text-align: center;\" width=\"104\">10m53<\/td>\n<td style=\"text-align: center;\" width=\"101\">33<\/td>\n<\/tr>\n<tr>\n<td width=\"242\"><strong>Justine<\/strong> Bourgault<\/td>\n<td style=\"text-align: center;\" width=\"119\">Longueur MIF<\/td>\n<td style=\"text-align: center;\" width=\"104\">4m69<\/td>\n<td style=\"text-align: center;\" width=\"101\">32<\/td>\n<\/tr>\n<tr>\n<td width=\"242\"><strong>Louna<\/strong> Perrin<\/td>\n<td style=\"text-align: center;\" width=\"119\">2000m MIF<\/td>\n<td style=\"text-align: center;\" width=\"104\">8&rsquo;29&Prime;55<\/td>\n<td style=\"text-align: center;\" width=\"101\">32<\/td>\n<\/tr>\n<tr>\n<td width=\"242\">L\u00e9o Letort (Cesson)<\/td>\n<td style=\"text-align: center;\" width=\"119\">1000m BEM<\/td>\n<td style=\"text-align: center;\" width=\"104\">3&rsquo;18&Prime;85<\/td>\n<td style=\"text-align: center;\" width=\"101\">31<\/td>\n<\/tr>\n<tr>\n<td width=\"242\"><strong>Justine<\/strong> Bourgault<\/td>\n<td style=\"text-align: center;\" width=\"119\">80m MIF<\/td>\n<td style=\"text-align: center;\" width=\"104\">10&Prime;87<\/td>\n<td style=\"text-align: center;\" width=\"101\">31<\/td>\n<\/tr>\n<tr>\n<td width=\"242\"><strong>Manon<\/strong> Le Nard<\/td>\n<td style=\"text-align: center;\" width=\"119\">200m haies MIF<\/td>\n<td style=\"text-align: center;\" width=\"104\">33&Prime;25<\/td>\n<td style=\"text-align: center;\" width=\"101\">31<\/td>\n<\/tr>\n<tr>\n<td width=\"242\"><strong>Tha\u00efs<\/strong> Ginguen\u00e9<\/td>\n<td style=\"text-align: center;\" width=\"119\">80m MIF<\/td>\n<td style=\"text-align: center;\" width=\"104\">10&Prime;91<\/td>\n<td style=\"text-align: center;\" width=\"101\">30<\/td>\n<\/tr>\n<tr>\n<td><strong>Tha\u00efs<\/strong>, <strong>Justine<\/strong>, <strong>Jules<\/strong>, <strong>Elouan<\/strong><\/td>\n<td style=\"text-align: center;\">Relais 4x60m mixte<\/td>\n<td style=\"text-align: center;\">30&Prime;58<\/td>\n<td style=\"text-align: center;\">30<\/td>\n<\/tr>\n<tr>\n<td width=\"242\">Colomban Tertrais (Cesson)<\/td>\n<td style=\"text-align: center;\" width=\"119\">50m BEM<\/td>\n<td style=\"text-align: center;\" width=\"104\">7&Prime;53<\/td>\n<td style=\"text-align: center;\" width=\"101\">29<\/td>\n<\/tr>\n<tr>\n<td width=\"242\"><strong>Jules<\/strong> Le Dorven<\/td>\n<td style=\"text-align: center;\" width=\"119\">100m haies MIM<\/td>\n<td style=\"text-align: center;\" width=\"104\">15&Prime;98<\/td>\n<td style=\"text-align: center;\" width=\"101\">29<\/td>\n<\/tr>\n<tr>\n<td width=\"242\">Leann Pigneul (Cesson)<\/td>\n<td style=\"text-align: center;\" width=\"119\">80m MIF<\/td>\n<td style=\"text-align: center;\" width=\"104\">11&Prime;10<\/td>\n<td style=\"text-align: center;\" width=\"101\">28<\/td>\n<\/tr>\n<tr>\n<td width=\"242\"><strong>Manon<\/strong> Le Nard<\/td>\n<td style=\"text-align: center;\" width=\"119\">120m MIF<\/td>\n<td style=\"text-align: center;\" width=\"104\">16&Prime;71<\/td>\n<td style=\"text-align: center;\" width=\"101\">28<\/td>\n<\/tr>\n<tr>\n<td width=\"242\"><strong>Elouan<\/strong> L\u00e9v\u00eaque<\/td>\n<td style=\"text-align: center;\" width=\"119\">Longueur MIM<\/td>\n<td style=\"text-align: center;\" width=\"104\">5m19<\/td>\n<td style=\"text-align: center;\" width=\"101\">28<\/td>\n<\/tr>\n<tr>\n<td width=\"242\">Zo\u00e9 Heusse (Cesson)<\/td>\n<td style=\"text-align: center;\" width=\"119\">120m MIF<\/td>\n<td style=\"text-align: center;\" width=\"104\">16&Prime;84<\/td>\n<td style=\"text-align: center;\" width=\"101\">27<\/td>\n<\/tr>\n<tr>\n<td width=\"242\"><strong>Elouan<\/strong> L\u00e9v\u00eaque<\/td>\n<td style=\"text-align: center;\" width=\"119\">80m MIM<\/td>\n<td style=\"text-align: center;\" width=\"104\">10&Prime;15<\/td>\n<td style=\"text-align: center;\" width=\"101\">27<\/td>\n<\/tr>\n<tr>\n<td width=\"242\"><strong>Prynce<\/strong> NGoma<\/td>\n<td style=\"text-align: center;\" width=\"119\">50m BEM<\/td>\n<td style=\"text-align: center;\" width=\"104\">7&Prime;71<\/td>\n<td style=\"text-align: center;\" width=\"101\">26<\/td>\n<\/tr>\n<tr>\n<td width=\"242\"><strong>Sharleen<\/strong> Bourdin<\/td>\n<td style=\"text-align: center;\" width=\"119\">Perche MIF<\/td>\n<td style=\"text-align: center;\" width=\"104\">2m40<\/td>\n<td style=\"text-align: center;\" width=\"101\">26<\/td>\n<\/tr>\n<tr>\n<td width=\"242\"><strong>Th\u00e4is<\/strong> Ginguen\u00e9<\/td>\n<td style=\"text-align: center;\" width=\"119\">Longueur MIF<\/td>\n<td style=\"text-align: center;\" width=\"104\">4m23<\/td>\n<td style=\"text-align: center;\" width=\"101\">26<\/td>\n<\/tr>\n<tr>\n<td width=\"242\"><strong>L\u00e9a<\/strong> Th\u00e9odin<\/td>\n<td style=\"text-align: center;\" width=\"119\">120m MIF<\/td>\n<td style=\"text-align: center;\" width=\"104\">16&Prime;98<\/td>\n<td style=\"text-align: center;\" width=\"101\">26<\/td>\n<\/tr>\n<tr>\n<td width=\"242\"><strong>Jules<\/strong> Le Dorven<\/td>\n<td style=\"text-align: center;\" width=\"119\">120m MIM<\/td>\n<td style=\"text-align: center;\" width=\"104\">15&Prime;40<\/td>\n<td style=\"text-align: center;\" width=\"101\">26<\/td>\n<\/tr>\n<tr>\n<td width=\"242\"><strong>No\u00e9mie<\/strong> Leroux<\/td>\n<td style=\"text-align: center;\" width=\"119\">50m Haies BEF<\/td>\n<td style=\"text-align: center;\" width=\"104\">9&Prime;86<\/td>\n<td style=\"text-align: center;\" width=\"101\">25<\/td>\n<\/tr>\n<tr>\n<td width=\"242\"><strong>Prynce<\/strong> NGoma<\/td>\n<td style=\"text-align: center;\" width=\"119\">Longueur BEM<\/td>\n<td style=\"text-align: center;\" width=\"104\">4m09<\/td>\n<td style=\"text-align: center;\" width=\"101\">25<\/td>\n<\/tr>\n<tr>\n<td width=\"242\">Na\u00efs Louin (Cesson)<\/td>\n<td style=\"text-align: center;\" width=\"119\">120m MIF<\/td>\n<td style=\"text-align: center;\" width=\"104\">17&Prime;23<\/td>\n<td style=\"text-align: center;\" width=\"101\">25<\/td>\n<\/tr>\n<tr>\n<td width=\"242\"><strong>L\u00e9a<\/strong> Th\u00e9odin<\/td>\n<td style=\"text-align: center;\" width=\"119\">Triple saut MIF<\/td>\n<td style=\"text-align: center;\" width=\"104\">9m50<\/td>\n<td style=\"text-align: center;\" width=\"101\">25<\/td>\n<\/tr>\n<tr>\n<td width=\"242\"><strong>Esteban<\/strong> Fleury<\/td>\n<td style=\"text-align: center;\" width=\"119\">Disque MIM<\/td>\n<td style=\"text-align: center;\" width=\"104\">25m18<\/td>\n<td style=\"text-align: center;\" width=\"101\">25<\/td>\n<\/tr>\n<tr>\n<td width=\"242\"><strong>Elouan<\/strong> L\u00e9v\u00eaque<\/td>\n<td style=\"text-align: center;\" width=\"119\">Javelot MIM<\/td>\n<td style=\"text-align: center;\" width=\"104\">30m65<\/td>\n<td style=\"text-align: center;\" width=\"101\">25<\/td>\n<\/tr>\n<tr>\n<td width=\"242\">Ewen Caillaud (Bain)<\/td>\n<td style=\"text-align: center;\" width=\"119\">1000m MIM<\/td>\n<td style=\"text-align: center;\" width=\"104\">3&rsquo;09&Prime;07<\/td>\n<td style=\"text-align: center;\" width=\"101\">25<\/td>\n<\/tr>\n<\/tbody>\n<\/table>\n<p>On retrouve tous les r\u00e9sultats ici : <a href=\"https:\/\/bases.athle.fr\/asp.net\/liste.aspx?frmbase=resultats&amp;frmmode=1&amp;frmespace=0&amp;frmcompetition=292091&amp;frmepreuve\">https:\/\/bases.athle.fr\/asp.net\/liste.aspx?frmbase=resultats&amp;frmmode=1&amp;frmespace=0&amp;frmcompetition=292091&amp;frmepreuve<\/a>=<\/p>\n<p><span style=\"font-size: 14pt;\"><strong>R\u00e9sultat des triathlons<\/strong><\/span><\/p>\n<table>\n<tbody>\n<tr>\n<td width=\"217\"><span style=\"font-size: 14pt;\"><strong>Athl\u00e8te<\/strong><\/span><\/td>\n<td style=\"text-align: center;\" width=\"120\"><span style=\"font-size: 14pt;\"><strong>Points triathlon<\/strong><\/span><\/td>\n<td style=\"text-align: center;\" width=\"127\"><span style=\"font-size: 14pt;\"><strong>Place<\/strong><\/span><\/td>\n<td style=\"text-align: center;\" width=\"101\"><span style=\"font-size: 14pt;\"><strong>Niveau<\/strong><\/span><\/td>\n<\/tr>\n<tr>\n<td width=\"217\"><strong>Justine<\/strong> Bourgault<\/td>\n<td style=\"text-align: center;\" width=\"120\">96 (MIF)<\/td>\n<td style=\"text-align: center;\" width=\"127\">6<sup>e<\/sup><\/td>\n<td style=\"text-align: center;\" width=\"101\">IR4<\/td>\n<\/tr>\n<tr>\n<td width=\"217\"><strong>Jules <\/strong>Le Dorven<\/td>\n<td style=\"text-align: center;\" width=\"120\">89 (MIM)<\/td>\n<td style=\"text-align: center;\" width=\"127\">8<sup>e<\/sup><\/td>\n<td style=\"text-align: center;\" width=\"101\">R2<\/td>\n<\/tr>\n<tr>\n<td width=\"217\"><strong>Elouan<\/strong> L\u00e9v\u00eaque<\/td>\n<td style=\"text-align: center;\" width=\"120\">80 (MIM)<\/td>\n<td style=\"text-align: center;\" width=\"127\">12<sup>e<\/sup><\/td>\n<td style=\"text-align: center;\" width=\"101\">R3<\/td>\n<\/tr>\n<tr>\n<td width=\"217\">Jeanne Serraj (Cesson)<\/td>\n<td style=\"text-align: center;\" width=\"120\">83 (BEF)<\/td>\n<td style=\"text-align: center;\" width=\"127\">10<sup>e<\/sup><\/td>\n<td style=\"text-align: center;\" width=\"101\">R4<\/td>\n<\/tr>\n<tr>\n<td width=\"217\"><strong>Manon<\/strong> Le Nard<\/td>\n<td style=\"text-align: center;\" width=\"120\">78 (MIF)<\/td>\n<td style=\"text-align: center;\" width=\"127\">17<sup>e<\/sup><\/td>\n<td style=\"text-align: center;\" width=\"101\">R4<\/td>\n<\/tr>\n<tr>\n<td width=\"217\"><strong>Tha\u00efs <\/strong>Ginguen\u00e9<\/td>\n<td style=\"text-align: center;\" width=\"120\">75 (MIF)<\/td>\n<td style=\"text-align: center;\" width=\"127\">23<sup>e<\/sup><\/td>\n<td style=\"text-align: center;\" width=\"101\">R4<\/td>\n<\/tr>\n<tr>\n<td width=\"217\"><strong>L\u00e9a<\/strong> Th\u00e9odin<\/td>\n<td style=\"text-align: center;\" width=\"120\">74 (MIF)<\/td>\n<td style=\"text-align: center;\" width=\"127\">25<sup>e<\/sup><\/td>\n<td style=\"text-align: center;\" width=\"101\">R4<\/td>\n<\/tr>\n<tr>\n<td width=\"217\">Rose Mah\u00e9 (Bain)<\/td>\n<td style=\"text-align: center;\" width=\"120\">77 (BEF)<\/td>\n<td style=\"text-align: center;\" width=\"127\">13<sup>e<\/sup><\/td>\n<td style=\"text-align: center;\" width=\"101\">R5<\/td>\n<\/tr>\n<tr>\n<td width=\"217\">Colomban Tertrais (Cesson)<\/td>\n<td style=\"text-align: center;\" width=\"120\">71 (BEM)<\/td>\n<td style=\"text-align: center;\" width=\"127\">9<sup>e<\/sup><\/td>\n<td style=\"text-align: center;\" width=\"101\">R5<\/td>\n<\/tr>\n<tr>\n<td width=\"217\"><strong>Esteban<\/strong> Fleury<\/td>\n<td style=\"text-align: center;\" width=\"120\">69 (MIM)<\/td>\n<td style=\"text-align: center;\" width=\"127\">23<sup>e<\/sup><\/td>\n<td style=\"text-align: center;\" width=\"101\">R5<\/td>\n<\/tr>\n<tr>\n<td width=\"217\"><strong>Louna<\/strong> Perrin<\/td>\n<td style=\"text-align: center;\" width=\"120\">68 (MIF)<\/td>\n<td style=\"text-align: center;\" width=\"127\">32<sup>e<\/sup><\/td>\n<td style=\"text-align: center;\" width=\"101\">R5<\/td>\n<\/tr>\n<tr>\n<td width=\"217\">Leann Pigneul (Cesson)<\/td>\n<td style=\"text-align: center;\" width=\"120\">65 (MIF)<\/td>\n<td style=\"text-align: center;\" width=\"127\">37<sup>e<\/sup><\/td>\n<td style=\"text-align: center;\" width=\"101\">R5<\/td>\n<\/tr>\n<tr>\n<td width=\"217\"><strong>Alice <\/strong>Bou\u00e9<\/td>\n<td style=\"text-align: center;\" width=\"120\">65 (MIF)<\/td>\n<td style=\"text-align: center;\" width=\"127\">38<sup>e<\/sup><\/td>\n<td style=\"text-align: center;\" width=\"101\">R5<\/td>\n<\/tr>\n<tr>\n<td width=\"217\"><strong>No\u00e9mie<\/strong> Leroux<\/td>\n<td style=\"text-align: center;\" width=\"120\">67 (BEF)<\/td>\n<td style=\"text-align: center;\" width=\"127\">29<sup>e<\/sup><\/td>\n<td style=\"text-align: center;\" width=\"101\">R6<\/td>\n<\/tr>\n<tr>\n<td width=\"217\"><strong>Prynce<\/strong> Ngoma<\/td>\n<td style=\"text-align: center;\" width=\"120\">64 (BEM)<\/td>\n<td style=\"text-align: center;\" width=\"127\">17<sup>e<\/sup><\/td>\n<td style=\"text-align: center;\" width=\"101\">R6<\/td>\n<\/tr>\n<tr>\n<td width=\"217\"><strong>Emeline<\/strong> Lerebours<\/td>\n<td style=\"text-align: center;\" width=\"120\">63 (BEF)<\/td>\n<td style=\"text-align: center;\" width=\"127\">38<sup>e<\/sup><\/td>\n<td style=\"text-align: center;\" width=\"101\">R6<\/td>\n<\/tr>\n<tr>\n<td width=\"217\"><strong>Kelyan<\/strong> Rooy<\/td>\n<td style=\"text-align: center;\" width=\"120\">63 (BEM)<\/td>\n<td style=\"text-align: center;\" width=\"127\">19<sup>e<\/sup><\/td>\n<td style=\"text-align: center;\" width=\"101\">R6<\/td>\n<\/tr>\n<tr>\n<td width=\"217\">Martin Corlay (Cesson)<\/td>\n<td style=\"text-align: center;\" width=\"120\">63 (MIM)<\/td>\n<td style=\"text-align: center;\" width=\"127\">28<sup>e<\/sup><\/td>\n<td style=\"text-align: center;\" width=\"101\">R6<\/td>\n<\/tr>\n<tr>\n<td width=\"217\">Valentin Perrin (Cesson)<\/td>\n<td style=\"text-align: center;\" width=\"120\">63 (MIM)<\/td>\n<td style=\"text-align: center;\" width=\"127\">29<sup>e<\/sup><\/td>\n<td style=\"text-align: center;\" width=\"101\">R6<\/td>\n<\/tr>\n<tr>\n<td width=\"217\">Zo\u00e9 Heusse (Cesson)<\/td>\n<td style=\"text-align: center;\" width=\"120\">62 (MIF)<\/td>\n<td style=\"text-align: center;\" width=\"127\">45<sup>e<\/sup><\/td>\n<td style=\"text-align: center;\" width=\"101\">R6<\/td>\n<\/tr>\n<tr>\n<td width=\"217\"><strong>Lucile<\/strong> Aubin<\/td>\n<td style=\"text-align: center;\" width=\"120\">62 (MIF)<\/td>\n<td style=\"text-align: center;\" width=\"127\">46<sup>e<\/sup><\/td>\n<td style=\"text-align: center;\" width=\"101\">R6<\/td>\n<\/tr>\n<tr>\n<td width=\"217\"><strong>Sharleen<\/strong> Bourdin<\/td>\n<td style=\"text-align: center;\" width=\"120\">60 (MIF)<\/td>\n<td style=\"text-align: center;\" width=\"127\">51<sup>e<\/sup><\/td>\n<td style=\"text-align: center;\" width=\"101\">R6<\/td>\n<\/tr>\n<tr>\n<td width=\"217\">Ewen Caillaud (Bain)<\/td>\n<td style=\"text-align: center;\" width=\"120\">60 (MIM)<\/td>\n<td style=\"text-align: center;\" width=\"127\">35<sup>e<\/sup><\/td>\n<td style=\"text-align: center;\" width=\"101\">R6<\/td>\n<\/tr>\n<tr>\n<td width=\"217\"><strong>Maximilien<\/strong> Larroque<\/td>\n<td style=\"text-align: center;\" width=\"120\">60 (MIM)<\/td>\n<td style=\"text-align: center;\" width=\"127\">36<sup>e<\/sup><\/td>\n<td style=\"text-align: center;\" width=\"101\">R6<\/td>\n<\/tr>\n<tr>\n<td width=\"217\">Na\u00efs Louin (Cesson)<\/td>\n<td style=\"text-align: center;\" width=\"120\">56 (MIF)<\/td>\n<td style=\"text-align: center;\" width=\"127\">56<sup>e<\/sup><\/td>\n<td style=\"text-align: center;\" width=\"101\">D1<\/td>\n<\/tr>\n<tr>\n<td width=\"217\">Ad\u00e8le Diraison (Cesson)<\/td>\n<td style=\"text-align: center;\" width=\"120\">54 (BEF)<\/td>\n<td style=\"text-align: center;\" width=\"127\">44<sup>e<\/sup><\/td>\n<td style=\"text-align: center;\" width=\"101\">D1<\/td>\n<\/tr>\n<tr>\n<td width=\"217\">Ad\u00e8le Laurensot (Cesson)<\/td>\n<td style=\"text-align: center;\" width=\"120\">50 (MIF)<\/td>\n<td style=\"text-align: center;\" width=\"127\">70<sup>e<\/sup><\/td>\n<td style=\"text-align: center;\" width=\"101\">D1<\/td>\n<\/tr>\n<tr>\n<td width=\"217\">L\u00e9o Letort (Cesson)<\/td>\n<td style=\"text-align: center;\" width=\"120\">50 (BEM)<\/td>\n<td style=\"text-align: center;\" width=\"127\">41<sup>e<\/sup><\/td>\n<td style=\"text-align: center;\" width=\"101\">D1<\/td>\n<\/tr>\n<tr>\n<td width=\"217\">Charlie Savean-Ricci (Cesson)<\/td>\n<td style=\"text-align: center;\" width=\"120\">48 (MIF)<\/td>\n<td style=\"text-align: center;\" width=\"127\">63<sup>e<\/sup><\/td>\n<td style=\"text-align: center;\" width=\"101\">D2<\/td>\n<\/tr>\n<tr>\n<td width=\"217\"><strong>Paul<\/strong> Bourgault<\/td>\n<td style=\"text-align: center;\" width=\"120\">47 (BEM)<\/td>\n<td style=\"text-align: center;\" width=\"127\">45<sup>e<\/sup><\/td>\n<td style=\"text-align: center;\" width=\"101\">D2<\/td>\n<\/tr>\n<tr>\n<td width=\"217\"><strong>L.ouna<\/strong> Bascunana<\/td>\n<td style=\"text-align: center;\" width=\"120\">47 (BEF)<\/td>\n<td style=\"text-align: center;\" width=\"127\">51<sup>e<\/sup><\/td>\n<td style=\"text-align: center;\" width=\"101\">D2<\/td>\n<\/tr>\n<tr>\n<td width=\"217\"><strong>Sayhann<\/strong> Ksouda-Lain\u00e9<\/td>\n<td style=\"text-align: center;\" width=\"120\">45 (MIM)<\/td>\n<td style=\"text-align: center;\" width=\"127\">57<sup>e<\/sup> *<\/td>\n<td style=\"text-align: center;\" width=\"101\">D2<\/td>\n<\/tr>\n<tr>\n<td width=\"217\">Alexine Jamet (Cesson)<\/td>\n<td style=\"text-align: center;\" width=\"120\">41 (MIF)<\/td>\n<td style=\"text-align: center;\" width=\"127\">84<sup>e<\/sup><\/td>\n<td style=\"text-align: center;\" width=\"101\">D3<\/td>\n<\/tr>\n<tr>\n<td width=\"217\"><strong>Emilien<\/strong> Coualan<\/td>\n<td style=\"text-align: center;\" width=\"120\">41 (MIM)<\/td>\n<td style=\"text-align: center;\" width=\"127\">62<sup>e<\/sup><\/td>\n<td style=\"text-align: center;\" width=\"101\">D3<\/td>\n<\/tr>\n<tr>\n<td width=\"217\">Agathe Briens (Cesson)<\/td>\n<td style=\"text-align: center;\" width=\"120\">40 (BEF)<\/td>\n<td style=\"text-align: center;\" width=\"127\">61<sup>e<\/sup><\/td>\n<td style=\"text-align: center;\" width=\"101\">D3<\/td>\n<\/tr>\n<tr>\n<td width=\"217\"><strong>Lilou<\/strong> Leblois<\/td>\n<td style=\"text-align: center;\" width=\"120\">39 (MIF)<\/td>\n<td style=\"text-align: center;\" width=\"127\">87<sup>e<\/sup><\/td>\n<td style=\"text-align: center;\" width=\"101\">D4<\/td>\n<\/tr>\n<tr>\n<td width=\"217\">Manon Tronci-Le Doucen (Cesson)<\/td>\n<td style=\"text-align: center;\" width=\"120\">37 (MIF)<\/td>\n<td style=\"text-align: center;\" width=\"127\">90<sup>e<\/sup><\/td>\n<td style=\"text-align: center;\" width=\"101\">D4<\/td>\n<\/tr>\n<tr>\n<td width=\"217\"><strong>Lou<\/strong> Bidois<\/td>\n<td style=\"text-align: center;\" width=\"120\">36 (MIF)<\/td>\n<td style=\"text-align: center;\" width=\"127\">93<sup>e<\/sup><\/td>\n<td style=\"text-align: center;\" width=\"101\">D4<\/td>\n<\/tr>\n<tr>\n<td width=\"217\"><strong>Lisie<\/strong> le H\u00e9nauff<\/td>\n<td style=\"text-align: center;\" width=\"120\">35 (MIF)<\/td>\n<td style=\"text-align: center;\" width=\"127\">&#8212; *<\/td>\n<td style=\"text-align: center;\" width=\"101\">&#8212;<\/td>\n<\/tr>\n<tr>\n<td width=\"217\">Clara Laporte (Cesson)<\/td>\n<td style=\"text-align: center;\" width=\"120\">33 (MIF)<\/td>\n<td style=\"text-align: center;\" width=\"127\">99<sup>e<\/sup><\/td>\n<td style=\"text-align: center;\" width=\"101\">D5<\/td>\n<\/tr>\n<tr>\n<td width=\"217\"><strong>Thibault<\/strong> Philippe-Passot<\/td>\n<td style=\"text-align: center;\" width=\"120\">32 (MIM)<\/td>\n<td style=\"text-align: center;\" width=\"127\">67<sup>e<\/sup><\/td>\n<td style=\"text-align: center;\" width=\"101\">D5<\/td>\n<\/tr>\n<tr>\n<td width=\"217\">Elise Lucas (Cesson)<\/td>\n<td style=\"text-align: center;\" width=\"120\">26 (MIF)<\/td>\n<td style=\"text-align: center;\" width=\"127\">102<sup>e<\/sup><\/td>\n<td style=\"text-align: center;\" width=\"101\">D6<\/td>\n<\/tr>\n<tr>\n<td width=\"217\">Victor Thi\u00e9bault (Cesson)<\/td>\n<td style=\"text-align: center;\" width=\"120\">25 (MIM)<\/td>\n<td style=\"text-align: center;\" width=\"127\">72<sup>e<\/sup><\/td>\n<td style=\"text-align: center;\" width=\"101\">D6<\/td>\n<\/tr>\n<tr>\n<td width=\"217\"><strong>Alban<\/strong> Cantin<\/td>\n<td style=\"text-align: center;\" width=\"120\">23 (MIM)<\/td>\n<td style=\"text-align: center;\" width=\"127\">73<sup>e<\/sup><\/td>\n<td style=\"text-align: center;\" width=\"101\">D7<\/td>\n<\/tr>\n<\/tbody>\n<\/table>\n<p><span style=\"font-size: 10pt;\"><em>\u00c0 noter (*) que <strong>Lisie<\/strong> a marqu\u00e9 35 points mais n&rsquo;a pas \u00e9t\u00e9 class\u00e9e au titre du triathlon, n&rsquo;ayant pas pris part \u00e0 sa 3<sup>e<\/sup> \u00e9preuve (triple saut). <strong>Sayhann<\/strong> en revanche n&rsquo;a marqu\u00e9 des points que dans deux \u00e9preuves mais il est class\u00e9 parce qu&rsquo;il a particip\u00e9 \u00e0 la 3<sup>e<\/sup> \u00e9preuve (marteau) sans parvenir \u00e0 obtenir une marque.<\/em><\/span><\/p>\n<p><a href=\"https:\/\/janze-athletisme.fr\/wordpress\/wp-content\/uploads\/2024\/04\/Janze-Athle-20avril2024.jpg\"><img loading=\"lazy\" decoding=\"async\" class=\"alignnone wp-image-17822\" src=\"https:\/\/janze-athletisme.fr\/wordpress\/wp-content\/uploads\/2024\/04\/Janze-Athle-20avril2024-300x300.jpg\" alt=\"\" width=\"161\" height=\"161\" srcset=\"https:\/\/janze-athletisme.fr\/wordpress\/wp-content\/uploads\/2024\/04\/Janze-Athle-20avril2024-300x300.jpg 300w, https:\/\/janze-athletisme.fr\/wordpress\/wp-content\/uploads\/2024\/04\/Janze-Athle-20avril2024-150x150.jpg 150w, https:\/\/janze-athletisme.fr\/wordpress\/wp-content\/uploads\/2024\/04\/Janze-Athle-20avril2024-768x767.jpg 768w, https:\/\/janze-athletisme.fr\/wordpress\/wp-content\/uploads\/2024\/04\/Janze-Athle-20avril2024.jpg 1001w\" sizes=\"auto, (max-width: 161px) 100vw, 161px\" \/> <\/a><a href=\"https:\/\/janze-athletisme.fr\/wordpress\/wp-content\/uploads\/2024\/04\/Equipathle-BE-MI-20avril2024-3.jpg\"><img loading=\"lazy\" decoding=\"async\" class=\"alignnone wp-image-17823\" src=\"https:\/\/janze-athletisme.fr\/wordpress\/wp-content\/uploads\/2024\/04\/Equipathle-BE-MI-20avril2024-3-300x152.jpg\" alt=\"\" width=\"318\" height=\"161\" srcset=\"https:\/\/janze-athletisme.fr\/wordpress\/wp-content\/uploads\/2024\/04\/Equipathle-BE-MI-20avril2024-3-300x152.jpg 300w, https:\/\/janze-athletisme.fr\/wordpress\/wp-content\/uploads\/2024\/04\/Equipathle-BE-MI-20avril2024-3-1024x518.jpg 1024w, https:\/\/janze-athletisme.fr\/wordpress\/wp-content\/uploads\/2024\/04\/Equipathle-BE-MI-20avril2024-3-768x389.jpg 768w, https:\/\/janze-athletisme.fr\/wordpress\/wp-content\/uploads\/2024\/04\/Equipathle-BE-MI-20avril2024-3-1536x777.jpg 1536w, https:\/\/janze-athletisme.fr\/wordpress\/wp-content\/uploads\/2024\/04\/Equipathle-BE-MI-20avril2024-3-2048x1037.jpg 2048w\" sizes=\"auto, (max-width: 318px) 100vw, 318px\" \/><\/a><a href=\"https:\/\/janze-athletisme.fr\/wordpress\/wp-content\/uploads\/2024\/04\/Equipathle-20avril2024.jpg\"> <img loading=\"lazy\" decoding=\"async\" class=\"alignnone wp-image-17824\" src=\"https:\/\/janze-athletisme.fr\/wordpress\/wp-content\/uploads\/2024\/04\/Equipathle-20avril2024-300x200.jpg\" alt=\"\" width=\"250\" height=\"166\" srcset=\"https:\/\/janze-athletisme.fr\/wordpress\/wp-content\/uploads\/2024\/04\/Equipathle-20avril2024-300x200.jpg 300w, https:\/\/janze-athletisme.fr\/wordpress\/wp-content\/uploads\/2024\/04\/Equipathle-20avril2024-1024x683.jpg 1024w, https:\/\/janze-athletisme.fr\/wordpress\/wp-content\/uploads\/2024\/04\/Equipathle-20avril2024-768x512.jpg 768w, https:\/\/janze-athletisme.fr\/wordpress\/wp-content\/uploads\/2024\/04\/Equipathle-20avril2024.jpg 1500w\" sizes=\"auto, (max-width: 250px) 100vw, 250px\" \/> <\/a><\/p>\n<p><a href=\"https:\/\/janze-athletisme.fr\/wordpress\/wp-content\/uploads\/2024\/04\/Marie-et-Mathieu-20avril2024.jpg\"><img loading=\"lazy\" decoding=\"async\" class=\"alignnone wp-image-17825\" src=\"https:\/\/janze-athletisme.fr\/wordpress\/wp-content\/uploads\/2024\/04\/Marie-et-Mathieu-20avril2024-300x300.jpg\" alt=\"\" width=\"182\" height=\"182\" srcset=\"https:\/\/janze-athletisme.fr\/wordpress\/wp-content\/uploads\/2024\/04\/Marie-et-Mathieu-20avril2024-300x300.jpg 300w, https:\/\/janze-athletisme.fr\/wordpress\/wp-content\/uploads\/2024\/04\/Marie-et-Mathieu-20avril2024-1024x1024.jpg 1024w, https:\/\/janze-athletisme.fr\/wordpress\/wp-content\/uploads\/2024\/04\/Marie-et-Mathieu-20avril2024-150x150.jpg 150w, https:\/\/janze-athletisme.fr\/wordpress\/wp-content\/uploads\/2024\/04\/Marie-et-Mathieu-20avril2024-768x767.jpg 768w, https:\/\/janze-athletisme.fr\/wordpress\/wp-content\/uploads\/2024\/04\/Marie-et-Mathieu-20avril2024.jpg 1201w\" sizes=\"auto, (max-width: 182px) 100vw, 182px\" \/> <\/a><a href=\"https:\/\/janze-athletisme.fr\/wordpress\/wp-content\/uploads\/2024\/04\/Lea-Alice-20avril2024.jpg\"><img loading=\"lazy\" decoding=\"async\" class=\"alignnone wp-image-17826\" src=\"https:\/\/janze-athletisme.fr\/wordpress\/wp-content\/uploads\/2024\/04\/Lea-Alice-20avril2024-300x200.jpg\" alt=\"\" width=\"275\" height=\"183\" srcset=\"https:\/\/janze-athletisme.fr\/wordpress\/wp-content\/uploads\/2024\/04\/Lea-Alice-20avril2024-300x200.jpg 300w, https:\/\/janze-athletisme.fr\/wordpress\/wp-content\/uploads\/2024\/04\/Lea-Alice-20avril2024-1024x683.jpg 1024w, https:\/\/janze-athletisme.fr\/wordpress\/wp-content\/uploads\/2024\/04\/Lea-Alice-20avril2024-768x512.jpg 768w, https:\/\/janze-athletisme.fr\/wordpress\/wp-content\/uploads\/2024\/04\/Lea-Alice-20avril2024.jpg 1500w\" sizes=\"auto, (max-width: 275px) 100vw, 275px\" \/> <\/a><a href=\"https:\/\/janze-athletisme.fr\/wordpress\/wp-content\/uploads\/2024\/04\/Maximilien-Justine-20avril2024.jpg\"><img loading=\"lazy\" decoding=\"async\" class=\"alignnone wp-image-17827\" src=\"https:\/\/janze-athletisme.fr\/wordpress\/wp-content\/uploads\/2024\/04\/Maximilien-Justine-20avril2024-300x200.jpg\" alt=\"\" width=\"273\" height=\"182\" srcset=\"https:\/\/janze-athletisme.fr\/wordpress\/wp-content\/uploads\/2024\/04\/Maximilien-Justine-20avril2024-300x200.jpg 300w, https:\/\/janze-athletisme.fr\/wordpress\/wp-content\/uploads\/2024\/04\/Maximilien-Justine-20avril2024-1024x683.jpg 1024w, https:\/\/janze-athletisme.fr\/wordpress\/wp-content\/uploads\/2024\/04\/Maximilien-Justine-20avril2024-768x512.jpg 768w, https:\/\/janze-athletisme.fr\/wordpress\/wp-content\/uploads\/2024\/04\/Maximilien-Justine-20avril2024.jpg 1500w\" sizes=\"auto, (max-width: 273px) 100vw, 273px\" \/><\/a><\/p>\n<p><a href=\"https:\/\/janze-athletisme.fr\/wordpress\/wp-content\/uploads\/2024\/04\/Motives-20avril2024.jpg\"><img loading=\"lazy\" decoding=\"async\" class=\"alignnone wp-image-17828\" src=\"https:\/\/janze-athletisme.fr\/wordpress\/wp-content\/uploads\/2024\/04\/Motives-20avril2024-300x201.jpg\" alt=\"\" width=\"281\" height=\"188\" srcset=\"https:\/\/janze-athletisme.fr\/wordpress\/wp-content\/uploads\/2024\/04\/Motives-20avril2024-300x201.jpg 300w, https:\/\/janze-athletisme.fr\/wordpress\/wp-content\/uploads\/2024\/04\/Motives-20avril2024-1024x687.jpg 1024w, https:\/\/janze-athletisme.fr\/wordpress\/wp-content\/uploads\/2024\/04\/Motives-20avril2024-768x515.jpg 768w, https:\/\/janze-athletisme.fr\/wordpress\/wp-content\/uploads\/2024\/04\/Motives-20avril2024.jpg 1491w\" sizes=\"auto, (max-width: 281px) 100vw, 281px\" \/> <\/a><a href=\"https:\/\/janze-athletisme.fr\/wordpress\/wp-content\/uploads\/2024\/04\/Prepa-du-relais-20avril2024-5.jpg\"><img loading=\"lazy\" decoding=\"async\" class=\"alignnone wp-image-17829\" src=\"https:\/\/janze-athletisme.fr\/wordpress\/wp-content\/uploads\/2024\/04\/Prepa-du-relais-20avril2024-5-300x201.jpg\" alt=\"\" width=\"280\" height=\"187\" srcset=\"https:\/\/janze-athletisme.fr\/wordpress\/wp-content\/uploads\/2024\/04\/Prepa-du-relais-20avril2024-5-300x201.jpg 300w, https:\/\/janze-athletisme.fr\/wordpress\/wp-content\/uploads\/2024\/04\/Prepa-du-relais-20avril2024-5-1024x685.jpg 1024w, https:\/\/janze-athletisme.fr\/wordpress\/wp-content\/uploads\/2024\/04\/Prepa-du-relais-20avril2024-5-768x514.jpg 768w, https:\/\/janze-athletisme.fr\/wordpress\/wp-content\/uploads\/2024\/04\/Prepa-du-relais-20avril2024-5.jpg 1495w\" sizes=\"auto, (max-width: 280px) 100vw, 280px\" \/><\/a> <a href=\"https:\/\/janze-athletisme.fr\/wordpress\/wp-content\/uploads\/2024\/04\/Prepa-du-relais-20avril2024-7.jpg\"><img loading=\"lazy\" decoding=\"async\" class=\"alignnone wp-image-17830\" src=\"https:\/\/janze-athletisme.fr\/wordpress\/wp-content\/uploads\/2024\/04\/Prepa-du-relais-20avril2024-7-300x300.jpg\" alt=\"\" width=\"187\" height=\"187\" srcset=\"https:\/\/janze-athletisme.fr\/wordpress\/wp-content\/uploads\/2024\/04\/Prepa-du-relais-20avril2024-7-300x300.jpg 300w, https:\/\/janze-athletisme.fr\/wordpress\/wp-content\/uploads\/2024\/04\/Prepa-du-relais-20avril2024-7-1024x1024.jpg 1024w, https:\/\/janze-athletisme.fr\/wordpress\/wp-content\/uploads\/2024\/04\/Prepa-du-relais-20avril2024-7-150x150.jpg 150w, https:\/\/janze-athletisme.fr\/wordpress\/wp-content\/uploads\/2024\/04\/Prepa-du-relais-20avril2024-7-768x769.jpg 768w, https:\/\/janze-athletisme.fr\/wordpress\/wp-content\/uploads\/2024\/04\/Prepa-du-relais-20avril2024-7.jpg 1200w\" sizes=\"auto, (max-width: 187px) 100vw, 187px\" \/><\/a><\/p>\n<p><a href=\"https:\/\/janze-athletisme.fr\/wordpress\/wp-content\/uploads\/2024\/04\/Sayhann-Ewen-20avril2024-5.jpg\"><img loading=\"lazy\" decoding=\"async\" class=\"alignnone wp-image-17839\" src=\"https:\/\/janze-athletisme.fr\/wordpress\/wp-content\/uploads\/2024\/04\/Sayhann-Ewen-20avril2024-5-300x300.jpg\" alt=\"\" width=\"180\" height=\"180\" srcset=\"https:\/\/janze-athletisme.fr\/wordpress\/wp-content\/uploads\/2024\/04\/Sayhann-Ewen-20avril2024-5-300x300.jpg 300w, https:\/\/janze-athletisme.fr\/wordpress\/wp-content\/uploads\/2024\/04\/Sayhann-Ewen-20avril2024-5-1024x1024.jpg 1024w, https:\/\/janze-athletisme.fr\/wordpress\/wp-content\/uploads\/2024\/04\/Sayhann-Ewen-20avril2024-5-150x150.jpg 150w, https:\/\/janze-athletisme.fr\/wordpress\/wp-content\/uploads\/2024\/04\/Sayhann-Ewen-20avril2024-5-768x768.jpg 768w, https:\/\/janze-athletisme.fr\/wordpress\/wp-content\/uploads\/2024\/04\/Sayhann-Ewen-20avril2024-5.jpg 1200w\" sizes=\"auto, (max-width: 180px) 100vw, 180px\" \/><\/a> <a href=\"https:\/\/janze-athletisme.fr\/wordpress\/wp-content\/uploads\/2024\/04\/Emeline-20avril2024-3.jpg\"><img loading=\"lazy\" decoding=\"async\" class=\"alignnone wp-image-17833\" src=\"https:\/\/janze-athletisme.fr\/wordpress\/wp-content\/uploads\/2024\/04\/Emeline-20avril2024-3-300x202.jpg\" alt=\"\" width=\"265\" height=\"179\" srcset=\"https:\/\/janze-athletisme.fr\/wordpress\/wp-content\/uploads\/2024\/04\/Emeline-20avril2024-3-300x202.jpg 300w, https:\/\/janze-athletisme.fr\/wordpress\/wp-content\/uploads\/2024\/04\/Emeline-20avril2024-3-1024x689.jpg 1024w, https:\/\/janze-athletisme.fr\/wordpress\/wp-content\/uploads\/2024\/04\/Emeline-20avril2024-3-768x517.jpg 768w, https:\/\/janze-athletisme.fr\/wordpress\/wp-content\/uploads\/2024\/04\/Emeline-20avril2024-3.jpg 1486w\" sizes=\"auto, (max-width: 265px) 100vw, 265px\" \/> <\/a><a href=\"https:\/\/janze-athletisme.fr\/wordpress\/wp-content\/uploads\/2024\/04\/Supportrices-20avril2024.jpg\"><img loading=\"lazy\" decoding=\"async\" class=\"alignnone wp-image-17834\" src=\"https:\/\/janze-athletisme.fr\/wordpress\/wp-content\/uploads\/2024\/04\/Supportrices-20avril2024-200x300.jpg\" alt=\"\" width=\"119\" height=\"179\" srcset=\"https:\/\/janze-athletisme.fr\/wordpress\/wp-content\/uploads\/2024\/04\/Supportrices-20avril2024-200x300.jpg 200w, https:\/\/janze-athletisme.fr\/wordpress\/wp-content\/uploads\/2024\/04\/Supportrices-20avril2024-683x1024.jpg 683w, https:\/\/janze-athletisme.fr\/wordpress\/wp-content\/uploads\/2024\/04\/Supportrices-20avril2024-768x1151.jpg 768w, https:\/\/janze-athletisme.fr\/wordpress\/wp-content\/uploads\/2024\/04\/Supportrices-20avril2024.jpg 1000w\" sizes=\"auto, (max-width: 119px) 100vw, 119px\" \/> <\/a><a href=\"https:\/\/janze-athletisme.fr\/wordpress\/wp-content\/uploads\/2024\/04\/Thibault-Sayhann-Alban-20avril2024.jpg\"><img loading=\"lazy\" decoding=\"async\" class=\"alignnone wp-image-17835\" src=\"https:\/\/janze-athletisme.fr\/wordpress\/wp-content\/uploads\/2024\/04\/Thibault-Sayhann-Alban-20avril2024-300x300.jpg\" alt=\"\" width=\"179\" height=\"179\" srcset=\"https:\/\/janze-athletisme.fr\/wordpress\/wp-content\/uploads\/2024\/04\/Thibault-Sayhann-Alban-20avril2024-300x300.jpg 300w, https:\/\/janze-athletisme.fr\/wordpress\/wp-content\/uploads\/2024\/04\/Thibault-Sayhann-Alban-20avril2024-1024x1024.jpg 1024w, https:\/\/janze-athletisme.fr\/wordpress\/wp-content\/uploads\/2024\/04\/Thibault-Sayhann-Alban-20avril2024-150x150.jpg 150w, https:\/\/janze-athletisme.fr\/wordpress\/wp-content\/uploads\/2024\/04\/Thibault-Sayhann-Alban-20avril2024-768x768.jpg 768w, https:\/\/janze-athletisme.fr\/wordpress\/wp-content\/uploads\/2024\/04\/Thibault-Sayhann-Alban-20avril2024.jpg 1200w\" sizes=\"auto, (max-width: 179px) 100vw, 179px\" \/><\/a><\/p>\n<p><a href=\"https:\/\/janze-athletisme.fr\/wordpress\/wp-content\/uploads\/2024\/04\/Esteban-20avril2024.jpg\"><img loading=\"lazy\" decoding=\"async\" class=\"alignnone wp-image-17837\" src=\"https:\/\/janze-athletisme.fr\/wordpress\/wp-content\/uploads\/2024\/04\/Esteban-20avril2024-300x200.jpg\" alt=\"\" width=\"255\" height=\"170\" srcset=\"https:\/\/janze-athletisme.fr\/wordpress\/wp-content\/uploads\/2024\/04\/Esteban-20avril2024-300x200.jpg 300w, https:\/\/janze-athletisme.fr\/wordpress\/wp-content\/uploads\/2024\/04\/Esteban-20avril2024-1024x681.jpg 1024w, https:\/\/janze-athletisme.fr\/wordpress\/wp-content\/uploads\/2024\/04\/Esteban-20avril2024-768x511.jpg 768w, https:\/\/janze-athletisme.fr\/wordpress\/wp-content\/uploads\/2024\/04\/Esteban-20avril2024.jpg 1503w\" sizes=\"auto, (max-width: 255px) 100vw, 255px\" \/> <\/a><a href=\"https:\/\/janze-athletisme.fr\/wordpress\/wp-content\/uploads\/2024\/04\/Jules-Justine-20avril2024-3.jpg\"><img loading=\"lazy\" decoding=\"async\" class=\"alignnone wp-image-17838\" src=\"https:\/\/janze-athletisme.fr\/wordpress\/wp-content\/uploads\/2024\/04\/Jules-Justine-20avril2024-3-300x201.jpg\" alt=\"\" width=\"256\" height=\"171\" srcset=\"https:\/\/janze-athletisme.fr\/wordpress\/wp-content\/uploads\/2024\/04\/Jules-Justine-20avril2024-3-300x201.jpg 300w, https:\/\/janze-athletisme.fr\/wordpress\/wp-content\/uploads\/2024\/04\/Jules-Justine-20avril2024-3-1024x685.jpg 1024w, https:\/\/janze-athletisme.fr\/wordpress\/wp-content\/uploads\/2024\/04\/Jules-Justine-20avril2024-3-768x514.jpg 768w, https:\/\/janze-athletisme.fr\/wordpress\/wp-content\/uploads\/2024\/04\/Jules-Justine-20avril2024-3.jpg 1495w\" sizes=\"auto, (max-width: 256px) 100vw, 256px\" \/><\/a> <a href=\"https:\/\/janze-athletisme.fr\/wordpress\/wp-content\/uploads\/2024\/04\/Thais-Justine-20avril2024.jpg\"><img loading=\"lazy\" decoding=\"async\" class=\"alignnone wp-image-17840\" src=\"https:\/\/janze-athletisme.fr\/wordpress\/wp-content\/uploads\/2024\/04\/Thais-Justine-20avril2024-300x202.jpg\" alt=\"\" width=\"190\" height=\"128\" srcset=\"https:\/\/janze-athletisme.fr\/wordpress\/wp-content\/uploads\/2024\/04\/Thais-Justine-20avril2024-300x202.jpg 300w, https:\/\/janze-athletisme.fr\/wordpress\/wp-content\/uploads\/2024\/04\/Thais-Justine-20avril2024-1024x689.jpg 1024w, https:\/\/janze-athletisme.fr\/wordpress\/wp-content\/uploads\/2024\/04\/Thais-Justine-20avril2024-768x517.jpg 768w, https:\/\/janze-athletisme.fr\/wordpress\/wp-content\/uploads\/2024\/04\/Thais-Justine-20avril2024.jpg 1486w\" sizes=\"auto, (max-width: 190px) 100vw, 190px\" \/> <\/a><a href=\"https:\/\/janze-athletisme.fr\/wordpress\/wp-content\/uploads\/2024\/04\/Mathieu-20avril2024-e1713718055305.jpg\"><img loading=\"lazy\" decoding=\"async\" class=\"alignnone wp-image-17807 \" src=\"https:\/\/janze-athletisme.fr\/wordpress\/wp-content\/uploads\/2024\/04\/Mathieu-20avril2024-e1713718055305-162x300.jpg\" alt=\"\" width=\"61\" height=\"113\" srcset=\"https:\/\/janze-athletisme.fr\/wordpress\/wp-content\/uploads\/2024\/04\/Mathieu-20avril2024-e1713718055305-162x300.jpg 162w, https:\/\/janze-athletisme.fr\/wordpress\/wp-content\/uploads\/2024\/04\/Mathieu-20avril2024-e1713718055305.jpg 540w\" sizes=\"auto, (max-width: 61px) 100vw, 61px\" \/><\/a><\/p>\n<p><span style=\"font-size: 10pt;\"><em>Notre maillot jaune commence \u00e0 faire son effet sur les stades. 48 pr\u00e9sents \u00e0 l&rsquo;occasion de cet \u00e9quip&rsquo;athl\u00e9 et de tr\u00e8s bons r\u00e9sultats aussi bien par \u00e9quipes qu&rsquo;individuellement.<\/em> <\/span><\/p>\n","protected":false},"excerpt":{"rendered":"<p>Equip&rsquo;athl\u00e9 printanier BE-MI, Montfort\/Meu, samedi 20 avril On pourra en juger en consultant les deux tableaux ci-dessous : nos Janz\u00e9ens et Janz\u00e9ennes ont fait fort \u00e0 l&rsquo;occasion de cet \u00e9quip&rsquo;athl\u00e9 printanier. Ils marquent 21 des 29 meilleures performances du club EAC pour la journ\u00e9e et trustent les premi\u00e8res places au classement du triathlon (addition de [&hellip;]<\/p>\n","protected":false},"author":12,"featured_media":17820,"comment_status":"open","ping_status":"open","sticky":false,"template":"","format":"aside","meta":{"_uag_custom_page_level_css":"","site-sidebar-layout":"default","site-content-layout":"","ast-site-content-layout":"default","site-content-style":"default","site-sidebar-style":"default","ast-global-header-display":"","ast-banner-title-visibility":"","ast-main-header-display":"","ast-hfb-above-header-display":"","ast-hfb-below-header-display":"","ast-hfb-mobile-header-display":"","site-post-title":"","ast-breadcrumbs-content":"","ast-featured-img":"","footer-sml-layout":"","ast-disable-related-posts":"","theme-transparent-header-meta":"default","adv-header-id-meta":"","stick-header-meta":"","header-above-stick-meta":"","header-main-stick-meta":"","header-below-stick-meta":"","astra-migrate-meta-layouts":"set","ast-page-background-enabled":"default","ast-page-background-meta":{"desktop":{"background-color":"var(--ast-global-color-4)","background-image":"","background-repeat":"repeat","background-position":"center center","background-size":"auto","background-attachment":"scroll","background-type":"","background-media":"","overlay-type":"","overlay-color":"","overlay-opacity":"","overlay-gradient":""},"tablet":{"background-color":"","background-image":"","background-repeat":"repeat","background-position":"center center","background-size":"auto","background-attachment":"scroll","background-type":"","background-media":"","overlay-type":"","overlay-color":"","overlay-opacity":"","overlay-gradient":""},"mobile":{"background-color":"","background-image":"","background-repeat":"repeat","background-position":"center center","background-size":"auto","background-attachment":"scroll","background-type":"","background-media":"","overlay-type":"","overlay-color":"","overlay-opacity":"","overlay-gradient":""}},"ast-content-background-meta":{"desktop":{"background-color":"var(--ast-global-color-5)","background-image":"","background-repeat":"repeat","background-position":"center center","background-size":"auto","background-attachment":"scroll","background-type":"","background-media":"","overlay-type":"","overlay-color":"","overlay-opacity":"","overlay-gradient":""},"tablet":{"background-color":"var(--ast-global-color-5)","background-image":"","background-repeat":"repeat","background-position":"center center","background-size":"auto","background-attachment":"scroll","background-type":"","background-media":"","overlay-type":"","overlay-color":"","overlay-opacity":"","overlay-gradient":""},"mobile":{"background-color":"var(--ast-global-color-5)","background-image":"","background-repeat":"repeat","background-position":"center center","background-size":"auto","background-attachment":"scroll","background-type":"","background-media":"","overlay-type":"","overlay-color":"","overlay-opacity":"","overlay-gradient":""}},"footnotes":""},"categories":[6],"tags":[],"class_list":["post-17819","post","type-post","status-publish","format-aside","has-post-thumbnail","hentry","category-sections","post_format-post-format-aside"],"yoast_head":"<!-- This site is optimized with the Yoast SEO plugin v27.5 - https:\/\/yoast.com\/product\/yoast-seo-wordpress\/ -->\n<title>Des r\u00e9sultats globalement tr\u00e8s brillants\u2026 - Janz\u00e9 Athl\u00e9tisme<\/title>\n<meta name=\"robots\" content=\"index, follow, max-snippet:-1, max-image-preview:large, max-video-preview:-1\" \/>\n<link rel=\"canonical\" href=\"https:\/\/janze-athletisme.fr\/wordpress\/des-resultats-globalement-tres-brillants\/\" \/>\n<meta property=\"og:locale\" content=\"fr_FR\" \/>\n<meta property=\"og:type\" content=\"article\" \/>\n<meta property=\"og:title\" content=\"Des r\u00e9sultats globalement tr\u00e8s brillants\u2026 - Janz\u00e9 Athl\u00e9tisme\" \/>\n<meta property=\"og:description\" content=\"Equip&rsquo;athl\u00e9 printanier BE-MI, Montfort\/Meu, samedi 20 avril On pourra en juger en consultant les deux tableaux ci-dessous : nos Janz\u00e9ens et Janz\u00e9ennes ont fait fort \u00e0 l&rsquo;occasion de cet \u00e9quip&rsquo;athl\u00e9 printanier. Ils marquent 21 des 29 meilleures performances du club EAC pour la journ\u00e9e et trustent les premi\u00e8res places au classement du triathlon (addition de [&hellip;]\" \/>\n<meta property=\"og:url\" content=\"https:\/\/janze-athletisme.fr\/wordpress\/des-resultats-globalement-tres-brillants\/\" \/>\n<meta property=\"og:site_name\" content=\"Janz\u00e9 Athl\u00e9tisme\" \/>\n<meta property=\"article:publisher\" content=\"https:\/\/www.facebook.com\/groups\/1007964579346590\" \/>\n<meta property=\"article:published_time\" content=\"2024-04-21T16:33:15+00:00\" \/>\n<meta property=\"article:modified_time\" content=\"2024-04-22T19:20:14+00:00\" \/>\n<meta property=\"og:image\" content=\"https:\/\/janze-athletisme.fr\/wordpress\/wp-content\/uploads\/2024\/04\/Prepa-du-relais-20avril2024-6.jpg\" \/>\n\t<meta property=\"og:image:width\" content=\"1200\" \/>\n\t<meta property=\"og:image:height\" content=\"1200\" \/>\n\t<meta property=\"og:image:type\" content=\"image\/jpeg\" \/>\n<meta name=\"author\" content=\"Laurent Meunier\" \/>\n<meta name=\"twitter:card\" content=\"summary_large_image\" \/>\n<meta name=\"twitter:label1\" content=\"\u00c9crit par\" \/>\n\t<meta name=\"twitter:data1\" content=\"Laurent Meunier\" \/>\n\t<meta name=\"twitter:label2\" content=\"Dur\u00e9e de lecture estim\u00e9e\" \/>\n\t<meta name=\"twitter:data2\" content=\"8 minutes\" \/>\n<script type=\"application\/ld+json\" class=\"yoast-schema-graph\">{\"@context\":\"https:\\\/\\\/schema.org\",\"@graph\":[{\"@type\":\"Article\",\"@id\":\"https:\\\/\\\/janze-athletisme.fr\\\/wordpress\\\/des-resultats-globalement-tres-brillants\\\/#article\",\"isPartOf\":{\"@id\":\"https:\\\/\\\/janze-athletisme.fr\\\/wordpress\\\/des-resultats-globalement-tres-brillants\\\/\"},\"author\":{\"name\":\"Laurent Meunier\",\"@id\":\"https:\\\/\\\/janze-athletisme.fr\\\/wordpress\\\/#\\\/schema\\\/person\\\/c7b063dcfa6234c041d4d9b26cc2ea03\"},\"headline\":\"Des r\u00e9sultats globalement tr\u00e8s brillants\u2026\",\"datePublished\":\"2024-04-21T16:33:15+00:00\",\"dateModified\":\"2024-04-22T19:20:14+00:00\",\"mainEntityOfPage\":{\"@id\":\"https:\\\/\\\/janze-athletisme.fr\\\/wordpress\\\/des-resultats-globalement-tres-brillants\\\/\"},\"wordCount\":642,\"commentCount\":0,\"publisher\":{\"@id\":\"https:\\\/\\\/janze-athletisme.fr\\\/wordpress\\\/#organization\"},\"image\":{\"@id\":\"https:\\\/\\\/janze-athletisme.fr\\\/wordpress\\\/des-resultats-globalement-tres-brillants\\\/#primaryimage\"},\"thumbnailUrl\":\"https:\\\/\\\/janze-athletisme.fr\\\/wordpress\\\/wp-content\\\/uploads\\\/2024\\\/04\\\/Prepa-du-relais-20avril2024-6.jpg\",\"articleSection\":[\"Le club au jour le jour\"],\"inLanguage\":\"fr-FR\",\"potentialAction\":[{\"@type\":\"CommentAction\",\"name\":\"Comment\",\"target\":[\"https:\\\/\\\/janze-athletisme.fr\\\/wordpress\\\/des-resultats-globalement-tres-brillants\\\/#respond\"]}]},{\"@type\":\"WebPage\",\"@id\":\"https:\\\/\\\/janze-athletisme.fr\\\/wordpress\\\/des-resultats-globalement-tres-brillants\\\/\",\"url\":\"https:\\\/\\\/janze-athletisme.fr\\\/wordpress\\\/des-resultats-globalement-tres-brillants\\\/\",\"name\":\"Des r\u00e9sultats globalement tr\u00e8s brillants\u2026 - Janz\u00e9 Athl\u00e9tisme\",\"isPartOf\":{\"@id\":\"https:\\\/\\\/janze-athletisme.fr\\\/wordpress\\\/#website\"},\"primaryImageOfPage\":{\"@id\":\"https:\\\/\\\/janze-athletisme.fr\\\/wordpress\\\/des-resultats-globalement-tres-brillants\\\/#primaryimage\"},\"image\":{\"@id\":\"https:\\\/\\\/janze-athletisme.fr\\\/wordpress\\\/des-resultats-globalement-tres-brillants\\\/#primaryimage\"},\"thumbnailUrl\":\"https:\\\/\\\/janze-athletisme.fr\\\/wordpress\\\/wp-content\\\/uploads\\\/2024\\\/04\\\/Prepa-du-relais-20avril2024-6.jpg\",\"datePublished\":\"2024-04-21T16:33:15+00:00\",\"dateModified\":\"2024-04-22T19:20:14+00:00\",\"breadcrumb\":{\"@id\":\"https:\\\/\\\/janze-athletisme.fr\\\/wordpress\\\/des-resultats-globalement-tres-brillants\\\/#breadcrumb\"},\"inLanguage\":\"fr-FR\",\"potentialAction\":[{\"@type\":\"ReadAction\",\"target\":[\"https:\\\/\\\/janze-athletisme.fr\\\/wordpress\\\/des-resultats-globalement-tres-brillants\\\/\"]}]},{\"@type\":\"ImageObject\",\"inLanguage\":\"fr-FR\",\"@id\":\"https:\\\/\\\/janze-athletisme.fr\\\/wordpress\\\/des-resultats-globalement-tres-brillants\\\/#primaryimage\",\"url\":\"https:\\\/\\\/janze-athletisme.fr\\\/wordpress\\\/wp-content\\\/uploads\\\/2024\\\/04\\\/Prepa-du-relais-20avril2024-6.jpg\",\"contentUrl\":\"https:\\\/\\\/janze-athletisme.fr\\\/wordpress\\\/wp-content\\\/uploads\\\/2024\\\/04\\\/Prepa-du-relais-20avril2024-6.jpg\",\"width\":1200,\"height\":1200},{\"@type\":\"BreadcrumbList\",\"@id\":\"https:\\\/\\\/janze-athletisme.fr\\\/wordpress\\\/des-resultats-globalement-tres-brillants\\\/#breadcrumb\",\"itemListElement\":[{\"@type\":\"ListItem\",\"position\":1,\"name\":\"Accueil\",\"item\":\"https:\\\/\\\/janze-athletisme.fr\\\/wordpress\\\/\"},{\"@type\":\"ListItem\",\"position\":2,\"name\":\"Des r\u00e9sultats globalement tr\u00e8s brillants\u2026\"}]},{\"@type\":\"WebSite\",\"@id\":\"https:\\\/\\\/janze-athletisme.fr\\\/wordpress\\\/#website\",\"url\":\"https:\\\/\\\/janze-athletisme.fr\\\/wordpress\\\/\",\"name\":\"Janz\u00e9 Athl\u00e9tisme\",\"description\":\"Pays de La Roche aux F\u00e9es\",\"publisher\":{\"@id\":\"https:\\\/\\\/janze-athletisme.fr\\\/wordpress\\\/#organization\"},\"potentialAction\":[{\"@type\":\"SearchAction\",\"target\":{\"@type\":\"EntryPoint\",\"urlTemplate\":\"https:\\\/\\\/janze-athletisme.fr\\\/wordpress\\\/?s={search_term_string}\"},\"query-input\":{\"@type\":\"PropertyValueSpecification\",\"valueRequired\":true,\"valueName\":\"search_term_string\"}}],\"inLanguage\":\"fr-FR\"},{\"@type\":\"Organization\",\"@id\":\"https:\\\/\\\/janze-athletisme.fr\\\/wordpress\\\/#organization\",\"name\":\"Janz\u00e9 Athl\u00e9tisme\",\"url\":\"https:\\\/\\\/janze-athletisme.fr\\\/wordpress\\\/\",\"logo\":{\"@type\":\"ImageObject\",\"inLanguage\":\"fr-FR\",\"@id\":\"https:\\\/\\\/janze-athletisme.fr\\\/wordpress\\\/#\\\/schema\\\/logo\\\/image\\\/\",\"url\":\"https:\\\/\\\/janze-athletisme.fr\\\/wordpress\\\/wp-content\\\/uploads\\\/2015\\\/03\\\/logo-full1.jpg\",\"contentUrl\":\"https:\\\/\\\/janze-athletisme.fr\\\/wordpress\\\/wp-content\\\/uploads\\\/2015\\\/03\\\/logo-full1.jpg\",\"width\":437,\"height\":205,\"caption\":\"Janz\u00e9 Athl\u00e9tisme\"},\"image\":{\"@id\":\"https:\\\/\\\/janze-athletisme.fr\\\/wordpress\\\/#\\\/schema\\\/logo\\\/image\\\/\"},\"sameAs\":[\"https:\\\/\\\/www.facebook.com\\\/groups\\\/1007964579346590\"]},{\"@type\":\"Person\",\"@id\":\"https:\\\/\\\/janze-athletisme.fr\\\/wordpress\\\/#\\\/schema\\\/person\\\/c7b063dcfa6234c041d4d9b26cc2ea03\",\"name\":\"Laurent Meunier\",\"image\":{\"@type\":\"ImageObject\",\"inLanguage\":\"fr-FR\",\"@id\":\"https:\\\/\\\/secure.gravatar.com\\\/avatar\\\/dd25d581ad7c3349090f2fa6a9adb6bfa287e6a5dd8a5216a092727cd8749034?s=96&d=mm&r=g\",\"url\":\"https:\\\/\\\/secure.gravatar.com\\\/avatar\\\/dd25d581ad7c3349090f2fa6a9adb6bfa287e6a5dd8a5216a092727cd8749034?s=96&d=mm&r=g\",\"contentUrl\":\"https:\\\/\\\/secure.gravatar.com\\\/avatar\\\/dd25d581ad7c3349090f2fa6a9adb6bfa287e6a5dd8a5216a092727cd8749034?s=96&d=mm&r=g\",\"caption\":\"Laurent Meunier\"},\"url\":\"https:\\\/\\\/janze-athletisme.fr\\\/wordpress\\\/author\\\/laurent-meunier35\\\/\"}]}<\/script>\n<!-- \/ Yoast SEO plugin. -->","yoast_head_json":{"title":"Des r\u00e9sultats globalement tr\u00e8s brillants\u2026 - Janz\u00e9 Athl\u00e9tisme","robots":{"index":"index","follow":"follow","max-snippet":"max-snippet:-1","max-image-preview":"max-image-preview:large","max-video-preview":"max-video-preview:-1"},"canonical":"https:\/\/janze-athletisme.fr\/wordpress\/des-resultats-globalement-tres-brillants\/","og_locale":"fr_FR","og_type":"article","og_title":"Des r\u00e9sultats globalement tr\u00e8s brillants\u2026 - Janz\u00e9 Athl\u00e9tisme","og_description":"Equip&rsquo;athl\u00e9 printanier BE-MI, Montfort\/Meu, samedi 20 avril On pourra en juger en consultant les deux tableaux ci-dessous : nos Janz\u00e9ens et Janz\u00e9ennes ont fait fort \u00e0 l&rsquo;occasion de cet \u00e9quip&rsquo;athl\u00e9 printanier. Ils marquent 21 des 29 meilleures performances du club EAC pour la journ\u00e9e et trustent les premi\u00e8res places au classement du triathlon (addition de [&hellip;]","og_url":"https:\/\/janze-athletisme.fr\/wordpress\/des-resultats-globalement-tres-brillants\/","og_site_name":"Janz\u00e9 Athl\u00e9tisme","article_publisher":"https:\/\/www.facebook.com\/groups\/1007964579346590","article_published_time":"2024-04-21T16:33:15+00:00","article_modified_time":"2024-04-22T19:20:14+00:00","og_image":[{"width":1200,"height":1200,"url":"https:\/\/janze-athletisme.fr\/wordpress\/wp-content\/uploads\/2024\/04\/Prepa-du-relais-20avril2024-6.jpg","type":"image\/jpeg"}],"author":"Laurent Meunier","twitter_card":"summary_large_image","twitter_misc":{"\u00c9crit par":"Laurent Meunier","Dur\u00e9e de lecture estim\u00e9e":"8 minutes"},"schema":{"@context":"https:\/\/schema.org","@graph":[{"@type":"Article","@id":"https:\/\/janze-athletisme.fr\/wordpress\/des-resultats-globalement-tres-brillants\/#article","isPartOf":{"@id":"https:\/\/janze-athletisme.fr\/wordpress\/des-resultats-globalement-tres-brillants\/"},"author":{"name":"Laurent Meunier","@id":"https:\/\/janze-athletisme.fr\/wordpress\/#\/schema\/person\/c7b063dcfa6234c041d4d9b26cc2ea03"},"headline":"Des r\u00e9sultats globalement tr\u00e8s brillants\u2026","datePublished":"2024-04-21T16:33:15+00:00","dateModified":"2024-04-22T19:20:14+00:00","mainEntityOfPage":{"@id":"https:\/\/janze-athletisme.fr\/wordpress\/des-resultats-globalement-tres-brillants\/"},"wordCount":642,"commentCount":0,"publisher":{"@id":"https:\/\/janze-athletisme.fr\/wordpress\/#organization"},"image":{"@id":"https:\/\/janze-athletisme.fr\/wordpress\/des-resultats-globalement-tres-brillants\/#primaryimage"},"thumbnailUrl":"https:\/\/janze-athletisme.fr\/wordpress\/wp-content\/uploads\/2024\/04\/Prepa-du-relais-20avril2024-6.jpg","articleSection":["Le club au jour le jour"],"inLanguage":"fr-FR","potentialAction":[{"@type":"CommentAction","name":"Comment","target":["https:\/\/janze-athletisme.fr\/wordpress\/des-resultats-globalement-tres-brillants\/#respond"]}]},{"@type":"WebPage","@id":"https:\/\/janze-athletisme.fr\/wordpress\/des-resultats-globalement-tres-brillants\/","url":"https:\/\/janze-athletisme.fr\/wordpress\/des-resultats-globalement-tres-brillants\/","name":"Des r\u00e9sultats globalement tr\u00e8s brillants\u2026 - Janz\u00e9 Athl\u00e9tisme","isPartOf":{"@id":"https:\/\/janze-athletisme.fr\/wordpress\/#website"},"primaryImageOfPage":{"@id":"https:\/\/janze-athletisme.fr\/wordpress\/des-resultats-globalement-tres-brillants\/#primaryimage"},"image":{"@id":"https:\/\/janze-athletisme.fr\/wordpress\/des-resultats-globalement-tres-brillants\/#primaryimage"},"thumbnailUrl":"https:\/\/janze-athletisme.fr\/wordpress\/wp-content\/uploads\/2024\/04\/Prepa-du-relais-20avril2024-6.jpg","datePublished":"2024-04-21T16:33:15+00:00","dateModified":"2024-04-22T19:20:14+00:00","breadcrumb":{"@id":"https:\/\/janze-athletisme.fr\/wordpress\/des-resultats-globalement-tres-brillants\/#breadcrumb"},"inLanguage":"fr-FR","potentialAction":[{"@type":"ReadAction","target":["https:\/\/janze-athletisme.fr\/wordpress\/des-resultats-globalement-tres-brillants\/"]}]},{"@type":"ImageObject","inLanguage":"fr-FR","@id":"https:\/\/janze-athletisme.fr\/wordpress\/des-resultats-globalement-tres-brillants\/#primaryimage","url":"https:\/\/janze-athletisme.fr\/wordpress\/wp-content\/uploads\/2024\/04\/Prepa-du-relais-20avril2024-6.jpg","contentUrl":"https:\/\/janze-athletisme.fr\/wordpress\/wp-content\/uploads\/2024\/04\/Prepa-du-relais-20avril2024-6.jpg","width":1200,"height":1200},{"@type":"BreadcrumbList","@id":"https:\/\/janze-athletisme.fr\/wordpress\/des-resultats-globalement-tres-brillants\/#breadcrumb","itemListElement":[{"@type":"ListItem","position":1,"name":"Accueil","item":"https:\/\/janze-athletisme.fr\/wordpress\/"},{"@type":"ListItem","position":2,"name":"Des r\u00e9sultats globalement tr\u00e8s brillants\u2026"}]},{"@type":"WebSite","@id":"https:\/\/janze-athletisme.fr\/wordpress\/#website","url":"https:\/\/janze-athletisme.fr\/wordpress\/","name":"Janz\u00e9 Athl\u00e9tisme","description":"Pays de La Roche aux F\u00e9es","publisher":{"@id":"https:\/\/janze-athletisme.fr\/wordpress\/#organization"},"potentialAction":[{"@type":"SearchAction","target":{"@type":"EntryPoint","urlTemplate":"https:\/\/janze-athletisme.fr\/wordpress\/?s={search_term_string}"},"query-input":{"@type":"PropertyValueSpecification","valueRequired":true,"valueName":"search_term_string"}}],"inLanguage":"fr-FR"},{"@type":"Organization","@id":"https:\/\/janze-athletisme.fr\/wordpress\/#organization","name":"Janz\u00e9 Athl\u00e9tisme","url":"https:\/\/janze-athletisme.fr\/wordpress\/","logo":{"@type":"ImageObject","inLanguage":"fr-FR","@id":"https:\/\/janze-athletisme.fr\/wordpress\/#\/schema\/logo\/image\/","url":"https:\/\/janze-athletisme.fr\/wordpress\/wp-content\/uploads\/2015\/03\/logo-full1.jpg","contentUrl":"https:\/\/janze-athletisme.fr\/wordpress\/wp-content\/uploads\/2015\/03\/logo-full1.jpg","width":437,"height":205,"caption":"Janz\u00e9 Athl\u00e9tisme"},"image":{"@id":"https:\/\/janze-athletisme.fr\/wordpress\/#\/schema\/logo\/image\/"},"sameAs":["https:\/\/www.facebook.com\/groups\/1007964579346590"]},{"@type":"Person","@id":"https:\/\/janze-athletisme.fr\/wordpress\/#\/schema\/person\/c7b063dcfa6234c041d4d9b26cc2ea03","name":"Laurent Meunier","image":{"@type":"ImageObject","inLanguage":"fr-FR","@id":"https:\/\/secure.gravatar.com\/avatar\/dd25d581ad7c3349090f2fa6a9adb6bfa287e6a5dd8a5216a092727cd8749034?s=96&d=mm&r=g","url":"https:\/\/secure.gravatar.com\/avatar\/dd25d581ad7c3349090f2fa6a9adb6bfa287e6a5dd8a5216a092727cd8749034?s=96&d=mm&r=g","contentUrl":"https:\/\/secure.gravatar.com\/avatar\/dd25d581ad7c3349090f2fa6a9adb6bfa287e6a5dd8a5216a092727cd8749034?s=96&d=mm&r=g","caption":"Laurent Meunier"},"url":"https:\/\/janze-athletisme.fr\/wordpress\/author\/laurent-meunier35\/"}]}},"uagb_featured_image_src":{"full":["https:\/\/janze-athletisme.fr\/wordpress\/wp-content\/uploads\/2024\/04\/Prepa-du-relais-20avril2024-6.jpg",1200,1200,false],"thumbnail":["https:\/\/janze-athletisme.fr\/wordpress\/wp-content\/uploads\/2024\/04\/Prepa-du-relais-20avril2024-6-150x150.jpg",150,150,true],"medium":["https:\/\/janze-athletisme.fr\/wordpress\/wp-content\/uploads\/2024\/04\/Prepa-du-relais-20avril2024-6-300x300.jpg",300,300,true],"medium_large":["https:\/\/janze-athletisme.fr\/wordpress\/wp-content\/uploads\/2024\/04\/Prepa-du-relais-20avril2024-6-768x768.jpg",768,768,true],"large":["https:\/\/janze-athletisme.fr\/wordpress\/wp-content\/uploads\/2024\/04\/Prepa-du-relais-20avril2024-6-1024x1024.jpg",1024,1024,true],"1536x1536":["https:\/\/janze-athletisme.fr\/wordpress\/wp-content\/uploads\/2024\/04\/Prepa-du-relais-20avril2024-6.jpg",1200,1200,false],"2048x2048":["https:\/\/janze-athletisme.fr\/wordpress\/wp-content\/uploads\/2024\/04\/Prepa-du-relais-20avril2024-6.jpg",1200,1200,false]},"uagb_author_info":{"display_name":"Laurent Meunier","author_link":"https:\/\/janze-athletisme.fr\/wordpress\/author\/laurent-meunier35\/"},"uagb_comment_info":0,"uagb_excerpt":"Equip&rsquo;athl\u00e9 printanier BE-MI, Montfort\/Meu, samedi 20 avril On pourra en juger en consultant les deux tableaux ci-dessous : nos Janz\u00e9ens et Janz\u00e9ennes ont fait fort \u00e0 l&rsquo;occasion de cet \u00e9quip&rsquo;athl\u00e9 printanier. Ils marquent 21 des 29 meilleures performances du club EAC pour la journ\u00e9e et trustent les premi\u00e8res places au classement du triathlon (addition de\u2026","_links":{"self":[{"href":"https:\/\/janze-athletisme.fr\/wordpress\/wp-json\/wp\/v2\/posts\/17819","targetHints":{"allow":["GET"]}}],"collection":[{"href":"https:\/\/janze-athletisme.fr\/wordpress\/wp-json\/wp\/v2\/posts"}],"about":[{"href":"https:\/\/janze-athletisme.fr\/wordpress\/wp-json\/wp\/v2\/types\/post"}],"author":[{"embeddable":true,"href":"https:\/\/janze-athletisme.fr\/wordpress\/wp-json\/wp\/v2\/users\/12"}],"replies":[{"embeddable":true,"href":"https:\/\/janze-athletisme.fr\/wordpress\/wp-json\/wp\/v2\/comments?post=17819"}],"version-history":[{"count":8,"href":"https:\/\/janze-athletisme.fr\/wordpress\/wp-json\/wp\/v2\/posts\/17819\/revisions"}],"predecessor-version":[{"id":17859,"href":"https:\/\/janze-athletisme.fr\/wordpress\/wp-json\/wp\/v2\/posts\/17819\/revisions\/17859"}],"wp:featuredmedia":[{"embeddable":true,"href":"https:\/\/janze-athletisme.fr\/wordpress\/wp-json\/wp\/v2\/media\/17820"}],"wp:attachment":[{"href":"https:\/\/janze-athletisme.fr\/wordpress\/wp-json\/wp\/v2\/media?parent=17819"}],"wp:term":[{"taxonomy":"category","embeddable":true,"href":"https:\/\/janze-athletisme.fr\/wordpress\/wp-json\/wp\/v2\/categories?post=17819"},{"taxonomy":"post_tag","embeddable":true,"href":"https:\/\/janze-athletisme.fr\/wordpress\/wp-json\/wp\/v2\/tags?post=17819"}],"curies":[{"name":"wp","href":"https:\/\/api.w.org\/{rel}","templated":true}]}}