{"id":17804,"date":"2024-04-21T16:14:09","date_gmt":"2024-04-21T14:14:09","guid":{"rendered":"https:\/\/janze-athletisme.fr\/wordpress\/?p=17804"},"modified":"2024-04-21T22:13:35","modified_gmt":"2024-04-21T20:13:35","slug":"equipathle-nos-equipes-2e-et-3e-en-poule-n2","status":"publish","type":"post","link":"https:\/\/janze-athletisme.fr\/wordpress\/equipathle-nos-equipes-2e-et-3e-en-poule-n2\/","title":{"rendered":"\u00c9quip&rsquo;athl\u00e9 : Nos \u00e9quipes 2e et 3e en poule N2&#8230;"},"content":{"rendered":"<p><span style=\"font-size: 18pt;\"><strong>Tour printanier \u00c9quip&rsquo;athl\u00e9 BE-MI, Montfort\/Meu, samedi 20 avril<\/strong><\/span><\/p>\n<p><strong>Mathieu<\/strong> Henry, notre salari\u00e9 de Janz\u00e9 Athl\u00e9, coordinateur des Benjamins\/Minimes (12\/15 ans), peut \u00eatre fier du travail de fond r\u00e9alis\u00e9 ces trois derni\u00e8res ann\u00e9es. C&rsquo;est ce travail hebdomadaire, r\u00e9gulier et comp\u00e9tent, avec des groupes motiv\u00e9s, dont on r\u00e9colte les fruits aujourd&rsquo;hui. Les choix faits au sortir de la pand\u00e9mie ont \u00e9t\u00e9 les bons et nous sommes aujourd&rsquo;hui reconnus pour le travail effectu\u00e9. C&rsquo;est une fiert\u00e9 pour le club tout entier.<\/p>\n<p>On vous a parl\u00e9 ici vendredi 18 avril de cet Equip&rsquo;Athl\u00e9 BE-MI, comp\u00e9tition Interclubs permettant de mesurer les forces collectives en pr\u00e9sence dans les diff\u00e9rents clubs du d\u00e9partement, et m\u00eame hors d\u00e9partement, puisque nous \u00e9tions confront\u00e9s cette ann\u00e9e, en plus de nos adversaires habituels de l&rsquo;Ille-et-Vilaine, \u00e0 une partie des clubs des C\u00f4tes d&rsquo;Armor et du Morbihan.<\/p>\n<p><span style=\"font-size: 14pt;\"><strong>En progression sensible depuis l&rsquo;automne\u2026<\/strong><\/span><\/p>\n<p>Dans leur poule de Nationale 2, la plus disput\u00e9e, les Minimes de l&rsquo;EAC sont 2<sup>e<\/sup> et 11<sup>e<\/sup> (sur 13 \u00e9quipes class\u00e9es). Le CJF Saint-Malo qui, pour rappel, est champion de France 2023 de la discipline, est encore 63 points devant (434 points contre 371), mais l&rsquo;\u00e9cart se r\u00e9duit et nous battons notre record de points de 2023 (352 points).<\/p>\n<p>Lors de la poule automnale, nos MI \u00e9taient 3<sup>e<\/sup> (sur 7) et en mai 2023 ils \u00e9taient 5<sup>e<\/sup> (sur 14). Ils passent notamment les locaux de l&rsquo;EA Pays de Broc\u00e9liande, qui pr\u00e9sentaient pourtant (\u00e0 domicile) 4 \u00e9quipes&#8230; Vue la qualit\u00e9 de la concurrence, le r\u00e9sultat est d&rsquo;autant plus remarquable (et encore manquait-il une partie du demi-fond Minimes : <strong>Rose<\/strong> Meyer-Blanchot, <strong>Camille<\/strong> Danet, <strong>Manon<\/strong> Guyot, <strong>Wyssem<\/strong> Habibi-Le Gallic\u2026)<\/p>\n<p>Magnifique r\u00e9sultat \u00e9galement pour l&rsquo;\u00e9quipe des Benjamins, en d\u00e9pit de l&rsquo;absence de nos deux chefs de file Janz\u00e9ens (<strong>Mathis<\/strong> Montagne, <strong>Thomas<\/strong> Bou\u00e9) : ils sont 3<sup>e <\/sup>\u00a0de leur poule de Nationale 2 (sur 11 \u00e9quipes class\u00e9es), derri\u00e8re l&rsquo;AC Br\u00e9tillien (\u00e0 52 points) et le CJF Saint-Malo (\u00e0 8 points). Avec 258 points, ils r\u00e9alisent \u00e9galement leur meilleure performance historique.<\/p>\n<p><span style=\"font-size: 14pt;\"><strong>Une participation importante de nos jeunes\u2026<\/strong><\/span><\/p>\n<p>32 Minimes \u00e9taient pr\u00e9sents (19 de Janz\u00e9, 12 de Cesson, 1 de Bain de Bretagne) et 12 benjamin(e)s (6 de Janz\u00e9, 5 de Cesson, 1 de Bain de Bretagne), soit 48 athl\u00e8tes (12 de plus qu&rsquo;\u00e0 l&rsquo;automne).<\/p>\n<p>Les parents accompagnateurs (nombreux) ont pu juger de la qualit\u00e9 du niveau global et donc de la performance d&rsquo;autant plus int\u00e9ressante du groupe.<\/p>\n<p>Bravo \u00e0 toutes et tous et un grand merci pour toutes celles et tous ceux qui ont donn\u00e9 un coup de main \u00e0 l&rsquo;organisation de la journ\u00e9e : les coaches (Mathieu donc mais aussi <strong>Sylvain<\/strong> Leroux et Marie Duvigneau), les indispensables Juges (nous allons y revenir) et les non moins indispensables parents accompagnateurs.<\/p>\n<p><span style=\"font-size: 14pt;\"><strong>Les r\u00e9sultats globaux<\/strong><\/span><\/p>\n<p><a href=\"https:\/\/bases.athle.fr\/asp.net\/liste.aspx?frmbase=resultats&amp;frmmode=1&amp;frmespace=0&amp;frmcompetition=292091\">https:\/\/bases.athle.fr\/asp.net\/liste.aspx?frmbase=resultats&amp;frmmode=1&amp;frmespace=0&amp;frmcompetition=292091<\/a><\/p>\n<p><a href=\"https:\/\/janze-athletisme.fr\/wordpress\/wp-content\/uploads\/2024\/04\/Equipathle-BE-MI-20avril2024-1.jpg\"><img loading=\"lazy\" decoding=\"async\" class=\"alignnone wp-image-17815\" src=\"https:\/\/janze-athletisme.fr\/wordpress\/wp-content\/uploads\/2024\/04\/Equipathle-BE-MI-20avril2024-1-300x200.jpg\" alt=\"\" width=\"418\" height=\"278\" srcset=\"https:\/\/janze-athletisme.fr\/wordpress\/wp-content\/uploads\/2024\/04\/Equipathle-BE-MI-20avril2024-1-300x200.jpg 300w, https:\/\/janze-athletisme.fr\/wordpress\/wp-content\/uploads\/2024\/04\/Equipathle-BE-MI-20avril2024-1-1024x683.jpg 1024w, https:\/\/janze-athletisme.fr\/wordpress\/wp-content\/uploads\/2024\/04\/Equipathle-BE-MI-20avril2024-1-768x512.jpg 768w, https:\/\/janze-athletisme.fr\/wordpress\/wp-content\/uploads\/2024\/04\/Equipathle-BE-MI-20avril2024-1-1536x1024.jpg 1536w, https:\/\/janze-athletisme.fr\/wordpress\/wp-content\/uploads\/2024\/04\/Equipathle-BE-MI-20avril2024-1-2048x1365.jpg 2048w\" sizes=\"auto, (max-width: 418px) 100vw, 418px\" \/><\/a><a href=\"https:\/\/janze-athletisme.fr\/wordpress\/wp-content\/uploads\/2024\/04\/DSC_3829.jpg\"> <img loading=\"lazy\" decoding=\"async\" class=\"alignnone wp-image-17810\" src=\"https:\/\/janze-athletisme.fr\/wordpress\/wp-content\/uploads\/2024\/04\/DSC_3829-300x201.jpg\" alt=\"\" width=\"355\" height=\"238\" srcset=\"https:\/\/janze-athletisme.fr\/wordpress\/wp-content\/uploads\/2024\/04\/DSC_3829-300x201.jpg 300w, https:\/\/janze-athletisme.fr\/wordpress\/wp-content\/uploads\/2024\/04\/DSC_3829-1024x687.jpg 1024w, https:\/\/janze-athletisme.fr\/wordpress\/wp-content\/uploads\/2024\/04\/DSC_3829-768x515.jpg 768w, https:\/\/janze-athletisme.fr\/wordpress\/wp-content\/uploads\/2024\/04\/DSC_3829.jpg 1491w\" sizes=\"auto, (max-width: 355px) 100vw, 355px\" \/><\/a><\/p>\n<p><a href=\"https:\/\/janze-athletisme.fr\/wordpress\/wp-content\/uploads\/2024\/04\/Mathieu-20avril2024.jpg\"><img loading=\"lazy\" decoding=\"async\" class=\"alignnone size-medium wp-image-17807\" src=\"https:\/\/janze-athletisme.fr\/wordpress\/wp-content\/uploads\/2024\/04\/Mathieu-20avril2024-300x200.jpg\" alt=\"\" width=\"300\" height=\"200\" \/> <\/a><a href=\"https:\/\/janze-athletisme.fr\/wordpress\/wp-content\/uploads\/2024\/04\/Marie-20avril2024.jpg\"><img loading=\"lazy\" decoding=\"async\" class=\"alignnone wp-image-17808 \" src=\"https:\/\/janze-athletisme.fr\/wordpress\/wp-content\/uploads\/2024\/04\/Marie-20avril2024-e1713708586873-247x300.jpg\" alt=\"\" width=\"165\" height=\"200\" srcset=\"https:\/\/janze-athletisme.fr\/wordpress\/wp-content\/uploads\/2024\/04\/Marie-20avril2024-e1713708586873-247x300.jpg 247w, https:\/\/janze-athletisme.fr\/wordpress\/wp-content\/uploads\/2024\/04\/Marie-20avril2024-e1713708586873.jpg 696w\" sizes=\"auto, (max-width: 165px) 100vw, 165px\" \/> <\/a><a href=\"https:\/\/janze-athletisme.fr\/wordpress\/wp-content\/uploads\/2024\/04\/Sylvain-20avril2024.jpg\"><img loading=\"lazy\" decoding=\"async\" class=\"alignnone size-medium wp-image-17809\" src=\"https:\/\/janze-athletisme.fr\/wordpress\/wp-content\/uploads\/2024\/04\/Sylvain-20avril2024-300x200.jpg\" alt=\"\" width=\"300\" height=\"200\" srcset=\"https:\/\/janze-athletisme.fr\/wordpress\/wp-content\/uploads\/2024\/04\/Sylvain-20avril2024-300x200.jpg 300w, https:\/\/janze-athletisme.fr\/wordpress\/wp-content\/uploads\/2024\/04\/Sylvain-20avril2024-1024x683.jpg 1024w, https:\/\/janze-athletisme.fr\/wordpress\/wp-content\/uploads\/2024\/04\/Sylvain-20avril2024-768x512.jpg 768w, https:\/\/janze-athletisme.fr\/wordpress\/wp-content\/uploads\/2024\/04\/Sylvain-20avril2024.jpg 1500w\" sizes=\"auto, (max-width: 300px) 100vw, 300px\" \/><\/a><\/p>\n<p><span style=\"font-size: 10pt;\"><em>Une bonne partie de l&rsquo;\u00e9quipe \u00e0 l&rsquo;arriv\u00e9e le matin, avec les parents accompagnateurs, les encadrants et les juges&#8230; Le moment de se motiver tous ensemble, puis nos trois coaches (Mathieu, Marie, Sylvain) \u00e0 leurs consignes.<\/em><\/span><\/p>\n","protected":false},"excerpt":{"rendered":"<p>Tour printanier \u00c9quip&rsquo;athl\u00e9 BE-MI, Montfort\/Meu, samedi 20 avril Mathieu Henry, notre salari\u00e9 de Janz\u00e9 Athl\u00e9, coordinateur des Benjamins\/Minimes (12\/15 ans), peut \u00eatre fier du travail de fond r\u00e9alis\u00e9 ces trois derni\u00e8res ann\u00e9es. C&rsquo;est ce travail hebdomadaire, r\u00e9gulier et comp\u00e9tent, avec des groupes motiv\u00e9s, dont on r\u00e9colte les fruits aujourd&rsquo;hui. Les choix faits au sortir de [&hellip;]<\/p>\n","protected":false},"author":12,"featured_media":17806,"comment_status":"open","ping_status":"open","sticky":false,"template":"","format":"aside","meta":{"_uag_custom_page_level_css":"","site-sidebar-layout":"default","site-content-layout":"","ast-site-content-layout":"default","site-content-style":"default","site-sidebar-style":"default","ast-global-header-display":"","ast-banner-title-visibility":"","ast-main-header-display":"","ast-hfb-above-header-display":"","ast-hfb-below-header-display":"","ast-hfb-mobile-header-display":"","site-post-title":"","ast-breadcrumbs-content":"","ast-featured-img":"","footer-sml-layout":"","ast-disable-related-posts":"","theme-transparent-header-meta":"default","adv-header-id-meta":"","stick-header-meta":"","header-above-stick-meta":"","header-main-stick-meta":"","header-below-stick-meta":"","astra-migrate-meta-layouts":"set","ast-page-background-enabled":"default","ast-page-background-meta":{"desktop":{"background-color":"var(--ast-global-color-4)","background-image":"","background-repeat":"repeat","background-position":"center center","background-size":"auto","background-attachment":"scroll","background-type":"","background-media":"","overlay-type":"","overlay-color":"","overlay-opacity":"","overlay-gradient":""},"tablet":{"background-color":"","background-image":"","background-repeat":"repeat","background-position":"center center","background-size":"auto","background-attachment":"scroll","background-type":"","background-media":"","overlay-type":"","overlay-color":"","overlay-opacity":"","overlay-gradient":""},"mobile":{"background-color":"","background-image":"","background-repeat":"repeat","background-position":"center center","background-size":"auto","background-attachment":"scroll","background-type":"","background-media":"","overlay-type":"","overlay-color":"","overlay-opacity":"","overlay-gradient":""}},"ast-content-background-meta":{"desktop":{"background-color":"var(--ast-global-color-5)","background-image":"","background-repeat":"repeat","background-position":"center center","background-size":"auto","background-attachment":"scroll","background-type":"","background-media":"","overlay-type":"","overlay-color":"","overlay-opacity":"","overlay-gradient":""},"tablet":{"background-color":"var(--ast-global-color-5)","background-image":"","background-repeat":"repeat","background-position":"center center","background-size":"auto","background-attachment":"scroll","background-type":"","background-media":"","overlay-type":"","overlay-color":"","overlay-opacity":"","overlay-gradient":""},"mobile":{"background-color":"var(--ast-global-color-5)","background-image":"","background-repeat":"repeat","background-position":"center center","background-size":"auto","background-attachment":"scroll","background-type":"","background-media":"","overlay-type":"","overlay-color":"","overlay-opacity":"","overlay-gradient":""}},"footnotes":""},"categories":[6],"tags":[],"class_list":["post-17804","post","type-post","status-publish","format-aside","has-post-thumbnail","hentry","category-sections","post_format-post-format-aside"],"yoast_head":"<!-- This site is optimized with the Yoast SEO plugin v27.5 - https:\/\/yoast.com\/product\/yoast-seo-wordpress\/ -->\n<title>\u00c9quip&#039;athl\u00e9 : Nos \u00e9quipes 2e et 3e en poule N2... - Janz\u00e9 Athl\u00e9tisme<\/title>\n<meta name=\"robots\" content=\"index, follow, max-snippet:-1, max-image-preview:large, max-video-preview:-1\" \/>\n<link rel=\"canonical\" href=\"https:\/\/janze-athletisme.fr\/wordpress\/equipathle-nos-equipes-2e-et-3e-en-poule-n2\/\" \/>\n<meta property=\"og:locale\" content=\"fr_FR\" \/>\n<meta property=\"og:type\" content=\"article\" \/>\n<meta property=\"og:title\" content=\"\u00c9quip&#039;athl\u00e9 : Nos \u00e9quipes 2e et 3e en poule N2... - Janz\u00e9 Athl\u00e9tisme\" \/>\n<meta property=\"og:description\" content=\"Tour printanier \u00c9quip&rsquo;athl\u00e9 BE-MI, Montfort\/Meu, samedi 20 avril Mathieu Henry, notre salari\u00e9 de Janz\u00e9 Athl\u00e9, coordinateur des Benjamins\/Minimes (12\/15 ans), peut \u00eatre fier du travail de fond r\u00e9alis\u00e9 ces trois derni\u00e8res ann\u00e9es. C&rsquo;est ce travail hebdomadaire, r\u00e9gulier et comp\u00e9tent, avec des groupes motiv\u00e9s, dont on r\u00e9colte les fruits aujourd&rsquo;hui. Les choix faits au sortir de [&hellip;]\" \/>\n<meta property=\"og:url\" content=\"https:\/\/janze-athletisme.fr\/wordpress\/equipathle-nos-equipes-2e-et-3e-en-poule-n2\/\" \/>\n<meta property=\"og:site_name\" content=\"Janz\u00e9 Athl\u00e9tisme\" \/>\n<meta property=\"article:publisher\" content=\"https:\/\/www.facebook.com\/groups\/1007964579346590\" \/>\n<meta property=\"article:published_time\" content=\"2024-04-21T14:14:09+00:00\" \/>\n<meta property=\"article:modified_time\" content=\"2024-04-21T20:13:35+00:00\" \/>\n<meta property=\"og:image\" content=\"https:\/\/janze-athletisme.fr\/wordpress\/wp-content\/uploads\/2024\/04\/Equipathle-BE-MI-20avril2024-2.jpg\" \/>\n\t<meta property=\"og:image:width\" content=\"2250\" \/>\n\t<meta property=\"og:image:height\" content=\"1500\" \/>\n\t<meta property=\"og:image:type\" content=\"image\/jpeg\" \/>\n<meta name=\"author\" content=\"Laurent Meunier\" \/>\n<meta name=\"twitter:card\" content=\"summary_large_image\" \/>\n<meta name=\"twitter:label1\" content=\"\u00c9crit par\" \/>\n\t<meta name=\"twitter:data1\" content=\"Laurent Meunier\" \/>\n\t<meta name=\"twitter:label2\" content=\"Dur\u00e9e de lecture estim\u00e9e\" \/>\n\t<meta name=\"twitter:data2\" content=\"4 minutes\" \/>\n<script type=\"application\/ld+json\" class=\"yoast-schema-graph\">{\"@context\":\"https:\\\/\\\/schema.org\",\"@graph\":[{\"@type\":\"Article\",\"@id\":\"https:\\\/\\\/janze-athletisme.fr\\\/wordpress\\\/equipathle-nos-equipes-2e-et-3e-en-poule-n2\\\/#article\",\"isPartOf\":{\"@id\":\"https:\\\/\\\/janze-athletisme.fr\\\/wordpress\\\/equipathle-nos-equipes-2e-et-3e-en-poule-n2\\\/\"},\"author\":{\"name\":\"Laurent Meunier\",\"@id\":\"https:\\\/\\\/janze-athletisme.fr\\\/wordpress\\\/#\\\/schema\\\/person\\\/c7b063dcfa6234c041d4d9b26cc2ea03\"},\"headline\":\"\u00c9quip&rsquo;athl\u00e9 : Nos \u00e9quipes 2e et 3e en poule N2&#8230;\",\"datePublished\":\"2024-04-21T14:14:09+00:00\",\"dateModified\":\"2024-04-21T20:13:35+00:00\",\"mainEntityOfPage\":{\"@id\":\"https:\\\/\\\/janze-athletisme.fr\\\/wordpress\\\/equipathle-nos-equipes-2e-et-3e-en-poule-n2\\\/\"},\"wordCount\":528,\"commentCount\":0,\"publisher\":{\"@id\":\"https:\\\/\\\/janze-athletisme.fr\\\/wordpress\\\/#organization\"},\"image\":{\"@id\":\"https:\\\/\\\/janze-athletisme.fr\\\/wordpress\\\/equipathle-nos-equipes-2e-et-3e-en-poule-n2\\\/#primaryimage\"},\"thumbnailUrl\":\"https:\\\/\\\/janze-athletisme.fr\\\/wordpress\\\/wp-content\\\/uploads\\\/2024\\\/04\\\/Equipathle-BE-MI-20avril2024-2.jpg\",\"articleSection\":[\"Le club au jour le jour\"],\"inLanguage\":\"fr-FR\",\"potentialAction\":[{\"@type\":\"CommentAction\",\"name\":\"Comment\",\"target\":[\"https:\\\/\\\/janze-athletisme.fr\\\/wordpress\\\/equipathle-nos-equipes-2e-et-3e-en-poule-n2\\\/#respond\"]}]},{\"@type\":\"WebPage\",\"@id\":\"https:\\\/\\\/janze-athletisme.fr\\\/wordpress\\\/equipathle-nos-equipes-2e-et-3e-en-poule-n2\\\/\",\"url\":\"https:\\\/\\\/janze-athletisme.fr\\\/wordpress\\\/equipathle-nos-equipes-2e-et-3e-en-poule-n2\\\/\",\"name\":\"\u00c9quip'athl\u00e9 : Nos \u00e9quipes 2e et 3e en poule N2... - Janz\u00e9 Athl\u00e9tisme\",\"isPartOf\":{\"@id\":\"https:\\\/\\\/janze-athletisme.fr\\\/wordpress\\\/#website\"},\"primaryImageOfPage\":{\"@id\":\"https:\\\/\\\/janze-athletisme.fr\\\/wordpress\\\/equipathle-nos-equipes-2e-et-3e-en-poule-n2\\\/#primaryimage\"},\"image\":{\"@id\":\"https:\\\/\\\/janze-athletisme.fr\\\/wordpress\\\/equipathle-nos-equipes-2e-et-3e-en-poule-n2\\\/#primaryimage\"},\"thumbnailUrl\":\"https:\\\/\\\/janze-athletisme.fr\\\/wordpress\\\/wp-content\\\/uploads\\\/2024\\\/04\\\/Equipathle-BE-MI-20avril2024-2.jpg\",\"datePublished\":\"2024-04-21T14:14:09+00:00\",\"dateModified\":\"2024-04-21T20:13:35+00:00\",\"breadcrumb\":{\"@id\":\"https:\\\/\\\/janze-athletisme.fr\\\/wordpress\\\/equipathle-nos-equipes-2e-et-3e-en-poule-n2\\\/#breadcrumb\"},\"inLanguage\":\"fr-FR\",\"potentialAction\":[{\"@type\":\"ReadAction\",\"target\":[\"https:\\\/\\\/janze-athletisme.fr\\\/wordpress\\\/equipathle-nos-equipes-2e-et-3e-en-poule-n2\\\/\"]}]},{\"@type\":\"ImageObject\",\"inLanguage\":\"fr-FR\",\"@id\":\"https:\\\/\\\/janze-athletisme.fr\\\/wordpress\\\/equipathle-nos-equipes-2e-et-3e-en-poule-n2\\\/#primaryimage\",\"url\":\"https:\\\/\\\/janze-athletisme.fr\\\/wordpress\\\/wp-content\\\/uploads\\\/2024\\\/04\\\/Equipathle-BE-MI-20avril2024-2.jpg\",\"contentUrl\":\"https:\\\/\\\/janze-athletisme.fr\\\/wordpress\\\/wp-content\\\/uploads\\\/2024\\\/04\\\/Equipathle-BE-MI-20avril2024-2.jpg\",\"width\":2250,\"height\":1500},{\"@type\":\"BreadcrumbList\",\"@id\":\"https:\\\/\\\/janze-athletisme.fr\\\/wordpress\\\/equipathle-nos-equipes-2e-et-3e-en-poule-n2\\\/#breadcrumb\",\"itemListElement\":[{\"@type\":\"ListItem\",\"position\":1,\"name\":\"Accueil\",\"item\":\"https:\\\/\\\/janze-athletisme.fr\\\/wordpress\\\/\"},{\"@type\":\"ListItem\",\"position\":2,\"name\":\"\u00c9quip&#8217;athl\u00e9 : Nos \u00e9quipes 2e et 3e en poule N2&#8230;\"}]},{\"@type\":\"WebSite\",\"@id\":\"https:\\\/\\\/janze-athletisme.fr\\\/wordpress\\\/#website\",\"url\":\"https:\\\/\\\/janze-athletisme.fr\\\/wordpress\\\/\",\"name\":\"Janz\u00e9 Athl\u00e9tisme\",\"description\":\"Pays de La Roche aux F\u00e9es\",\"publisher\":{\"@id\":\"https:\\\/\\\/janze-athletisme.fr\\\/wordpress\\\/#organization\"},\"potentialAction\":[{\"@type\":\"SearchAction\",\"target\":{\"@type\":\"EntryPoint\",\"urlTemplate\":\"https:\\\/\\\/janze-athletisme.fr\\\/wordpress\\\/?s={search_term_string}\"},\"query-input\":{\"@type\":\"PropertyValueSpecification\",\"valueRequired\":true,\"valueName\":\"search_term_string\"}}],\"inLanguage\":\"fr-FR\"},{\"@type\":\"Organization\",\"@id\":\"https:\\\/\\\/janze-athletisme.fr\\\/wordpress\\\/#organization\",\"name\":\"Janz\u00e9 Athl\u00e9tisme\",\"url\":\"https:\\\/\\\/janze-athletisme.fr\\\/wordpress\\\/\",\"logo\":{\"@type\":\"ImageObject\",\"inLanguage\":\"fr-FR\",\"@id\":\"https:\\\/\\\/janze-athletisme.fr\\\/wordpress\\\/#\\\/schema\\\/logo\\\/image\\\/\",\"url\":\"https:\\\/\\\/janze-athletisme.fr\\\/wordpress\\\/wp-content\\\/uploads\\\/2015\\\/03\\\/logo-full1.jpg\",\"contentUrl\":\"https:\\\/\\\/janze-athletisme.fr\\\/wordpress\\\/wp-content\\\/uploads\\\/2015\\\/03\\\/logo-full1.jpg\",\"width\":437,\"height\":205,\"caption\":\"Janz\u00e9 Athl\u00e9tisme\"},\"image\":{\"@id\":\"https:\\\/\\\/janze-athletisme.fr\\\/wordpress\\\/#\\\/schema\\\/logo\\\/image\\\/\"},\"sameAs\":[\"https:\\\/\\\/www.facebook.com\\\/groups\\\/1007964579346590\"]},{\"@type\":\"Person\",\"@id\":\"https:\\\/\\\/janze-athletisme.fr\\\/wordpress\\\/#\\\/schema\\\/person\\\/c7b063dcfa6234c041d4d9b26cc2ea03\",\"name\":\"Laurent Meunier\",\"image\":{\"@type\":\"ImageObject\",\"inLanguage\":\"fr-FR\",\"@id\":\"https:\\\/\\\/secure.gravatar.com\\\/avatar\\\/dd25d581ad7c3349090f2fa6a9adb6bfa287e6a5dd8a5216a092727cd8749034?s=96&d=mm&r=g\",\"url\":\"https:\\\/\\\/secure.gravatar.com\\\/avatar\\\/dd25d581ad7c3349090f2fa6a9adb6bfa287e6a5dd8a5216a092727cd8749034?s=96&d=mm&r=g\",\"contentUrl\":\"https:\\\/\\\/secure.gravatar.com\\\/avatar\\\/dd25d581ad7c3349090f2fa6a9adb6bfa287e6a5dd8a5216a092727cd8749034?s=96&d=mm&r=g\",\"caption\":\"Laurent Meunier\"},\"url\":\"https:\\\/\\\/janze-athletisme.fr\\\/wordpress\\\/author\\\/laurent-meunier35\\\/\"}]}<\/script>\n<!-- \/ Yoast SEO plugin. -->","yoast_head_json":{"title":"\u00c9quip'athl\u00e9 : Nos \u00e9quipes 2e et 3e en poule N2... - Janz\u00e9 Athl\u00e9tisme","robots":{"index":"index","follow":"follow","max-snippet":"max-snippet:-1","max-image-preview":"max-image-preview:large","max-video-preview":"max-video-preview:-1"},"canonical":"https:\/\/janze-athletisme.fr\/wordpress\/equipathle-nos-equipes-2e-et-3e-en-poule-n2\/","og_locale":"fr_FR","og_type":"article","og_title":"\u00c9quip'athl\u00e9 : Nos \u00e9quipes 2e et 3e en poule N2... - Janz\u00e9 Athl\u00e9tisme","og_description":"Tour printanier \u00c9quip&rsquo;athl\u00e9 BE-MI, Montfort\/Meu, samedi 20 avril Mathieu Henry, notre salari\u00e9 de Janz\u00e9 Athl\u00e9, coordinateur des Benjamins\/Minimes (12\/15 ans), peut \u00eatre fier du travail de fond r\u00e9alis\u00e9 ces trois derni\u00e8res ann\u00e9es. C&rsquo;est ce travail hebdomadaire, r\u00e9gulier et comp\u00e9tent, avec des groupes motiv\u00e9s, dont on r\u00e9colte les fruits aujourd&rsquo;hui. Les choix faits au sortir de [&hellip;]","og_url":"https:\/\/janze-athletisme.fr\/wordpress\/equipathle-nos-equipes-2e-et-3e-en-poule-n2\/","og_site_name":"Janz\u00e9 Athl\u00e9tisme","article_publisher":"https:\/\/www.facebook.com\/groups\/1007964579346590","article_published_time":"2024-04-21T14:14:09+00:00","article_modified_time":"2024-04-21T20:13:35+00:00","og_image":[{"width":2250,"height":1500,"url":"https:\/\/janze-athletisme.fr\/wordpress\/wp-content\/uploads\/2024\/04\/Equipathle-BE-MI-20avril2024-2.jpg","type":"image\/jpeg"}],"author":"Laurent Meunier","twitter_card":"summary_large_image","twitter_misc":{"\u00c9crit par":"Laurent Meunier","Dur\u00e9e de lecture estim\u00e9e":"4 minutes"},"schema":{"@context":"https:\/\/schema.org","@graph":[{"@type":"Article","@id":"https:\/\/janze-athletisme.fr\/wordpress\/equipathle-nos-equipes-2e-et-3e-en-poule-n2\/#article","isPartOf":{"@id":"https:\/\/janze-athletisme.fr\/wordpress\/equipathle-nos-equipes-2e-et-3e-en-poule-n2\/"},"author":{"name":"Laurent Meunier","@id":"https:\/\/janze-athletisme.fr\/wordpress\/#\/schema\/person\/c7b063dcfa6234c041d4d9b26cc2ea03"},"headline":"\u00c9quip&rsquo;athl\u00e9 : Nos \u00e9quipes 2e et 3e en poule N2&#8230;","datePublished":"2024-04-21T14:14:09+00:00","dateModified":"2024-04-21T20:13:35+00:00","mainEntityOfPage":{"@id":"https:\/\/janze-athletisme.fr\/wordpress\/equipathle-nos-equipes-2e-et-3e-en-poule-n2\/"},"wordCount":528,"commentCount":0,"publisher":{"@id":"https:\/\/janze-athletisme.fr\/wordpress\/#organization"},"image":{"@id":"https:\/\/janze-athletisme.fr\/wordpress\/equipathle-nos-equipes-2e-et-3e-en-poule-n2\/#primaryimage"},"thumbnailUrl":"https:\/\/janze-athletisme.fr\/wordpress\/wp-content\/uploads\/2024\/04\/Equipathle-BE-MI-20avril2024-2.jpg","articleSection":["Le club au jour le jour"],"inLanguage":"fr-FR","potentialAction":[{"@type":"CommentAction","name":"Comment","target":["https:\/\/janze-athletisme.fr\/wordpress\/equipathle-nos-equipes-2e-et-3e-en-poule-n2\/#respond"]}]},{"@type":"WebPage","@id":"https:\/\/janze-athletisme.fr\/wordpress\/equipathle-nos-equipes-2e-et-3e-en-poule-n2\/","url":"https:\/\/janze-athletisme.fr\/wordpress\/equipathle-nos-equipes-2e-et-3e-en-poule-n2\/","name":"\u00c9quip'athl\u00e9 : Nos \u00e9quipes 2e et 3e en poule N2... - Janz\u00e9 Athl\u00e9tisme","isPartOf":{"@id":"https:\/\/janze-athletisme.fr\/wordpress\/#website"},"primaryImageOfPage":{"@id":"https:\/\/janze-athletisme.fr\/wordpress\/equipathle-nos-equipes-2e-et-3e-en-poule-n2\/#primaryimage"},"image":{"@id":"https:\/\/janze-athletisme.fr\/wordpress\/equipathle-nos-equipes-2e-et-3e-en-poule-n2\/#primaryimage"},"thumbnailUrl":"https:\/\/janze-athletisme.fr\/wordpress\/wp-content\/uploads\/2024\/04\/Equipathle-BE-MI-20avril2024-2.jpg","datePublished":"2024-04-21T14:14:09+00:00","dateModified":"2024-04-21T20:13:35+00:00","breadcrumb":{"@id":"https:\/\/janze-athletisme.fr\/wordpress\/equipathle-nos-equipes-2e-et-3e-en-poule-n2\/#breadcrumb"},"inLanguage":"fr-FR","potentialAction":[{"@type":"ReadAction","target":["https:\/\/janze-athletisme.fr\/wordpress\/equipathle-nos-equipes-2e-et-3e-en-poule-n2\/"]}]},{"@type":"ImageObject","inLanguage":"fr-FR","@id":"https:\/\/janze-athletisme.fr\/wordpress\/equipathle-nos-equipes-2e-et-3e-en-poule-n2\/#primaryimage","url":"https:\/\/janze-athletisme.fr\/wordpress\/wp-content\/uploads\/2024\/04\/Equipathle-BE-MI-20avril2024-2.jpg","contentUrl":"https:\/\/janze-athletisme.fr\/wordpress\/wp-content\/uploads\/2024\/04\/Equipathle-BE-MI-20avril2024-2.jpg","width":2250,"height":1500},{"@type":"BreadcrumbList","@id":"https:\/\/janze-athletisme.fr\/wordpress\/equipathle-nos-equipes-2e-et-3e-en-poule-n2\/#breadcrumb","itemListElement":[{"@type":"ListItem","position":1,"name":"Accueil","item":"https:\/\/janze-athletisme.fr\/wordpress\/"},{"@type":"ListItem","position":2,"name":"\u00c9quip&#8217;athl\u00e9 : Nos \u00e9quipes 2e et 3e en poule N2&#8230;"}]},{"@type":"WebSite","@id":"https:\/\/janze-athletisme.fr\/wordpress\/#website","url":"https:\/\/janze-athletisme.fr\/wordpress\/","name":"Janz\u00e9 Athl\u00e9tisme","description":"Pays de La Roche aux F\u00e9es","publisher":{"@id":"https:\/\/janze-athletisme.fr\/wordpress\/#organization"},"potentialAction":[{"@type":"SearchAction","target":{"@type":"EntryPoint","urlTemplate":"https:\/\/janze-athletisme.fr\/wordpress\/?s={search_term_string}"},"query-input":{"@type":"PropertyValueSpecification","valueRequired":true,"valueName":"search_term_string"}}],"inLanguage":"fr-FR"},{"@type":"Organization","@id":"https:\/\/janze-athletisme.fr\/wordpress\/#organization","name":"Janz\u00e9 Athl\u00e9tisme","url":"https:\/\/janze-athletisme.fr\/wordpress\/","logo":{"@type":"ImageObject","inLanguage":"fr-FR","@id":"https:\/\/janze-athletisme.fr\/wordpress\/#\/schema\/logo\/image\/","url":"https:\/\/janze-athletisme.fr\/wordpress\/wp-content\/uploads\/2015\/03\/logo-full1.jpg","contentUrl":"https:\/\/janze-athletisme.fr\/wordpress\/wp-content\/uploads\/2015\/03\/logo-full1.jpg","width":437,"height":205,"caption":"Janz\u00e9 Athl\u00e9tisme"},"image":{"@id":"https:\/\/janze-athletisme.fr\/wordpress\/#\/schema\/logo\/image\/"},"sameAs":["https:\/\/www.facebook.com\/groups\/1007964579346590"]},{"@type":"Person","@id":"https:\/\/janze-athletisme.fr\/wordpress\/#\/schema\/person\/c7b063dcfa6234c041d4d9b26cc2ea03","name":"Laurent Meunier","image":{"@type":"ImageObject","inLanguage":"fr-FR","@id":"https:\/\/secure.gravatar.com\/avatar\/dd25d581ad7c3349090f2fa6a9adb6bfa287e6a5dd8a5216a092727cd8749034?s=96&d=mm&r=g","url":"https:\/\/secure.gravatar.com\/avatar\/dd25d581ad7c3349090f2fa6a9adb6bfa287e6a5dd8a5216a092727cd8749034?s=96&d=mm&r=g","contentUrl":"https:\/\/secure.gravatar.com\/avatar\/dd25d581ad7c3349090f2fa6a9adb6bfa287e6a5dd8a5216a092727cd8749034?s=96&d=mm&r=g","caption":"Laurent Meunier"},"url":"https:\/\/janze-athletisme.fr\/wordpress\/author\/laurent-meunier35\/"}]}},"uagb_featured_image_src":{"full":["https:\/\/janze-athletisme.fr\/wordpress\/wp-content\/uploads\/2024\/04\/Equipathle-BE-MI-20avril2024-2.jpg",2250,1500,false],"thumbnail":["https:\/\/janze-athletisme.fr\/wordpress\/wp-content\/uploads\/2024\/04\/Equipathle-BE-MI-20avril2024-2-150x150.jpg",150,150,true],"medium":["https:\/\/janze-athletisme.fr\/wordpress\/wp-content\/uploads\/2024\/04\/Equipathle-BE-MI-20avril2024-2-300x200.jpg",300,200,true],"medium_large":["https:\/\/janze-athletisme.fr\/wordpress\/wp-content\/uploads\/2024\/04\/Equipathle-BE-MI-20avril2024-2-768x512.jpg",768,512,true],"large":["https:\/\/janze-athletisme.fr\/wordpress\/wp-content\/uploads\/2024\/04\/Equipathle-BE-MI-20avril2024-2-1024x683.jpg",1024,683,true],"1536x1536":["https:\/\/janze-athletisme.fr\/wordpress\/wp-content\/uploads\/2024\/04\/Equipathle-BE-MI-20avril2024-2-1536x1024.jpg",1536,1024,true],"2048x2048":["https:\/\/janze-athletisme.fr\/wordpress\/wp-content\/uploads\/2024\/04\/Equipathle-BE-MI-20avril2024-2-2048x1365.jpg",2048,1365,true]},"uagb_author_info":{"display_name":"Laurent Meunier","author_link":"https:\/\/janze-athletisme.fr\/wordpress\/author\/laurent-meunier35\/"},"uagb_comment_info":0,"uagb_excerpt":"Tour printanier \u00c9quip&rsquo;athl\u00e9 BE-MI, Montfort\/Meu, samedi 20 avril Mathieu Henry, notre salari\u00e9 de Janz\u00e9 Athl\u00e9, coordinateur des Benjamins\/Minimes (12\/15 ans), peut \u00eatre fier du travail de fond r\u00e9alis\u00e9 ces trois derni\u00e8res ann\u00e9es. C&rsquo;est ce travail hebdomadaire, r\u00e9gulier et comp\u00e9tent, avec des groupes motiv\u00e9s, dont on r\u00e9colte les fruits aujourd&rsquo;hui. Les choix faits au sortir de\u2026","_links":{"self":[{"href":"https:\/\/janze-athletisme.fr\/wordpress\/wp-json\/wp\/v2\/posts\/17804","targetHints":{"allow":["GET"]}}],"collection":[{"href":"https:\/\/janze-athletisme.fr\/wordpress\/wp-json\/wp\/v2\/posts"}],"about":[{"href":"https:\/\/janze-athletisme.fr\/wordpress\/wp-json\/wp\/v2\/types\/post"}],"author":[{"embeddable":true,"href":"https:\/\/janze-athletisme.fr\/wordpress\/wp-json\/wp\/v2\/users\/12"}],"replies":[{"embeddable":true,"href":"https:\/\/janze-athletisme.fr\/wordpress\/wp-json\/wp\/v2\/comments?post=17804"}],"version-history":[{"count":9,"href":"https:\/\/janze-athletisme.fr\/wordpress\/wp-json\/wp\/v2\/posts\/17804\/revisions"}],"predecessor-version":[{"id":17855,"href":"https:\/\/janze-athletisme.fr\/wordpress\/wp-json\/wp\/v2\/posts\/17804\/revisions\/17855"}],"wp:featuredmedia":[{"embeddable":true,"href":"https:\/\/janze-athletisme.fr\/wordpress\/wp-json\/wp\/v2\/media\/17806"}],"wp:attachment":[{"href":"https:\/\/janze-athletisme.fr\/wordpress\/wp-json\/wp\/v2\/media?parent=17804"}],"wp:term":[{"taxonomy":"category","embeddable":true,"href":"https:\/\/janze-athletisme.fr\/wordpress\/wp-json\/wp\/v2\/categories?post=17804"},{"taxonomy":"post_tag","embeddable":true,"href":"https:\/\/janze-athletisme.fr\/wordpress\/wp-json\/wp\/v2\/tags?post=17804"}],"curies":[{"name":"wp","href":"https:\/\/api.w.org\/{rel}","templated":true}]}}