{"id":17793,"date":"2024-04-17T21:16:18","date_gmt":"2024-04-17T19:16:18","guid":{"rendered":"https:\/\/janze-athletisme.fr\/wordpress\/?p=17793"},"modified":"2024-04-18T09:23:33","modified_gmt":"2024-04-18T07:23:33","slug":"clemence-et-berenger-iront-a-lens","status":"publish","type":"post","link":"https:\/\/janze-athletisme.fr\/wordpress\/clemence-et-berenger-iront-a-lens\/","title":{"rendered":"Cl\u00e9mence et B\u00e9renger iront \u00e0 Lens\u2026"},"content":{"rendered":"<p><span style=\"font-size: 18pt;\"><strong>Championnat de Bretagne UGSEL Cadets\/Juniors, Pont-Labb\u00e9, mercredi 17 avril<\/strong><\/span><\/p>\n<p>Le championnat \u00ab\u00a0territorial\u00a0\u00bb UGSEL (lyc\u00e9es priv\u00e9s) a eu lieu ce mercredi 17 avril \u00e0 Pont-Labb\u00e9. Il \u00e9tait qualificatif pour les championnats de France UGSEL, Cadets et Juniors, qui auront lieu les 5 et 6 juin prochains, \u00e0 Lens.<\/p>\n<p>Les deux cat\u00e9gories (cadets-cadettes \/ juniors) \u00e9taient ensemble dans les courses et avaient les m\u00eames minimas \u00e0 r\u00e9aliser. Beaucoup d&rsquo;athl\u00e8tes venus de toute la Bretagne \u00e9taient pr\u00e9sents, avec parfois d&rsquo;interminables s\u00e9ries, sur les 100m par exemple (85 participantes chez les filles et 114 chez les gar\u00e7ons !!!), mais aussi sur les 400m (65 partants), la longueur (60), le 3000m (55), le javelot (54), le poids (45), la hauteur (41) ou le 800m (32). La foule on vous dit, chez les gars, comme chez les filles !<\/p>\n<p><span style=\"font-size: 14pt;\"><strong>Des centaines de participants venus de toute la Bretagne<\/strong><\/span><\/p>\n<p>Dans ces conditions nos athl\u00e8tes s&rsquo;en sont plut\u00f4t bien sortis : <strong>B\u00e9renger <\/strong>Tardif (lyc\u00e9en \u00e0 Ozanam\/Cesson) est l&rsquo;auteur d&rsquo;un excellent 11&Prime;84 sur 100m CJM (19<sup>e<\/sup> \/ 114) et se qualifie brillamment pour Lens. <strong>Cl\u00e9mence<\/strong> Lamoureux (St Martin\/Rennes), avec 2&rsquo;38&Prime;30 sur 800m CJF (9<sup>e<\/sup>\/19), trois jours apr\u00e8s son 7km de l&rsquo;Urban trail et la fatigue musculaire qui va avec, est \u00e9galement qualifi\u00e9e.<\/p>\n<p><strong>Solyne<\/strong> Mariette (St Martin\/Rennes) s&rsquo;est retrouv\u00e9e isol\u00e9e sur le 3000m et termine trop loin pour la qualification, m\u00eame si l&rsquo;exp\u00e9rience du 3000m lui a bien plu\u00a0 (17<sup>e<\/sup> \/ 20 en 13&rsquo;41).<strong> Youwenn <\/strong>Clero (Ozanam\/Cesson) progresse mais est encore un peu loin \u00e9galement (11<sup>e<\/sup> \/ 114 en 14&Prime;15). B\u00e9renger s&rsquo;est aussi essay\u00e9 au 400m, mais le vent dans le virage l&rsquo;a scotch\u00e9 net et il est d\u00e9\u00e7u de son chrono (58&Prime;85, 37<sup>e<\/sup> \/ 65).<\/p>\n<p>Bravo \u00e0 tous les quatre, c&rsquo;est une excellente pr\u00e9paration pour la suite, \u00e0 commencer par les Interclubs les samedi 27 (Tour r\u00e9gional \/\u00e9quipe 2) et dimanche 28 avril (Tour national\/\u00e9quipe 1), \u00e0 Montfort\/Meu les deux fois.<\/p>\n<p><strong>Les r\u00e9sultats complets<\/strong><\/p>\n<p><a href=\"https:\/\/www.ugsel-bretagne.org\/wp-content\/uploads\/2024\/04\/RESULTATS.pdf\">https:\/\/www.ugsel-bretagne.org\/wp-content\/uploads\/2024\/04\/RESULTATS.pdf<\/a><\/p>\n<p><a href=\"https:\/\/janze-athletisme.fr\/wordpress\/wp-content\/uploads\/2024\/04\/Berenger-et-Clemence.jpg\"><img loading=\"lazy\" decoding=\"async\" class=\"alignnone size-medium wp-image-17794\" src=\"https:\/\/janze-athletisme.fr\/wordpress\/wp-content\/uploads\/2024\/04\/Berenger-et-Clemence-300x220.jpg\" alt=\"\" width=\"300\" height=\"220\" srcset=\"https:\/\/janze-athletisme.fr\/wordpress\/wp-content\/uploads\/2024\/04\/Berenger-et-Clemence-300x220.jpg 300w, https:\/\/janze-athletisme.fr\/wordpress\/wp-content\/uploads\/2024\/04\/Berenger-et-Clemence-768x563.jpg 768w, https:\/\/janze-athletisme.fr\/wordpress\/wp-content\/uploads\/2024\/04\/Berenger-et-Clemence.jpg 983w\" sizes=\"auto, (max-width: 300px) 100vw, 300px\" \/><\/a><\/p>\n<p><span style=\"font-size: 10pt;\"><em>B\u00e9renger et Cl\u00e9mence se sont qualifi\u00e9s pour les France UGSEL \u00e0 Lens (photos d&rsquo;archives \/ D\u00e9partementaux en salle janvier 2024)<\/em><\/span><\/p>\n","protected":false},"excerpt":{"rendered":"<p>Championnat de Bretagne UGSEL Cadets\/Juniors, Pont-Labb\u00e9, mercredi 17 avril Le championnat \u00ab\u00a0territorial\u00a0\u00bb UGSEL (lyc\u00e9es priv\u00e9s) a eu lieu ce mercredi 17 avril \u00e0 Pont-Labb\u00e9. Il \u00e9tait qualificatif pour les championnats de France UGSEL, Cadets et Juniors, qui auront lieu les 5 et 6 juin prochains, \u00e0 Lens. Les deux cat\u00e9gories (cadets-cadettes \/ juniors) \u00e9taient ensemble [&hellip;]<\/p>\n","protected":false},"author":12,"featured_media":17794,"comment_status":"open","ping_status":"open","sticky":false,"template":"","format":"aside","meta":{"_uag_custom_page_level_css":"","site-sidebar-layout":"default","site-content-layout":"","ast-site-content-layout":"default","site-content-style":"default","site-sidebar-style":"default","ast-global-header-display":"","ast-banner-title-visibility":"","ast-main-header-display":"","ast-hfb-above-header-display":"","ast-hfb-below-header-display":"","ast-hfb-mobile-header-display":"","site-post-title":"","ast-breadcrumbs-content":"","ast-featured-img":"","footer-sml-layout":"","ast-disable-related-posts":"","theme-transparent-header-meta":"default","adv-header-id-meta":"","stick-header-meta":"","header-above-stick-meta":"","header-main-stick-meta":"","header-below-stick-meta":"","astra-migrate-meta-layouts":"set","ast-page-background-enabled":"default","ast-page-background-meta":{"desktop":{"background-color":"var(--ast-global-color-4)","background-image":"","background-repeat":"repeat","background-position":"center center","background-size":"auto","background-attachment":"scroll","background-type":"","background-media":"","overlay-type":"","overlay-color":"","overlay-opacity":"","overlay-gradient":""},"tablet":{"background-color":"","background-image":"","background-repeat":"repeat","background-position":"center center","background-size":"auto","background-attachment":"scroll","background-type":"","background-media":"","overlay-type":"","overlay-color":"","overlay-opacity":"","overlay-gradient":""},"mobile":{"background-color":"","background-image":"","background-repeat":"repeat","background-position":"center center","background-size":"auto","background-attachment":"scroll","background-type":"","background-media":"","overlay-type":"","overlay-color":"","overlay-opacity":"","overlay-gradient":""}},"ast-content-background-meta":{"desktop":{"background-color":"var(--ast-global-color-5)","background-image":"","background-repeat":"repeat","background-position":"center center","background-size":"auto","background-attachment":"scroll","background-type":"","background-media":"","overlay-type":"","overlay-color":"","overlay-opacity":"","overlay-gradient":""},"tablet":{"background-color":"var(--ast-global-color-5)","background-image":"","background-repeat":"repeat","background-position":"center center","background-size":"auto","background-attachment":"scroll","background-type":"","background-media":"","overlay-type":"","overlay-color":"","overlay-opacity":"","overlay-gradient":""},"mobile":{"background-color":"var(--ast-global-color-5)","background-image":"","background-repeat":"repeat","background-position":"center center","background-size":"auto","background-attachment":"scroll","background-type":"","background-media":"","overlay-type":"","overlay-color":"","overlay-opacity":"","overlay-gradient":""}},"footnotes":""},"categories":[6],"tags":[],"class_list":["post-17793","post","type-post","status-publish","format-aside","has-post-thumbnail","hentry","category-sections","post_format-post-format-aside"],"yoast_head":"<!-- This site is optimized with the Yoast SEO plugin v27.5 - https:\/\/yoast.com\/product\/yoast-seo-wordpress\/ -->\n<title>Cl\u00e9mence et B\u00e9renger iront \u00e0 Lens\u2026 - Janz\u00e9 Athl\u00e9tisme<\/title>\n<meta name=\"robots\" content=\"index, follow, max-snippet:-1, max-image-preview:large, max-video-preview:-1\" \/>\n<link rel=\"canonical\" href=\"https:\/\/janze-athletisme.fr\/wordpress\/clemence-et-berenger-iront-a-lens\/\" \/>\n<meta property=\"og:locale\" content=\"fr_FR\" \/>\n<meta property=\"og:type\" content=\"article\" \/>\n<meta property=\"og:title\" content=\"Cl\u00e9mence et B\u00e9renger iront \u00e0 Lens\u2026 - Janz\u00e9 Athl\u00e9tisme\" \/>\n<meta property=\"og:description\" content=\"Championnat de Bretagne UGSEL Cadets\/Juniors, Pont-Labb\u00e9, mercredi 17 avril Le championnat \u00ab\u00a0territorial\u00a0\u00bb UGSEL (lyc\u00e9es priv\u00e9s) a eu lieu ce mercredi 17 avril \u00e0 Pont-Labb\u00e9. Il \u00e9tait qualificatif pour les championnats de France UGSEL, Cadets et Juniors, qui auront lieu les 5 et 6 juin prochains, \u00e0 Lens. Les deux cat\u00e9gories (cadets-cadettes \/ juniors) \u00e9taient ensemble [&hellip;]\" \/>\n<meta property=\"og:url\" content=\"https:\/\/janze-athletisme.fr\/wordpress\/clemence-et-berenger-iront-a-lens\/\" \/>\n<meta property=\"og:site_name\" content=\"Janz\u00e9 Athl\u00e9tisme\" \/>\n<meta property=\"article:publisher\" content=\"https:\/\/www.facebook.com\/groups\/1007964579346590\" \/>\n<meta property=\"article:published_time\" content=\"2024-04-17T19:16:18+00:00\" \/>\n<meta property=\"article:modified_time\" content=\"2024-04-18T07:23:33+00:00\" \/>\n<meta property=\"og:image\" content=\"https:\/\/janze-athletisme.fr\/wordpress\/wp-content\/uploads\/2024\/04\/Berenger-et-Clemence.jpg\" \/>\n\t<meta property=\"og:image:width\" content=\"983\" \/>\n\t<meta property=\"og:image:height\" content=\"720\" \/>\n\t<meta property=\"og:image:type\" content=\"image\/jpeg\" \/>\n<meta name=\"author\" content=\"Laurent Meunier\" \/>\n<meta name=\"twitter:card\" content=\"summary_large_image\" \/>\n<meta name=\"twitter:label1\" content=\"\u00c9crit par\" \/>\n\t<meta name=\"twitter:data1\" content=\"Laurent Meunier\" \/>\n\t<meta name=\"twitter:label2\" content=\"Dur\u00e9e de lecture estim\u00e9e\" \/>\n\t<meta name=\"twitter:data2\" content=\"3 minutes\" \/>\n<script type=\"application\/ld+json\" class=\"yoast-schema-graph\">{\"@context\":\"https:\\\/\\\/schema.org\",\"@graph\":[{\"@type\":\"Article\",\"@id\":\"https:\\\/\\\/janze-athletisme.fr\\\/wordpress\\\/clemence-et-berenger-iront-a-lens\\\/#article\",\"isPartOf\":{\"@id\":\"https:\\\/\\\/janze-athletisme.fr\\\/wordpress\\\/clemence-et-berenger-iront-a-lens\\\/\"},\"author\":{\"name\":\"Laurent Meunier\",\"@id\":\"https:\\\/\\\/janze-athletisme.fr\\\/wordpress\\\/#\\\/schema\\\/person\\\/c7b063dcfa6234c041d4d9b26cc2ea03\"},\"headline\":\"Cl\u00e9mence et B\u00e9renger iront \u00e0 Lens\u2026\",\"datePublished\":\"2024-04-17T19:16:18+00:00\",\"dateModified\":\"2024-04-18T07:23:33+00:00\",\"mainEntityOfPage\":{\"@id\":\"https:\\\/\\\/janze-athletisme.fr\\\/wordpress\\\/clemence-et-berenger-iront-a-lens\\\/\"},\"wordCount\":354,\"commentCount\":0,\"publisher\":{\"@id\":\"https:\\\/\\\/janze-athletisme.fr\\\/wordpress\\\/#organization\"},\"image\":{\"@id\":\"https:\\\/\\\/janze-athletisme.fr\\\/wordpress\\\/clemence-et-berenger-iront-a-lens\\\/#primaryimage\"},\"thumbnailUrl\":\"https:\\\/\\\/janze-athletisme.fr\\\/wordpress\\\/wp-content\\\/uploads\\\/2024\\\/04\\\/Berenger-et-Clemence.jpg\",\"articleSection\":[\"Le club au jour le jour\"],\"inLanguage\":\"fr-FR\",\"potentialAction\":[{\"@type\":\"CommentAction\",\"name\":\"Comment\",\"target\":[\"https:\\\/\\\/janze-athletisme.fr\\\/wordpress\\\/clemence-et-berenger-iront-a-lens\\\/#respond\"]}]},{\"@type\":\"WebPage\",\"@id\":\"https:\\\/\\\/janze-athletisme.fr\\\/wordpress\\\/clemence-et-berenger-iront-a-lens\\\/\",\"url\":\"https:\\\/\\\/janze-athletisme.fr\\\/wordpress\\\/clemence-et-berenger-iront-a-lens\\\/\",\"name\":\"Cl\u00e9mence et B\u00e9renger iront \u00e0 Lens\u2026 - Janz\u00e9 Athl\u00e9tisme\",\"isPartOf\":{\"@id\":\"https:\\\/\\\/janze-athletisme.fr\\\/wordpress\\\/#website\"},\"primaryImageOfPage\":{\"@id\":\"https:\\\/\\\/janze-athletisme.fr\\\/wordpress\\\/clemence-et-berenger-iront-a-lens\\\/#primaryimage\"},\"image\":{\"@id\":\"https:\\\/\\\/janze-athletisme.fr\\\/wordpress\\\/clemence-et-berenger-iront-a-lens\\\/#primaryimage\"},\"thumbnailUrl\":\"https:\\\/\\\/janze-athletisme.fr\\\/wordpress\\\/wp-content\\\/uploads\\\/2024\\\/04\\\/Berenger-et-Clemence.jpg\",\"datePublished\":\"2024-04-17T19:16:18+00:00\",\"dateModified\":\"2024-04-18T07:23:33+00:00\",\"breadcrumb\":{\"@id\":\"https:\\\/\\\/janze-athletisme.fr\\\/wordpress\\\/clemence-et-berenger-iront-a-lens\\\/#breadcrumb\"},\"inLanguage\":\"fr-FR\",\"potentialAction\":[{\"@type\":\"ReadAction\",\"target\":[\"https:\\\/\\\/janze-athletisme.fr\\\/wordpress\\\/clemence-et-berenger-iront-a-lens\\\/\"]}]},{\"@type\":\"ImageObject\",\"inLanguage\":\"fr-FR\",\"@id\":\"https:\\\/\\\/janze-athletisme.fr\\\/wordpress\\\/clemence-et-berenger-iront-a-lens\\\/#primaryimage\",\"url\":\"https:\\\/\\\/janze-athletisme.fr\\\/wordpress\\\/wp-content\\\/uploads\\\/2024\\\/04\\\/Berenger-et-Clemence.jpg\",\"contentUrl\":\"https:\\\/\\\/janze-athletisme.fr\\\/wordpress\\\/wp-content\\\/uploads\\\/2024\\\/04\\\/Berenger-et-Clemence.jpg\",\"width\":983,\"height\":720},{\"@type\":\"BreadcrumbList\",\"@id\":\"https:\\\/\\\/janze-athletisme.fr\\\/wordpress\\\/clemence-et-berenger-iront-a-lens\\\/#breadcrumb\",\"itemListElement\":[{\"@type\":\"ListItem\",\"position\":1,\"name\":\"Accueil\",\"item\":\"https:\\\/\\\/janze-athletisme.fr\\\/wordpress\\\/\"},{\"@type\":\"ListItem\",\"position\":2,\"name\":\"Cl\u00e9mence et B\u00e9renger iront \u00e0 Lens\u2026\"}]},{\"@type\":\"WebSite\",\"@id\":\"https:\\\/\\\/janze-athletisme.fr\\\/wordpress\\\/#website\",\"url\":\"https:\\\/\\\/janze-athletisme.fr\\\/wordpress\\\/\",\"name\":\"Janz\u00e9 Athl\u00e9tisme\",\"description\":\"Pays de La Roche aux F\u00e9es\",\"publisher\":{\"@id\":\"https:\\\/\\\/janze-athletisme.fr\\\/wordpress\\\/#organization\"},\"potentialAction\":[{\"@type\":\"SearchAction\",\"target\":{\"@type\":\"EntryPoint\",\"urlTemplate\":\"https:\\\/\\\/janze-athletisme.fr\\\/wordpress\\\/?s={search_term_string}\"},\"query-input\":{\"@type\":\"PropertyValueSpecification\",\"valueRequired\":true,\"valueName\":\"search_term_string\"}}],\"inLanguage\":\"fr-FR\"},{\"@type\":\"Organization\",\"@id\":\"https:\\\/\\\/janze-athletisme.fr\\\/wordpress\\\/#organization\",\"name\":\"Janz\u00e9 Athl\u00e9tisme\",\"url\":\"https:\\\/\\\/janze-athletisme.fr\\\/wordpress\\\/\",\"logo\":{\"@type\":\"ImageObject\",\"inLanguage\":\"fr-FR\",\"@id\":\"https:\\\/\\\/janze-athletisme.fr\\\/wordpress\\\/#\\\/schema\\\/logo\\\/image\\\/\",\"url\":\"https:\\\/\\\/janze-athletisme.fr\\\/wordpress\\\/wp-content\\\/uploads\\\/2015\\\/03\\\/logo-full1.jpg\",\"contentUrl\":\"https:\\\/\\\/janze-athletisme.fr\\\/wordpress\\\/wp-content\\\/uploads\\\/2015\\\/03\\\/logo-full1.jpg\",\"width\":437,\"height\":205,\"caption\":\"Janz\u00e9 Athl\u00e9tisme\"},\"image\":{\"@id\":\"https:\\\/\\\/janze-athletisme.fr\\\/wordpress\\\/#\\\/schema\\\/logo\\\/image\\\/\"},\"sameAs\":[\"https:\\\/\\\/www.facebook.com\\\/groups\\\/1007964579346590\"]},{\"@type\":\"Person\",\"@id\":\"https:\\\/\\\/janze-athletisme.fr\\\/wordpress\\\/#\\\/schema\\\/person\\\/c7b063dcfa6234c041d4d9b26cc2ea03\",\"name\":\"Laurent Meunier\",\"image\":{\"@type\":\"ImageObject\",\"inLanguage\":\"fr-FR\",\"@id\":\"https:\\\/\\\/secure.gravatar.com\\\/avatar\\\/dd25d581ad7c3349090f2fa6a9adb6bfa287e6a5dd8a5216a092727cd8749034?s=96&d=mm&r=g\",\"url\":\"https:\\\/\\\/secure.gravatar.com\\\/avatar\\\/dd25d581ad7c3349090f2fa6a9adb6bfa287e6a5dd8a5216a092727cd8749034?s=96&d=mm&r=g\",\"contentUrl\":\"https:\\\/\\\/secure.gravatar.com\\\/avatar\\\/dd25d581ad7c3349090f2fa6a9adb6bfa287e6a5dd8a5216a092727cd8749034?s=96&d=mm&r=g\",\"caption\":\"Laurent Meunier\"},\"url\":\"https:\\\/\\\/janze-athletisme.fr\\\/wordpress\\\/author\\\/laurent-meunier35\\\/\"}]}<\/script>\n<!-- \/ Yoast SEO plugin. -->","yoast_head_json":{"title":"Cl\u00e9mence et B\u00e9renger iront \u00e0 Lens\u2026 - Janz\u00e9 Athl\u00e9tisme","robots":{"index":"index","follow":"follow","max-snippet":"max-snippet:-1","max-image-preview":"max-image-preview:large","max-video-preview":"max-video-preview:-1"},"canonical":"https:\/\/janze-athletisme.fr\/wordpress\/clemence-et-berenger-iront-a-lens\/","og_locale":"fr_FR","og_type":"article","og_title":"Cl\u00e9mence et B\u00e9renger iront \u00e0 Lens\u2026 - Janz\u00e9 Athl\u00e9tisme","og_description":"Championnat de Bretagne UGSEL Cadets\/Juniors, Pont-Labb\u00e9, mercredi 17 avril Le championnat \u00ab\u00a0territorial\u00a0\u00bb UGSEL (lyc\u00e9es priv\u00e9s) a eu lieu ce mercredi 17 avril \u00e0 Pont-Labb\u00e9. Il \u00e9tait qualificatif pour les championnats de France UGSEL, Cadets et Juniors, qui auront lieu les 5 et 6 juin prochains, \u00e0 Lens. Les deux cat\u00e9gories (cadets-cadettes \/ juniors) \u00e9taient ensemble [&hellip;]","og_url":"https:\/\/janze-athletisme.fr\/wordpress\/clemence-et-berenger-iront-a-lens\/","og_site_name":"Janz\u00e9 Athl\u00e9tisme","article_publisher":"https:\/\/www.facebook.com\/groups\/1007964579346590","article_published_time":"2024-04-17T19:16:18+00:00","article_modified_time":"2024-04-18T07:23:33+00:00","og_image":[{"width":983,"height":720,"url":"https:\/\/janze-athletisme.fr\/wordpress\/wp-content\/uploads\/2024\/04\/Berenger-et-Clemence.jpg","type":"image\/jpeg"}],"author":"Laurent Meunier","twitter_card":"summary_large_image","twitter_misc":{"\u00c9crit par":"Laurent Meunier","Dur\u00e9e de lecture estim\u00e9e":"3 minutes"},"schema":{"@context":"https:\/\/schema.org","@graph":[{"@type":"Article","@id":"https:\/\/janze-athletisme.fr\/wordpress\/clemence-et-berenger-iront-a-lens\/#article","isPartOf":{"@id":"https:\/\/janze-athletisme.fr\/wordpress\/clemence-et-berenger-iront-a-lens\/"},"author":{"name":"Laurent Meunier","@id":"https:\/\/janze-athletisme.fr\/wordpress\/#\/schema\/person\/c7b063dcfa6234c041d4d9b26cc2ea03"},"headline":"Cl\u00e9mence et B\u00e9renger iront \u00e0 Lens\u2026","datePublished":"2024-04-17T19:16:18+00:00","dateModified":"2024-04-18T07:23:33+00:00","mainEntityOfPage":{"@id":"https:\/\/janze-athletisme.fr\/wordpress\/clemence-et-berenger-iront-a-lens\/"},"wordCount":354,"commentCount":0,"publisher":{"@id":"https:\/\/janze-athletisme.fr\/wordpress\/#organization"},"image":{"@id":"https:\/\/janze-athletisme.fr\/wordpress\/clemence-et-berenger-iront-a-lens\/#primaryimage"},"thumbnailUrl":"https:\/\/janze-athletisme.fr\/wordpress\/wp-content\/uploads\/2024\/04\/Berenger-et-Clemence.jpg","articleSection":["Le club au jour le jour"],"inLanguage":"fr-FR","potentialAction":[{"@type":"CommentAction","name":"Comment","target":["https:\/\/janze-athletisme.fr\/wordpress\/clemence-et-berenger-iront-a-lens\/#respond"]}]},{"@type":"WebPage","@id":"https:\/\/janze-athletisme.fr\/wordpress\/clemence-et-berenger-iront-a-lens\/","url":"https:\/\/janze-athletisme.fr\/wordpress\/clemence-et-berenger-iront-a-lens\/","name":"Cl\u00e9mence et B\u00e9renger iront \u00e0 Lens\u2026 - Janz\u00e9 Athl\u00e9tisme","isPartOf":{"@id":"https:\/\/janze-athletisme.fr\/wordpress\/#website"},"primaryImageOfPage":{"@id":"https:\/\/janze-athletisme.fr\/wordpress\/clemence-et-berenger-iront-a-lens\/#primaryimage"},"image":{"@id":"https:\/\/janze-athletisme.fr\/wordpress\/clemence-et-berenger-iront-a-lens\/#primaryimage"},"thumbnailUrl":"https:\/\/janze-athletisme.fr\/wordpress\/wp-content\/uploads\/2024\/04\/Berenger-et-Clemence.jpg","datePublished":"2024-04-17T19:16:18+00:00","dateModified":"2024-04-18T07:23:33+00:00","breadcrumb":{"@id":"https:\/\/janze-athletisme.fr\/wordpress\/clemence-et-berenger-iront-a-lens\/#breadcrumb"},"inLanguage":"fr-FR","potentialAction":[{"@type":"ReadAction","target":["https:\/\/janze-athletisme.fr\/wordpress\/clemence-et-berenger-iront-a-lens\/"]}]},{"@type":"ImageObject","inLanguage":"fr-FR","@id":"https:\/\/janze-athletisme.fr\/wordpress\/clemence-et-berenger-iront-a-lens\/#primaryimage","url":"https:\/\/janze-athletisme.fr\/wordpress\/wp-content\/uploads\/2024\/04\/Berenger-et-Clemence.jpg","contentUrl":"https:\/\/janze-athletisme.fr\/wordpress\/wp-content\/uploads\/2024\/04\/Berenger-et-Clemence.jpg","width":983,"height":720},{"@type":"BreadcrumbList","@id":"https:\/\/janze-athletisme.fr\/wordpress\/clemence-et-berenger-iront-a-lens\/#breadcrumb","itemListElement":[{"@type":"ListItem","position":1,"name":"Accueil","item":"https:\/\/janze-athletisme.fr\/wordpress\/"},{"@type":"ListItem","position":2,"name":"Cl\u00e9mence et B\u00e9renger iront \u00e0 Lens\u2026"}]},{"@type":"WebSite","@id":"https:\/\/janze-athletisme.fr\/wordpress\/#website","url":"https:\/\/janze-athletisme.fr\/wordpress\/","name":"Janz\u00e9 Athl\u00e9tisme","description":"Pays de La Roche aux F\u00e9es","publisher":{"@id":"https:\/\/janze-athletisme.fr\/wordpress\/#organization"},"potentialAction":[{"@type":"SearchAction","target":{"@type":"EntryPoint","urlTemplate":"https:\/\/janze-athletisme.fr\/wordpress\/?s={search_term_string}"},"query-input":{"@type":"PropertyValueSpecification","valueRequired":true,"valueName":"search_term_string"}}],"inLanguage":"fr-FR"},{"@type":"Organization","@id":"https:\/\/janze-athletisme.fr\/wordpress\/#organization","name":"Janz\u00e9 Athl\u00e9tisme","url":"https:\/\/janze-athletisme.fr\/wordpress\/","logo":{"@type":"ImageObject","inLanguage":"fr-FR","@id":"https:\/\/janze-athletisme.fr\/wordpress\/#\/schema\/logo\/image\/","url":"https:\/\/janze-athletisme.fr\/wordpress\/wp-content\/uploads\/2015\/03\/logo-full1.jpg","contentUrl":"https:\/\/janze-athletisme.fr\/wordpress\/wp-content\/uploads\/2015\/03\/logo-full1.jpg","width":437,"height":205,"caption":"Janz\u00e9 Athl\u00e9tisme"},"image":{"@id":"https:\/\/janze-athletisme.fr\/wordpress\/#\/schema\/logo\/image\/"},"sameAs":["https:\/\/www.facebook.com\/groups\/1007964579346590"]},{"@type":"Person","@id":"https:\/\/janze-athletisme.fr\/wordpress\/#\/schema\/person\/c7b063dcfa6234c041d4d9b26cc2ea03","name":"Laurent Meunier","image":{"@type":"ImageObject","inLanguage":"fr-FR","@id":"https:\/\/secure.gravatar.com\/avatar\/dd25d581ad7c3349090f2fa6a9adb6bfa287e6a5dd8a5216a092727cd8749034?s=96&d=mm&r=g","url":"https:\/\/secure.gravatar.com\/avatar\/dd25d581ad7c3349090f2fa6a9adb6bfa287e6a5dd8a5216a092727cd8749034?s=96&d=mm&r=g","contentUrl":"https:\/\/secure.gravatar.com\/avatar\/dd25d581ad7c3349090f2fa6a9adb6bfa287e6a5dd8a5216a092727cd8749034?s=96&d=mm&r=g","caption":"Laurent Meunier"},"url":"https:\/\/janze-athletisme.fr\/wordpress\/author\/laurent-meunier35\/"}]}},"uagb_featured_image_src":{"full":["https:\/\/janze-athletisme.fr\/wordpress\/wp-content\/uploads\/2024\/04\/Berenger-et-Clemence.jpg",983,720,false],"thumbnail":["https:\/\/janze-athletisme.fr\/wordpress\/wp-content\/uploads\/2024\/04\/Berenger-et-Clemence-150x150.jpg",150,150,true],"medium":["https:\/\/janze-athletisme.fr\/wordpress\/wp-content\/uploads\/2024\/04\/Berenger-et-Clemence-300x220.jpg",300,220,true],"medium_large":["https:\/\/janze-athletisme.fr\/wordpress\/wp-content\/uploads\/2024\/04\/Berenger-et-Clemence-768x563.jpg",768,563,true],"large":["https:\/\/janze-athletisme.fr\/wordpress\/wp-content\/uploads\/2024\/04\/Berenger-et-Clemence.jpg",983,720,false],"1536x1536":["https:\/\/janze-athletisme.fr\/wordpress\/wp-content\/uploads\/2024\/04\/Berenger-et-Clemence.jpg",983,720,false],"2048x2048":["https:\/\/janze-athletisme.fr\/wordpress\/wp-content\/uploads\/2024\/04\/Berenger-et-Clemence.jpg",983,720,false]},"uagb_author_info":{"display_name":"Laurent Meunier","author_link":"https:\/\/janze-athletisme.fr\/wordpress\/author\/laurent-meunier35\/"},"uagb_comment_info":0,"uagb_excerpt":"Championnat de Bretagne UGSEL Cadets\/Juniors, Pont-Labb\u00e9, mercredi 17 avril Le championnat \u00ab\u00a0territorial\u00a0\u00bb UGSEL (lyc\u00e9es priv\u00e9s) a eu lieu ce mercredi 17 avril \u00e0 Pont-Labb\u00e9. Il \u00e9tait qualificatif pour les championnats de France UGSEL, Cadets et Juniors, qui auront lieu les 5 et 6 juin prochains, \u00e0 Lens. Les deux cat\u00e9gories (cadets-cadettes \/ juniors) \u00e9taient ensemble\u2026","_links":{"self":[{"href":"https:\/\/janze-athletisme.fr\/wordpress\/wp-json\/wp\/v2\/posts\/17793","targetHints":{"allow":["GET"]}}],"collection":[{"href":"https:\/\/janze-athletisme.fr\/wordpress\/wp-json\/wp\/v2\/posts"}],"about":[{"href":"https:\/\/janze-athletisme.fr\/wordpress\/wp-json\/wp\/v2\/types\/post"}],"author":[{"embeddable":true,"href":"https:\/\/janze-athletisme.fr\/wordpress\/wp-json\/wp\/v2\/users\/12"}],"replies":[{"embeddable":true,"href":"https:\/\/janze-athletisme.fr\/wordpress\/wp-json\/wp\/v2\/comments?post=17793"}],"version-history":[{"count":3,"href":"https:\/\/janze-athletisme.fr\/wordpress\/wp-json\/wp\/v2\/posts\/17793\/revisions"}],"predecessor-version":[{"id":17797,"href":"https:\/\/janze-athletisme.fr\/wordpress\/wp-json\/wp\/v2\/posts\/17793\/revisions\/17797"}],"wp:featuredmedia":[{"embeddable":true,"href":"https:\/\/janze-athletisme.fr\/wordpress\/wp-json\/wp\/v2\/media\/17794"}],"wp:attachment":[{"href":"https:\/\/janze-athletisme.fr\/wordpress\/wp-json\/wp\/v2\/media?parent=17793"}],"wp:term":[{"taxonomy":"category","embeddable":true,"href":"https:\/\/janze-athletisme.fr\/wordpress\/wp-json\/wp\/v2\/categories?post=17793"},{"taxonomy":"post_tag","embeddable":true,"href":"https:\/\/janze-athletisme.fr\/wordpress\/wp-json\/wp\/v2\/tags?post=17793"}],"curies":[{"name":"wp","href":"https:\/\/api.w.org\/{rel}","templated":true}]}}