{"id":17784,"date":"2024-04-17T17:15:40","date_gmt":"2024-04-17T15:15:40","guid":{"rendered":"https:\/\/janze-athletisme.fr\/wordpress\/?p=17784"},"modified":"2024-04-17T17:17:20","modified_gmt":"2024-04-17T15:17:20","slug":"derniere-en-salle-pour-les-eveils-athletiques","status":"publish","type":"post","link":"https:\/\/janze-athletisme.fr\/wordpress\/derniere-en-salle-pour-les-eveils-athletiques\/","title":{"rendered":"Derni\u00e8re en salle pour les \u00c9veils athl\u00e9tiques"},"content":{"rendered":"<p><strong><span style=\"font-size: 18pt;\">Rencontre de secteur \u00c9veils, Bain-de-Bretagne, samedi 13 avril<\/span><br \/>\n<\/strong><\/p>\n<p>Ils \u00e9taient une cinquantaine des plus jeunes de nos \u00e9coles d&rsquo;athl\u00e9 ce samedi 13 avril, venus de tout le secteur\u00a0 Pont-R\u00e9an \/ Guichen, Chartres de Bretagne, Redon, Janz\u00e9\u00a0 et Bain de Bretagne, pour la derni\u00e8re rencontre en salle de la saison hivernale.<\/p>\n<p>C&rsquo;\u00e9tait chez nos amis de Bain (maillots jaunes), associ\u00e9s pour rappel au sein d&rsquo;un m\u00eame ensemble EAC.<\/p>\n<p>Le prochain grand rendez-vous sera maintenant la finale d\u00e9partementale estivale, qui aura lieu le samedi 8 juin prochain, chez nous, \u00e0 Janz\u00e9, pour la troisi\u00e8me ann\u00e9e cons\u00e9cutive, avec cette fois tous les secteurs et tous les clubs du d\u00e9partement (\u00c9veils et Poussins).<\/p>\n<p>Nos jeunes Janz\u00e9ens\/Janz\u00e9ennes n&rsquo;\u00e9taient pas tr\u00e8s nombreux (sept) mais se sont visiblement bien amus\u00e9(e)s, avec leur encadrante <strong>Laurence<\/strong> N\u00e9ron.<\/p>\n<p>Merci aux parents accompagnateurs.<\/p>\n<p><a href=\"https:\/\/janze-athletisme.fr\/wordpress\/wp-content\/uploads\/2024\/04\/EA-a-Bain-13avril2024-1.jpg\"><img loading=\"lazy\" decoding=\"async\" class=\"alignnone size-medium wp-image-17785\" src=\"https:\/\/janze-athletisme.fr\/wordpress\/wp-content\/uploads\/2024\/04\/EA-a-Bain-13avril2024-1-300x143.jpg\" alt=\"\" width=\"300\" height=\"143\" srcset=\"https:\/\/janze-athletisme.fr\/wordpress\/wp-content\/uploads\/2024\/04\/EA-a-Bain-13avril2024-1-300x143.jpg 300w, https:\/\/janze-athletisme.fr\/wordpress\/wp-content\/uploads\/2024\/04\/EA-a-Bain-13avril2024-1-1024x489.jpg 1024w, https:\/\/janze-athletisme.fr\/wordpress\/wp-content\/uploads\/2024\/04\/EA-a-Bain-13avril2024-1-768x367.jpg 768w, https:\/\/janze-athletisme.fr\/wordpress\/wp-content\/uploads\/2024\/04\/EA-a-Bain-13avril2024-1-1536x733.jpg 1536w, https:\/\/janze-athletisme.fr\/wordpress\/wp-content\/uploads\/2024\/04\/EA-a-Bain-13avril2024-1.jpg 1877w\" sizes=\"auto, (max-width: 300px) 100vw, 300px\" \/><\/a> <a href=\"https:\/\/janze-athletisme.fr\/wordpress\/wp-content\/uploads\/2024\/04\/EA-a-Bain-13avril2024-2.jpg\"><img loading=\"lazy\" decoding=\"async\" class=\"alignnone wp-image-17786\" src=\"https:\/\/janze-athletisme.fr\/wordpress\/wp-content\/uploads\/2024\/04\/EA-a-Bain-13avril2024-2-300x132.jpg\" alt=\"\" width=\"325\" height=\"143\" srcset=\"https:\/\/janze-athletisme.fr\/wordpress\/wp-content\/uploads\/2024\/04\/EA-a-Bain-13avril2024-2-300x132.jpg 300w, https:\/\/janze-athletisme.fr\/wordpress\/wp-content\/uploads\/2024\/04\/EA-a-Bain-13avril2024-2-1024x449.jpg 1024w, https:\/\/janze-athletisme.fr\/wordpress\/wp-content\/uploads\/2024\/04\/EA-a-Bain-13avril2024-2-768x337.jpg 768w, https:\/\/janze-athletisme.fr\/wordpress\/wp-content\/uploads\/2024\/04\/EA-a-Bain-13avril2024-2.jpg 1222w\" sizes=\"auto, (max-width: 325px) 100vw, 325px\" \/><\/a><\/p>\n<p><a href=\"https:\/\/janze-athletisme.fr\/wordpress\/wp-content\/uploads\/2024\/04\/EA-a-Bain-13avril2024-3.jpg\"><img loading=\"lazy\" decoding=\"async\" class=\"alignnone wp-image-17787\" src=\"https:\/\/janze-athletisme.fr\/wordpress\/wp-content\/uploads\/2024\/04\/EA-a-Bain-13avril2024-3-300x211.jpg\" alt=\"\" width=\"314\" height=\"221\" srcset=\"https:\/\/janze-athletisme.fr\/wordpress\/wp-content\/uploads\/2024\/04\/EA-a-Bain-13avril2024-3-300x211.jpg 300w, https:\/\/janze-athletisme.fr\/wordpress\/wp-content\/uploads\/2024\/04\/EA-a-Bain-13avril2024-3.jpg 727w\" sizes=\"auto, (max-width: 314px) 100vw, 314px\" \/><\/a> <a href=\"https:\/\/janze-athletisme.fr\/wordpress\/wp-content\/uploads\/2024\/04\/EA-a-Bain-13avril2024-4.jpg\"><img loading=\"lazy\" decoding=\"async\" class=\"alignnone wp-image-17788\" src=\"https:\/\/janze-athletisme.fr\/wordpress\/wp-content\/uploads\/2024\/04\/EA-a-Bain-13avril2024-4-300x219.jpg\" alt=\"\" width=\"303\" height=\"221\" srcset=\"https:\/\/janze-athletisme.fr\/wordpress\/wp-content\/uploads\/2024\/04\/EA-a-Bain-13avril2024-4-300x219.jpg 300w, https:\/\/janze-athletisme.fr\/wordpress\/wp-content\/uploads\/2024\/04\/EA-a-Bain-13avril2024-4-1024x747.jpg 1024w, https:\/\/janze-athletisme.fr\/wordpress\/wp-content\/uploads\/2024\/04\/EA-a-Bain-13avril2024-4-768x560.jpg 768w, https:\/\/janze-athletisme.fr\/wordpress\/wp-content\/uploads\/2024\/04\/EA-a-Bain-13avril2024-4.jpg 1218w\" sizes=\"auto, (max-width: 303px) 100vw, 303px\" \/><\/a><\/p>\n","protected":false},"excerpt":{"rendered":"<p>Rencontre de secteur \u00c9veils, Bain-de-Bretagne, samedi 13 avril Ils \u00e9taient une cinquantaine des plus jeunes de nos \u00e9coles d&rsquo;athl\u00e9 ce samedi 13 avril, venus de tout le secteur\u00a0 Pont-R\u00e9an \/ Guichen, Chartres de Bretagne, Redon, Janz\u00e9\u00a0 et Bain de Bretagne, pour la derni\u00e8re rencontre en salle de la saison hivernale. C&rsquo;\u00e9tait chez nos amis de [&hellip;]<\/p>\n","protected":false},"author":12,"featured_media":17789,"comment_status":"open","ping_status":"open","sticky":false,"template":"","format":"aside","meta":{"_uag_custom_page_level_css":"","site-sidebar-layout":"default","site-content-layout":"","ast-site-content-layout":"default","site-content-style":"default","site-sidebar-style":"default","ast-global-header-display":"","ast-banner-title-visibility":"","ast-main-header-display":"","ast-hfb-above-header-display":"","ast-hfb-below-header-display":"","ast-hfb-mobile-header-display":"","site-post-title":"","ast-breadcrumbs-content":"","ast-featured-img":"","footer-sml-layout":"","ast-disable-related-posts":"","theme-transparent-header-meta":"default","adv-header-id-meta":"","stick-header-meta":"","header-above-stick-meta":"","header-main-stick-meta":"","header-below-stick-meta":"","astra-migrate-meta-layouts":"set","ast-page-background-enabled":"default","ast-page-background-meta":{"desktop":{"background-color":"var(--ast-global-color-4)","background-image":"","background-repeat":"repeat","background-position":"center center","background-size":"auto","background-attachment":"scroll","background-type":"","background-media":"","overlay-type":"","overlay-color":"","overlay-opacity":"","overlay-gradient":""},"tablet":{"background-color":"","background-image":"","background-repeat":"repeat","background-position":"center center","background-size":"auto","background-attachment":"scroll","background-type":"","background-media":"","overlay-type":"","overlay-color":"","overlay-opacity":"","overlay-gradient":""},"mobile":{"background-color":"","background-image":"","background-repeat":"repeat","background-position":"center center","background-size":"auto","background-attachment":"scroll","background-type":"","background-media":"","overlay-type":"","overlay-color":"","overlay-opacity":"","overlay-gradient":""}},"ast-content-background-meta":{"desktop":{"background-color":"var(--ast-global-color-5)","background-image":"","background-repeat":"repeat","background-position":"center center","background-size":"auto","background-attachment":"scroll","background-type":"","background-media":"","overlay-type":"","overlay-color":"","overlay-opacity":"","overlay-gradient":""},"tablet":{"background-color":"var(--ast-global-color-5)","background-image":"","background-repeat":"repeat","background-position":"center center","background-size":"auto","background-attachment":"scroll","background-type":"","background-media":"","overlay-type":"","overlay-color":"","overlay-opacity":"","overlay-gradient":""},"mobile":{"background-color":"var(--ast-global-color-5)","background-image":"","background-repeat":"repeat","background-position":"center center","background-size":"auto","background-attachment":"scroll","background-type":"","background-media":"","overlay-type":"","overlay-color":"","overlay-opacity":"","overlay-gradient":""}},"footnotes":""},"categories":[6],"tags":[],"class_list":["post-17784","post","type-post","status-publish","format-aside","has-post-thumbnail","hentry","category-sections","post_format-post-format-aside"],"yoast_head":"<!-- This site is optimized with the Yoast SEO plugin v27.5 - https:\/\/yoast.com\/product\/yoast-seo-wordpress\/ -->\n<title>Derni\u00e8re en salle pour les \u00c9veils athl\u00e9tiques - Janz\u00e9 Athl\u00e9tisme<\/title>\n<meta name=\"robots\" content=\"index, follow, max-snippet:-1, max-image-preview:large, max-video-preview:-1\" \/>\n<link rel=\"canonical\" href=\"https:\/\/janze-athletisme.fr\/wordpress\/derniere-en-salle-pour-les-eveils-athletiques\/\" \/>\n<meta property=\"og:locale\" content=\"fr_FR\" \/>\n<meta property=\"og:type\" content=\"article\" \/>\n<meta property=\"og:title\" content=\"Derni\u00e8re en salle pour les \u00c9veils athl\u00e9tiques - Janz\u00e9 Athl\u00e9tisme\" \/>\n<meta property=\"og:description\" content=\"Rencontre de secteur \u00c9veils, Bain-de-Bretagne, samedi 13 avril Ils \u00e9taient une cinquantaine des plus jeunes de nos \u00e9coles d&rsquo;athl\u00e9 ce samedi 13 avril, venus de tout le secteur\u00a0 Pont-R\u00e9an \/ Guichen, Chartres de Bretagne, Redon, Janz\u00e9\u00a0 et Bain de Bretagne, pour la derni\u00e8re rencontre en salle de la saison hivernale. C&rsquo;\u00e9tait chez nos amis de [&hellip;]\" \/>\n<meta property=\"og:url\" content=\"https:\/\/janze-athletisme.fr\/wordpress\/derniere-en-salle-pour-les-eveils-athletiques\/\" \/>\n<meta property=\"og:site_name\" content=\"Janz\u00e9 Athl\u00e9tisme\" \/>\n<meta property=\"article:publisher\" content=\"https:\/\/www.facebook.com\/groups\/1007964579346590\" \/>\n<meta property=\"article:published_time\" content=\"2024-04-17T15:15:40+00:00\" \/>\n<meta property=\"article:modified_time\" content=\"2024-04-17T15:17:20+00:00\" \/>\n<meta property=\"og:image\" content=\"https:\/\/janze-athletisme.fr\/wordpress\/wp-content\/uploads\/2024\/04\/EA-a-Bain-13avril2024-titre.jpg\" \/>\n\t<meta property=\"og:image:width\" content=\"722\" \/>\n\t<meta property=\"og:image:height\" content=\"728\" \/>\n\t<meta property=\"og:image:type\" content=\"image\/jpeg\" \/>\n<meta name=\"author\" content=\"Laurent Meunier\" \/>\n<meta name=\"twitter:card\" content=\"summary_large_image\" \/>\n<meta name=\"twitter:label1\" content=\"\u00c9crit par\" \/>\n\t<meta name=\"twitter:data1\" content=\"Laurent Meunier\" \/>\n\t<meta name=\"twitter:label2\" content=\"Dur\u00e9e de lecture estim\u00e9e\" \/>\n\t<meta name=\"twitter:data2\" content=\"2 minutes\" \/>\n<script type=\"application\/ld+json\" class=\"yoast-schema-graph\">{\"@context\":\"https:\\\/\\\/schema.org\",\"@graph\":[{\"@type\":\"Article\",\"@id\":\"https:\\\/\\\/janze-athletisme.fr\\\/wordpress\\\/derniere-en-salle-pour-les-eveils-athletiques\\\/#article\",\"isPartOf\":{\"@id\":\"https:\\\/\\\/janze-athletisme.fr\\\/wordpress\\\/derniere-en-salle-pour-les-eveils-athletiques\\\/\"},\"author\":{\"name\":\"Laurent Meunier\",\"@id\":\"https:\\\/\\\/janze-athletisme.fr\\\/wordpress\\\/#\\\/schema\\\/person\\\/c7b063dcfa6234c041d4d9b26cc2ea03\"},\"headline\":\"Derni\u00e8re en salle pour les \u00c9veils athl\u00e9tiques\",\"datePublished\":\"2024-04-17T15:15:40+00:00\",\"dateModified\":\"2024-04-17T15:17:20+00:00\",\"mainEntityOfPage\":{\"@id\":\"https:\\\/\\\/janze-athletisme.fr\\\/wordpress\\\/derniere-en-salle-pour-les-eveils-athletiques\\\/\"},\"wordCount\":156,\"commentCount\":0,\"publisher\":{\"@id\":\"https:\\\/\\\/janze-athletisme.fr\\\/wordpress\\\/#organization\"},\"image\":{\"@id\":\"https:\\\/\\\/janze-athletisme.fr\\\/wordpress\\\/derniere-en-salle-pour-les-eveils-athletiques\\\/#primaryimage\"},\"thumbnailUrl\":\"https:\\\/\\\/janze-athletisme.fr\\\/wordpress\\\/wp-content\\\/uploads\\\/2024\\\/04\\\/EA-a-Bain-13avril2024-titre.jpg\",\"articleSection\":[\"Le club au jour le jour\"],\"inLanguage\":\"fr-FR\",\"potentialAction\":[{\"@type\":\"CommentAction\",\"name\":\"Comment\",\"target\":[\"https:\\\/\\\/janze-athletisme.fr\\\/wordpress\\\/derniere-en-salle-pour-les-eveils-athletiques\\\/#respond\"]}]},{\"@type\":\"WebPage\",\"@id\":\"https:\\\/\\\/janze-athletisme.fr\\\/wordpress\\\/derniere-en-salle-pour-les-eveils-athletiques\\\/\",\"url\":\"https:\\\/\\\/janze-athletisme.fr\\\/wordpress\\\/derniere-en-salle-pour-les-eveils-athletiques\\\/\",\"name\":\"Derni\u00e8re en salle pour les \u00c9veils athl\u00e9tiques - Janz\u00e9 Athl\u00e9tisme\",\"isPartOf\":{\"@id\":\"https:\\\/\\\/janze-athletisme.fr\\\/wordpress\\\/#website\"},\"primaryImageOfPage\":{\"@id\":\"https:\\\/\\\/janze-athletisme.fr\\\/wordpress\\\/derniere-en-salle-pour-les-eveils-athletiques\\\/#primaryimage\"},\"image\":{\"@id\":\"https:\\\/\\\/janze-athletisme.fr\\\/wordpress\\\/derniere-en-salle-pour-les-eveils-athletiques\\\/#primaryimage\"},\"thumbnailUrl\":\"https:\\\/\\\/janze-athletisme.fr\\\/wordpress\\\/wp-content\\\/uploads\\\/2024\\\/04\\\/EA-a-Bain-13avril2024-titre.jpg\",\"datePublished\":\"2024-04-17T15:15:40+00:00\",\"dateModified\":\"2024-04-17T15:17:20+00:00\",\"breadcrumb\":{\"@id\":\"https:\\\/\\\/janze-athletisme.fr\\\/wordpress\\\/derniere-en-salle-pour-les-eveils-athletiques\\\/#breadcrumb\"},\"inLanguage\":\"fr-FR\",\"potentialAction\":[{\"@type\":\"ReadAction\",\"target\":[\"https:\\\/\\\/janze-athletisme.fr\\\/wordpress\\\/derniere-en-salle-pour-les-eveils-athletiques\\\/\"]}]},{\"@type\":\"ImageObject\",\"inLanguage\":\"fr-FR\",\"@id\":\"https:\\\/\\\/janze-athletisme.fr\\\/wordpress\\\/derniere-en-salle-pour-les-eveils-athletiques\\\/#primaryimage\",\"url\":\"https:\\\/\\\/janze-athletisme.fr\\\/wordpress\\\/wp-content\\\/uploads\\\/2024\\\/04\\\/EA-a-Bain-13avril2024-titre.jpg\",\"contentUrl\":\"https:\\\/\\\/janze-athletisme.fr\\\/wordpress\\\/wp-content\\\/uploads\\\/2024\\\/04\\\/EA-a-Bain-13avril2024-titre.jpg\",\"width\":722,\"height\":728},{\"@type\":\"BreadcrumbList\",\"@id\":\"https:\\\/\\\/janze-athletisme.fr\\\/wordpress\\\/derniere-en-salle-pour-les-eveils-athletiques\\\/#breadcrumb\",\"itemListElement\":[{\"@type\":\"ListItem\",\"position\":1,\"name\":\"Accueil\",\"item\":\"https:\\\/\\\/janze-athletisme.fr\\\/wordpress\\\/\"},{\"@type\":\"ListItem\",\"position\":2,\"name\":\"Derni\u00e8re en salle pour les \u00c9veils athl\u00e9tiques\"}]},{\"@type\":\"WebSite\",\"@id\":\"https:\\\/\\\/janze-athletisme.fr\\\/wordpress\\\/#website\",\"url\":\"https:\\\/\\\/janze-athletisme.fr\\\/wordpress\\\/\",\"name\":\"Janz\u00e9 Athl\u00e9tisme\",\"description\":\"Pays de La Roche aux F\u00e9es\",\"publisher\":{\"@id\":\"https:\\\/\\\/janze-athletisme.fr\\\/wordpress\\\/#organization\"},\"potentialAction\":[{\"@type\":\"SearchAction\",\"target\":{\"@type\":\"EntryPoint\",\"urlTemplate\":\"https:\\\/\\\/janze-athletisme.fr\\\/wordpress\\\/?s={search_term_string}\"},\"query-input\":{\"@type\":\"PropertyValueSpecification\",\"valueRequired\":true,\"valueName\":\"search_term_string\"}}],\"inLanguage\":\"fr-FR\"},{\"@type\":\"Organization\",\"@id\":\"https:\\\/\\\/janze-athletisme.fr\\\/wordpress\\\/#organization\",\"name\":\"Janz\u00e9 Athl\u00e9tisme\",\"url\":\"https:\\\/\\\/janze-athletisme.fr\\\/wordpress\\\/\",\"logo\":{\"@type\":\"ImageObject\",\"inLanguage\":\"fr-FR\",\"@id\":\"https:\\\/\\\/janze-athletisme.fr\\\/wordpress\\\/#\\\/schema\\\/logo\\\/image\\\/\",\"url\":\"https:\\\/\\\/janze-athletisme.fr\\\/wordpress\\\/wp-content\\\/uploads\\\/2015\\\/03\\\/logo-full1.jpg\",\"contentUrl\":\"https:\\\/\\\/janze-athletisme.fr\\\/wordpress\\\/wp-content\\\/uploads\\\/2015\\\/03\\\/logo-full1.jpg\",\"width\":437,\"height\":205,\"caption\":\"Janz\u00e9 Athl\u00e9tisme\"},\"image\":{\"@id\":\"https:\\\/\\\/janze-athletisme.fr\\\/wordpress\\\/#\\\/schema\\\/logo\\\/image\\\/\"},\"sameAs\":[\"https:\\\/\\\/www.facebook.com\\\/groups\\\/1007964579346590\"]},{\"@type\":\"Person\",\"@id\":\"https:\\\/\\\/janze-athletisme.fr\\\/wordpress\\\/#\\\/schema\\\/person\\\/c7b063dcfa6234c041d4d9b26cc2ea03\",\"name\":\"Laurent Meunier\",\"image\":{\"@type\":\"ImageObject\",\"inLanguage\":\"fr-FR\",\"@id\":\"https:\\\/\\\/secure.gravatar.com\\\/avatar\\\/dd25d581ad7c3349090f2fa6a9adb6bfa287e6a5dd8a5216a092727cd8749034?s=96&d=mm&r=g\",\"url\":\"https:\\\/\\\/secure.gravatar.com\\\/avatar\\\/dd25d581ad7c3349090f2fa6a9adb6bfa287e6a5dd8a5216a092727cd8749034?s=96&d=mm&r=g\",\"contentUrl\":\"https:\\\/\\\/secure.gravatar.com\\\/avatar\\\/dd25d581ad7c3349090f2fa6a9adb6bfa287e6a5dd8a5216a092727cd8749034?s=96&d=mm&r=g\",\"caption\":\"Laurent Meunier\"},\"url\":\"https:\\\/\\\/janze-athletisme.fr\\\/wordpress\\\/author\\\/laurent-meunier35\\\/\"}]}<\/script>\n<!-- \/ Yoast SEO plugin. -->","yoast_head_json":{"title":"Derni\u00e8re en salle pour les \u00c9veils athl\u00e9tiques - Janz\u00e9 Athl\u00e9tisme","robots":{"index":"index","follow":"follow","max-snippet":"max-snippet:-1","max-image-preview":"max-image-preview:large","max-video-preview":"max-video-preview:-1"},"canonical":"https:\/\/janze-athletisme.fr\/wordpress\/derniere-en-salle-pour-les-eveils-athletiques\/","og_locale":"fr_FR","og_type":"article","og_title":"Derni\u00e8re en salle pour les \u00c9veils athl\u00e9tiques - Janz\u00e9 Athl\u00e9tisme","og_description":"Rencontre de secteur \u00c9veils, Bain-de-Bretagne, samedi 13 avril Ils \u00e9taient une cinquantaine des plus jeunes de nos \u00e9coles d&rsquo;athl\u00e9 ce samedi 13 avril, venus de tout le secteur\u00a0 Pont-R\u00e9an \/ Guichen, Chartres de Bretagne, Redon, Janz\u00e9\u00a0 et Bain de Bretagne, pour la derni\u00e8re rencontre en salle de la saison hivernale. C&rsquo;\u00e9tait chez nos amis de [&hellip;]","og_url":"https:\/\/janze-athletisme.fr\/wordpress\/derniere-en-salle-pour-les-eveils-athletiques\/","og_site_name":"Janz\u00e9 Athl\u00e9tisme","article_publisher":"https:\/\/www.facebook.com\/groups\/1007964579346590","article_published_time":"2024-04-17T15:15:40+00:00","article_modified_time":"2024-04-17T15:17:20+00:00","og_image":[{"width":722,"height":728,"url":"https:\/\/janze-athletisme.fr\/wordpress\/wp-content\/uploads\/2024\/04\/EA-a-Bain-13avril2024-titre.jpg","type":"image\/jpeg"}],"author":"Laurent Meunier","twitter_card":"summary_large_image","twitter_misc":{"\u00c9crit par":"Laurent Meunier","Dur\u00e9e de lecture estim\u00e9e":"2 minutes"},"schema":{"@context":"https:\/\/schema.org","@graph":[{"@type":"Article","@id":"https:\/\/janze-athletisme.fr\/wordpress\/derniere-en-salle-pour-les-eveils-athletiques\/#article","isPartOf":{"@id":"https:\/\/janze-athletisme.fr\/wordpress\/derniere-en-salle-pour-les-eveils-athletiques\/"},"author":{"name":"Laurent Meunier","@id":"https:\/\/janze-athletisme.fr\/wordpress\/#\/schema\/person\/c7b063dcfa6234c041d4d9b26cc2ea03"},"headline":"Derni\u00e8re en salle pour les \u00c9veils athl\u00e9tiques","datePublished":"2024-04-17T15:15:40+00:00","dateModified":"2024-04-17T15:17:20+00:00","mainEntityOfPage":{"@id":"https:\/\/janze-athletisme.fr\/wordpress\/derniere-en-salle-pour-les-eveils-athletiques\/"},"wordCount":156,"commentCount":0,"publisher":{"@id":"https:\/\/janze-athletisme.fr\/wordpress\/#organization"},"image":{"@id":"https:\/\/janze-athletisme.fr\/wordpress\/derniere-en-salle-pour-les-eveils-athletiques\/#primaryimage"},"thumbnailUrl":"https:\/\/janze-athletisme.fr\/wordpress\/wp-content\/uploads\/2024\/04\/EA-a-Bain-13avril2024-titre.jpg","articleSection":["Le club au jour le jour"],"inLanguage":"fr-FR","potentialAction":[{"@type":"CommentAction","name":"Comment","target":["https:\/\/janze-athletisme.fr\/wordpress\/derniere-en-salle-pour-les-eveils-athletiques\/#respond"]}]},{"@type":"WebPage","@id":"https:\/\/janze-athletisme.fr\/wordpress\/derniere-en-salle-pour-les-eveils-athletiques\/","url":"https:\/\/janze-athletisme.fr\/wordpress\/derniere-en-salle-pour-les-eveils-athletiques\/","name":"Derni\u00e8re en salle pour les \u00c9veils athl\u00e9tiques - Janz\u00e9 Athl\u00e9tisme","isPartOf":{"@id":"https:\/\/janze-athletisme.fr\/wordpress\/#website"},"primaryImageOfPage":{"@id":"https:\/\/janze-athletisme.fr\/wordpress\/derniere-en-salle-pour-les-eveils-athletiques\/#primaryimage"},"image":{"@id":"https:\/\/janze-athletisme.fr\/wordpress\/derniere-en-salle-pour-les-eveils-athletiques\/#primaryimage"},"thumbnailUrl":"https:\/\/janze-athletisme.fr\/wordpress\/wp-content\/uploads\/2024\/04\/EA-a-Bain-13avril2024-titre.jpg","datePublished":"2024-04-17T15:15:40+00:00","dateModified":"2024-04-17T15:17:20+00:00","breadcrumb":{"@id":"https:\/\/janze-athletisme.fr\/wordpress\/derniere-en-salle-pour-les-eveils-athletiques\/#breadcrumb"},"inLanguage":"fr-FR","potentialAction":[{"@type":"ReadAction","target":["https:\/\/janze-athletisme.fr\/wordpress\/derniere-en-salle-pour-les-eveils-athletiques\/"]}]},{"@type":"ImageObject","inLanguage":"fr-FR","@id":"https:\/\/janze-athletisme.fr\/wordpress\/derniere-en-salle-pour-les-eveils-athletiques\/#primaryimage","url":"https:\/\/janze-athletisme.fr\/wordpress\/wp-content\/uploads\/2024\/04\/EA-a-Bain-13avril2024-titre.jpg","contentUrl":"https:\/\/janze-athletisme.fr\/wordpress\/wp-content\/uploads\/2024\/04\/EA-a-Bain-13avril2024-titre.jpg","width":722,"height":728},{"@type":"BreadcrumbList","@id":"https:\/\/janze-athletisme.fr\/wordpress\/derniere-en-salle-pour-les-eveils-athletiques\/#breadcrumb","itemListElement":[{"@type":"ListItem","position":1,"name":"Accueil","item":"https:\/\/janze-athletisme.fr\/wordpress\/"},{"@type":"ListItem","position":2,"name":"Derni\u00e8re en salle pour les \u00c9veils athl\u00e9tiques"}]},{"@type":"WebSite","@id":"https:\/\/janze-athletisme.fr\/wordpress\/#website","url":"https:\/\/janze-athletisme.fr\/wordpress\/","name":"Janz\u00e9 Athl\u00e9tisme","description":"Pays de La Roche aux F\u00e9es","publisher":{"@id":"https:\/\/janze-athletisme.fr\/wordpress\/#organization"},"potentialAction":[{"@type":"SearchAction","target":{"@type":"EntryPoint","urlTemplate":"https:\/\/janze-athletisme.fr\/wordpress\/?s={search_term_string}"},"query-input":{"@type":"PropertyValueSpecification","valueRequired":true,"valueName":"search_term_string"}}],"inLanguage":"fr-FR"},{"@type":"Organization","@id":"https:\/\/janze-athletisme.fr\/wordpress\/#organization","name":"Janz\u00e9 Athl\u00e9tisme","url":"https:\/\/janze-athletisme.fr\/wordpress\/","logo":{"@type":"ImageObject","inLanguage":"fr-FR","@id":"https:\/\/janze-athletisme.fr\/wordpress\/#\/schema\/logo\/image\/","url":"https:\/\/janze-athletisme.fr\/wordpress\/wp-content\/uploads\/2015\/03\/logo-full1.jpg","contentUrl":"https:\/\/janze-athletisme.fr\/wordpress\/wp-content\/uploads\/2015\/03\/logo-full1.jpg","width":437,"height":205,"caption":"Janz\u00e9 Athl\u00e9tisme"},"image":{"@id":"https:\/\/janze-athletisme.fr\/wordpress\/#\/schema\/logo\/image\/"},"sameAs":["https:\/\/www.facebook.com\/groups\/1007964579346590"]},{"@type":"Person","@id":"https:\/\/janze-athletisme.fr\/wordpress\/#\/schema\/person\/c7b063dcfa6234c041d4d9b26cc2ea03","name":"Laurent Meunier","image":{"@type":"ImageObject","inLanguage":"fr-FR","@id":"https:\/\/secure.gravatar.com\/avatar\/dd25d581ad7c3349090f2fa6a9adb6bfa287e6a5dd8a5216a092727cd8749034?s=96&d=mm&r=g","url":"https:\/\/secure.gravatar.com\/avatar\/dd25d581ad7c3349090f2fa6a9adb6bfa287e6a5dd8a5216a092727cd8749034?s=96&d=mm&r=g","contentUrl":"https:\/\/secure.gravatar.com\/avatar\/dd25d581ad7c3349090f2fa6a9adb6bfa287e6a5dd8a5216a092727cd8749034?s=96&d=mm&r=g","caption":"Laurent Meunier"},"url":"https:\/\/janze-athletisme.fr\/wordpress\/author\/laurent-meunier35\/"}]}},"uagb_featured_image_src":{"full":["https:\/\/janze-athletisme.fr\/wordpress\/wp-content\/uploads\/2024\/04\/EA-a-Bain-13avril2024-titre.jpg",722,728,false],"thumbnail":["https:\/\/janze-athletisme.fr\/wordpress\/wp-content\/uploads\/2024\/04\/EA-a-Bain-13avril2024-titre-150x150.jpg",150,150,true],"medium":["https:\/\/janze-athletisme.fr\/wordpress\/wp-content\/uploads\/2024\/04\/EA-a-Bain-13avril2024-titre-298x300.jpg",298,300,true],"medium_large":["https:\/\/janze-athletisme.fr\/wordpress\/wp-content\/uploads\/2024\/04\/EA-a-Bain-13avril2024-titre.jpg",722,728,false],"large":["https:\/\/janze-athletisme.fr\/wordpress\/wp-content\/uploads\/2024\/04\/EA-a-Bain-13avril2024-titre.jpg",722,728,false],"1536x1536":["https:\/\/janze-athletisme.fr\/wordpress\/wp-content\/uploads\/2024\/04\/EA-a-Bain-13avril2024-titre.jpg",722,728,false],"2048x2048":["https:\/\/janze-athletisme.fr\/wordpress\/wp-content\/uploads\/2024\/04\/EA-a-Bain-13avril2024-titre.jpg",722,728,false]},"uagb_author_info":{"display_name":"Laurent Meunier","author_link":"https:\/\/janze-athletisme.fr\/wordpress\/author\/laurent-meunier35\/"},"uagb_comment_info":0,"uagb_excerpt":"Rencontre de secteur \u00c9veils, Bain-de-Bretagne, samedi 13 avril Ils \u00e9taient une cinquantaine des plus jeunes de nos \u00e9coles d&rsquo;athl\u00e9 ce samedi 13 avril, venus de tout le secteur\u00a0 Pont-R\u00e9an \/ Guichen, Chartres de Bretagne, Redon, Janz\u00e9\u00a0 et Bain de Bretagne, pour la derni\u00e8re rencontre en salle de la saison hivernale. C&rsquo;\u00e9tait chez nos amis de\u2026","_links":{"self":[{"href":"https:\/\/janze-athletisme.fr\/wordpress\/wp-json\/wp\/v2\/posts\/17784","targetHints":{"allow":["GET"]}}],"collection":[{"href":"https:\/\/janze-athletisme.fr\/wordpress\/wp-json\/wp\/v2\/posts"}],"about":[{"href":"https:\/\/janze-athletisme.fr\/wordpress\/wp-json\/wp\/v2\/types\/post"}],"author":[{"embeddable":true,"href":"https:\/\/janze-athletisme.fr\/wordpress\/wp-json\/wp\/v2\/users\/12"}],"replies":[{"embeddable":true,"href":"https:\/\/janze-athletisme.fr\/wordpress\/wp-json\/wp\/v2\/comments?post=17784"}],"version-history":[{"count":2,"href":"https:\/\/janze-athletisme.fr\/wordpress\/wp-json\/wp\/v2\/posts\/17784\/revisions"}],"predecessor-version":[{"id":17791,"href":"https:\/\/janze-athletisme.fr\/wordpress\/wp-json\/wp\/v2\/posts\/17784\/revisions\/17791"}],"wp:featuredmedia":[{"embeddable":true,"href":"https:\/\/janze-athletisme.fr\/wordpress\/wp-json\/wp\/v2\/media\/17789"}],"wp:attachment":[{"href":"https:\/\/janze-athletisme.fr\/wordpress\/wp-json\/wp\/v2\/media?parent=17784"}],"wp:term":[{"taxonomy":"category","embeddable":true,"href":"https:\/\/janze-athletisme.fr\/wordpress\/wp-json\/wp\/v2\/categories?post=17784"},{"taxonomy":"post_tag","embeddable":true,"href":"https:\/\/janze-athletisme.fr\/wordpress\/wp-json\/wp\/v2\/tags?post=17784"}],"curies":[{"name":"wp","href":"https:\/\/api.w.org\/{rel}","templated":true}]}}