{"id":1728,"date":"2016-06-20T18:29:08","date_gmt":"2016-06-20T16:29:08","guid":{"rendered":"http:\/\/janze-athletisme.fr\/wordpress\/?p=1728"},"modified":"2016-06-20T18:29:08","modified_gmt":"2016-06-20T16:29:08","slug":"1728-2","status":"publish","type":"post","link":"https:\/\/janze-athletisme.fr\/wordpress\/1728-2\/","title":{"rendered":""},"content":{"rendered":"<h2 style=\"text-align: center;\"><em><span style=\"text-decoration: underline; color: #0000ff;\"><strong>30 petits janz\u00e9ens \u00e0 la finale d\u00e9partementale des \u00e9coles d&rsquo;athl\u00e9<\/strong><\/span><\/em><\/h2>\n<div><\/div>\n<div><span style=\"color: #000000;\">Les jeunes athl\u00e8tes ont \u00e9t\u00e9 r\u00e9unis \u00e0 Rennes samedi 18 juin pour la finale d\u00e9partementale des \u00e9coles d&rsquo;athl\u00e9tisme. Ils \u00e9taient plus de 400 (250 Poussins et 160 Eveils) \u00e0 avoir fait le d\u00e9placement, le plus souvent avec un ou deux parents, parfois avec toute la famille. Autant dire qu&rsquo;il y avait du monde sur le stade de Courtemanche, pour l&rsquo;occasion.<\/span><\/div>\n<div><\/div>\n<div><span style=\"color: #000000;\">Avec leurs maillots caract\u00e9ristiques, les petits janz\u00e9ens se sont fait remarquer, \u00e0 la fois par leur nombre et par l&rsquo;ambiance du groupe. Bien chauff\u00e9s par un pique-nique pr\u00e9alable dans le parc de Maurepas voisin, o\u00f9 ils ont pu profiter d&rsquo;une belle aire de jeux, ils sont arriv\u00e9s sur le stade toutes voiles dehors, oranges \u00e9videmment. <\/span><\/div>\n<div><\/div>\n<div><span style=\"color: #000000;\">R\u00e9partis par groupes de trois \u00e0 cinq dans les 35 \u00e9quipes pr\u00e9sentes, ils se sont essay\u00e9s pendant deux heures \u00e0 toutes les familles de l&rsquo;athl\u00e9tisme : sprint, endurance, sauts et lancers&#8230; Chacun avait sa pr\u00e9f\u00e9rence parmi les \u00e9preuves propos\u00e9es, mais tous se sont bien donn\u00e9s \u00e0 fond et ont fini la journ\u00e9e bien rinc\u00e9s. Bravo \u00e0 tous nos jeunes athl\u00e8tes !<\/span><\/div>\n<div><\/div>\n<div><span style=\"color: #000000;\">Bravo \u00e9galement aux parents accompagnateurs et un grand merci particulier aux quatre papas qui ont encadr\u00e9 des \u00e9quipes (<strong>J\u00e9r\u00f4me<\/strong>, <strong>Vincent<\/strong>) ou anim\u00e9 des ateliers (<strong>S\u00e9bastien<\/strong>, <strong>Christophe<\/strong>). Sans eux, la r\u00e9ussite de cette journ\u00e9e sympa n&rsquo;aurait pas \u00e9t\u00e9 compl\u00e8te. Les voici donc en photo (ci-apr\u00e8s). Avec encore une fois tous les remerciements du club.<\/span><\/div>\n<div><\/div>\n<div><span style=\"color: #000000;\">Merci \u00e9galement \u00e0 tous les b\u00e9n\u00e9voles encadrants de l&rsquo;ann\u00e9e : <strong>Laurence<\/strong>, <strong>Isabelle<\/strong>, <strong>Wilfried<\/strong>, <strong>Guillaume<\/strong>, <strong>Fred<\/strong>, les deux <strong>J\u00e9r\u00f4me<\/strong> et <strong>Vincent<\/strong>, et \u00e0 tous ceux qui ont donn\u00e9 un coup de main pour l&rsquo;occasion (<strong>Christelle<\/strong> et <strong>Manu<\/strong>, <strong>Chantal<\/strong> et <strong>Fran\u00e7ois<\/strong>&#8230;) De la m\u00eame fa\u00e7on, sans eux, rien ne serait possible.<\/span><\/div>\n<div><\/div>\n<div><span style=\"color: #000000;\">La saison 2015-2016 des \u00e9veils et poussins est d\u00e9sormais achev\u00e9e. Il n&rsquo;y aura pas d&rsquo;entra\u00eenement samedi 25. Rendez-vous maintenant au forum associatif de rentr\u00e9e, puis au premier entra\u00eenement qui suivra&#8230; Pour ceux des poussins qui ont encore envie de faire des efforts, il reste le 5x4x3x2x1 du vendredi 1er juillet au soir. Ils pourront faire le 1 km et leurs parents ou proches les autres distances.<\/span><\/div>\n<div><\/div>\n<div><span style=\"color: #000000;\">Bon \u00e9t\u00e9 \u00e0 tous !!! Les entra\u00eeneurs retrouveront avec plaisir leurs jeunes athl\u00e8tes \u00e0 la rentr\u00e9e pour une nouvelle saison de travail corporel (coordination, placement, vitesse, endurance, force, souplesse&#8230;) mais aussi de jeux, individuels et collectifs, adapt\u00e9s \u00e0 leur \u00e2ge et \u00e0 leur morphologie, et le tout dans un esprit convivial et sympa.<\/span><\/div>\n<div><\/div>\n<div><span style=\"color: #000000;\">A bient\u00f4t.<\/span><\/div>\n<div><\/div>\n<div><span style=\"color: #000000;\">Les coordinateurs EA\/PO, <strong>Yannick<\/strong> et <strong>Laurent<\/strong>.<\/span><\/div>\n<div><img loading=\"lazy\" decoding=\"async\" id=\"__wp-temp-img-id\" class=\"aligncenter\" title=\"\" src=\"http:\/\/janze-athletisme.fr\/wordpress\/wp-content\/uploads\/2016\/06\/Des-b-\u00aen-\u00aevoles-super-efficaces-2.jpg\" alt=\"\" width=\"900\" height=\"660\" \/><\/div>\n","protected":false},"excerpt":{"rendered":"<p>30 petits janz\u00e9ens \u00e0 la finale d\u00e9partementale des \u00e9coles d&rsquo;athl\u00e9 Les jeunes athl\u00e8tes ont \u00e9t\u00e9 r\u00e9unis \u00e0 Rennes samedi 18 juin pour la finale d\u00e9partementale des \u00e9coles d&rsquo;athl\u00e9tisme. Ils \u00e9taient plus de 400 (250 Poussins et 160 Eveils) \u00e0 avoir fait le d\u00e9placement, le plus souvent avec un ou deux parents, parfois avec toute la [&hellip;]<\/p>\n","protected":false},"author":4,"featured_media":0,"comment_status":"open","ping_status":"open","sticky":false,"template":"","format":"aside","meta":{"_uag_custom_page_level_css":"","site-sidebar-layout":"default","site-content-layout":"","ast-site-content-layout":"default","site-content-style":"default","site-sidebar-style":"default","ast-global-header-display":"","ast-banner-title-visibility":"","ast-main-header-display":"","ast-hfb-above-header-display":"","ast-hfb-below-header-display":"","ast-hfb-mobile-header-display":"","site-post-title":"","ast-breadcrumbs-content":"","ast-featured-img":"","footer-sml-layout":"","ast-disable-related-posts":"","theme-transparent-header-meta":"","adv-header-id-meta":"","stick-header-meta":"","header-above-stick-meta":"","header-main-stick-meta":"","header-below-stick-meta":"","astra-migrate-meta-layouts":"default","ast-page-background-enabled":"default","ast-page-background-meta":{"desktop":{"background-color":"var(--ast-global-color-4)","background-image":"","background-repeat":"repeat","background-position":"center center","background-size":"auto","background-attachment":"scroll","background-type":"","background-media":"","overlay-type":"","overlay-color":"","overlay-opacity":"","overlay-gradient":""},"tablet":{"background-color":"","background-image":"","background-repeat":"repeat","background-position":"center center","background-size":"auto","background-attachment":"scroll","background-type":"","background-media":"","overlay-type":"","overlay-color":"","overlay-opacity":"","overlay-gradient":""},"mobile":{"background-color":"","background-image":"","background-repeat":"repeat","background-position":"center center","background-size":"auto","background-attachment":"scroll","background-type":"","background-media":"","overlay-type":"","overlay-color":"","overlay-opacity":"","overlay-gradient":""}},"ast-content-background-meta":{"desktop":{"background-color":"var(--ast-global-color-5)","background-image":"","background-repeat":"repeat","background-position":"center center","background-size":"auto","background-attachment":"scroll","background-type":"","background-media":"","overlay-type":"","overlay-color":"","overlay-opacity":"","overlay-gradient":""},"tablet":{"background-color":"var(--ast-global-color-5)","background-image":"","background-repeat":"repeat","background-position":"center center","background-size":"auto","background-attachment":"scroll","background-type":"","background-media":"","overlay-type":"","overlay-color":"","overlay-opacity":"","overlay-gradient":""},"mobile":{"background-color":"var(--ast-global-color-5)","background-image":"","background-repeat":"repeat","background-position":"center center","background-size":"auto","background-attachment":"scroll","background-type":"","background-media":"","overlay-type":"","overlay-color":"","overlay-opacity":"","overlay-gradient":""}},"footnotes":""},"categories":[6],"tags":[],"class_list":["post-1728","post","type-post","status-publish","format-aside","hentry","category-sections","post_format-post-format-aside"],"yoast_head":"<!-- This site is optimized with the Yoast SEO plugin v27.5 - https:\/\/yoast.com\/product\/yoast-seo-wordpress\/ -->\n<title>- Janz\u00e9 Athl\u00e9tisme<\/title>\n<meta name=\"robots\" content=\"index, follow, max-snippet:-1, max-image-preview:large, max-video-preview:-1\" \/>\n<link rel=\"canonical\" href=\"https:\/\/janze-athletisme.fr\/wordpress\/1728-2\/\" \/>\n<meta property=\"og:locale\" content=\"fr_FR\" \/>\n<meta property=\"og:type\" content=\"article\" \/>\n<meta property=\"og:title\" content=\"- Janz\u00e9 Athl\u00e9tisme\" \/>\n<meta property=\"og:description\" content=\"30 petits janz\u00e9ens \u00e0 la finale d\u00e9partementale des \u00e9coles d&rsquo;athl\u00e9 Les jeunes athl\u00e8tes ont \u00e9t\u00e9 r\u00e9unis \u00e0 Rennes samedi 18 juin pour la finale d\u00e9partementale des \u00e9coles d&rsquo;athl\u00e9tisme. Ils \u00e9taient plus de 400 (250 Poussins et 160 Eveils) \u00e0 avoir fait le d\u00e9placement, le plus souvent avec un ou deux parents, parfois avec toute la [&hellip;]\" \/>\n<meta property=\"og:url\" content=\"https:\/\/janze-athletisme.fr\/wordpress\/1728-2\/\" \/>\n<meta property=\"og:site_name\" content=\"Janz\u00e9 Athl\u00e9tisme\" \/>\n<meta property=\"article:publisher\" content=\"https:\/\/www.facebook.com\/groups\/1007964579346590\" \/>\n<meta property=\"article:published_time\" content=\"2016-06-20T16:29:08+00:00\" \/>\n<meta property=\"og:image\" content=\"http:\/\/janze-athletisme.fr\/wordpress\/wp-content\/uploads\/2016\/06\/Des-b-\u00aen-\u00aevoles-super-efficaces-2.jpg\" \/>\n<meta name=\"author\" content=\"Anthony\" \/>\n<meta name=\"twitter:card\" content=\"summary_large_image\" \/>\n<meta name=\"twitter:label1\" content=\"\u00c9crit par\" \/>\n\t<meta name=\"twitter:data1\" content=\"Anthony\" \/>\n\t<meta name=\"twitter:label2\" content=\"Dur\u00e9e de lecture estim\u00e9e\" \/>\n\t<meta name=\"twitter:data2\" content=\"2 minutes\" \/>\n<script type=\"application\/ld+json\" class=\"yoast-schema-graph\">{\"@context\":\"https:\\\/\\\/schema.org\",\"@graph\":[{\"@type\":\"Article\",\"@id\":\"https:\\\/\\\/janze-athletisme.fr\\\/wordpress\\\/1728-2\\\/#article\",\"isPartOf\":{\"@id\":\"https:\\\/\\\/janze-athletisme.fr\\\/wordpress\\\/1728-2\\\/\"},\"author\":{\"name\":\"Anthony\",\"@id\":\"https:\\\/\\\/janze-athletisme.fr\\\/wordpress\\\/#\\\/schema\\\/person\\\/525a6358d0c70a5cca90d6e8619f0453\"},\"headline\":\"Aucun titre\",\"datePublished\":\"2016-06-20T16:29:08+00:00\",\"mainEntityOfPage\":{\"@id\":\"https:\\\/\\\/janze-athletisme.fr\\\/wordpress\\\/1728-2\\\/\"},\"wordCount\":453,\"commentCount\":0,\"publisher\":{\"@id\":\"https:\\\/\\\/janze-athletisme.fr\\\/wordpress\\\/#organization\"},\"articleSection\":[\"Le club au jour le jour\"],\"inLanguage\":\"fr-FR\",\"potentialAction\":[{\"@type\":\"CommentAction\",\"name\":\"Comment\",\"target\":[\"https:\\\/\\\/janze-athletisme.fr\\\/wordpress\\\/1728-2\\\/#respond\"]}]},{\"@type\":\"WebPage\",\"@id\":\"https:\\\/\\\/janze-athletisme.fr\\\/wordpress\\\/1728-2\\\/\",\"url\":\"https:\\\/\\\/janze-athletisme.fr\\\/wordpress\\\/1728-2\\\/\",\"name\":\"- Janz\u00e9 Athl\u00e9tisme\",\"isPartOf\":{\"@id\":\"https:\\\/\\\/janze-athletisme.fr\\\/wordpress\\\/#website\"},\"datePublished\":\"2016-06-20T16:29:08+00:00\",\"inLanguage\":\"fr-FR\",\"potentialAction\":[{\"@type\":\"ReadAction\",\"target\":[\"https:\\\/\\\/janze-athletisme.fr\\\/wordpress\\\/1728-2\\\/\"]}]},{\"@type\":\"WebSite\",\"@id\":\"https:\\\/\\\/janze-athletisme.fr\\\/wordpress\\\/#website\",\"url\":\"https:\\\/\\\/janze-athletisme.fr\\\/wordpress\\\/\",\"name\":\"Janz\u00e9 Athl\u00e9tisme\",\"description\":\"Pays de La Roche aux F\u00e9es\",\"publisher\":{\"@id\":\"https:\\\/\\\/janze-athletisme.fr\\\/wordpress\\\/#organization\"},\"potentialAction\":[{\"@type\":\"SearchAction\",\"target\":{\"@type\":\"EntryPoint\",\"urlTemplate\":\"https:\\\/\\\/janze-athletisme.fr\\\/wordpress\\\/?s={search_term_string}\"},\"query-input\":{\"@type\":\"PropertyValueSpecification\",\"valueRequired\":true,\"valueName\":\"search_term_string\"}}],\"inLanguage\":\"fr-FR\"},{\"@type\":\"Organization\",\"@id\":\"https:\\\/\\\/janze-athletisme.fr\\\/wordpress\\\/#organization\",\"name\":\"Janz\u00e9 Athl\u00e9tisme\",\"url\":\"https:\\\/\\\/janze-athletisme.fr\\\/wordpress\\\/\",\"logo\":{\"@type\":\"ImageObject\",\"inLanguage\":\"fr-FR\",\"@id\":\"https:\\\/\\\/janze-athletisme.fr\\\/wordpress\\\/#\\\/schema\\\/logo\\\/image\\\/\",\"url\":\"https:\\\/\\\/janze-athletisme.fr\\\/wordpress\\\/wp-content\\\/uploads\\\/2015\\\/03\\\/logo-full1.jpg\",\"contentUrl\":\"https:\\\/\\\/janze-athletisme.fr\\\/wordpress\\\/wp-content\\\/uploads\\\/2015\\\/03\\\/logo-full1.jpg\",\"width\":437,\"height\":205,\"caption\":\"Janz\u00e9 Athl\u00e9tisme\"},\"image\":{\"@id\":\"https:\\\/\\\/janze-athletisme.fr\\\/wordpress\\\/#\\\/schema\\\/logo\\\/image\\\/\"},\"sameAs\":[\"https:\\\/\\\/www.facebook.com\\\/groups\\\/1007964579346590\"]},{\"@type\":\"Person\",\"@id\":\"https:\\\/\\\/janze-athletisme.fr\\\/wordpress\\\/#\\\/schema\\\/person\\\/525a6358d0c70a5cca90d6e8619f0453\",\"name\":\"Anthony\",\"image\":{\"@type\":\"ImageObject\",\"inLanguage\":\"fr-FR\",\"@id\":\"https:\\\/\\\/secure.gravatar.com\\\/avatar\\\/532191f4fe4dd4049862f967bad2fe3582467d09a23b1e5c976a11e7665d2423?s=96&d=mm&r=g\",\"url\":\"https:\\\/\\\/secure.gravatar.com\\\/avatar\\\/532191f4fe4dd4049862f967bad2fe3582467d09a23b1e5c976a11e7665d2423?s=96&d=mm&r=g\",\"contentUrl\":\"https:\\\/\\\/secure.gravatar.com\\\/avatar\\\/532191f4fe4dd4049862f967bad2fe3582467d09a23b1e5c976a11e7665d2423?s=96&d=mm&r=g\",\"caption\":\"Anthony\"},\"url\":\"https:\\\/\\\/janze-athletisme.fr\\\/wordpress\\\/author\\\/anjuvin\\\/\"}]}<\/script>\n<!-- \/ Yoast SEO plugin. -->","yoast_head_json":{"title":"- Janz\u00e9 Athl\u00e9tisme","robots":{"index":"index","follow":"follow","max-snippet":"max-snippet:-1","max-image-preview":"max-image-preview:large","max-video-preview":"max-video-preview:-1"},"canonical":"https:\/\/janze-athletisme.fr\/wordpress\/1728-2\/","og_locale":"fr_FR","og_type":"article","og_title":"- Janz\u00e9 Athl\u00e9tisme","og_description":"30 petits janz\u00e9ens \u00e0 la finale d\u00e9partementale des \u00e9coles d&rsquo;athl\u00e9 Les jeunes athl\u00e8tes ont \u00e9t\u00e9 r\u00e9unis \u00e0 Rennes samedi 18 juin pour la finale d\u00e9partementale des \u00e9coles d&rsquo;athl\u00e9tisme. Ils \u00e9taient plus de 400 (250 Poussins et 160 Eveils) \u00e0 avoir fait le d\u00e9placement, le plus souvent avec un ou deux parents, parfois avec toute la [&hellip;]","og_url":"https:\/\/janze-athletisme.fr\/wordpress\/1728-2\/","og_site_name":"Janz\u00e9 Athl\u00e9tisme","article_publisher":"https:\/\/www.facebook.com\/groups\/1007964579346590","article_published_time":"2016-06-20T16:29:08+00:00","og_image":[{"url":"http:\/\/janze-athletisme.fr\/wordpress\/wp-content\/uploads\/2016\/06\/Des-b-\u00aen-\u00aevoles-super-efficaces-2.jpg","type":"","width":"","height":""}],"author":"Anthony","twitter_card":"summary_large_image","twitter_misc":{"\u00c9crit par":"Anthony","Dur\u00e9e de lecture estim\u00e9e":"2 minutes"},"schema":{"@context":"https:\/\/schema.org","@graph":[{"@type":"Article","@id":"https:\/\/janze-athletisme.fr\/wordpress\/1728-2\/#article","isPartOf":{"@id":"https:\/\/janze-athletisme.fr\/wordpress\/1728-2\/"},"author":{"name":"Anthony","@id":"https:\/\/janze-athletisme.fr\/wordpress\/#\/schema\/person\/525a6358d0c70a5cca90d6e8619f0453"},"headline":"Aucun titre","datePublished":"2016-06-20T16:29:08+00:00","mainEntityOfPage":{"@id":"https:\/\/janze-athletisme.fr\/wordpress\/1728-2\/"},"wordCount":453,"commentCount":0,"publisher":{"@id":"https:\/\/janze-athletisme.fr\/wordpress\/#organization"},"articleSection":["Le club au jour le jour"],"inLanguage":"fr-FR","potentialAction":[{"@type":"CommentAction","name":"Comment","target":["https:\/\/janze-athletisme.fr\/wordpress\/1728-2\/#respond"]}]},{"@type":"WebPage","@id":"https:\/\/janze-athletisme.fr\/wordpress\/1728-2\/","url":"https:\/\/janze-athletisme.fr\/wordpress\/1728-2\/","name":"- Janz\u00e9 Athl\u00e9tisme","isPartOf":{"@id":"https:\/\/janze-athletisme.fr\/wordpress\/#website"},"datePublished":"2016-06-20T16:29:08+00:00","inLanguage":"fr-FR","potentialAction":[{"@type":"ReadAction","target":["https:\/\/janze-athletisme.fr\/wordpress\/1728-2\/"]}]},{"@type":"WebSite","@id":"https:\/\/janze-athletisme.fr\/wordpress\/#website","url":"https:\/\/janze-athletisme.fr\/wordpress\/","name":"Janz\u00e9 Athl\u00e9tisme","description":"Pays de La Roche aux F\u00e9es","publisher":{"@id":"https:\/\/janze-athletisme.fr\/wordpress\/#organization"},"potentialAction":[{"@type":"SearchAction","target":{"@type":"EntryPoint","urlTemplate":"https:\/\/janze-athletisme.fr\/wordpress\/?s={search_term_string}"},"query-input":{"@type":"PropertyValueSpecification","valueRequired":true,"valueName":"search_term_string"}}],"inLanguage":"fr-FR"},{"@type":"Organization","@id":"https:\/\/janze-athletisme.fr\/wordpress\/#organization","name":"Janz\u00e9 Athl\u00e9tisme","url":"https:\/\/janze-athletisme.fr\/wordpress\/","logo":{"@type":"ImageObject","inLanguage":"fr-FR","@id":"https:\/\/janze-athletisme.fr\/wordpress\/#\/schema\/logo\/image\/","url":"https:\/\/janze-athletisme.fr\/wordpress\/wp-content\/uploads\/2015\/03\/logo-full1.jpg","contentUrl":"https:\/\/janze-athletisme.fr\/wordpress\/wp-content\/uploads\/2015\/03\/logo-full1.jpg","width":437,"height":205,"caption":"Janz\u00e9 Athl\u00e9tisme"},"image":{"@id":"https:\/\/janze-athletisme.fr\/wordpress\/#\/schema\/logo\/image\/"},"sameAs":["https:\/\/www.facebook.com\/groups\/1007964579346590"]},{"@type":"Person","@id":"https:\/\/janze-athletisme.fr\/wordpress\/#\/schema\/person\/525a6358d0c70a5cca90d6e8619f0453","name":"Anthony","image":{"@type":"ImageObject","inLanguage":"fr-FR","@id":"https:\/\/secure.gravatar.com\/avatar\/532191f4fe4dd4049862f967bad2fe3582467d09a23b1e5c976a11e7665d2423?s=96&d=mm&r=g","url":"https:\/\/secure.gravatar.com\/avatar\/532191f4fe4dd4049862f967bad2fe3582467d09a23b1e5c976a11e7665d2423?s=96&d=mm&r=g","contentUrl":"https:\/\/secure.gravatar.com\/avatar\/532191f4fe4dd4049862f967bad2fe3582467d09a23b1e5c976a11e7665d2423?s=96&d=mm&r=g","caption":"Anthony"},"url":"https:\/\/janze-athletisme.fr\/wordpress\/author\/anjuvin\/"}]}},"uagb_featured_image_src":{"full":false,"thumbnail":false,"medium":false,"medium_large":false,"large":false,"1536x1536":false,"2048x2048":false},"uagb_author_info":{"display_name":"Anthony","author_link":"https:\/\/janze-athletisme.fr\/wordpress\/author\/anjuvin\/"},"uagb_comment_info":0,"uagb_excerpt":"30 petits janz\u00e9ens \u00e0 la finale d\u00e9partementale des \u00e9coles d&rsquo;athl\u00e9 Les jeunes athl\u00e8tes ont \u00e9t\u00e9 r\u00e9unis \u00e0 Rennes samedi 18 juin pour la finale d\u00e9partementale des \u00e9coles d&rsquo;athl\u00e9tisme. Ils \u00e9taient plus de 400 (250 Poussins et 160 Eveils) \u00e0 avoir fait le d\u00e9placement, le plus souvent avec un ou deux parents, parfois avec toute la\u2026","_links":{"self":[{"href":"https:\/\/janze-athletisme.fr\/wordpress\/wp-json\/wp\/v2\/posts\/1728","targetHints":{"allow":["GET"]}}],"collection":[{"href":"https:\/\/janze-athletisme.fr\/wordpress\/wp-json\/wp\/v2\/posts"}],"about":[{"href":"https:\/\/janze-athletisme.fr\/wordpress\/wp-json\/wp\/v2\/types\/post"}],"author":[{"embeddable":true,"href":"https:\/\/janze-athletisme.fr\/wordpress\/wp-json\/wp\/v2\/users\/4"}],"replies":[{"embeddable":true,"href":"https:\/\/janze-athletisme.fr\/wordpress\/wp-json\/wp\/v2\/comments?post=1728"}],"version-history":[{"count":1,"href":"https:\/\/janze-athletisme.fr\/wordpress\/wp-json\/wp\/v2\/posts\/1728\/revisions"}],"predecessor-version":[{"id":1730,"href":"https:\/\/janze-athletisme.fr\/wordpress\/wp-json\/wp\/v2\/posts\/1728\/revisions\/1730"}],"wp:attachment":[{"href":"https:\/\/janze-athletisme.fr\/wordpress\/wp-json\/wp\/v2\/media?parent=1728"}],"wp:term":[{"taxonomy":"category","embeddable":true,"href":"https:\/\/janze-athletisme.fr\/wordpress\/wp-json\/wp\/v2\/categories?post=1728"},{"taxonomy":"post_tag","embeddable":true,"href":"https:\/\/janze-athletisme.fr\/wordpress\/wp-json\/wp\/v2\/tags?post=1728"}],"curies":[{"name":"wp","href":"https:\/\/api.w.org\/{rel}","templated":true}]}}