{"id":16315,"date":"2024-01-20T23:06:35","date_gmt":"2024-01-20T22:06:35","guid":{"rendered":"https:\/\/janze-athletisme.fr\/wordpress\/?p=16315"},"modified":"2024-01-21T13:42:46","modified_gmt":"2024-01-21T12:42:46","slug":"le-calendrier-des-jeunes-est-toujours-en-vente","status":"publish","type":"post","link":"https:\/\/janze-athletisme.fr\/wordpress\/le-calendrier-des-jeunes-est-toujours-en-vente\/","title":{"rendered":"Le calendrier des jeunes est toujours en vente"},"content":{"rendered":"<p>Pour rappel, les jeunes ont con\u00e7u un calendrier pour 2024. Il est tout simple mais sympa, avec six photos qui repr\u00e9sentent bien la diversit\u00e9 du club. Son co\u00fbt de revient est de 2 \u20ac. On donne ce qu&rsquo;on veut au-dessus de ces 2 \u20ac et on fait une bonne action, puisque les b\u00e9n\u00e9fices serviront \u00e0 financer une partie du stage des jeunes pr\u00e9vu ce printemps.<br \/>\nSignalez-vous \u00e0 l&rsquo;un des entra\u00eeneurs sur l&rsquo;une des s\u00e9ances hebdos et on vous en met de c\u00f4t\u00e9.<\/p>\n<p><strong>Une galette des Rois r\u00e9ussie<\/strong><\/p>\n<p>Du monde, toutes les familles du club repr\u00e9sent\u00e9es (marcheurs, hors-stade, comp\u00e9titeurs stade) et des parents en nombre. Bref un moment sympa et convivial. Ce vendredi 19 janvier, le club \u00e9tait heureux de se retrouver.<\/p>\n<p>Pas de photo de tous les pr\u00e9sents cette ann\u00e9e, mais quelques portraits.<\/p>\n<p><a href=\"https:\/\/janze-athletisme.fr\/wordpress\/wp-content\/uploads\/2024\/01\/Le-calendrier-se-vend-bien-19janv2024.jpg\"><img loading=\"lazy\" decoding=\"async\" class=\"alignnone wp-image-16316\" src=\"https:\/\/janze-athletisme.fr\/wordpress\/wp-content\/uploads\/2024\/01\/Le-calendrier-se-vend-bien-19janv2024-300x130.jpg\" alt=\"\" width=\"335\" height=\"145\" srcset=\"https:\/\/janze-athletisme.fr\/wordpress\/wp-content\/uploads\/2024\/01\/Le-calendrier-se-vend-bien-19janv2024-300x130.jpg 300w, https:\/\/janze-athletisme.fr\/wordpress\/wp-content\/uploads\/2024\/01\/Le-calendrier-se-vend-bien-19janv2024-1024x442.jpg 1024w, https:\/\/janze-athletisme.fr\/wordpress\/wp-content\/uploads\/2024\/01\/Le-calendrier-se-vend-bien-19janv2024-768x332.jpg 768w, https:\/\/janze-athletisme.fr\/wordpress\/wp-content\/uploads\/2024\/01\/Le-calendrier-se-vend-bien-19janv2024-1536x663.jpg 1536w, https:\/\/janze-athletisme.fr\/wordpress\/wp-content\/uploads\/2024\/01\/Le-calendrier-se-vend-bien-19janv2024-2048x885.jpg 2048w\" sizes=\"auto, (max-width: 335px) 100vw, 335px\" \/><\/a> <a href=\"https:\/\/janze-athletisme.fr\/wordpress\/wp-content\/uploads\/2024\/01\/Ana-Marie-Anaelle-19janv2024.jpg\"><img loading=\"lazy\" decoding=\"async\" class=\"alignnone wp-image-16317\" src=\"https:\/\/janze-athletisme.fr\/wordpress\/wp-content\/uploads\/2024\/01\/Ana-Marie-Anaelle-19janv2024-300x205.jpg\" alt=\"\" width=\"211\" height=\"144\" srcset=\"https:\/\/janze-athletisme.fr\/wordpress\/wp-content\/uploads\/2024\/01\/Ana-Marie-Anaelle-19janv2024-300x205.jpg 300w, https:\/\/janze-athletisme.fr\/wordpress\/wp-content\/uploads\/2024\/01\/Ana-Marie-Anaelle-19janv2024-1024x699.jpg 1024w, https:\/\/janze-athletisme.fr\/wordpress\/wp-content\/uploads\/2024\/01\/Ana-Marie-Anaelle-19janv2024-768x524.jpg 768w, https:\/\/janze-athletisme.fr\/wordpress\/wp-content\/uploads\/2024\/01\/Ana-Marie-Anaelle-19janv2024.jpg 1465w\" sizes=\"auto, (max-width: 211px) 100vw, 211px\" \/> <\/a><a href=\"https:\/\/janze-athletisme.fr\/wordpress\/wp-content\/uploads\/2024\/01\/Laurence-Monsieur-19janv2024.jpg\"><img loading=\"lazy\" decoding=\"async\" class=\"alignnone wp-image-16318\" src=\"https:\/\/janze-athletisme.fr\/wordpress\/wp-content\/uploads\/2024\/01\/Laurence-Monsieur-19janv2024-300x215.jpg\" alt=\"\" width=\"202\" height=\"145\" srcset=\"https:\/\/janze-athletisme.fr\/wordpress\/wp-content\/uploads\/2024\/01\/Laurence-Monsieur-19janv2024-300x215.jpg 300w, https:\/\/janze-athletisme.fr\/wordpress\/wp-content\/uploads\/2024\/01\/Laurence-Monsieur-19janv2024-1024x735.jpg 1024w, https:\/\/janze-athletisme.fr\/wordpress\/wp-content\/uploads\/2024\/01\/Laurence-Monsieur-19janv2024-768x551.jpg 768w, https:\/\/janze-athletisme.fr\/wordpress\/wp-content\/uploads\/2024\/01\/Laurence-Monsieur-19janv2024.jpg 1393w\" sizes=\"auto, (max-width: 202px) 100vw, 202px\" \/><\/a><\/p>\n<p><a href=\"https:\/\/janze-athletisme.fr\/wordpress\/wp-content\/uploads\/2024\/01\/Franck-Seb-Franck-19janv2024.jpg\"><img loading=\"lazy\" decoding=\"async\" class=\"alignnone wp-image-16319\" src=\"https:\/\/janze-athletisme.fr\/wordpress\/wp-content\/uploads\/2024\/01\/Franck-Seb-Franck-19janv2024-300x162.jpg\" alt=\"\" width=\"289\" height=\"156\" srcset=\"https:\/\/janze-athletisme.fr\/wordpress\/wp-content\/uploads\/2024\/01\/Franck-Seb-Franck-19janv2024-300x162.jpg 300w, https:\/\/janze-athletisme.fr\/wordpress\/wp-content\/uploads\/2024\/01\/Franck-Seb-Franck-19janv2024-1024x554.jpg 1024w, https:\/\/janze-athletisme.fr\/wordpress\/wp-content\/uploads\/2024\/01\/Franck-Seb-Franck-19janv2024-768x416.jpg 768w, https:\/\/janze-athletisme.fr\/wordpress\/wp-content\/uploads\/2024\/01\/Franck-Seb-Franck-19janv2024-1536x831.jpg 1536w, https:\/\/janze-athletisme.fr\/wordpress\/wp-content\/uploads\/2024\/01\/Franck-Seb-Franck-19janv2024.jpg 1848w\" sizes=\"auto, (max-width: 289px) 100vw, 289px\" \/><\/a> <a href=\"https:\/\/janze-athletisme.fr\/wordpress\/wp-content\/uploads\/2024\/01\/Eric-19janv2024.jpg\"><img loading=\"lazy\" decoding=\"async\" class=\"alignnone wp-image-16320\" src=\"https:\/\/janze-athletisme.fr\/wordpress\/wp-content\/uploads\/2024\/01\/Eric-19janv2024-300x300.jpg\" alt=\"\" width=\"156\" height=\"156\" srcset=\"https:\/\/janze-athletisme.fr\/wordpress\/wp-content\/uploads\/2024\/01\/Eric-19janv2024-300x300.jpg 300w, https:\/\/janze-athletisme.fr\/wordpress\/wp-content\/uploads\/2024\/01\/Eric-19janv2024-1024x1024.jpg 1024w, https:\/\/janze-athletisme.fr\/wordpress\/wp-content\/uploads\/2024\/01\/Eric-19janv2024-150x150.jpg 150w, https:\/\/janze-athletisme.fr\/wordpress\/wp-content\/uploads\/2024\/01\/Eric-19janv2024-768x768.jpg 768w, https:\/\/janze-athletisme.fr\/wordpress\/wp-content\/uploads\/2024\/01\/Eric-19janv2024.jpg 1200w\" sizes=\"auto, (max-width: 156px) 100vw, 156px\" \/> <\/a><a href=\"https:\/\/janze-athletisme.fr\/wordpress\/wp-content\/uploads\/2024\/01\/Fred-Virginie-Luc-19janv2024.jpg\"><img loading=\"lazy\" decoding=\"async\" class=\"alignnone wp-image-16321\" src=\"https:\/\/janze-athletisme.fr\/wordpress\/wp-content\/uploads\/2024\/01\/Fred-Virginie-Luc-19janv2024-300x147.jpg\" alt=\"\" width=\"318\" height=\"156\" srcset=\"https:\/\/janze-athletisme.fr\/wordpress\/wp-content\/uploads\/2024\/01\/Fred-Virginie-Luc-19janv2024-300x147.jpg 300w, https:\/\/janze-athletisme.fr\/wordpress\/wp-content\/uploads\/2024\/01\/Fred-Virginie-Luc-19janv2024-1024x503.jpg 1024w, https:\/\/janze-athletisme.fr\/wordpress\/wp-content\/uploads\/2024\/01\/Fred-Virginie-Luc-19janv2024-768x378.jpg 768w, https:\/\/janze-athletisme.fr\/wordpress\/wp-content\/uploads\/2024\/01\/Fred-Virginie-Luc-19janv2024-1536x755.jpg 1536w, https:\/\/janze-athletisme.fr\/wordpress\/wp-content\/uploads\/2024\/01\/Fred-Virginie-Luc-19janv2024.jpg 2034w\" sizes=\"auto, (max-width: 318px) 100vw, 318px\" \/><\/a><\/p>\n<p><a href=\"https:\/\/janze-athletisme.fr\/wordpress\/wp-content\/uploads\/2024\/01\/Mathieu-19janv2024.jpg\"><img loading=\"lazy\" decoding=\"async\" class=\"alignnone wp-image-16323\" src=\"https:\/\/janze-athletisme.fr\/wordpress\/wp-content\/uploads\/2024\/01\/Mathieu-19janv2024-203x300.jpg\" alt=\"\" width=\"116\" height=\"171\" srcset=\"https:\/\/janze-athletisme.fr\/wordpress\/wp-content\/uploads\/2024\/01\/Mathieu-19janv2024-203x300.jpg 203w, https:\/\/janze-athletisme.fr\/wordpress\/wp-content\/uploads\/2024\/01\/Mathieu-19janv2024-694x1024.jpg 694w, https:\/\/janze-athletisme.fr\/wordpress\/wp-content\/uploads\/2024\/01\/Mathieu-19janv2024-768x1133.jpg 768w, https:\/\/janze-athletisme.fr\/wordpress\/wp-content\/uploads\/2024\/01\/Mathieu-19janv2024.jpg 1000w\" sizes=\"auto, (max-width: 116px) 100vw, 116px\" \/> <\/a><a href=\"https:\/\/janze-athletisme.fr\/wordpress\/wp-content\/uploads\/2024\/01\/Aurelie-19janv2024.jpg\"><img loading=\"lazy\" decoding=\"async\" class=\"alignnone wp-image-16322\" src=\"https:\/\/janze-athletisme.fr\/wordpress\/wp-content\/uploads\/2024\/01\/Aurelie-19janv2024-300x300.jpg\" alt=\"\" width=\"171\" height=\"171\" srcset=\"https:\/\/janze-athletisme.fr\/wordpress\/wp-content\/uploads\/2024\/01\/Aurelie-19janv2024-300x300.jpg 300w, https:\/\/janze-athletisme.fr\/wordpress\/wp-content\/uploads\/2024\/01\/Aurelie-19janv2024-1024x1024.jpg 1024w, https:\/\/janze-athletisme.fr\/wordpress\/wp-content\/uploads\/2024\/01\/Aurelie-19janv2024-150x150.jpg 150w, https:\/\/janze-athletisme.fr\/wordpress\/wp-content\/uploads\/2024\/01\/Aurelie-19janv2024-768x768.jpg 768w, https:\/\/janze-athletisme.fr\/wordpress\/wp-content\/uploads\/2024\/01\/Aurelie-19janv2024.jpg 1200w\" sizes=\"auto, (max-width: 171px) 100vw, 171px\" \/><\/a> <a href=\"https:\/\/janze-athletisme.fr\/wordpress\/wp-content\/uploads\/2024\/01\/Thais-Alice-Lea-Lucile-19janv2024.jpg\"><img loading=\"lazy\" decoding=\"async\" class=\"alignnone wp-image-16324\" src=\"https:\/\/janze-athletisme.fr\/wordpress\/wp-content\/uploads\/2024\/01\/Thais-Alice-Lea-Lucile-19janv2024-300x145.jpg\" alt=\"\" width=\"358\" height=\"173\" srcset=\"https:\/\/janze-athletisme.fr\/wordpress\/wp-content\/uploads\/2024\/01\/Thais-Alice-Lea-Lucile-19janv2024-300x145.jpg 300w, https:\/\/janze-athletisme.fr\/wordpress\/wp-content\/uploads\/2024\/01\/Thais-Alice-Lea-Lucile-19janv2024-1024x496.jpg 1024w, https:\/\/janze-athletisme.fr\/wordpress\/wp-content\/uploads\/2024\/01\/Thais-Alice-Lea-Lucile-19janv2024-768x372.jpg 768w, https:\/\/janze-athletisme.fr\/wordpress\/wp-content\/uploads\/2024\/01\/Thais-Alice-Lea-Lucile-19janv2024-1536x744.jpg 1536w, https:\/\/janze-athletisme.fr\/wordpress\/wp-content\/uploads\/2024\/01\/Thais-Alice-Lea-Lucile-19janv2024-2048x992.jpg 2048w\" sizes=\"auto, (max-width: 358px) 100vw, 358px\" \/> <\/a><a href=\"https:\/\/janze-athletisme.fr\/wordpress\/wp-content\/uploads\/2024\/01\/Fred-19janv2024.jpg\"><img loading=\"lazy\" decoding=\"async\" class=\"alignnone wp-image-16325\" src=\"https:\/\/janze-athletisme.fr\/wordpress\/wp-content\/uploads\/2024\/01\/Fred-19janv2024-201x300.jpg\" alt=\"\" width=\"116\" height=\"174\" srcset=\"https:\/\/janze-athletisme.fr\/wordpress\/wp-content\/uploads\/2024\/01\/Fred-19janv2024-201x300.jpg 201w, https:\/\/janze-athletisme.fr\/wordpress\/wp-content\/uploads\/2024\/01\/Fred-19janv2024-687x1024.jpg 687w, https:\/\/janze-athletisme.fr\/wordpress\/wp-content\/uploads\/2024\/01\/Fred-19janv2024-768x1144.jpg 768w, https:\/\/janze-athletisme.fr\/wordpress\/wp-content\/uploads\/2024\/01\/Fred-19janv2024.jpg 1000w\" sizes=\"auto, (max-width: 116px) 100vw, 116px\" \/><\/a><\/p>\n","protected":false},"excerpt":{"rendered":"<p>Pour rappel, les jeunes ont con\u00e7u un calendrier pour 2024. Il est tout simple mais sympa, avec six photos qui repr\u00e9sentent bien la diversit\u00e9 du club. Son co\u00fbt de revient est de 2 \u20ac. On donne ce qu&rsquo;on veut au-dessus de ces 2 \u20ac et on fait une bonne action, puisque les b\u00e9n\u00e9fices serviront \u00e0 [&hellip;]<\/p>\n","protected":false},"author":12,"featured_media":16324,"comment_status":"open","ping_status":"open","sticky":false,"template":"","format":"aside","meta":{"_uag_custom_page_level_css":"","site-sidebar-layout":"default","site-content-layout":"","ast-site-content-layout":"default","site-content-style":"default","site-sidebar-style":"default","ast-global-header-display":"","ast-banner-title-visibility":"","ast-main-header-display":"","ast-hfb-above-header-display":"","ast-hfb-below-header-display":"","ast-hfb-mobile-header-display":"","site-post-title":"","ast-breadcrumbs-content":"","ast-featured-img":"","footer-sml-layout":"","ast-disable-related-posts":"","theme-transparent-header-meta":"default","adv-header-id-meta":"","stick-header-meta":"","header-above-stick-meta":"","header-main-stick-meta":"","header-below-stick-meta":"","astra-migrate-meta-layouts":"set","ast-page-background-enabled":"default","ast-page-background-meta":{"desktop":{"background-color":"var(--ast-global-color-4)","background-image":"","background-repeat":"repeat","background-position":"center center","background-size":"auto","background-attachment":"scroll","background-type":"","background-media":"","overlay-type":"","overlay-color":"","overlay-opacity":"","overlay-gradient":""},"tablet":{"background-color":"","background-image":"","background-repeat":"repeat","background-position":"center center","background-size":"auto","background-attachment":"scroll","background-type":"","background-media":"","overlay-type":"","overlay-color":"","overlay-opacity":"","overlay-gradient":""},"mobile":{"background-color":"","background-image":"","background-repeat":"repeat","background-position":"center center","background-size":"auto","background-attachment":"scroll","background-type":"","background-media":"","overlay-type":"","overlay-color":"","overlay-opacity":"","overlay-gradient":""}},"ast-content-background-meta":{"desktop":{"background-color":"var(--ast-global-color-5)","background-image":"","background-repeat":"repeat","background-position":"center center","background-size":"auto","background-attachment":"scroll","background-type":"","background-media":"","overlay-type":"","overlay-color":"","overlay-opacity":"","overlay-gradient":""},"tablet":{"background-color":"var(--ast-global-color-5)","background-image":"","background-repeat":"repeat","background-position":"center center","background-size":"auto","background-attachment":"scroll","background-type":"","background-media":"","overlay-type":"","overlay-color":"","overlay-opacity":"","overlay-gradient":""},"mobile":{"background-color":"var(--ast-global-color-5)","background-image":"","background-repeat":"repeat","background-position":"center center","background-size":"auto","background-attachment":"scroll","background-type":"","background-media":"","overlay-type":"","overlay-color":"","overlay-opacity":"","overlay-gradient":""}},"footnotes":""},"categories":[6],"tags":[],"class_list":["post-16315","post","type-post","status-publish","format-aside","has-post-thumbnail","hentry","category-sections","post_format-post-format-aside"],"yoast_head":"<!-- This site is optimized with the Yoast SEO plugin v27.4 - https:\/\/yoast.com\/product\/yoast-seo-wordpress\/ -->\n<title>Le calendrier des jeunes est toujours en vente - Janz\u00e9 Athl\u00e9tisme<\/title>\n<meta name=\"robots\" content=\"index, follow, max-snippet:-1, max-image-preview:large, max-video-preview:-1\" \/>\n<link rel=\"canonical\" href=\"https:\/\/janze-athletisme.fr\/wordpress\/le-calendrier-des-jeunes-est-toujours-en-vente\/\" \/>\n<meta property=\"og:locale\" content=\"fr_FR\" \/>\n<meta property=\"og:type\" content=\"article\" \/>\n<meta property=\"og:title\" content=\"Le calendrier des jeunes est toujours en vente - Janz\u00e9 Athl\u00e9tisme\" \/>\n<meta property=\"og:description\" content=\"Pour rappel, les jeunes ont con\u00e7u un calendrier pour 2024. Il est tout simple mais sympa, avec six photos qui repr\u00e9sentent bien la diversit\u00e9 du club. Son co\u00fbt de revient est de 2 \u20ac. On donne ce qu&rsquo;on veut au-dessus de ces 2 \u20ac et on fait une bonne action, puisque les b\u00e9n\u00e9fices serviront \u00e0 [&hellip;]\" \/>\n<meta property=\"og:url\" content=\"https:\/\/janze-athletisme.fr\/wordpress\/le-calendrier-des-jeunes-est-toujours-en-vente\/\" \/>\n<meta property=\"og:site_name\" content=\"Janz\u00e9 Athl\u00e9tisme\" \/>\n<meta property=\"article:publisher\" content=\"https:\/\/www.facebook.com\/groups\/1007964579346590\" \/>\n<meta property=\"article:published_time\" content=\"2024-01-20T22:06:35+00:00\" \/>\n<meta property=\"article:modified_time\" content=\"2024-01-21T12:42:46+00:00\" \/>\n<meta property=\"og:image\" content=\"https:\/\/janze-athletisme.fr\/wordpress\/wp-content\/uploads\/2024\/01\/Thais-Alice-Lea-Lucile-19janv2024.jpg\" \/>\n\t<meta property=\"og:image:width\" content=\"2064\" \/>\n\t<meta property=\"og:image:height\" content=\"1000\" \/>\n\t<meta property=\"og:image:type\" content=\"image\/jpeg\" \/>\n<meta name=\"author\" content=\"Laurent Meunier\" \/>\n<meta name=\"twitter:card\" content=\"summary_large_image\" \/>\n<meta name=\"twitter:label1\" content=\"\u00c9crit par\" \/>\n\t<meta name=\"twitter:data1\" content=\"Laurent Meunier\" \/>\n\t<meta name=\"twitter:label2\" content=\"Dur\u00e9e de lecture estim\u00e9e\" \/>\n\t<meta name=\"twitter:data2\" content=\"3 minutes\" \/>\n<script type=\"application\/ld+json\" class=\"yoast-schema-graph\">{\"@context\":\"https:\\\/\\\/schema.org\",\"@graph\":[{\"@type\":\"Article\",\"@id\":\"https:\\\/\\\/janze-athletisme.fr\\\/wordpress\\\/le-calendrier-des-jeunes-est-toujours-en-vente\\\/#article\",\"isPartOf\":{\"@id\":\"https:\\\/\\\/janze-athletisme.fr\\\/wordpress\\\/le-calendrier-des-jeunes-est-toujours-en-vente\\\/\"},\"author\":{\"name\":\"Laurent Meunier\",\"@id\":\"https:\\\/\\\/janze-athletisme.fr\\\/wordpress\\\/#\\\/schema\\\/person\\\/c7b063dcfa6234c041d4d9b26cc2ea03\"},\"headline\":\"Le calendrier des jeunes est toujours en vente\",\"datePublished\":\"2024-01-20T22:06:35+00:00\",\"dateModified\":\"2024-01-21T12:42:46+00:00\",\"mainEntityOfPage\":{\"@id\":\"https:\\\/\\\/janze-athletisme.fr\\\/wordpress\\\/le-calendrier-des-jeunes-est-toujours-en-vente\\\/\"},\"wordCount\":151,\"commentCount\":0,\"publisher\":{\"@id\":\"https:\\\/\\\/janze-athletisme.fr\\\/wordpress\\\/#organization\"},\"image\":{\"@id\":\"https:\\\/\\\/janze-athletisme.fr\\\/wordpress\\\/le-calendrier-des-jeunes-est-toujours-en-vente\\\/#primaryimage\"},\"thumbnailUrl\":\"https:\\\/\\\/janze-athletisme.fr\\\/wordpress\\\/wp-content\\\/uploads\\\/2024\\\/01\\\/Thais-Alice-Lea-Lucile-19janv2024.jpg\",\"articleSection\":[\"Le club au jour le jour\"],\"inLanguage\":\"fr-FR\",\"potentialAction\":[{\"@type\":\"CommentAction\",\"name\":\"Comment\",\"target\":[\"https:\\\/\\\/janze-athletisme.fr\\\/wordpress\\\/le-calendrier-des-jeunes-est-toujours-en-vente\\\/#respond\"]}]},{\"@type\":\"WebPage\",\"@id\":\"https:\\\/\\\/janze-athletisme.fr\\\/wordpress\\\/le-calendrier-des-jeunes-est-toujours-en-vente\\\/\",\"url\":\"https:\\\/\\\/janze-athletisme.fr\\\/wordpress\\\/le-calendrier-des-jeunes-est-toujours-en-vente\\\/\",\"name\":\"Le calendrier des jeunes est toujours en vente - Janz\u00e9 Athl\u00e9tisme\",\"isPartOf\":{\"@id\":\"https:\\\/\\\/janze-athletisme.fr\\\/wordpress\\\/#website\"},\"primaryImageOfPage\":{\"@id\":\"https:\\\/\\\/janze-athletisme.fr\\\/wordpress\\\/le-calendrier-des-jeunes-est-toujours-en-vente\\\/#primaryimage\"},\"image\":{\"@id\":\"https:\\\/\\\/janze-athletisme.fr\\\/wordpress\\\/le-calendrier-des-jeunes-est-toujours-en-vente\\\/#primaryimage\"},\"thumbnailUrl\":\"https:\\\/\\\/janze-athletisme.fr\\\/wordpress\\\/wp-content\\\/uploads\\\/2024\\\/01\\\/Thais-Alice-Lea-Lucile-19janv2024.jpg\",\"datePublished\":\"2024-01-20T22:06:35+00:00\",\"dateModified\":\"2024-01-21T12:42:46+00:00\",\"breadcrumb\":{\"@id\":\"https:\\\/\\\/janze-athletisme.fr\\\/wordpress\\\/le-calendrier-des-jeunes-est-toujours-en-vente\\\/#breadcrumb\"},\"inLanguage\":\"fr-FR\",\"potentialAction\":[{\"@type\":\"ReadAction\",\"target\":[\"https:\\\/\\\/janze-athletisme.fr\\\/wordpress\\\/le-calendrier-des-jeunes-est-toujours-en-vente\\\/\"]}]},{\"@type\":\"ImageObject\",\"inLanguage\":\"fr-FR\",\"@id\":\"https:\\\/\\\/janze-athletisme.fr\\\/wordpress\\\/le-calendrier-des-jeunes-est-toujours-en-vente\\\/#primaryimage\",\"url\":\"https:\\\/\\\/janze-athletisme.fr\\\/wordpress\\\/wp-content\\\/uploads\\\/2024\\\/01\\\/Thais-Alice-Lea-Lucile-19janv2024.jpg\",\"contentUrl\":\"https:\\\/\\\/janze-athletisme.fr\\\/wordpress\\\/wp-content\\\/uploads\\\/2024\\\/01\\\/Thais-Alice-Lea-Lucile-19janv2024.jpg\",\"width\":2064,\"height\":1000},{\"@type\":\"BreadcrumbList\",\"@id\":\"https:\\\/\\\/janze-athletisme.fr\\\/wordpress\\\/le-calendrier-des-jeunes-est-toujours-en-vente\\\/#breadcrumb\",\"itemListElement\":[{\"@type\":\"ListItem\",\"position\":1,\"name\":\"Accueil\",\"item\":\"https:\\\/\\\/janze-athletisme.fr\\\/wordpress\\\/\"},{\"@type\":\"ListItem\",\"position\":2,\"name\":\"Le calendrier des jeunes est toujours en vente\"}]},{\"@type\":\"WebSite\",\"@id\":\"https:\\\/\\\/janze-athletisme.fr\\\/wordpress\\\/#website\",\"url\":\"https:\\\/\\\/janze-athletisme.fr\\\/wordpress\\\/\",\"name\":\"Janz\u00e9 Athl\u00e9tisme\",\"description\":\"Pays de La Roche aux F\u00e9es\",\"publisher\":{\"@id\":\"https:\\\/\\\/janze-athletisme.fr\\\/wordpress\\\/#organization\"},\"potentialAction\":[{\"@type\":\"SearchAction\",\"target\":{\"@type\":\"EntryPoint\",\"urlTemplate\":\"https:\\\/\\\/janze-athletisme.fr\\\/wordpress\\\/?s={search_term_string}\"},\"query-input\":{\"@type\":\"PropertyValueSpecification\",\"valueRequired\":true,\"valueName\":\"search_term_string\"}}],\"inLanguage\":\"fr-FR\"},{\"@type\":\"Organization\",\"@id\":\"https:\\\/\\\/janze-athletisme.fr\\\/wordpress\\\/#organization\",\"name\":\"Janz\u00e9 Athl\u00e9tisme\",\"url\":\"https:\\\/\\\/janze-athletisme.fr\\\/wordpress\\\/\",\"logo\":{\"@type\":\"ImageObject\",\"inLanguage\":\"fr-FR\",\"@id\":\"https:\\\/\\\/janze-athletisme.fr\\\/wordpress\\\/#\\\/schema\\\/logo\\\/image\\\/\",\"url\":\"https:\\\/\\\/janze-athletisme.fr\\\/wordpress\\\/wp-content\\\/uploads\\\/2015\\\/03\\\/logo-full1.jpg\",\"contentUrl\":\"https:\\\/\\\/janze-athletisme.fr\\\/wordpress\\\/wp-content\\\/uploads\\\/2015\\\/03\\\/logo-full1.jpg\",\"width\":437,\"height\":205,\"caption\":\"Janz\u00e9 Athl\u00e9tisme\"},\"image\":{\"@id\":\"https:\\\/\\\/janze-athletisme.fr\\\/wordpress\\\/#\\\/schema\\\/logo\\\/image\\\/\"},\"sameAs\":[\"https:\\\/\\\/www.facebook.com\\\/groups\\\/1007964579346590\"]},{\"@type\":\"Person\",\"@id\":\"https:\\\/\\\/janze-athletisme.fr\\\/wordpress\\\/#\\\/schema\\\/person\\\/c7b063dcfa6234c041d4d9b26cc2ea03\",\"name\":\"Laurent Meunier\",\"image\":{\"@type\":\"ImageObject\",\"inLanguage\":\"fr-FR\",\"@id\":\"https:\\\/\\\/secure.gravatar.com\\\/avatar\\\/dd25d581ad7c3349090f2fa6a9adb6bfa287e6a5dd8a5216a092727cd8749034?s=96&d=mm&r=g\",\"url\":\"https:\\\/\\\/secure.gravatar.com\\\/avatar\\\/dd25d581ad7c3349090f2fa6a9adb6bfa287e6a5dd8a5216a092727cd8749034?s=96&d=mm&r=g\",\"contentUrl\":\"https:\\\/\\\/secure.gravatar.com\\\/avatar\\\/dd25d581ad7c3349090f2fa6a9adb6bfa287e6a5dd8a5216a092727cd8749034?s=96&d=mm&r=g\",\"caption\":\"Laurent Meunier\"},\"url\":\"https:\\\/\\\/janze-athletisme.fr\\\/wordpress\\\/author\\\/laurent-meunier35\\\/\"}]}<\/script>\n<!-- \/ Yoast SEO plugin. -->","yoast_head_json":{"title":"Le calendrier des jeunes est toujours en vente - Janz\u00e9 Athl\u00e9tisme","robots":{"index":"index","follow":"follow","max-snippet":"max-snippet:-1","max-image-preview":"max-image-preview:large","max-video-preview":"max-video-preview:-1"},"canonical":"https:\/\/janze-athletisme.fr\/wordpress\/le-calendrier-des-jeunes-est-toujours-en-vente\/","og_locale":"fr_FR","og_type":"article","og_title":"Le calendrier des jeunes est toujours en vente - Janz\u00e9 Athl\u00e9tisme","og_description":"Pour rappel, les jeunes ont con\u00e7u un calendrier pour 2024. Il est tout simple mais sympa, avec six photos qui repr\u00e9sentent bien la diversit\u00e9 du club. Son co\u00fbt de revient est de 2 \u20ac. On donne ce qu&rsquo;on veut au-dessus de ces 2 \u20ac et on fait une bonne action, puisque les b\u00e9n\u00e9fices serviront \u00e0 [&hellip;]","og_url":"https:\/\/janze-athletisme.fr\/wordpress\/le-calendrier-des-jeunes-est-toujours-en-vente\/","og_site_name":"Janz\u00e9 Athl\u00e9tisme","article_publisher":"https:\/\/www.facebook.com\/groups\/1007964579346590","article_published_time":"2024-01-20T22:06:35+00:00","article_modified_time":"2024-01-21T12:42:46+00:00","og_image":[{"width":2064,"height":1000,"url":"https:\/\/janze-athletisme.fr\/wordpress\/wp-content\/uploads\/2024\/01\/Thais-Alice-Lea-Lucile-19janv2024.jpg","type":"image\/jpeg"}],"author":"Laurent Meunier","twitter_card":"summary_large_image","twitter_misc":{"\u00c9crit par":"Laurent Meunier","Dur\u00e9e de lecture estim\u00e9e":"3 minutes"},"schema":{"@context":"https:\/\/schema.org","@graph":[{"@type":"Article","@id":"https:\/\/janze-athletisme.fr\/wordpress\/le-calendrier-des-jeunes-est-toujours-en-vente\/#article","isPartOf":{"@id":"https:\/\/janze-athletisme.fr\/wordpress\/le-calendrier-des-jeunes-est-toujours-en-vente\/"},"author":{"name":"Laurent Meunier","@id":"https:\/\/janze-athletisme.fr\/wordpress\/#\/schema\/person\/c7b063dcfa6234c041d4d9b26cc2ea03"},"headline":"Le calendrier des jeunes est toujours en vente","datePublished":"2024-01-20T22:06:35+00:00","dateModified":"2024-01-21T12:42:46+00:00","mainEntityOfPage":{"@id":"https:\/\/janze-athletisme.fr\/wordpress\/le-calendrier-des-jeunes-est-toujours-en-vente\/"},"wordCount":151,"commentCount":0,"publisher":{"@id":"https:\/\/janze-athletisme.fr\/wordpress\/#organization"},"image":{"@id":"https:\/\/janze-athletisme.fr\/wordpress\/le-calendrier-des-jeunes-est-toujours-en-vente\/#primaryimage"},"thumbnailUrl":"https:\/\/janze-athletisme.fr\/wordpress\/wp-content\/uploads\/2024\/01\/Thais-Alice-Lea-Lucile-19janv2024.jpg","articleSection":["Le club au jour le jour"],"inLanguage":"fr-FR","potentialAction":[{"@type":"CommentAction","name":"Comment","target":["https:\/\/janze-athletisme.fr\/wordpress\/le-calendrier-des-jeunes-est-toujours-en-vente\/#respond"]}]},{"@type":"WebPage","@id":"https:\/\/janze-athletisme.fr\/wordpress\/le-calendrier-des-jeunes-est-toujours-en-vente\/","url":"https:\/\/janze-athletisme.fr\/wordpress\/le-calendrier-des-jeunes-est-toujours-en-vente\/","name":"Le calendrier des jeunes est toujours en vente - Janz\u00e9 Athl\u00e9tisme","isPartOf":{"@id":"https:\/\/janze-athletisme.fr\/wordpress\/#website"},"primaryImageOfPage":{"@id":"https:\/\/janze-athletisme.fr\/wordpress\/le-calendrier-des-jeunes-est-toujours-en-vente\/#primaryimage"},"image":{"@id":"https:\/\/janze-athletisme.fr\/wordpress\/le-calendrier-des-jeunes-est-toujours-en-vente\/#primaryimage"},"thumbnailUrl":"https:\/\/janze-athletisme.fr\/wordpress\/wp-content\/uploads\/2024\/01\/Thais-Alice-Lea-Lucile-19janv2024.jpg","datePublished":"2024-01-20T22:06:35+00:00","dateModified":"2024-01-21T12:42:46+00:00","breadcrumb":{"@id":"https:\/\/janze-athletisme.fr\/wordpress\/le-calendrier-des-jeunes-est-toujours-en-vente\/#breadcrumb"},"inLanguage":"fr-FR","potentialAction":[{"@type":"ReadAction","target":["https:\/\/janze-athletisme.fr\/wordpress\/le-calendrier-des-jeunes-est-toujours-en-vente\/"]}]},{"@type":"ImageObject","inLanguage":"fr-FR","@id":"https:\/\/janze-athletisme.fr\/wordpress\/le-calendrier-des-jeunes-est-toujours-en-vente\/#primaryimage","url":"https:\/\/janze-athletisme.fr\/wordpress\/wp-content\/uploads\/2024\/01\/Thais-Alice-Lea-Lucile-19janv2024.jpg","contentUrl":"https:\/\/janze-athletisme.fr\/wordpress\/wp-content\/uploads\/2024\/01\/Thais-Alice-Lea-Lucile-19janv2024.jpg","width":2064,"height":1000},{"@type":"BreadcrumbList","@id":"https:\/\/janze-athletisme.fr\/wordpress\/le-calendrier-des-jeunes-est-toujours-en-vente\/#breadcrumb","itemListElement":[{"@type":"ListItem","position":1,"name":"Accueil","item":"https:\/\/janze-athletisme.fr\/wordpress\/"},{"@type":"ListItem","position":2,"name":"Le calendrier des jeunes est toujours en vente"}]},{"@type":"WebSite","@id":"https:\/\/janze-athletisme.fr\/wordpress\/#website","url":"https:\/\/janze-athletisme.fr\/wordpress\/","name":"Janz\u00e9 Athl\u00e9tisme","description":"Pays de La Roche aux F\u00e9es","publisher":{"@id":"https:\/\/janze-athletisme.fr\/wordpress\/#organization"},"potentialAction":[{"@type":"SearchAction","target":{"@type":"EntryPoint","urlTemplate":"https:\/\/janze-athletisme.fr\/wordpress\/?s={search_term_string}"},"query-input":{"@type":"PropertyValueSpecification","valueRequired":true,"valueName":"search_term_string"}}],"inLanguage":"fr-FR"},{"@type":"Organization","@id":"https:\/\/janze-athletisme.fr\/wordpress\/#organization","name":"Janz\u00e9 Athl\u00e9tisme","url":"https:\/\/janze-athletisme.fr\/wordpress\/","logo":{"@type":"ImageObject","inLanguage":"fr-FR","@id":"https:\/\/janze-athletisme.fr\/wordpress\/#\/schema\/logo\/image\/","url":"https:\/\/janze-athletisme.fr\/wordpress\/wp-content\/uploads\/2015\/03\/logo-full1.jpg","contentUrl":"https:\/\/janze-athletisme.fr\/wordpress\/wp-content\/uploads\/2015\/03\/logo-full1.jpg","width":437,"height":205,"caption":"Janz\u00e9 Athl\u00e9tisme"},"image":{"@id":"https:\/\/janze-athletisme.fr\/wordpress\/#\/schema\/logo\/image\/"},"sameAs":["https:\/\/www.facebook.com\/groups\/1007964579346590"]},{"@type":"Person","@id":"https:\/\/janze-athletisme.fr\/wordpress\/#\/schema\/person\/c7b063dcfa6234c041d4d9b26cc2ea03","name":"Laurent Meunier","image":{"@type":"ImageObject","inLanguage":"fr-FR","@id":"https:\/\/secure.gravatar.com\/avatar\/dd25d581ad7c3349090f2fa6a9adb6bfa287e6a5dd8a5216a092727cd8749034?s=96&d=mm&r=g","url":"https:\/\/secure.gravatar.com\/avatar\/dd25d581ad7c3349090f2fa6a9adb6bfa287e6a5dd8a5216a092727cd8749034?s=96&d=mm&r=g","contentUrl":"https:\/\/secure.gravatar.com\/avatar\/dd25d581ad7c3349090f2fa6a9adb6bfa287e6a5dd8a5216a092727cd8749034?s=96&d=mm&r=g","caption":"Laurent Meunier"},"url":"https:\/\/janze-athletisme.fr\/wordpress\/author\/laurent-meunier35\/"}]}},"uagb_featured_image_src":{"full":["https:\/\/janze-athletisme.fr\/wordpress\/wp-content\/uploads\/2024\/01\/Thais-Alice-Lea-Lucile-19janv2024.jpg",2064,1000,false],"thumbnail":["https:\/\/janze-athletisme.fr\/wordpress\/wp-content\/uploads\/2024\/01\/Thais-Alice-Lea-Lucile-19janv2024-150x150.jpg",150,150,true],"medium":["https:\/\/janze-athletisme.fr\/wordpress\/wp-content\/uploads\/2024\/01\/Thais-Alice-Lea-Lucile-19janv2024-300x145.jpg",300,145,true],"medium_large":["https:\/\/janze-athletisme.fr\/wordpress\/wp-content\/uploads\/2024\/01\/Thais-Alice-Lea-Lucile-19janv2024-768x372.jpg",768,372,true],"large":["https:\/\/janze-athletisme.fr\/wordpress\/wp-content\/uploads\/2024\/01\/Thais-Alice-Lea-Lucile-19janv2024-1024x496.jpg",1024,496,true],"1536x1536":["https:\/\/janze-athletisme.fr\/wordpress\/wp-content\/uploads\/2024\/01\/Thais-Alice-Lea-Lucile-19janv2024-1536x744.jpg",1536,744,true],"2048x2048":["https:\/\/janze-athletisme.fr\/wordpress\/wp-content\/uploads\/2024\/01\/Thais-Alice-Lea-Lucile-19janv2024-2048x992.jpg",2048,992,true]},"uagb_author_info":{"display_name":"Laurent Meunier","author_link":"https:\/\/janze-athletisme.fr\/wordpress\/author\/laurent-meunier35\/"},"uagb_comment_info":0,"uagb_excerpt":"Pour rappel, les jeunes ont con\u00e7u un calendrier pour 2024. Il est tout simple mais sympa, avec six photos qui repr\u00e9sentent bien la diversit\u00e9 du club. Son co\u00fbt de revient est de 2 \u20ac. On donne ce qu&rsquo;on veut au-dessus de ces 2 \u20ac et on fait une bonne action, puisque les b\u00e9n\u00e9fices serviront \u00e0\u2026","_links":{"self":[{"href":"https:\/\/janze-athletisme.fr\/wordpress\/wp-json\/wp\/v2\/posts\/16315","targetHints":{"allow":["GET"]}}],"collection":[{"href":"https:\/\/janze-athletisme.fr\/wordpress\/wp-json\/wp\/v2\/posts"}],"about":[{"href":"https:\/\/janze-athletisme.fr\/wordpress\/wp-json\/wp\/v2\/types\/post"}],"author":[{"embeddable":true,"href":"https:\/\/janze-athletisme.fr\/wordpress\/wp-json\/wp\/v2\/users\/12"}],"replies":[{"embeddable":true,"href":"https:\/\/janze-athletisme.fr\/wordpress\/wp-json\/wp\/v2\/comments?post=16315"}],"version-history":[{"count":2,"href":"https:\/\/janze-athletisme.fr\/wordpress\/wp-json\/wp\/v2\/posts\/16315\/revisions"}],"predecessor-version":[{"id":16350,"href":"https:\/\/janze-athletisme.fr\/wordpress\/wp-json\/wp\/v2\/posts\/16315\/revisions\/16350"}],"wp:featuredmedia":[{"embeddable":true,"href":"https:\/\/janze-athletisme.fr\/wordpress\/wp-json\/wp\/v2\/media\/16324"}],"wp:attachment":[{"href":"https:\/\/janze-athletisme.fr\/wordpress\/wp-json\/wp\/v2\/media?parent=16315"}],"wp:term":[{"taxonomy":"category","embeddable":true,"href":"https:\/\/janze-athletisme.fr\/wordpress\/wp-json\/wp\/v2\/categories?post=16315"},{"taxonomy":"post_tag","embeddable":true,"href":"https:\/\/janze-athletisme.fr\/wordpress\/wp-json\/wp\/v2\/tags?post=16315"}],"curies":[{"name":"wp","href":"https:\/\/api.w.org\/{rel}","templated":true}]}}