{"id":15322,"date":"2023-11-06T17:17:09","date_gmt":"2023-11-06T16:17:09","guid":{"rendered":"https:\/\/janze-athletisme.fr\/wordpress\/?p=15322"},"modified":"2023-11-06T17:17:09","modified_gmt":"2023-11-06T16:17:09","slug":"a-suivre-au-mois-de-novembre","status":"publish","type":"post","link":"https:\/\/janze-athletisme.fr\/wordpress\/a-suivre-au-mois-de-novembre\/","title":{"rendered":"A suivre au mois de Novembre"},"content":{"rendered":"<p>Programme Novembre<span class=\"Apple-converted-space\">\u00a0<\/span><\/p>\n<p>Des comp\u00e9titions en salle et des cross, c\u2019est ce qui rythmera le mois de novembre !<span class=\"Apple-converted-space\">\u00a0<\/span><\/p>\n<p>Nous regarderons de plus pr\u00eats le festival de cross de Carhaix qui sera support des qualifications pour les championnats d\u2019Europe et support des Bretagne de cross court.<\/p>\n<p>Bon mois de Novembre \u00e0 tous.<\/p>\n<p><a href=\"https:\/\/janze-athletisme.fr\/wordpress\/wp-content\/uploads\/2023\/11\/Capture-decran-2023-11-06-a-17.13.48-1.png\"><img loading=\"lazy\" decoding=\"async\" class=\"alignnone size-medium wp-image-15325\" src=\"https:\/\/janze-athletisme.fr\/wordpress\/wp-content\/uploads\/2023\/11\/Capture-decran-2023-11-06-a-17.13.48-1-288x300.png\" alt=\"\" width=\"288\" height=\"300\" srcset=\"https:\/\/janze-athletisme.fr\/wordpress\/wp-content\/uploads\/2023\/11\/Capture-decran-2023-11-06-a-17.13.48-1-288x300.png 288w, https:\/\/janze-athletisme.fr\/wordpress\/wp-content\/uploads\/2023\/11\/Capture-decran-2023-11-06-a-17.13.48-1-982x1024.png 982w, https:\/\/janze-athletisme.fr\/wordpress\/wp-content\/uploads\/2023\/11\/Capture-decran-2023-11-06-a-17.13.48-1-768x801.png 768w, https:\/\/janze-athletisme.fr\/wordpress\/wp-content\/uploads\/2023\/11\/Capture-decran-2023-11-06-a-17.13.48-1.png 1202w\" sizes=\"auto, (max-width: 288px) 100vw, 288px\" \/><\/a><\/p>\n<p>&nbsp;<\/p>\n","protected":false},"excerpt":{"rendered":"<p>Programme Novembre\u00a0 Des comp\u00e9titions en salle et des cross, c\u2019est ce qui rythmera le mois de novembre !\u00a0 Nous regarderons de plus pr\u00eats le festival de cross de Carhaix qui sera support des qualifications pour les championnats d\u2019Europe et support des Bretagne de cross court. Bon mois de Novembre \u00e0 tous. &nbsp;<\/p>\n","protected":false},"author":11,"featured_media":15324,"comment_status":"open","ping_status":"open","sticky":false,"template":"","format":"aside","meta":{"_uag_custom_page_level_css":"","site-sidebar-layout":"default","site-content-layout":"","ast-site-content-layout":"default","site-content-style":"default","site-sidebar-style":"default","ast-global-header-display":"","ast-banner-title-visibility":"","ast-main-header-display":"","ast-hfb-above-header-display":"","ast-hfb-below-header-display":"","ast-hfb-mobile-header-display":"","site-post-title":"","ast-breadcrumbs-content":"","ast-featured-img":"","footer-sml-layout":"","ast-disable-related-posts":"","theme-transparent-header-meta":"default","adv-header-id-meta":"","stick-header-meta":"","header-above-stick-meta":"","header-main-stick-meta":"","header-below-stick-meta":"","astra-migrate-meta-layouts":"set","ast-page-background-enabled":"default","ast-page-background-meta":{"desktop":{"background-color":"var(--ast-global-color-4)","background-image":"","background-repeat":"repeat","background-position":"center center","background-size":"auto","background-attachment":"scroll","background-type":"","background-media":"","overlay-type":"","overlay-color":"","overlay-opacity":"","overlay-gradient":""},"tablet":{"background-color":"","background-image":"","background-repeat":"repeat","background-position":"center center","background-size":"auto","background-attachment":"scroll","background-type":"","background-media":"","overlay-type":"","overlay-color":"","overlay-opacity":"","overlay-gradient":""},"mobile":{"background-color":"","background-image":"","background-repeat":"repeat","background-position":"center center","background-size":"auto","background-attachment":"scroll","background-type":"","background-media":"","overlay-type":"","overlay-color":"","overlay-opacity":"","overlay-gradient":""}},"ast-content-background-meta":{"desktop":{"background-color":"var(--ast-global-color-5)","background-image":"","background-repeat":"repeat","background-position":"center center","background-size":"auto","background-attachment":"scroll","background-type":"","background-media":"","overlay-type":"","overlay-color":"","overlay-opacity":"","overlay-gradient":""},"tablet":{"background-color":"var(--ast-global-color-5)","background-image":"","background-repeat":"repeat","background-position":"center center","background-size":"auto","background-attachment":"scroll","background-type":"","background-media":"","overlay-type":"","overlay-color":"","overlay-opacity":"","overlay-gradient":""},"mobile":{"background-color":"var(--ast-global-color-5)","background-image":"","background-repeat":"repeat","background-position":"center center","background-size":"auto","background-attachment":"scroll","background-type":"","background-media":"","overlay-type":"","overlay-color":"","overlay-opacity":"","overlay-gradient":""}},"footnotes":""},"categories":[6],"tags":[],"class_list":["post-15322","post","type-post","status-publish","format-aside","has-post-thumbnail","hentry","category-sections","post_format-post-format-aside"],"yoast_head":"<!-- This site is optimized with the Yoast SEO plugin v27.5 - https:\/\/yoast.com\/product\/yoast-seo-wordpress\/ -->\n<title>A suivre au mois de Novembre - Janz\u00e9 Athl\u00e9tisme<\/title>\n<meta name=\"robots\" content=\"index, follow, max-snippet:-1, max-image-preview:large, max-video-preview:-1\" \/>\n<link rel=\"canonical\" href=\"https:\/\/janze-athletisme.fr\/wordpress\/a-suivre-au-mois-de-novembre\/\" \/>\n<meta property=\"og:locale\" content=\"fr_FR\" \/>\n<meta property=\"og:type\" content=\"article\" \/>\n<meta property=\"og:title\" content=\"A suivre au mois de Novembre - Janz\u00e9 Athl\u00e9tisme\" \/>\n<meta property=\"og:description\" content=\"Programme Novembre\u00a0 Des comp\u00e9titions en salle et des cross, c\u2019est ce qui rythmera le mois de novembre !\u00a0 Nous regarderons de plus pr\u00eats le festival de cross de Carhaix qui sera support des qualifications pour les championnats d\u2019Europe et support des Bretagne de cross court. Bon mois de Novembre \u00e0 tous. &nbsp;\" \/>\n<meta property=\"og:url\" content=\"https:\/\/janze-athletisme.fr\/wordpress\/a-suivre-au-mois-de-novembre\/\" \/>\n<meta property=\"og:site_name\" content=\"Janz\u00e9 Athl\u00e9tisme\" \/>\n<meta property=\"article:publisher\" content=\"https:\/\/www.facebook.com\/groups\/1007964579346590\" \/>\n<meta property=\"article:published_time\" content=\"2023-11-06T16:17:09+00:00\" \/>\n<meta property=\"og:image\" content=\"https:\/\/janze-athletisme.fr\/wordpress\/wp-content\/uploads\/2023\/11\/Capture-decran-2023-11-06-a-17.13.48.png\" \/>\n\t<meta property=\"og:image:width\" content=\"1202\" \/>\n\t<meta property=\"og:image:height\" content=\"1254\" \/>\n\t<meta property=\"og:image:type\" content=\"image\/png\" \/>\n<meta name=\"author\" content=\"Mathieu Henry\" \/>\n<meta name=\"twitter:card\" content=\"summary_large_image\" \/>\n<meta name=\"twitter:label1\" content=\"\u00c9crit par\" \/>\n\t<meta name=\"twitter:data1\" content=\"Mathieu Henry\" \/>\n\t<meta name=\"twitter:label2\" content=\"Dur\u00e9e de lecture estim\u00e9e\" \/>\n\t<meta name=\"twitter:data2\" content=\"1 minute\" \/>\n<script type=\"application\/ld+json\" class=\"yoast-schema-graph\">{\"@context\":\"https:\\\/\\\/schema.org\",\"@graph\":[{\"@type\":\"Article\",\"@id\":\"https:\\\/\\\/janze-athletisme.fr\\\/wordpress\\\/a-suivre-au-mois-de-novembre\\\/#article\",\"isPartOf\":{\"@id\":\"https:\\\/\\\/janze-athletisme.fr\\\/wordpress\\\/a-suivre-au-mois-de-novembre\\\/\"},\"author\":{\"name\":\"Mathieu Henry\",\"@id\":\"https:\\\/\\\/janze-athletisme.fr\\\/wordpress\\\/#\\\/schema\\\/person\\\/18fefdd57ab54de1e0b2b03ce255394c\"},\"headline\":\"A suivre au mois de Novembre\",\"datePublished\":\"2023-11-06T16:17:09+00:00\",\"mainEntityOfPage\":{\"@id\":\"https:\\\/\\\/janze-athletisme.fr\\\/wordpress\\\/a-suivre-au-mois-de-novembre\\\/\"},\"wordCount\":60,\"commentCount\":0,\"publisher\":{\"@id\":\"https:\\\/\\\/janze-athletisme.fr\\\/wordpress\\\/#organization\"},\"image\":{\"@id\":\"https:\\\/\\\/janze-athletisme.fr\\\/wordpress\\\/a-suivre-au-mois-de-novembre\\\/#primaryimage\"},\"thumbnailUrl\":\"https:\\\/\\\/janze-athletisme.fr\\\/wordpress\\\/wp-content\\\/uploads\\\/2023\\\/11\\\/Capture-decran-2023-11-06-a-17.13.48.png\",\"articleSection\":[\"Le club au jour le jour\"],\"inLanguage\":\"fr-FR\",\"potentialAction\":[{\"@type\":\"CommentAction\",\"name\":\"Comment\",\"target\":[\"https:\\\/\\\/janze-athletisme.fr\\\/wordpress\\\/a-suivre-au-mois-de-novembre\\\/#respond\"]}]},{\"@type\":\"WebPage\",\"@id\":\"https:\\\/\\\/janze-athletisme.fr\\\/wordpress\\\/a-suivre-au-mois-de-novembre\\\/\",\"url\":\"https:\\\/\\\/janze-athletisme.fr\\\/wordpress\\\/a-suivre-au-mois-de-novembre\\\/\",\"name\":\"A suivre au mois de Novembre - Janz\u00e9 Athl\u00e9tisme\",\"isPartOf\":{\"@id\":\"https:\\\/\\\/janze-athletisme.fr\\\/wordpress\\\/#website\"},\"primaryImageOfPage\":{\"@id\":\"https:\\\/\\\/janze-athletisme.fr\\\/wordpress\\\/a-suivre-au-mois-de-novembre\\\/#primaryimage\"},\"image\":{\"@id\":\"https:\\\/\\\/janze-athletisme.fr\\\/wordpress\\\/a-suivre-au-mois-de-novembre\\\/#primaryimage\"},\"thumbnailUrl\":\"https:\\\/\\\/janze-athletisme.fr\\\/wordpress\\\/wp-content\\\/uploads\\\/2023\\\/11\\\/Capture-decran-2023-11-06-a-17.13.48.png\",\"datePublished\":\"2023-11-06T16:17:09+00:00\",\"breadcrumb\":{\"@id\":\"https:\\\/\\\/janze-athletisme.fr\\\/wordpress\\\/a-suivre-au-mois-de-novembre\\\/#breadcrumb\"},\"inLanguage\":\"fr-FR\",\"potentialAction\":[{\"@type\":\"ReadAction\",\"target\":[\"https:\\\/\\\/janze-athletisme.fr\\\/wordpress\\\/a-suivre-au-mois-de-novembre\\\/\"]}]},{\"@type\":\"ImageObject\",\"inLanguage\":\"fr-FR\",\"@id\":\"https:\\\/\\\/janze-athletisme.fr\\\/wordpress\\\/a-suivre-au-mois-de-novembre\\\/#primaryimage\",\"url\":\"https:\\\/\\\/janze-athletisme.fr\\\/wordpress\\\/wp-content\\\/uploads\\\/2023\\\/11\\\/Capture-decran-2023-11-06-a-17.13.48.png\",\"contentUrl\":\"https:\\\/\\\/janze-athletisme.fr\\\/wordpress\\\/wp-content\\\/uploads\\\/2023\\\/11\\\/Capture-decran-2023-11-06-a-17.13.48.png\",\"width\":1202,\"height\":1254},{\"@type\":\"BreadcrumbList\",\"@id\":\"https:\\\/\\\/janze-athletisme.fr\\\/wordpress\\\/a-suivre-au-mois-de-novembre\\\/#breadcrumb\",\"itemListElement\":[{\"@type\":\"ListItem\",\"position\":1,\"name\":\"Accueil\",\"item\":\"https:\\\/\\\/janze-athletisme.fr\\\/wordpress\\\/\"},{\"@type\":\"ListItem\",\"position\":2,\"name\":\"A suivre au mois de Novembre\"}]},{\"@type\":\"WebSite\",\"@id\":\"https:\\\/\\\/janze-athletisme.fr\\\/wordpress\\\/#website\",\"url\":\"https:\\\/\\\/janze-athletisme.fr\\\/wordpress\\\/\",\"name\":\"Janz\u00e9 Athl\u00e9tisme\",\"description\":\"Pays de La Roche aux F\u00e9es\",\"publisher\":{\"@id\":\"https:\\\/\\\/janze-athletisme.fr\\\/wordpress\\\/#organization\"},\"potentialAction\":[{\"@type\":\"SearchAction\",\"target\":{\"@type\":\"EntryPoint\",\"urlTemplate\":\"https:\\\/\\\/janze-athletisme.fr\\\/wordpress\\\/?s={search_term_string}\"},\"query-input\":{\"@type\":\"PropertyValueSpecification\",\"valueRequired\":true,\"valueName\":\"search_term_string\"}}],\"inLanguage\":\"fr-FR\"},{\"@type\":\"Organization\",\"@id\":\"https:\\\/\\\/janze-athletisme.fr\\\/wordpress\\\/#organization\",\"name\":\"Janz\u00e9 Athl\u00e9tisme\",\"url\":\"https:\\\/\\\/janze-athletisme.fr\\\/wordpress\\\/\",\"logo\":{\"@type\":\"ImageObject\",\"inLanguage\":\"fr-FR\",\"@id\":\"https:\\\/\\\/janze-athletisme.fr\\\/wordpress\\\/#\\\/schema\\\/logo\\\/image\\\/\",\"url\":\"https:\\\/\\\/janze-athletisme.fr\\\/wordpress\\\/wp-content\\\/uploads\\\/2015\\\/03\\\/logo-full1.jpg\",\"contentUrl\":\"https:\\\/\\\/janze-athletisme.fr\\\/wordpress\\\/wp-content\\\/uploads\\\/2015\\\/03\\\/logo-full1.jpg\",\"width\":437,\"height\":205,\"caption\":\"Janz\u00e9 Athl\u00e9tisme\"},\"image\":{\"@id\":\"https:\\\/\\\/janze-athletisme.fr\\\/wordpress\\\/#\\\/schema\\\/logo\\\/image\\\/\"},\"sameAs\":[\"https:\\\/\\\/www.facebook.com\\\/groups\\\/1007964579346590\"]},{\"@type\":\"Person\",\"@id\":\"https:\\\/\\\/janze-athletisme.fr\\\/wordpress\\\/#\\\/schema\\\/person\\\/18fefdd57ab54de1e0b2b03ce255394c\",\"name\":\"Mathieu Henry\",\"image\":{\"@type\":\"ImageObject\",\"inLanguage\":\"fr-FR\",\"@id\":\"https:\\\/\\\/secure.gravatar.com\\\/avatar\\\/e40c9603c4663261ec2699b75966809103fea0f6b606ac4b27fd3f4ff80d3e64?s=96&d=mm&r=g\",\"url\":\"https:\\\/\\\/secure.gravatar.com\\\/avatar\\\/e40c9603c4663261ec2699b75966809103fea0f6b606ac4b27fd3f4ff80d3e64?s=96&d=mm&r=g\",\"contentUrl\":\"https:\\\/\\\/secure.gravatar.com\\\/avatar\\\/e40c9603c4663261ec2699b75966809103fea0f6b606ac4b27fd3f4ff80d3e64?s=96&d=mm&r=g\",\"caption\":\"Mathieu Henry\"},\"url\":\"https:\\\/\\\/janze-athletisme.fr\\\/wordpress\\\/author\\\/mhenry35150\\\/\"}]}<\/script>\n<!-- \/ Yoast SEO plugin. -->","yoast_head_json":{"title":"A suivre au mois de Novembre - Janz\u00e9 Athl\u00e9tisme","robots":{"index":"index","follow":"follow","max-snippet":"max-snippet:-1","max-image-preview":"max-image-preview:large","max-video-preview":"max-video-preview:-1"},"canonical":"https:\/\/janze-athletisme.fr\/wordpress\/a-suivre-au-mois-de-novembre\/","og_locale":"fr_FR","og_type":"article","og_title":"A suivre au mois de Novembre - Janz\u00e9 Athl\u00e9tisme","og_description":"Programme Novembre\u00a0 Des comp\u00e9titions en salle et des cross, c\u2019est ce qui rythmera le mois de novembre !\u00a0 Nous regarderons de plus pr\u00eats le festival de cross de Carhaix qui sera support des qualifications pour les championnats d\u2019Europe et support des Bretagne de cross court. Bon mois de Novembre \u00e0 tous. &nbsp;","og_url":"https:\/\/janze-athletisme.fr\/wordpress\/a-suivre-au-mois-de-novembre\/","og_site_name":"Janz\u00e9 Athl\u00e9tisme","article_publisher":"https:\/\/www.facebook.com\/groups\/1007964579346590","article_published_time":"2023-11-06T16:17:09+00:00","og_image":[{"width":1202,"height":1254,"url":"https:\/\/janze-athletisme.fr\/wordpress\/wp-content\/uploads\/2023\/11\/Capture-decran-2023-11-06-a-17.13.48.png","type":"image\/png"}],"author":"Mathieu Henry","twitter_card":"summary_large_image","twitter_misc":{"\u00c9crit par":"Mathieu Henry","Dur\u00e9e de lecture estim\u00e9e":"1 minute"},"schema":{"@context":"https:\/\/schema.org","@graph":[{"@type":"Article","@id":"https:\/\/janze-athletisme.fr\/wordpress\/a-suivre-au-mois-de-novembre\/#article","isPartOf":{"@id":"https:\/\/janze-athletisme.fr\/wordpress\/a-suivre-au-mois-de-novembre\/"},"author":{"name":"Mathieu Henry","@id":"https:\/\/janze-athletisme.fr\/wordpress\/#\/schema\/person\/18fefdd57ab54de1e0b2b03ce255394c"},"headline":"A suivre au mois de Novembre","datePublished":"2023-11-06T16:17:09+00:00","mainEntityOfPage":{"@id":"https:\/\/janze-athletisme.fr\/wordpress\/a-suivre-au-mois-de-novembre\/"},"wordCount":60,"commentCount":0,"publisher":{"@id":"https:\/\/janze-athletisme.fr\/wordpress\/#organization"},"image":{"@id":"https:\/\/janze-athletisme.fr\/wordpress\/a-suivre-au-mois-de-novembre\/#primaryimage"},"thumbnailUrl":"https:\/\/janze-athletisme.fr\/wordpress\/wp-content\/uploads\/2023\/11\/Capture-decran-2023-11-06-a-17.13.48.png","articleSection":["Le club au jour le jour"],"inLanguage":"fr-FR","potentialAction":[{"@type":"CommentAction","name":"Comment","target":["https:\/\/janze-athletisme.fr\/wordpress\/a-suivre-au-mois-de-novembre\/#respond"]}]},{"@type":"WebPage","@id":"https:\/\/janze-athletisme.fr\/wordpress\/a-suivre-au-mois-de-novembre\/","url":"https:\/\/janze-athletisme.fr\/wordpress\/a-suivre-au-mois-de-novembre\/","name":"A suivre au mois de Novembre - Janz\u00e9 Athl\u00e9tisme","isPartOf":{"@id":"https:\/\/janze-athletisme.fr\/wordpress\/#website"},"primaryImageOfPage":{"@id":"https:\/\/janze-athletisme.fr\/wordpress\/a-suivre-au-mois-de-novembre\/#primaryimage"},"image":{"@id":"https:\/\/janze-athletisme.fr\/wordpress\/a-suivre-au-mois-de-novembre\/#primaryimage"},"thumbnailUrl":"https:\/\/janze-athletisme.fr\/wordpress\/wp-content\/uploads\/2023\/11\/Capture-decran-2023-11-06-a-17.13.48.png","datePublished":"2023-11-06T16:17:09+00:00","breadcrumb":{"@id":"https:\/\/janze-athletisme.fr\/wordpress\/a-suivre-au-mois-de-novembre\/#breadcrumb"},"inLanguage":"fr-FR","potentialAction":[{"@type":"ReadAction","target":["https:\/\/janze-athletisme.fr\/wordpress\/a-suivre-au-mois-de-novembre\/"]}]},{"@type":"ImageObject","inLanguage":"fr-FR","@id":"https:\/\/janze-athletisme.fr\/wordpress\/a-suivre-au-mois-de-novembre\/#primaryimage","url":"https:\/\/janze-athletisme.fr\/wordpress\/wp-content\/uploads\/2023\/11\/Capture-decran-2023-11-06-a-17.13.48.png","contentUrl":"https:\/\/janze-athletisme.fr\/wordpress\/wp-content\/uploads\/2023\/11\/Capture-decran-2023-11-06-a-17.13.48.png","width":1202,"height":1254},{"@type":"BreadcrumbList","@id":"https:\/\/janze-athletisme.fr\/wordpress\/a-suivre-au-mois-de-novembre\/#breadcrumb","itemListElement":[{"@type":"ListItem","position":1,"name":"Accueil","item":"https:\/\/janze-athletisme.fr\/wordpress\/"},{"@type":"ListItem","position":2,"name":"A suivre au mois de Novembre"}]},{"@type":"WebSite","@id":"https:\/\/janze-athletisme.fr\/wordpress\/#website","url":"https:\/\/janze-athletisme.fr\/wordpress\/","name":"Janz\u00e9 Athl\u00e9tisme","description":"Pays de La Roche aux F\u00e9es","publisher":{"@id":"https:\/\/janze-athletisme.fr\/wordpress\/#organization"},"potentialAction":[{"@type":"SearchAction","target":{"@type":"EntryPoint","urlTemplate":"https:\/\/janze-athletisme.fr\/wordpress\/?s={search_term_string}"},"query-input":{"@type":"PropertyValueSpecification","valueRequired":true,"valueName":"search_term_string"}}],"inLanguage":"fr-FR"},{"@type":"Organization","@id":"https:\/\/janze-athletisme.fr\/wordpress\/#organization","name":"Janz\u00e9 Athl\u00e9tisme","url":"https:\/\/janze-athletisme.fr\/wordpress\/","logo":{"@type":"ImageObject","inLanguage":"fr-FR","@id":"https:\/\/janze-athletisme.fr\/wordpress\/#\/schema\/logo\/image\/","url":"https:\/\/janze-athletisme.fr\/wordpress\/wp-content\/uploads\/2015\/03\/logo-full1.jpg","contentUrl":"https:\/\/janze-athletisme.fr\/wordpress\/wp-content\/uploads\/2015\/03\/logo-full1.jpg","width":437,"height":205,"caption":"Janz\u00e9 Athl\u00e9tisme"},"image":{"@id":"https:\/\/janze-athletisme.fr\/wordpress\/#\/schema\/logo\/image\/"},"sameAs":["https:\/\/www.facebook.com\/groups\/1007964579346590"]},{"@type":"Person","@id":"https:\/\/janze-athletisme.fr\/wordpress\/#\/schema\/person\/18fefdd57ab54de1e0b2b03ce255394c","name":"Mathieu Henry","image":{"@type":"ImageObject","inLanguage":"fr-FR","@id":"https:\/\/secure.gravatar.com\/avatar\/e40c9603c4663261ec2699b75966809103fea0f6b606ac4b27fd3f4ff80d3e64?s=96&d=mm&r=g","url":"https:\/\/secure.gravatar.com\/avatar\/e40c9603c4663261ec2699b75966809103fea0f6b606ac4b27fd3f4ff80d3e64?s=96&d=mm&r=g","contentUrl":"https:\/\/secure.gravatar.com\/avatar\/e40c9603c4663261ec2699b75966809103fea0f6b606ac4b27fd3f4ff80d3e64?s=96&d=mm&r=g","caption":"Mathieu Henry"},"url":"https:\/\/janze-athletisme.fr\/wordpress\/author\/mhenry35150\/"}]}},"uagb_featured_image_src":{"full":["https:\/\/janze-athletisme.fr\/wordpress\/wp-content\/uploads\/2023\/11\/Capture-decran-2023-11-06-a-17.13.48.png",1202,1254,false],"thumbnail":["https:\/\/janze-athletisme.fr\/wordpress\/wp-content\/uploads\/2023\/11\/Capture-decran-2023-11-06-a-17.13.48-150x150.png",150,150,true],"medium":["https:\/\/janze-athletisme.fr\/wordpress\/wp-content\/uploads\/2023\/11\/Capture-decran-2023-11-06-a-17.13.48-288x300.png",288,300,true],"medium_large":["https:\/\/janze-athletisme.fr\/wordpress\/wp-content\/uploads\/2023\/11\/Capture-decran-2023-11-06-a-17.13.48-768x801.png",768,801,true],"large":["https:\/\/janze-athletisme.fr\/wordpress\/wp-content\/uploads\/2023\/11\/Capture-decran-2023-11-06-a-17.13.48-982x1024.png",982,1024,true],"1536x1536":["https:\/\/janze-athletisme.fr\/wordpress\/wp-content\/uploads\/2023\/11\/Capture-decran-2023-11-06-a-17.13.48.png",1202,1254,false],"2048x2048":["https:\/\/janze-athletisme.fr\/wordpress\/wp-content\/uploads\/2023\/11\/Capture-decran-2023-11-06-a-17.13.48.png",1202,1254,false]},"uagb_author_info":{"display_name":"Mathieu Henry","author_link":"https:\/\/janze-athletisme.fr\/wordpress\/author\/mhenry35150\/"},"uagb_comment_info":0,"uagb_excerpt":"Programme Novembre\u00a0 Des comp\u00e9titions en salle et des cross, c\u2019est ce qui rythmera le mois de novembre !\u00a0 Nous regarderons de plus pr\u00eats le festival de cross de Carhaix qui sera support des qualifications pour les championnats d\u2019Europe et support des Bretagne de cross court. Bon mois de Novembre \u00e0 tous. &nbsp;","_links":{"self":[{"href":"https:\/\/janze-athletisme.fr\/wordpress\/wp-json\/wp\/v2\/posts\/15322","targetHints":{"allow":["GET"]}}],"collection":[{"href":"https:\/\/janze-athletisme.fr\/wordpress\/wp-json\/wp\/v2\/posts"}],"about":[{"href":"https:\/\/janze-athletisme.fr\/wordpress\/wp-json\/wp\/v2\/types\/post"}],"author":[{"embeddable":true,"href":"https:\/\/janze-athletisme.fr\/wordpress\/wp-json\/wp\/v2\/users\/11"}],"replies":[{"embeddable":true,"href":"https:\/\/janze-athletisme.fr\/wordpress\/wp-json\/wp\/v2\/comments?post=15322"}],"version-history":[{"count":1,"href":"https:\/\/janze-athletisme.fr\/wordpress\/wp-json\/wp\/v2\/posts\/15322\/revisions"}],"predecessor-version":[{"id":15326,"href":"https:\/\/janze-athletisme.fr\/wordpress\/wp-json\/wp\/v2\/posts\/15322\/revisions\/15326"}],"wp:featuredmedia":[{"embeddable":true,"href":"https:\/\/janze-athletisme.fr\/wordpress\/wp-json\/wp\/v2\/media\/15324"}],"wp:attachment":[{"href":"https:\/\/janze-athletisme.fr\/wordpress\/wp-json\/wp\/v2\/media?parent=15322"}],"wp:term":[{"taxonomy":"category","embeddable":true,"href":"https:\/\/janze-athletisme.fr\/wordpress\/wp-json\/wp\/v2\/categories?post=15322"},{"taxonomy":"post_tag","embeddable":true,"href":"https:\/\/janze-athletisme.fr\/wordpress\/wp-json\/wp\/v2\/tags?post=15322"}],"curies":[{"name":"wp","href":"https:\/\/api.w.org\/{rel}","templated":true}]}}