{"id":13778,"date":"2023-06-20T14:12:29","date_gmt":"2023-06-20T12:12:29","guid":{"rendered":"https:\/\/janze-athletisme.fr\/wordpress\/?p=13778"},"modified":"2023-06-20T14:12:29","modified_gmt":"2023-06-20T12:12:29","slug":"meeting-de-janze-et-repas-du-club","status":"publish","type":"post","link":"https:\/\/janze-athletisme.fr\/wordpress\/meeting-de-janze-et-repas-du-club\/","title":{"rendered":"Meeting de Janz\u00e9 et repas du club"},"content":{"rendered":"<p><span style=\"font-size: 18pt;\"><strong>Janz\u00e9, samedi 8 juillet<\/strong><\/span><\/p>\n<p>Pourquoi associer les deux \u00e9v\u00e8nements ? Parce qu&rsquo;ils auront lieu le m\u00eame jour. Ce sera l&rsquo;occasion de faire la f\u00eate apr\u00e8s la f\u00eate. La f\u00eate du sport l&rsquo;apr\u00e8s-midi, la f\u00eate du club le soir.<\/p>\n<p>Tout le monde est invit\u00e9, parents, amis, enfants, grands parents, et ce sera l&rsquo;occasion de saluer nos b\u00e9n\u00e9voles, tellement actifs toute l&rsquo;ann\u00e9e.<\/p>\n<div class=\"gl_quoted\">\n<div dir=\"ltr\">\n<div class=\"gmail_default\"><span style=\"text-decoration: underline;\">On peut s&rsquo;inscrire pour confectionner des <strong>g\u00e2teaux<\/strong> et des <strong>cr\u00eapes<\/strong> <strong>pour le meeting<\/strong> :<\/span><\/div>\n<div class=\"gmail_default\"><a href=\"https:\/\/l.facebook.com\/l.php?u=https%3A%2F%2Fdocs.google.com%2Fforms%2Fd%2Fe%2F1FAIpQLSdgiQDfAhxpDIC36YyzP4-8Q4pwqiGGr-Y-ZidRLV0eacphbg%2Fviewform%3Fusp%3Dpp_url%26fbclid%3DIwAR0OwNdmifF2ypFyWlXKg80hVNag_xYTPhStcLeMXSS3SzqNlonPFjhYg-8&amp;h=AT3ZEURRcRQH5blxhJAFSKsDuaah9M2XbiskUCZkUbgNNvmYtwiVy41OMX121s4H5ZUxfh6iy1l5gb2CNuKS1KGNlYlOsLAbH2lommSd8VnIypQO-UbF3j8DaqVGnbESDvHw72973aF7MwIDF_4\" data-cke-saved-href=\"https:\/\/l.facebook.com\/l.php?u=https%3A%2F%2Fdocs.google.com%2Fforms%2Fd%2Fe%2F1FAIpQLSdgiQDfAhxpDIC36YyzP4-8Q4pwqiGGr-Y-ZidRLV0eacphbg%2Fviewform%3Fusp%3Dpp_url%26fbclid%3DIwAR0OwNdmifF2ypFyWlXKg80hVNag_xYTPhStcLeMXSS3SzqNlonPFjhYg-8&amp;h=AT3ZEURRcRQH5blxhJAFSKsDuaah9M2XbiskUCZkUbgNNvmYtwiVy41OMX121s4H5ZUxfh6iy1l5gb2CNuKS1KGNlYlOsLAbH2lommSd8VnIypQO-UbF3j8DaqVGnbESDvHw72973aF7MwIDF_4\"><span style=\"font-size: 8pt;\">https:\/\/l.facebook.com\/l.php?u=https%3A%2F%2Fdocs.google.com%2Fforms%2Fd%2Fe%2F1FAIpQLSdgiQDfAhxpDIC36YyzP4-8Q4pwqiGGr-Y-ZidRLV0eacphbg%2Fviewform%3Fusp%3Dpp_url%26fbclid%3DIwAR0OwNdmifF2ypFyWlXKg80hVNag_xYTPhStcLeMXSS3SzqNlonPFjhYg-8&amp;h=AT3ZEURRcRQH5blxhJAFSKsDuaah9M2XbiskUCZkUbgNNvmYtwiVy41OMX121s4H5ZUxfh6iy1l5gb2CNuKS1KGNlYlOsLAbH2lommSd8VnIypQO-UbF3j8DaqVGnbESDvHw72973aF7MwIDF_4<\/span><\/a><\/div>\n<div class=\"gmail_default\">On peut aussi donner un coup de main (m\u00eame lien).<\/div>\n<p>On peut enfin <strong>s&rsquo;inscrire<\/strong> d\u00e8s maintenant <strong>pour le repas du club le soir du meeting<\/strong>. Une occasion de finir la journ\u00e9e (et la saison !) en beaut\u00e9 ! (bulletin d&rsquo;inscription en PJ, r\u00e8glement \u00e0 joindre par courrier ou aupr\u00e8s des entra\u00eeneurs).<\/p>\n<div class=\"gmail_default\"><span class=\"gmail_signature_prefix\"><a href=\"https:\/\/janze-athletisme.fr\/wordpress\/wp-content\/uploads\/2023\/06\/Affiche-format-JPEG-1.jpg\"><img loading=\"lazy\" decoding=\"async\" class=\"alignnone size-medium wp-image-13779\" src=\"https:\/\/janze-athletisme.fr\/wordpress\/wp-content\/uploads\/2023\/06\/Affiche-format-JPEG-1-212x300.jpg\" alt=\"\" width=\"212\" height=\"300\" srcset=\"https:\/\/janze-athletisme.fr\/wordpress\/wp-content\/uploads\/2023\/06\/Affiche-format-JPEG-1-212x300.jpg 212w, https:\/\/janze-athletisme.fr\/wordpress\/wp-content\/uploads\/2023\/06\/Affiche-format-JPEG-1.jpg 657w\" sizes=\"auto, (max-width: 212px) 100vw, 212px\" \/> <\/a><a href=\"https:\/\/janze-athletisme.fr\/wordpress\/wp-content\/uploads\/2023\/06\/Horaires-1.jpg\">\u00a0<img loading=\"lazy\" decoding=\"async\" class=\"alignnone size-medium wp-image-13780\" src=\"https:\/\/janze-athletisme.fr\/wordpress\/wp-content\/uploads\/2023\/06\/Horaires-1-211x300.jpg\" alt=\"\" width=\"211\" height=\"300\" srcset=\"https:\/\/janze-athletisme.fr\/wordpress\/wp-content\/uploads\/2023\/06\/Horaires-1-211x300.jpg 211w, https:\/\/janze-athletisme.fr\/wordpress\/wp-content\/uploads\/2023\/06\/Horaires-1.jpg 655w\" sizes=\"auto, (max-width: 211px) 100vw, 211px\" \/><\/a><a href=\"https:\/\/janze-athletisme.fr\/wordpress\/wp-content\/uploads\/2023\/06\/Formulaire-inscription-repas-club.jpg\">\u00a0 <img loading=\"lazy\" decoding=\"async\" class=\"alignnone size-medium wp-image-13781\" src=\"https:\/\/janze-athletisme.fr\/wordpress\/wp-content\/uploads\/2023\/06\/Formulaire-inscription-repas-club-213x300.jpg\" alt=\"\" width=\"213\" height=\"300\" \/>\u00a0<\/a> <\/span><\/div>\n<\/div>\n<\/div>\n","protected":false},"excerpt":{"rendered":"<p>Janz\u00e9, samedi 8 juillet Pourquoi associer les deux \u00e9v\u00e8nements ? Parce qu&rsquo;ils auront lieu le m\u00eame jour. Ce sera l&rsquo;occasion de faire la f\u00eate apr\u00e8s la f\u00eate. La f\u00eate du sport l&rsquo;apr\u00e8s-midi, la f\u00eate du club le soir. Tout le monde est invit\u00e9, parents, amis, enfants, grands parents, et ce sera l&rsquo;occasion de saluer nos [&hellip;]<\/p>\n","protected":false},"author":12,"featured_media":13781,"comment_status":"open","ping_status":"open","sticky":false,"template":"","format":"aside","meta":{"_uag_custom_page_level_css":"","site-sidebar-layout":"default","site-content-layout":"default","ast-site-content-layout":"default","site-content-style":"default","site-sidebar-style":"default","ast-global-header-display":"","ast-banner-title-visibility":"","ast-main-header-display":"","ast-hfb-above-header-display":"","ast-hfb-below-header-display":"","ast-hfb-mobile-header-display":"","site-post-title":"","ast-breadcrumbs-content":"","ast-featured-img":"","footer-sml-layout":"","ast-disable-related-posts":"","theme-transparent-header-meta":"default","adv-header-id-meta":"","stick-header-meta":"","header-above-stick-meta":"","header-main-stick-meta":"","header-below-stick-meta":"","astra-migrate-meta-layouts":"default","ast-page-background-enabled":"default","ast-page-background-meta":{"desktop":{"background-color":"var(--ast-global-color-4)","background-image":"","background-repeat":"repeat","background-position":"center center","background-size":"auto","background-attachment":"scroll","background-type":"","background-media":"","overlay-type":"","overlay-color":"","overlay-opacity":"","overlay-gradient":""},"tablet":{"background-color":"","background-image":"","background-repeat":"repeat","background-position":"center center","background-size":"auto","background-attachment":"scroll","background-type":"","background-media":"","overlay-type":"","overlay-color":"","overlay-opacity":"","overlay-gradient":""},"mobile":{"background-color":"","background-image":"","background-repeat":"repeat","background-position":"center center","background-size":"auto","background-attachment":"scroll","background-type":"","background-media":"","overlay-type":"","overlay-color":"","overlay-opacity":"","overlay-gradient":""}},"ast-content-background-meta":{"desktop":{"background-color":"var(--ast-global-color-5)","background-image":"","background-repeat":"repeat","background-position":"center center","background-size":"auto","background-attachment":"scroll","background-type":"","background-media":"","overlay-type":"","overlay-color":"","overlay-opacity":"","overlay-gradient":""},"tablet":{"background-color":"var(--ast-global-color-5)","background-image":"","background-repeat":"repeat","background-position":"center center","background-size":"auto","background-attachment":"scroll","background-type":"","background-media":"","overlay-type":"","overlay-color":"","overlay-opacity":"","overlay-gradient":""},"mobile":{"background-color":"var(--ast-global-color-5)","background-image":"","background-repeat":"repeat","background-position":"center center","background-size":"auto","background-attachment":"scroll","background-type":"","background-media":"","overlay-type":"","overlay-color":"","overlay-opacity":"","overlay-gradient":""}},"footnotes":""},"categories":[6],"tags":[],"class_list":["post-13778","post","type-post","status-publish","format-aside","has-post-thumbnail","hentry","category-sections","post_format-post-format-aside"],"yoast_head":"<!-- This site is optimized with the Yoast SEO plugin v27.5 - https:\/\/yoast.com\/product\/yoast-seo-wordpress\/ -->\n<title>Meeting de Janz\u00e9 et repas du club - Janz\u00e9 Athl\u00e9tisme<\/title>\n<meta name=\"robots\" content=\"index, follow, max-snippet:-1, max-image-preview:large, max-video-preview:-1\" \/>\n<link rel=\"canonical\" href=\"https:\/\/janze-athletisme.fr\/wordpress\/meeting-de-janze-et-repas-du-club\/\" \/>\n<meta property=\"og:locale\" content=\"fr_FR\" \/>\n<meta property=\"og:type\" content=\"article\" \/>\n<meta property=\"og:title\" content=\"Meeting de Janz\u00e9 et repas du club - Janz\u00e9 Athl\u00e9tisme\" \/>\n<meta property=\"og:description\" content=\"Janz\u00e9, samedi 8 juillet Pourquoi associer les deux \u00e9v\u00e8nements ? Parce qu&rsquo;ils auront lieu le m\u00eame jour. Ce sera l&rsquo;occasion de faire la f\u00eate apr\u00e8s la f\u00eate. La f\u00eate du sport l&rsquo;apr\u00e8s-midi, la f\u00eate du club le soir. Tout le monde est invit\u00e9, parents, amis, enfants, grands parents, et ce sera l&rsquo;occasion de saluer nos [&hellip;]\" \/>\n<meta property=\"og:url\" content=\"https:\/\/janze-athletisme.fr\/wordpress\/meeting-de-janze-et-repas-du-club\/\" \/>\n<meta property=\"og:site_name\" content=\"Janz\u00e9 Athl\u00e9tisme\" \/>\n<meta property=\"article:publisher\" content=\"https:\/\/www.facebook.com\/groups\/1007964579346590\" \/>\n<meta property=\"article:published_time\" content=\"2023-06-20T12:12:29+00:00\" \/>\n<meta property=\"og:image\" content=\"https:\/\/janze-athletisme.fr\/wordpress\/wp-content\/uploads\/2023\/06\/Formulaire-inscription-repas-club-e1687263138625.jpg\" \/>\n\t<meta property=\"og:image:width\" content=\"286\" \/>\n\t<meta property=\"og:image:height\" content=\"253\" \/>\n\t<meta property=\"og:image:type\" content=\"image\/jpeg\" \/>\n<meta name=\"author\" content=\"Laurent Meunier\" \/>\n<meta name=\"twitter:card\" content=\"summary_large_image\" \/>\n<meta name=\"twitter:label1\" content=\"\u00c9crit par\" \/>\n\t<meta name=\"twitter:data1\" content=\"Laurent Meunier\" \/>\n\t<meta name=\"twitter:label2\" content=\"Dur\u00e9e de lecture estim\u00e9e\" \/>\n\t<meta name=\"twitter:data2\" content=\"2 minutes\" \/>\n<script type=\"application\/ld+json\" class=\"yoast-schema-graph\">{\"@context\":\"https:\\\/\\\/schema.org\",\"@graph\":[{\"@type\":\"Article\",\"@id\":\"https:\\\/\\\/janze-athletisme.fr\\\/wordpress\\\/meeting-de-janze-et-repas-du-club\\\/#article\",\"isPartOf\":{\"@id\":\"https:\\\/\\\/janze-athletisme.fr\\\/wordpress\\\/meeting-de-janze-et-repas-du-club\\\/\"},\"author\":{\"name\":\"Laurent Meunier\",\"@id\":\"https:\\\/\\\/janze-athletisme.fr\\\/wordpress\\\/#\\\/schema\\\/person\\\/c7b063dcfa6234c041d4d9b26cc2ea03\"},\"headline\":\"Meeting de Janz\u00e9 et repas du club\",\"datePublished\":\"2023-06-20T12:12:29+00:00\",\"mainEntityOfPage\":{\"@id\":\"https:\\\/\\\/janze-athletisme.fr\\\/wordpress\\\/meeting-de-janze-et-repas-du-club\\\/\"},\"wordCount\":209,\"commentCount\":0,\"publisher\":{\"@id\":\"https:\\\/\\\/janze-athletisme.fr\\\/wordpress\\\/#organization\"},\"image\":{\"@id\":\"https:\\\/\\\/janze-athletisme.fr\\\/wordpress\\\/meeting-de-janze-et-repas-du-club\\\/#primaryimage\"},\"thumbnailUrl\":\"https:\\\/\\\/janze-athletisme.fr\\\/wordpress\\\/wp-content\\\/uploads\\\/2023\\\/06\\\/Formulaire-inscription-repas-club-e1687263138625.jpg\",\"articleSection\":[\"Le club au jour le jour\"],\"inLanguage\":\"fr-FR\",\"potentialAction\":[{\"@type\":\"CommentAction\",\"name\":\"Comment\",\"target\":[\"https:\\\/\\\/janze-athletisme.fr\\\/wordpress\\\/meeting-de-janze-et-repas-du-club\\\/#respond\"]}]},{\"@type\":\"WebPage\",\"@id\":\"https:\\\/\\\/janze-athletisme.fr\\\/wordpress\\\/meeting-de-janze-et-repas-du-club\\\/\",\"url\":\"https:\\\/\\\/janze-athletisme.fr\\\/wordpress\\\/meeting-de-janze-et-repas-du-club\\\/\",\"name\":\"Meeting de Janz\u00e9 et repas du club - Janz\u00e9 Athl\u00e9tisme\",\"isPartOf\":{\"@id\":\"https:\\\/\\\/janze-athletisme.fr\\\/wordpress\\\/#website\"},\"primaryImageOfPage\":{\"@id\":\"https:\\\/\\\/janze-athletisme.fr\\\/wordpress\\\/meeting-de-janze-et-repas-du-club\\\/#primaryimage\"},\"image\":{\"@id\":\"https:\\\/\\\/janze-athletisme.fr\\\/wordpress\\\/meeting-de-janze-et-repas-du-club\\\/#primaryimage\"},\"thumbnailUrl\":\"https:\\\/\\\/janze-athletisme.fr\\\/wordpress\\\/wp-content\\\/uploads\\\/2023\\\/06\\\/Formulaire-inscription-repas-club-e1687263138625.jpg\",\"datePublished\":\"2023-06-20T12:12:29+00:00\",\"breadcrumb\":{\"@id\":\"https:\\\/\\\/janze-athletisme.fr\\\/wordpress\\\/meeting-de-janze-et-repas-du-club\\\/#breadcrumb\"},\"inLanguage\":\"fr-FR\",\"potentialAction\":[{\"@type\":\"ReadAction\",\"target\":[\"https:\\\/\\\/janze-athletisme.fr\\\/wordpress\\\/meeting-de-janze-et-repas-du-club\\\/\"]}]},{\"@type\":\"ImageObject\",\"inLanguage\":\"fr-FR\",\"@id\":\"https:\\\/\\\/janze-athletisme.fr\\\/wordpress\\\/meeting-de-janze-et-repas-du-club\\\/#primaryimage\",\"url\":\"https:\\\/\\\/janze-athletisme.fr\\\/wordpress\\\/wp-content\\\/uploads\\\/2023\\\/06\\\/Formulaire-inscription-repas-club-e1687263138625.jpg\",\"contentUrl\":\"https:\\\/\\\/janze-athletisme.fr\\\/wordpress\\\/wp-content\\\/uploads\\\/2023\\\/06\\\/Formulaire-inscription-repas-club-e1687263138625.jpg\",\"width\":286,\"height\":253},{\"@type\":\"BreadcrumbList\",\"@id\":\"https:\\\/\\\/janze-athletisme.fr\\\/wordpress\\\/meeting-de-janze-et-repas-du-club\\\/#breadcrumb\",\"itemListElement\":[{\"@type\":\"ListItem\",\"position\":1,\"name\":\"Accueil\",\"item\":\"https:\\\/\\\/janze-athletisme.fr\\\/wordpress\\\/\"},{\"@type\":\"ListItem\",\"position\":2,\"name\":\"Meeting de Janz\u00e9 et repas du club\"}]},{\"@type\":\"WebSite\",\"@id\":\"https:\\\/\\\/janze-athletisme.fr\\\/wordpress\\\/#website\",\"url\":\"https:\\\/\\\/janze-athletisme.fr\\\/wordpress\\\/\",\"name\":\"Janz\u00e9 Athl\u00e9tisme\",\"description\":\"Pays de La Roche aux F\u00e9es\",\"publisher\":{\"@id\":\"https:\\\/\\\/janze-athletisme.fr\\\/wordpress\\\/#organization\"},\"potentialAction\":[{\"@type\":\"SearchAction\",\"target\":{\"@type\":\"EntryPoint\",\"urlTemplate\":\"https:\\\/\\\/janze-athletisme.fr\\\/wordpress\\\/?s={search_term_string}\"},\"query-input\":{\"@type\":\"PropertyValueSpecification\",\"valueRequired\":true,\"valueName\":\"search_term_string\"}}],\"inLanguage\":\"fr-FR\"},{\"@type\":\"Organization\",\"@id\":\"https:\\\/\\\/janze-athletisme.fr\\\/wordpress\\\/#organization\",\"name\":\"Janz\u00e9 Athl\u00e9tisme\",\"url\":\"https:\\\/\\\/janze-athletisme.fr\\\/wordpress\\\/\",\"logo\":{\"@type\":\"ImageObject\",\"inLanguage\":\"fr-FR\",\"@id\":\"https:\\\/\\\/janze-athletisme.fr\\\/wordpress\\\/#\\\/schema\\\/logo\\\/image\\\/\",\"url\":\"https:\\\/\\\/janze-athletisme.fr\\\/wordpress\\\/wp-content\\\/uploads\\\/2015\\\/03\\\/logo-full1.jpg\",\"contentUrl\":\"https:\\\/\\\/janze-athletisme.fr\\\/wordpress\\\/wp-content\\\/uploads\\\/2015\\\/03\\\/logo-full1.jpg\",\"width\":437,\"height\":205,\"caption\":\"Janz\u00e9 Athl\u00e9tisme\"},\"image\":{\"@id\":\"https:\\\/\\\/janze-athletisme.fr\\\/wordpress\\\/#\\\/schema\\\/logo\\\/image\\\/\"},\"sameAs\":[\"https:\\\/\\\/www.facebook.com\\\/groups\\\/1007964579346590\"]},{\"@type\":\"Person\",\"@id\":\"https:\\\/\\\/janze-athletisme.fr\\\/wordpress\\\/#\\\/schema\\\/person\\\/c7b063dcfa6234c041d4d9b26cc2ea03\",\"name\":\"Laurent Meunier\",\"image\":{\"@type\":\"ImageObject\",\"inLanguage\":\"fr-FR\",\"@id\":\"https:\\\/\\\/secure.gravatar.com\\\/avatar\\\/dd25d581ad7c3349090f2fa6a9adb6bfa287e6a5dd8a5216a092727cd8749034?s=96&d=mm&r=g\",\"url\":\"https:\\\/\\\/secure.gravatar.com\\\/avatar\\\/dd25d581ad7c3349090f2fa6a9adb6bfa287e6a5dd8a5216a092727cd8749034?s=96&d=mm&r=g\",\"contentUrl\":\"https:\\\/\\\/secure.gravatar.com\\\/avatar\\\/dd25d581ad7c3349090f2fa6a9adb6bfa287e6a5dd8a5216a092727cd8749034?s=96&d=mm&r=g\",\"caption\":\"Laurent Meunier\"},\"url\":\"https:\\\/\\\/janze-athletisme.fr\\\/wordpress\\\/author\\\/laurent-meunier35\\\/\"}]}<\/script>\n<!-- \/ Yoast SEO plugin. -->","yoast_head_json":{"title":"Meeting de Janz\u00e9 et repas du club - Janz\u00e9 Athl\u00e9tisme","robots":{"index":"index","follow":"follow","max-snippet":"max-snippet:-1","max-image-preview":"max-image-preview:large","max-video-preview":"max-video-preview:-1"},"canonical":"https:\/\/janze-athletisme.fr\/wordpress\/meeting-de-janze-et-repas-du-club\/","og_locale":"fr_FR","og_type":"article","og_title":"Meeting de Janz\u00e9 et repas du club - Janz\u00e9 Athl\u00e9tisme","og_description":"Janz\u00e9, samedi 8 juillet Pourquoi associer les deux \u00e9v\u00e8nements ? Parce qu&rsquo;ils auront lieu le m\u00eame jour. Ce sera l&rsquo;occasion de faire la f\u00eate apr\u00e8s la f\u00eate. La f\u00eate du sport l&rsquo;apr\u00e8s-midi, la f\u00eate du club le soir. Tout le monde est invit\u00e9, parents, amis, enfants, grands parents, et ce sera l&rsquo;occasion de saluer nos [&hellip;]","og_url":"https:\/\/janze-athletisme.fr\/wordpress\/meeting-de-janze-et-repas-du-club\/","og_site_name":"Janz\u00e9 Athl\u00e9tisme","article_publisher":"https:\/\/www.facebook.com\/groups\/1007964579346590","article_published_time":"2023-06-20T12:12:29+00:00","og_image":[{"width":286,"height":253,"url":"https:\/\/janze-athletisme.fr\/wordpress\/wp-content\/uploads\/2023\/06\/Formulaire-inscription-repas-club-e1687263138625.jpg","type":"image\/jpeg"}],"author":"Laurent Meunier","twitter_card":"summary_large_image","twitter_misc":{"\u00c9crit par":"Laurent Meunier","Dur\u00e9e de lecture estim\u00e9e":"2 minutes"},"schema":{"@context":"https:\/\/schema.org","@graph":[{"@type":"Article","@id":"https:\/\/janze-athletisme.fr\/wordpress\/meeting-de-janze-et-repas-du-club\/#article","isPartOf":{"@id":"https:\/\/janze-athletisme.fr\/wordpress\/meeting-de-janze-et-repas-du-club\/"},"author":{"name":"Laurent Meunier","@id":"https:\/\/janze-athletisme.fr\/wordpress\/#\/schema\/person\/c7b063dcfa6234c041d4d9b26cc2ea03"},"headline":"Meeting de Janz\u00e9 et repas du club","datePublished":"2023-06-20T12:12:29+00:00","mainEntityOfPage":{"@id":"https:\/\/janze-athletisme.fr\/wordpress\/meeting-de-janze-et-repas-du-club\/"},"wordCount":209,"commentCount":0,"publisher":{"@id":"https:\/\/janze-athletisme.fr\/wordpress\/#organization"},"image":{"@id":"https:\/\/janze-athletisme.fr\/wordpress\/meeting-de-janze-et-repas-du-club\/#primaryimage"},"thumbnailUrl":"https:\/\/janze-athletisme.fr\/wordpress\/wp-content\/uploads\/2023\/06\/Formulaire-inscription-repas-club-e1687263138625.jpg","articleSection":["Le club au jour le jour"],"inLanguage":"fr-FR","potentialAction":[{"@type":"CommentAction","name":"Comment","target":["https:\/\/janze-athletisme.fr\/wordpress\/meeting-de-janze-et-repas-du-club\/#respond"]}]},{"@type":"WebPage","@id":"https:\/\/janze-athletisme.fr\/wordpress\/meeting-de-janze-et-repas-du-club\/","url":"https:\/\/janze-athletisme.fr\/wordpress\/meeting-de-janze-et-repas-du-club\/","name":"Meeting de Janz\u00e9 et repas du club - Janz\u00e9 Athl\u00e9tisme","isPartOf":{"@id":"https:\/\/janze-athletisme.fr\/wordpress\/#website"},"primaryImageOfPage":{"@id":"https:\/\/janze-athletisme.fr\/wordpress\/meeting-de-janze-et-repas-du-club\/#primaryimage"},"image":{"@id":"https:\/\/janze-athletisme.fr\/wordpress\/meeting-de-janze-et-repas-du-club\/#primaryimage"},"thumbnailUrl":"https:\/\/janze-athletisme.fr\/wordpress\/wp-content\/uploads\/2023\/06\/Formulaire-inscription-repas-club-e1687263138625.jpg","datePublished":"2023-06-20T12:12:29+00:00","breadcrumb":{"@id":"https:\/\/janze-athletisme.fr\/wordpress\/meeting-de-janze-et-repas-du-club\/#breadcrumb"},"inLanguage":"fr-FR","potentialAction":[{"@type":"ReadAction","target":["https:\/\/janze-athletisme.fr\/wordpress\/meeting-de-janze-et-repas-du-club\/"]}]},{"@type":"ImageObject","inLanguage":"fr-FR","@id":"https:\/\/janze-athletisme.fr\/wordpress\/meeting-de-janze-et-repas-du-club\/#primaryimage","url":"https:\/\/janze-athletisme.fr\/wordpress\/wp-content\/uploads\/2023\/06\/Formulaire-inscription-repas-club-e1687263138625.jpg","contentUrl":"https:\/\/janze-athletisme.fr\/wordpress\/wp-content\/uploads\/2023\/06\/Formulaire-inscription-repas-club-e1687263138625.jpg","width":286,"height":253},{"@type":"BreadcrumbList","@id":"https:\/\/janze-athletisme.fr\/wordpress\/meeting-de-janze-et-repas-du-club\/#breadcrumb","itemListElement":[{"@type":"ListItem","position":1,"name":"Accueil","item":"https:\/\/janze-athletisme.fr\/wordpress\/"},{"@type":"ListItem","position":2,"name":"Meeting de Janz\u00e9 et repas du club"}]},{"@type":"WebSite","@id":"https:\/\/janze-athletisme.fr\/wordpress\/#website","url":"https:\/\/janze-athletisme.fr\/wordpress\/","name":"Janz\u00e9 Athl\u00e9tisme","description":"Pays de La Roche aux F\u00e9es","publisher":{"@id":"https:\/\/janze-athletisme.fr\/wordpress\/#organization"},"potentialAction":[{"@type":"SearchAction","target":{"@type":"EntryPoint","urlTemplate":"https:\/\/janze-athletisme.fr\/wordpress\/?s={search_term_string}"},"query-input":{"@type":"PropertyValueSpecification","valueRequired":true,"valueName":"search_term_string"}}],"inLanguage":"fr-FR"},{"@type":"Organization","@id":"https:\/\/janze-athletisme.fr\/wordpress\/#organization","name":"Janz\u00e9 Athl\u00e9tisme","url":"https:\/\/janze-athletisme.fr\/wordpress\/","logo":{"@type":"ImageObject","inLanguage":"fr-FR","@id":"https:\/\/janze-athletisme.fr\/wordpress\/#\/schema\/logo\/image\/","url":"https:\/\/janze-athletisme.fr\/wordpress\/wp-content\/uploads\/2015\/03\/logo-full1.jpg","contentUrl":"https:\/\/janze-athletisme.fr\/wordpress\/wp-content\/uploads\/2015\/03\/logo-full1.jpg","width":437,"height":205,"caption":"Janz\u00e9 Athl\u00e9tisme"},"image":{"@id":"https:\/\/janze-athletisme.fr\/wordpress\/#\/schema\/logo\/image\/"},"sameAs":["https:\/\/www.facebook.com\/groups\/1007964579346590"]},{"@type":"Person","@id":"https:\/\/janze-athletisme.fr\/wordpress\/#\/schema\/person\/c7b063dcfa6234c041d4d9b26cc2ea03","name":"Laurent Meunier","image":{"@type":"ImageObject","inLanguage":"fr-FR","@id":"https:\/\/secure.gravatar.com\/avatar\/dd25d581ad7c3349090f2fa6a9adb6bfa287e6a5dd8a5216a092727cd8749034?s=96&d=mm&r=g","url":"https:\/\/secure.gravatar.com\/avatar\/dd25d581ad7c3349090f2fa6a9adb6bfa287e6a5dd8a5216a092727cd8749034?s=96&d=mm&r=g","contentUrl":"https:\/\/secure.gravatar.com\/avatar\/dd25d581ad7c3349090f2fa6a9adb6bfa287e6a5dd8a5216a092727cd8749034?s=96&d=mm&r=g","caption":"Laurent Meunier"},"url":"https:\/\/janze-athletisme.fr\/wordpress\/author\/laurent-meunier35\/"}]}},"uagb_featured_image_src":{"full":["https:\/\/janze-athletisme.fr\/wordpress\/wp-content\/uploads\/2023\/06\/Formulaire-inscription-repas-club-e1687263138625.jpg",286,253,false],"thumbnail":["https:\/\/janze-athletisme.fr\/wordpress\/wp-content\/uploads\/2023\/06\/Formulaire-inscription-repas-club-e1687263138625-150x150.jpg",150,150,true],"medium":["https:\/\/janze-athletisme.fr\/wordpress\/wp-content\/uploads\/2023\/06\/Formulaire-inscription-repas-club-213x300.jpg",213,300,true],"medium_large":["https:\/\/janze-athletisme.fr\/wordpress\/wp-content\/uploads\/2023\/06\/Formulaire-inscription-repas-club-e1687263138625.jpg",286,253,false],"large":["https:\/\/janze-athletisme.fr\/wordpress\/wp-content\/uploads\/2023\/06\/Formulaire-inscription-repas-club-e1687263138625.jpg",286,253,false],"1536x1536":["https:\/\/janze-athletisme.fr\/wordpress\/wp-content\/uploads\/2023\/06\/Formulaire-inscription-repas-club-e1687263138625.jpg",286,253,false],"2048x2048":["https:\/\/janze-athletisme.fr\/wordpress\/wp-content\/uploads\/2023\/06\/Formulaire-inscription-repas-club-e1687263138625.jpg",286,253,false]},"uagb_author_info":{"display_name":"Laurent Meunier","author_link":"https:\/\/janze-athletisme.fr\/wordpress\/author\/laurent-meunier35\/"},"uagb_comment_info":0,"uagb_excerpt":"Janz\u00e9, samedi 8 juillet Pourquoi associer les deux \u00e9v\u00e8nements ? Parce qu&rsquo;ils auront lieu le m\u00eame jour. Ce sera l&rsquo;occasion de faire la f\u00eate apr\u00e8s la f\u00eate. La f\u00eate du sport l&rsquo;apr\u00e8s-midi, la f\u00eate du club le soir. Tout le monde est invit\u00e9, parents, amis, enfants, grands parents, et ce sera l&rsquo;occasion de saluer nos\u2026","_links":{"self":[{"href":"https:\/\/janze-athletisme.fr\/wordpress\/wp-json\/wp\/v2\/posts\/13778","targetHints":{"allow":["GET"]}}],"collection":[{"href":"https:\/\/janze-athletisme.fr\/wordpress\/wp-json\/wp\/v2\/posts"}],"about":[{"href":"https:\/\/janze-athletisme.fr\/wordpress\/wp-json\/wp\/v2\/types\/post"}],"author":[{"embeddable":true,"href":"https:\/\/janze-athletisme.fr\/wordpress\/wp-json\/wp\/v2\/users\/12"}],"replies":[{"embeddable":true,"href":"https:\/\/janze-athletisme.fr\/wordpress\/wp-json\/wp\/v2\/comments?post=13778"}],"version-history":[{"count":1,"href":"https:\/\/janze-athletisme.fr\/wordpress\/wp-json\/wp\/v2\/posts\/13778\/revisions"}],"predecessor-version":[{"id":13782,"href":"https:\/\/janze-athletisme.fr\/wordpress\/wp-json\/wp\/v2\/posts\/13778\/revisions\/13782"}],"wp:featuredmedia":[{"embeddable":true,"href":"https:\/\/janze-athletisme.fr\/wordpress\/wp-json\/wp\/v2\/media\/13781"}],"wp:attachment":[{"href":"https:\/\/janze-athletisme.fr\/wordpress\/wp-json\/wp\/v2\/media?parent=13778"}],"wp:term":[{"taxonomy":"category","embeddable":true,"href":"https:\/\/janze-athletisme.fr\/wordpress\/wp-json\/wp\/v2\/categories?post=13778"},{"taxonomy":"post_tag","embeddable":true,"href":"https:\/\/janze-athletisme.fr\/wordpress\/wp-json\/wp\/v2\/tags?post=13778"}],"curies":[{"name":"wp","href":"https:\/\/api.w.org\/{rel}","templated":true}]}}