{"id":13709,"date":"2023-06-18T23:22:14","date_gmt":"2023-06-18T21:22:14","guid":{"rendered":"https:\/\/janze-athletisme.fr\/wordpress\/?p=13709"},"modified":"2023-06-19T20:57:38","modified_gmt":"2023-06-19T18:57:38","slug":"retour-photos-sur-redon","status":"publish","type":"post","link":"https:\/\/janze-athletisme.fr\/wordpress\/retour-photos-sur-redon\/","title":{"rendered":"Retour photos sur Redon"},"content":{"rendered":"<p><span style=\"font-size: 18pt;\"><strong>Championnats de Bretagne Minimes, samedi 17 juin, Redon<br \/>\n<\/strong><\/span><\/p>\n<p><span style=\"font-size: 14pt;\"><strong>Merci nos juges !<\/strong><\/span><\/p>\n<p><a href=\"https:\/\/janze-athletisme.fr\/wordpress\/wp-content\/uploads\/2023\/06\/DSC_8218.jpg\"><img loading=\"lazy\" decoding=\"async\" class=\"alignnone wp-image-13710\" src=\"https:\/\/janze-athletisme.fr\/wordpress\/wp-content\/uploads\/2023\/06\/DSC_8218-200x300.jpg\" alt=\"\" width=\"132\" height=\"199\" srcset=\"https:\/\/janze-athletisme.fr\/wordpress\/wp-content\/uploads\/2023\/06\/DSC_8218-200x300.jpg 200w, https:\/\/janze-athletisme.fr\/wordpress\/wp-content\/uploads\/2023\/06\/DSC_8218-683x1024.jpg 683w, https:\/\/janze-athletisme.fr\/wordpress\/wp-content\/uploads\/2023\/06\/DSC_8218-768x1152.jpg 768w, https:\/\/janze-athletisme.fr\/wordpress\/wp-content\/uploads\/2023\/06\/DSC_8218.jpg 1000w\" sizes=\"auto, (max-width: 132px) 100vw, 132px\" \/> <\/a><a href=\"https:\/\/janze-athletisme.fr\/wordpress\/wp-content\/uploads\/2023\/06\/DSC_8225.jpg\"><img loading=\"lazy\" decoding=\"async\" class=\"alignnone wp-image-13711\" src=\"https:\/\/janze-athletisme.fr\/wordpress\/wp-content\/uploads\/2023\/06\/DSC_8225-206x300.jpg\" alt=\"\" width=\"136\" height=\"198\" srcset=\"https:\/\/janze-athletisme.fr\/wordpress\/wp-content\/uploads\/2023\/06\/DSC_8225-206x300.jpg 206w, https:\/\/janze-athletisme.fr\/wordpress\/wp-content\/uploads\/2023\/06\/DSC_8225-703x1024.jpg 703w, https:\/\/janze-athletisme.fr\/wordpress\/wp-content\/uploads\/2023\/06\/DSC_8225-768x1118.jpg 768w, https:\/\/janze-athletisme.fr\/wordpress\/wp-content\/uploads\/2023\/06\/DSC_8225.jpg 1000w\" sizes=\"auto, (max-width: 136px) 100vw, 136px\" \/><\/a><a href=\"https:\/\/janze-athletisme.fr\/wordpress\/wp-content\/uploads\/2023\/06\/DSC_8284.jpg\"> <img loading=\"lazy\" decoding=\"async\" class=\"alignnone wp-image-13712\" src=\"https:\/\/janze-athletisme.fr\/wordpress\/wp-content\/uploads\/2023\/06\/DSC_8284-202x300.jpg\" alt=\"\" width=\"133\" height=\"197\" srcset=\"https:\/\/janze-athletisme.fr\/wordpress\/wp-content\/uploads\/2023\/06\/DSC_8284-202x300.jpg 202w, https:\/\/janze-athletisme.fr\/wordpress\/wp-content\/uploads\/2023\/06\/DSC_8284-690x1024.jpg 690w, https:\/\/janze-athletisme.fr\/wordpress\/wp-content\/uploads\/2023\/06\/DSC_8284-768x1140.jpg 768w, https:\/\/janze-athletisme.fr\/wordpress\/wp-content\/uploads\/2023\/06\/DSC_8284.jpg 1000w\" sizes=\"auto, (max-width: 133px) 100vw, 133px\" \/> <\/a><a href=\"https:\/\/janze-athletisme.fr\/wordpress\/wp-content\/uploads\/2023\/06\/DSC_8226.jpg\"><img loading=\"lazy\" decoding=\"async\" class=\"alignnone wp-image-13713\" src=\"https:\/\/janze-athletisme.fr\/wordpress\/wp-content\/uploads\/2023\/06\/DSC_8226-207x300.jpg\" alt=\"\" width=\"137\" height=\"198\" srcset=\"https:\/\/janze-athletisme.fr\/wordpress\/wp-content\/uploads\/2023\/06\/DSC_8226-207x300.jpg 207w, https:\/\/janze-athletisme.fr\/wordpress\/wp-content\/uploads\/2023\/06\/DSC_8226-708x1024.jpg 708w, https:\/\/janze-athletisme.fr\/wordpress\/wp-content\/uploads\/2023\/06\/DSC_8226-768x1111.jpg 768w, https:\/\/janze-athletisme.fr\/wordpress\/wp-content\/uploads\/2023\/06\/DSC_8226.jpg 1000w\" sizes=\"auto, (max-width: 137px) 100vw, 137px\" \/> <\/a><a href=\"https:\/\/janze-athletisme.fr\/wordpress\/wp-content\/uploads\/2023\/06\/DSC_8283.jpg\"><img loading=\"lazy\" decoding=\"async\" class=\"alignnone wp-image-13714\" src=\"https:\/\/janze-athletisme.fr\/wordpress\/wp-content\/uploads\/2023\/06\/DSC_8283-300x300.jpg\" alt=\"\" width=\"199\" height=\"199\" srcset=\"https:\/\/janze-athletisme.fr\/wordpress\/wp-content\/uploads\/2023\/06\/DSC_8283-300x300.jpg 300w, https:\/\/janze-athletisme.fr\/wordpress\/wp-content\/uploads\/2023\/06\/DSC_8283-1024x1024.jpg 1024w, https:\/\/janze-athletisme.fr\/wordpress\/wp-content\/uploads\/2023\/06\/DSC_8283-150x150.jpg 150w, https:\/\/janze-athletisme.fr\/wordpress\/wp-content\/uploads\/2023\/06\/DSC_8283-768x768.jpg 768w, https:\/\/janze-athletisme.fr\/wordpress\/wp-content\/uploads\/2023\/06\/DSC_8283.jpg 1200w\" sizes=\"auto, (max-width: 199px) 100vw, 199px\" \/>\u00a0<\/a><\/p>\n<p><span style=\"font-size: 10pt;\"><em>Une fois n&rsquo;est pas coutume, commen\u00e7ons par nos juges, sans qui rien ne serait possible pour nos jeunes : on voit ici <strong>Laurine<\/strong> Chevillard, qui habite d\u00e9sormais Carentoir mais reste fid\u00e8le \u00e0 Janz\u00e9 Athl\u00e9, <strong>Bruno<\/strong> Mariette et <strong>Sandrine<\/strong> L\u00e9v\u00eaque. C\u00f4t\u00e9 Cesson \u00e9taient pr\u00e9sentes \u00e9galement Marie-Odile Doigneaux et M\u00e9lanie L\u00e9v\u00eaque (d\u00e9sol\u00e9, M\u00e9lanie, j&rsquo;ai oubli\u00e9 de te prendre en photo). Merci \u00e0 vous, votre r\u00f4le est essentiel. Pour rappel, on clique sur la photo pour agrandir.<\/em><\/span><\/p>\n<p><strong><span style=\"font-size: 14pt;\">Les m\u00e9daill\u00e9s du jour<\/span><\/strong><\/p>\n<p><a href=\"https:\/\/janze-athletisme.fr\/wordpress\/wp-content\/uploads\/2023\/06\/DSC_8222.jpg\"><img loading=\"lazy\" decoding=\"async\" class=\"alignnone wp-image-13715\" src=\"https:\/\/janze-athletisme.fr\/wordpress\/wp-content\/uploads\/2023\/06\/DSC_8222-199x300.jpg\" alt=\"\" width=\"118\" height=\"178\" srcset=\"https:\/\/janze-athletisme.fr\/wordpress\/wp-content\/uploads\/2023\/06\/DSC_8222-199x300.jpg 199w, https:\/\/janze-athletisme.fr\/wordpress\/wp-content\/uploads\/2023\/06\/DSC_8222-679x1024.jpg 679w, https:\/\/janze-athletisme.fr\/wordpress\/wp-content\/uploads\/2023\/06\/DSC_8222-768x1157.jpg 768w, https:\/\/janze-athletisme.fr\/wordpress\/wp-content\/uploads\/2023\/06\/DSC_8222.jpg 1000w\" sizes=\"auto, (max-width: 118px) 100vw, 118px\" \/> <\/a><a href=\"https:\/\/janze-athletisme.fr\/wordpress\/wp-content\/uploads\/2023\/06\/DSC_8335.jpg\"><img loading=\"lazy\" decoding=\"async\" class=\"alignnone wp-image-13717\" src=\"https:\/\/janze-athletisme.fr\/wordpress\/wp-content\/uploads\/2023\/06\/DSC_8335-203x300.jpg\" alt=\"\" width=\"121\" height=\"179\" srcset=\"https:\/\/janze-athletisme.fr\/wordpress\/wp-content\/uploads\/2023\/06\/DSC_8335-203x300.jpg 203w, https:\/\/janze-athletisme.fr\/wordpress\/wp-content\/uploads\/2023\/06\/DSC_8335-693x1024.jpg 693w, https:\/\/janze-athletisme.fr\/wordpress\/wp-content\/uploads\/2023\/06\/DSC_8335-768x1134.jpg 768w, https:\/\/janze-athletisme.fr\/wordpress\/wp-content\/uploads\/2023\/06\/DSC_8335.jpg 1000w\" sizes=\"auto, (max-width: 121px) 100vw, 121px\" \/> <\/a><a href=\"https:\/\/janze-athletisme.fr\/wordpress\/wp-content\/uploads\/2023\/06\/DSC_8385-1.jpg\"><img loading=\"lazy\" decoding=\"async\" class=\"alignnone wp-image-13718\" src=\"https:\/\/janze-athletisme.fr\/wordpress\/wp-content\/uploads\/2023\/06\/DSC_8385-1-200x300.jpg\" alt=\"\" width=\"120\" height=\"180\" srcset=\"https:\/\/janze-athletisme.fr\/wordpress\/wp-content\/uploads\/2023\/06\/DSC_8385-1-200x300.jpg 200w, https:\/\/janze-athletisme.fr\/wordpress\/wp-content\/uploads\/2023\/06\/DSC_8385-1-683x1024.jpg 683w, https:\/\/janze-athletisme.fr\/wordpress\/wp-content\/uploads\/2023\/06\/DSC_8385-1-768x1152.jpg 768w, https:\/\/janze-athletisme.fr\/wordpress\/wp-content\/uploads\/2023\/06\/DSC_8385-1.jpg 1000w\" sizes=\"auto, (max-width: 120px) 100vw, 120px\" \/> <\/a><a href=\"https:\/\/janze-athletisme.fr\/wordpress\/wp-content\/uploads\/2023\/06\/DSC_8399.jpg\"><img loading=\"lazy\" decoding=\"async\" class=\"alignnone wp-image-13719\" src=\"https:\/\/janze-athletisme.fr\/wordpress\/wp-content\/uploads\/2023\/06\/DSC_8399-200x300.jpg\" alt=\"\" width=\"121\" height=\"182\" srcset=\"https:\/\/janze-athletisme.fr\/wordpress\/wp-content\/uploads\/2023\/06\/DSC_8399-200x300.jpg 200w, https:\/\/janze-athletisme.fr\/wordpress\/wp-content\/uploads\/2023\/06\/DSC_8399-683x1024.jpg 683w, https:\/\/janze-athletisme.fr\/wordpress\/wp-content\/uploads\/2023\/06\/DSC_8399-768x1152.jpg 768w, https:\/\/janze-athletisme.fr\/wordpress\/wp-content\/uploads\/2023\/06\/DSC_8399.jpg 1000w\" sizes=\"auto, (max-width: 121px) 100vw, 121px\" \/> <\/a><a href=\"https:\/\/janze-athletisme.fr\/wordpress\/wp-content\/uploads\/2023\/06\/DSC_8228.jpg\"><img loading=\"lazy\" decoding=\"async\" class=\"alignnone wp-image-13720\" src=\"https:\/\/janze-athletisme.fr\/wordpress\/wp-content\/uploads\/2023\/06\/DSC_8228-203x300.jpg\" alt=\"\" width=\"122\" height=\"181\" srcset=\"https:\/\/janze-athletisme.fr\/wordpress\/wp-content\/uploads\/2023\/06\/DSC_8228-203x300.jpg 203w, https:\/\/janze-athletisme.fr\/wordpress\/wp-content\/uploads\/2023\/06\/DSC_8228-691x1024.jpg 691w, https:\/\/janze-athletisme.fr\/wordpress\/wp-content\/uploads\/2023\/06\/DSC_8228-768x1137.jpg 768w, https:\/\/janze-athletisme.fr\/wordpress\/wp-content\/uploads\/2023\/06\/DSC_8228.jpg 1000w\" sizes=\"auto, (max-width: 122px) 100vw, 122px\" \/> <\/a><a href=\"https:\/\/janze-athletisme.fr\/wordpress\/wp-content\/uploads\/2023\/06\/DSC_8318.jpg\"><img loading=\"lazy\" decoding=\"async\" class=\"alignnone wp-image-13721\" src=\"https:\/\/janze-athletisme.fr\/wordpress\/wp-content\/uploads\/2023\/06\/DSC_8318-202x300.jpg\" alt=\"\" width=\"121\" height=\"180\" srcset=\"https:\/\/janze-athletisme.fr\/wordpress\/wp-content\/uploads\/2023\/06\/DSC_8318-202x300.jpg 202w, https:\/\/janze-athletisme.fr\/wordpress\/wp-content\/uploads\/2023\/06\/DSC_8318-688x1024.jpg 688w, https:\/\/janze-athletisme.fr\/wordpress\/wp-content\/uploads\/2023\/06\/DSC_8318-768x1143.jpg 768w, https:\/\/janze-athletisme.fr\/wordpress\/wp-content\/uploads\/2023\/06\/DSC_8318.jpg 1000w\" sizes=\"auto, (max-width: 121px) 100vw, 121px\" \/><\/a><\/p>\n<p><em><span style=\"font-size: 10pt;\"><strong>Manon<\/strong> Le Nard (bronze sur 200m haies), <strong>Jules<\/strong> Le Dorven (argent au javelot), Luc De Rancourt (bronze au 120m) et <strong>Esteban<\/strong> Bouillaux (bronze sur 2000m).<\/span><\/em><\/p>\n<p><span style=\"font-size: 14pt;\"><strong>Galerie de portraits en pied<\/strong><\/span><\/p>\n<p><a href=\"https:\/\/janze-athletisme.fr\/wordpress\/wp-content\/uploads\/2023\/06\/DSC_8231.jpg\"><img loading=\"lazy\" decoding=\"async\" class=\"alignnone wp-image-13716\" src=\"https:\/\/janze-athletisme.fr\/wordpress\/wp-content\/uploads\/2023\/06\/DSC_8231-202x300.jpg\" alt=\"\" width=\"121\" height=\"180\" srcset=\"https:\/\/janze-athletisme.fr\/wordpress\/wp-content\/uploads\/2023\/06\/DSC_8231-202x300.jpg 202w, https:\/\/janze-athletisme.fr\/wordpress\/wp-content\/uploads\/2023\/06\/DSC_8231-689x1024.jpg 689w, https:\/\/janze-athletisme.fr\/wordpress\/wp-content\/uploads\/2023\/06\/DSC_8231-768x1141.jpg 768w, https:\/\/janze-athletisme.fr\/wordpress\/wp-content\/uploads\/2023\/06\/DSC_8231.jpg 1000w\" sizes=\"auto, (max-width: 121px) 100vw, 121px\" \/> <\/a><a href=\"https:\/\/janze-athletisme.fr\/wordpress\/wp-content\/uploads\/2023\/06\/DSC_8233.jpg\"><img loading=\"lazy\" decoding=\"async\" class=\"alignnone wp-image-13722\" src=\"https:\/\/janze-athletisme.fr\/wordpress\/wp-content\/uploads\/2023\/06\/DSC_8233-202x300.jpg\" alt=\"\" width=\"121\" height=\"180\" srcset=\"https:\/\/janze-athletisme.fr\/wordpress\/wp-content\/uploads\/2023\/06\/DSC_8233-202x300.jpg 202w, https:\/\/janze-athletisme.fr\/wordpress\/wp-content\/uploads\/2023\/06\/DSC_8233-690x1024.jpg 690w, https:\/\/janze-athletisme.fr\/wordpress\/wp-content\/uploads\/2023\/06\/DSC_8233-768x1140.jpg 768w, https:\/\/janze-athletisme.fr\/wordpress\/wp-content\/uploads\/2023\/06\/DSC_8233.jpg 1000w\" sizes=\"auto, (max-width: 121px) 100vw, 121px\" \/> <\/a><a href=\"https:\/\/janze-athletisme.fr\/wordpress\/wp-content\/uploads\/2023\/06\/DSC_8236.jpg\"><img loading=\"lazy\" decoding=\"async\" class=\"alignnone wp-image-13723\" src=\"https:\/\/janze-athletisme.fr\/wordpress\/wp-content\/uploads\/2023\/06\/DSC_8236-202x300.jpg\" alt=\"\" width=\"122\" height=\"181\" srcset=\"https:\/\/janze-athletisme.fr\/wordpress\/wp-content\/uploads\/2023\/06\/DSC_8236-202x300.jpg 202w, https:\/\/janze-athletisme.fr\/wordpress\/wp-content\/uploads\/2023\/06\/DSC_8236-691x1024.jpg 691w, https:\/\/janze-athletisme.fr\/wordpress\/wp-content\/uploads\/2023\/06\/DSC_8236-768x1138.jpg 768w, https:\/\/janze-athletisme.fr\/wordpress\/wp-content\/uploads\/2023\/06\/DSC_8236.jpg 1000w\" sizes=\"auto, (max-width: 122px) 100vw, 122px\" \/> <\/a><a href=\"https:\/\/janze-athletisme.fr\/wordpress\/wp-content\/uploads\/2023\/06\/DSC_8259.jpg\"><img loading=\"lazy\" decoding=\"async\" class=\"alignnone wp-image-13724\" src=\"https:\/\/janze-athletisme.fr\/wordpress\/wp-content\/uploads\/2023\/06\/DSC_8259-201x300.jpg\" alt=\"\" width=\"123\" height=\"184\" srcset=\"https:\/\/janze-athletisme.fr\/wordpress\/wp-content\/uploads\/2023\/06\/DSC_8259-201x300.jpg 201w, https:\/\/janze-athletisme.fr\/wordpress\/wp-content\/uploads\/2023\/06\/DSC_8259-685x1024.jpg 685w, https:\/\/janze-athletisme.fr\/wordpress\/wp-content\/uploads\/2023\/06\/DSC_8259-768x1148.jpg 768w, https:\/\/janze-athletisme.fr\/wordpress\/wp-content\/uploads\/2023\/06\/DSC_8259.jpg 1000w\" sizes=\"auto, (max-width: 123px) 100vw, 123px\" \/> <\/a><a href=\"https:\/\/janze-athletisme.fr\/wordpress\/wp-content\/uploads\/2023\/06\/DSC_8277.jpg\"><img loading=\"lazy\" decoding=\"async\" class=\"alignnone wp-image-13726\" src=\"https:\/\/janze-athletisme.fr\/wordpress\/wp-content\/uploads\/2023\/06\/DSC_8277-204x300.jpg\" alt=\"\" width=\"126\" height=\"186\" srcset=\"https:\/\/janze-athletisme.fr\/wordpress\/wp-content\/uploads\/2023\/06\/DSC_8277-204x300.jpg 204w, https:\/\/janze-athletisme.fr\/wordpress\/wp-content\/uploads\/2023\/06\/DSC_8277-696x1024.jpg 696w, https:\/\/janze-athletisme.fr\/wordpress\/wp-content\/uploads\/2023\/06\/DSC_8277-768x1130.jpg 768w, https:\/\/janze-athletisme.fr\/wordpress\/wp-content\/uploads\/2023\/06\/DSC_8277.jpg 1000w\" sizes=\"auto, (max-width: 126px) 100vw, 126px\" \/> <\/a><a href=\"https:\/\/janze-athletisme.fr\/wordpress\/wp-content\/uploads\/2023\/06\/DSC_8280.jpg\"><img loading=\"lazy\" decoding=\"async\" class=\"alignnone wp-image-13727\" src=\"https:\/\/janze-athletisme.fr\/wordpress\/wp-content\/uploads\/2023\/06\/DSC_8280-205x300.jpg\" alt=\"\" width=\"126\" height=\"185\" srcset=\"https:\/\/janze-athletisme.fr\/wordpress\/wp-content\/uploads\/2023\/06\/DSC_8280-205x300.jpg 205w, https:\/\/janze-athletisme.fr\/wordpress\/wp-content\/uploads\/2023\/06\/DSC_8280-698x1024.jpg 698w, https:\/\/janze-athletisme.fr\/wordpress\/wp-content\/uploads\/2023\/06\/DSC_8280-768x1126.jpg 768w, https:\/\/janze-athletisme.fr\/wordpress\/wp-content\/uploads\/2023\/06\/DSC_8280.jpg 1000w\" sizes=\"auto, (max-width: 126px) 100vw, 126px\" \/><\/a><\/p>\n<p><a href=\"https:\/\/janze-athletisme.fr\/wordpress\/wp-content\/uploads\/2023\/06\/DSC_8286.jpg\"><img loading=\"lazy\" decoding=\"async\" class=\"alignnone wp-image-13728\" src=\"https:\/\/janze-athletisme.fr\/wordpress\/wp-content\/uploads\/2023\/06\/DSC_8286-200x300.jpg\" alt=\"\" width=\"119\" height=\"179\" srcset=\"https:\/\/janze-athletisme.fr\/wordpress\/wp-content\/uploads\/2023\/06\/DSC_8286-200x300.jpg 200w, https:\/\/janze-athletisme.fr\/wordpress\/wp-content\/uploads\/2023\/06\/DSC_8286-684x1024.jpg 684w, https:\/\/janze-athletisme.fr\/wordpress\/wp-content\/uploads\/2023\/06\/DSC_8286-768x1150.jpg 768w, https:\/\/janze-athletisme.fr\/wordpress\/wp-content\/uploads\/2023\/06\/DSC_8286.jpg 1000w\" sizes=\"auto, (max-width: 119px) 100vw, 119px\" \/> <\/a><a href=\"https:\/\/janze-athletisme.fr\/wordpress\/wp-content\/uploads\/2023\/06\/DSC_8312-1.jpg\"><img loading=\"lazy\" decoding=\"async\" class=\"alignnone wp-image-13729\" src=\"https:\/\/janze-athletisme.fr\/wordpress\/wp-content\/uploads\/2023\/06\/DSC_8312-1-202x300.jpg\" alt=\"\" width=\"120\" height=\"178\" srcset=\"https:\/\/janze-athletisme.fr\/wordpress\/wp-content\/uploads\/2023\/06\/DSC_8312-1-202x300.jpg 202w, https:\/\/janze-athletisme.fr\/wordpress\/wp-content\/uploads\/2023\/06\/DSC_8312-1-688x1024.jpg 688w, https:\/\/janze-athletisme.fr\/wordpress\/wp-content\/uploads\/2023\/06\/DSC_8312-1-768x1143.jpg 768w, https:\/\/janze-athletisme.fr\/wordpress\/wp-content\/uploads\/2023\/06\/DSC_8312-1.jpg 1000w\" sizes=\"auto, (max-width: 120px) 100vw, 120px\" \/> <\/a><a href=\"https:\/\/janze-athletisme.fr\/wordpress\/wp-content\/uploads\/2023\/06\/DSC_8314.jpg\"><img loading=\"lazy\" decoding=\"async\" class=\"alignnone wp-image-13730\" src=\"https:\/\/janze-athletisme.fr\/wordpress\/wp-content\/uploads\/2023\/06\/DSC_8314-204x300.jpg\" alt=\"\" width=\"123\" height=\"181\" srcset=\"https:\/\/janze-athletisme.fr\/wordpress\/wp-content\/uploads\/2023\/06\/DSC_8314-204x300.jpg 204w, https:\/\/janze-athletisme.fr\/wordpress\/wp-content\/uploads\/2023\/06\/DSC_8314-696x1024.jpg 696w, https:\/\/janze-athletisme.fr\/wordpress\/wp-content\/uploads\/2023\/06\/DSC_8314-768x1130.jpg 768w, https:\/\/janze-athletisme.fr\/wordpress\/wp-content\/uploads\/2023\/06\/DSC_8314.jpg 1000w\" sizes=\"auto, (max-width: 123px) 100vw, 123px\" \/><\/a> <a href=\"https:\/\/janze-athletisme.fr\/wordpress\/wp-content\/uploads\/2023\/06\/DSC_8356.jpg\"><img loading=\"lazy\" decoding=\"async\" class=\"alignnone wp-image-13732\" src=\"https:\/\/janze-athletisme.fr\/wordpress\/wp-content\/uploads\/2023\/06\/DSC_8356-200x300.jpg\" alt=\"\" width=\"123\" height=\"185\" srcset=\"https:\/\/janze-athletisme.fr\/wordpress\/wp-content\/uploads\/2023\/06\/DSC_8356-200x300.jpg 200w, https:\/\/janze-athletisme.fr\/wordpress\/wp-content\/uploads\/2023\/06\/DSC_8356-684x1024.jpg 684w, https:\/\/janze-athletisme.fr\/wordpress\/wp-content\/uploads\/2023\/06\/DSC_8356-768x1150.jpg 768w, https:\/\/janze-athletisme.fr\/wordpress\/wp-content\/uploads\/2023\/06\/DSC_8356.jpg 1000w\" sizes=\"auto, (max-width: 123px) 100vw, 123px\" \/>\u00a0<\/a><a href=\"https:\/\/janze-athletisme.fr\/wordpress\/wp-content\/uploads\/2023\/06\/DSC_8371.jpg\"><img loading=\"lazy\" decoding=\"async\" class=\"alignnone wp-image-13731\" src=\"https:\/\/janze-athletisme.fr\/wordpress\/wp-content\/uploads\/2023\/06\/DSC_8371-201x300.jpg\" alt=\"\" width=\"124\" height=\"186\" srcset=\"https:\/\/janze-athletisme.fr\/wordpress\/wp-content\/uploads\/2023\/06\/DSC_8371-201x300.jpg 201w, https:\/\/janze-athletisme.fr\/wordpress\/wp-content\/uploads\/2023\/06\/DSC_8371-685x1024.jpg 685w, https:\/\/janze-athletisme.fr\/wordpress\/wp-content\/uploads\/2023\/06\/DSC_8371-768x1148.jpg 768w, https:\/\/janze-athletisme.fr\/wordpress\/wp-content\/uploads\/2023\/06\/DSC_8371.jpg 1000w\" sizes=\"auto, (max-width: 124px) 100vw, 124px\" \/> <\/a><a href=\"https:\/\/janze-athletisme.fr\/wordpress\/wp-content\/uploads\/2023\/06\/DSC_8392.jpg\"><img loading=\"lazy\" decoding=\"async\" class=\"alignnone wp-image-13733\" src=\"https:\/\/janze-athletisme.fr\/wordpress\/wp-content\/uploads\/2023\/06\/DSC_8392-199x300.jpg\" alt=\"\" width=\"124\" height=\"186\" srcset=\"https:\/\/janze-athletisme.fr\/wordpress\/wp-content\/uploads\/2023\/06\/DSC_8392-199x300.jpg 199w, https:\/\/janze-athletisme.fr\/wordpress\/wp-content\/uploads\/2023\/06\/DSC_8392-678x1024.jpg 678w, https:\/\/janze-athletisme.fr\/wordpress\/wp-content\/uploads\/2023\/06\/DSC_8392-768x1160.jpg 768w, https:\/\/janze-athletisme.fr\/wordpress\/wp-content\/uploads\/2023\/06\/DSC_8392.jpg 1000w\" sizes=\"auto, (max-width: 124px) 100vw, 124px\" \/><\/a><\/p>\n<p><span style=\"font-size: 10pt;\"><em><strong>Manon<\/strong>, Ad\u00e8le, <strong>Esteban P<\/strong>, <strong>L\u00e9a<\/strong>, <strong>Faustine<\/strong>, <strong>Bertille<\/strong>, <strong>Solyne<\/strong>, <strong>Esteban B<\/strong>, <strong>Rapha\u00ebl<\/strong>, Luc, <strong>Cl\u00e9mence<\/strong>, <strong>L\u00e9o<\/strong>.<\/em> <\/span><\/p>\n<p><span style=\"font-size: 14pt;\"><strong>Sprint et 1\/2 fond en vedette<\/strong><\/span><\/p>\n<p><a href=\"https:\/\/janze-athletisme.fr\/wordpress\/wp-content\/uploads\/2023\/06\/DSC_8241-scaled.jpg\"><img loading=\"lazy\" decoding=\"async\" class=\"alignnone wp-image-13734\" src=\"https:\/\/janze-athletisme.fr\/wordpress\/wp-content\/uploads\/2023\/06\/DSC_8241-300x110.jpg\" alt=\"\" width=\"319\" height=\"117\" srcset=\"https:\/\/janze-athletisme.fr\/wordpress\/wp-content\/uploads\/2023\/06\/DSC_8241-300x110.jpg 300w, https:\/\/janze-athletisme.fr\/wordpress\/wp-content\/uploads\/2023\/06\/DSC_8241-1024x375.jpg 1024w, https:\/\/janze-athletisme.fr\/wordpress\/wp-content\/uploads\/2023\/06\/DSC_8241-768x281.jpg 768w, https:\/\/janze-athletisme.fr\/wordpress\/wp-content\/uploads\/2023\/06\/DSC_8241-1536x563.jpg 1536w, https:\/\/janze-athletisme.fr\/wordpress\/wp-content\/uploads\/2023\/06\/DSC_8241-2048x750.jpg 2048w\" sizes=\"auto, (max-width: 319px) 100vw, 319px\" \/> <\/a><a href=\"https:\/\/janze-athletisme.fr\/wordpress\/wp-content\/uploads\/2023\/06\/DSC_8245-scaled.jpg\"><img loading=\"lazy\" decoding=\"async\" class=\"alignnone wp-image-13735\" src=\"https:\/\/janze-athletisme.fr\/wordpress\/wp-content\/uploads\/2023\/06\/DSC_8245-300x83.jpg\" alt=\"\" width=\"425\" height=\"118\" srcset=\"https:\/\/janze-athletisme.fr\/wordpress\/wp-content\/uploads\/2023\/06\/DSC_8245-300x83.jpg 300w, https:\/\/janze-athletisme.fr\/wordpress\/wp-content\/uploads\/2023\/06\/DSC_8245-1024x284.jpg 1024w, https:\/\/janze-athletisme.fr\/wordpress\/wp-content\/uploads\/2023\/06\/DSC_8245-768x213.jpg 768w, https:\/\/janze-athletisme.fr\/wordpress\/wp-content\/uploads\/2023\/06\/DSC_8245-1536x426.jpg 1536w, https:\/\/janze-athletisme.fr\/wordpress\/wp-content\/uploads\/2023\/06\/DSC_8245-2048x568.jpg 2048w\" sizes=\"auto, (max-width: 425px) 100vw, 425px\" \/><\/a><\/p>\n<p><span style=\"font-size: 10pt;\"><em>La finale du 80m, avec <strong>Quentin<\/strong> et Luc, puis la finale B, avec <strong>Elouan<\/strong>.<\/em> <\/span><\/p>\n<p><a href=\"https:\/\/janze-athletisme.fr\/wordpress\/wp-content\/uploads\/2023\/06\/DSC_8258-scaled.jpg\"><img loading=\"lazy\" decoding=\"async\" class=\"alignnone wp-image-13736\" src=\"https:\/\/janze-athletisme.fr\/wordpress\/wp-content\/uploads\/2023\/06\/DSC_8258-300x133.jpg\" alt=\"\" width=\"346\" height=\"154\" srcset=\"https:\/\/janze-athletisme.fr\/wordpress\/wp-content\/uploads\/2023\/06\/DSC_8258-300x133.jpg 300w, https:\/\/janze-athletisme.fr\/wordpress\/wp-content\/uploads\/2023\/06\/DSC_8258-1024x453.jpg 1024w, https:\/\/janze-athletisme.fr\/wordpress\/wp-content\/uploads\/2023\/06\/DSC_8258-768x339.jpg 768w, https:\/\/janze-athletisme.fr\/wordpress\/wp-content\/uploads\/2023\/06\/DSC_8258-1536x679.jpg 1536w, https:\/\/janze-athletisme.fr\/wordpress\/wp-content\/uploads\/2023\/06\/DSC_8258-2048x905.jpg 2048w\" sizes=\"auto, (max-width: 346px) 100vw, 346px\" \/><\/a> <a href=\"https:\/\/janze-athletisme.fr\/wordpress\/wp-content\/uploads\/2023\/06\/DSC_8300-scaled.jpg\"><img loading=\"lazy\" decoding=\"async\" class=\"alignnone wp-image-13737\" src=\"https:\/\/janze-athletisme.fr\/wordpress\/wp-content\/uploads\/2023\/06\/DSC_8300-300x115.jpg\" alt=\"\" width=\"401\" height=\"154\" srcset=\"https:\/\/janze-athletisme.fr\/wordpress\/wp-content\/uploads\/2023\/06\/DSC_8300-300x115.jpg 300w, https:\/\/janze-athletisme.fr\/wordpress\/wp-content\/uploads\/2023\/06\/DSC_8300-1024x393.jpg 1024w, https:\/\/janze-athletisme.fr\/wordpress\/wp-content\/uploads\/2023\/06\/DSC_8300-768x295.jpg 768w, https:\/\/janze-athletisme.fr\/wordpress\/wp-content\/uploads\/2023\/06\/DSC_8300-1536x589.jpg 1536w, https:\/\/janze-athletisme.fr\/wordpress\/wp-content\/uploads\/2023\/06\/DSC_8300-2048x786.jpg 2048w\" sizes=\"auto, (max-width: 401px) 100vw, 401px\" \/> <\/a><\/p>\n<p><span style=\"font-size: 10pt;\"><em>La t\u00eate de course sur le 2000m filles, avec <strong>L\u00e9a<\/strong> et <strong>Faustine<\/strong> dans le bon wagon. La m\u00eame t\u00eate de course sur le 2000m gar\u00e7ons, avec <strong>Esteban<\/strong> en embuscade et <strong>Rapha\u00ebl<\/strong> pas loin. Super gestion de nos jeunes !<\/em> <\/span><\/p>\n<p><strong><span style=\"font-size: 14pt;\">Sc\u00e8nes vues <\/span><\/strong><\/p>\n<p><a href=\"https:\/\/janze-athletisme.fr\/wordpress\/wp-content\/uploads\/2023\/06\/DSC_8330.jpg\"><img loading=\"lazy\" decoding=\"async\" class=\"alignnone wp-image-13738\" src=\"https:\/\/janze-athletisme.fr\/wordpress\/wp-content\/uploads\/2023\/06\/DSC_8330-300x201.jpg\" alt=\"\" width=\"249\" height=\"167\" srcset=\"https:\/\/janze-athletisme.fr\/wordpress\/wp-content\/uploads\/2023\/06\/DSC_8330-300x201.jpg 300w, https:\/\/janze-athletisme.fr\/wordpress\/wp-content\/uploads\/2023\/06\/DSC_8330-1024x686.jpg 1024w, https:\/\/janze-athletisme.fr\/wordpress\/wp-content\/uploads\/2023\/06\/DSC_8330-768x515.jpg 768w, https:\/\/janze-athletisme.fr\/wordpress\/wp-content\/uploads\/2023\/06\/DSC_8330.jpg 1492w\" sizes=\"auto, (max-width: 249px) 100vw, 249px\" \/> <\/a><a href=\"https:\/\/janze-athletisme.fr\/wordpress\/wp-content\/uploads\/2023\/06\/DSC_8343.jpg\"><img loading=\"lazy\" decoding=\"async\" class=\"alignnone wp-image-13739\" src=\"https:\/\/janze-athletisme.fr\/wordpress\/wp-content\/uploads\/2023\/06\/DSC_8343-300x200.jpg\" alt=\"\" width=\"252\" height=\"168\" srcset=\"https:\/\/janze-athletisme.fr\/wordpress\/wp-content\/uploads\/2023\/06\/DSC_8343-300x200.jpg 300w, https:\/\/janze-athletisme.fr\/wordpress\/wp-content\/uploads\/2023\/06\/DSC_8343-1024x683.jpg 1024w, https:\/\/janze-athletisme.fr\/wordpress\/wp-content\/uploads\/2023\/06\/DSC_8343-768x512.jpg 768w, https:\/\/janze-athletisme.fr\/wordpress\/wp-content\/uploads\/2023\/06\/DSC_8343.jpg 1500w\" sizes=\"auto, (max-width: 252px) 100vw, 252px\" \/> <\/a><a href=\"https:\/\/janze-athletisme.fr\/wordpress\/wp-content\/uploads\/2023\/06\/DSC_8381.jpg\"><img loading=\"lazy\" decoding=\"async\" class=\"alignnone wp-image-13740\" src=\"https:\/\/janze-athletisme.fr\/wordpress\/wp-content\/uploads\/2023\/06\/DSC_8381-300x200.jpg\" alt=\"\" width=\"255\" height=\"170\" srcset=\"https:\/\/janze-athletisme.fr\/wordpress\/wp-content\/uploads\/2023\/06\/DSC_8381-300x200.jpg 300w, https:\/\/janze-athletisme.fr\/wordpress\/wp-content\/uploads\/2023\/06\/DSC_8381-1024x683.jpg 1024w, https:\/\/janze-athletisme.fr\/wordpress\/wp-content\/uploads\/2023\/06\/DSC_8381-768x512.jpg 768w, https:\/\/janze-athletisme.fr\/wordpress\/wp-content\/uploads\/2023\/06\/DSC_8381.jpg 1500w\" sizes=\"auto, (max-width: 255px) 100vw, 255px\" \/><\/a><\/p>\n<p><a href=\"https:\/\/janze-athletisme.fr\/wordpress\/wp-content\/uploads\/2023\/06\/DSC_8383.jpg\"><img loading=\"lazy\" decoding=\"async\" class=\"alignnone wp-image-13741\" src=\"https:\/\/janze-athletisme.fr\/wordpress\/wp-content\/uploads\/2023\/06\/DSC_8383-300x200.jpg\" alt=\"\" width=\"253\" height=\"168\" srcset=\"https:\/\/janze-athletisme.fr\/wordpress\/wp-content\/uploads\/2023\/06\/DSC_8383-300x200.jpg 300w, https:\/\/janze-athletisme.fr\/wordpress\/wp-content\/uploads\/2023\/06\/DSC_8383-1024x683.jpg 1024w, https:\/\/janze-athletisme.fr\/wordpress\/wp-content\/uploads\/2023\/06\/DSC_8383-768x512.jpg 768w, https:\/\/janze-athletisme.fr\/wordpress\/wp-content\/uploads\/2023\/06\/DSC_8383.jpg 1500w\" sizes=\"auto, (max-width: 253px) 100vw, 253px\" \/> <\/a><a href=\"https:\/\/janze-athletisme.fr\/wordpress\/wp-content\/uploads\/2023\/06\/DSC_8403.jpg\"><img loading=\"lazy\" decoding=\"async\" class=\"alignnone wp-image-13742\" src=\"https:\/\/janze-athletisme.fr\/wordpress\/wp-content\/uploads\/2023\/06\/DSC_8403-300x200.jpg\" alt=\"\" width=\"252\" height=\"168\" srcset=\"https:\/\/janze-athletisme.fr\/wordpress\/wp-content\/uploads\/2023\/06\/DSC_8403-300x200.jpg 300w, https:\/\/janze-athletisme.fr\/wordpress\/wp-content\/uploads\/2023\/06\/DSC_8403-1024x684.jpg 1024w, https:\/\/janze-athletisme.fr\/wordpress\/wp-content\/uploads\/2023\/06\/DSC_8403-768x513.jpg 768w, https:\/\/janze-athletisme.fr\/wordpress\/wp-content\/uploads\/2023\/06\/DSC_8403.jpg 1497w\" sizes=\"auto, (max-width: 252px) 100vw, 252px\" \/><\/a><a href=\"https:\/\/janze-athletisme.fr\/wordpress\/wp-content\/uploads\/2023\/06\/DSC_8405.jpg\"> <img loading=\"lazy\" decoding=\"async\" class=\"alignnone wp-image-13743\" src=\"https:\/\/janze-athletisme.fr\/wordpress\/wp-content\/uploads\/2023\/06\/DSC_8405-300x201.jpg\" alt=\"\" width=\"252\" height=\"169\" srcset=\"https:\/\/janze-athletisme.fr\/wordpress\/wp-content\/uploads\/2023\/06\/DSC_8405-300x201.jpg 300w, https:\/\/janze-athletisme.fr\/wordpress\/wp-content\/uploads\/2023\/06\/DSC_8405-1024x688.jpg 1024w, https:\/\/janze-athletisme.fr\/wordpress\/wp-content\/uploads\/2023\/06\/DSC_8405-768x516.jpg 768w, https:\/\/janze-athletisme.fr\/wordpress\/wp-content\/uploads\/2023\/06\/DSC_8405.jpg 1489w\" sizes=\"auto, (max-width: 252px) 100vw, 252px\" \/><\/a><\/p>\n<p><span style=\"font-size: 10pt;\"><em><strong>Sharleen<\/strong>, Clara, Ad\u00e8le. Esteban B cuit apr\u00e8s son 2000m. Des supporters aux anges (David avec Jules, Carole avec Mathis). Les deux relais : Ad\u00e8le, Clara, <strong>Sharleen<\/strong>, <strong>Manon<\/strong>, puis <strong>Elouan<\/strong>, <strong>Quentin<\/strong>, Luc et Bruno (Renan rempla\u00e7ant). H\u00e9las ils ont \u00e9t\u00e9 malheureux tous les deux. Un juge de Vannes nous a vann\u00e9 : vous n&rsquo;avez pas de chance avec vos relais ! C&rsquo;est vrai qu&rsquo;apr\u00e8s le 4 x 100m du 1er tour Interclubs, le 8\/2\/2\/8 de Vannes, et cette fois les deux relais qui coincent, on a du pain sur la planche. On va proposer des sessions sp\u00e9ciales passages de t\u00e9moin entre Bain, Cesson et Janz\u00e9.<\/em> <\/span><\/p>\n<p><a href=\"https:\/\/janze-athletisme.fr\/wordpress\/wp-content\/uploads\/2023\/06\/DSC_8425.jpg\"><img loading=\"lazy\" decoding=\"async\" class=\"alignnone wp-image-13748\" src=\"https:\/\/janze-athletisme.fr\/wordpress\/wp-content\/uploads\/2023\/06\/DSC_8425-300x203.jpg\" alt=\"\" width=\"177\" height=\"120\" srcset=\"https:\/\/janze-athletisme.fr\/wordpress\/wp-content\/uploads\/2023\/06\/DSC_8425-300x203.jpg 300w, https:\/\/janze-athletisme.fr\/wordpress\/wp-content\/uploads\/2023\/06\/DSC_8425-1024x693.jpg 1024w, https:\/\/janze-athletisme.fr\/wordpress\/wp-content\/uploads\/2023\/06\/DSC_8425-768x520.jpg 768w, https:\/\/janze-athletisme.fr\/wordpress\/wp-content\/uploads\/2023\/06\/DSC_8425.jpg 1477w\" sizes=\"auto, (max-width: 177px) 100vw, 177px\" \/><\/a><a href=\"https:\/\/janze-athletisme.fr\/wordpress\/wp-content\/uploads\/2023\/06\/DSC_8474.jpg\">\u00a0<img loading=\"lazy\" decoding=\"async\" class=\"alignnone wp-image-13744\" src=\"https:\/\/janze-athletisme.fr\/wordpress\/wp-content\/uploads\/2023\/06\/DSC_8474-300x198.jpg\" alt=\"\" width=\"182\" height=\"120\" srcset=\"https:\/\/janze-athletisme.fr\/wordpress\/wp-content\/uploads\/2023\/06\/DSC_8474-300x198.jpg 300w, https:\/\/janze-athletisme.fr\/wordpress\/wp-content\/uploads\/2023\/06\/DSC_8474-1024x675.jpg 1024w, https:\/\/janze-athletisme.fr\/wordpress\/wp-content\/uploads\/2023\/06\/DSC_8474-768x506.jpg 768w, https:\/\/janze-athletisme.fr\/wordpress\/wp-content\/uploads\/2023\/06\/DSC_8474.jpg 1518w\" sizes=\"auto, (max-width: 182px) 100vw, 182px\" \/> <\/a><a href=\"https:\/\/janze-athletisme.fr\/wordpress\/wp-content\/uploads\/2023\/06\/DSC_8411.jpg\"><img loading=\"lazy\" decoding=\"async\" class=\"alignnone wp-image-13745\" src=\"https:\/\/janze-athletisme.fr\/wordpress\/wp-content\/uploads\/2023\/06\/DSC_8411-200x300.jpg\" alt=\"\" width=\"80\" height=\"120\" srcset=\"https:\/\/janze-athletisme.fr\/wordpress\/wp-content\/uploads\/2023\/06\/DSC_8411-200x300.jpg 200w, https:\/\/janze-athletisme.fr\/wordpress\/wp-content\/uploads\/2023\/06\/DSC_8411-683x1024.jpg 683w, https:\/\/janze-athletisme.fr\/wordpress\/wp-content\/uploads\/2023\/06\/DSC_8411-768x1152.jpg 768w, https:\/\/janze-athletisme.fr\/wordpress\/wp-content\/uploads\/2023\/06\/DSC_8411.jpg 1000w\" sizes=\"auto, (max-width: 80px) 100vw, 80px\" \/> <\/a><a href=\"https:\/\/janze-athletisme.fr\/wordpress\/wp-content\/uploads\/2023\/06\/DSC_8485.jpg\"><img loading=\"lazy\" decoding=\"async\" class=\"alignnone wp-image-13746\" src=\"https:\/\/janze-athletisme.fr\/wordpress\/wp-content\/uploads\/2023\/06\/DSC_8485-300x300.jpg\" alt=\"\" width=\"122\" height=\"122\" srcset=\"https:\/\/janze-athletisme.fr\/wordpress\/wp-content\/uploads\/2023\/06\/DSC_8485-300x300.jpg 300w, https:\/\/janze-athletisme.fr\/wordpress\/wp-content\/uploads\/2023\/06\/DSC_8485-1024x1024.jpg 1024w, https:\/\/janze-athletisme.fr\/wordpress\/wp-content\/uploads\/2023\/06\/DSC_8485-150x150.jpg 150w, https:\/\/janze-athletisme.fr\/wordpress\/wp-content\/uploads\/2023\/06\/DSC_8485-768x768.jpg 768w, https:\/\/janze-athletisme.fr\/wordpress\/wp-content\/uploads\/2023\/06\/DSC_8485.jpg 1200w\" sizes=\"auto, (max-width: 122px) 100vw, 122px\" \/> <\/a><a href=\"https:\/\/janze-athletisme.fr\/wordpress\/wp-content\/uploads\/2023\/06\/DSC_8487.jpg\"><img loading=\"lazy\" decoding=\"async\" class=\"alignnone wp-image-13747\" src=\"https:\/\/janze-athletisme.fr\/wordpress\/wp-content\/uploads\/2023\/06\/DSC_8487-300x199.jpg\" alt=\"\" width=\"185\" height=\"122\" srcset=\"https:\/\/janze-athletisme.fr\/wordpress\/wp-content\/uploads\/2023\/06\/DSC_8487-300x199.jpg 300w, https:\/\/janze-athletisme.fr\/wordpress\/wp-content\/uploads\/2023\/06\/DSC_8487-1024x679.jpg 1024w, https:\/\/janze-athletisme.fr\/wordpress\/wp-content\/uploads\/2023\/06\/DSC_8487-768x509.jpg 768w, https:\/\/janze-athletisme.fr\/wordpress\/wp-content\/uploads\/2023\/06\/DSC_8487.jpg 1509w\" sizes=\"auto, (max-width: 185px) 100vw, 185px\" \/><\/a><\/p>\n<p><span style=\"font-size: 10pt;\"><em>Une concurrente qui court \u00e0 l&rsquo;envers dans le couloir des filles, Luc et <strong>Quentin<\/strong> qui font le job, mais le b\u00e2ton est tomb\u00e9 en amont, Quentin d\u00e9\u00e7u, \u00e9videmment (EAC \u00e9tait quasi favori et il attendait sa premi\u00e8re m\u00e9daille de la journ\u00e9e apr\u00e8s deux 4e places). Quant aux filles, elles ont recouru \u00e0 la fin, mais toutes seules (ici passage entre Clara et <strong>Manon<\/strong>).<\/em><\/span><\/p>\n<p><span style=\"font-size: 14pt;\"><strong>L&rsquo;image du jour<\/strong><\/span><\/p>\n<p><a href=\"https:\/\/janze-athletisme.fr\/wordpress\/wp-content\/uploads\/2023\/06\/DSC_8432.jpg\"><img loading=\"lazy\" decoding=\"async\" class=\"alignnone wp-image-13749\" src=\"https:\/\/janze-athletisme.fr\/wordpress\/wp-content\/uploads\/2023\/06\/DSC_8432-300x203.jpg\" alt=\"\" width=\"214\" height=\"145\" srcset=\"https:\/\/janze-athletisme.fr\/wordpress\/wp-content\/uploads\/2023\/06\/DSC_8432-300x203.jpg 300w, https:\/\/janze-athletisme.fr\/wordpress\/wp-content\/uploads\/2023\/06\/DSC_8432-1024x692.jpg 1024w, https:\/\/janze-athletisme.fr\/wordpress\/wp-content\/uploads\/2023\/06\/DSC_8432-768x519.jpg 768w, https:\/\/janze-athletisme.fr\/wordpress\/wp-content\/uploads\/2023\/06\/DSC_8432.jpg 1480w\" sizes=\"auto, (max-width: 214px) 100vw, 214px\" \/> <\/a><a href=\"https:\/\/janze-athletisme.fr\/wordpress\/wp-content\/uploads\/2023\/06\/DSC_8455.jpg\"><img loading=\"lazy\" decoding=\"async\" class=\"alignnone wp-image-13750\" src=\"https:\/\/janze-athletisme.fr\/wordpress\/wp-content\/uploads\/2023\/06\/DSC_8455-300x205.jpg\" alt=\"\" width=\"208\" height=\"142\" srcset=\"https:\/\/janze-athletisme.fr\/wordpress\/wp-content\/uploads\/2023\/06\/DSC_8455-300x205.jpg 300w, https:\/\/janze-athletisme.fr\/wordpress\/wp-content\/uploads\/2023\/06\/DSC_8455-1024x700.jpg 1024w, https:\/\/janze-athletisme.fr\/wordpress\/wp-content\/uploads\/2023\/06\/DSC_8455-768x525.jpg 768w, https:\/\/janze-athletisme.fr\/wordpress\/wp-content\/uploads\/2023\/06\/DSC_8455.jpg 1462w\" sizes=\"auto, (max-width: 208px) 100vw, 208px\" \/> <\/a><a href=\"https:\/\/janze-athletisme.fr\/wordpress\/wp-content\/uploads\/2023\/06\/DSC_8467.jpg\"><img loading=\"lazy\" decoding=\"async\" class=\"alignnone wp-image-13751\" src=\"https:\/\/janze-athletisme.fr\/wordpress\/wp-content\/uploads\/2023\/06\/DSC_8467-211x300.jpg\" alt=\"\" width=\"102\" height=\"145\" srcset=\"https:\/\/janze-athletisme.fr\/wordpress\/wp-content\/uploads\/2023\/06\/DSC_8467-211x300.jpg 211w, https:\/\/janze-athletisme.fr\/wordpress\/wp-content\/uploads\/2023\/06\/DSC_8467-719x1024.jpg 719w, https:\/\/janze-athletisme.fr\/wordpress\/wp-content\/uploads\/2023\/06\/DSC_8467-768x1094.jpg 768w, https:\/\/janze-athletisme.fr\/wordpress\/wp-content\/uploads\/2023\/06\/DSC_8467.jpg 1000w\" sizes=\"auto, (max-width: 102px) 100vw, 102px\" \/> <\/a><a href=\"https:\/\/janze-athletisme.fr\/wordpress\/wp-content\/uploads\/2023\/06\/DSC_8490.jpg\"><img loading=\"lazy\" decoding=\"async\" class=\"alignnone wp-image-13752\" src=\"https:\/\/janze-athletisme.fr\/wordpress\/wp-content\/uploads\/2023\/06\/DSC_8490-300x200.jpg\" alt=\"\" width=\"218\" height=\"145\" srcset=\"https:\/\/janze-athletisme.fr\/wordpress\/wp-content\/uploads\/2023\/06\/DSC_8490-300x200.jpg 300w, https:\/\/janze-athletisme.fr\/wordpress\/wp-content\/uploads\/2023\/06\/DSC_8490-1024x683.jpg 1024w, https:\/\/janze-athletisme.fr\/wordpress\/wp-content\/uploads\/2023\/06\/DSC_8490-768x512.jpg 768w, https:\/\/janze-athletisme.fr\/wordpress\/wp-content\/uploads\/2023\/06\/DSC_8490.jpg 1500w\" sizes=\"auto, (max-width: 218px) 100vw, 218px\" \/><\/a><\/p>\n<p><span style=\"font-size: 10pt;\"><em>Un peu oblig\u00e9 d&rsquo;y revenir. Tous leurs records persos ont \u00e9t\u00e9 battus par les 1\/2 fondeurs. Y&rsquo;avait d&rsquo;la joie \u00e9videmment. Leur secret ? Allez, on vous le livre (derni\u00e8re image)&#8230;<\/em><\/span><\/p>\n<p><span style=\"text-decoration: underline; font-size: 14pt;\"><strong>Le lien vers les r\u00e9sultats g\u00e9n\u00e9raux :<\/strong><\/span><\/p>\n<p><a href=\"https:\/\/bases.athle.fr\/asp.net\/liste.aspx?frmbase=resultats&amp;frmmode=1&amp;frmespace=1033&amp;frmcompetition=278506\">https:\/\/bases.athle.fr\/asp.net\/liste.aspx?frmbase=resultats&amp;frmmode=1&amp;frmespace=1033&amp;frmcompetition=278506<\/a><\/p>\n","protected":false},"excerpt":{"rendered":"<p>Championnats de Bretagne Minimes, samedi 17 juin, Redon Merci nos juges ! \u00a0 Une fois n&rsquo;est pas coutume, commen\u00e7ons par nos juges, sans qui rien ne serait possible pour nos jeunes : on voit ici Laurine Chevillard, qui habite d\u00e9sormais Carentoir mais reste fid\u00e8le \u00e0 Janz\u00e9 Athl\u00e9, Bruno Mariette et Sandrine L\u00e9v\u00eaque. C\u00f4t\u00e9 Cesson \u00e9taient [&hellip;]<\/p>\n","protected":false},"author":12,"featured_media":13739,"comment_status":"open","ping_status":"open","sticky":false,"template":"","format":"aside","meta":{"_uag_custom_page_level_css":"","site-sidebar-layout":"default","site-content-layout":"default","ast-site-content-layout":"default","site-content-style":"default","site-sidebar-style":"default","ast-global-header-display":"","ast-banner-title-visibility":"","ast-main-header-display":"","ast-hfb-above-header-display":"","ast-hfb-below-header-display":"","ast-hfb-mobile-header-display":"","site-post-title":"","ast-breadcrumbs-content":"","ast-featured-img":"","footer-sml-layout":"","ast-disable-related-posts":"","theme-transparent-header-meta":"default","adv-header-id-meta":"","stick-header-meta":"","header-above-stick-meta":"","header-main-stick-meta":"","header-below-stick-meta":"","astra-migrate-meta-layouts":"default","ast-page-background-enabled":"default","ast-page-background-meta":{"desktop":{"background-color":"var(--ast-global-color-4)","background-image":"","background-repeat":"repeat","background-position":"center center","background-size":"auto","background-attachment":"scroll","background-type":"","background-media":"","overlay-type":"","overlay-color":"","overlay-opacity":"","overlay-gradient":""},"tablet":{"background-color":"","background-image":"","background-repeat":"repeat","background-position":"center center","background-size":"auto","background-attachment":"scroll","background-type":"","background-media":"","overlay-type":"","overlay-color":"","overlay-opacity":"","overlay-gradient":""},"mobile":{"background-color":"","background-image":"","background-repeat":"repeat","background-position":"center center","background-size":"auto","background-attachment":"scroll","background-type":"","background-media":"","overlay-type":"","overlay-color":"","overlay-opacity":"","overlay-gradient":""}},"ast-content-background-meta":{"desktop":{"background-color":"var(--ast-global-color-5)","background-image":"","background-repeat":"repeat","background-position":"center center","background-size":"auto","background-attachment":"scroll","background-type":"","background-media":"","overlay-type":"","overlay-color":"","overlay-opacity":"","overlay-gradient":""},"tablet":{"background-color":"var(--ast-global-color-5)","background-image":"","background-repeat":"repeat","background-position":"center center","background-size":"auto","background-attachment":"scroll","background-type":"","background-media":"","overlay-type":"","overlay-color":"","overlay-opacity":"","overlay-gradient":""},"mobile":{"background-color":"var(--ast-global-color-5)","background-image":"","background-repeat":"repeat","background-position":"center center","background-size":"auto","background-attachment":"scroll","background-type":"","background-media":"","overlay-type":"","overlay-color":"","overlay-opacity":"","overlay-gradient":""}},"footnotes":""},"categories":[6],"tags":[],"class_list":["post-13709","post","type-post","status-publish","format-aside","has-post-thumbnail","hentry","category-sections","post_format-post-format-aside"],"yoast_head":"<!-- This site is optimized with the Yoast SEO plugin v27.5 - https:\/\/yoast.com\/product\/yoast-seo-wordpress\/ -->\n<title>Retour photos sur Redon - Janz\u00e9 Athl\u00e9tisme<\/title>\n<meta name=\"robots\" content=\"index, follow, max-snippet:-1, max-image-preview:large, max-video-preview:-1\" \/>\n<link rel=\"canonical\" href=\"https:\/\/janze-athletisme.fr\/wordpress\/retour-photos-sur-redon\/\" \/>\n<meta property=\"og:locale\" content=\"fr_FR\" \/>\n<meta property=\"og:type\" content=\"article\" \/>\n<meta property=\"og:title\" content=\"Retour photos sur Redon - Janz\u00e9 Athl\u00e9tisme\" \/>\n<meta property=\"og:description\" content=\"Championnats de Bretagne Minimes, samedi 17 juin, Redon Merci nos juges ! \u00a0 Une fois n&rsquo;est pas coutume, commen\u00e7ons par nos juges, sans qui rien ne serait possible pour nos jeunes : on voit ici Laurine Chevillard, qui habite d\u00e9sormais Carentoir mais reste fid\u00e8le \u00e0 Janz\u00e9 Athl\u00e9, Bruno Mariette et Sandrine L\u00e9v\u00eaque. C\u00f4t\u00e9 Cesson \u00e9taient [&hellip;]\" \/>\n<meta property=\"og:url\" content=\"https:\/\/janze-athletisme.fr\/wordpress\/retour-photos-sur-redon\/\" \/>\n<meta property=\"og:site_name\" content=\"Janz\u00e9 Athl\u00e9tisme\" \/>\n<meta property=\"article:publisher\" content=\"https:\/\/www.facebook.com\/groups\/1007964579346590\" \/>\n<meta property=\"article:published_time\" content=\"2023-06-18T21:22:14+00:00\" \/>\n<meta property=\"article:modified_time\" content=\"2023-06-19T18:57:38+00:00\" \/>\n<meta property=\"og:image\" content=\"https:\/\/janze-athletisme.fr\/wordpress\/wp-content\/uploads\/2023\/06\/DSC_8343.jpg\" \/>\n\t<meta property=\"og:image:width\" content=\"1500\" \/>\n\t<meta property=\"og:image:height\" content=\"1000\" \/>\n\t<meta property=\"og:image:type\" content=\"image\/jpeg\" \/>\n<meta name=\"author\" content=\"Laurent Meunier\" \/>\n<meta name=\"twitter:card\" content=\"summary_large_image\" \/>\n<meta name=\"twitter:label1\" content=\"\u00c9crit par\" \/>\n\t<meta name=\"twitter:data1\" content=\"Laurent Meunier\" \/>\n\t<meta name=\"twitter:label2\" content=\"Dur\u00e9e de lecture estim\u00e9e\" \/>\n\t<meta name=\"twitter:data2\" content=\"11 minutes\" \/>\n<script type=\"application\/ld+json\" class=\"yoast-schema-graph\">{\"@context\":\"https:\\\/\\\/schema.org\",\"@graph\":[{\"@type\":\"Article\",\"@id\":\"https:\\\/\\\/janze-athletisme.fr\\\/wordpress\\\/retour-photos-sur-redon\\\/#article\",\"isPartOf\":{\"@id\":\"https:\\\/\\\/janze-athletisme.fr\\\/wordpress\\\/retour-photos-sur-redon\\\/\"},\"author\":{\"name\":\"Laurent Meunier\",\"@id\":\"https:\\\/\\\/janze-athletisme.fr\\\/wordpress\\\/#\\\/schema\\\/person\\\/c7b063dcfa6234c041d4d9b26cc2ea03\"},\"headline\":\"Retour photos sur Redon\",\"datePublished\":\"2023-06-18T21:22:14+00:00\",\"dateModified\":\"2023-06-19T18:57:38+00:00\",\"mainEntityOfPage\":{\"@id\":\"https:\\\/\\\/janze-athletisme.fr\\\/wordpress\\\/retour-photos-sur-redon\\\/\"},\"wordCount\":460,\"commentCount\":0,\"publisher\":{\"@id\":\"https:\\\/\\\/janze-athletisme.fr\\\/wordpress\\\/#organization\"},\"image\":{\"@id\":\"https:\\\/\\\/janze-athletisme.fr\\\/wordpress\\\/retour-photos-sur-redon\\\/#primaryimage\"},\"thumbnailUrl\":\"https:\\\/\\\/janze-athletisme.fr\\\/wordpress\\\/wp-content\\\/uploads\\\/2023\\\/06\\\/DSC_8343.jpg\",\"articleSection\":[\"Le club au jour le jour\"],\"inLanguage\":\"fr-FR\",\"potentialAction\":[{\"@type\":\"CommentAction\",\"name\":\"Comment\",\"target\":[\"https:\\\/\\\/janze-athletisme.fr\\\/wordpress\\\/retour-photos-sur-redon\\\/#respond\"]}]},{\"@type\":\"WebPage\",\"@id\":\"https:\\\/\\\/janze-athletisme.fr\\\/wordpress\\\/retour-photos-sur-redon\\\/\",\"url\":\"https:\\\/\\\/janze-athletisme.fr\\\/wordpress\\\/retour-photos-sur-redon\\\/\",\"name\":\"Retour photos sur Redon - Janz\u00e9 Athl\u00e9tisme\",\"isPartOf\":{\"@id\":\"https:\\\/\\\/janze-athletisme.fr\\\/wordpress\\\/#website\"},\"primaryImageOfPage\":{\"@id\":\"https:\\\/\\\/janze-athletisme.fr\\\/wordpress\\\/retour-photos-sur-redon\\\/#primaryimage\"},\"image\":{\"@id\":\"https:\\\/\\\/janze-athletisme.fr\\\/wordpress\\\/retour-photos-sur-redon\\\/#primaryimage\"},\"thumbnailUrl\":\"https:\\\/\\\/janze-athletisme.fr\\\/wordpress\\\/wp-content\\\/uploads\\\/2023\\\/06\\\/DSC_8343.jpg\",\"datePublished\":\"2023-06-18T21:22:14+00:00\",\"dateModified\":\"2023-06-19T18:57:38+00:00\",\"breadcrumb\":{\"@id\":\"https:\\\/\\\/janze-athletisme.fr\\\/wordpress\\\/retour-photos-sur-redon\\\/#breadcrumb\"},\"inLanguage\":\"fr-FR\",\"potentialAction\":[{\"@type\":\"ReadAction\",\"target\":[\"https:\\\/\\\/janze-athletisme.fr\\\/wordpress\\\/retour-photos-sur-redon\\\/\"]}]},{\"@type\":\"ImageObject\",\"inLanguage\":\"fr-FR\",\"@id\":\"https:\\\/\\\/janze-athletisme.fr\\\/wordpress\\\/retour-photos-sur-redon\\\/#primaryimage\",\"url\":\"https:\\\/\\\/janze-athletisme.fr\\\/wordpress\\\/wp-content\\\/uploads\\\/2023\\\/06\\\/DSC_8343.jpg\",\"contentUrl\":\"https:\\\/\\\/janze-athletisme.fr\\\/wordpress\\\/wp-content\\\/uploads\\\/2023\\\/06\\\/DSC_8343.jpg\",\"width\":1500,\"height\":1000},{\"@type\":\"BreadcrumbList\",\"@id\":\"https:\\\/\\\/janze-athletisme.fr\\\/wordpress\\\/retour-photos-sur-redon\\\/#breadcrumb\",\"itemListElement\":[{\"@type\":\"ListItem\",\"position\":1,\"name\":\"Accueil\",\"item\":\"https:\\\/\\\/janze-athletisme.fr\\\/wordpress\\\/\"},{\"@type\":\"ListItem\",\"position\":2,\"name\":\"Retour photos sur Redon\"}]},{\"@type\":\"WebSite\",\"@id\":\"https:\\\/\\\/janze-athletisme.fr\\\/wordpress\\\/#website\",\"url\":\"https:\\\/\\\/janze-athletisme.fr\\\/wordpress\\\/\",\"name\":\"Janz\u00e9 Athl\u00e9tisme\",\"description\":\"Pays de La Roche aux F\u00e9es\",\"publisher\":{\"@id\":\"https:\\\/\\\/janze-athletisme.fr\\\/wordpress\\\/#organization\"},\"potentialAction\":[{\"@type\":\"SearchAction\",\"target\":{\"@type\":\"EntryPoint\",\"urlTemplate\":\"https:\\\/\\\/janze-athletisme.fr\\\/wordpress\\\/?s={search_term_string}\"},\"query-input\":{\"@type\":\"PropertyValueSpecification\",\"valueRequired\":true,\"valueName\":\"search_term_string\"}}],\"inLanguage\":\"fr-FR\"},{\"@type\":\"Organization\",\"@id\":\"https:\\\/\\\/janze-athletisme.fr\\\/wordpress\\\/#organization\",\"name\":\"Janz\u00e9 Athl\u00e9tisme\",\"url\":\"https:\\\/\\\/janze-athletisme.fr\\\/wordpress\\\/\",\"logo\":{\"@type\":\"ImageObject\",\"inLanguage\":\"fr-FR\",\"@id\":\"https:\\\/\\\/janze-athletisme.fr\\\/wordpress\\\/#\\\/schema\\\/logo\\\/image\\\/\",\"url\":\"https:\\\/\\\/janze-athletisme.fr\\\/wordpress\\\/wp-content\\\/uploads\\\/2015\\\/03\\\/logo-full1.jpg\",\"contentUrl\":\"https:\\\/\\\/janze-athletisme.fr\\\/wordpress\\\/wp-content\\\/uploads\\\/2015\\\/03\\\/logo-full1.jpg\",\"width\":437,\"height\":205,\"caption\":\"Janz\u00e9 Athl\u00e9tisme\"},\"image\":{\"@id\":\"https:\\\/\\\/janze-athletisme.fr\\\/wordpress\\\/#\\\/schema\\\/logo\\\/image\\\/\"},\"sameAs\":[\"https:\\\/\\\/www.facebook.com\\\/groups\\\/1007964579346590\"]},{\"@type\":\"Person\",\"@id\":\"https:\\\/\\\/janze-athletisme.fr\\\/wordpress\\\/#\\\/schema\\\/person\\\/c7b063dcfa6234c041d4d9b26cc2ea03\",\"name\":\"Laurent Meunier\",\"image\":{\"@type\":\"ImageObject\",\"inLanguage\":\"fr-FR\",\"@id\":\"https:\\\/\\\/secure.gravatar.com\\\/avatar\\\/dd25d581ad7c3349090f2fa6a9adb6bfa287e6a5dd8a5216a092727cd8749034?s=96&d=mm&r=g\",\"url\":\"https:\\\/\\\/secure.gravatar.com\\\/avatar\\\/dd25d581ad7c3349090f2fa6a9adb6bfa287e6a5dd8a5216a092727cd8749034?s=96&d=mm&r=g\",\"contentUrl\":\"https:\\\/\\\/secure.gravatar.com\\\/avatar\\\/dd25d581ad7c3349090f2fa6a9adb6bfa287e6a5dd8a5216a092727cd8749034?s=96&d=mm&r=g\",\"caption\":\"Laurent Meunier\"},\"url\":\"https:\\\/\\\/janze-athletisme.fr\\\/wordpress\\\/author\\\/laurent-meunier35\\\/\"}]}<\/script>\n<!-- \/ Yoast SEO plugin. -->","yoast_head_json":{"title":"Retour photos sur Redon - Janz\u00e9 Athl\u00e9tisme","robots":{"index":"index","follow":"follow","max-snippet":"max-snippet:-1","max-image-preview":"max-image-preview:large","max-video-preview":"max-video-preview:-1"},"canonical":"https:\/\/janze-athletisme.fr\/wordpress\/retour-photos-sur-redon\/","og_locale":"fr_FR","og_type":"article","og_title":"Retour photos sur Redon - Janz\u00e9 Athl\u00e9tisme","og_description":"Championnats de Bretagne Minimes, samedi 17 juin, Redon Merci nos juges ! \u00a0 Une fois n&rsquo;est pas coutume, commen\u00e7ons par nos juges, sans qui rien ne serait possible pour nos jeunes : on voit ici Laurine Chevillard, qui habite d\u00e9sormais Carentoir mais reste fid\u00e8le \u00e0 Janz\u00e9 Athl\u00e9, Bruno Mariette et Sandrine L\u00e9v\u00eaque. C\u00f4t\u00e9 Cesson \u00e9taient [&hellip;]","og_url":"https:\/\/janze-athletisme.fr\/wordpress\/retour-photos-sur-redon\/","og_site_name":"Janz\u00e9 Athl\u00e9tisme","article_publisher":"https:\/\/www.facebook.com\/groups\/1007964579346590","article_published_time":"2023-06-18T21:22:14+00:00","article_modified_time":"2023-06-19T18:57:38+00:00","og_image":[{"width":1500,"height":1000,"url":"https:\/\/janze-athletisme.fr\/wordpress\/wp-content\/uploads\/2023\/06\/DSC_8343.jpg","type":"image\/jpeg"}],"author":"Laurent Meunier","twitter_card":"summary_large_image","twitter_misc":{"\u00c9crit par":"Laurent Meunier","Dur\u00e9e de lecture estim\u00e9e":"11 minutes"},"schema":{"@context":"https:\/\/schema.org","@graph":[{"@type":"Article","@id":"https:\/\/janze-athletisme.fr\/wordpress\/retour-photos-sur-redon\/#article","isPartOf":{"@id":"https:\/\/janze-athletisme.fr\/wordpress\/retour-photos-sur-redon\/"},"author":{"name":"Laurent Meunier","@id":"https:\/\/janze-athletisme.fr\/wordpress\/#\/schema\/person\/c7b063dcfa6234c041d4d9b26cc2ea03"},"headline":"Retour photos sur Redon","datePublished":"2023-06-18T21:22:14+00:00","dateModified":"2023-06-19T18:57:38+00:00","mainEntityOfPage":{"@id":"https:\/\/janze-athletisme.fr\/wordpress\/retour-photos-sur-redon\/"},"wordCount":460,"commentCount":0,"publisher":{"@id":"https:\/\/janze-athletisme.fr\/wordpress\/#organization"},"image":{"@id":"https:\/\/janze-athletisme.fr\/wordpress\/retour-photos-sur-redon\/#primaryimage"},"thumbnailUrl":"https:\/\/janze-athletisme.fr\/wordpress\/wp-content\/uploads\/2023\/06\/DSC_8343.jpg","articleSection":["Le club au jour le jour"],"inLanguage":"fr-FR","potentialAction":[{"@type":"CommentAction","name":"Comment","target":["https:\/\/janze-athletisme.fr\/wordpress\/retour-photos-sur-redon\/#respond"]}]},{"@type":"WebPage","@id":"https:\/\/janze-athletisme.fr\/wordpress\/retour-photos-sur-redon\/","url":"https:\/\/janze-athletisme.fr\/wordpress\/retour-photos-sur-redon\/","name":"Retour photos sur Redon - Janz\u00e9 Athl\u00e9tisme","isPartOf":{"@id":"https:\/\/janze-athletisme.fr\/wordpress\/#website"},"primaryImageOfPage":{"@id":"https:\/\/janze-athletisme.fr\/wordpress\/retour-photos-sur-redon\/#primaryimage"},"image":{"@id":"https:\/\/janze-athletisme.fr\/wordpress\/retour-photos-sur-redon\/#primaryimage"},"thumbnailUrl":"https:\/\/janze-athletisme.fr\/wordpress\/wp-content\/uploads\/2023\/06\/DSC_8343.jpg","datePublished":"2023-06-18T21:22:14+00:00","dateModified":"2023-06-19T18:57:38+00:00","breadcrumb":{"@id":"https:\/\/janze-athletisme.fr\/wordpress\/retour-photos-sur-redon\/#breadcrumb"},"inLanguage":"fr-FR","potentialAction":[{"@type":"ReadAction","target":["https:\/\/janze-athletisme.fr\/wordpress\/retour-photos-sur-redon\/"]}]},{"@type":"ImageObject","inLanguage":"fr-FR","@id":"https:\/\/janze-athletisme.fr\/wordpress\/retour-photos-sur-redon\/#primaryimage","url":"https:\/\/janze-athletisme.fr\/wordpress\/wp-content\/uploads\/2023\/06\/DSC_8343.jpg","contentUrl":"https:\/\/janze-athletisme.fr\/wordpress\/wp-content\/uploads\/2023\/06\/DSC_8343.jpg","width":1500,"height":1000},{"@type":"BreadcrumbList","@id":"https:\/\/janze-athletisme.fr\/wordpress\/retour-photos-sur-redon\/#breadcrumb","itemListElement":[{"@type":"ListItem","position":1,"name":"Accueil","item":"https:\/\/janze-athletisme.fr\/wordpress\/"},{"@type":"ListItem","position":2,"name":"Retour photos sur Redon"}]},{"@type":"WebSite","@id":"https:\/\/janze-athletisme.fr\/wordpress\/#website","url":"https:\/\/janze-athletisme.fr\/wordpress\/","name":"Janz\u00e9 Athl\u00e9tisme","description":"Pays de La Roche aux F\u00e9es","publisher":{"@id":"https:\/\/janze-athletisme.fr\/wordpress\/#organization"},"potentialAction":[{"@type":"SearchAction","target":{"@type":"EntryPoint","urlTemplate":"https:\/\/janze-athletisme.fr\/wordpress\/?s={search_term_string}"},"query-input":{"@type":"PropertyValueSpecification","valueRequired":true,"valueName":"search_term_string"}}],"inLanguage":"fr-FR"},{"@type":"Organization","@id":"https:\/\/janze-athletisme.fr\/wordpress\/#organization","name":"Janz\u00e9 Athl\u00e9tisme","url":"https:\/\/janze-athletisme.fr\/wordpress\/","logo":{"@type":"ImageObject","inLanguage":"fr-FR","@id":"https:\/\/janze-athletisme.fr\/wordpress\/#\/schema\/logo\/image\/","url":"https:\/\/janze-athletisme.fr\/wordpress\/wp-content\/uploads\/2015\/03\/logo-full1.jpg","contentUrl":"https:\/\/janze-athletisme.fr\/wordpress\/wp-content\/uploads\/2015\/03\/logo-full1.jpg","width":437,"height":205,"caption":"Janz\u00e9 Athl\u00e9tisme"},"image":{"@id":"https:\/\/janze-athletisme.fr\/wordpress\/#\/schema\/logo\/image\/"},"sameAs":["https:\/\/www.facebook.com\/groups\/1007964579346590"]},{"@type":"Person","@id":"https:\/\/janze-athletisme.fr\/wordpress\/#\/schema\/person\/c7b063dcfa6234c041d4d9b26cc2ea03","name":"Laurent Meunier","image":{"@type":"ImageObject","inLanguage":"fr-FR","@id":"https:\/\/secure.gravatar.com\/avatar\/dd25d581ad7c3349090f2fa6a9adb6bfa287e6a5dd8a5216a092727cd8749034?s=96&d=mm&r=g","url":"https:\/\/secure.gravatar.com\/avatar\/dd25d581ad7c3349090f2fa6a9adb6bfa287e6a5dd8a5216a092727cd8749034?s=96&d=mm&r=g","contentUrl":"https:\/\/secure.gravatar.com\/avatar\/dd25d581ad7c3349090f2fa6a9adb6bfa287e6a5dd8a5216a092727cd8749034?s=96&d=mm&r=g","caption":"Laurent Meunier"},"url":"https:\/\/janze-athletisme.fr\/wordpress\/author\/laurent-meunier35\/"}]}},"uagb_featured_image_src":{"full":["https:\/\/janze-athletisme.fr\/wordpress\/wp-content\/uploads\/2023\/06\/DSC_8343.jpg",1500,1000,false],"thumbnail":["https:\/\/janze-athletisme.fr\/wordpress\/wp-content\/uploads\/2023\/06\/DSC_8343-150x150.jpg",150,150,true],"medium":["https:\/\/janze-athletisme.fr\/wordpress\/wp-content\/uploads\/2023\/06\/DSC_8343-300x200.jpg",300,200,true],"medium_large":["https:\/\/janze-athletisme.fr\/wordpress\/wp-content\/uploads\/2023\/06\/DSC_8343-768x512.jpg",768,512,true],"large":["https:\/\/janze-athletisme.fr\/wordpress\/wp-content\/uploads\/2023\/06\/DSC_8343-1024x683.jpg",1024,683,true],"1536x1536":["https:\/\/janze-athletisme.fr\/wordpress\/wp-content\/uploads\/2023\/06\/DSC_8343.jpg",1500,1000,false],"2048x2048":["https:\/\/janze-athletisme.fr\/wordpress\/wp-content\/uploads\/2023\/06\/DSC_8343.jpg",1500,1000,false]},"uagb_author_info":{"display_name":"Laurent Meunier","author_link":"https:\/\/janze-athletisme.fr\/wordpress\/author\/laurent-meunier35\/"},"uagb_comment_info":0,"uagb_excerpt":"Championnats de Bretagne Minimes, samedi 17 juin, Redon Merci nos juges ! \u00a0 Une fois n&rsquo;est pas coutume, commen\u00e7ons par nos juges, sans qui rien ne serait possible pour nos jeunes : on voit ici Laurine Chevillard, qui habite d\u00e9sormais Carentoir mais reste fid\u00e8le \u00e0 Janz\u00e9 Athl\u00e9, Bruno Mariette et Sandrine L\u00e9v\u00eaque. C\u00f4t\u00e9 Cesson \u00e9taient\u2026","_links":{"self":[{"href":"https:\/\/janze-athletisme.fr\/wordpress\/wp-json\/wp\/v2\/posts\/13709","targetHints":{"allow":["GET"]}}],"collection":[{"href":"https:\/\/janze-athletisme.fr\/wordpress\/wp-json\/wp\/v2\/posts"}],"about":[{"href":"https:\/\/janze-athletisme.fr\/wordpress\/wp-json\/wp\/v2\/types\/post"}],"author":[{"embeddable":true,"href":"https:\/\/janze-athletisme.fr\/wordpress\/wp-json\/wp\/v2\/users\/12"}],"replies":[{"embeddable":true,"href":"https:\/\/janze-athletisme.fr\/wordpress\/wp-json\/wp\/v2\/comments?post=13709"}],"version-history":[{"count":2,"href":"https:\/\/janze-athletisme.fr\/wordpress\/wp-json\/wp\/v2\/posts\/13709\/revisions"}],"predecessor-version":[{"id":13764,"href":"https:\/\/janze-athletisme.fr\/wordpress\/wp-json\/wp\/v2\/posts\/13709\/revisions\/13764"}],"wp:featuredmedia":[{"embeddable":true,"href":"https:\/\/janze-athletisme.fr\/wordpress\/wp-json\/wp\/v2\/media\/13739"}],"wp:attachment":[{"href":"https:\/\/janze-athletisme.fr\/wordpress\/wp-json\/wp\/v2\/media?parent=13709"}],"wp:term":[{"taxonomy":"category","embeddable":true,"href":"https:\/\/janze-athletisme.fr\/wordpress\/wp-json\/wp\/v2\/categories?post=13709"},{"taxonomy":"post_tag","embeddable":true,"href":"https:\/\/janze-athletisme.fr\/wordpress\/wp-json\/wp\/v2\/tags?post=13709"}],"curies":[{"name":"wp","href":"https:\/\/api.w.org\/{rel}","templated":true}]}}