{"id":13694,"date":"2023-06-18T00:45:42","date_gmt":"2023-06-17T22:45:42","guid":{"rendered":"https:\/\/janze-athletisme.fr\/wordpress\/?p=13694"},"modified":"2023-06-19T20:58:45","modified_gmt":"2023-06-19T18:58:45","slug":"un-chateau-redon-2023-de-belle-cuvee","status":"publish","type":"post","link":"https:\/\/janze-athletisme.fr\/wordpress\/un-chateau-redon-2023-de-belle-cuvee\/","title":{"rendered":"Un ch\u00e2teau Redon 2023 de belle cuv\u00e9e !"},"content":{"rendered":"<p><span style=\"font-size: 18pt;\"><strong>Championnats de Bretagne Minimes, Redon, samedi 17 juin<\/strong><\/span><\/p>\n<p>Sur 35 performances enregistr\u00e9es pour l&rsquo;EAC (dont 24 pour Janz\u00e9 Athl\u00e9), 18 record personnels (dont 14 de nos athl\u00e8tes) et 5 records du club (le n\u00f4tre) ont \u00e9t\u00e9 battus, et on a enregistr\u00e9 4 podiums et 15 places de finalistes (8 premiers), dont 3 et 13 pour nos athl\u00e8tes, sans parler des 16 performances \u00e0 plus de 30 points, dont 12 pour les Janz\u00e9ens\u2026 Bref, n&rsquo;en jetez plus, ces championnats de Bretagne Minimes, dans un contexte extr\u00eamement relev\u00e9 (plusieurs perfs de niveau national ont \u00e9t\u00e9 \u00e9tablies), resteront un grand souvenir et une belle cuv\u00e9e pour les minimes 2023 de notre club.<\/p>\n<p>\u00c0 noter la grosse perf exceptionnelle du demi-fond, dont sept des huit athl\u00e8tes pr\u00e9sents ont battu, voire explos\u00e9 leur record FFA (- 23 secondes pour <strong>L\u00e9a<\/strong>, -22 pour <strong>Bertille<\/strong>, &#8211; 21 pour <strong>Esteban B<\/strong>, &#8211; 20 pour <strong>Faustine<\/strong>, &#8211; 12 pour <strong>Rapha\u00ebl<\/strong>, -5 pour <strong>Cl\u00e9mence<\/strong>\u2026), et se retrouvent logiquement en t\u00eate du classement \u00e0 la table de cotation. Grosse perf \u00e9galement du sprint, avec en particulier <strong>Manon<\/strong>, <strong>Quentin<\/strong>, Luc, Ad\u00e8le et Bruno. Avec le demi-fond et le sprint, nous avons deux p\u00f4les d&rsquo;excellence, auxquels on peut ajouter de belles individualit\u00e9s, comme <strong>Jules<\/strong> au javelot et <strong>Sharleen<\/strong> \u00e0 la perche, sans parler des plus jeunes qui poussent (Jules, <strong>Elouan<\/strong>&#8230;)<\/p>\n<p>Un seul regret : les deux m\u00e9dailles en chocolat de Quentin, en d\u00e9pit de deux courses d&rsquo;un haut niveau, sur 80m et 200m haies, avec deux records du club battus. Mais l&rsquo;adversit\u00e9 cette ann\u00e9e \u00e9tait telle que ce regret n&rsquo;a pas lieu d&rsquo;\u00eatre et appelle d&rsquo;autres lendemains heureux.<\/p>\n<p><span style=\"font-size: 14pt;\"><strong>Les perfs du jour<\/strong><\/span><\/p>\n<table style=\"width: 100%;\">\n<tbody>\n<tr>\n<td style=\"width: 19.5696%;\" width=\"92\"><strong>Athl\u00e8te<\/strong><\/td>\n<td style=\"width: 16.3935%;\" width=\"74\"><strong>\u00c9preuve<\/strong><\/td>\n<td style=\"width: 13.627%; text-align: center;\" width=\"93\"><strong>Performance<\/strong><\/td>\n<td style=\"width: 11.4755%; text-align: center;\" width=\"74\"><strong>Podium<\/strong><\/p>\n<p><strong>(<span style=\"font-size: 10pt;\">ou finaliste<\/span>)<\/strong><\/td>\n<td style=\"width: 13.2172%; text-align: center;\" width=\"74\"><strong>Points table de cotation<\/strong><\/td>\n<td style=\"width: 10.2458%; text-align: center;\" width=\"75\"><strong>Record personnel<\/strong><\/td>\n<td style=\"width: 15.3689%; text-align: center;\" width=\"73\"><strong>Record du club<\/strong><\/td>\n<\/tr>\n<tr>\n<td style=\"width: 19.5696%;\" width=\"92\"><strong>L\u00e9a<\/strong> Robert<\/td>\n<td style=\"width: 16.3935%;\" width=\"74\">2000m MIF<\/td>\n<td style=\"width: 13.627%; text-align: center;\" width=\"93\">7&rsquo;07&Prime;73<\/td>\n<td style=\"width: 11.4755%; text-align: center;\" width=\"74\"><strong>(5<sup>e<\/sup>)<\/strong><\/td>\n<td style=\"width: 13.2172%; text-align: center;\" width=\"74\">43<\/td>\n<td style=\"width: 10.2458%; text-align: center;\" width=\"75\"><strong>X<\/strong><\/td>\n<td style=\"width: 15.3689%; text-align: center;\" width=\"73\"><strong>X<\/strong><\/td>\n<\/tr>\n<tr>\n<td style=\"width: 19.5696%;\" width=\"92\"><strong>Esteban <\/strong>Bouillaux<\/td>\n<td style=\"width: 16.3935%;\" width=\"74\">2000m MIM<\/td>\n<td style=\"width: 13.627%; text-align: center;\" width=\"93\">6&rsquo;06&Prime;85<\/td>\n<td style=\"width: 11.4755%; text-align: center;\" width=\"74\"><strong>3<sup>e<\/sup> <\/strong><\/td>\n<td style=\"width: 13.2172%; text-align: center;\" width=\"74\">42<\/td>\n<td style=\"width: 10.2458%; text-align: center;\" width=\"75\"><strong>X<\/strong><\/td>\n<td style=\"width: 15.3689%; text-align: center;\" width=\"73\"><strong>X<\/strong><\/td>\n<\/tr>\n<tr>\n<td style=\"width: 19.5696%;\" width=\"92\"><strong>Faustine<\/strong> Louaisil<\/td>\n<td style=\"width: 16.3935%;\" width=\"74\">2000m MIF<\/td>\n<td style=\"width: 13.627%; text-align: center;\" width=\"93\">7&rsquo;24&Prime;55<\/td>\n<td style=\"width: 11.4755%; text-align: center;\" width=\"74\"><strong>(7<sup>e<\/sup>)<\/strong><\/td>\n<td style=\"width: 13.2172%; text-align: center;\" width=\"74\">40<\/td>\n<td style=\"width: 10.2458%; text-align: center;\" width=\"75\"><strong>X<\/strong><\/td>\n<td style=\"width: 15.3689%; text-align: center;\" width=\"73\"><strong>(<span style=\"font-size: 10pt;\">sous le record pr\u00e9c\u00e9dent<\/span>)<\/strong><\/td>\n<\/tr>\n<tr>\n<td style=\"width: 19.5696%;\" width=\"92\"><strong>Rapha\u00ebl <\/strong>Bou\u00e9<\/td>\n<td style=\"width: 16.3935%;\" width=\"74\">2000m MIM<\/td>\n<td style=\"width: 13.627%; text-align: center;\" width=\"93\">6&rsquo;14&Prime;80<\/td>\n<td style=\"width: 11.4755%; text-align: center;\" width=\"74\"><strong>(6<sup>e<\/sup>)<\/strong><\/td>\n<td style=\"width: 13.2172%; text-align: center;\" width=\"74\">39<\/td>\n<td style=\"width: 10.2458%; text-align: center;\" width=\"75\"><strong>X<\/strong><\/td>\n<td style=\"width: 15.3689%; text-align: center;\" width=\"73\"><strong>(<span style=\"font-size: 10pt;\">idem<\/span>)<\/strong><\/td>\n<\/tr>\n<tr>\n<td style=\"width: 19.5696%;\" width=\"92\"><strong>L\u00e9o <\/strong>Guiheux<\/td>\n<td style=\"width: 16.3935%;\" width=\"74\">1000m MIM<\/td>\n<td style=\"width: 13.627%; text-align: center;\" width=\"93\">2&rsquo;49&Prime;74<\/td>\n<td style=\"width: 11.4755%; text-align: center;\" width=\"74\"><strong>(4<sup>e<\/sup>)<\/strong><\/td>\n<td style=\"width: 13.2172%; text-align: center;\" width=\"74\">37<\/td>\n<td style=\"width: 10.2458%; text-align: center;\" width=\"75\"><strong>X<\/strong><\/td>\n<td style=\"width: 15.3689%; text-align: center;\" width=\"73\"><strong>\u00a0<\/strong><\/td>\n<\/tr>\n<tr>\n<td style=\"width: 19.5696%;\" width=\"92\"><strong>Manon<\/strong> Le Nard<\/td>\n<td style=\"width: 16.3935%;\" width=\"74\">200m haies MIF<\/td>\n<td style=\"width: 13.627%; text-align: center;\" width=\"93\">32&Prime;01<\/td>\n<td style=\"width: 11.4755%; text-align: center;\" width=\"74\"><strong>3<sup>e<\/sup> <\/strong><\/td>\n<td style=\"width: 13.2172%; text-align: center;\" width=\"74\">36<\/td>\n<td style=\"width: 10.2458%; text-align: center;\" width=\"75\"><strong>X<\/strong><\/td>\n<td style=\"width: 15.3689%; text-align: center;\" width=\"73\"><strong>\u00a0<\/strong><\/td>\n<\/tr>\n<tr>\n<td style=\"width: 19.5696%;\" width=\"92\"><strong>Bertille <\/strong>Louaisil<\/td>\n<td style=\"width: 16.3935%;\" width=\"74\">2000m MIF<\/td>\n<td style=\"width: 13.627%; text-align: center;\" width=\"93\">7&rsquo;55&Prime;28<\/td>\n<td style=\"width: 11.4755%; text-align: center;\" width=\"74\"><strong>\u00a0<\/strong><\/td>\n<td style=\"width: 13.2172%; text-align: center;\" width=\"74\">36<\/td>\n<td style=\"width: 10.2458%; text-align: center;\" width=\"75\"><strong>X<\/strong><\/td>\n<td style=\"width: 15.3689%; text-align: center;\" width=\"73\"><strong>\u00a0<\/strong><\/td>\n<\/tr>\n<tr>\n<td style=\"width: 19.5696%;\" width=\"92\"><strong>Quentin<\/strong> Planchenault<\/td>\n<td style=\"width: 16.3935%;\" width=\"74\">80m MIM<\/td>\n<td style=\"width: 13.627%; text-align: center;\" width=\"93\">9&Prime;60<\/td>\n<td style=\"width: 11.4755%; text-align: center;\" width=\"74\"><strong>(4<sup>e<\/sup>)<\/strong><\/td>\n<td style=\"width: 13.2172%; text-align: center;\" width=\"74\">35<\/td>\n<td style=\"width: 10.2458%; text-align: center;\" width=\"75\"><strong>X<\/strong><\/td>\n<td style=\"width: 15.3689%; text-align: center;\" width=\"73\"><strong>X<\/strong><\/td>\n<\/tr>\n<tr>\n<td style=\"width: 19.5696%;\" width=\"92\"><strong>Quentin<\/strong> Planchenault<\/td>\n<td style=\"width: 16.3935%;\" width=\"74\">200m Haies MIM<\/td>\n<td style=\"width: 13.627%; text-align: center;\" width=\"93\">28&Prime;41<\/td>\n<td style=\"width: 11.4755%; text-align: center;\" width=\"74\"><strong>(4<sup>e<\/sup>)<\/strong><\/td>\n<td style=\"width: 13.2172%; text-align: center;\" width=\"74\">35<\/td>\n<td style=\"width: 10.2458%; text-align: center;\" width=\"75\"><strong>X<\/strong><\/td>\n<td style=\"width: 15.3689%; text-align: center;\" width=\"73\"><strong>X<\/strong><\/td>\n<\/tr>\n<tr>\n<td style=\"width: 19.5696%;\" width=\"92\">Luc de Rancourt<\/td>\n<td style=\"width: 16.3935%;\" width=\"74\">120m MIM<\/td>\n<td style=\"width: 13.627%; text-align: center;\" width=\"93\">14&Prime;49<\/td>\n<td style=\"width: 11.4755%; text-align: center;\" width=\"74\"><strong>3<sup>e<\/sup><\/strong><\/td>\n<td style=\"width: 13.2172%; text-align: center;\" width=\"74\">34<\/td>\n<td style=\"width: 10.2458%; text-align: center;\" width=\"75\"><strong>X<\/strong><\/td>\n<td style=\"width: 15.3689%; text-align: center;\" width=\"73\"><strong>\u00a0<\/strong><\/td>\n<\/tr>\n<tr>\n<td style=\"width: 19.5696%;\" width=\"92\"><strong>Cl\u00e9mence<\/strong> Lamoureux<\/td>\n<td style=\"width: 16.3935%;\" width=\"74\">1000m MIF<\/td>\n<td style=\"width: 13.627%; text-align: center;\" width=\"93\">3&rsquo;20&Prime;66<\/td>\n<td style=\"width: 11.4755%; text-align: center;\" width=\"74\"><strong>\u00a0<\/strong><\/td>\n<td style=\"width: 13.2172%; text-align: center;\" width=\"74\">33<\/td>\n<td style=\"width: 10.2458%; text-align: center;\" width=\"75\"><strong>X<\/strong><\/td>\n<td style=\"width: 15.3689%; text-align: center;\" width=\"73\"><strong>\u00a0<\/strong><\/td>\n<\/tr>\n<tr>\n<td style=\"width: 19.5696%;\" width=\"92\"><strong>Jules<\/strong> Le Dorven<\/td>\n<td style=\"width: 16.3935%;\" width=\"74\">Javelot MIM<\/td>\n<td style=\"width: 13.627%; text-align: center;\" width=\"93\">39m19<\/td>\n<td style=\"width: 11.4755%; text-align: center;\" width=\"74\"><strong>2<sup>e<\/sup> <\/strong><\/td>\n<td style=\"width: 13.2172%; text-align: center;\" width=\"74\">32<\/td>\n<td style=\"width: 10.2458%; text-align: center;\" width=\"75\"><strong>X<\/strong><\/td>\n<td style=\"width: 15.3689%; text-align: center;\" width=\"73\"><strong>\u00a0<\/strong><\/td>\n<\/tr>\n<tr>\n<td style=\"width: 19.5696%;\" width=\"92\"><strong>Manon<\/strong> Le Nard<\/td>\n<td style=\"width: 16.3935%;\" width=\"74\">Longueur MIF<\/td>\n<td style=\"width: 13.627%; text-align: center;\" width=\"93\">4m59<\/td>\n<td style=\"width: 11.4755%; text-align: center;\" width=\"74\"><strong>(8<sup>e<\/sup>)<\/strong><\/td>\n<td style=\"width: 13.2172%; text-align: center;\" width=\"74\">31<\/td>\n<td style=\"width: 10.2458%; text-align: center;\" width=\"75\"><strong>X<\/strong><\/td>\n<td style=\"width: 15.3689%; text-align: center;\" width=\"73\"><strong>\u00a0<\/strong><\/td>\n<\/tr>\n<tr>\n<td style=\"width: 19.5696%;\" width=\"92\">Luc de Rancourt<\/td>\n<td style=\"width: 16.3935%;\" width=\"74\">100m haies MIM<\/td>\n<td style=\"width: 13.627%; text-align: center;\" width=\"93\">15&Prime;60<\/td>\n<td style=\"width: 11.4755%; text-align: center;\" width=\"74\"><strong>\u00a0<\/strong><\/td>\n<td style=\"width: 13.2172%; text-align: center;\" width=\"74\">31<\/td>\n<td style=\"width: 10.2458%; text-align: center;\" width=\"75\"><strong>X<\/strong><\/td>\n<td style=\"width: 15.3689%; text-align: center;\" width=\"73\"><strong>\u00a0<\/strong><\/td>\n<\/tr>\n<tr>\n<td style=\"width: 19.5696%;\" width=\"92\">Luc de Rancourt<\/td>\n<td style=\"width: 16.3935%;\" width=\"74\">80m MIM<\/td>\n<td style=\"width: 13.627%; text-align: center;\" width=\"93\">9&Prime;91<\/td>\n<td style=\"width: 11.4755%; text-align: center;\" width=\"74\"><strong>(8<sup>e<\/sup>)<\/strong><\/td>\n<td style=\"width: 13.2172%; text-align: center;\" width=\"74\">31<\/td>\n<td style=\"width: 10.2458%; text-align: center;\" width=\"75\"><strong>\u00a0<\/strong><\/td>\n<td style=\"width: 15.3689%; text-align: center;\" width=\"73\"><strong>\u00a0<\/strong><\/td>\n<\/tr>\n<tr>\n<td style=\"width: 19.5696%;\" width=\"92\">Ad\u00e8le Girbal-Clotault<\/td>\n<td style=\"width: 16.3935%;\" width=\"74\">80m MIF<\/td>\n<td style=\"width: 13.627%; text-align: center;\" width=\"93\">10&Prime;94<\/td>\n<td style=\"width: 11.4755%; text-align: center;\" width=\"74\"><strong>(8<sup>e<\/sup>)<\/strong><\/td>\n<td style=\"width: 13.2172%; text-align: center;\" width=\"74\">30<\/td>\n<td style=\"width: 10.2458%; text-align: center;\" width=\"75\"><strong>\u00a0<\/strong><\/td>\n<td style=\"width: 15.3689%; text-align: center;\" width=\"73\"><strong>\u00a0<\/strong><\/td>\n<\/tr>\n<tr>\n<td style=\"width: 19.5696%;\" width=\"92\">Bruno Tertrais<\/td>\n<td style=\"width: 16.3935%;\" width=\"74\">120m MIM<\/td>\n<td style=\"width: 13.627%; text-align: center;\" width=\"93\">15&Prime;01<\/td>\n<td style=\"width: 11.4755%; text-align: center;\" width=\"74\"><strong>\u00a0<\/strong><\/td>\n<td style=\"width: 13.2172%; text-align: center;\" width=\"74\">29<\/td>\n<td style=\"width: 10.2458%; text-align: center;\" width=\"75\"><strong>\u00a0<\/strong><\/td>\n<td style=\"width: 15.3689%; text-align: center;\" width=\"73\"><strong>\u00a0<\/strong><\/td>\n<\/tr>\n<tr>\n<td style=\"width: 19.5696%;\" width=\"92\"><strong>Manon<\/strong> Le Nard<\/td>\n<td style=\"width: 16.3935%;\" width=\"74\">120m MIF<\/td>\n<td style=\"width: 13.627%; text-align: center;\" width=\"93\">16&Prime;63<\/td>\n<td style=\"width: 11.4755%; text-align: center;\" width=\"74\"><strong>\u00a0<\/strong><\/td>\n<td style=\"width: 13.2172%; text-align: center;\" width=\"74\">28<\/td>\n<td style=\"width: 10.2458%; text-align: center;\" width=\"75\"><strong>\u00a0<\/strong><\/td>\n<td style=\"width: 15.3689%; text-align: center;\" width=\"73\"><strong>\u00a0<\/strong><\/td>\n<\/tr>\n<tr>\n<td style=\"width: 19.5696%;\" width=\"92\"><strong>Esteban<\/strong> Ph\u00e9lipp\u00e9<\/td>\n<td style=\"width: 16.3935%;\" width=\"74\">1000m MIM<\/td>\n<td style=\"width: 13.627%; text-align: center;\" width=\"93\">3&rsquo;04&Prime;23<\/td>\n<td style=\"width: 11.4755%; text-align: center;\" width=\"74\"><strong>\u00a0<\/strong><\/td>\n<td style=\"width: 13.2172%; text-align: center;\" width=\"74\">28<\/td>\n<td style=\"width: 10.2458%; text-align: center;\" width=\"75\"><strong>\u00a0<\/strong><\/td>\n<td style=\"width: 15.3689%; text-align: center;\" width=\"73\"><strong>\u00a0<\/strong><\/td>\n<\/tr>\n<tr>\n<td style=\"width: 19.5696%;\" width=\"92\">Bruno Tertrais<\/td>\n<td style=\"width: 16.3935%;\" width=\"74\">Longueur MIM<\/td>\n<td style=\"width: 13.627%; text-align: center;\" width=\"93\">5m11<\/td>\n<td style=\"width: 11.4755%; text-align: center;\" width=\"74\"><strong>\u00a0<\/strong><\/td>\n<td style=\"width: 13.2172%; text-align: center;\" width=\"74\">27<\/td>\n<td style=\"width: 10.2458%; text-align: center;\" width=\"75\"><strong>\u00a0<\/strong><\/td>\n<td style=\"width: 15.3689%; text-align: center;\" width=\"73\"><strong>\u00a0<\/strong><\/td>\n<\/tr>\n<tr>\n<td style=\"width: 19.5696%;\" width=\"92\"><strong>Sharleen<\/strong> Bourdin<\/td>\n<td style=\"width: 16.3935%;\" width=\"74\">Perche MIF<\/td>\n<td style=\"width: 13.627%; text-align: center;\" width=\"93\">2m40<\/td>\n<td style=\"width: 11.4755%; text-align: center;\" width=\"74\"><strong>(5<sup>e<\/sup>)<\/strong><\/td>\n<td style=\"width: 13.2172%; text-align: center;\" width=\"74\">26<\/td>\n<td style=\"width: 10.2458%; text-align: center;\" width=\"75\"><strong>X<\/strong><\/td>\n<td style=\"width: 15.3689%; text-align: center;\" width=\"73\"><strong>X<\/strong><\/td>\n<\/tr>\n<tr>\n<td style=\"width: 19.5696%;\" width=\"92\"><strong>Faustine<\/strong> Louaisil<\/td>\n<td style=\"width: 16.3935%;\" width=\"74\">120m MIF<\/td>\n<td style=\"width: 13.627%; text-align: center;\" width=\"93\">17&Prime;13<\/td>\n<td style=\"width: 11.4755%; text-align: center;\" width=\"74\"><strong>\u00a0<\/strong><\/td>\n<td style=\"width: 13.2172%; text-align: center;\" width=\"74\">26<\/td>\n<td style=\"width: 10.2458%; text-align: center;\" width=\"75\"><strong>\u00a0<\/strong><\/td>\n<td style=\"width: 15.3689%; text-align: center;\" width=\"73\"><strong>\u00a0<\/strong><\/td>\n<\/tr>\n<tr>\n<td style=\"width: 19.5696%;\" width=\"92\">Ad\u00e8le Girbal-Clotault<\/td>\n<td style=\"width: 16.3935%;\" width=\"74\">Triple saut MIF<\/td>\n<td style=\"width: 13.627%; text-align: center;\" width=\"93\">9m46<\/td>\n<td style=\"width: 11.4755%; text-align: center;\" width=\"74\"><strong>\u00a0<\/strong><\/td>\n<td style=\"width: 13.2172%; text-align: center;\" width=\"74\">25<\/td>\n<td style=\"width: 10.2458%; text-align: center;\" width=\"75\"><strong>X<\/strong><\/td>\n<td style=\"width: 15.3689%; text-align: center;\" width=\"73\"><strong>\u00a0<\/strong><\/td>\n<\/tr>\n<tr>\n<td style=\"width: 19.5696%;\" width=\"92\"><strong>Elouan<\/strong> L\u00e9v\u00eaque<\/td>\n<td style=\"width: 16.3935%;\" width=\"74\">80m MIM<\/td>\n<td style=\"width: 13.627%; text-align: center;\" width=\"93\">10&Prime;26<\/td>\n<td style=\"width: 11.4755%; text-align: center;\" width=\"74\"><strong>\u00a0<\/strong><\/td>\n<td style=\"width: 13.2172%; text-align: center;\" width=\"74\">25<\/td>\n<td style=\"width: 10.2458%; text-align: center;\" width=\"75\"><strong>\u00a0X<\/strong><\/td>\n<td style=\"width: 15.3689%; text-align: center;\" width=\"73\"><strong>\u00a0<\/strong><\/td>\n<\/tr>\n<tr>\n<td style=\"width: 19.5696%;\" width=\"92\"><strong>Solyne<\/strong> Mariette<\/td>\n<td style=\"width: 16.3935%;\" width=\"74\">Disque MIF<\/td>\n<td style=\"width: 13.627%; text-align: center;\" width=\"93\">20m29<\/td>\n<td style=\"width: 11.4755%; text-align: center;\" width=\"74\"><strong>\u00a0<\/strong><\/td>\n<td style=\"width: 13.2172%; text-align: center;\" width=\"74\">23<\/td>\n<td style=\"width: 10.2458%; text-align: center;\" width=\"75\"><strong>\u00a0<\/strong><\/td>\n<td style=\"width: 15.3689%; text-align: center;\" width=\"73\"><strong>\u00a0<\/strong><\/td>\n<\/tr>\n<tr>\n<td style=\"width: 19.5696%;\" width=\"92\"><strong>Solyne<\/strong> Mariette<\/td>\n<td style=\"width: 16.3935%;\" width=\"74\">Javelot MIF<\/td>\n<td style=\"width: 13.627%; text-align: center;\" width=\"93\">19m36<\/td>\n<td style=\"width: 11.4755%; text-align: center;\" width=\"74\"><strong>\u00a0<\/strong><\/td>\n<td style=\"width: 13.2172%; text-align: center;\" width=\"74\">23<\/td>\n<td style=\"width: 10.2458%; text-align: center;\" width=\"75\"><strong>\u00a0<\/strong><\/td>\n<td style=\"width: 15.3689%; text-align: center;\" width=\"73\"><strong>\u00a0<\/strong><\/td>\n<\/tr>\n<tr>\n<td style=\"width: 19.5696%;\" width=\"92\"><strong>Quentin <\/strong>Planchenault<\/td>\n<td style=\"width: 16.3935%;\" width=\"74\">Hauteur MIM<\/td>\n<td style=\"width: 13.627%; text-align: center;\" width=\"93\">1m42<\/td>\n<td style=\"width: 11.4755%; text-align: center;\" width=\"74\"><strong>\u00a0<\/strong><\/td>\n<td style=\"width: 13.2172%; text-align: center;\" width=\"74\">21<\/td>\n<td style=\"width: 10.2458%; text-align: center;\" width=\"75\"><strong>\u00a0<\/strong><\/td>\n<td style=\"width: 15.3689%; text-align: center;\" width=\"73\"><strong>\u00a0<\/strong><\/td>\n<\/tr>\n<tr>\n<td style=\"width: 19.5696%;\" width=\"92\">Luc de Rancourt<\/td>\n<td style=\"width: 16.3935%;\" width=\"74\">Triple saut MIM<\/td>\n<td style=\"width: 13.627%; text-align: center;\" width=\"93\">10m26<\/td>\n<td style=\"width: 11.4755%; text-align: center;\" width=\"74\"><strong>\u00a0<\/strong><\/td>\n<td style=\"width: 13.2172%; text-align: center;\" width=\"74\">21<\/td>\n<td style=\"width: 10.2458%; text-align: center;\" width=\"75\"><strong>\u00a0<\/strong><\/td>\n<td style=\"width: 15.3689%; text-align: center;\" width=\"73\"><strong>\u00a0<\/strong><\/td>\n<\/tr>\n<tr>\n<td style=\"width: 19.5696%;\" width=\"92\"><strong>Esteban<\/strong> Bouillaux<\/td>\n<td style=\"width: 16.3935%;\" width=\"74\">120m MIM<\/td>\n<td style=\"width: 13.627%; text-align: center;\" width=\"93\">16&Prime;29<\/td>\n<td style=\"width: 11.4755%; text-align: center;\" width=\"74\"><strong>\u00a0<\/strong><\/td>\n<td style=\"width: 13.2172%; text-align: center;\" width=\"74\">19<\/td>\n<td style=\"width: 10.2458%; text-align: center;\" width=\"75\"><strong>\u00a0<\/strong><\/td>\n<td style=\"width: 15.3689%; text-align: center;\" width=\"73\"><strong>\u00a0<\/strong><\/td>\n<\/tr>\n<tr>\n<td style=\"width: 19.5696%;\" width=\"92\">Clara L\u00e9v\u00eaque<\/td>\n<td style=\"width: 16.3935%;\" width=\"74\">200m haies MIF<\/td>\n<td style=\"width: 13.627%; text-align: center;\" width=\"93\">37&Prime;61<\/td>\n<td style=\"width: 11.4755%; text-align: center;\" width=\"74\"><strong>\u00a0<\/strong><\/td>\n<td style=\"width: 13.2172%; text-align: center;\" width=\"74\">18<\/td>\n<td style=\"width: 10.2458%; text-align: center;\" width=\"75\"><strong>X<\/strong><\/td>\n<td style=\"width: 15.3689%; text-align: center;\" width=\"73\"><strong>\u00a0<\/strong><\/td>\n<\/tr>\n<tr>\n<td style=\"width: 19.5696%;\" width=\"92\">Ronan Cottereau<\/td>\n<td style=\"width: 16.3935%;\" width=\"74\">80m MIM<\/td>\n<td style=\"width: 13.627%; text-align: center;\" width=\"93\">10&Prime;91<\/td>\n<td style=\"width: 11.4755%; text-align: center;\" width=\"74\"><strong>\u00a0<\/strong><\/td>\n<td style=\"width: 13.2172%; text-align: center;\" width=\"74\">18<\/td>\n<td style=\"width: 10.2458%; text-align: center;\" width=\"75\"><strong>\u00a0<\/strong><\/td>\n<td style=\"width: 15.3689%; text-align: center;\" width=\"73\"><strong>\u00a0<\/strong><\/td>\n<\/tr>\n<tr>\n<td style=\"width: 19.5696%;\" width=\"92\"><strong>Esteban <\/strong>Ph\u00e9lipp\u00e9<\/td>\n<td style=\"width: 16.3935%;\" width=\"74\">80m MIM<\/td>\n<td style=\"width: 13.627%; text-align: center;\" width=\"93\">11&Prime;35<\/td>\n<td style=\"width: 11.4755%; text-align: center;\" width=\"74\"><strong>\u00a0<\/strong><\/td>\n<td style=\"width: 13.2172%; text-align: center;\" width=\"74\">16<\/td>\n<td style=\"width: 10.2458%; text-align: center;\" width=\"75\"><strong>\u00a0<\/strong><\/td>\n<td style=\"width: 15.3689%; text-align: center;\" width=\"73\"><strong>\u00a0<\/strong><\/td>\n<\/tr>\n<tr>\n<td style=\"width: 19.5696%;\" width=\"92\"><strong>Manon <\/strong>La Nard<\/td>\n<td style=\"width: 16.3935%;\" width=\"74\">Triathlon MIF<\/td>\n<td style=\"width: 13.627%; text-align: center;\" width=\"93\">95 points<\/td>\n<td style=\"width: 11.4755%; text-align: center;\" width=\"74\"><strong>(7<sup>e<\/sup>)<\/strong><\/td>\n<td style=\"width: 13.2172%; text-align: center;\" width=\"74\"><\/td>\n<td style=\"width: 10.2458%; text-align: center;\" width=\"75\"><strong>\u00a0<\/strong><\/td>\n<td style=\"width: 15.3689%; text-align: center;\" width=\"73\"><strong>\u00a0<\/strong><\/td>\n<\/tr>\n<tr>\n<td style=\"width: 19.5696%;\" width=\"92\"><strong>Quentin <\/strong>Planchenault<\/td>\n<td style=\"width: 16.3935%;\" width=\"74\">Triathlon MIM<\/td>\n<td style=\"width: 13.627%; text-align: center;\" width=\"93\">91 points<\/td>\n<td style=\"width: 11.4755%; text-align: center;\" width=\"74\"><strong>\u00a0<\/strong><\/td>\n<td style=\"width: 13.2172%; text-align: center;\" width=\"74\"><\/td>\n<td style=\"width: 10.2458%; text-align: center;\" width=\"75\"><strong>\u00a0<\/strong><\/td>\n<td style=\"width: 15.3689%; text-align: center;\" width=\"73\"><strong>\u00a0<\/strong><\/td>\n<\/tr>\n<tr>\n<td style=\"width: 19.5696%;\" width=\"92\">Luc De Rancourt<\/td>\n<td style=\"width: 16.3935%;\" width=\"74\">Triathlon MIM<\/td>\n<td style=\"width: 13.627%; text-align: center;\" width=\"93\">89 points<\/td>\n<td style=\"width: 11.4755%; text-align: center;\" width=\"74\"><strong>\u00a0<\/strong><\/td>\n<td style=\"width: 13.2172%; text-align: center;\" width=\"74\"><\/td>\n<td style=\"width: 10.2458%; text-align: center;\" width=\"75\"><strong>\u00a0<\/strong><\/td>\n<td style=\"width: 15.3689%; text-align: center;\" width=\"73\"><strong>\u00a0<\/strong><\/td>\n<\/tr>\n<\/tbody>\n<\/table>\n<p><a href=\"https:\/\/janze-athletisme.fr\/wordpress\/wp-content\/uploads\/2023\/06\/DSC_8271.jpg\"><img loading=\"lazy\" decoding=\"async\" class=\"alignnone wp-image-13695\" src=\"https:\/\/janze-athletisme.fr\/wordpress\/wp-content\/uploads\/2023\/06\/DSC_8271-199x300.jpg\" alt=\"\" width=\"153\" height=\"231\" srcset=\"https:\/\/janze-athletisme.fr\/wordpress\/wp-content\/uploads\/2023\/06\/DSC_8271-199x300.jpg 199w, https:\/\/janze-athletisme.fr\/wordpress\/wp-content\/uploads\/2023\/06\/DSC_8271-680x1024.jpg 680w, https:\/\/janze-athletisme.fr\/wordpress\/wp-content\/uploads\/2023\/06\/DSC_8271-768x1156.jpg 768w, https:\/\/janze-athletisme.fr\/wordpress\/wp-content\/uploads\/2023\/06\/DSC_8271.jpg 1000w\" sizes=\"auto, (max-width: 153px) 100vw, 153px\" \/> <\/a><a href=\"https:\/\/janze-athletisme.fr\/wordpress\/wp-content\/uploads\/2023\/06\/DSC_8312.jpg\"><img loading=\"lazy\" decoding=\"async\" class=\"alignnone wp-image-13697\" src=\"https:\/\/janze-athletisme.fr\/wordpress\/wp-content\/uploads\/2023\/06\/DSC_8312-202x300.jpg\" alt=\"\" width=\"157\" height=\"234\" srcset=\"https:\/\/janze-athletisme.fr\/wordpress\/wp-content\/uploads\/2023\/06\/DSC_8312-202x300.jpg 202w, https:\/\/janze-athletisme.fr\/wordpress\/wp-content\/uploads\/2023\/06\/DSC_8312-688x1024.jpg 688w, https:\/\/janze-athletisme.fr\/wordpress\/wp-content\/uploads\/2023\/06\/DSC_8312-768x1143.jpg 768w, https:\/\/janze-athletisme.fr\/wordpress\/wp-content\/uploads\/2023\/06\/DSC_8312.jpg 1000w\" sizes=\"auto, (max-width: 157px) 100vw, 157px\" \/> <\/a><a href=\"https:\/\/janze-athletisme.fr\/wordpress\/wp-content\/uploads\/2023\/06\/DSC_8241-Copie.jpg\"><img loading=\"lazy\" decoding=\"async\" class=\"alignnone wp-image-13699\" src=\"https:\/\/janze-athletisme.fr\/wordpress\/wp-content\/uploads\/2023\/06\/DSC_8241-Copie-202x300.jpg\" alt=\"\" width=\"159\" height=\"237\" srcset=\"https:\/\/janze-athletisme.fr\/wordpress\/wp-content\/uploads\/2023\/06\/DSC_8241-Copie-202x300.jpg 202w, https:\/\/janze-athletisme.fr\/wordpress\/wp-content\/uploads\/2023\/06\/DSC_8241-Copie-689x1024.jpg 689w, https:\/\/janze-athletisme.fr\/wordpress\/wp-content\/uploads\/2023\/06\/DSC_8241-Copie-768x1142.jpg 768w, https:\/\/janze-athletisme.fr\/wordpress\/wp-content\/uploads\/2023\/06\/DSC_8241-Copie.jpg 1000w\" sizes=\"auto, (max-width: 159px) 100vw, 159px\" \/> <\/a><a href=\"https:\/\/janze-athletisme.fr\/wordpress\/wp-content\/uploads\/2023\/06\/DSC_8385.jpg\"><img loading=\"lazy\" decoding=\"async\" class=\"alignnone wp-image-13700\" src=\"https:\/\/janze-athletisme.fr\/wordpress\/wp-content\/uploads\/2023\/06\/DSC_8385-200x300.jpg\" alt=\"\" width=\"158\" height=\"237\" srcset=\"https:\/\/janze-athletisme.fr\/wordpress\/wp-content\/uploads\/2023\/06\/DSC_8385-200x300.jpg 200w, https:\/\/janze-athletisme.fr\/wordpress\/wp-content\/uploads\/2023\/06\/DSC_8385-683x1024.jpg 683w, https:\/\/janze-athletisme.fr\/wordpress\/wp-content\/uploads\/2023\/06\/DSC_8385-768x1152.jpg 768w, https:\/\/janze-athletisme.fr\/wordpress\/wp-content\/uploads\/2023\/06\/DSC_8385.jpg 1000w\" sizes=\"auto, (max-width: 158px) 100vw, 158px\" \/> <\/a><a href=\"https:\/\/janze-athletisme.fr\/wordpress\/wp-content\/uploads\/2023\/06\/DSC_8484-Copie.jpg\"><img loading=\"lazy\" decoding=\"async\" class=\"alignnone wp-image-13701\" src=\"https:\/\/janze-athletisme.fr\/wordpress\/wp-content\/uploads\/2023\/06\/DSC_8484-Copie-201x300.jpg\" alt=\"\" width=\"159\" height=\"237\" srcset=\"https:\/\/janze-athletisme.fr\/wordpress\/wp-content\/uploads\/2023\/06\/DSC_8484-Copie-201x300.jpg 201w, https:\/\/janze-athletisme.fr\/wordpress\/wp-content\/uploads\/2023\/06\/DSC_8484-Copie-687x1024.jpg 687w, https:\/\/janze-athletisme.fr\/wordpress\/wp-content\/uploads\/2023\/06\/DSC_8484-Copie-768x1144.jpg 768w, https:\/\/janze-athletisme.fr\/wordpress\/wp-content\/uploads\/2023\/06\/DSC_8484-Copie.jpg 1000w\" sizes=\"auto, (max-width: 159px) 100vw, 159px\" \/><\/a><\/p>\n<p><em><span style=\"font-size: 10pt;\"><strong>L\u00e9a<\/strong>, sur 2000m, superstar du jour pour notre club \u00e0 la table de cotation chez les filles (43 points !), record personnel FFA battu de 23 secondes (7&rsquo;30&Prime;89), record du club effac\u00e9 d&rsquo;autant (Chlo\u00e9 Juvin, 7&rsquo;30&Prime;87 en 2017), et une superbe course tr\u00e8s ma\u00eetris\u00e9e&#8230; Idem pour <strong>Esteban<\/strong> chez les gar\u00e7ons, toujours sur 2000m (42 points, record perso battu de 21 secondes, record du club battu de 19 secondes), avec en prime une superbe m\u00e9daille de bronze, qui l&rsquo;envoie presque au stage Horizons (rassemblement des meilleurs R\u00e9gionaux), comme <strong>Quentin<\/strong>, sur 80, 120m ou 200m haies, et peut-\u00eatre <strong>Jules<\/strong> au javelot et <strong>Manon<\/strong> sur 200m haies. Grosse superbe journ\u00e9e pour nos minimes ! Bravo \u00e0 toutes et tous !!!<br \/>\n<\/span><\/em><\/p>\n","protected":false},"excerpt":{"rendered":"<p>Championnats de Bretagne Minimes, Redon, samedi 17 juin Sur 35 performances enregistr\u00e9es pour l&rsquo;EAC (dont 24 pour Janz\u00e9 Athl\u00e9), 18 record personnels (dont 14 de nos athl\u00e8tes) et 5 records du club (le n\u00f4tre) ont \u00e9t\u00e9 battus, et on a enregistr\u00e9 4 podiums et 15 places de finalistes (8 premiers), dont 3 et 13 pour [&hellip;]<\/p>\n","protected":false},"author":12,"featured_media":13695,"comment_status":"open","ping_status":"open","sticky":false,"template":"","format":"aside","meta":{"_uag_custom_page_level_css":"","site-sidebar-layout":"default","site-content-layout":"default","ast-site-content-layout":"default","site-content-style":"default","site-sidebar-style":"default","ast-global-header-display":"","ast-banner-title-visibility":"","ast-main-header-display":"","ast-hfb-above-header-display":"","ast-hfb-below-header-display":"","ast-hfb-mobile-header-display":"","site-post-title":"","ast-breadcrumbs-content":"","ast-featured-img":"","footer-sml-layout":"","ast-disable-related-posts":"","theme-transparent-header-meta":"default","adv-header-id-meta":"","stick-header-meta":"","header-above-stick-meta":"","header-main-stick-meta":"","header-below-stick-meta":"","astra-migrate-meta-layouts":"default","ast-page-background-enabled":"default","ast-page-background-meta":{"desktop":{"background-color":"var(--ast-global-color-4)","background-image":"","background-repeat":"repeat","background-position":"center center","background-size":"auto","background-attachment":"scroll","background-type":"","background-media":"","overlay-type":"","overlay-color":"","overlay-opacity":"","overlay-gradient":""},"tablet":{"background-color":"","background-image":"","background-repeat":"repeat","background-position":"center center","background-size":"auto","background-attachment":"scroll","background-type":"","background-media":"","overlay-type":"","overlay-color":"","overlay-opacity":"","overlay-gradient":""},"mobile":{"background-color":"","background-image":"","background-repeat":"repeat","background-position":"center center","background-size":"auto","background-attachment":"scroll","background-type":"","background-media":"","overlay-type":"","overlay-color":"","overlay-opacity":"","overlay-gradient":""}},"ast-content-background-meta":{"desktop":{"background-color":"var(--ast-global-color-5)","background-image":"","background-repeat":"repeat","background-position":"center center","background-size":"auto","background-attachment":"scroll","background-type":"","background-media":"","overlay-type":"","overlay-color":"","overlay-opacity":"","overlay-gradient":""},"tablet":{"background-color":"var(--ast-global-color-5)","background-image":"","background-repeat":"repeat","background-position":"center center","background-size":"auto","background-attachment":"scroll","background-type":"","background-media":"","overlay-type":"","overlay-color":"","overlay-opacity":"","overlay-gradient":""},"mobile":{"background-color":"var(--ast-global-color-5)","background-image":"","background-repeat":"repeat","background-position":"center center","background-size":"auto","background-attachment":"scroll","background-type":"","background-media":"","overlay-type":"","overlay-color":"","overlay-opacity":"","overlay-gradient":""}},"footnotes":""},"categories":[6],"tags":[],"class_list":["post-13694","post","type-post","status-publish","format-aside","has-post-thumbnail","hentry","category-sections","post_format-post-format-aside"],"yoast_head":"<!-- This site is optimized with the Yoast SEO plugin v27.5 - https:\/\/yoast.com\/product\/yoast-seo-wordpress\/ -->\n<title>Un ch\u00e2teau Redon 2023 de belle cuv\u00e9e ! - Janz\u00e9 Athl\u00e9tisme<\/title>\n<meta name=\"robots\" content=\"index, follow, max-snippet:-1, max-image-preview:large, max-video-preview:-1\" \/>\n<link rel=\"canonical\" href=\"https:\/\/janze-athletisme.fr\/wordpress\/un-chateau-redon-2023-de-belle-cuvee\/\" \/>\n<meta property=\"og:locale\" content=\"fr_FR\" \/>\n<meta property=\"og:type\" content=\"article\" \/>\n<meta property=\"og:title\" content=\"Un ch\u00e2teau Redon 2023 de belle cuv\u00e9e ! - Janz\u00e9 Athl\u00e9tisme\" \/>\n<meta property=\"og:description\" content=\"Championnats de Bretagne Minimes, Redon, samedi 17 juin Sur 35 performances enregistr\u00e9es pour l&rsquo;EAC (dont 24 pour Janz\u00e9 Athl\u00e9), 18 record personnels (dont 14 de nos athl\u00e8tes) et 5 records du club (le n\u00f4tre) ont \u00e9t\u00e9 battus, et on a enregistr\u00e9 4 podiums et 15 places de finalistes (8 premiers), dont 3 et 13 pour [&hellip;]\" \/>\n<meta property=\"og:url\" content=\"https:\/\/janze-athletisme.fr\/wordpress\/un-chateau-redon-2023-de-belle-cuvee\/\" \/>\n<meta property=\"og:site_name\" content=\"Janz\u00e9 Athl\u00e9tisme\" \/>\n<meta property=\"article:publisher\" content=\"https:\/\/www.facebook.com\/groups\/1007964579346590\" \/>\n<meta property=\"article:published_time\" content=\"2023-06-17T22:45:42+00:00\" \/>\n<meta property=\"article:modified_time\" content=\"2023-06-19T18:58:45+00:00\" \/>\n<meta property=\"og:image\" content=\"https:\/\/janze-athletisme.fr\/wordpress\/wp-content\/uploads\/2023\/06\/DSC_8271.jpg\" \/>\n\t<meta property=\"og:image:width\" content=\"1000\" \/>\n\t<meta property=\"og:image:height\" content=\"1505\" \/>\n\t<meta property=\"og:image:type\" content=\"image\/jpeg\" \/>\n<meta name=\"author\" content=\"Laurent Meunier\" \/>\n<meta name=\"twitter:card\" content=\"summary_large_image\" \/>\n<meta name=\"twitter:label1\" content=\"\u00c9crit par\" \/>\n\t<meta name=\"twitter:data1\" content=\"Laurent Meunier\" \/>\n\t<meta name=\"twitter:label2\" content=\"Dur\u00e9e de lecture estim\u00e9e\" \/>\n\t<meta name=\"twitter:data2\" content=\"5 minutes\" \/>\n<script type=\"application\/ld+json\" class=\"yoast-schema-graph\">{\"@context\":\"https:\\\/\\\/schema.org\",\"@graph\":[{\"@type\":\"Article\",\"@id\":\"https:\\\/\\\/janze-athletisme.fr\\\/wordpress\\\/un-chateau-redon-2023-de-belle-cuvee\\\/#article\",\"isPartOf\":{\"@id\":\"https:\\\/\\\/janze-athletisme.fr\\\/wordpress\\\/un-chateau-redon-2023-de-belle-cuvee\\\/\"},\"author\":{\"name\":\"Laurent Meunier\",\"@id\":\"https:\\\/\\\/janze-athletisme.fr\\\/wordpress\\\/#\\\/schema\\\/person\\\/c7b063dcfa6234c041d4d9b26cc2ea03\"},\"headline\":\"Un ch\u00e2teau Redon 2023 de belle cuv\u00e9e !\",\"datePublished\":\"2023-06-17T22:45:42+00:00\",\"dateModified\":\"2023-06-19T18:58:45+00:00\",\"mainEntityOfPage\":{\"@id\":\"https:\\\/\\\/janze-athletisme.fr\\\/wordpress\\\/un-chateau-redon-2023-de-belle-cuvee\\\/\"},\"wordCount\":635,\"commentCount\":0,\"publisher\":{\"@id\":\"https:\\\/\\\/janze-athletisme.fr\\\/wordpress\\\/#organization\"},\"image\":{\"@id\":\"https:\\\/\\\/janze-athletisme.fr\\\/wordpress\\\/un-chateau-redon-2023-de-belle-cuvee\\\/#primaryimage\"},\"thumbnailUrl\":\"https:\\\/\\\/janze-athletisme.fr\\\/wordpress\\\/wp-content\\\/uploads\\\/2023\\\/06\\\/DSC_8271.jpg\",\"articleSection\":[\"Le club au jour le jour\"],\"inLanguage\":\"fr-FR\",\"potentialAction\":[{\"@type\":\"CommentAction\",\"name\":\"Comment\",\"target\":[\"https:\\\/\\\/janze-athletisme.fr\\\/wordpress\\\/un-chateau-redon-2023-de-belle-cuvee\\\/#respond\"]}]},{\"@type\":\"WebPage\",\"@id\":\"https:\\\/\\\/janze-athletisme.fr\\\/wordpress\\\/un-chateau-redon-2023-de-belle-cuvee\\\/\",\"url\":\"https:\\\/\\\/janze-athletisme.fr\\\/wordpress\\\/un-chateau-redon-2023-de-belle-cuvee\\\/\",\"name\":\"Un ch\u00e2teau Redon 2023 de belle cuv\u00e9e ! - Janz\u00e9 Athl\u00e9tisme\",\"isPartOf\":{\"@id\":\"https:\\\/\\\/janze-athletisme.fr\\\/wordpress\\\/#website\"},\"primaryImageOfPage\":{\"@id\":\"https:\\\/\\\/janze-athletisme.fr\\\/wordpress\\\/un-chateau-redon-2023-de-belle-cuvee\\\/#primaryimage\"},\"image\":{\"@id\":\"https:\\\/\\\/janze-athletisme.fr\\\/wordpress\\\/un-chateau-redon-2023-de-belle-cuvee\\\/#primaryimage\"},\"thumbnailUrl\":\"https:\\\/\\\/janze-athletisme.fr\\\/wordpress\\\/wp-content\\\/uploads\\\/2023\\\/06\\\/DSC_8271.jpg\",\"datePublished\":\"2023-06-17T22:45:42+00:00\",\"dateModified\":\"2023-06-19T18:58:45+00:00\",\"breadcrumb\":{\"@id\":\"https:\\\/\\\/janze-athletisme.fr\\\/wordpress\\\/un-chateau-redon-2023-de-belle-cuvee\\\/#breadcrumb\"},\"inLanguage\":\"fr-FR\",\"potentialAction\":[{\"@type\":\"ReadAction\",\"target\":[\"https:\\\/\\\/janze-athletisme.fr\\\/wordpress\\\/un-chateau-redon-2023-de-belle-cuvee\\\/\"]}]},{\"@type\":\"ImageObject\",\"inLanguage\":\"fr-FR\",\"@id\":\"https:\\\/\\\/janze-athletisme.fr\\\/wordpress\\\/un-chateau-redon-2023-de-belle-cuvee\\\/#primaryimage\",\"url\":\"https:\\\/\\\/janze-athletisme.fr\\\/wordpress\\\/wp-content\\\/uploads\\\/2023\\\/06\\\/DSC_8271.jpg\",\"contentUrl\":\"https:\\\/\\\/janze-athletisme.fr\\\/wordpress\\\/wp-content\\\/uploads\\\/2023\\\/06\\\/DSC_8271.jpg\",\"width\":1000,\"height\":1505},{\"@type\":\"BreadcrumbList\",\"@id\":\"https:\\\/\\\/janze-athletisme.fr\\\/wordpress\\\/un-chateau-redon-2023-de-belle-cuvee\\\/#breadcrumb\",\"itemListElement\":[{\"@type\":\"ListItem\",\"position\":1,\"name\":\"Accueil\",\"item\":\"https:\\\/\\\/janze-athletisme.fr\\\/wordpress\\\/\"},{\"@type\":\"ListItem\",\"position\":2,\"name\":\"Un ch\u00e2teau Redon 2023 de belle cuv\u00e9e !\"}]},{\"@type\":\"WebSite\",\"@id\":\"https:\\\/\\\/janze-athletisme.fr\\\/wordpress\\\/#website\",\"url\":\"https:\\\/\\\/janze-athletisme.fr\\\/wordpress\\\/\",\"name\":\"Janz\u00e9 Athl\u00e9tisme\",\"description\":\"Pays de La Roche aux F\u00e9es\",\"publisher\":{\"@id\":\"https:\\\/\\\/janze-athletisme.fr\\\/wordpress\\\/#organization\"},\"potentialAction\":[{\"@type\":\"SearchAction\",\"target\":{\"@type\":\"EntryPoint\",\"urlTemplate\":\"https:\\\/\\\/janze-athletisme.fr\\\/wordpress\\\/?s={search_term_string}\"},\"query-input\":{\"@type\":\"PropertyValueSpecification\",\"valueRequired\":true,\"valueName\":\"search_term_string\"}}],\"inLanguage\":\"fr-FR\"},{\"@type\":\"Organization\",\"@id\":\"https:\\\/\\\/janze-athletisme.fr\\\/wordpress\\\/#organization\",\"name\":\"Janz\u00e9 Athl\u00e9tisme\",\"url\":\"https:\\\/\\\/janze-athletisme.fr\\\/wordpress\\\/\",\"logo\":{\"@type\":\"ImageObject\",\"inLanguage\":\"fr-FR\",\"@id\":\"https:\\\/\\\/janze-athletisme.fr\\\/wordpress\\\/#\\\/schema\\\/logo\\\/image\\\/\",\"url\":\"https:\\\/\\\/janze-athletisme.fr\\\/wordpress\\\/wp-content\\\/uploads\\\/2015\\\/03\\\/logo-full1.jpg\",\"contentUrl\":\"https:\\\/\\\/janze-athletisme.fr\\\/wordpress\\\/wp-content\\\/uploads\\\/2015\\\/03\\\/logo-full1.jpg\",\"width\":437,\"height\":205,\"caption\":\"Janz\u00e9 Athl\u00e9tisme\"},\"image\":{\"@id\":\"https:\\\/\\\/janze-athletisme.fr\\\/wordpress\\\/#\\\/schema\\\/logo\\\/image\\\/\"},\"sameAs\":[\"https:\\\/\\\/www.facebook.com\\\/groups\\\/1007964579346590\"]},{\"@type\":\"Person\",\"@id\":\"https:\\\/\\\/janze-athletisme.fr\\\/wordpress\\\/#\\\/schema\\\/person\\\/c7b063dcfa6234c041d4d9b26cc2ea03\",\"name\":\"Laurent Meunier\",\"image\":{\"@type\":\"ImageObject\",\"inLanguage\":\"fr-FR\",\"@id\":\"https:\\\/\\\/secure.gravatar.com\\\/avatar\\\/dd25d581ad7c3349090f2fa6a9adb6bfa287e6a5dd8a5216a092727cd8749034?s=96&d=mm&r=g\",\"url\":\"https:\\\/\\\/secure.gravatar.com\\\/avatar\\\/dd25d581ad7c3349090f2fa6a9adb6bfa287e6a5dd8a5216a092727cd8749034?s=96&d=mm&r=g\",\"contentUrl\":\"https:\\\/\\\/secure.gravatar.com\\\/avatar\\\/dd25d581ad7c3349090f2fa6a9adb6bfa287e6a5dd8a5216a092727cd8749034?s=96&d=mm&r=g\",\"caption\":\"Laurent Meunier\"},\"url\":\"https:\\\/\\\/janze-athletisme.fr\\\/wordpress\\\/author\\\/laurent-meunier35\\\/\"}]}<\/script>\n<!-- \/ Yoast SEO plugin. -->","yoast_head_json":{"title":"Un ch\u00e2teau Redon 2023 de belle cuv\u00e9e ! - Janz\u00e9 Athl\u00e9tisme","robots":{"index":"index","follow":"follow","max-snippet":"max-snippet:-1","max-image-preview":"max-image-preview:large","max-video-preview":"max-video-preview:-1"},"canonical":"https:\/\/janze-athletisme.fr\/wordpress\/un-chateau-redon-2023-de-belle-cuvee\/","og_locale":"fr_FR","og_type":"article","og_title":"Un ch\u00e2teau Redon 2023 de belle cuv\u00e9e ! - Janz\u00e9 Athl\u00e9tisme","og_description":"Championnats de Bretagne Minimes, Redon, samedi 17 juin Sur 35 performances enregistr\u00e9es pour l&rsquo;EAC (dont 24 pour Janz\u00e9 Athl\u00e9), 18 record personnels (dont 14 de nos athl\u00e8tes) et 5 records du club (le n\u00f4tre) ont \u00e9t\u00e9 battus, et on a enregistr\u00e9 4 podiums et 15 places de finalistes (8 premiers), dont 3 et 13 pour [&hellip;]","og_url":"https:\/\/janze-athletisme.fr\/wordpress\/un-chateau-redon-2023-de-belle-cuvee\/","og_site_name":"Janz\u00e9 Athl\u00e9tisme","article_publisher":"https:\/\/www.facebook.com\/groups\/1007964579346590","article_published_time":"2023-06-17T22:45:42+00:00","article_modified_time":"2023-06-19T18:58:45+00:00","og_image":[{"width":1000,"height":1505,"url":"https:\/\/janze-athletisme.fr\/wordpress\/wp-content\/uploads\/2023\/06\/DSC_8271.jpg","type":"image\/jpeg"}],"author":"Laurent Meunier","twitter_card":"summary_large_image","twitter_misc":{"\u00c9crit par":"Laurent Meunier","Dur\u00e9e de lecture estim\u00e9e":"5 minutes"},"schema":{"@context":"https:\/\/schema.org","@graph":[{"@type":"Article","@id":"https:\/\/janze-athletisme.fr\/wordpress\/un-chateau-redon-2023-de-belle-cuvee\/#article","isPartOf":{"@id":"https:\/\/janze-athletisme.fr\/wordpress\/un-chateau-redon-2023-de-belle-cuvee\/"},"author":{"name":"Laurent Meunier","@id":"https:\/\/janze-athletisme.fr\/wordpress\/#\/schema\/person\/c7b063dcfa6234c041d4d9b26cc2ea03"},"headline":"Un ch\u00e2teau Redon 2023 de belle cuv\u00e9e !","datePublished":"2023-06-17T22:45:42+00:00","dateModified":"2023-06-19T18:58:45+00:00","mainEntityOfPage":{"@id":"https:\/\/janze-athletisme.fr\/wordpress\/un-chateau-redon-2023-de-belle-cuvee\/"},"wordCount":635,"commentCount":0,"publisher":{"@id":"https:\/\/janze-athletisme.fr\/wordpress\/#organization"},"image":{"@id":"https:\/\/janze-athletisme.fr\/wordpress\/un-chateau-redon-2023-de-belle-cuvee\/#primaryimage"},"thumbnailUrl":"https:\/\/janze-athletisme.fr\/wordpress\/wp-content\/uploads\/2023\/06\/DSC_8271.jpg","articleSection":["Le club au jour le jour"],"inLanguage":"fr-FR","potentialAction":[{"@type":"CommentAction","name":"Comment","target":["https:\/\/janze-athletisme.fr\/wordpress\/un-chateau-redon-2023-de-belle-cuvee\/#respond"]}]},{"@type":"WebPage","@id":"https:\/\/janze-athletisme.fr\/wordpress\/un-chateau-redon-2023-de-belle-cuvee\/","url":"https:\/\/janze-athletisme.fr\/wordpress\/un-chateau-redon-2023-de-belle-cuvee\/","name":"Un ch\u00e2teau Redon 2023 de belle cuv\u00e9e ! - Janz\u00e9 Athl\u00e9tisme","isPartOf":{"@id":"https:\/\/janze-athletisme.fr\/wordpress\/#website"},"primaryImageOfPage":{"@id":"https:\/\/janze-athletisme.fr\/wordpress\/un-chateau-redon-2023-de-belle-cuvee\/#primaryimage"},"image":{"@id":"https:\/\/janze-athletisme.fr\/wordpress\/un-chateau-redon-2023-de-belle-cuvee\/#primaryimage"},"thumbnailUrl":"https:\/\/janze-athletisme.fr\/wordpress\/wp-content\/uploads\/2023\/06\/DSC_8271.jpg","datePublished":"2023-06-17T22:45:42+00:00","dateModified":"2023-06-19T18:58:45+00:00","breadcrumb":{"@id":"https:\/\/janze-athletisme.fr\/wordpress\/un-chateau-redon-2023-de-belle-cuvee\/#breadcrumb"},"inLanguage":"fr-FR","potentialAction":[{"@type":"ReadAction","target":["https:\/\/janze-athletisme.fr\/wordpress\/un-chateau-redon-2023-de-belle-cuvee\/"]}]},{"@type":"ImageObject","inLanguage":"fr-FR","@id":"https:\/\/janze-athletisme.fr\/wordpress\/un-chateau-redon-2023-de-belle-cuvee\/#primaryimage","url":"https:\/\/janze-athletisme.fr\/wordpress\/wp-content\/uploads\/2023\/06\/DSC_8271.jpg","contentUrl":"https:\/\/janze-athletisme.fr\/wordpress\/wp-content\/uploads\/2023\/06\/DSC_8271.jpg","width":1000,"height":1505},{"@type":"BreadcrumbList","@id":"https:\/\/janze-athletisme.fr\/wordpress\/un-chateau-redon-2023-de-belle-cuvee\/#breadcrumb","itemListElement":[{"@type":"ListItem","position":1,"name":"Accueil","item":"https:\/\/janze-athletisme.fr\/wordpress\/"},{"@type":"ListItem","position":2,"name":"Un ch\u00e2teau Redon 2023 de belle cuv\u00e9e !"}]},{"@type":"WebSite","@id":"https:\/\/janze-athletisme.fr\/wordpress\/#website","url":"https:\/\/janze-athletisme.fr\/wordpress\/","name":"Janz\u00e9 Athl\u00e9tisme","description":"Pays de La Roche aux F\u00e9es","publisher":{"@id":"https:\/\/janze-athletisme.fr\/wordpress\/#organization"},"potentialAction":[{"@type":"SearchAction","target":{"@type":"EntryPoint","urlTemplate":"https:\/\/janze-athletisme.fr\/wordpress\/?s={search_term_string}"},"query-input":{"@type":"PropertyValueSpecification","valueRequired":true,"valueName":"search_term_string"}}],"inLanguage":"fr-FR"},{"@type":"Organization","@id":"https:\/\/janze-athletisme.fr\/wordpress\/#organization","name":"Janz\u00e9 Athl\u00e9tisme","url":"https:\/\/janze-athletisme.fr\/wordpress\/","logo":{"@type":"ImageObject","inLanguage":"fr-FR","@id":"https:\/\/janze-athletisme.fr\/wordpress\/#\/schema\/logo\/image\/","url":"https:\/\/janze-athletisme.fr\/wordpress\/wp-content\/uploads\/2015\/03\/logo-full1.jpg","contentUrl":"https:\/\/janze-athletisme.fr\/wordpress\/wp-content\/uploads\/2015\/03\/logo-full1.jpg","width":437,"height":205,"caption":"Janz\u00e9 Athl\u00e9tisme"},"image":{"@id":"https:\/\/janze-athletisme.fr\/wordpress\/#\/schema\/logo\/image\/"},"sameAs":["https:\/\/www.facebook.com\/groups\/1007964579346590"]},{"@type":"Person","@id":"https:\/\/janze-athletisme.fr\/wordpress\/#\/schema\/person\/c7b063dcfa6234c041d4d9b26cc2ea03","name":"Laurent Meunier","image":{"@type":"ImageObject","inLanguage":"fr-FR","@id":"https:\/\/secure.gravatar.com\/avatar\/dd25d581ad7c3349090f2fa6a9adb6bfa287e6a5dd8a5216a092727cd8749034?s=96&d=mm&r=g","url":"https:\/\/secure.gravatar.com\/avatar\/dd25d581ad7c3349090f2fa6a9adb6bfa287e6a5dd8a5216a092727cd8749034?s=96&d=mm&r=g","contentUrl":"https:\/\/secure.gravatar.com\/avatar\/dd25d581ad7c3349090f2fa6a9adb6bfa287e6a5dd8a5216a092727cd8749034?s=96&d=mm&r=g","caption":"Laurent Meunier"},"url":"https:\/\/janze-athletisme.fr\/wordpress\/author\/laurent-meunier35\/"}]}},"uagb_featured_image_src":{"full":["https:\/\/janze-athletisme.fr\/wordpress\/wp-content\/uploads\/2023\/06\/DSC_8271.jpg",1000,1505,false],"thumbnail":["https:\/\/janze-athletisme.fr\/wordpress\/wp-content\/uploads\/2023\/06\/DSC_8271-150x150.jpg",150,150,true],"medium":["https:\/\/janze-athletisme.fr\/wordpress\/wp-content\/uploads\/2023\/06\/DSC_8271-199x300.jpg",199,300,true],"medium_large":["https:\/\/janze-athletisme.fr\/wordpress\/wp-content\/uploads\/2023\/06\/DSC_8271-768x1156.jpg",768,1156,true],"large":["https:\/\/janze-athletisme.fr\/wordpress\/wp-content\/uploads\/2023\/06\/DSC_8271-680x1024.jpg",680,1024,true],"1536x1536":["https:\/\/janze-athletisme.fr\/wordpress\/wp-content\/uploads\/2023\/06\/DSC_8271.jpg",1000,1505,false],"2048x2048":["https:\/\/janze-athletisme.fr\/wordpress\/wp-content\/uploads\/2023\/06\/DSC_8271.jpg",1000,1505,false]},"uagb_author_info":{"display_name":"Laurent Meunier","author_link":"https:\/\/janze-athletisme.fr\/wordpress\/author\/laurent-meunier35\/"},"uagb_comment_info":0,"uagb_excerpt":"Championnats de Bretagne Minimes, Redon, samedi 17 juin Sur 35 performances enregistr\u00e9es pour l&rsquo;EAC (dont 24 pour Janz\u00e9 Athl\u00e9), 18 record personnels (dont 14 de nos athl\u00e8tes) et 5 records du club (le n\u00f4tre) ont \u00e9t\u00e9 battus, et on a enregistr\u00e9 4 podiums et 15 places de finalistes (8 premiers), dont 3 et 13 pour\u2026","_links":{"self":[{"href":"https:\/\/janze-athletisme.fr\/wordpress\/wp-json\/wp\/v2\/posts\/13694","targetHints":{"allow":["GET"]}}],"collection":[{"href":"https:\/\/janze-athletisme.fr\/wordpress\/wp-json\/wp\/v2\/posts"}],"about":[{"href":"https:\/\/janze-athletisme.fr\/wordpress\/wp-json\/wp\/v2\/types\/post"}],"author":[{"embeddable":true,"href":"https:\/\/janze-athletisme.fr\/wordpress\/wp-json\/wp\/v2\/users\/12"}],"replies":[{"embeddable":true,"href":"https:\/\/janze-athletisme.fr\/wordpress\/wp-json\/wp\/v2\/comments?post=13694"}],"version-history":[{"count":9,"href":"https:\/\/janze-athletisme.fr\/wordpress\/wp-json\/wp\/v2\/posts\/13694\/revisions"}],"predecessor-version":[{"id":13765,"href":"https:\/\/janze-athletisme.fr\/wordpress\/wp-json\/wp\/v2\/posts\/13694\/revisions\/13765"}],"wp:featuredmedia":[{"embeddable":true,"href":"https:\/\/janze-athletisme.fr\/wordpress\/wp-json\/wp\/v2\/media\/13695"}],"wp:attachment":[{"href":"https:\/\/janze-athletisme.fr\/wordpress\/wp-json\/wp\/v2\/media?parent=13694"}],"wp:term":[{"taxonomy":"category","embeddable":true,"href":"https:\/\/janze-athletisme.fr\/wordpress\/wp-json\/wp\/v2\/categories?post=13694"},{"taxonomy":"post_tag","embeddable":true,"href":"https:\/\/janze-athletisme.fr\/wordpress\/wp-json\/wp\/v2\/tags?post=13694"}],"curies":[{"name":"wp","href":"https:\/\/api.w.org\/{rel}","templated":true}]}}