{"id":13689,"date":"2023-06-17T13:34:29","date_gmt":"2023-06-17T11:34:29","guid":{"rendered":"https:\/\/janze-athletisme.fr\/wordpress\/?p=13689"},"modified":"2023-06-17T23:49:33","modified_gmt":"2023-06-17T21:49:33","slug":"pont-rean-2","status":"publish","type":"post","link":"https:\/\/janze-athletisme.fr\/wordpress\/pont-rean-2\/","title":{"rendered":"Pont R\u00e9an"},"content":{"rendered":"<h1 style=\"text-align: center;\"><span style=\"font-family: comic sans ms, sans-serif; color: #800000;\"><strong>Trail du Bo\u00ebl<\/strong><\/span><\/h1>\n<p>&nbsp;<\/p>\n<p><span style=\"color: #000000;\">Un des trails les plus populaire et couru du secteur: LE Trail du Bo\u00ebl !!!! un tr\u00e8s beau parcours, accident\u00e9 et plein de terre, s\u00e8che en l&rsquo;occurrence vu la m\u00e9t\u00e9o des derni\u00e8res semaines. A not\u00e9 la victoire sur le 13km de Micka\u00ebl Primault, notre crossman Cessonnais champion du steeple ! un 13km ou Damien r\u00e9alise un tr\u00e8s beau classement, tout comme Lya, jeune adepte du trail on dirait et 1\u00e8re de sa cat\u00e9gorie (\u00e7a commence \u00e0 devenir une habitude !). Bravo \u00e9galement \u00e0 Aur\u00e9lie qui revient en forme et qui terminera avec Virginie, qui malgr\u00e9 un doigt handicap\u00e9 arrivera \u00e0 boucler sa course de mani\u00e8re plus qu&rsquo;honorable (bon c&rsquo;est s\u00fbr, on ne court pas avec ses mains mais on s&rsquo;agrippe aux branches parfois !!).<\/span><\/p>\n<p><span style=\"color: #000000;\">Sur le 24 on retrouvera une fois encore Ronan, pas fatigu\u00e9 de son marathon (on verra si tu gambaderas encore apr\u00e8s ton 175km !!!) et Fred que nous retrouvons avec grand plaisir, plus habitu\u00e9 \u00e0 la montagne il s&rsquo;en sort \u00e9galement avec les honneurs !<\/span><\/p>\n<p><span style=\"color: #000000;\">Bravo \u00e0 toutes et \u00e0 tous, vous avez fait honneur au maillot !<\/span><\/p>\n<table style=\"border-collapse: collapse; width: 100%;\">\n<tbody>\n<tr>\n<td style=\"width: 16.6667%; text-align: center;\"><strong><span style=\"color: #000000;\">Distance<\/span><\/strong><\/td>\n<td style=\"width: 16.6667%; text-align: center;\"><strong><span style=\"color: #000000;\">Classement<\/span><\/strong><\/td>\n<td style=\"width: 16.6667%; text-align: center;\"><strong><span style=\"color: #000000;\">Nom<\/span><\/strong><\/td>\n<td style=\"width: 16.6667%; text-align: center;\"><strong><span style=\"color: #000000;\">Temps<\/span><\/strong><\/td>\n<td style=\"width: 16.6667%; text-align: center;\"><strong><span style=\"color: #000000;\">Classement Cat\u00e9gorie<\/span><\/strong><\/td>\n<td style=\"width: 16.6667%; text-align: center;\"><strong><span style=\"color: #000000;\">Classement femme<\/span><\/strong><\/td>\n<\/tr>\n<tr>\n<td style=\"width: 16.6667%; text-align: center;\"><span style=\"color: #000000;\">13km<\/span><\/td>\n<td style=\"width: 16.6667%; text-align: center;\"><span style=\"color: #000000;\">14\/485<\/span><\/td>\n<td style=\"width: 16.6667%; text-align: center;\"><span style=\"color: #000000;\">Damien Leroux<\/span><\/td>\n<td style=\"width: 16.6667%; text-align: center;\"><span style=\"color: #000000;\">1h02&rsquo;00<\/span><\/td>\n<td style=\"width: 16.6667%; text-align: center;\"><span style=\"color: #000000;\">4\u00e8me M0H<\/span><\/td>\n<td style=\"width: 16.6667%; text-align: center;\"><span style=\"color: #000000;\">&#8211;<\/span><\/td>\n<\/tr>\n<tr>\n<td style=\"width: 16.6667%; text-align: center;\"><span style=\"color: #000000;\">13km<\/span><\/td>\n<td style=\"width: 16.6667%; text-align: center;\"><span style=\"color: #000000;\">108\/485<\/span><\/td>\n<td style=\"width: 16.6667%; text-align: center;\"><span style=\"color: #000000;\">Lya Pigeon<\/span><\/td>\n<td style=\"width: 16.6667%; text-align: center;\"><span style=\"color: #000000;\">1h15&rsquo;40<\/span><\/td>\n<td style=\"width: 16.6667%; text-align: center;\"><span style=\"color: #000000;\">1\u00e8re CAF<\/span><\/td>\n<td style=\"width: 16.6667%; text-align: center;\"><span style=\"color: #000000;\">7\/164<\/span><\/td>\n<\/tr>\n<tr>\n<td style=\"width: 16.6667%; text-align: center;\"><span style=\"color: #000000;\">13km<\/span><\/td>\n<td style=\"width: 16.6667%; text-align: center;\"><span style=\"color: #000000;\">403\/485<\/span><\/td>\n<td style=\"width: 16.6667%; text-align: center;\"><span style=\"color: #000000;\">Aur\u00e9lie Bou\u00e9<\/span><\/td>\n<td style=\"width: 16.6667%; text-align: center;\"><span style=\"color: #000000;\">1h41&rsquo;19<\/span><\/td>\n<td style=\"width: 16.6667%; text-align: center;\"><span style=\"color: #000000;\">20\u00e8me M1F<\/span><\/td>\n<td style=\"width: 16.6667%; text-align: center;\"><span style=\"color: #000000;\">110\/164<\/span><\/td>\n<\/tr>\n<tr>\n<td style=\"width: 16.6667%; text-align: center;\"><span style=\"color: #000000;\">13km<\/span><\/td>\n<td style=\"width: 16.6667%; text-align: center;\"><span style=\"color: #000000;\">405\/485<\/span><\/td>\n<td style=\"width: 16.6667%; text-align: center;\"><span style=\"color: #000000;\">Virginie Doursenaud<\/span><\/td>\n<td style=\"width: 16.6667%; text-align: center;\"><span style=\"color: #000000;\">1h41&rsquo;20<\/span><\/td>\n<td style=\"width: 16.6667%; text-align: center;\"><span style=\"color: #000000;\">21\u00e8me M1F<\/span><\/td>\n<td style=\"width: 16.6667%; text-align: center;\"><span style=\"color: #000000;\">111\/164<\/span><\/td>\n<\/tr>\n<tr>\n<td style=\"width: 16.6667%; text-align: center;\"><span style=\"color: #000000;\">24km<\/span><\/td>\n<td style=\"width: 16.6667%; text-align: center;\"><span style=\"color: #000000;\">9\/393<\/span><\/td>\n<td style=\"width: 16.6667%; text-align: center;\"><span style=\"color: #000000;\">Ronan Pain<\/span><\/td>\n<td style=\"width: 16.6667%; text-align: center;\"><span style=\"color: #000000;\">1h46&rsquo;46<\/span><\/td>\n<td style=\"width: 16.6667%; text-align: center;\"><span style=\"color: #000000;\">5\u00e8me SEH<\/span><\/td>\n<td style=\"width: 16.6667%; text-align: center;\"><span style=\"color: #000000;\">&#8211;<\/span><\/td>\n<\/tr>\n<tr>\n<td style=\"width: 16.6667%; text-align: center;\"><span style=\"color: #000000;\">24km<\/span><\/td>\n<td style=\"width: 16.6667%; text-align: center;\"><span style=\"color: #000000;\">104\/393<\/span><\/td>\n<td style=\"width: 16.6667%; text-align: center;\"><span style=\"color: #000000;\">Fr\u00e9d\u00e9ric Graye<\/span><\/td>\n<td style=\"width: 16.6667%; text-align: center;\"><span style=\"color: #000000;\">2h12&rsquo;47<\/span><\/td>\n<td style=\"width: 16.6667%; text-align: center;\"><span style=\"color: #000000;\">11\u00e8me M2H<\/span><\/td>\n<td style=\"width: 16.6667%; text-align: center;\">&nbsp;<\/td>\n<\/tr>\n<\/tbody>\n<\/table>\n<p><a href=\"https:\/\/janze-athletisme.fr\/wordpress\/wp-content\/uploads\/2023\/06\/Liya-trail-du-Boel.jpg\"><img loading=\"lazy\" decoding=\"async\" class=\"alignnone size-medium wp-image-13692\" src=\"https:\/\/janze-athletisme.fr\/wordpress\/wp-content\/uploads\/2023\/06\/Liya-trail-du-Boel-220x300.jpg\" alt=\"\" width=\"220\" height=\"300\" srcset=\"https:\/\/janze-athletisme.fr\/wordpress\/wp-content\/uploads\/2023\/06\/Liya-trail-du-Boel-220x300.jpg 220w, https:\/\/janze-athletisme.fr\/wordpress\/wp-content\/uploads\/2023\/06\/Liya-trail-du-Boel-750x1024.jpg 750w, https:\/\/janze-athletisme.fr\/wordpress\/wp-content\/uploads\/2023\/06\/Liya-trail-du-Boel-768x1049.jpg 768w, https:\/\/janze-athletisme.fr\/wordpress\/wp-content\/uploads\/2023\/06\/Liya-trail-du-Boel.jpg 1000w\" sizes=\"auto, (max-width: 220px) 100vw, 220px\" \/><\/a><\/p>\n<p><em><span style=\"font-size: 10pt;\">Le jaune de l&rsquo;EAC en haut du podium avec Liya, 1\u00e8re cadette, et Micka\u00ebl, 1er au scratch.<\/span><\/em><\/p>\n","protected":false},"excerpt":{"rendered":"<p>Trail du Bo\u00ebl &nbsp; Un des trails les plus populaire et couru du secteur: LE Trail du Bo\u00ebl !!!! un tr\u00e8s beau parcours, accident\u00e9 et plein de terre, s\u00e8che en l&rsquo;occurrence vu la m\u00e9t\u00e9o des derni\u00e8res semaines. A not\u00e9 la victoire sur le 13km de Micka\u00ebl Primault, notre crossman Cessonnais champion du steeple ! un [&hellip;]<\/p>\n","protected":false},"author":8,"featured_media":13690,"comment_status":"open","ping_status":"open","sticky":false,"template":"","format":"aside","meta":{"_uag_custom_page_level_css":"","site-sidebar-layout":"default","site-content-layout":"default","ast-site-content-layout":"default","site-content-style":"default","site-sidebar-style":"default","ast-global-header-display":"","ast-banner-title-visibility":"","ast-main-header-display":"","ast-hfb-above-header-display":"","ast-hfb-below-header-display":"","ast-hfb-mobile-header-display":"","site-post-title":"","ast-breadcrumbs-content":"","ast-featured-img":"","footer-sml-layout":"","ast-disable-related-posts":"","theme-transparent-header-meta":"default","adv-header-id-meta":"","stick-header-meta":"","header-above-stick-meta":"","header-main-stick-meta":"","header-below-stick-meta":"","astra-migrate-meta-layouts":"default","ast-page-background-enabled":"default","ast-page-background-meta":{"desktop":{"background-color":"var(--ast-global-color-4)","background-image":"","background-repeat":"repeat","background-position":"center center","background-size":"auto","background-attachment":"scroll","background-type":"","background-media":"","overlay-type":"","overlay-color":"","overlay-opacity":"","overlay-gradient":""},"tablet":{"background-color":"","background-image":"","background-repeat":"repeat","background-position":"center center","background-size":"auto","background-attachment":"scroll","background-type":"","background-media":"","overlay-type":"","overlay-color":"","overlay-opacity":"","overlay-gradient":""},"mobile":{"background-color":"","background-image":"","background-repeat":"repeat","background-position":"center center","background-size":"auto","background-attachment":"scroll","background-type":"","background-media":"","overlay-type":"","overlay-color":"","overlay-opacity":"","overlay-gradient":""}},"ast-content-background-meta":{"desktop":{"background-color":"var(--ast-global-color-5)","background-image":"","background-repeat":"repeat","background-position":"center center","background-size":"auto","background-attachment":"scroll","background-type":"","background-media":"","overlay-type":"","overlay-color":"","overlay-opacity":"","overlay-gradient":""},"tablet":{"background-color":"var(--ast-global-color-5)","background-image":"","background-repeat":"repeat","background-position":"center center","background-size":"auto","background-attachment":"scroll","background-type":"","background-media":"","overlay-type":"","overlay-color":"","overlay-opacity":"","overlay-gradient":""},"mobile":{"background-color":"var(--ast-global-color-5)","background-image":"","background-repeat":"repeat","background-position":"center center","background-size":"auto","background-attachment":"scroll","background-type":"","background-media":"","overlay-type":"","overlay-color":"","overlay-opacity":"","overlay-gradient":""}},"footnotes":""},"categories":[6],"tags":[],"class_list":["post-13689","post","type-post","status-publish","format-aside","has-post-thumbnail","hentry","category-sections","post_format-post-format-aside"],"yoast_head":"<!-- This site is optimized with the Yoast SEO plugin v27.5 - https:\/\/yoast.com\/product\/yoast-seo-wordpress\/ -->\n<title>Pont R\u00e9an - Janz\u00e9 Athl\u00e9tisme<\/title>\n<meta name=\"robots\" content=\"index, follow, max-snippet:-1, max-image-preview:large, max-video-preview:-1\" \/>\n<link rel=\"canonical\" href=\"https:\/\/janze-athletisme.fr\/wordpress\/pont-rean-2\/\" \/>\n<meta property=\"og:locale\" content=\"fr_FR\" \/>\n<meta property=\"og:type\" content=\"article\" \/>\n<meta property=\"og:title\" content=\"Pont R\u00e9an - Janz\u00e9 Athl\u00e9tisme\" \/>\n<meta property=\"og:description\" content=\"Trail du Bo\u00ebl &nbsp; Un des trails les plus populaire et couru du secteur: LE Trail du Bo\u00ebl !!!! un tr\u00e8s beau parcours, accident\u00e9 et plein de terre, s\u00e8che en l&rsquo;occurrence vu la m\u00e9t\u00e9o des derni\u00e8res semaines. A not\u00e9 la victoire sur le 13km de Micka\u00ebl Primault, notre crossman Cessonnais champion du steeple ! un [&hellip;]\" \/>\n<meta property=\"og:url\" content=\"https:\/\/janze-athletisme.fr\/wordpress\/pont-rean-2\/\" \/>\n<meta property=\"og:site_name\" content=\"Janz\u00e9 Athl\u00e9tisme\" \/>\n<meta property=\"article:publisher\" content=\"https:\/\/www.facebook.com\/groups\/1007964579346590\" \/>\n<meta property=\"article:published_time\" content=\"2023-06-17T11:34:29+00:00\" \/>\n<meta property=\"article:modified_time\" content=\"2023-06-17T21:49:33+00:00\" \/>\n<meta property=\"og:image\" content=\"https:\/\/janze-athletisme.fr\/wordpress\/wp-content\/uploads\/2023\/06\/Sans-titre-2.jpg\" \/>\n\t<meta property=\"og:image:width\" content=\"225\" \/>\n\t<meta property=\"og:image:height\" content=\"225\" \/>\n\t<meta property=\"og:image:type\" content=\"image\/jpeg\" \/>\n<meta name=\"author\" content=\"Jean-Marie Jouzel\" \/>\n<meta name=\"twitter:card\" content=\"summary_large_image\" \/>\n<meta name=\"twitter:label1\" content=\"\u00c9crit par\" \/>\n\t<meta name=\"twitter:data1\" content=\"Jean-Marie Jouzel\" \/>\n\t<meta name=\"twitter:label2\" content=\"Dur\u00e9e de lecture estim\u00e9e\" \/>\n\t<meta name=\"twitter:data2\" content=\"2 minutes\" \/>\n<script type=\"application\/ld+json\" class=\"yoast-schema-graph\">{\"@context\":\"https:\\\/\\\/schema.org\",\"@graph\":[{\"@type\":\"Article\",\"@id\":\"https:\\\/\\\/janze-athletisme.fr\\\/wordpress\\\/pont-rean-2\\\/#article\",\"isPartOf\":{\"@id\":\"https:\\\/\\\/janze-athletisme.fr\\\/wordpress\\\/pont-rean-2\\\/\"},\"author\":{\"name\":\"Jean-Marie Jouzel\",\"@id\":\"https:\\\/\\\/janze-athletisme.fr\\\/wordpress\\\/#\\\/schema\\\/person\\\/e27efa3d49687b81c679eb0b5c4973e9\"},\"headline\":\"Pont R\u00e9an\",\"datePublished\":\"2023-06-17T11:34:29+00:00\",\"dateModified\":\"2023-06-17T21:49:33+00:00\",\"mainEntityOfPage\":{\"@id\":\"https:\\\/\\\/janze-athletisme.fr\\\/wordpress\\\/pont-rean-2\\\/\"},\"wordCount\":269,\"commentCount\":1,\"publisher\":{\"@id\":\"https:\\\/\\\/janze-athletisme.fr\\\/wordpress\\\/#organization\"},\"image\":{\"@id\":\"https:\\\/\\\/janze-athletisme.fr\\\/wordpress\\\/pont-rean-2\\\/#primaryimage\"},\"thumbnailUrl\":\"https:\\\/\\\/janze-athletisme.fr\\\/wordpress\\\/wp-content\\\/uploads\\\/2023\\\/06\\\/Sans-titre-2.jpg\",\"articleSection\":[\"Le club au jour le jour\"],\"inLanguage\":\"fr-FR\",\"potentialAction\":[{\"@type\":\"CommentAction\",\"name\":\"Comment\",\"target\":[\"https:\\\/\\\/janze-athletisme.fr\\\/wordpress\\\/pont-rean-2\\\/#respond\"]}]},{\"@type\":\"WebPage\",\"@id\":\"https:\\\/\\\/janze-athletisme.fr\\\/wordpress\\\/pont-rean-2\\\/\",\"url\":\"https:\\\/\\\/janze-athletisme.fr\\\/wordpress\\\/pont-rean-2\\\/\",\"name\":\"Pont R\u00e9an - Janz\u00e9 Athl\u00e9tisme\",\"isPartOf\":{\"@id\":\"https:\\\/\\\/janze-athletisme.fr\\\/wordpress\\\/#website\"},\"primaryImageOfPage\":{\"@id\":\"https:\\\/\\\/janze-athletisme.fr\\\/wordpress\\\/pont-rean-2\\\/#primaryimage\"},\"image\":{\"@id\":\"https:\\\/\\\/janze-athletisme.fr\\\/wordpress\\\/pont-rean-2\\\/#primaryimage\"},\"thumbnailUrl\":\"https:\\\/\\\/janze-athletisme.fr\\\/wordpress\\\/wp-content\\\/uploads\\\/2023\\\/06\\\/Sans-titre-2.jpg\",\"datePublished\":\"2023-06-17T11:34:29+00:00\",\"dateModified\":\"2023-06-17T21:49:33+00:00\",\"breadcrumb\":{\"@id\":\"https:\\\/\\\/janze-athletisme.fr\\\/wordpress\\\/pont-rean-2\\\/#breadcrumb\"},\"inLanguage\":\"fr-FR\",\"potentialAction\":[{\"@type\":\"ReadAction\",\"target\":[\"https:\\\/\\\/janze-athletisme.fr\\\/wordpress\\\/pont-rean-2\\\/\"]}]},{\"@type\":\"ImageObject\",\"inLanguage\":\"fr-FR\",\"@id\":\"https:\\\/\\\/janze-athletisme.fr\\\/wordpress\\\/pont-rean-2\\\/#primaryimage\",\"url\":\"https:\\\/\\\/janze-athletisme.fr\\\/wordpress\\\/wp-content\\\/uploads\\\/2023\\\/06\\\/Sans-titre-2.jpg\",\"contentUrl\":\"https:\\\/\\\/janze-athletisme.fr\\\/wordpress\\\/wp-content\\\/uploads\\\/2023\\\/06\\\/Sans-titre-2.jpg\",\"width\":225,\"height\":225},{\"@type\":\"BreadcrumbList\",\"@id\":\"https:\\\/\\\/janze-athletisme.fr\\\/wordpress\\\/pont-rean-2\\\/#breadcrumb\",\"itemListElement\":[{\"@type\":\"ListItem\",\"position\":1,\"name\":\"Accueil\",\"item\":\"https:\\\/\\\/janze-athletisme.fr\\\/wordpress\\\/\"},{\"@type\":\"ListItem\",\"position\":2,\"name\":\"Pont R\u00e9an\"}]},{\"@type\":\"WebSite\",\"@id\":\"https:\\\/\\\/janze-athletisme.fr\\\/wordpress\\\/#website\",\"url\":\"https:\\\/\\\/janze-athletisme.fr\\\/wordpress\\\/\",\"name\":\"Janz\u00e9 Athl\u00e9tisme\",\"description\":\"Pays de La Roche aux F\u00e9es\",\"publisher\":{\"@id\":\"https:\\\/\\\/janze-athletisme.fr\\\/wordpress\\\/#organization\"},\"potentialAction\":[{\"@type\":\"SearchAction\",\"target\":{\"@type\":\"EntryPoint\",\"urlTemplate\":\"https:\\\/\\\/janze-athletisme.fr\\\/wordpress\\\/?s={search_term_string}\"},\"query-input\":{\"@type\":\"PropertyValueSpecification\",\"valueRequired\":true,\"valueName\":\"search_term_string\"}}],\"inLanguage\":\"fr-FR\"},{\"@type\":\"Organization\",\"@id\":\"https:\\\/\\\/janze-athletisme.fr\\\/wordpress\\\/#organization\",\"name\":\"Janz\u00e9 Athl\u00e9tisme\",\"url\":\"https:\\\/\\\/janze-athletisme.fr\\\/wordpress\\\/\",\"logo\":{\"@type\":\"ImageObject\",\"inLanguage\":\"fr-FR\",\"@id\":\"https:\\\/\\\/janze-athletisme.fr\\\/wordpress\\\/#\\\/schema\\\/logo\\\/image\\\/\",\"url\":\"https:\\\/\\\/janze-athletisme.fr\\\/wordpress\\\/wp-content\\\/uploads\\\/2015\\\/03\\\/logo-full1.jpg\",\"contentUrl\":\"https:\\\/\\\/janze-athletisme.fr\\\/wordpress\\\/wp-content\\\/uploads\\\/2015\\\/03\\\/logo-full1.jpg\",\"width\":437,\"height\":205,\"caption\":\"Janz\u00e9 Athl\u00e9tisme\"},\"image\":{\"@id\":\"https:\\\/\\\/janze-athletisme.fr\\\/wordpress\\\/#\\\/schema\\\/logo\\\/image\\\/\"},\"sameAs\":[\"https:\\\/\\\/www.facebook.com\\\/groups\\\/1007964579346590\"]},{\"@type\":\"Person\",\"@id\":\"https:\\\/\\\/janze-athletisme.fr\\\/wordpress\\\/#\\\/schema\\\/person\\\/e27efa3d49687b81c679eb0b5c4973e9\",\"name\":\"Jean-Marie Jouzel\",\"image\":{\"@type\":\"ImageObject\",\"inLanguage\":\"fr-FR\",\"@id\":\"https:\\\/\\\/secure.gravatar.com\\\/avatar\\\/6aaee532914ad5ae9d6b4c13c953c6689456493b17979b560cf8fd0c344930ab?s=96&d=mm&r=g\",\"url\":\"https:\\\/\\\/secure.gravatar.com\\\/avatar\\\/6aaee532914ad5ae9d6b4c13c953c6689456493b17979b560cf8fd0c344930ab?s=96&d=mm&r=g\",\"contentUrl\":\"https:\\\/\\\/secure.gravatar.com\\\/avatar\\\/6aaee532914ad5ae9d6b4c13c953c6689456493b17979b560cf8fd0c344930ab?s=96&d=mm&r=g\",\"caption\":\"Jean-Marie Jouzel\"},\"url\":\"https:\\\/\\\/janze-athletisme.fr\\\/wordpress\\\/author\\\/jmjouzel\\\/\"}]}<\/script>\n<!-- \/ Yoast SEO plugin. -->","yoast_head_json":{"title":"Pont R\u00e9an - Janz\u00e9 Athl\u00e9tisme","robots":{"index":"index","follow":"follow","max-snippet":"max-snippet:-1","max-image-preview":"max-image-preview:large","max-video-preview":"max-video-preview:-1"},"canonical":"https:\/\/janze-athletisme.fr\/wordpress\/pont-rean-2\/","og_locale":"fr_FR","og_type":"article","og_title":"Pont R\u00e9an - Janz\u00e9 Athl\u00e9tisme","og_description":"Trail du Bo\u00ebl &nbsp; Un des trails les plus populaire et couru du secteur: LE Trail du Bo\u00ebl !!!! un tr\u00e8s beau parcours, accident\u00e9 et plein de terre, s\u00e8che en l&rsquo;occurrence vu la m\u00e9t\u00e9o des derni\u00e8res semaines. A not\u00e9 la victoire sur le 13km de Micka\u00ebl Primault, notre crossman Cessonnais champion du steeple ! un [&hellip;]","og_url":"https:\/\/janze-athletisme.fr\/wordpress\/pont-rean-2\/","og_site_name":"Janz\u00e9 Athl\u00e9tisme","article_publisher":"https:\/\/www.facebook.com\/groups\/1007964579346590","article_published_time":"2023-06-17T11:34:29+00:00","article_modified_time":"2023-06-17T21:49:33+00:00","og_image":[{"width":225,"height":225,"url":"https:\/\/janze-athletisme.fr\/wordpress\/wp-content\/uploads\/2023\/06\/Sans-titre-2.jpg","type":"image\/jpeg"}],"author":"Jean-Marie Jouzel","twitter_card":"summary_large_image","twitter_misc":{"\u00c9crit par":"Jean-Marie Jouzel","Dur\u00e9e de lecture estim\u00e9e":"2 minutes"},"schema":{"@context":"https:\/\/schema.org","@graph":[{"@type":"Article","@id":"https:\/\/janze-athletisme.fr\/wordpress\/pont-rean-2\/#article","isPartOf":{"@id":"https:\/\/janze-athletisme.fr\/wordpress\/pont-rean-2\/"},"author":{"name":"Jean-Marie Jouzel","@id":"https:\/\/janze-athletisme.fr\/wordpress\/#\/schema\/person\/e27efa3d49687b81c679eb0b5c4973e9"},"headline":"Pont R\u00e9an","datePublished":"2023-06-17T11:34:29+00:00","dateModified":"2023-06-17T21:49:33+00:00","mainEntityOfPage":{"@id":"https:\/\/janze-athletisme.fr\/wordpress\/pont-rean-2\/"},"wordCount":269,"commentCount":1,"publisher":{"@id":"https:\/\/janze-athletisme.fr\/wordpress\/#organization"},"image":{"@id":"https:\/\/janze-athletisme.fr\/wordpress\/pont-rean-2\/#primaryimage"},"thumbnailUrl":"https:\/\/janze-athletisme.fr\/wordpress\/wp-content\/uploads\/2023\/06\/Sans-titre-2.jpg","articleSection":["Le club au jour le jour"],"inLanguage":"fr-FR","potentialAction":[{"@type":"CommentAction","name":"Comment","target":["https:\/\/janze-athletisme.fr\/wordpress\/pont-rean-2\/#respond"]}]},{"@type":"WebPage","@id":"https:\/\/janze-athletisme.fr\/wordpress\/pont-rean-2\/","url":"https:\/\/janze-athletisme.fr\/wordpress\/pont-rean-2\/","name":"Pont R\u00e9an - Janz\u00e9 Athl\u00e9tisme","isPartOf":{"@id":"https:\/\/janze-athletisme.fr\/wordpress\/#website"},"primaryImageOfPage":{"@id":"https:\/\/janze-athletisme.fr\/wordpress\/pont-rean-2\/#primaryimage"},"image":{"@id":"https:\/\/janze-athletisme.fr\/wordpress\/pont-rean-2\/#primaryimage"},"thumbnailUrl":"https:\/\/janze-athletisme.fr\/wordpress\/wp-content\/uploads\/2023\/06\/Sans-titre-2.jpg","datePublished":"2023-06-17T11:34:29+00:00","dateModified":"2023-06-17T21:49:33+00:00","breadcrumb":{"@id":"https:\/\/janze-athletisme.fr\/wordpress\/pont-rean-2\/#breadcrumb"},"inLanguage":"fr-FR","potentialAction":[{"@type":"ReadAction","target":["https:\/\/janze-athletisme.fr\/wordpress\/pont-rean-2\/"]}]},{"@type":"ImageObject","inLanguage":"fr-FR","@id":"https:\/\/janze-athletisme.fr\/wordpress\/pont-rean-2\/#primaryimage","url":"https:\/\/janze-athletisme.fr\/wordpress\/wp-content\/uploads\/2023\/06\/Sans-titre-2.jpg","contentUrl":"https:\/\/janze-athletisme.fr\/wordpress\/wp-content\/uploads\/2023\/06\/Sans-titre-2.jpg","width":225,"height":225},{"@type":"BreadcrumbList","@id":"https:\/\/janze-athletisme.fr\/wordpress\/pont-rean-2\/#breadcrumb","itemListElement":[{"@type":"ListItem","position":1,"name":"Accueil","item":"https:\/\/janze-athletisme.fr\/wordpress\/"},{"@type":"ListItem","position":2,"name":"Pont R\u00e9an"}]},{"@type":"WebSite","@id":"https:\/\/janze-athletisme.fr\/wordpress\/#website","url":"https:\/\/janze-athletisme.fr\/wordpress\/","name":"Janz\u00e9 Athl\u00e9tisme","description":"Pays de La Roche aux F\u00e9es","publisher":{"@id":"https:\/\/janze-athletisme.fr\/wordpress\/#organization"},"potentialAction":[{"@type":"SearchAction","target":{"@type":"EntryPoint","urlTemplate":"https:\/\/janze-athletisme.fr\/wordpress\/?s={search_term_string}"},"query-input":{"@type":"PropertyValueSpecification","valueRequired":true,"valueName":"search_term_string"}}],"inLanguage":"fr-FR"},{"@type":"Organization","@id":"https:\/\/janze-athletisme.fr\/wordpress\/#organization","name":"Janz\u00e9 Athl\u00e9tisme","url":"https:\/\/janze-athletisme.fr\/wordpress\/","logo":{"@type":"ImageObject","inLanguage":"fr-FR","@id":"https:\/\/janze-athletisme.fr\/wordpress\/#\/schema\/logo\/image\/","url":"https:\/\/janze-athletisme.fr\/wordpress\/wp-content\/uploads\/2015\/03\/logo-full1.jpg","contentUrl":"https:\/\/janze-athletisme.fr\/wordpress\/wp-content\/uploads\/2015\/03\/logo-full1.jpg","width":437,"height":205,"caption":"Janz\u00e9 Athl\u00e9tisme"},"image":{"@id":"https:\/\/janze-athletisme.fr\/wordpress\/#\/schema\/logo\/image\/"},"sameAs":["https:\/\/www.facebook.com\/groups\/1007964579346590"]},{"@type":"Person","@id":"https:\/\/janze-athletisme.fr\/wordpress\/#\/schema\/person\/e27efa3d49687b81c679eb0b5c4973e9","name":"Jean-Marie Jouzel","image":{"@type":"ImageObject","inLanguage":"fr-FR","@id":"https:\/\/secure.gravatar.com\/avatar\/6aaee532914ad5ae9d6b4c13c953c6689456493b17979b560cf8fd0c344930ab?s=96&d=mm&r=g","url":"https:\/\/secure.gravatar.com\/avatar\/6aaee532914ad5ae9d6b4c13c953c6689456493b17979b560cf8fd0c344930ab?s=96&d=mm&r=g","contentUrl":"https:\/\/secure.gravatar.com\/avatar\/6aaee532914ad5ae9d6b4c13c953c6689456493b17979b560cf8fd0c344930ab?s=96&d=mm&r=g","caption":"Jean-Marie Jouzel"},"url":"https:\/\/janze-athletisme.fr\/wordpress\/author\/jmjouzel\/"}]}},"uagb_featured_image_src":{"full":["https:\/\/janze-athletisme.fr\/wordpress\/wp-content\/uploads\/2023\/06\/Sans-titre-2.jpg",225,225,false],"thumbnail":["https:\/\/janze-athletisme.fr\/wordpress\/wp-content\/uploads\/2023\/06\/Sans-titre-2-150x150.jpg",150,150,true],"medium":["https:\/\/janze-athletisme.fr\/wordpress\/wp-content\/uploads\/2023\/06\/Sans-titre-2.jpg",225,225,false],"medium_large":["https:\/\/janze-athletisme.fr\/wordpress\/wp-content\/uploads\/2023\/06\/Sans-titre-2.jpg",225,225,false],"large":["https:\/\/janze-athletisme.fr\/wordpress\/wp-content\/uploads\/2023\/06\/Sans-titre-2.jpg",225,225,false],"1536x1536":["https:\/\/janze-athletisme.fr\/wordpress\/wp-content\/uploads\/2023\/06\/Sans-titre-2.jpg",225,225,false],"2048x2048":["https:\/\/janze-athletisme.fr\/wordpress\/wp-content\/uploads\/2023\/06\/Sans-titre-2.jpg",225,225,false]},"uagb_author_info":{"display_name":"Jean-Marie Jouzel","author_link":"https:\/\/janze-athletisme.fr\/wordpress\/author\/jmjouzel\/"},"uagb_comment_info":1,"uagb_excerpt":"Trail du Bo\u00ebl &nbsp; Un des trails les plus populaire et couru du secteur: LE Trail du Bo\u00ebl !!!! un tr\u00e8s beau parcours, accident\u00e9 et plein de terre, s\u00e8che en l&rsquo;occurrence vu la m\u00e9t\u00e9o des derni\u00e8res semaines. A not\u00e9 la victoire sur le 13km de Micka\u00ebl Primault, notre crossman Cessonnais champion du steeple ! un\u2026","_links":{"self":[{"href":"https:\/\/janze-athletisme.fr\/wordpress\/wp-json\/wp\/v2\/posts\/13689","targetHints":{"allow":["GET"]}}],"collection":[{"href":"https:\/\/janze-athletisme.fr\/wordpress\/wp-json\/wp\/v2\/posts"}],"about":[{"href":"https:\/\/janze-athletisme.fr\/wordpress\/wp-json\/wp\/v2\/types\/post"}],"author":[{"embeddable":true,"href":"https:\/\/janze-athletisme.fr\/wordpress\/wp-json\/wp\/v2\/users\/8"}],"replies":[{"embeddable":true,"href":"https:\/\/janze-athletisme.fr\/wordpress\/wp-json\/wp\/v2\/comments?post=13689"}],"version-history":[{"count":2,"href":"https:\/\/janze-athletisme.fr\/wordpress\/wp-json\/wp\/v2\/posts\/13689\/revisions"}],"predecessor-version":[{"id":13693,"href":"https:\/\/janze-athletisme.fr\/wordpress\/wp-json\/wp\/v2\/posts\/13689\/revisions\/13693"}],"wp:featuredmedia":[{"embeddable":true,"href":"https:\/\/janze-athletisme.fr\/wordpress\/wp-json\/wp\/v2\/media\/13690"}],"wp:attachment":[{"href":"https:\/\/janze-athletisme.fr\/wordpress\/wp-json\/wp\/v2\/media?parent=13689"}],"wp:term":[{"taxonomy":"category","embeddable":true,"href":"https:\/\/janze-athletisme.fr\/wordpress\/wp-json\/wp\/v2\/categories?post=13689"},{"taxonomy":"post_tag","embeddable":true,"href":"https:\/\/janze-athletisme.fr\/wordpress\/wp-json\/wp\/v2\/tags?post=13689"}],"curies":[{"name":"wp","href":"https:\/\/api.w.org\/{rel}","templated":true}]}}