{"id":13660,"date":"2023-06-16T15:34:46","date_gmt":"2023-06-16T13:34:46","guid":{"rendered":"https:\/\/janze-athletisme.fr\/wordpress\/?p=13660"},"modified":"2023-06-16T20:37:37","modified_gmt":"2023-06-16T18:37:37","slug":"dans-la-foulee-de-shana-on-peut-toujours-rever","status":"publish","type":"post","link":"https:\/\/janze-athletisme.fr\/wordpress\/dans-la-foulee-de-shana-on-peut-toujours-rever\/","title":{"rendered":"Dans la foul\u00e9e de Shana (on peut toujours r\u00eaver)&#8230;"},"content":{"rendered":"<p><span style=\"font-size: 18pt;\"><strong>Rencontre avec une championne, vendredi 16 juin, stade de Janz\u00e9<br \/>\n<\/strong><\/span><\/p>\n<p>Merci \u00e0 Henri Aubr\u00e9e et \u00e0 Fabien Brisorgueil. Le premier est adjoint \u00e0 la mairie de Retiers et, apr\u00e8s avoir fait venir Shana Grebo au coll\u00e8ge de Retiers, \u00e0 l&rsquo;automne dernier, dans le cadre du dispositif Terre de Jeux 2024, avait gard\u00e9 le contact avec elle. Le second est l&rsquo;agent de d\u00e9veloppement charg\u00e9 de la politique sportive de La Roche aux F\u00e9es Communaut\u00e9. Tous les deux se sont dits que ce serait bien de prolonger cette premi\u00e8re exp\u00e9rience avec des coll\u00e9giens du secteur par une rencontre avec les athl\u00e8tes du club local, nous donc, Janz\u00e9 Athl\u00e9.<\/p>\n<p>Bon, pour \u00eatre honn\u00eate, Shana a avou\u00e9 ne pas conna\u00eetre notre club. En bonne coureuse de 200\/400m, elle a ses rep\u00e8res \u00e9videmment avec la partie Cesson de l&rsquo;EAC, dont les sp\u00e9cialistes lui sont familiers (Hugo Baudu, Marie et Alan Duvigneau, entre autres), mais elle ne savait pas qu&rsquo;avec nos 310 licenci\u00e9s et tous nos jeunes nous \u00e9tions devenus une composante essentielle de l&rsquo;EAC. Sans parler de nos coureurs de 400m, qui ne sont pas encore \u00e0 son niveau (international), mais progressent bien (Bastien, Axelle, Ana\u00eblle\u2026)<\/p>\n<p>C&rsquo;\u00e9tait d&rsquo;autant plus sympa de sa part de faire l&rsquo;effort de venir voir des parfaits inconnus. Grand merci \u00e0 elle pour ce d\u00e9placement, sa gentillesse, sa bonne humeur et son coaching expert\u2026 Nous lui avons fait bon accueil, avec une vingtaine d&rsquo;athl\u00e8tes pr\u00e9sents pour partager une petite s\u00e9ance avec elle (\u00e9chauffement, gammes, exercices sp\u00e9cifiques). Elle s&rsquo;est pr\u00eat\u00e9e de bonne gr\u00e2ce au jeu des photos et a r\u00e9pondu sympathiquement aux questions sur ses s\u00e9ances d&rsquo;entra\u00eenement et sur elle (son parcours et les \u00e9ch\u00e9ances \u00e0 venir).<\/p>\n<p><strong>Shana Grebo, sa fiche bio<\/strong><\/p>\n<p><a href=\"https:\/\/bases.athle.fr\/asp.net\/athletes.aspx?base=biographies&amp;seq=5049495042574950435645545148\">https:\/\/bases.athle.fr\/asp.net\/athletes.aspx?base=biographies&amp;seq=5049495042574950435645545148<\/a><\/p>\n<p><a href=\"https:\/\/janze-athletisme.fr\/wordpress\/wp-content\/uploads\/2023\/06\/S-Grebo-avec-Anna-Lou-Ann-16juin2023.jpg\"><img loading=\"lazy\" decoding=\"async\" class=\"alignnone wp-image-13665\" src=\"https:\/\/janze-athletisme.fr\/wordpress\/wp-content\/uploads\/2023\/06\/S-Grebo-avec-Anna-Lou-Ann-16juin2023-201x300.jpg\" alt=\"\" width=\"196\" height=\"293\" srcset=\"https:\/\/janze-athletisme.fr\/wordpress\/wp-content\/uploads\/2023\/06\/S-Grebo-avec-Anna-Lou-Ann-16juin2023-201x300.jpg 201w, https:\/\/janze-athletisme.fr\/wordpress\/wp-content\/uploads\/2023\/06\/S-Grebo-avec-Anna-Lou-Ann-16juin2023-685x1024.jpg 685w, https:\/\/janze-athletisme.fr\/wordpress\/wp-content\/uploads\/2023\/06\/S-Grebo-avec-Anna-Lou-Ann-16juin2023-768x1148.jpg 768w, https:\/\/janze-athletisme.fr\/wordpress\/wp-content\/uploads\/2023\/06\/S-Grebo-avec-Anna-Lou-Ann-16juin2023.jpg 1000w\" sizes=\"auto, (max-width: 196px) 100vw, 196px\" \/><\/a><a href=\"https:\/\/janze-athletisme.fr\/wordpress\/wp-content\/uploads\/2023\/06\/Anna-Elsa-Lou-Ann-16juin2023.jpg\"> <img loading=\"lazy\" decoding=\"async\" class=\"alignnone wp-image-13663\" src=\"https:\/\/janze-athletisme.fr\/wordpress\/wp-content\/uploads\/2023\/06\/Anna-Elsa-Lou-Ann-16juin2023-207x300.jpg\" alt=\"\" width=\"202\" height=\"293\" srcset=\"https:\/\/janze-athletisme.fr\/wordpress\/wp-content\/uploads\/2023\/06\/Anna-Elsa-Lou-Ann-16juin2023-207x300.jpg 207w, https:\/\/janze-athletisme.fr\/wordpress\/wp-content\/uploads\/2023\/06\/Anna-Elsa-Lou-Ann-16juin2023-708x1024.jpg 708w, https:\/\/janze-athletisme.fr\/wordpress\/wp-content\/uploads\/2023\/06\/Anna-Elsa-Lou-Ann-16juin2023-768x1111.jpg 768w, https:\/\/janze-athletisme.fr\/wordpress\/wp-content\/uploads\/2023\/06\/Anna-Elsa-Lou-Ann-16juin2023.jpg 1000w\" sizes=\"auto, (max-width: 202px) 100vw, 202px\" \/> <\/a><a href=\"https:\/\/janze-athletisme.fr\/wordpress\/wp-content\/uploads\/2023\/06\/Anaelle-16juin2023.jpg\"><img loading=\"lazy\" decoding=\"async\" class=\"alignnone wp-image-13664\" src=\"https:\/\/janze-athletisme.fr\/wordpress\/wp-content\/uploads\/2023\/06\/Anaelle-16juin2023-201x300.jpg\" alt=\"\" width=\"197\" height=\"294\" srcset=\"https:\/\/janze-athletisme.fr\/wordpress\/wp-content\/uploads\/2023\/06\/Anaelle-16juin2023-201x300.jpg 201w, https:\/\/janze-athletisme.fr\/wordpress\/wp-content\/uploads\/2023\/06\/Anaelle-16juin2023-688x1024.jpg 688w, https:\/\/janze-athletisme.fr\/wordpress\/wp-content\/uploads\/2023\/06\/Anaelle-16juin2023-768x1144.jpg 768w, https:\/\/janze-athletisme.fr\/wordpress\/wp-content\/uploads\/2023\/06\/Anaelle-16juin2023.jpg 1000w\" sizes=\"auto, (max-width: 197px) 100vw, 197px\" \/><\/a><a href=\"https:\/\/janze-athletisme.fr\/wordpress\/wp-content\/uploads\/2023\/06\/Shana-Grebo-16juin2023.jpg\"> <img loading=\"lazy\" decoding=\"async\" class=\"alignnone wp-image-13662\" src=\"https:\/\/janze-athletisme.fr\/wordpress\/wp-content\/uploads\/2023\/06\/Shana-Grebo-16juin2023-200x300.jpg\" alt=\"\" width=\"194\" height=\"291\" srcset=\"https:\/\/janze-athletisme.fr\/wordpress\/wp-content\/uploads\/2023\/06\/Shana-Grebo-16juin2023-200x300.jpg 200w, https:\/\/janze-athletisme.fr\/wordpress\/wp-content\/uploads\/2023\/06\/Shana-Grebo-16juin2023-683x1024.jpg 683w, https:\/\/janze-athletisme.fr\/wordpress\/wp-content\/uploads\/2023\/06\/Shana-Grebo-16juin2023-768x1152.jpg 768w, https:\/\/janze-athletisme.fr\/wordpress\/wp-content\/uploads\/2023\/06\/Shana-Grebo-16juin2023.jpg 1000w\" sizes=\"auto, (max-width: 194px) 100vw, 194px\" \/> <\/a><\/p>\n<p><a href=\"https:\/\/janze-athletisme.fr\/wordpress\/wp-content\/uploads\/2023\/06\/Accueil-de-Shana-Grebo-16juin2023.jpg\"><img loading=\"lazy\" decoding=\"async\" class=\"alignnone wp-image-13661\" src=\"https:\/\/janze-athletisme.fr\/wordpress\/wp-content\/uploads\/2023\/06\/Accueil-de-Shana-Grebo-16juin2023-300x124.jpg\" alt=\"\" width=\"308\" height=\"127\" srcset=\"https:\/\/janze-athletisme.fr\/wordpress\/wp-content\/uploads\/2023\/06\/Accueil-de-Shana-Grebo-16juin2023-300x124.jpg 300w, https:\/\/janze-athletisme.fr\/wordpress\/wp-content\/uploads\/2023\/06\/Accueil-de-Shana-Grebo-16juin2023-1024x425.jpg 1024w, https:\/\/janze-athletisme.fr\/wordpress\/wp-content\/uploads\/2023\/06\/Accueil-de-Shana-Grebo-16juin2023-768x319.jpg 768w, https:\/\/janze-athletisme.fr\/wordpress\/wp-content\/uploads\/2023\/06\/Accueil-de-Shana-Grebo-16juin2023-1536x637.jpg 1536w, https:\/\/janze-athletisme.fr\/wordpress\/wp-content\/uploads\/2023\/06\/Accueil-de-Shana-Grebo-16juin2023-2048x849.jpg 2048w\" sizes=\"auto, (max-width: 308px) 100vw, 308px\" \/> <\/a><a href=\"https:\/\/janze-athletisme.fr\/wordpress\/wp-content\/uploads\/2023\/06\/Gammes-abvec-Shana-Grebo-16juin2023-scaled.jpg\"><img loading=\"lazy\" decoding=\"async\" class=\"alignnone wp-image-13666\" src=\"https:\/\/janze-athletisme.fr\/wordpress\/wp-content\/uploads\/2023\/06\/Gammes-abvec-Shana-Grebo-16juin2023-300x78.jpg\" alt=\"\" width=\"488\" height=\"127\" srcset=\"https:\/\/janze-athletisme.fr\/wordpress\/wp-content\/uploads\/2023\/06\/Gammes-abvec-Shana-Grebo-16juin2023-300x78.jpg 300w, https:\/\/janze-athletisme.fr\/wordpress\/wp-content\/uploads\/2023\/06\/Gammes-abvec-Shana-Grebo-16juin2023-1024x268.jpg 1024w, https:\/\/janze-athletisme.fr\/wordpress\/wp-content\/uploads\/2023\/06\/Gammes-abvec-Shana-Grebo-16juin2023-768x201.jpg 768w, https:\/\/janze-athletisme.fr\/wordpress\/wp-content\/uploads\/2023\/06\/Gammes-abvec-Shana-Grebo-16juin2023-1536x402.jpg 1536w, https:\/\/janze-athletisme.fr\/wordpress\/wp-content\/uploads\/2023\/06\/Gammes-abvec-Shana-Grebo-16juin2023-2048x535.jpg 2048w\" sizes=\"auto, (max-width: 488px) 100vw, 488px\" \/>\u00a0<\/a><\/p>\n<p><a href=\"https:\/\/janze-athletisme.fr\/wordpress\/wp-content\/uploads\/2023\/06\/Gammes-joyeuses-scaled.jpg\"><img loading=\"lazy\" decoding=\"async\" class=\"alignnone wp-image-13667\" src=\"https:\/\/janze-athletisme.fr\/wordpress\/wp-content\/uploads\/2023\/06\/Gammes-joyeuses-300x89.jpg\" alt=\"\" width=\"341\" height=\"101\" srcset=\"https:\/\/janze-athletisme.fr\/wordpress\/wp-content\/uploads\/2023\/06\/Gammes-joyeuses-300x89.jpg 300w, https:\/\/janze-athletisme.fr\/wordpress\/wp-content\/uploads\/2023\/06\/Gammes-joyeuses-1024x304.jpg 1024w, https:\/\/janze-athletisme.fr\/wordpress\/wp-content\/uploads\/2023\/06\/Gammes-joyeuses-768x228.jpg 768w, https:\/\/janze-athletisme.fr\/wordpress\/wp-content\/uploads\/2023\/06\/Gammes-joyeuses-1536x456.jpg 1536w, https:\/\/janze-athletisme.fr\/wordpress\/wp-content\/uploads\/2023\/06\/Gammes-joyeuses-2048x607.jpg 2048w\" sizes=\"auto, (max-width: 341px) 100vw, 341px\" \/> <\/a><a href=\"https:\/\/janze-athletisme.fr\/wordpress\/wp-content\/uploads\/2023\/06\/Seance-avec-Shana-Grebo-16juin2023-scaled.jpg\"><img loading=\"lazy\" decoding=\"async\" class=\"alignnone size-medium wp-image-13668\" src=\"https:\/\/janze-athletisme.fr\/wordpress\/wp-content\/uploads\/2023\/06\/Seance-avec-Shana-Grebo-16juin2023-300x100.jpg\" alt=\"\" width=\"300\" height=\"100\" srcset=\"https:\/\/janze-athletisme.fr\/wordpress\/wp-content\/uploads\/2023\/06\/Seance-avec-Shana-Grebo-16juin2023-300x100.jpg 300w, https:\/\/janze-athletisme.fr\/wordpress\/wp-content\/uploads\/2023\/06\/Seance-avec-Shana-Grebo-16juin2023-1024x342.jpg 1024w, https:\/\/janze-athletisme.fr\/wordpress\/wp-content\/uploads\/2023\/06\/Seance-avec-Shana-Grebo-16juin2023-768x256.jpg 768w, https:\/\/janze-athletisme.fr\/wordpress\/wp-content\/uploads\/2023\/06\/Seance-avec-Shana-Grebo-16juin2023-1536x512.jpg 1536w, https:\/\/janze-athletisme.fr\/wordpress\/wp-content\/uploads\/2023\/06\/Seance-avec-Shana-Grebo-16juin2023-2048x683.jpg 2048w\" sizes=\"auto, (max-width: 300px) 100vw, 300px\" \/><\/a><a href=\"https:\/\/janze-athletisme.fr\/wordpress\/wp-content\/uploads\/2023\/06\/Shana-Grebo-16juin2023-2.jpg\"> <img loading=\"lazy\" decoding=\"async\" class=\"alignnone wp-image-13669\" src=\"https:\/\/janze-athletisme.fr\/wordpress\/wp-content\/uploads\/2023\/06\/Shana-Grebo-16juin2023-2-300x200.jpg\" alt=\"\" width=\"150\" height=\"100\" srcset=\"https:\/\/janze-athletisme.fr\/wordpress\/wp-content\/uploads\/2023\/06\/Shana-Grebo-16juin2023-2-300x200.jpg 300w, https:\/\/janze-athletisme.fr\/wordpress\/wp-content\/uploads\/2023\/06\/Shana-Grebo-16juin2023-2-1024x683.jpg 1024w, https:\/\/janze-athletisme.fr\/wordpress\/wp-content\/uploads\/2023\/06\/Shana-Grebo-16juin2023-2-768x512.jpg 768w, https:\/\/janze-athletisme.fr\/wordpress\/wp-content\/uploads\/2023\/06\/Shana-Grebo-16juin2023-2.jpg 1500w\" sizes=\"auto, (max-width: 150px) 100vw, 150px\" \/><\/a><\/p>\n<p><span style=\"font-size: 10pt;\"><em>Clairement Shana aura de nouveaux supporters cet \u00e9t\u00e9 lors des championnats du Monde (du 19 au 27 ao\u00fbt \u00e0 Budapest), et, d\u00e9j\u00e0, dans une semaine, lors du championnat d&rsquo;Europe par \u00e9quipes, o\u00f9 elle est s\u00e9lectionn\u00e9e sur 400m haies et 4 x 400m. On la voit ici avec le groupe qui l&rsquo;a accueillie, et \u00e0 qui en retour elle a prodigu\u00e9 quelques conseils. Grand merci \u00e0 elle ! (Pour rappel, on peut agrandir les photos en cliquant dessus). Ses records : 51&Prime;71 sur 400m et 56&Prime;28 sur 400m haies. Le haut niveau international !!!<br \/>\n<\/em><\/span><\/p>\n<p><em><span style=\"font-size: 10pt;\">Et vous avez vu, sur la premi\u00e8re photo, la souplesse du geste et le niveau de la mont\u00e9e de genoux ? Rien qu&rsquo;\u00e0 cette posture parfaite, on devine les centaines d&rsquo;heures de travail qu&rsquo;il y a derri\u00e8re&#8230; Impressionnant !<\/span><\/em><\/p>\n","protected":false},"excerpt":{"rendered":"<p>Rencontre avec une championne, vendredi 16 juin, stade de Janz\u00e9 Merci \u00e0 Henri Aubr\u00e9e et \u00e0 Fabien Brisorgueil. Le premier est adjoint \u00e0 la mairie de Retiers et, apr\u00e8s avoir fait venir Shana Grebo au coll\u00e8ge de Retiers, \u00e0 l&rsquo;automne dernier, dans le cadre du dispositif Terre de Jeux 2024, avait gard\u00e9 le contact avec [&hellip;]<\/p>\n","protected":false},"author":12,"featured_media":13665,"comment_status":"open","ping_status":"open","sticky":false,"template":"","format":"aside","meta":{"_uag_custom_page_level_css":"","site-sidebar-layout":"default","site-content-layout":"default","ast-site-content-layout":"default","site-content-style":"default","site-sidebar-style":"default","ast-global-header-display":"","ast-banner-title-visibility":"","ast-main-header-display":"","ast-hfb-above-header-display":"","ast-hfb-below-header-display":"","ast-hfb-mobile-header-display":"","site-post-title":"","ast-breadcrumbs-content":"","ast-featured-img":"","footer-sml-layout":"","ast-disable-related-posts":"","theme-transparent-header-meta":"default","adv-header-id-meta":"","stick-header-meta":"","header-above-stick-meta":"","header-main-stick-meta":"","header-below-stick-meta":"","astra-migrate-meta-layouts":"default","ast-page-background-enabled":"default","ast-page-background-meta":{"desktop":{"background-color":"var(--ast-global-color-4)","background-image":"","background-repeat":"repeat","background-position":"center center","background-size":"auto","background-attachment":"scroll","background-type":"","background-media":"","overlay-type":"","overlay-color":"","overlay-opacity":"","overlay-gradient":""},"tablet":{"background-color":"","background-image":"","background-repeat":"repeat","background-position":"center center","background-size":"auto","background-attachment":"scroll","background-type":"","background-media":"","overlay-type":"","overlay-color":"","overlay-opacity":"","overlay-gradient":""},"mobile":{"background-color":"","background-image":"","background-repeat":"repeat","background-position":"center center","background-size":"auto","background-attachment":"scroll","background-type":"","background-media":"","overlay-type":"","overlay-color":"","overlay-opacity":"","overlay-gradient":""}},"ast-content-background-meta":{"desktop":{"background-color":"var(--ast-global-color-5)","background-image":"","background-repeat":"repeat","background-position":"center center","background-size":"auto","background-attachment":"scroll","background-type":"","background-media":"","overlay-type":"","overlay-color":"","overlay-opacity":"","overlay-gradient":""},"tablet":{"background-color":"var(--ast-global-color-5)","background-image":"","background-repeat":"repeat","background-position":"center center","background-size":"auto","background-attachment":"scroll","background-type":"","background-media":"","overlay-type":"","overlay-color":"","overlay-opacity":"","overlay-gradient":""},"mobile":{"background-color":"var(--ast-global-color-5)","background-image":"","background-repeat":"repeat","background-position":"center center","background-size":"auto","background-attachment":"scroll","background-type":"","background-media":"","overlay-type":"","overlay-color":"","overlay-opacity":"","overlay-gradient":""}},"footnotes":""},"categories":[6],"tags":[],"class_list":["post-13660","post","type-post","status-publish","format-aside","has-post-thumbnail","hentry","category-sections","post_format-post-format-aside"],"yoast_head":"<!-- This site is optimized with the Yoast SEO plugin v27.5 - https:\/\/yoast.com\/product\/yoast-seo-wordpress\/ -->\n<title>Dans la foul\u00e9e de Shana (on peut toujours r\u00eaver)... - Janz\u00e9 Athl\u00e9tisme<\/title>\n<meta name=\"robots\" content=\"index, follow, max-snippet:-1, max-image-preview:large, max-video-preview:-1\" \/>\n<link rel=\"canonical\" href=\"https:\/\/janze-athletisme.fr\/wordpress\/dans-la-foulee-de-shana-on-peut-toujours-rever\/\" \/>\n<meta property=\"og:locale\" content=\"fr_FR\" \/>\n<meta property=\"og:type\" content=\"article\" \/>\n<meta property=\"og:title\" content=\"Dans la foul\u00e9e de Shana (on peut toujours r\u00eaver)... - Janz\u00e9 Athl\u00e9tisme\" \/>\n<meta property=\"og:description\" content=\"Rencontre avec une championne, vendredi 16 juin, stade de Janz\u00e9 Merci \u00e0 Henri Aubr\u00e9e et \u00e0 Fabien Brisorgueil. Le premier est adjoint \u00e0 la mairie de Retiers et, apr\u00e8s avoir fait venir Shana Grebo au coll\u00e8ge de Retiers, \u00e0 l&rsquo;automne dernier, dans le cadre du dispositif Terre de Jeux 2024, avait gard\u00e9 le contact avec [&hellip;]\" \/>\n<meta property=\"og:url\" content=\"https:\/\/janze-athletisme.fr\/wordpress\/dans-la-foulee-de-shana-on-peut-toujours-rever\/\" \/>\n<meta property=\"og:site_name\" content=\"Janz\u00e9 Athl\u00e9tisme\" \/>\n<meta property=\"article:publisher\" content=\"https:\/\/www.facebook.com\/groups\/1007964579346590\" \/>\n<meta property=\"article:published_time\" content=\"2023-06-16T13:34:46+00:00\" \/>\n<meta property=\"article:modified_time\" content=\"2023-06-16T18:37:37+00:00\" \/>\n<meta property=\"og:image\" content=\"https:\/\/janze-athletisme.fr\/wordpress\/wp-content\/uploads\/2023\/06\/S-Grebo-avec-Anna-Lou-Ann-16juin2023.jpg\" \/>\n\t<meta property=\"og:image:width\" content=\"1000\" \/>\n\t<meta property=\"og:image:height\" content=\"1495\" \/>\n\t<meta property=\"og:image:type\" content=\"image\/jpeg\" \/>\n<meta name=\"author\" content=\"Laurent Meunier\" \/>\n<meta name=\"twitter:card\" content=\"summary_large_image\" \/>\n<meta name=\"twitter:label1\" content=\"\u00c9crit par\" \/>\n\t<meta name=\"twitter:data1\" content=\"Laurent Meunier\" \/>\n\t<meta name=\"twitter:label2\" content=\"Dur\u00e9e de lecture estim\u00e9e\" \/>\n\t<meta name=\"twitter:data2\" content=\"4 minutes\" \/>\n<script type=\"application\/ld+json\" class=\"yoast-schema-graph\">{\"@context\":\"https:\\\/\\\/schema.org\",\"@graph\":[{\"@type\":\"Article\",\"@id\":\"https:\\\/\\\/janze-athletisme.fr\\\/wordpress\\\/dans-la-foulee-de-shana-on-peut-toujours-rever\\\/#article\",\"isPartOf\":{\"@id\":\"https:\\\/\\\/janze-athletisme.fr\\\/wordpress\\\/dans-la-foulee-de-shana-on-peut-toujours-rever\\\/\"},\"author\":{\"name\":\"Laurent Meunier\",\"@id\":\"https:\\\/\\\/janze-athletisme.fr\\\/wordpress\\\/#\\\/schema\\\/person\\\/c7b063dcfa6234c041d4d9b26cc2ea03\"},\"headline\":\"Dans la foul\u00e9e de Shana (on peut toujours r\u00eaver)&#8230;\",\"datePublished\":\"2023-06-16T13:34:46+00:00\",\"dateModified\":\"2023-06-16T18:37:37+00:00\",\"mainEntityOfPage\":{\"@id\":\"https:\\\/\\\/janze-athletisme.fr\\\/wordpress\\\/dans-la-foulee-de-shana-on-peut-toujours-rever\\\/\"},\"wordCount\":461,\"commentCount\":0,\"publisher\":{\"@id\":\"https:\\\/\\\/janze-athletisme.fr\\\/wordpress\\\/#organization\"},\"image\":{\"@id\":\"https:\\\/\\\/janze-athletisme.fr\\\/wordpress\\\/dans-la-foulee-de-shana-on-peut-toujours-rever\\\/#primaryimage\"},\"thumbnailUrl\":\"https:\\\/\\\/janze-athletisme.fr\\\/wordpress\\\/wp-content\\\/uploads\\\/2023\\\/06\\\/S-Grebo-avec-Anna-Lou-Ann-16juin2023.jpg\",\"articleSection\":[\"Le club au jour le jour\"],\"inLanguage\":\"fr-FR\",\"potentialAction\":[{\"@type\":\"CommentAction\",\"name\":\"Comment\",\"target\":[\"https:\\\/\\\/janze-athletisme.fr\\\/wordpress\\\/dans-la-foulee-de-shana-on-peut-toujours-rever\\\/#respond\"]}]},{\"@type\":\"WebPage\",\"@id\":\"https:\\\/\\\/janze-athletisme.fr\\\/wordpress\\\/dans-la-foulee-de-shana-on-peut-toujours-rever\\\/\",\"url\":\"https:\\\/\\\/janze-athletisme.fr\\\/wordpress\\\/dans-la-foulee-de-shana-on-peut-toujours-rever\\\/\",\"name\":\"Dans la foul\u00e9e de Shana (on peut toujours r\u00eaver)... - Janz\u00e9 Athl\u00e9tisme\",\"isPartOf\":{\"@id\":\"https:\\\/\\\/janze-athletisme.fr\\\/wordpress\\\/#website\"},\"primaryImageOfPage\":{\"@id\":\"https:\\\/\\\/janze-athletisme.fr\\\/wordpress\\\/dans-la-foulee-de-shana-on-peut-toujours-rever\\\/#primaryimage\"},\"image\":{\"@id\":\"https:\\\/\\\/janze-athletisme.fr\\\/wordpress\\\/dans-la-foulee-de-shana-on-peut-toujours-rever\\\/#primaryimage\"},\"thumbnailUrl\":\"https:\\\/\\\/janze-athletisme.fr\\\/wordpress\\\/wp-content\\\/uploads\\\/2023\\\/06\\\/S-Grebo-avec-Anna-Lou-Ann-16juin2023.jpg\",\"datePublished\":\"2023-06-16T13:34:46+00:00\",\"dateModified\":\"2023-06-16T18:37:37+00:00\",\"breadcrumb\":{\"@id\":\"https:\\\/\\\/janze-athletisme.fr\\\/wordpress\\\/dans-la-foulee-de-shana-on-peut-toujours-rever\\\/#breadcrumb\"},\"inLanguage\":\"fr-FR\",\"potentialAction\":[{\"@type\":\"ReadAction\",\"target\":[\"https:\\\/\\\/janze-athletisme.fr\\\/wordpress\\\/dans-la-foulee-de-shana-on-peut-toujours-rever\\\/\"]}]},{\"@type\":\"ImageObject\",\"inLanguage\":\"fr-FR\",\"@id\":\"https:\\\/\\\/janze-athletisme.fr\\\/wordpress\\\/dans-la-foulee-de-shana-on-peut-toujours-rever\\\/#primaryimage\",\"url\":\"https:\\\/\\\/janze-athletisme.fr\\\/wordpress\\\/wp-content\\\/uploads\\\/2023\\\/06\\\/S-Grebo-avec-Anna-Lou-Ann-16juin2023.jpg\",\"contentUrl\":\"https:\\\/\\\/janze-athletisme.fr\\\/wordpress\\\/wp-content\\\/uploads\\\/2023\\\/06\\\/S-Grebo-avec-Anna-Lou-Ann-16juin2023.jpg\",\"width\":1000,\"height\":1495},{\"@type\":\"BreadcrumbList\",\"@id\":\"https:\\\/\\\/janze-athletisme.fr\\\/wordpress\\\/dans-la-foulee-de-shana-on-peut-toujours-rever\\\/#breadcrumb\",\"itemListElement\":[{\"@type\":\"ListItem\",\"position\":1,\"name\":\"Accueil\",\"item\":\"https:\\\/\\\/janze-athletisme.fr\\\/wordpress\\\/\"},{\"@type\":\"ListItem\",\"position\":2,\"name\":\"Dans la foul\u00e9e de Shana (on peut toujours r\u00eaver)&#8230;\"}]},{\"@type\":\"WebSite\",\"@id\":\"https:\\\/\\\/janze-athletisme.fr\\\/wordpress\\\/#website\",\"url\":\"https:\\\/\\\/janze-athletisme.fr\\\/wordpress\\\/\",\"name\":\"Janz\u00e9 Athl\u00e9tisme\",\"description\":\"Pays de La Roche aux F\u00e9es\",\"publisher\":{\"@id\":\"https:\\\/\\\/janze-athletisme.fr\\\/wordpress\\\/#organization\"},\"potentialAction\":[{\"@type\":\"SearchAction\",\"target\":{\"@type\":\"EntryPoint\",\"urlTemplate\":\"https:\\\/\\\/janze-athletisme.fr\\\/wordpress\\\/?s={search_term_string}\"},\"query-input\":{\"@type\":\"PropertyValueSpecification\",\"valueRequired\":true,\"valueName\":\"search_term_string\"}}],\"inLanguage\":\"fr-FR\"},{\"@type\":\"Organization\",\"@id\":\"https:\\\/\\\/janze-athletisme.fr\\\/wordpress\\\/#organization\",\"name\":\"Janz\u00e9 Athl\u00e9tisme\",\"url\":\"https:\\\/\\\/janze-athletisme.fr\\\/wordpress\\\/\",\"logo\":{\"@type\":\"ImageObject\",\"inLanguage\":\"fr-FR\",\"@id\":\"https:\\\/\\\/janze-athletisme.fr\\\/wordpress\\\/#\\\/schema\\\/logo\\\/image\\\/\",\"url\":\"https:\\\/\\\/janze-athletisme.fr\\\/wordpress\\\/wp-content\\\/uploads\\\/2015\\\/03\\\/logo-full1.jpg\",\"contentUrl\":\"https:\\\/\\\/janze-athletisme.fr\\\/wordpress\\\/wp-content\\\/uploads\\\/2015\\\/03\\\/logo-full1.jpg\",\"width\":437,\"height\":205,\"caption\":\"Janz\u00e9 Athl\u00e9tisme\"},\"image\":{\"@id\":\"https:\\\/\\\/janze-athletisme.fr\\\/wordpress\\\/#\\\/schema\\\/logo\\\/image\\\/\"},\"sameAs\":[\"https:\\\/\\\/www.facebook.com\\\/groups\\\/1007964579346590\"]},{\"@type\":\"Person\",\"@id\":\"https:\\\/\\\/janze-athletisme.fr\\\/wordpress\\\/#\\\/schema\\\/person\\\/c7b063dcfa6234c041d4d9b26cc2ea03\",\"name\":\"Laurent Meunier\",\"image\":{\"@type\":\"ImageObject\",\"inLanguage\":\"fr-FR\",\"@id\":\"https:\\\/\\\/secure.gravatar.com\\\/avatar\\\/dd25d581ad7c3349090f2fa6a9adb6bfa287e6a5dd8a5216a092727cd8749034?s=96&d=mm&r=g\",\"url\":\"https:\\\/\\\/secure.gravatar.com\\\/avatar\\\/dd25d581ad7c3349090f2fa6a9adb6bfa287e6a5dd8a5216a092727cd8749034?s=96&d=mm&r=g\",\"contentUrl\":\"https:\\\/\\\/secure.gravatar.com\\\/avatar\\\/dd25d581ad7c3349090f2fa6a9adb6bfa287e6a5dd8a5216a092727cd8749034?s=96&d=mm&r=g\",\"caption\":\"Laurent Meunier\"},\"url\":\"https:\\\/\\\/janze-athletisme.fr\\\/wordpress\\\/author\\\/laurent-meunier35\\\/\"}]}<\/script>\n<!-- \/ Yoast SEO plugin. -->","yoast_head_json":{"title":"Dans la foul\u00e9e de Shana (on peut toujours r\u00eaver)... - Janz\u00e9 Athl\u00e9tisme","robots":{"index":"index","follow":"follow","max-snippet":"max-snippet:-1","max-image-preview":"max-image-preview:large","max-video-preview":"max-video-preview:-1"},"canonical":"https:\/\/janze-athletisme.fr\/wordpress\/dans-la-foulee-de-shana-on-peut-toujours-rever\/","og_locale":"fr_FR","og_type":"article","og_title":"Dans la foul\u00e9e de Shana (on peut toujours r\u00eaver)... - Janz\u00e9 Athl\u00e9tisme","og_description":"Rencontre avec une championne, vendredi 16 juin, stade de Janz\u00e9 Merci \u00e0 Henri Aubr\u00e9e et \u00e0 Fabien Brisorgueil. Le premier est adjoint \u00e0 la mairie de Retiers et, apr\u00e8s avoir fait venir Shana Grebo au coll\u00e8ge de Retiers, \u00e0 l&rsquo;automne dernier, dans le cadre du dispositif Terre de Jeux 2024, avait gard\u00e9 le contact avec [&hellip;]","og_url":"https:\/\/janze-athletisme.fr\/wordpress\/dans-la-foulee-de-shana-on-peut-toujours-rever\/","og_site_name":"Janz\u00e9 Athl\u00e9tisme","article_publisher":"https:\/\/www.facebook.com\/groups\/1007964579346590","article_published_time":"2023-06-16T13:34:46+00:00","article_modified_time":"2023-06-16T18:37:37+00:00","og_image":[{"width":1000,"height":1495,"url":"https:\/\/janze-athletisme.fr\/wordpress\/wp-content\/uploads\/2023\/06\/S-Grebo-avec-Anna-Lou-Ann-16juin2023.jpg","type":"image\/jpeg"}],"author":"Laurent Meunier","twitter_card":"summary_large_image","twitter_misc":{"\u00c9crit par":"Laurent Meunier","Dur\u00e9e de lecture estim\u00e9e":"4 minutes"},"schema":{"@context":"https:\/\/schema.org","@graph":[{"@type":"Article","@id":"https:\/\/janze-athletisme.fr\/wordpress\/dans-la-foulee-de-shana-on-peut-toujours-rever\/#article","isPartOf":{"@id":"https:\/\/janze-athletisme.fr\/wordpress\/dans-la-foulee-de-shana-on-peut-toujours-rever\/"},"author":{"name":"Laurent Meunier","@id":"https:\/\/janze-athletisme.fr\/wordpress\/#\/schema\/person\/c7b063dcfa6234c041d4d9b26cc2ea03"},"headline":"Dans la foul\u00e9e de Shana (on peut toujours r\u00eaver)&#8230;","datePublished":"2023-06-16T13:34:46+00:00","dateModified":"2023-06-16T18:37:37+00:00","mainEntityOfPage":{"@id":"https:\/\/janze-athletisme.fr\/wordpress\/dans-la-foulee-de-shana-on-peut-toujours-rever\/"},"wordCount":461,"commentCount":0,"publisher":{"@id":"https:\/\/janze-athletisme.fr\/wordpress\/#organization"},"image":{"@id":"https:\/\/janze-athletisme.fr\/wordpress\/dans-la-foulee-de-shana-on-peut-toujours-rever\/#primaryimage"},"thumbnailUrl":"https:\/\/janze-athletisme.fr\/wordpress\/wp-content\/uploads\/2023\/06\/S-Grebo-avec-Anna-Lou-Ann-16juin2023.jpg","articleSection":["Le club au jour le jour"],"inLanguage":"fr-FR","potentialAction":[{"@type":"CommentAction","name":"Comment","target":["https:\/\/janze-athletisme.fr\/wordpress\/dans-la-foulee-de-shana-on-peut-toujours-rever\/#respond"]}]},{"@type":"WebPage","@id":"https:\/\/janze-athletisme.fr\/wordpress\/dans-la-foulee-de-shana-on-peut-toujours-rever\/","url":"https:\/\/janze-athletisme.fr\/wordpress\/dans-la-foulee-de-shana-on-peut-toujours-rever\/","name":"Dans la foul\u00e9e de Shana (on peut toujours r\u00eaver)... - Janz\u00e9 Athl\u00e9tisme","isPartOf":{"@id":"https:\/\/janze-athletisme.fr\/wordpress\/#website"},"primaryImageOfPage":{"@id":"https:\/\/janze-athletisme.fr\/wordpress\/dans-la-foulee-de-shana-on-peut-toujours-rever\/#primaryimage"},"image":{"@id":"https:\/\/janze-athletisme.fr\/wordpress\/dans-la-foulee-de-shana-on-peut-toujours-rever\/#primaryimage"},"thumbnailUrl":"https:\/\/janze-athletisme.fr\/wordpress\/wp-content\/uploads\/2023\/06\/S-Grebo-avec-Anna-Lou-Ann-16juin2023.jpg","datePublished":"2023-06-16T13:34:46+00:00","dateModified":"2023-06-16T18:37:37+00:00","breadcrumb":{"@id":"https:\/\/janze-athletisme.fr\/wordpress\/dans-la-foulee-de-shana-on-peut-toujours-rever\/#breadcrumb"},"inLanguage":"fr-FR","potentialAction":[{"@type":"ReadAction","target":["https:\/\/janze-athletisme.fr\/wordpress\/dans-la-foulee-de-shana-on-peut-toujours-rever\/"]}]},{"@type":"ImageObject","inLanguage":"fr-FR","@id":"https:\/\/janze-athletisme.fr\/wordpress\/dans-la-foulee-de-shana-on-peut-toujours-rever\/#primaryimage","url":"https:\/\/janze-athletisme.fr\/wordpress\/wp-content\/uploads\/2023\/06\/S-Grebo-avec-Anna-Lou-Ann-16juin2023.jpg","contentUrl":"https:\/\/janze-athletisme.fr\/wordpress\/wp-content\/uploads\/2023\/06\/S-Grebo-avec-Anna-Lou-Ann-16juin2023.jpg","width":1000,"height":1495},{"@type":"BreadcrumbList","@id":"https:\/\/janze-athletisme.fr\/wordpress\/dans-la-foulee-de-shana-on-peut-toujours-rever\/#breadcrumb","itemListElement":[{"@type":"ListItem","position":1,"name":"Accueil","item":"https:\/\/janze-athletisme.fr\/wordpress\/"},{"@type":"ListItem","position":2,"name":"Dans la foul\u00e9e de Shana (on peut toujours r\u00eaver)&#8230;"}]},{"@type":"WebSite","@id":"https:\/\/janze-athletisme.fr\/wordpress\/#website","url":"https:\/\/janze-athletisme.fr\/wordpress\/","name":"Janz\u00e9 Athl\u00e9tisme","description":"Pays de La Roche aux F\u00e9es","publisher":{"@id":"https:\/\/janze-athletisme.fr\/wordpress\/#organization"},"potentialAction":[{"@type":"SearchAction","target":{"@type":"EntryPoint","urlTemplate":"https:\/\/janze-athletisme.fr\/wordpress\/?s={search_term_string}"},"query-input":{"@type":"PropertyValueSpecification","valueRequired":true,"valueName":"search_term_string"}}],"inLanguage":"fr-FR"},{"@type":"Organization","@id":"https:\/\/janze-athletisme.fr\/wordpress\/#organization","name":"Janz\u00e9 Athl\u00e9tisme","url":"https:\/\/janze-athletisme.fr\/wordpress\/","logo":{"@type":"ImageObject","inLanguage":"fr-FR","@id":"https:\/\/janze-athletisme.fr\/wordpress\/#\/schema\/logo\/image\/","url":"https:\/\/janze-athletisme.fr\/wordpress\/wp-content\/uploads\/2015\/03\/logo-full1.jpg","contentUrl":"https:\/\/janze-athletisme.fr\/wordpress\/wp-content\/uploads\/2015\/03\/logo-full1.jpg","width":437,"height":205,"caption":"Janz\u00e9 Athl\u00e9tisme"},"image":{"@id":"https:\/\/janze-athletisme.fr\/wordpress\/#\/schema\/logo\/image\/"},"sameAs":["https:\/\/www.facebook.com\/groups\/1007964579346590"]},{"@type":"Person","@id":"https:\/\/janze-athletisme.fr\/wordpress\/#\/schema\/person\/c7b063dcfa6234c041d4d9b26cc2ea03","name":"Laurent Meunier","image":{"@type":"ImageObject","inLanguage":"fr-FR","@id":"https:\/\/secure.gravatar.com\/avatar\/dd25d581ad7c3349090f2fa6a9adb6bfa287e6a5dd8a5216a092727cd8749034?s=96&d=mm&r=g","url":"https:\/\/secure.gravatar.com\/avatar\/dd25d581ad7c3349090f2fa6a9adb6bfa287e6a5dd8a5216a092727cd8749034?s=96&d=mm&r=g","contentUrl":"https:\/\/secure.gravatar.com\/avatar\/dd25d581ad7c3349090f2fa6a9adb6bfa287e6a5dd8a5216a092727cd8749034?s=96&d=mm&r=g","caption":"Laurent Meunier"},"url":"https:\/\/janze-athletisme.fr\/wordpress\/author\/laurent-meunier35\/"}]}},"uagb_featured_image_src":{"full":["https:\/\/janze-athletisme.fr\/wordpress\/wp-content\/uploads\/2023\/06\/S-Grebo-avec-Anna-Lou-Ann-16juin2023.jpg",1000,1495,false],"thumbnail":["https:\/\/janze-athletisme.fr\/wordpress\/wp-content\/uploads\/2023\/06\/S-Grebo-avec-Anna-Lou-Ann-16juin2023-150x150.jpg",150,150,true],"medium":["https:\/\/janze-athletisme.fr\/wordpress\/wp-content\/uploads\/2023\/06\/S-Grebo-avec-Anna-Lou-Ann-16juin2023-201x300.jpg",201,300,true],"medium_large":["https:\/\/janze-athletisme.fr\/wordpress\/wp-content\/uploads\/2023\/06\/S-Grebo-avec-Anna-Lou-Ann-16juin2023-768x1148.jpg",768,1148,true],"large":["https:\/\/janze-athletisme.fr\/wordpress\/wp-content\/uploads\/2023\/06\/S-Grebo-avec-Anna-Lou-Ann-16juin2023-685x1024.jpg",685,1024,true],"1536x1536":["https:\/\/janze-athletisme.fr\/wordpress\/wp-content\/uploads\/2023\/06\/S-Grebo-avec-Anna-Lou-Ann-16juin2023.jpg",1000,1495,false],"2048x2048":["https:\/\/janze-athletisme.fr\/wordpress\/wp-content\/uploads\/2023\/06\/S-Grebo-avec-Anna-Lou-Ann-16juin2023.jpg",1000,1495,false]},"uagb_author_info":{"display_name":"Laurent Meunier","author_link":"https:\/\/janze-athletisme.fr\/wordpress\/author\/laurent-meunier35\/"},"uagb_comment_info":0,"uagb_excerpt":"Rencontre avec une championne, vendredi 16 juin, stade de Janz\u00e9 Merci \u00e0 Henri Aubr\u00e9e et \u00e0 Fabien Brisorgueil. Le premier est adjoint \u00e0 la mairie de Retiers et, apr\u00e8s avoir fait venir Shana Grebo au coll\u00e8ge de Retiers, \u00e0 l&rsquo;automne dernier, dans le cadre du dispositif Terre de Jeux 2024, avait gard\u00e9 le contact avec\u2026","_links":{"self":[{"href":"https:\/\/janze-athletisme.fr\/wordpress\/wp-json\/wp\/v2\/posts\/13660","targetHints":{"allow":["GET"]}}],"collection":[{"href":"https:\/\/janze-athletisme.fr\/wordpress\/wp-json\/wp\/v2\/posts"}],"about":[{"href":"https:\/\/janze-athletisme.fr\/wordpress\/wp-json\/wp\/v2\/types\/post"}],"author":[{"embeddable":true,"href":"https:\/\/janze-athletisme.fr\/wordpress\/wp-json\/wp\/v2\/users\/12"}],"replies":[{"embeddable":true,"href":"https:\/\/janze-athletisme.fr\/wordpress\/wp-json\/wp\/v2\/comments?post=13660"}],"version-history":[{"count":6,"href":"https:\/\/janze-athletisme.fr\/wordpress\/wp-json\/wp\/v2\/posts\/13660\/revisions"}],"predecessor-version":[{"id":13683,"href":"https:\/\/janze-athletisme.fr\/wordpress\/wp-json\/wp\/v2\/posts\/13660\/revisions\/13683"}],"wp:featuredmedia":[{"embeddable":true,"href":"https:\/\/janze-athletisme.fr\/wordpress\/wp-json\/wp\/v2\/media\/13665"}],"wp:attachment":[{"href":"https:\/\/janze-athletisme.fr\/wordpress\/wp-json\/wp\/v2\/media?parent=13660"}],"wp:term":[{"taxonomy":"category","embeddable":true,"href":"https:\/\/janze-athletisme.fr\/wordpress\/wp-json\/wp\/v2\/categories?post=13660"},{"taxonomy":"post_tag","embeddable":true,"href":"https:\/\/janze-athletisme.fr\/wordpress\/wp-json\/wp\/v2\/tags?post=13660"}],"curies":[{"name":"wp","href":"https:\/\/api.w.org\/{rel}","templated":true}]}}