{"id":13617,"date":"2023-06-13T18:13:27","date_gmt":"2023-06-13T16:13:27","guid":{"rendered":"https:\/\/janze-athletisme.fr\/wordpress\/?p=13617"},"modified":"2023-06-13T18:19:43","modified_gmt":"2023-06-13T16:19:43","slug":"regionaux-les-photos-de-la-ligue","status":"publish","type":"post","link":"https:\/\/janze-athletisme.fr\/wordpress\/regionaux-les-photos-de-la-ligue\/","title":{"rendered":"R\u00e9gionaux : les photos de la Ligue"},"content":{"rendered":"<p><strong><span style=\"font-size: 18pt;\">Championnats de Bretagne sur piste, 10\/11 juin, Vannes<\/span><\/strong><\/p>\n<p>Pourquoi s&rsquo;affoler \u00e0 faire des photos \u00e0 Vannes, alors que l&rsquo;agence r\u00e9mun\u00e9r\u00e9e par la Ligue de Bretagne travaille si bien ? Son nom : <em>Capture My Sport<\/em>. La Ligue nous autorise \u00e0 les utiliser ici et sur les r\u00e9seaux sociaux en mentionnant bien la source. Merci \u00e0 Gwendal et Baptiste et \u00e0 la Ligue pour ces superbes photos (<em>qu&rsquo;on peut agrandir en cliquant dessus<\/em>).<\/p>\n<p><a href=\"https:\/\/janze-athletisme.fr\/wordpress\/wp-content\/uploads\/2023\/06\/CMS-Bastien-Fert-6-200m.jpg\"><img loading=\"lazy\" decoding=\"async\" class=\"alignnone wp-image-13619\" src=\"https:\/\/janze-athletisme.fr\/wordpress\/wp-content\/uploads\/2023\/06\/CMS-Bastien-Fert-6-200m-300x200.jpg\" alt=\"\" width=\"198\" height=\"132\" srcset=\"https:\/\/janze-athletisme.fr\/wordpress\/wp-content\/uploads\/2023\/06\/CMS-Bastien-Fert-6-200m-300x200.jpg 300w, https:\/\/janze-athletisme.fr\/wordpress\/wp-content\/uploads\/2023\/06\/CMS-Bastien-Fert-6-200m-1024x683.jpg 1024w, https:\/\/janze-athletisme.fr\/wordpress\/wp-content\/uploads\/2023\/06\/CMS-Bastien-Fert-6-200m-768x512.jpg 768w, https:\/\/janze-athletisme.fr\/wordpress\/wp-content\/uploads\/2023\/06\/CMS-Bastien-Fert-6-200m.jpg 1500w\" sizes=\"auto, (max-width: 198px) 100vw, 198px\" \/> <\/a><a href=\"https:\/\/janze-athletisme.fr\/wordpress\/wp-content\/uploads\/2023\/06\/CMS-Bastien-Fert.jpg\"><img loading=\"lazy\" decoding=\"async\" class=\"alignnone wp-image-13620\" src=\"https:\/\/janze-athletisme.fr\/wordpress\/wp-content\/uploads\/2023\/06\/CMS-Bastien-Fert-300x200.jpg\" alt=\"\" width=\"198\" height=\"132\" srcset=\"https:\/\/janze-athletisme.fr\/wordpress\/wp-content\/uploads\/2023\/06\/CMS-Bastien-Fert-300x200.jpg 300w, https:\/\/janze-athletisme.fr\/wordpress\/wp-content\/uploads\/2023\/06\/CMS-Bastien-Fert-1024x682.jpg 1024w, https:\/\/janze-athletisme.fr\/wordpress\/wp-content\/uploads\/2023\/06\/CMS-Bastien-Fert-768x511.jpg 768w, https:\/\/janze-athletisme.fr\/wordpress\/wp-content\/uploads\/2023\/06\/CMS-Bastien-Fert.jpg 1502w\" sizes=\"auto, (max-width: 198px) 100vw, 198px\" \/> <\/a><a href=\"https:\/\/janze-athletisme.fr\/wordpress\/wp-content\/uploads\/2023\/06\/CMS-Augustin-Jouzel-2.jpg\"><img loading=\"lazy\" decoding=\"async\" class=\"alignnone wp-image-13621\" src=\"https:\/\/janze-athletisme.fr\/wordpress\/wp-content\/uploads\/2023\/06\/CMS-Augustin-Jouzel-2-300x200.jpg\" alt=\"\" width=\"200\" height=\"133\" srcset=\"https:\/\/janze-athletisme.fr\/wordpress\/wp-content\/uploads\/2023\/06\/CMS-Augustin-Jouzel-2-300x200.jpg 300w, https:\/\/janze-athletisme.fr\/wordpress\/wp-content\/uploads\/2023\/06\/CMS-Augustin-Jouzel-2-1024x683.jpg 1024w, https:\/\/janze-athletisme.fr\/wordpress\/wp-content\/uploads\/2023\/06\/CMS-Augustin-Jouzel-2-768x512.jpg 768w, https:\/\/janze-athletisme.fr\/wordpress\/wp-content\/uploads\/2023\/06\/CMS-Augustin-Jouzel-2.jpg 1500w\" sizes=\"auto, (max-width: 200px) 100vw, 200px\" \/><\/a><a href=\"https:\/\/janze-athletisme.fr\/wordpress\/wp-content\/uploads\/2023\/06\/CMS-Augustin-Jouzel.jpg\"> <img loading=\"lazy\" decoding=\"async\" class=\"alignnone wp-image-13622\" src=\"https:\/\/janze-athletisme.fr\/wordpress\/wp-content\/uploads\/2023\/06\/CMS-Augustin-Jouzel-300x200.jpg\" alt=\"\" width=\"200\" height=\"133\" srcset=\"https:\/\/janze-athletisme.fr\/wordpress\/wp-content\/uploads\/2023\/06\/CMS-Augustin-Jouzel-300x200.jpg 300w, https:\/\/janze-athletisme.fr\/wordpress\/wp-content\/uploads\/2023\/06\/CMS-Augustin-Jouzel-1024x683.jpg 1024w, https:\/\/janze-athletisme.fr\/wordpress\/wp-content\/uploads\/2023\/06\/CMS-Augustin-Jouzel-768x512.jpg 768w, https:\/\/janze-athletisme.fr\/wordpress\/wp-content\/uploads\/2023\/06\/CMS-Augustin-Jouzel.jpg 1500w\" sizes=\"auto, (max-width: 200px) 100vw, 200px\" \/><\/a><\/p>\n<p><a href=\"https:\/\/janze-athletisme.fr\/wordpress\/wp-content\/uploads\/2023\/06\/CMS-Elsa-Mahe-2.jpg\"><img loading=\"lazy\" decoding=\"async\" class=\"alignnone wp-image-13623\" src=\"https:\/\/janze-athletisme.fr\/wordpress\/wp-content\/uploads\/2023\/06\/CMS-Elsa-Mahe-2-300x200.jpg\" alt=\"\" width=\"196\" height=\"130\" srcset=\"https:\/\/janze-athletisme.fr\/wordpress\/wp-content\/uploads\/2023\/06\/CMS-Elsa-Mahe-2-300x200.jpg 300w, https:\/\/janze-athletisme.fr\/wordpress\/wp-content\/uploads\/2023\/06\/CMS-Elsa-Mahe-2-1024x683.jpg 1024w, https:\/\/janze-athletisme.fr\/wordpress\/wp-content\/uploads\/2023\/06\/CMS-Elsa-Mahe-2-768x512.jpg 768w, https:\/\/janze-athletisme.fr\/wordpress\/wp-content\/uploads\/2023\/06\/CMS-Elsa-Mahe-2.jpg 1500w\" sizes=\"auto, (max-width: 196px) 100vw, 196px\" \/><\/a> <a href=\"https:\/\/janze-athletisme.fr\/wordpress\/wp-content\/uploads\/2023\/06\/CMS-Elsa-Mahe.jpg\"><img loading=\"lazy\" decoding=\"async\" class=\"alignnone wp-image-13624\" src=\"https:\/\/janze-athletisme.fr\/wordpress\/wp-content\/uploads\/2023\/06\/CMS-Elsa-Mahe-300x200.jpg\" alt=\"\" width=\"197\" height=\"131\" srcset=\"https:\/\/janze-athletisme.fr\/wordpress\/wp-content\/uploads\/2023\/06\/CMS-Elsa-Mahe-300x200.jpg 300w, https:\/\/janze-athletisme.fr\/wordpress\/wp-content\/uploads\/2023\/06\/CMS-Elsa-Mahe-1024x683.jpg 1024w, https:\/\/janze-athletisme.fr\/wordpress\/wp-content\/uploads\/2023\/06\/CMS-Elsa-Mahe-768x512.jpg 768w, https:\/\/janze-athletisme.fr\/wordpress\/wp-content\/uploads\/2023\/06\/CMS-Elsa-Mahe.jpg 1500w\" sizes=\"auto, (max-width: 197px) 100vw, 197px\" \/> <\/a><a href=\"https:\/\/janze-athletisme.fr\/wordpress\/wp-content\/uploads\/2023\/06\/CMS-Liya-Pigeon-2.jpg\"><img loading=\"lazy\" decoding=\"async\" class=\"alignnone wp-image-13625\" src=\"https:\/\/janze-athletisme.fr\/wordpress\/wp-content\/uploads\/2023\/06\/CMS-Liya-Pigeon-2-300x200.jpg\" alt=\"\" width=\"201\" height=\"134\" srcset=\"https:\/\/janze-athletisme.fr\/wordpress\/wp-content\/uploads\/2023\/06\/CMS-Liya-Pigeon-2-300x200.jpg 300w, https:\/\/janze-athletisme.fr\/wordpress\/wp-content\/uploads\/2023\/06\/CMS-Liya-Pigeon-2-1024x683.jpg 1024w, https:\/\/janze-athletisme.fr\/wordpress\/wp-content\/uploads\/2023\/06\/CMS-Liya-Pigeon-2-768x512.jpg 768w, https:\/\/janze-athletisme.fr\/wordpress\/wp-content\/uploads\/2023\/06\/CMS-Liya-Pigeon-2.jpg 1500w\" sizes=\"auto, (max-width: 201px) 100vw, 201px\" \/><\/a><a href=\"https:\/\/janze-athletisme.fr\/wordpress\/wp-content\/uploads\/2023\/06\/CMS-Liya-Pigeon.jpg\"> <img loading=\"lazy\" decoding=\"async\" class=\"alignnone wp-image-13626\" src=\"https:\/\/janze-athletisme.fr\/wordpress\/wp-content\/uploads\/2023\/06\/CMS-Liya-Pigeon-300x200.jpg\" alt=\"\" width=\"201\" height=\"134\" srcset=\"https:\/\/janze-athletisme.fr\/wordpress\/wp-content\/uploads\/2023\/06\/CMS-Liya-Pigeon-300x200.jpg 300w, https:\/\/janze-athletisme.fr\/wordpress\/wp-content\/uploads\/2023\/06\/CMS-Liya-Pigeon-1024x683.jpg 1024w, https:\/\/janze-athletisme.fr\/wordpress\/wp-content\/uploads\/2023\/06\/CMS-Liya-Pigeon-768x512.jpg 768w, https:\/\/janze-athletisme.fr\/wordpress\/wp-content\/uploads\/2023\/06\/CMS-Liya-Pigeon.jpg 1500w\" sizes=\"auto, (max-width: 201px) 100vw, 201px\" \/><\/a><\/p>\n<p><a href=\"https:\/\/janze-athletisme.fr\/wordpress\/wp-content\/uploads\/2023\/06\/CMS-Ewen-Huchet.jpg\"><img loading=\"lazy\" decoding=\"async\" class=\"alignnone wp-image-13627\" src=\"https:\/\/janze-athletisme.fr\/wordpress\/wp-content\/uploads\/2023\/06\/CMS-Ewen-Huchet-300x200.jpg\" alt=\"\" width=\"197\" height=\"131\" srcset=\"https:\/\/janze-athletisme.fr\/wordpress\/wp-content\/uploads\/2023\/06\/CMS-Ewen-Huchet-300x200.jpg 300w, https:\/\/janze-athletisme.fr\/wordpress\/wp-content\/uploads\/2023\/06\/CMS-Ewen-Huchet-1024x683.jpg 1024w, https:\/\/janze-athletisme.fr\/wordpress\/wp-content\/uploads\/2023\/06\/CMS-Ewen-Huchet-768x512.jpg 768w, https:\/\/janze-athletisme.fr\/wordpress\/wp-content\/uploads\/2023\/06\/CMS-Ewen-Huchet.jpg 1500w\" sizes=\"auto, (max-width: 197px) 100vw, 197px\" \/><\/a> <a href=\"https:\/\/janze-athletisme.fr\/wordpress\/wp-content\/uploads\/2023\/06\/CMS-Bruno-Mariette.jpg\"><img loading=\"lazy\" decoding=\"async\" class=\"alignnone wp-image-13628\" src=\"https:\/\/janze-athletisme.fr\/wordpress\/wp-content\/uploads\/2023\/06\/CMS-Bruno-Mariette-300x200.jpg\" alt=\"\" width=\"195\" height=\"130\" srcset=\"https:\/\/janze-athletisme.fr\/wordpress\/wp-content\/uploads\/2023\/06\/CMS-Bruno-Mariette-300x200.jpg 300w, https:\/\/janze-athletisme.fr\/wordpress\/wp-content\/uploads\/2023\/06\/CMS-Bruno-Mariette-1024x683.jpg 1024w, https:\/\/janze-athletisme.fr\/wordpress\/wp-content\/uploads\/2023\/06\/CMS-Bruno-Mariette-768x512.jpg 768w, https:\/\/janze-athletisme.fr\/wordpress\/wp-content\/uploads\/2023\/06\/CMS-Bruno-Mariette.jpg 1500w\" sizes=\"auto, (max-width: 195px) 100vw, 195px\" \/><\/a> <a href=\"https:\/\/janze-athletisme.fr\/wordpress\/wp-content\/uploads\/2023\/06\/CMS-Leo-Guiheux.jpg\"><img loading=\"lazy\" decoding=\"async\" class=\"alignnone wp-image-13630\" src=\"https:\/\/janze-athletisme.fr\/wordpress\/wp-content\/uploads\/2023\/06\/CMS-Leo-Guiheux-300x200.jpg\" alt=\"\" width=\"198\" height=\"132\" srcset=\"https:\/\/janze-athletisme.fr\/wordpress\/wp-content\/uploads\/2023\/06\/CMS-Leo-Guiheux-300x200.jpg 300w, https:\/\/janze-athletisme.fr\/wordpress\/wp-content\/uploads\/2023\/06\/CMS-Leo-Guiheux-1024x683.jpg 1024w, https:\/\/janze-athletisme.fr\/wordpress\/wp-content\/uploads\/2023\/06\/CMS-Leo-Guiheux-768x512.jpg 768w, https:\/\/janze-athletisme.fr\/wordpress\/wp-content\/uploads\/2023\/06\/CMS-Leo-Guiheux.jpg 1500w\" sizes=\"auto, (max-width: 198px) 100vw, 198px\" \/> <\/a><a href=\"https:\/\/janze-athletisme.fr\/wordpress\/wp-content\/uploads\/2023\/06\/CMS-Raphael-Boue.jpg\"><img loading=\"lazy\" decoding=\"async\" class=\"alignnone wp-image-13631\" src=\"https:\/\/janze-athletisme.fr\/wordpress\/wp-content\/uploads\/2023\/06\/CMS-Raphael-Boue-300x200.jpg\" alt=\"\" width=\"201\" height=\"134\" srcset=\"https:\/\/janze-athletisme.fr\/wordpress\/wp-content\/uploads\/2023\/06\/CMS-Raphael-Boue-300x200.jpg 300w, https:\/\/janze-athletisme.fr\/wordpress\/wp-content\/uploads\/2023\/06\/CMS-Raphael-Boue-1024x683.jpg 1024w, https:\/\/janze-athletisme.fr\/wordpress\/wp-content\/uploads\/2023\/06\/CMS-Raphael-Boue-768x512.jpg 768w, https:\/\/janze-athletisme.fr\/wordpress\/wp-content\/uploads\/2023\/06\/CMS-Raphael-Boue.jpg 1500w\" sizes=\"auto, (max-width: 201px) 100vw, 201px\" \/><\/a><\/p>\n<p><a href=\"https:\/\/janze-athletisme.fr\/wordpress\/wp-content\/uploads\/2023\/06\/CMS-Leo-Guiheux.jpg\">\u00a0<\/a><a href=\"https:\/\/janze-athletisme.fr\/wordpress\/wp-content\/uploads\/2023\/06\/CMS-Enzo-Paccini.jpg\"><img loading=\"lazy\" decoding=\"async\" class=\"alignnone wp-image-13629\" src=\"https:\/\/janze-athletisme.fr\/wordpress\/wp-content\/uploads\/2023\/06\/CMS-Enzo-Paccini-200x300.jpg\" alt=\"\" width=\"87\" height=\"131\" srcset=\"https:\/\/janze-athletisme.fr\/wordpress\/wp-content\/uploads\/2023\/06\/CMS-Enzo-Paccini-200x300.jpg 200w, https:\/\/janze-athletisme.fr\/wordpress\/wp-content\/uploads\/2023\/06\/CMS-Enzo-Paccini-683x1024.jpg 683w, https:\/\/janze-athletisme.fr\/wordpress\/wp-content\/uploads\/2023\/06\/CMS-Enzo-Paccini-768x1152.jpg 768w, https:\/\/janze-athletisme.fr\/wordpress\/wp-content\/uploads\/2023\/06\/CMS-Enzo-Paccini.jpg 1000w\" sizes=\"auto, (max-width: 87px) 100vw, 87px\" \/><\/a><a href=\"https:\/\/janze-athletisme.fr\/wordpress\/wp-content\/uploads\/2023\/06\/CMS-Alan-Duvigneau.jpg\"> <img loading=\"lazy\" decoding=\"async\" class=\"alignnone wp-image-13632\" src=\"https:\/\/janze-athletisme.fr\/wordpress\/wp-content\/uploads\/2023\/06\/CMS-Alan-Duvigneau-300x200.jpg\" alt=\"\" width=\"199\" height=\"133\" srcset=\"https:\/\/janze-athletisme.fr\/wordpress\/wp-content\/uploads\/2023\/06\/CMS-Alan-Duvigneau-300x200.jpg 300w, https:\/\/janze-athletisme.fr\/wordpress\/wp-content\/uploads\/2023\/06\/CMS-Alan-Duvigneau-1024x683.jpg 1024w, https:\/\/janze-athletisme.fr\/wordpress\/wp-content\/uploads\/2023\/06\/CMS-Alan-Duvigneau-768x512.jpg 768w, https:\/\/janze-athletisme.fr\/wordpress\/wp-content\/uploads\/2023\/06\/CMS-Alan-Duvigneau.jpg 1500w\" sizes=\"auto, (max-width: 199px) 100vw, 199px\" \/> <\/a><a href=\"https:\/\/janze-athletisme.fr\/wordpress\/wp-content\/uploads\/2023\/06\/CMS-Cheisda-Tra.jpg\"><img loading=\"lazy\" decoding=\"async\" class=\"alignnone wp-image-13633\" src=\"https:\/\/janze-athletisme.fr\/wordpress\/wp-content\/uploads\/2023\/06\/CMS-Cheisda-Tra-300x200.jpg\" alt=\"\" width=\"201\" height=\"134\" srcset=\"https:\/\/janze-athletisme.fr\/wordpress\/wp-content\/uploads\/2023\/06\/CMS-Cheisda-Tra-300x200.jpg 300w, https:\/\/janze-athletisme.fr\/wordpress\/wp-content\/uploads\/2023\/06\/CMS-Cheisda-Tra-1024x683.jpg 1024w, https:\/\/janze-athletisme.fr\/wordpress\/wp-content\/uploads\/2023\/06\/CMS-Cheisda-Tra-768x512.jpg 768w, https:\/\/janze-athletisme.fr\/wordpress\/wp-content\/uploads\/2023\/06\/CMS-Cheisda-Tra.jpg 1500w\" sizes=\"auto, (max-width: 201px) 100vw, 201px\" \/> <\/a><a href=\"https:\/\/janze-athletisme.fr\/wordpress\/wp-content\/uploads\/2023\/06\/CMS-Delphine-Lebret.jpg\"><img loading=\"lazy\" decoding=\"async\" class=\"alignnone wp-image-13634\" src=\"https:\/\/janze-athletisme.fr\/wordpress\/wp-content\/uploads\/2023\/06\/CMS-Delphine-Lebret-300x200.jpg\" alt=\"\" width=\"201\" height=\"134\" srcset=\"https:\/\/janze-athletisme.fr\/wordpress\/wp-content\/uploads\/2023\/06\/CMS-Delphine-Lebret-300x200.jpg 300w, https:\/\/janze-athletisme.fr\/wordpress\/wp-content\/uploads\/2023\/06\/CMS-Delphine-Lebret-1024x683.jpg 1024w, https:\/\/janze-athletisme.fr\/wordpress\/wp-content\/uploads\/2023\/06\/CMS-Delphine-Lebret-768x512.jpg 768w, https:\/\/janze-athletisme.fr\/wordpress\/wp-content\/uploads\/2023\/06\/CMS-Delphine-Lebret.jpg 1500w\" sizes=\"auto, (max-width: 201px) 100vw, 201px\" \/> <\/a><a href=\"https:\/\/janze-athletisme.fr\/wordpress\/wp-content\/uploads\/2023\/06\/CMS-Yoann-Devaud.jpg\"><img loading=\"lazy\" decoding=\"async\" class=\"alignnone wp-image-13635\" src=\"https:\/\/janze-athletisme.fr\/wordpress\/wp-content\/uploads\/2023\/06\/CMS-Yoann-Devaud-200x300.jpg\" alt=\"\" width=\"93\" height=\"140\" srcset=\"https:\/\/janze-athletisme.fr\/wordpress\/wp-content\/uploads\/2023\/06\/CMS-Yoann-Devaud-200x300.jpg 200w, https:\/\/janze-athletisme.fr\/wordpress\/wp-content\/uploads\/2023\/06\/CMS-Yoann-Devaud-683x1024.jpg 683w, https:\/\/janze-athletisme.fr\/wordpress\/wp-content\/uploads\/2023\/06\/CMS-Yoann-Devaud-768x1152.jpg 768w, https:\/\/janze-athletisme.fr\/wordpress\/wp-content\/uploads\/2023\/06\/CMS-Yoann-Devaud.jpg 1000w\" sizes=\"auto, (max-width: 93px) 100vw, 93px\" \/><\/a><\/p>\n<p><a href=\"https:\/\/janze-athletisme.fr\/wordpress\/wp-content\/uploads\/2023\/06\/CMS-Hugo-Baudu-2.jpg\"><img loading=\"lazy\" decoding=\"async\" class=\"alignnone  wp-image-13637\" src=\"https:\/\/janze-athletisme.fr\/wordpress\/wp-content\/uploads\/2023\/06\/CMS-Hugo-Baudu-2-300x200.jpg\" alt=\"\" width=\"196\" height=\"130\" srcset=\"https:\/\/janze-athletisme.fr\/wordpress\/wp-content\/uploads\/2023\/06\/CMS-Hugo-Baudu-2-300x200.jpg 300w, https:\/\/janze-athletisme.fr\/wordpress\/wp-content\/uploads\/2023\/06\/CMS-Hugo-Baudu-2-1024x683.jpg 1024w, https:\/\/janze-athletisme.fr\/wordpress\/wp-content\/uploads\/2023\/06\/CMS-Hugo-Baudu-2-768x512.jpg 768w, https:\/\/janze-athletisme.fr\/wordpress\/wp-content\/uploads\/2023\/06\/CMS-Hugo-Baudu-2.jpg 1500w\" sizes=\"auto, (max-width: 196px) 100vw, 196px\" \/><\/a> <a href=\"https:\/\/janze-athletisme.fr\/wordpress\/wp-content\/uploads\/2023\/06\/CMS-Hugo-Baudu-3.jpg\"><img loading=\"lazy\" decoding=\"async\" class=\"alignnone  wp-image-13638\" src=\"https:\/\/janze-athletisme.fr\/wordpress\/wp-content\/uploads\/2023\/06\/CMS-Hugo-Baudu-3-300x200.jpg\" alt=\"\" width=\"199\" height=\"132\" srcset=\"https:\/\/janze-athletisme.fr\/wordpress\/wp-content\/uploads\/2023\/06\/CMS-Hugo-Baudu-3-300x200.jpg 300w, https:\/\/janze-athletisme.fr\/wordpress\/wp-content\/uploads\/2023\/06\/CMS-Hugo-Baudu-3-1024x683.jpg 1024w, https:\/\/janze-athletisme.fr\/wordpress\/wp-content\/uploads\/2023\/06\/CMS-Hugo-Baudu-3-768x512.jpg 768w, https:\/\/janze-athletisme.fr\/wordpress\/wp-content\/uploads\/2023\/06\/CMS-Hugo-Baudu-3.jpg 1500w\" sizes=\"auto, (max-width: 199px) 100vw, 199px\" \/> <\/a><a href=\"https:\/\/janze-athletisme.fr\/wordpress\/wp-content\/uploads\/2023\/06\/CMS-Marie-Duvigneau-7-200m.jpg\"><img loading=\"lazy\" decoding=\"async\" class=\"alignnone  wp-image-13639\" src=\"https:\/\/janze-athletisme.fr\/wordpress\/wp-content\/uploads\/2023\/06\/CMS-Marie-Duvigneau-7-200m-300x200.jpg\" alt=\"\" width=\"199\" height=\"132\" srcset=\"https:\/\/janze-athletisme.fr\/wordpress\/wp-content\/uploads\/2023\/06\/CMS-Marie-Duvigneau-7-200m-300x200.jpg 300w, https:\/\/janze-athletisme.fr\/wordpress\/wp-content\/uploads\/2023\/06\/CMS-Marie-Duvigneau-7-200m-1024x683.jpg 1024w, https:\/\/janze-athletisme.fr\/wordpress\/wp-content\/uploads\/2023\/06\/CMS-Marie-Duvigneau-7-200m-768x512.jpg 768w, https:\/\/janze-athletisme.fr\/wordpress\/wp-content\/uploads\/2023\/06\/CMS-Marie-Duvigneau-7-200m.jpg 1500w\" sizes=\"auto, (max-width: 199px) 100vw, 199px\" \/><\/a> <a href=\"https:\/\/janze-athletisme.fr\/wordpress\/wp-content\/uploads\/2023\/06\/CMS-Marie-Duvigneau.jpg\"><img loading=\"lazy\" decoding=\"async\" class=\"alignnone  wp-image-13640\" src=\"https:\/\/janze-athletisme.fr\/wordpress\/wp-content\/uploads\/2023\/06\/CMS-Marie-Duvigneau-300x200.jpg\" alt=\"\" width=\"199\" height=\"132\" srcset=\"https:\/\/janze-athletisme.fr\/wordpress\/wp-content\/uploads\/2023\/06\/CMS-Marie-Duvigneau-300x200.jpg 300w, https:\/\/janze-athletisme.fr\/wordpress\/wp-content\/uploads\/2023\/06\/CMS-Marie-Duvigneau-768x511.jpg 768w, https:\/\/janze-athletisme.fr\/wordpress\/wp-content\/uploads\/2023\/06\/CMS-Marie-Duvigneau.jpg 1007w\" sizes=\"auto, (max-width: 199px) 100vw, 199px\" \/><\/a><\/p>\n<p><a href=\"https:\/\/janze-athletisme.fr\/wordpress\/wp-content\/uploads\/2023\/06\/CMS-Martin-Lambard.jpg\"><img loading=\"lazy\" decoding=\"async\" class=\"alignnone  wp-image-13641\" src=\"https:\/\/janze-athletisme.fr\/wordpress\/wp-content\/uploads\/2023\/06\/CMS-Martin-Lambard-300x200.jpg\" alt=\"\" width=\"197\" height=\"131\" srcset=\"https:\/\/janze-athletisme.fr\/wordpress\/wp-content\/uploads\/2023\/06\/CMS-Martin-Lambard-300x200.jpg 300w, https:\/\/janze-athletisme.fr\/wordpress\/wp-content\/uploads\/2023\/06\/CMS-Martin-Lambard-1024x683.jpg 1024w, https:\/\/janze-athletisme.fr\/wordpress\/wp-content\/uploads\/2023\/06\/CMS-Martin-Lambard-768x512.jpg 768w, https:\/\/janze-athletisme.fr\/wordpress\/wp-content\/uploads\/2023\/06\/CMS-Martin-Lambard.jpg 1500w\" sizes=\"auto, (max-width: 197px) 100vw, 197px\" \/> <\/a><a href=\"https:\/\/janze-athletisme.fr\/wordpress\/wp-content\/uploads\/2023\/06\/CMS-Norah-Jit.jpg\"><img loading=\"lazy\" decoding=\"async\" class=\"alignnone  wp-image-13642\" src=\"https:\/\/janze-athletisme.fr\/wordpress\/wp-content\/uploads\/2023\/06\/CMS-Norah-Jit-300x200.jpg\" alt=\"\" width=\"197\" height=\"131\" srcset=\"https:\/\/janze-athletisme.fr\/wordpress\/wp-content\/uploads\/2023\/06\/CMS-Norah-Jit-300x200.jpg 300w, https:\/\/janze-athletisme.fr\/wordpress\/wp-content\/uploads\/2023\/06\/CMS-Norah-Jit-1024x683.jpg 1024w, https:\/\/janze-athletisme.fr\/wordpress\/wp-content\/uploads\/2023\/06\/CMS-Norah-Jit-768x512.jpg 768w, https:\/\/janze-athletisme.fr\/wordpress\/wp-content\/uploads\/2023\/06\/CMS-Norah-Jit.jpg 1500w\" sizes=\"auto, (max-width: 197px) 100vw, 197px\" \/> <\/a><a href=\"https:\/\/janze-athletisme.fr\/wordpress\/wp-content\/uploads\/2023\/06\/CMS-Tiphanie-Lecomte-2.jpg\"><img loading=\"lazy\" decoding=\"async\" class=\"alignnone  wp-image-13643\" src=\"https:\/\/janze-athletisme.fr\/wordpress\/wp-content\/uploads\/2023\/06\/CMS-Tiphanie-Lecomte-2-300x200.jpg\" alt=\"\" width=\"200\" height=\"133\" srcset=\"https:\/\/janze-athletisme.fr\/wordpress\/wp-content\/uploads\/2023\/06\/CMS-Tiphanie-Lecomte-2-300x200.jpg 300w, https:\/\/janze-athletisme.fr\/wordpress\/wp-content\/uploads\/2023\/06\/CMS-Tiphanie-Lecomte-2-1024x683.jpg 1024w, https:\/\/janze-athletisme.fr\/wordpress\/wp-content\/uploads\/2023\/06\/CMS-Tiphanie-Lecomte-2-768x512.jpg 768w, https:\/\/janze-athletisme.fr\/wordpress\/wp-content\/uploads\/2023\/06\/CMS-Tiphanie-Lecomte-2.jpg 1500w\" sizes=\"auto, (max-width: 200px) 100vw, 200px\" \/> <\/a><a href=\"https:\/\/janze-athletisme.fr\/wordpress\/wp-content\/uploads\/2023\/06\/CMS-Yoann-Naudin-Alan-Duvigneau-2.jpg\"><img loading=\"lazy\" decoding=\"async\" class=\"alignnone  wp-image-13644\" src=\"https:\/\/janze-athletisme.fr\/wordpress\/wp-content\/uploads\/2023\/06\/CMS-Yoann-Naudin-Alan-Duvigneau-2-300x200.jpg\" alt=\"\" width=\"199\" height=\"133\" srcset=\"https:\/\/janze-athletisme.fr\/wordpress\/wp-content\/uploads\/2023\/06\/CMS-Yoann-Naudin-Alan-Duvigneau-2-300x200.jpg 300w, https:\/\/janze-athletisme.fr\/wordpress\/wp-content\/uploads\/2023\/06\/CMS-Yoann-Naudin-Alan-Duvigneau-2-1024x683.jpg 1024w, https:\/\/janze-athletisme.fr\/wordpress\/wp-content\/uploads\/2023\/06\/CMS-Yoann-Naudin-Alan-Duvigneau-2-768x512.jpg 768w, https:\/\/janze-athletisme.fr\/wordpress\/wp-content\/uploads\/2023\/06\/CMS-Yoann-Naudin-Alan-Duvigneau-2.jpg 1500w\" sizes=\"auto, (max-width: 199px) 100vw, 199px\" \/><\/a><\/p>\n<p><span style=\"font-size: 10pt;\"><em>De haut en bas et de gauche \u00e0 droite : <strong>Bastien<\/strong> sur 200 et 400m, <strong>Augustin<\/strong> au javelot, Elsa et <strong>Liya<\/strong> sur 1500m, <strong>Ewen<\/strong> sur 110m haies, <strong>Bruno<\/strong> sur 5000m marche, <strong>L\u00e9o<\/strong> et <strong>Rapha\u00ebl<\/strong> sur le 800m du relais 8\/2\/2\/8, <strong>Enzo<\/strong> au poids, Alan sur 400m, Cheisda sur 100m haies, Delphine sur 800m, Yoann \u00e0 la longueur, Hugo sur 200 et 400m, Marie sur 200 et 400m, Martin sur 800m, Norah sur 100m, Tiphanie sur 1500m, Yoann et Alan sur 400m.<\/em> <\/span><\/p>\n","protected":false},"excerpt":{"rendered":"<p>Championnats de Bretagne sur piste, 10\/11 juin, Vannes Pourquoi s&rsquo;affoler \u00e0 faire des photos \u00e0 Vannes, alors que l&rsquo;agence r\u00e9mun\u00e9r\u00e9e par la Ligue de Bretagne travaille si bien ? Son nom : Capture My Sport. La Ligue nous autorise \u00e0 les utiliser ici et sur les r\u00e9seaux sociaux en mentionnant bien la source. Merci \u00e0 [&hellip;]<\/p>\n","protected":false},"author":12,"featured_media":13627,"comment_status":"open","ping_status":"open","sticky":false,"template":"","format":"aside","meta":{"_uag_custom_page_level_css":"","site-sidebar-layout":"default","site-content-layout":"default","ast-site-content-layout":"default","site-content-style":"default","site-sidebar-style":"default","ast-global-header-display":"","ast-banner-title-visibility":"","ast-main-header-display":"","ast-hfb-above-header-display":"","ast-hfb-below-header-display":"","ast-hfb-mobile-header-display":"","site-post-title":"","ast-breadcrumbs-content":"","ast-featured-img":"","footer-sml-layout":"","ast-disable-related-posts":"","theme-transparent-header-meta":"default","adv-header-id-meta":"","stick-header-meta":"","header-above-stick-meta":"","header-main-stick-meta":"","header-below-stick-meta":"","astra-migrate-meta-layouts":"default","ast-page-background-enabled":"default","ast-page-background-meta":{"desktop":{"background-color":"var(--ast-global-color-4)","background-image":"","background-repeat":"repeat","background-position":"center center","background-size":"auto","background-attachment":"scroll","background-type":"","background-media":"","overlay-type":"","overlay-color":"","overlay-opacity":"","overlay-gradient":""},"tablet":{"background-color":"","background-image":"","background-repeat":"repeat","background-position":"center center","background-size":"auto","background-attachment":"scroll","background-type":"","background-media":"","overlay-type":"","overlay-color":"","overlay-opacity":"","overlay-gradient":""},"mobile":{"background-color":"","background-image":"","background-repeat":"repeat","background-position":"center center","background-size":"auto","background-attachment":"scroll","background-type":"","background-media":"","overlay-type":"","overlay-color":"","overlay-opacity":"","overlay-gradient":""}},"ast-content-background-meta":{"desktop":{"background-color":"var(--ast-global-color-5)","background-image":"","background-repeat":"repeat","background-position":"center center","background-size":"auto","background-attachment":"scroll","background-type":"","background-media":"","overlay-type":"","overlay-color":"","overlay-opacity":"","overlay-gradient":""},"tablet":{"background-color":"var(--ast-global-color-5)","background-image":"","background-repeat":"repeat","background-position":"center center","background-size":"auto","background-attachment":"scroll","background-type":"","background-media":"","overlay-type":"","overlay-color":"","overlay-opacity":"","overlay-gradient":""},"mobile":{"background-color":"var(--ast-global-color-5)","background-image":"","background-repeat":"repeat","background-position":"center center","background-size":"auto","background-attachment":"scroll","background-type":"","background-media":"","overlay-type":"","overlay-color":"","overlay-opacity":"","overlay-gradient":""}},"footnotes":""},"categories":[6],"tags":[],"class_list":["post-13617","post","type-post","status-publish","format-aside","has-post-thumbnail","hentry","category-sections","post_format-post-format-aside"],"yoast_head":"<!-- This site is optimized with the Yoast SEO plugin v27.5 - https:\/\/yoast.com\/product\/yoast-seo-wordpress\/ -->\n<title>R\u00e9gionaux : les photos de la Ligue - Janz\u00e9 Athl\u00e9tisme<\/title>\n<meta name=\"robots\" content=\"index, follow, max-snippet:-1, max-image-preview:large, max-video-preview:-1\" \/>\n<link rel=\"canonical\" href=\"https:\/\/janze-athletisme.fr\/wordpress\/regionaux-les-photos-de-la-ligue\/\" \/>\n<meta property=\"og:locale\" content=\"fr_FR\" \/>\n<meta property=\"og:type\" content=\"article\" \/>\n<meta property=\"og:title\" content=\"R\u00e9gionaux : les photos de la Ligue - Janz\u00e9 Athl\u00e9tisme\" \/>\n<meta property=\"og:description\" content=\"Championnats de Bretagne sur piste, 10\/11 juin, Vannes Pourquoi s&rsquo;affoler \u00e0 faire des photos \u00e0 Vannes, alors que l&rsquo;agence r\u00e9mun\u00e9r\u00e9e par la Ligue de Bretagne travaille si bien ? Son nom : Capture My Sport. La Ligue nous autorise \u00e0 les utiliser ici et sur les r\u00e9seaux sociaux en mentionnant bien la source. Merci \u00e0 [&hellip;]\" \/>\n<meta property=\"og:url\" content=\"https:\/\/janze-athletisme.fr\/wordpress\/regionaux-les-photos-de-la-ligue\/\" \/>\n<meta property=\"og:site_name\" content=\"Janz\u00e9 Athl\u00e9tisme\" \/>\n<meta property=\"article:publisher\" content=\"https:\/\/www.facebook.com\/groups\/1007964579346590\" \/>\n<meta property=\"article:published_time\" content=\"2023-06-13T16:13:27+00:00\" \/>\n<meta property=\"article:modified_time\" content=\"2023-06-13T16:19:43+00:00\" \/>\n<meta property=\"og:image\" content=\"https:\/\/janze-athletisme.fr\/wordpress\/wp-content\/uploads\/2023\/06\/CMS-Ewen-Huchet.jpg\" \/>\n\t<meta property=\"og:image:width\" content=\"1500\" \/>\n\t<meta property=\"og:image:height\" content=\"1000\" \/>\n\t<meta property=\"og:image:type\" content=\"image\/jpeg\" \/>\n<meta name=\"author\" content=\"Laurent Meunier\" \/>\n<meta name=\"twitter:card\" content=\"summary_large_image\" \/>\n<meta name=\"twitter:label1\" content=\"\u00c9crit par\" \/>\n\t<meta name=\"twitter:data1\" content=\"Laurent Meunier\" \/>\n\t<meta name=\"twitter:label2\" content=\"Dur\u00e9e de lecture estim\u00e9e\" \/>\n\t<meta name=\"twitter:data2\" content=\"6 minutes\" \/>\n<script type=\"application\/ld+json\" class=\"yoast-schema-graph\">{\"@context\":\"https:\\\/\\\/schema.org\",\"@graph\":[{\"@type\":\"Article\",\"@id\":\"https:\\\/\\\/janze-athletisme.fr\\\/wordpress\\\/regionaux-les-photos-de-la-ligue\\\/#article\",\"isPartOf\":{\"@id\":\"https:\\\/\\\/janze-athletisme.fr\\\/wordpress\\\/regionaux-les-photos-de-la-ligue\\\/\"},\"author\":{\"name\":\"Laurent Meunier\",\"@id\":\"https:\\\/\\\/janze-athletisme.fr\\\/wordpress\\\/#\\\/schema\\\/person\\\/c7b063dcfa6234c041d4d9b26cc2ea03\"},\"headline\":\"R\u00e9gionaux : les photos de la Ligue\",\"datePublished\":\"2023-06-13T16:13:27+00:00\",\"dateModified\":\"2023-06-13T16:19:43+00:00\",\"mainEntityOfPage\":{\"@id\":\"https:\\\/\\\/janze-athletisme.fr\\\/wordpress\\\/regionaux-les-photos-de-la-ligue\\\/\"},\"wordCount\":154,\"commentCount\":0,\"publisher\":{\"@id\":\"https:\\\/\\\/janze-athletisme.fr\\\/wordpress\\\/#organization\"},\"image\":{\"@id\":\"https:\\\/\\\/janze-athletisme.fr\\\/wordpress\\\/regionaux-les-photos-de-la-ligue\\\/#primaryimage\"},\"thumbnailUrl\":\"https:\\\/\\\/janze-athletisme.fr\\\/wordpress\\\/wp-content\\\/uploads\\\/2023\\\/06\\\/CMS-Ewen-Huchet.jpg\",\"articleSection\":[\"Le club au jour le jour\"],\"inLanguage\":\"fr-FR\",\"potentialAction\":[{\"@type\":\"CommentAction\",\"name\":\"Comment\",\"target\":[\"https:\\\/\\\/janze-athletisme.fr\\\/wordpress\\\/regionaux-les-photos-de-la-ligue\\\/#respond\"]}]},{\"@type\":\"WebPage\",\"@id\":\"https:\\\/\\\/janze-athletisme.fr\\\/wordpress\\\/regionaux-les-photos-de-la-ligue\\\/\",\"url\":\"https:\\\/\\\/janze-athletisme.fr\\\/wordpress\\\/regionaux-les-photos-de-la-ligue\\\/\",\"name\":\"R\u00e9gionaux : les photos de la Ligue - Janz\u00e9 Athl\u00e9tisme\",\"isPartOf\":{\"@id\":\"https:\\\/\\\/janze-athletisme.fr\\\/wordpress\\\/#website\"},\"primaryImageOfPage\":{\"@id\":\"https:\\\/\\\/janze-athletisme.fr\\\/wordpress\\\/regionaux-les-photos-de-la-ligue\\\/#primaryimage\"},\"image\":{\"@id\":\"https:\\\/\\\/janze-athletisme.fr\\\/wordpress\\\/regionaux-les-photos-de-la-ligue\\\/#primaryimage\"},\"thumbnailUrl\":\"https:\\\/\\\/janze-athletisme.fr\\\/wordpress\\\/wp-content\\\/uploads\\\/2023\\\/06\\\/CMS-Ewen-Huchet.jpg\",\"datePublished\":\"2023-06-13T16:13:27+00:00\",\"dateModified\":\"2023-06-13T16:19:43+00:00\",\"breadcrumb\":{\"@id\":\"https:\\\/\\\/janze-athletisme.fr\\\/wordpress\\\/regionaux-les-photos-de-la-ligue\\\/#breadcrumb\"},\"inLanguage\":\"fr-FR\",\"potentialAction\":[{\"@type\":\"ReadAction\",\"target\":[\"https:\\\/\\\/janze-athletisme.fr\\\/wordpress\\\/regionaux-les-photos-de-la-ligue\\\/\"]}]},{\"@type\":\"ImageObject\",\"inLanguage\":\"fr-FR\",\"@id\":\"https:\\\/\\\/janze-athletisme.fr\\\/wordpress\\\/regionaux-les-photos-de-la-ligue\\\/#primaryimage\",\"url\":\"https:\\\/\\\/janze-athletisme.fr\\\/wordpress\\\/wp-content\\\/uploads\\\/2023\\\/06\\\/CMS-Ewen-Huchet.jpg\",\"contentUrl\":\"https:\\\/\\\/janze-athletisme.fr\\\/wordpress\\\/wp-content\\\/uploads\\\/2023\\\/06\\\/CMS-Ewen-Huchet.jpg\",\"width\":1500,\"height\":1000},{\"@type\":\"BreadcrumbList\",\"@id\":\"https:\\\/\\\/janze-athletisme.fr\\\/wordpress\\\/regionaux-les-photos-de-la-ligue\\\/#breadcrumb\",\"itemListElement\":[{\"@type\":\"ListItem\",\"position\":1,\"name\":\"Accueil\",\"item\":\"https:\\\/\\\/janze-athletisme.fr\\\/wordpress\\\/\"},{\"@type\":\"ListItem\",\"position\":2,\"name\":\"R\u00e9gionaux : les photos de la Ligue\"}]},{\"@type\":\"WebSite\",\"@id\":\"https:\\\/\\\/janze-athletisme.fr\\\/wordpress\\\/#website\",\"url\":\"https:\\\/\\\/janze-athletisme.fr\\\/wordpress\\\/\",\"name\":\"Janz\u00e9 Athl\u00e9tisme\",\"description\":\"Pays de La Roche aux F\u00e9es\",\"publisher\":{\"@id\":\"https:\\\/\\\/janze-athletisme.fr\\\/wordpress\\\/#organization\"},\"potentialAction\":[{\"@type\":\"SearchAction\",\"target\":{\"@type\":\"EntryPoint\",\"urlTemplate\":\"https:\\\/\\\/janze-athletisme.fr\\\/wordpress\\\/?s={search_term_string}\"},\"query-input\":{\"@type\":\"PropertyValueSpecification\",\"valueRequired\":true,\"valueName\":\"search_term_string\"}}],\"inLanguage\":\"fr-FR\"},{\"@type\":\"Organization\",\"@id\":\"https:\\\/\\\/janze-athletisme.fr\\\/wordpress\\\/#organization\",\"name\":\"Janz\u00e9 Athl\u00e9tisme\",\"url\":\"https:\\\/\\\/janze-athletisme.fr\\\/wordpress\\\/\",\"logo\":{\"@type\":\"ImageObject\",\"inLanguage\":\"fr-FR\",\"@id\":\"https:\\\/\\\/janze-athletisme.fr\\\/wordpress\\\/#\\\/schema\\\/logo\\\/image\\\/\",\"url\":\"https:\\\/\\\/janze-athletisme.fr\\\/wordpress\\\/wp-content\\\/uploads\\\/2015\\\/03\\\/logo-full1.jpg\",\"contentUrl\":\"https:\\\/\\\/janze-athletisme.fr\\\/wordpress\\\/wp-content\\\/uploads\\\/2015\\\/03\\\/logo-full1.jpg\",\"width\":437,\"height\":205,\"caption\":\"Janz\u00e9 Athl\u00e9tisme\"},\"image\":{\"@id\":\"https:\\\/\\\/janze-athletisme.fr\\\/wordpress\\\/#\\\/schema\\\/logo\\\/image\\\/\"},\"sameAs\":[\"https:\\\/\\\/www.facebook.com\\\/groups\\\/1007964579346590\"]},{\"@type\":\"Person\",\"@id\":\"https:\\\/\\\/janze-athletisme.fr\\\/wordpress\\\/#\\\/schema\\\/person\\\/c7b063dcfa6234c041d4d9b26cc2ea03\",\"name\":\"Laurent Meunier\",\"image\":{\"@type\":\"ImageObject\",\"inLanguage\":\"fr-FR\",\"@id\":\"https:\\\/\\\/secure.gravatar.com\\\/avatar\\\/dd25d581ad7c3349090f2fa6a9adb6bfa287e6a5dd8a5216a092727cd8749034?s=96&d=mm&r=g\",\"url\":\"https:\\\/\\\/secure.gravatar.com\\\/avatar\\\/dd25d581ad7c3349090f2fa6a9adb6bfa287e6a5dd8a5216a092727cd8749034?s=96&d=mm&r=g\",\"contentUrl\":\"https:\\\/\\\/secure.gravatar.com\\\/avatar\\\/dd25d581ad7c3349090f2fa6a9adb6bfa287e6a5dd8a5216a092727cd8749034?s=96&d=mm&r=g\",\"caption\":\"Laurent Meunier\"},\"url\":\"https:\\\/\\\/janze-athletisme.fr\\\/wordpress\\\/author\\\/laurent-meunier35\\\/\"}]}<\/script>\n<!-- \/ Yoast SEO plugin. -->","yoast_head_json":{"title":"R\u00e9gionaux : les photos de la Ligue - Janz\u00e9 Athl\u00e9tisme","robots":{"index":"index","follow":"follow","max-snippet":"max-snippet:-1","max-image-preview":"max-image-preview:large","max-video-preview":"max-video-preview:-1"},"canonical":"https:\/\/janze-athletisme.fr\/wordpress\/regionaux-les-photos-de-la-ligue\/","og_locale":"fr_FR","og_type":"article","og_title":"R\u00e9gionaux : les photos de la Ligue - Janz\u00e9 Athl\u00e9tisme","og_description":"Championnats de Bretagne sur piste, 10\/11 juin, Vannes Pourquoi s&rsquo;affoler \u00e0 faire des photos \u00e0 Vannes, alors que l&rsquo;agence r\u00e9mun\u00e9r\u00e9e par la Ligue de Bretagne travaille si bien ? Son nom : Capture My Sport. La Ligue nous autorise \u00e0 les utiliser ici et sur les r\u00e9seaux sociaux en mentionnant bien la source. Merci \u00e0 [&hellip;]","og_url":"https:\/\/janze-athletisme.fr\/wordpress\/regionaux-les-photos-de-la-ligue\/","og_site_name":"Janz\u00e9 Athl\u00e9tisme","article_publisher":"https:\/\/www.facebook.com\/groups\/1007964579346590","article_published_time":"2023-06-13T16:13:27+00:00","article_modified_time":"2023-06-13T16:19:43+00:00","og_image":[{"width":1500,"height":1000,"url":"https:\/\/janze-athletisme.fr\/wordpress\/wp-content\/uploads\/2023\/06\/CMS-Ewen-Huchet.jpg","type":"image\/jpeg"}],"author":"Laurent Meunier","twitter_card":"summary_large_image","twitter_misc":{"\u00c9crit par":"Laurent Meunier","Dur\u00e9e de lecture estim\u00e9e":"6 minutes"},"schema":{"@context":"https:\/\/schema.org","@graph":[{"@type":"Article","@id":"https:\/\/janze-athletisme.fr\/wordpress\/regionaux-les-photos-de-la-ligue\/#article","isPartOf":{"@id":"https:\/\/janze-athletisme.fr\/wordpress\/regionaux-les-photos-de-la-ligue\/"},"author":{"name":"Laurent Meunier","@id":"https:\/\/janze-athletisme.fr\/wordpress\/#\/schema\/person\/c7b063dcfa6234c041d4d9b26cc2ea03"},"headline":"R\u00e9gionaux : les photos de la Ligue","datePublished":"2023-06-13T16:13:27+00:00","dateModified":"2023-06-13T16:19:43+00:00","mainEntityOfPage":{"@id":"https:\/\/janze-athletisme.fr\/wordpress\/regionaux-les-photos-de-la-ligue\/"},"wordCount":154,"commentCount":0,"publisher":{"@id":"https:\/\/janze-athletisme.fr\/wordpress\/#organization"},"image":{"@id":"https:\/\/janze-athletisme.fr\/wordpress\/regionaux-les-photos-de-la-ligue\/#primaryimage"},"thumbnailUrl":"https:\/\/janze-athletisme.fr\/wordpress\/wp-content\/uploads\/2023\/06\/CMS-Ewen-Huchet.jpg","articleSection":["Le club au jour le jour"],"inLanguage":"fr-FR","potentialAction":[{"@type":"CommentAction","name":"Comment","target":["https:\/\/janze-athletisme.fr\/wordpress\/regionaux-les-photos-de-la-ligue\/#respond"]}]},{"@type":"WebPage","@id":"https:\/\/janze-athletisme.fr\/wordpress\/regionaux-les-photos-de-la-ligue\/","url":"https:\/\/janze-athletisme.fr\/wordpress\/regionaux-les-photos-de-la-ligue\/","name":"R\u00e9gionaux : les photos de la Ligue - Janz\u00e9 Athl\u00e9tisme","isPartOf":{"@id":"https:\/\/janze-athletisme.fr\/wordpress\/#website"},"primaryImageOfPage":{"@id":"https:\/\/janze-athletisme.fr\/wordpress\/regionaux-les-photos-de-la-ligue\/#primaryimage"},"image":{"@id":"https:\/\/janze-athletisme.fr\/wordpress\/regionaux-les-photos-de-la-ligue\/#primaryimage"},"thumbnailUrl":"https:\/\/janze-athletisme.fr\/wordpress\/wp-content\/uploads\/2023\/06\/CMS-Ewen-Huchet.jpg","datePublished":"2023-06-13T16:13:27+00:00","dateModified":"2023-06-13T16:19:43+00:00","breadcrumb":{"@id":"https:\/\/janze-athletisme.fr\/wordpress\/regionaux-les-photos-de-la-ligue\/#breadcrumb"},"inLanguage":"fr-FR","potentialAction":[{"@type":"ReadAction","target":["https:\/\/janze-athletisme.fr\/wordpress\/regionaux-les-photos-de-la-ligue\/"]}]},{"@type":"ImageObject","inLanguage":"fr-FR","@id":"https:\/\/janze-athletisme.fr\/wordpress\/regionaux-les-photos-de-la-ligue\/#primaryimage","url":"https:\/\/janze-athletisme.fr\/wordpress\/wp-content\/uploads\/2023\/06\/CMS-Ewen-Huchet.jpg","contentUrl":"https:\/\/janze-athletisme.fr\/wordpress\/wp-content\/uploads\/2023\/06\/CMS-Ewen-Huchet.jpg","width":1500,"height":1000},{"@type":"BreadcrumbList","@id":"https:\/\/janze-athletisme.fr\/wordpress\/regionaux-les-photos-de-la-ligue\/#breadcrumb","itemListElement":[{"@type":"ListItem","position":1,"name":"Accueil","item":"https:\/\/janze-athletisme.fr\/wordpress\/"},{"@type":"ListItem","position":2,"name":"R\u00e9gionaux : les photos de la Ligue"}]},{"@type":"WebSite","@id":"https:\/\/janze-athletisme.fr\/wordpress\/#website","url":"https:\/\/janze-athletisme.fr\/wordpress\/","name":"Janz\u00e9 Athl\u00e9tisme","description":"Pays de La Roche aux F\u00e9es","publisher":{"@id":"https:\/\/janze-athletisme.fr\/wordpress\/#organization"},"potentialAction":[{"@type":"SearchAction","target":{"@type":"EntryPoint","urlTemplate":"https:\/\/janze-athletisme.fr\/wordpress\/?s={search_term_string}"},"query-input":{"@type":"PropertyValueSpecification","valueRequired":true,"valueName":"search_term_string"}}],"inLanguage":"fr-FR"},{"@type":"Organization","@id":"https:\/\/janze-athletisme.fr\/wordpress\/#organization","name":"Janz\u00e9 Athl\u00e9tisme","url":"https:\/\/janze-athletisme.fr\/wordpress\/","logo":{"@type":"ImageObject","inLanguage":"fr-FR","@id":"https:\/\/janze-athletisme.fr\/wordpress\/#\/schema\/logo\/image\/","url":"https:\/\/janze-athletisme.fr\/wordpress\/wp-content\/uploads\/2015\/03\/logo-full1.jpg","contentUrl":"https:\/\/janze-athletisme.fr\/wordpress\/wp-content\/uploads\/2015\/03\/logo-full1.jpg","width":437,"height":205,"caption":"Janz\u00e9 Athl\u00e9tisme"},"image":{"@id":"https:\/\/janze-athletisme.fr\/wordpress\/#\/schema\/logo\/image\/"},"sameAs":["https:\/\/www.facebook.com\/groups\/1007964579346590"]},{"@type":"Person","@id":"https:\/\/janze-athletisme.fr\/wordpress\/#\/schema\/person\/c7b063dcfa6234c041d4d9b26cc2ea03","name":"Laurent Meunier","image":{"@type":"ImageObject","inLanguage":"fr-FR","@id":"https:\/\/secure.gravatar.com\/avatar\/dd25d581ad7c3349090f2fa6a9adb6bfa287e6a5dd8a5216a092727cd8749034?s=96&d=mm&r=g","url":"https:\/\/secure.gravatar.com\/avatar\/dd25d581ad7c3349090f2fa6a9adb6bfa287e6a5dd8a5216a092727cd8749034?s=96&d=mm&r=g","contentUrl":"https:\/\/secure.gravatar.com\/avatar\/dd25d581ad7c3349090f2fa6a9adb6bfa287e6a5dd8a5216a092727cd8749034?s=96&d=mm&r=g","caption":"Laurent Meunier"},"url":"https:\/\/janze-athletisme.fr\/wordpress\/author\/laurent-meunier35\/"}]}},"uagb_featured_image_src":{"full":["https:\/\/janze-athletisme.fr\/wordpress\/wp-content\/uploads\/2023\/06\/CMS-Ewen-Huchet.jpg",1500,1000,false],"thumbnail":["https:\/\/janze-athletisme.fr\/wordpress\/wp-content\/uploads\/2023\/06\/CMS-Ewen-Huchet-150x150.jpg",150,150,true],"medium":["https:\/\/janze-athletisme.fr\/wordpress\/wp-content\/uploads\/2023\/06\/CMS-Ewen-Huchet-300x200.jpg",300,200,true],"medium_large":["https:\/\/janze-athletisme.fr\/wordpress\/wp-content\/uploads\/2023\/06\/CMS-Ewen-Huchet-768x512.jpg",768,512,true],"large":["https:\/\/janze-athletisme.fr\/wordpress\/wp-content\/uploads\/2023\/06\/CMS-Ewen-Huchet-1024x683.jpg",1024,683,true],"1536x1536":["https:\/\/janze-athletisme.fr\/wordpress\/wp-content\/uploads\/2023\/06\/CMS-Ewen-Huchet.jpg",1500,1000,false],"2048x2048":["https:\/\/janze-athletisme.fr\/wordpress\/wp-content\/uploads\/2023\/06\/CMS-Ewen-Huchet.jpg",1500,1000,false]},"uagb_author_info":{"display_name":"Laurent Meunier","author_link":"https:\/\/janze-athletisme.fr\/wordpress\/author\/laurent-meunier35\/"},"uagb_comment_info":0,"uagb_excerpt":"Championnats de Bretagne sur piste, 10\/11 juin, Vannes Pourquoi s&rsquo;affoler \u00e0 faire des photos \u00e0 Vannes, alors que l&rsquo;agence r\u00e9mun\u00e9r\u00e9e par la Ligue de Bretagne travaille si bien ? Son nom : Capture My Sport. La Ligue nous autorise \u00e0 les utiliser ici et sur les r\u00e9seaux sociaux en mentionnant bien la source. Merci \u00e0\u2026","_links":{"self":[{"href":"https:\/\/janze-athletisme.fr\/wordpress\/wp-json\/wp\/v2\/posts\/13617","targetHints":{"allow":["GET"]}}],"collection":[{"href":"https:\/\/janze-athletisme.fr\/wordpress\/wp-json\/wp\/v2\/posts"}],"about":[{"href":"https:\/\/janze-athletisme.fr\/wordpress\/wp-json\/wp\/v2\/types\/post"}],"author":[{"embeddable":true,"href":"https:\/\/janze-athletisme.fr\/wordpress\/wp-json\/wp\/v2\/users\/12"}],"replies":[{"embeddable":true,"href":"https:\/\/janze-athletisme.fr\/wordpress\/wp-json\/wp\/v2\/comments?post=13617"}],"version-history":[{"count":2,"href":"https:\/\/janze-athletisme.fr\/wordpress\/wp-json\/wp\/v2\/posts\/13617\/revisions"}],"predecessor-version":[{"id":13645,"href":"https:\/\/janze-athletisme.fr\/wordpress\/wp-json\/wp\/v2\/posts\/13617\/revisions\/13645"}],"wp:featuredmedia":[{"embeddable":true,"href":"https:\/\/janze-athletisme.fr\/wordpress\/wp-json\/wp\/v2\/media\/13627"}],"wp:attachment":[{"href":"https:\/\/janze-athletisme.fr\/wordpress\/wp-json\/wp\/v2\/media?parent=13617"}],"wp:term":[{"taxonomy":"category","embeddable":true,"href":"https:\/\/janze-athletisme.fr\/wordpress\/wp-json\/wp\/v2\/categories?post=13617"},{"taxonomy":"post_tag","embeddable":true,"href":"https:\/\/janze-athletisme.fr\/wordpress\/wp-json\/wp\/v2\/tags?post=13617"}],"curies":[{"name":"wp","href":"https:\/\/api.w.org\/{rel}","templated":true}]}}