{"id":13506,"date":"2023-06-08T11:37:30","date_gmt":"2023-06-08T09:37:30","guid":{"rendered":"https:\/\/janze-athletisme.fr\/wordpress\/?p=13506"},"modified":"2023-06-19T21:10:17","modified_gmt":"2023-06-19T19:10:17","slug":"bon-repos-sur-blavet-guerledan-un-trail-de-legende","status":"publish","type":"post","link":"https:\/\/janze-athletisme.fr\/wordpress\/bon-repos-sur-blavet-guerledan-un-trail-de-legende\/","title":{"rendered":"Bon Repos sur Blavet: Guerl\u00e9dan, un trail de l\u00e9gende !"},"content":{"rendered":"<h1 style=\"text-align: center;\"><span style=\"color: #800000; font-family: comic sans ms, sans-serif;\"><strong>Trail de Guerl\u00e9dan<\/strong><\/span><\/h1>\n<p>&nbsp;<\/p>\n<p><span style=\"color: #000000;\">Qu&rsquo;il est dur ce trail mais tellement beau, mythique et embl\u00e9matique de ce qu&rsquo;est le trail pour la Bretagne ! <strong>Emmanuelle<\/strong> y a go\u00fbt\u00e9 et a d\u00fb appr\u00e9ci\u00e9 de participer \u00e0 la L\u00e9gende, certes il est TRES exigeant, demande des qualit\u00e9s physiques et mentales hors normes mais pour notre championne, ce format de course est taill\u00e9 pour elle ! alors que son ch\u00e9rie brillait sur le bitume sur le marathon de Caen, Emmanuelle plus proche de la nature des fleurs et des petits oiseaux s&rsquo;est \u00e9vad\u00e9e avec bonheur sur le 65km histoire de bien appr\u00e9cier la balade champ\u00eatre !!! Bravo pour ta course championne, terminer c&rsquo;est d\u00e9j\u00e0 gagner. Quant \u00e0 l&rsquo;inusable <strong>Denis<\/strong>, le 36km lui a r\u00e9ussi avec une tr\u00e8s belle place au scratch et un \u00e9ni\u00e8me podium dans sa cat\u00e9gorie: le long, Denis il aime !!! respect champion&#8230;Place \u00e0 la r\u00e9cup\u00e9ration maintenant.<\/span><\/p>\n<p>&nbsp;<\/p>\n<table style=\"border-collapse: collapse; width: 100%;\">\n<tbody>\n<tr>\n<td style=\"width: 16.6667%; text-align: center;\"><strong><span style=\"color: #000000;\">Distance<\/span><\/strong><\/td>\n<td style=\"width: 16.6667%; text-align: center;\"><strong><span style=\"color: #000000;\">Classement<\/span><\/strong><\/td>\n<td style=\"width: 16.6667%; text-align: center;\"><strong><span style=\"color: #000000;\">Nom<\/span><\/strong><\/td>\n<td style=\"width: 16.6667%; text-align: center;\"><strong><span style=\"color: #000000;\">Temps<\/span><\/strong><\/td>\n<td style=\"width: 16.6667%; text-align: center;\"><strong><span style=\"color: #000000;\">Classement cat\u00e9gorie<\/span><\/strong><\/td>\n<td style=\"width: 16.6667%; text-align: center;\"><strong><span style=\"color: #000000;\">Classement femme<\/span><\/strong><\/td>\n<\/tr>\n<tr>\n<td style=\"width: 16.6667%; text-align: center;\"><span style=\"color: #000000;\">36km<br \/>\n<\/span><\/td>\n<td style=\"width: 16.6667%; text-align: center;\"><span style=\"color: #000000;\">155\/725<br \/>\n<\/span><\/td>\n<td style=\"width: 16.6667%; text-align: center;\"><span style=\"color: #000000;\">Denis Palussi\u00e8re<br \/>\n<\/span><\/td>\n<td style=\"width: 16.6667%; text-align: center;\"><span style=\"color: #000000;\">4h04&rsquo;48<br \/>\n<\/span><\/td>\n<td style=\"width: 16.6667%; text-align: center;\"><span style=\"color: #000000;\">3\u00e8me M4<br \/>\n<\/span><\/td>\n<td style=\"width: 16.6667%; text-align: center;\"><span style=\"color: #000000;\">&#8211;<br \/>\n<\/span><\/td>\n<\/tr>\n<tr>\n<td style=\"width: 16.6667%; text-align: center;\"><span style=\"color: #000000;\">65km<\/span><\/td>\n<td style=\"width: 16.6667%; text-align: center;\"><span style=\"color: #000000;\">570\/725<\/span><\/td>\n<td style=\"width: 16.6667%; text-align: center;\"><span style=\"color: #000000;\">Emmanuelle Clouet<\/span><\/td>\n<td style=\"width: 16.6667%; text-align: center;\"><span style=\"color: #000000;\">10h42&rsquo;01<\/span><\/td>\n<td style=\"width: 16.6667%; text-align: center;\"><span style=\"color: #000000;\">11\u00e8me SE<\/span><\/td>\n<td style=\"width: 16.6667%; text-align: center;\"><span style=\"color: #000000;\">36\/98<\/span><\/td>\n<\/tr>\n<\/tbody>\n<\/table>\n","protected":false},"excerpt":{"rendered":"<p>Trail de Guerl\u00e9dan &nbsp; Qu&rsquo;il est dur ce trail mais tellement beau, mythique et embl\u00e9matique de ce qu&rsquo;est le trail pour la Bretagne ! Emmanuelle y a go\u00fbt\u00e9 et a d\u00fb appr\u00e9ci\u00e9 de participer \u00e0 la L\u00e9gende, certes il est TRES exigeant, demande des qualit\u00e9s physiques et mentales hors normes mais pour notre championne, ce [&hellip;]<\/p>\n","protected":false},"author":8,"featured_media":13507,"comment_status":"open","ping_status":"open","sticky":false,"template":"","format":"aside","meta":{"_uag_custom_page_level_css":"","site-sidebar-layout":"default","site-content-layout":"default","ast-site-content-layout":"default","site-content-style":"default","site-sidebar-style":"default","ast-global-header-display":"","ast-banner-title-visibility":"","ast-main-header-display":"","ast-hfb-above-header-display":"","ast-hfb-below-header-display":"","ast-hfb-mobile-header-display":"","site-post-title":"","ast-breadcrumbs-content":"","ast-featured-img":"","footer-sml-layout":"","ast-disable-related-posts":"","theme-transparent-header-meta":"default","adv-header-id-meta":"","stick-header-meta":"","header-above-stick-meta":"","header-main-stick-meta":"","header-below-stick-meta":"","astra-migrate-meta-layouts":"default","ast-page-background-enabled":"default","ast-page-background-meta":{"desktop":{"background-color":"var(--ast-global-color-4)","background-image":"","background-repeat":"repeat","background-position":"center center","background-size":"auto","background-attachment":"scroll","background-type":"","background-media":"","overlay-type":"","overlay-color":"","overlay-opacity":"","overlay-gradient":""},"tablet":{"background-color":"","background-image":"","background-repeat":"repeat","background-position":"center center","background-size":"auto","background-attachment":"scroll","background-type":"","background-media":"","overlay-type":"","overlay-color":"","overlay-opacity":"","overlay-gradient":""},"mobile":{"background-color":"","background-image":"","background-repeat":"repeat","background-position":"center center","background-size":"auto","background-attachment":"scroll","background-type":"","background-media":"","overlay-type":"","overlay-color":"","overlay-opacity":"","overlay-gradient":""}},"ast-content-background-meta":{"desktop":{"background-color":"var(--ast-global-color-5)","background-image":"","background-repeat":"repeat","background-position":"center center","background-size":"auto","background-attachment":"scroll","background-type":"","background-media":"","overlay-type":"","overlay-color":"","overlay-opacity":"","overlay-gradient":""},"tablet":{"background-color":"var(--ast-global-color-5)","background-image":"","background-repeat":"repeat","background-position":"center center","background-size":"auto","background-attachment":"scroll","background-type":"","background-media":"","overlay-type":"","overlay-color":"","overlay-opacity":"","overlay-gradient":""},"mobile":{"background-color":"var(--ast-global-color-5)","background-image":"","background-repeat":"repeat","background-position":"center center","background-size":"auto","background-attachment":"scroll","background-type":"","background-media":"","overlay-type":"","overlay-color":"","overlay-opacity":"","overlay-gradient":""}},"footnotes":""},"categories":[6],"tags":[],"class_list":["post-13506","post","type-post","status-publish","format-aside","has-post-thumbnail","hentry","category-sections","post_format-post-format-aside"],"yoast_head":"<!-- This site is optimized with the Yoast SEO plugin v27.5 - https:\/\/yoast.com\/product\/yoast-seo-wordpress\/ -->\n<title>Bon Repos sur Blavet: Guerl\u00e9dan, un trail de l\u00e9gende ! - Janz\u00e9 Athl\u00e9tisme<\/title>\n<meta name=\"robots\" content=\"index, follow, max-snippet:-1, max-image-preview:large, max-video-preview:-1\" \/>\n<link rel=\"canonical\" href=\"https:\/\/janze-athletisme.fr\/wordpress\/bon-repos-sur-blavet-guerledan-un-trail-de-legende\/\" \/>\n<meta property=\"og:locale\" content=\"fr_FR\" \/>\n<meta property=\"og:type\" content=\"article\" \/>\n<meta property=\"og:title\" content=\"Bon Repos sur Blavet: Guerl\u00e9dan, un trail de l\u00e9gende ! - Janz\u00e9 Athl\u00e9tisme\" \/>\n<meta property=\"og:description\" content=\"Trail de Guerl\u00e9dan &nbsp; Qu&rsquo;il est dur ce trail mais tellement beau, mythique et embl\u00e9matique de ce qu&rsquo;est le trail pour la Bretagne ! Emmanuelle y a go\u00fbt\u00e9 et a d\u00fb appr\u00e9ci\u00e9 de participer \u00e0 la L\u00e9gende, certes il est TRES exigeant, demande des qualit\u00e9s physiques et mentales hors normes mais pour notre championne, ce [&hellip;]\" \/>\n<meta property=\"og:url\" content=\"https:\/\/janze-athletisme.fr\/wordpress\/bon-repos-sur-blavet-guerledan-un-trail-de-legende\/\" \/>\n<meta property=\"og:site_name\" content=\"Janz\u00e9 Athl\u00e9tisme\" \/>\n<meta property=\"article:publisher\" content=\"https:\/\/www.facebook.com\/groups\/1007964579346590\" \/>\n<meta property=\"article:published_time\" content=\"2023-06-08T09:37:30+00:00\" \/>\n<meta property=\"article:modified_time\" content=\"2023-06-19T19:10:17+00:00\" \/>\n<meta property=\"og:image\" content=\"https:\/\/janze-athletisme.fr\/wordpress\/wp-content\/uploads\/2023\/06\/Sans-titre-1.jpg\" \/>\n\t<meta property=\"og:image:width\" content=\"320\" \/>\n\t<meta property=\"og:image:height\" content=\"157\" \/>\n\t<meta property=\"og:image:type\" content=\"image\/jpeg\" \/>\n<meta name=\"author\" content=\"Jean-Marie Jouzel\" \/>\n<meta name=\"twitter:card\" content=\"summary_large_image\" \/>\n<meta name=\"twitter:label1\" content=\"\u00c9crit par\" \/>\n\t<meta name=\"twitter:data1\" content=\"Jean-Marie Jouzel\" \/>\n\t<meta name=\"twitter:label2\" content=\"Dur\u00e9e de lecture estim\u00e9e\" \/>\n\t<meta name=\"twitter:data2\" content=\"1 minute\" \/>\n<script type=\"application\/ld+json\" class=\"yoast-schema-graph\">{\"@context\":\"https:\\\/\\\/schema.org\",\"@graph\":[{\"@type\":\"Article\",\"@id\":\"https:\\\/\\\/janze-athletisme.fr\\\/wordpress\\\/bon-repos-sur-blavet-guerledan-un-trail-de-legende\\\/#article\",\"isPartOf\":{\"@id\":\"https:\\\/\\\/janze-athletisme.fr\\\/wordpress\\\/bon-repos-sur-blavet-guerledan-un-trail-de-legende\\\/\"},\"author\":{\"name\":\"Jean-Marie Jouzel\",\"@id\":\"https:\\\/\\\/janze-athletisme.fr\\\/wordpress\\\/#\\\/schema\\\/person\\\/e27efa3d49687b81c679eb0b5c4973e9\"},\"headline\":\"Bon Repos sur Blavet: Guerl\u00e9dan, un trail de l\u00e9gende !\",\"datePublished\":\"2023-06-08T09:37:30+00:00\",\"dateModified\":\"2023-06-19T19:10:17+00:00\",\"mainEntityOfPage\":{\"@id\":\"https:\\\/\\\/janze-athletisme.fr\\\/wordpress\\\/bon-repos-sur-blavet-guerledan-un-trail-de-legende\\\/\"},\"wordCount\":198,\"commentCount\":0,\"publisher\":{\"@id\":\"https:\\\/\\\/janze-athletisme.fr\\\/wordpress\\\/#organization\"},\"image\":{\"@id\":\"https:\\\/\\\/janze-athletisme.fr\\\/wordpress\\\/bon-repos-sur-blavet-guerledan-un-trail-de-legende\\\/#primaryimage\"},\"thumbnailUrl\":\"https:\\\/\\\/janze-athletisme.fr\\\/wordpress\\\/wp-content\\\/uploads\\\/2023\\\/06\\\/Sans-titre-1.jpg\",\"articleSection\":[\"Le club au jour le jour\"],\"inLanguage\":\"fr-FR\",\"potentialAction\":[{\"@type\":\"CommentAction\",\"name\":\"Comment\",\"target\":[\"https:\\\/\\\/janze-athletisme.fr\\\/wordpress\\\/bon-repos-sur-blavet-guerledan-un-trail-de-legende\\\/#respond\"]}]},{\"@type\":\"WebPage\",\"@id\":\"https:\\\/\\\/janze-athletisme.fr\\\/wordpress\\\/bon-repos-sur-blavet-guerledan-un-trail-de-legende\\\/\",\"url\":\"https:\\\/\\\/janze-athletisme.fr\\\/wordpress\\\/bon-repos-sur-blavet-guerledan-un-trail-de-legende\\\/\",\"name\":\"Bon Repos sur Blavet: Guerl\u00e9dan, un trail de l\u00e9gende ! - Janz\u00e9 Athl\u00e9tisme\",\"isPartOf\":{\"@id\":\"https:\\\/\\\/janze-athletisme.fr\\\/wordpress\\\/#website\"},\"primaryImageOfPage\":{\"@id\":\"https:\\\/\\\/janze-athletisme.fr\\\/wordpress\\\/bon-repos-sur-blavet-guerledan-un-trail-de-legende\\\/#primaryimage\"},\"image\":{\"@id\":\"https:\\\/\\\/janze-athletisme.fr\\\/wordpress\\\/bon-repos-sur-blavet-guerledan-un-trail-de-legende\\\/#primaryimage\"},\"thumbnailUrl\":\"https:\\\/\\\/janze-athletisme.fr\\\/wordpress\\\/wp-content\\\/uploads\\\/2023\\\/06\\\/Sans-titre-1.jpg\",\"datePublished\":\"2023-06-08T09:37:30+00:00\",\"dateModified\":\"2023-06-19T19:10:17+00:00\",\"breadcrumb\":{\"@id\":\"https:\\\/\\\/janze-athletisme.fr\\\/wordpress\\\/bon-repos-sur-blavet-guerledan-un-trail-de-legende\\\/#breadcrumb\"},\"inLanguage\":\"fr-FR\",\"potentialAction\":[{\"@type\":\"ReadAction\",\"target\":[\"https:\\\/\\\/janze-athletisme.fr\\\/wordpress\\\/bon-repos-sur-blavet-guerledan-un-trail-de-legende\\\/\"]}]},{\"@type\":\"ImageObject\",\"inLanguage\":\"fr-FR\",\"@id\":\"https:\\\/\\\/janze-athletisme.fr\\\/wordpress\\\/bon-repos-sur-blavet-guerledan-un-trail-de-legende\\\/#primaryimage\",\"url\":\"https:\\\/\\\/janze-athletisme.fr\\\/wordpress\\\/wp-content\\\/uploads\\\/2023\\\/06\\\/Sans-titre-1.jpg\",\"contentUrl\":\"https:\\\/\\\/janze-athletisme.fr\\\/wordpress\\\/wp-content\\\/uploads\\\/2023\\\/06\\\/Sans-titre-1.jpg\",\"width\":320,\"height\":157},{\"@type\":\"BreadcrumbList\",\"@id\":\"https:\\\/\\\/janze-athletisme.fr\\\/wordpress\\\/bon-repos-sur-blavet-guerledan-un-trail-de-legende\\\/#breadcrumb\",\"itemListElement\":[{\"@type\":\"ListItem\",\"position\":1,\"name\":\"Accueil\",\"item\":\"https:\\\/\\\/janze-athletisme.fr\\\/wordpress\\\/\"},{\"@type\":\"ListItem\",\"position\":2,\"name\":\"Bon Repos sur Blavet: Guerl\u00e9dan, un trail de l\u00e9gende !\"}]},{\"@type\":\"WebSite\",\"@id\":\"https:\\\/\\\/janze-athletisme.fr\\\/wordpress\\\/#website\",\"url\":\"https:\\\/\\\/janze-athletisme.fr\\\/wordpress\\\/\",\"name\":\"Janz\u00e9 Athl\u00e9tisme\",\"description\":\"Pays de La Roche aux F\u00e9es\",\"publisher\":{\"@id\":\"https:\\\/\\\/janze-athletisme.fr\\\/wordpress\\\/#organization\"},\"potentialAction\":[{\"@type\":\"SearchAction\",\"target\":{\"@type\":\"EntryPoint\",\"urlTemplate\":\"https:\\\/\\\/janze-athletisme.fr\\\/wordpress\\\/?s={search_term_string}\"},\"query-input\":{\"@type\":\"PropertyValueSpecification\",\"valueRequired\":true,\"valueName\":\"search_term_string\"}}],\"inLanguage\":\"fr-FR\"},{\"@type\":\"Organization\",\"@id\":\"https:\\\/\\\/janze-athletisme.fr\\\/wordpress\\\/#organization\",\"name\":\"Janz\u00e9 Athl\u00e9tisme\",\"url\":\"https:\\\/\\\/janze-athletisme.fr\\\/wordpress\\\/\",\"logo\":{\"@type\":\"ImageObject\",\"inLanguage\":\"fr-FR\",\"@id\":\"https:\\\/\\\/janze-athletisme.fr\\\/wordpress\\\/#\\\/schema\\\/logo\\\/image\\\/\",\"url\":\"https:\\\/\\\/janze-athletisme.fr\\\/wordpress\\\/wp-content\\\/uploads\\\/2015\\\/03\\\/logo-full1.jpg\",\"contentUrl\":\"https:\\\/\\\/janze-athletisme.fr\\\/wordpress\\\/wp-content\\\/uploads\\\/2015\\\/03\\\/logo-full1.jpg\",\"width\":437,\"height\":205,\"caption\":\"Janz\u00e9 Athl\u00e9tisme\"},\"image\":{\"@id\":\"https:\\\/\\\/janze-athletisme.fr\\\/wordpress\\\/#\\\/schema\\\/logo\\\/image\\\/\"},\"sameAs\":[\"https:\\\/\\\/www.facebook.com\\\/groups\\\/1007964579346590\"]},{\"@type\":\"Person\",\"@id\":\"https:\\\/\\\/janze-athletisme.fr\\\/wordpress\\\/#\\\/schema\\\/person\\\/e27efa3d49687b81c679eb0b5c4973e9\",\"name\":\"Jean-Marie Jouzel\",\"image\":{\"@type\":\"ImageObject\",\"inLanguage\":\"fr-FR\",\"@id\":\"https:\\\/\\\/secure.gravatar.com\\\/avatar\\\/6aaee532914ad5ae9d6b4c13c953c6689456493b17979b560cf8fd0c344930ab?s=96&d=mm&r=g\",\"url\":\"https:\\\/\\\/secure.gravatar.com\\\/avatar\\\/6aaee532914ad5ae9d6b4c13c953c6689456493b17979b560cf8fd0c344930ab?s=96&d=mm&r=g\",\"contentUrl\":\"https:\\\/\\\/secure.gravatar.com\\\/avatar\\\/6aaee532914ad5ae9d6b4c13c953c6689456493b17979b560cf8fd0c344930ab?s=96&d=mm&r=g\",\"caption\":\"Jean-Marie Jouzel\"},\"url\":\"https:\\\/\\\/janze-athletisme.fr\\\/wordpress\\\/author\\\/jmjouzel\\\/\"}]}<\/script>\n<!-- \/ Yoast SEO plugin. -->","yoast_head_json":{"title":"Bon Repos sur Blavet: Guerl\u00e9dan, un trail de l\u00e9gende ! - Janz\u00e9 Athl\u00e9tisme","robots":{"index":"index","follow":"follow","max-snippet":"max-snippet:-1","max-image-preview":"max-image-preview:large","max-video-preview":"max-video-preview:-1"},"canonical":"https:\/\/janze-athletisme.fr\/wordpress\/bon-repos-sur-blavet-guerledan-un-trail-de-legende\/","og_locale":"fr_FR","og_type":"article","og_title":"Bon Repos sur Blavet: Guerl\u00e9dan, un trail de l\u00e9gende ! - Janz\u00e9 Athl\u00e9tisme","og_description":"Trail de Guerl\u00e9dan &nbsp; Qu&rsquo;il est dur ce trail mais tellement beau, mythique et embl\u00e9matique de ce qu&rsquo;est le trail pour la Bretagne ! Emmanuelle y a go\u00fbt\u00e9 et a d\u00fb appr\u00e9ci\u00e9 de participer \u00e0 la L\u00e9gende, certes il est TRES exigeant, demande des qualit\u00e9s physiques et mentales hors normes mais pour notre championne, ce [&hellip;]","og_url":"https:\/\/janze-athletisme.fr\/wordpress\/bon-repos-sur-blavet-guerledan-un-trail-de-legende\/","og_site_name":"Janz\u00e9 Athl\u00e9tisme","article_publisher":"https:\/\/www.facebook.com\/groups\/1007964579346590","article_published_time":"2023-06-08T09:37:30+00:00","article_modified_time":"2023-06-19T19:10:17+00:00","og_image":[{"width":320,"height":157,"url":"https:\/\/janze-athletisme.fr\/wordpress\/wp-content\/uploads\/2023\/06\/Sans-titre-1.jpg","type":"image\/jpeg"}],"author":"Jean-Marie Jouzel","twitter_card":"summary_large_image","twitter_misc":{"\u00c9crit par":"Jean-Marie Jouzel","Dur\u00e9e de lecture estim\u00e9e":"1 minute"},"schema":{"@context":"https:\/\/schema.org","@graph":[{"@type":"Article","@id":"https:\/\/janze-athletisme.fr\/wordpress\/bon-repos-sur-blavet-guerledan-un-trail-de-legende\/#article","isPartOf":{"@id":"https:\/\/janze-athletisme.fr\/wordpress\/bon-repos-sur-blavet-guerledan-un-trail-de-legende\/"},"author":{"name":"Jean-Marie Jouzel","@id":"https:\/\/janze-athletisme.fr\/wordpress\/#\/schema\/person\/e27efa3d49687b81c679eb0b5c4973e9"},"headline":"Bon Repos sur Blavet: Guerl\u00e9dan, un trail de l\u00e9gende !","datePublished":"2023-06-08T09:37:30+00:00","dateModified":"2023-06-19T19:10:17+00:00","mainEntityOfPage":{"@id":"https:\/\/janze-athletisme.fr\/wordpress\/bon-repos-sur-blavet-guerledan-un-trail-de-legende\/"},"wordCount":198,"commentCount":0,"publisher":{"@id":"https:\/\/janze-athletisme.fr\/wordpress\/#organization"},"image":{"@id":"https:\/\/janze-athletisme.fr\/wordpress\/bon-repos-sur-blavet-guerledan-un-trail-de-legende\/#primaryimage"},"thumbnailUrl":"https:\/\/janze-athletisme.fr\/wordpress\/wp-content\/uploads\/2023\/06\/Sans-titre-1.jpg","articleSection":["Le club au jour le jour"],"inLanguage":"fr-FR","potentialAction":[{"@type":"CommentAction","name":"Comment","target":["https:\/\/janze-athletisme.fr\/wordpress\/bon-repos-sur-blavet-guerledan-un-trail-de-legende\/#respond"]}]},{"@type":"WebPage","@id":"https:\/\/janze-athletisme.fr\/wordpress\/bon-repos-sur-blavet-guerledan-un-trail-de-legende\/","url":"https:\/\/janze-athletisme.fr\/wordpress\/bon-repos-sur-blavet-guerledan-un-trail-de-legende\/","name":"Bon Repos sur Blavet: Guerl\u00e9dan, un trail de l\u00e9gende ! - Janz\u00e9 Athl\u00e9tisme","isPartOf":{"@id":"https:\/\/janze-athletisme.fr\/wordpress\/#website"},"primaryImageOfPage":{"@id":"https:\/\/janze-athletisme.fr\/wordpress\/bon-repos-sur-blavet-guerledan-un-trail-de-legende\/#primaryimage"},"image":{"@id":"https:\/\/janze-athletisme.fr\/wordpress\/bon-repos-sur-blavet-guerledan-un-trail-de-legende\/#primaryimage"},"thumbnailUrl":"https:\/\/janze-athletisme.fr\/wordpress\/wp-content\/uploads\/2023\/06\/Sans-titre-1.jpg","datePublished":"2023-06-08T09:37:30+00:00","dateModified":"2023-06-19T19:10:17+00:00","breadcrumb":{"@id":"https:\/\/janze-athletisme.fr\/wordpress\/bon-repos-sur-blavet-guerledan-un-trail-de-legende\/#breadcrumb"},"inLanguage":"fr-FR","potentialAction":[{"@type":"ReadAction","target":["https:\/\/janze-athletisme.fr\/wordpress\/bon-repos-sur-blavet-guerledan-un-trail-de-legende\/"]}]},{"@type":"ImageObject","inLanguage":"fr-FR","@id":"https:\/\/janze-athletisme.fr\/wordpress\/bon-repos-sur-blavet-guerledan-un-trail-de-legende\/#primaryimage","url":"https:\/\/janze-athletisme.fr\/wordpress\/wp-content\/uploads\/2023\/06\/Sans-titre-1.jpg","contentUrl":"https:\/\/janze-athletisme.fr\/wordpress\/wp-content\/uploads\/2023\/06\/Sans-titre-1.jpg","width":320,"height":157},{"@type":"BreadcrumbList","@id":"https:\/\/janze-athletisme.fr\/wordpress\/bon-repos-sur-blavet-guerledan-un-trail-de-legende\/#breadcrumb","itemListElement":[{"@type":"ListItem","position":1,"name":"Accueil","item":"https:\/\/janze-athletisme.fr\/wordpress\/"},{"@type":"ListItem","position":2,"name":"Bon Repos sur Blavet: Guerl\u00e9dan, un trail de l\u00e9gende !"}]},{"@type":"WebSite","@id":"https:\/\/janze-athletisme.fr\/wordpress\/#website","url":"https:\/\/janze-athletisme.fr\/wordpress\/","name":"Janz\u00e9 Athl\u00e9tisme","description":"Pays de La Roche aux F\u00e9es","publisher":{"@id":"https:\/\/janze-athletisme.fr\/wordpress\/#organization"},"potentialAction":[{"@type":"SearchAction","target":{"@type":"EntryPoint","urlTemplate":"https:\/\/janze-athletisme.fr\/wordpress\/?s={search_term_string}"},"query-input":{"@type":"PropertyValueSpecification","valueRequired":true,"valueName":"search_term_string"}}],"inLanguage":"fr-FR"},{"@type":"Organization","@id":"https:\/\/janze-athletisme.fr\/wordpress\/#organization","name":"Janz\u00e9 Athl\u00e9tisme","url":"https:\/\/janze-athletisme.fr\/wordpress\/","logo":{"@type":"ImageObject","inLanguage":"fr-FR","@id":"https:\/\/janze-athletisme.fr\/wordpress\/#\/schema\/logo\/image\/","url":"https:\/\/janze-athletisme.fr\/wordpress\/wp-content\/uploads\/2015\/03\/logo-full1.jpg","contentUrl":"https:\/\/janze-athletisme.fr\/wordpress\/wp-content\/uploads\/2015\/03\/logo-full1.jpg","width":437,"height":205,"caption":"Janz\u00e9 Athl\u00e9tisme"},"image":{"@id":"https:\/\/janze-athletisme.fr\/wordpress\/#\/schema\/logo\/image\/"},"sameAs":["https:\/\/www.facebook.com\/groups\/1007964579346590"]},{"@type":"Person","@id":"https:\/\/janze-athletisme.fr\/wordpress\/#\/schema\/person\/e27efa3d49687b81c679eb0b5c4973e9","name":"Jean-Marie Jouzel","image":{"@type":"ImageObject","inLanguage":"fr-FR","@id":"https:\/\/secure.gravatar.com\/avatar\/6aaee532914ad5ae9d6b4c13c953c6689456493b17979b560cf8fd0c344930ab?s=96&d=mm&r=g","url":"https:\/\/secure.gravatar.com\/avatar\/6aaee532914ad5ae9d6b4c13c953c6689456493b17979b560cf8fd0c344930ab?s=96&d=mm&r=g","contentUrl":"https:\/\/secure.gravatar.com\/avatar\/6aaee532914ad5ae9d6b4c13c953c6689456493b17979b560cf8fd0c344930ab?s=96&d=mm&r=g","caption":"Jean-Marie Jouzel"},"url":"https:\/\/janze-athletisme.fr\/wordpress\/author\/jmjouzel\/"}]}},"uagb_featured_image_src":{"full":["https:\/\/janze-athletisme.fr\/wordpress\/wp-content\/uploads\/2023\/06\/Sans-titre-1.jpg",320,157,false],"thumbnail":["https:\/\/janze-athletisme.fr\/wordpress\/wp-content\/uploads\/2023\/06\/Sans-titre-1-150x150.jpg",150,150,true],"medium":["https:\/\/janze-athletisme.fr\/wordpress\/wp-content\/uploads\/2023\/06\/Sans-titre-1-300x147.jpg",300,147,true],"medium_large":["https:\/\/janze-athletisme.fr\/wordpress\/wp-content\/uploads\/2023\/06\/Sans-titre-1.jpg",320,157,false],"large":["https:\/\/janze-athletisme.fr\/wordpress\/wp-content\/uploads\/2023\/06\/Sans-titre-1.jpg",320,157,false],"1536x1536":["https:\/\/janze-athletisme.fr\/wordpress\/wp-content\/uploads\/2023\/06\/Sans-titre-1.jpg",320,157,false],"2048x2048":["https:\/\/janze-athletisme.fr\/wordpress\/wp-content\/uploads\/2023\/06\/Sans-titre-1.jpg",320,157,false]},"uagb_author_info":{"display_name":"Jean-Marie Jouzel","author_link":"https:\/\/janze-athletisme.fr\/wordpress\/author\/jmjouzel\/"},"uagb_comment_info":0,"uagb_excerpt":"Trail de Guerl\u00e9dan &nbsp; Qu&rsquo;il est dur ce trail mais tellement beau, mythique et embl\u00e9matique de ce qu&rsquo;est le trail pour la Bretagne ! Emmanuelle y a go\u00fbt\u00e9 et a d\u00fb appr\u00e9ci\u00e9 de participer \u00e0 la L\u00e9gende, certes il est TRES exigeant, demande des qualit\u00e9s physiques et mentales hors normes mais pour notre championne, ce\u2026","_links":{"self":[{"href":"https:\/\/janze-athletisme.fr\/wordpress\/wp-json\/wp\/v2\/posts\/13506","targetHints":{"allow":["GET"]}}],"collection":[{"href":"https:\/\/janze-athletisme.fr\/wordpress\/wp-json\/wp\/v2\/posts"}],"about":[{"href":"https:\/\/janze-athletisme.fr\/wordpress\/wp-json\/wp\/v2\/types\/post"}],"author":[{"embeddable":true,"href":"https:\/\/janze-athletisme.fr\/wordpress\/wp-json\/wp\/v2\/users\/8"}],"replies":[{"embeddable":true,"href":"https:\/\/janze-athletisme.fr\/wordpress\/wp-json\/wp\/v2\/comments?post=13506"}],"version-history":[{"count":4,"href":"https:\/\/janze-athletisme.fr\/wordpress\/wp-json\/wp\/v2\/posts\/13506\/revisions"}],"predecessor-version":[{"id":13768,"href":"https:\/\/janze-athletisme.fr\/wordpress\/wp-json\/wp\/v2\/posts\/13506\/revisions\/13768"}],"wp:featuredmedia":[{"embeddable":true,"href":"https:\/\/janze-athletisme.fr\/wordpress\/wp-json\/wp\/v2\/media\/13507"}],"wp:attachment":[{"href":"https:\/\/janze-athletisme.fr\/wordpress\/wp-json\/wp\/v2\/media?parent=13506"}],"wp:term":[{"taxonomy":"category","embeddable":true,"href":"https:\/\/janze-athletisme.fr\/wordpress\/wp-json\/wp\/v2\/categories?post=13506"},{"taxonomy":"post_tag","embeddable":true,"href":"https:\/\/janze-athletisme.fr\/wordpress\/wp-json\/wp\/v2\/tags?post=13506"}],"curies":[{"name":"wp","href":"https:\/\/api.w.org\/{rel}","templated":true}]}}