{"id":13055,"date":"2023-05-25T10:33:32","date_gmt":"2023-05-25T08:33:32","guid":{"rendered":"https:\/\/janze-athletisme.fr\/wordpress\/?p=13055"},"modified":"2023-05-25T10:33:32","modified_gmt":"2023-05-25T08:33:32","slug":"chapelle-ste-anne-la-course-que-vous-allez-gagner","status":"publish","type":"post","link":"https:\/\/janze-athletisme.fr\/wordpress\/chapelle-ste-anne-la-course-que-vous-allez-gagner\/","title":{"rendered":"Chapelle Ste Anne: La course que vous allez gagner !"},"content":{"rendered":"<div class=\"entry-content clear\">\n<h1 style=\"text-align: center;\"><span style=\"color: #800000; font-family: comic sans ms, sans-serif;\"><strong>Les Illumin\u00e9s de St Anne<\/strong><\/span><\/h1>\n<p style=\"text-align: center;\">\n<h4 style=\"text-align: center;\"><span style=\"color: #003366;\">Vous connaissez tous cette chapelle\u00a0<\/span><\/h4>\n<h4 style=\"text-align: center;\"><span style=\"color: #003366;\">et ce parcours de 2,7km tout autant mythique !<\/span><\/h4>\n<h4 style=\"text-align: center;\"><span style=\"color: #003366;\">Ce sera bient\u00f4t l\u2019occasion de transformer votre terrain d\u2019entra\u00eenement en vraie course !<\/span><\/h4>\n<h1 style=\"text-align: center;\"><span style=\"font-family: comic sans ms, sans-serif; color: #800000;\"><strong>Des lots pour les premiers !!!<\/strong><\/span><\/h1>\n<p style=\"text-align: center;\">\n<h4 style=\"text-align: center;\"><strong><span style=\"color: #000080;\">RDV le<\/span><\/strong><\/h4>\n<h2 style=\"text-align: center;\"><strong><span style=\"color: #000080;\">samedi 3 juin 18h<\/span><\/strong><\/h2>\n<p style=\"text-align: center;\">\n<h4 style=\"text-align: center;\"><span style=\"color: #003366;\">\u00a0pour la deuxi\u00e8me \u00e9dition des Illumin\u00e9es de St Anne !<\/span><\/h4>\n<h4 style=\"text-align: center;\"><span style=\"color: #003366;\">en plus c\u2019est pour une bonne cause, on va tous courir pour Titouan qui sera pr\u00e9sent pour encourager les coureurs \u00e0 chaque mont\u00e9e de c\u00f4te.<\/span><\/h4>\n<h4 style=\"text-align: center;\"><span style=\"color: #003366;\">Ouvert aux marcheurs qui pourront \u00e9galement encourager les coureurs !<\/span><\/h4>\n<p style=\"text-align: center;\">\n<h2 style=\"text-align: center;\"><span style=\"color: #003366;\">Pour s\u2019inscrire (attention, limit\u00e9 \u00e0 250 coureurs !):<\/span><\/h2>\n<h2 style=\"text-align: center;\"><span style=\"color: #003366;\"><strong><a style=\"color: #003366;\" href=\"https:\/\/www.klikego.com\/inscrits\/les-illumines-de-sainte-anne-boucle-de-27-kms-il-ne-peut-en-rester-quun---2023\/1676341127375-1\"><span style=\"color: #800000;\">ICI<\/span><\/a><\/strong><\/span><\/h2>\n<\/div>\n","protected":false},"excerpt":{"rendered":"<p>Les Illumin\u00e9s de St Anne Vous connaissez tous cette chapelle\u00a0 et ce parcours de 2,7km tout autant mythique ! Ce sera bient\u00f4t l\u2019occasion de transformer votre terrain d\u2019entra\u00eenement en vraie course ! Des lots pour les premiers !!! RDV le samedi 3 juin 18h \u00a0pour la deuxi\u00e8me \u00e9dition des Illumin\u00e9es de St Anne ! en [&hellip;]<\/p>\n","protected":false},"author":8,"featured_media":13056,"comment_status":"open","ping_status":"open","sticky":false,"template":"","format":"aside","meta":{"_uag_custom_page_level_css":"","site-sidebar-layout":"default","site-content-layout":"default","ast-site-content-layout":"default","site-content-style":"default","site-sidebar-style":"default","ast-global-header-display":"","ast-banner-title-visibility":"","ast-main-header-display":"","ast-hfb-above-header-display":"","ast-hfb-below-header-display":"","ast-hfb-mobile-header-display":"","site-post-title":"","ast-breadcrumbs-content":"","ast-featured-img":"","footer-sml-layout":"","ast-disable-related-posts":"","theme-transparent-header-meta":"default","adv-header-id-meta":"","stick-header-meta":"","header-above-stick-meta":"","header-main-stick-meta":"","header-below-stick-meta":"","astra-migrate-meta-layouts":"default","ast-page-background-enabled":"default","ast-page-background-meta":{"desktop":{"background-color":"var(--ast-global-color-4)","background-image":"","background-repeat":"repeat","background-position":"center center","background-size":"auto","background-attachment":"scroll","background-type":"","background-media":"","overlay-type":"","overlay-color":"","overlay-opacity":"","overlay-gradient":""},"tablet":{"background-color":"","background-image":"","background-repeat":"repeat","background-position":"center center","background-size":"auto","background-attachment":"scroll","background-type":"","background-media":"","overlay-type":"","overlay-color":"","overlay-opacity":"","overlay-gradient":""},"mobile":{"background-color":"","background-image":"","background-repeat":"repeat","background-position":"center center","background-size":"auto","background-attachment":"scroll","background-type":"","background-media":"","overlay-type":"","overlay-color":"","overlay-opacity":"","overlay-gradient":""}},"ast-content-background-meta":{"desktop":{"background-color":"var(--ast-global-color-5)","background-image":"","background-repeat":"repeat","background-position":"center center","background-size":"auto","background-attachment":"scroll","background-type":"","background-media":"","overlay-type":"","overlay-color":"","overlay-opacity":"","overlay-gradient":""},"tablet":{"background-color":"var(--ast-global-color-5)","background-image":"","background-repeat":"repeat","background-position":"center center","background-size":"auto","background-attachment":"scroll","background-type":"","background-media":"","overlay-type":"","overlay-color":"","overlay-opacity":"","overlay-gradient":""},"mobile":{"background-color":"var(--ast-global-color-5)","background-image":"","background-repeat":"repeat","background-position":"center center","background-size":"auto","background-attachment":"scroll","background-type":"","background-media":"","overlay-type":"","overlay-color":"","overlay-opacity":"","overlay-gradient":""}},"footnotes":""},"categories":[6],"tags":[],"class_list":["post-13055","post","type-post","status-publish","format-aside","has-post-thumbnail","hentry","category-sections","post_format-post-format-aside"],"yoast_head":"<!-- This site is optimized with the Yoast SEO plugin v27.5 - https:\/\/yoast.com\/product\/yoast-seo-wordpress\/ -->\n<title>Chapelle Ste Anne: La course que vous allez gagner ! - Janz\u00e9 Athl\u00e9tisme<\/title>\n<meta name=\"robots\" content=\"index, follow, max-snippet:-1, max-image-preview:large, max-video-preview:-1\" \/>\n<link rel=\"canonical\" href=\"https:\/\/janze-athletisme.fr\/wordpress\/chapelle-ste-anne-la-course-que-vous-allez-gagner\/\" \/>\n<meta property=\"og:locale\" content=\"fr_FR\" \/>\n<meta property=\"og:type\" content=\"article\" \/>\n<meta property=\"og:title\" content=\"Chapelle Ste Anne: La course que vous allez gagner ! - Janz\u00e9 Athl\u00e9tisme\" \/>\n<meta property=\"og:description\" content=\"Les Illumin\u00e9s de St Anne Vous connaissez tous cette chapelle\u00a0 et ce parcours de 2,7km tout autant mythique ! Ce sera bient\u00f4t l\u2019occasion de transformer votre terrain d\u2019entra\u00eenement en vraie course ! Des lots pour les premiers !!! RDV le samedi 3 juin 18h \u00a0pour la deuxi\u00e8me \u00e9dition des Illumin\u00e9es de St Anne ! en [&hellip;]\" \/>\n<meta property=\"og:url\" content=\"https:\/\/janze-athletisme.fr\/wordpress\/chapelle-ste-anne-la-course-que-vous-allez-gagner\/\" \/>\n<meta property=\"og:site_name\" content=\"Janz\u00e9 Athl\u00e9tisme\" \/>\n<meta property=\"article:publisher\" content=\"https:\/\/www.facebook.com\/groups\/1007964579346590\" \/>\n<meta property=\"article:published_time\" content=\"2023-05-25T08:33:32+00:00\" \/>\n<meta property=\"og:image\" content=\"https:\/\/janze-athletisme.fr\/wordpress\/wp-content\/uploads\/2023\/05\/AFFICHE-V2.png\" \/>\n\t<meta property=\"og:image:width\" content=\"800\" \/>\n\t<meta property=\"og:image:height\" content=\"1131\" \/>\n\t<meta property=\"og:image:type\" content=\"image\/png\" \/>\n<meta name=\"author\" content=\"Jean-Marie Jouzel\" \/>\n<meta name=\"twitter:card\" content=\"summary_large_image\" \/>\n<meta name=\"twitter:label1\" content=\"\u00c9crit par\" \/>\n\t<meta name=\"twitter:data1\" content=\"Jean-Marie Jouzel\" \/>\n\t<meta name=\"twitter:label2\" content=\"Dur\u00e9e de lecture estim\u00e9e\" \/>\n\t<meta name=\"twitter:data2\" content=\"1 minute\" \/>\n<script type=\"application\/ld+json\" class=\"yoast-schema-graph\">{\"@context\":\"https:\\\/\\\/schema.org\",\"@graph\":[{\"@type\":\"Article\",\"@id\":\"https:\\\/\\\/janze-athletisme.fr\\\/wordpress\\\/chapelle-ste-anne-la-course-que-vous-allez-gagner\\\/#article\",\"isPartOf\":{\"@id\":\"https:\\\/\\\/janze-athletisme.fr\\\/wordpress\\\/chapelle-ste-anne-la-course-que-vous-allez-gagner\\\/\"},\"author\":{\"name\":\"Jean-Marie Jouzel\",\"@id\":\"https:\\\/\\\/janze-athletisme.fr\\\/wordpress\\\/#\\\/schema\\\/person\\\/e27efa3d49687b81c679eb0b5c4973e9\"},\"headline\":\"Chapelle Ste Anne: La course que vous allez gagner !\",\"datePublished\":\"2023-05-25T08:33:32+00:00\",\"mainEntityOfPage\":{\"@id\":\"https:\\\/\\\/janze-athletisme.fr\\\/wordpress\\\/chapelle-ste-anne-la-course-que-vous-allez-gagner\\\/\"},\"wordCount\":109,\"commentCount\":0,\"publisher\":{\"@id\":\"https:\\\/\\\/janze-athletisme.fr\\\/wordpress\\\/#organization\"},\"image\":{\"@id\":\"https:\\\/\\\/janze-athletisme.fr\\\/wordpress\\\/chapelle-ste-anne-la-course-que-vous-allez-gagner\\\/#primaryimage\"},\"thumbnailUrl\":\"https:\\\/\\\/janze-athletisme.fr\\\/wordpress\\\/wp-content\\\/uploads\\\/2023\\\/05\\\/AFFICHE-V2.png\",\"articleSection\":[\"Le club au jour le jour\"],\"inLanguage\":\"fr-FR\",\"potentialAction\":[{\"@type\":\"CommentAction\",\"name\":\"Comment\",\"target\":[\"https:\\\/\\\/janze-athletisme.fr\\\/wordpress\\\/chapelle-ste-anne-la-course-que-vous-allez-gagner\\\/#respond\"]}]},{\"@type\":\"WebPage\",\"@id\":\"https:\\\/\\\/janze-athletisme.fr\\\/wordpress\\\/chapelle-ste-anne-la-course-que-vous-allez-gagner\\\/\",\"url\":\"https:\\\/\\\/janze-athletisme.fr\\\/wordpress\\\/chapelle-ste-anne-la-course-que-vous-allez-gagner\\\/\",\"name\":\"Chapelle Ste Anne: La course que vous allez gagner ! - Janz\u00e9 Athl\u00e9tisme\",\"isPartOf\":{\"@id\":\"https:\\\/\\\/janze-athletisme.fr\\\/wordpress\\\/#website\"},\"primaryImageOfPage\":{\"@id\":\"https:\\\/\\\/janze-athletisme.fr\\\/wordpress\\\/chapelle-ste-anne-la-course-que-vous-allez-gagner\\\/#primaryimage\"},\"image\":{\"@id\":\"https:\\\/\\\/janze-athletisme.fr\\\/wordpress\\\/chapelle-ste-anne-la-course-que-vous-allez-gagner\\\/#primaryimage\"},\"thumbnailUrl\":\"https:\\\/\\\/janze-athletisme.fr\\\/wordpress\\\/wp-content\\\/uploads\\\/2023\\\/05\\\/AFFICHE-V2.png\",\"datePublished\":\"2023-05-25T08:33:32+00:00\",\"breadcrumb\":{\"@id\":\"https:\\\/\\\/janze-athletisme.fr\\\/wordpress\\\/chapelle-ste-anne-la-course-que-vous-allez-gagner\\\/#breadcrumb\"},\"inLanguage\":\"fr-FR\",\"potentialAction\":[{\"@type\":\"ReadAction\",\"target\":[\"https:\\\/\\\/janze-athletisme.fr\\\/wordpress\\\/chapelle-ste-anne-la-course-que-vous-allez-gagner\\\/\"]}]},{\"@type\":\"ImageObject\",\"inLanguage\":\"fr-FR\",\"@id\":\"https:\\\/\\\/janze-athletisme.fr\\\/wordpress\\\/chapelle-ste-anne-la-course-que-vous-allez-gagner\\\/#primaryimage\",\"url\":\"https:\\\/\\\/janze-athletisme.fr\\\/wordpress\\\/wp-content\\\/uploads\\\/2023\\\/05\\\/AFFICHE-V2.png\",\"contentUrl\":\"https:\\\/\\\/janze-athletisme.fr\\\/wordpress\\\/wp-content\\\/uploads\\\/2023\\\/05\\\/AFFICHE-V2.png\",\"width\":800,\"height\":1131},{\"@type\":\"BreadcrumbList\",\"@id\":\"https:\\\/\\\/janze-athletisme.fr\\\/wordpress\\\/chapelle-ste-anne-la-course-que-vous-allez-gagner\\\/#breadcrumb\",\"itemListElement\":[{\"@type\":\"ListItem\",\"position\":1,\"name\":\"Accueil\",\"item\":\"https:\\\/\\\/janze-athletisme.fr\\\/wordpress\\\/\"},{\"@type\":\"ListItem\",\"position\":2,\"name\":\"Chapelle Ste Anne: La course que vous allez gagner !\"}]},{\"@type\":\"WebSite\",\"@id\":\"https:\\\/\\\/janze-athletisme.fr\\\/wordpress\\\/#website\",\"url\":\"https:\\\/\\\/janze-athletisme.fr\\\/wordpress\\\/\",\"name\":\"Janz\u00e9 Athl\u00e9tisme\",\"description\":\"Pays de La Roche aux F\u00e9es\",\"publisher\":{\"@id\":\"https:\\\/\\\/janze-athletisme.fr\\\/wordpress\\\/#organization\"},\"potentialAction\":[{\"@type\":\"SearchAction\",\"target\":{\"@type\":\"EntryPoint\",\"urlTemplate\":\"https:\\\/\\\/janze-athletisme.fr\\\/wordpress\\\/?s={search_term_string}\"},\"query-input\":{\"@type\":\"PropertyValueSpecification\",\"valueRequired\":true,\"valueName\":\"search_term_string\"}}],\"inLanguage\":\"fr-FR\"},{\"@type\":\"Organization\",\"@id\":\"https:\\\/\\\/janze-athletisme.fr\\\/wordpress\\\/#organization\",\"name\":\"Janz\u00e9 Athl\u00e9tisme\",\"url\":\"https:\\\/\\\/janze-athletisme.fr\\\/wordpress\\\/\",\"logo\":{\"@type\":\"ImageObject\",\"inLanguage\":\"fr-FR\",\"@id\":\"https:\\\/\\\/janze-athletisme.fr\\\/wordpress\\\/#\\\/schema\\\/logo\\\/image\\\/\",\"url\":\"https:\\\/\\\/janze-athletisme.fr\\\/wordpress\\\/wp-content\\\/uploads\\\/2015\\\/03\\\/logo-full1.jpg\",\"contentUrl\":\"https:\\\/\\\/janze-athletisme.fr\\\/wordpress\\\/wp-content\\\/uploads\\\/2015\\\/03\\\/logo-full1.jpg\",\"width\":437,\"height\":205,\"caption\":\"Janz\u00e9 Athl\u00e9tisme\"},\"image\":{\"@id\":\"https:\\\/\\\/janze-athletisme.fr\\\/wordpress\\\/#\\\/schema\\\/logo\\\/image\\\/\"},\"sameAs\":[\"https:\\\/\\\/www.facebook.com\\\/groups\\\/1007964579346590\"]},{\"@type\":\"Person\",\"@id\":\"https:\\\/\\\/janze-athletisme.fr\\\/wordpress\\\/#\\\/schema\\\/person\\\/e27efa3d49687b81c679eb0b5c4973e9\",\"name\":\"Jean-Marie Jouzel\",\"image\":{\"@type\":\"ImageObject\",\"inLanguage\":\"fr-FR\",\"@id\":\"https:\\\/\\\/secure.gravatar.com\\\/avatar\\\/6aaee532914ad5ae9d6b4c13c953c6689456493b17979b560cf8fd0c344930ab?s=96&d=mm&r=g\",\"url\":\"https:\\\/\\\/secure.gravatar.com\\\/avatar\\\/6aaee532914ad5ae9d6b4c13c953c6689456493b17979b560cf8fd0c344930ab?s=96&d=mm&r=g\",\"contentUrl\":\"https:\\\/\\\/secure.gravatar.com\\\/avatar\\\/6aaee532914ad5ae9d6b4c13c953c6689456493b17979b560cf8fd0c344930ab?s=96&d=mm&r=g\",\"caption\":\"Jean-Marie Jouzel\"},\"url\":\"https:\\\/\\\/janze-athletisme.fr\\\/wordpress\\\/author\\\/jmjouzel\\\/\"}]}<\/script>\n<!-- \/ Yoast SEO plugin. -->","yoast_head_json":{"title":"Chapelle Ste Anne: La course que vous allez gagner ! - Janz\u00e9 Athl\u00e9tisme","robots":{"index":"index","follow":"follow","max-snippet":"max-snippet:-1","max-image-preview":"max-image-preview:large","max-video-preview":"max-video-preview:-1"},"canonical":"https:\/\/janze-athletisme.fr\/wordpress\/chapelle-ste-anne-la-course-que-vous-allez-gagner\/","og_locale":"fr_FR","og_type":"article","og_title":"Chapelle Ste Anne: La course que vous allez gagner ! - Janz\u00e9 Athl\u00e9tisme","og_description":"Les Illumin\u00e9s de St Anne Vous connaissez tous cette chapelle\u00a0 et ce parcours de 2,7km tout autant mythique ! Ce sera bient\u00f4t l\u2019occasion de transformer votre terrain d\u2019entra\u00eenement en vraie course ! Des lots pour les premiers !!! RDV le samedi 3 juin 18h \u00a0pour la deuxi\u00e8me \u00e9dition des Illumin\u00e9es de St Anne ! en [&hellip;]","og_url":"https:\/\/janze-athletisme.fr\/wordpress\/chapelle-ste-anne-la-course-que-vous-allez-gagner\/","og_site_name":"Janz\u00e9 Athl\u00e9tisme","article_publisher":"https:\/\/www.facebook.com\/groups\/1007964579346590","article_published_time":"2023-05-25T08:33:32+00:00","og_image":[{"width":800,"height":1131,"url":"https:\/\/janze-athletisme.fr\/wordpress\/wp-content\/uploads\/2023\/05\/AFFICHE-V2.png","type":"image\/png"}],"author":"Jean-Marie Jouzel","twitter_card":"summary_large_image","twitter_misc":{"\u00c9crit par":"Jean-Marie Jouzel","Dur\u00e9e de lecture estim\u00e9e":"1 minute"},"schema":{"@context":"https:\/\/schema.org","@graph":[{"@type":"Article","@id":"https:\/\/janze-athletisme.fr\/wordpress\/chapelle-ste-anne-la-course-que-vous-allez-gagner\/#article","isPartOf":{"@id":"https:\/\/janze-athletisme.fr\/wordpress\/chapelle-ste-anne-la-course-que-vous-allez-gagner\/"},"author":{"name":"Jean-Marie Jouzel","@id":"https:\/\/janze-athletisme.fr\/wordpress\/#\/schema\/person\/e27efa3d49687b81c679eb0b5c4973e9"},"headline":"Chapelle Ste Anne: La course que vous allez gagner !","datePublished":"2023-05-25T08:33:32+00:00","mainEntityOfPage":{"@id":"https:\/\/janze-athletisme.fr\/wordpress\/chapelle-ste-anne-la-course-que-vous-allez-gagner\/"},"wordCount":109,"commentCount":0,"publisher":{"@id":"https:\/\/janze-athletisme.fr\/wordpress\/#organization"},"image":{"@id":"https:\/\/janze-athletisme.fr\/wordpress\/chapelle-ste-anne-la-course-que-vous-allez-gagner\/#primaryimage"},"thumbnailUrl":"https:\/\/janze-athletisme.fr\/wordpress\/wp-content\/uploads\/2023\/05\/AFFICHE-V2.png","articleSection":["Le club au jour le jour"],"inLanguage":"fr-FR","potentialAction":[{"@type":"CommentAction","name":"Comment","target":["https:\/\/janze-athletisme.fr\/wordpress\/chapelle-ste-anne-la-course-que-vous-allez-gagner\/#respond"]}]},{"@type":"WebPage","@id":"https:\/\/janze-athletisme.fr\/wordpress\/chapelle-ste-anne-la-course-que-vous-allez-gagner\/","url":"https:\/\/janze-athletisme.fr\/wordpress\/chapelle-ste-anne-la-course-que-vous-allez-gagner\/","name":"Chapelle Ste Anne: La course que vous allez gagner ! - Janz\u00e9 Athl\u00e9tisme","isPartOf":{"@id":"https:\/\/janze-athletisme.fr\/wordpress\/#website"},"primaryImageOfPage":{"@id":"https:\/\/janze-athletisme.fr\/wordpress\/chapelle-ste-anne-la-course-que-vous-allez-gagner\/#primaryimage"},"image":{"@id":"https:\/\/janze-athletisme.fr\/wordpress\/chapelle-ste-anne-la-course-que-vous-allez-gagner\/#primaryimage"},"thumbnailUrl":"https:\/\/janze-athletisme.fr\/wordpress\/wp-content\/uploads\/2023\/05\/AFFICHE-V2.png","datePublished":"2023-05-25T08:33:32+00:00","breadcrumb":{"@id":"https:\/\/janze-athletisme.fr\/wordpress\/chapelle-ste-anne-la-course-que-vous-allez-gagner\/#breadcrumb"},"inLanguage":"fr-FR","potentialAction":[{"@type":"ReadAction","target":["https:\/\/janze-athletisme.fr\/wordpress\/chapelle-ste-anne-la-course-que-vous-allez-gagner\/"]}]},{"@type":"ImageObject","inLanguage":"fr-FR","@id":"https:\/\/janze-athletisme.fr\/wordpress\/chapelle-ste-anne-la-course-que-vous-allez-gagner\/#primaryimage","url":"https:\/\/janze-athletisme.fr\/wordpress\/wp-content\/uploads\/2023\/05\/AFFICHE-V2.png","contentUrl":"https:\/\/janze-athletisme.fr\/wordpress\/wp-content\/uploads\/2023\/05\/AFFICHE-V2.png","width":800,"height":1131},{"@type":"BreadcrumbList","@id":"https:\/\/janze-athletisme.fr\/wordpress\/chapelle-ste-anne-la-course-que-vous-allez-gagner\/#breadcrumb","itemListElement":[{"@type":"ListItem","position":1,"name":"Accueil","item":"https:\/\/janze-athletisme.fr\/wordpress\/"},{"@type":"ListItem","position":2,"name":"Chapelle Ste Anne: La course que vous allez gagner !"}]},{"@type":"WebSite","@id":"https:\/\/janze-athletisme.fr\/wordpress\/#website","url":"https:\/\/janze-athletisme.fr\/wordpress\/","name":"Janz\u00e9 Athl\u00e9tisme","description":"Pays de La Roche aux F\u00e9es","publisher":{"@id":"https:\/\/janze-athletisme.fr\/wordpress\/#organization"},"potentialAction":[{"@type":"SearchAction","target":{"@type":"EntryPoint","urlTemplate":"https:\/\/janze-athletisme.fr\/wordpress\/?s={search_term_string}"},"query-input":{"@type":"PropertyValueSpecification","valueRequired":true,"valueName":"search_term_string"}}],"inLanguage":"fr-FR"},{"@type":"Organization","@id":"https:\/\/janze-athletisme.fr\/wordpress\/#organization","name":"Janz\u00e9 Athl\u00e9tisme","url":"https:\/\/janze-athletisme.fr\/wordpress\/","logo":{"@type":"ImageObject","inLanguage":"fr-FR","@id":"https:\/\/janze-athletisme.fr\/wordpress\/#\/schema\/logo\/image\/","url":"https:\/\/janze-athletisme.fr\/wordpress\/wp-content\/uploads\/2015\/03\/logo-full1.jpg","contentUrl":"https:\/\/janze-athletisme.fr\/wordpress\/wp-content\/uploads\/2015\/03\/logo-full1.jpg","width":437,"height":205,"caption":"Janz\u00e9 Athl\u00e9tisme"},"image":{"@id":"https:\/\/janze-athletisme.fr\/wordpress\/#\/schema\/logo\/image\/"},"sameAs":["https:\/\/www.facebook.com\/groups\/1007964579346590"]},{"@type":"Person","@id":"https:\/\/janze-athletisme.fr\/wordpress\/#\/schema\/person\/e27efa3d49687b81c679eb0b5c4973e9","name":"Jean-Marie Jouzel","image":{"@type":"ImageObject","inLanguage":"fr-FR","@id":"https:\/\/secure.gravatar.com\/avatar\/6aaee532914ad5ae9d6b4c13c953c6689456493b17979b560cf8fd0c344930ab?s=96&d=mm&r=g","url":"https:\/\/secure.gravatar.com\/avatar\/6aaee532914ad5ae9d6b4c13c953c6689456493b17979b560cf8fd0c344930ab?s=96&d=mm&r=g","contentUrl":"https:\/\/secure.gravatar.com\/avatar\/6aaee532914ad5ae9d6b4c13c953c6689456493b17979b560cf8fd0c344930ab?s=96&d=mm&r=g","caption":"Jean-Marie Jouzel"},"url":"https:\/\/janze-athletisme.fr\/wordpress\/author\/jmjouzel\/"}]}},"uagb_featured_image_src":{"full":["https:\/\/janze-athletisme.fr\/wordpress\/wp-content\/uploads\/2023\/05\/AFFICHE-V2.png",800,1131,false],"thumbnail":["https:\/\/janze-athletisme.fr\/wordpress\/wp-content\/uploads\/2023\/05\/AFFICHE-V2-150x150.png",150,150,true],"medium":["https:\/\/janze-athletisme.fr\/wordpress\/wp-content\/uploads\/2023\/05\/AFFICHE-V2-212x300.png",212,300,true],"medium_large":["https:\/\/janze-athletisme.fr\/wordpress\/wp-content\/uploads\/2023\/05\/AFFICHE-V2-768x1086.png",768,1086,true],"large":["https:\/\/janze-athletisme.fr\/wordpress\/wp-content\/uploads\/2023\/05\/AFFICHE-V2-724x1024.png",724,1024,true],"1536x1536":["https:\/\/janze-athletisme.fr\/wordpress\/wp-content\/uploads\/2023\/05\/AFFICHE-V2.png",800,1131,false],"2048x2048":["https:\/\/janze-athletisme.fr\/wordpress\/wp-content\/uploads\/2023\/05\/AFFICHE-V2.png",800,1131,false]},"uagb_author_info":{"display_name":"Jean-Marie Jouzel","author_link":"https:\/\/janze-athletisme.fr\/wordpress\/author\/jmjouzel\/"},"uagb_comment_info":0,"uagb_excerpt":"Les Illumin\u00e9s de St Anne Vous connaissez tous cette chapelle\u00a0 et ce parcours de 2,7km tout autant mythique ! Ce sera bient\u00f4t l\u2019occasion de transformer votre terrain d\u2019entra\u00eenement en vraie course ! Des lots pour les premiers !!! RDV le samedi 3 juin 18h \u00a0pour la deuxi\u00e8me \u00e9dition des Illumin\u00e9es de St Anne ! en\u2026","_links":{"self":[{"href":"https:\/\/janze-athletisme.fr\/wordpress\/wp-json\/wp\/v2\/posts\/13055","targetHints":{"allow":["GET"]}}],"collection":[{"href":"https:\/\/janze-athletisme.fr\/wordpress\/wp-json\/wp\/v2\/posts"}],"about":[{"href":"https:\/\/janze-athletisme.fr\/wordpress\/wp-json\/wp\/v2\/types\/post"}],"author":[{"embeddable":true,"href":"https:\/\/janze-athletisme.fr\/wordpress\/wp-json\/wp\/v2\/users\/8"}],"replies":[{"embeddable":true,"href":"https:\/\/janze-athletisme.fr\/wordpress\/wp-json\/wp\/v2\/comments?post=13055"}],"version-history":[{"count":1,"href":"https:\/\/janze-athletisme.fr\/wordpress\/wp-json\/wp\/v2\/posts\/13055\/revisions"}],"predecessor-version":[{"id":13057,"href":"https:\/\/janze-athletisme.fr\/wordpress\/wp-json\/wp\/v2\/posts\/13055\/revisions\/13057"}],"wp:featuredmedia":[{"embeddable":true,"href":"https:\/\/janze-athletisme.fr\/wordpress\/wp-json\/wp\/v2\/media\/13056"}],"wp:attachment":[{"href":"https:\/\/janze-athletisme.fr\/wordpress\/wp-json\/wp\/v2\/media?parent=13055"}],"wp:term":[{"taxonomy":"category","embeddable":true,"href":"https:\/\/janze-athletisme.fr\/wordpress\/wp-json\/wp\/v2\/categories?post=13055"},{"taxonomy":"post_tag","embeddable":true,"href":"https:\/\/janze-athletisme.fr\/wordpress\/wp-json\/wp\/v2\/tags?post=13055"}],"curies":[{"name":"wp","href":"https:\/\/api.w.org\/{rel}","templated":true}]}}