{"id":10797,"date":"2022-11-21T16:50:57","date_gmt":"2022-11-21T15:50:57","guid":{"rendered":"https:\/\/janze-athletisme.fr\/wordpress\/?p=10797"},"modified":"2022-11-21T16:50:57","modified_gmt":"2022-11-21T15:50:57","slug":"les-eveils-en-deplacement-a-guichen","status":"publish","type":"post","link":"https:\/\/janze-athletisme.fr\/wordpress\/les-eveils-en-deplacement-a-guichen\/","title":{"rendered":"Les \u00c9veils en d\u00e9placement \u00e0 Guichen"},"content":{"rendered":"<p><strong>Rencontre de secteur &#8211; Cat\u00e9gorie \u00c9veils<\/strong><\/p>\n<p>19 \u00c9veils de janz\u00e9 Athl\u00e9 ont fait le d\u00e9placement \u00e0 Guichen samedi 19 novembre pour leur premi\u00e8re rencontre de secteur avec les enfants d&rsquo;autres clubs. Bonne ambiance, bonne organisation et occasion de s&rsquo;amuser collectivement tout en travaillant les fondamentaux (vitesse, coordination, \u00e9quilibre, endurance).<\/p>\n<p>Les \u00e9preuves au programme : \u00ab\u00a0formule 1\u00a0\u00bb \/ vitesse-agilit\u00e9 (salle), endurance 8&prime; (ext\u00e9rieur), lancer javelot pr\u00e9cision (salle), saut en croix (salle), lancer anneaux pr\u00e9cision (salle), saut de grenouille x 3 (salle), repos-questions (salle) + \u00e0 la fin un relais collectif (salle).<\/p>\n<p>Bravo les \u00c9veils, merci les parents accompagnateurs, et bravo\/merci \u00e0 l&rsquo;\u00e9quipe encadrante : Manon, Fabienne, Arnaud, Yannick.<\/p>\n<p><a href=\"https:\/\/janze-athletisme.fr\/wordpress\/wp-content\/uploads\/2022\/11\/1336.jpg\"><img loading=\"lazy\" decoding=\"async\" class=\"alignnone size-medium wp-image-10798\" src=\"https:\/\/janze-athletisme.fr\/wordpress\/wp-content\/uploads\/2022\/11\/1336-300x150.jpg\" alt=\"\" width=\"300\" height=\"150\" srcset=\"https:\/\/janze-athletisme.fr\/wordpress\/wp-content\/uploads\/2022\/11\/1336-300x150.jpg 300w, https:\/\/janze-athletisme.fr\/wordpress\/wp-content\/uploads\/2022\/11\/1336-1024x512.jpg 1024w, https:\/\/janze-athletisme.fr\/wordpress\/wp-content\/uploads\/2022\/11\/1336-768x384.jpg 768w, https:\/\/janze-athletisme.fr\/wordpress\/wp-content\/uploads\/2022\/11\/1336-1536x768.jpg 1536w, https:\/\/janze-athletisme.fr\/wordpress\/wp-content\/uploads\/2022\/11\/1336.jpg 1999w\" sizes=\"auto, (max-width: 300px) 100vw, 300px\" \/>\u00a0 <\/a><a href=\"https:\/\/janze-athletisme.fr\/wordpress\/wp-content\/uploads\/2022\/11\/1314.jpg\"><img loading=\"lazy\" decoding=\"async\" class=\"alignnone  wp-image-10799\" src=\"https:\/\/janze-athletisme.fr\/wordpress\/wp-content\/uploads\/2022\/11\/1314-300x264.jpg\" alt=\"\" width=\"169\" height=\"148\" srcset=\"https:\/\/janze-athletisme.fr\/wordpress\/wp-content\/uploads\/2022\/11\/1314-300x264.jpg 300w, https:\/\/janze-athletisme.fr\/wordpress\/wp-content\/uploads\/2022\/11\/1314-1024x902.jpg 1024w, https:\/\/janze-athletisme.fr\/wordpress\/wp-content\/uploads\/2022\/11\/1314-768x677.jpg 768w, https:\/\/janze-athletisme.fr\/wordpress\/wp-content\/uploads\/2022\/11\/1314.jpg 1135w\" sizes=\"auto, (max-width: 169px) 100vw, 169px\" \/>\u00a0 <\/a><a href=\"https:\/\/janze-athletisme.fr\/wordpress\/wp-content\/uploads\/2022\/11\/1321.jpg\"><img loading=\"lazy\" decoding=\"async\" class=\"alignnone  wp-image-10800\" src=\"https:\/\/janze-athletisme.fr\/wordpress\/wp-content\/uploads\/2022\/11\/1321-300x225.jpg\" alt=\"\" width=\"199\" height=\"149\" srcset=\"https:\/\/janze-athletisme.fr\/wordpress\/wp-content\/uploads\/2022\/11\/1321-300x225.jpg 300w, https:\/\/janze-athletisme.fr\/wordpress\/wp-content\/uploads\/2022\/11\/1321-1024x769.jpg 1024w, https:\/\/janze-athletisme.fr\/wordpress\/wp-content\/uploads\/2022\/11\/1321-768x577.jpg 768w, https:\/\/janze-athletisme.fr\/wordpress\/wp-content\/uploads\/2022\/11\/1321.jpg 1331w\" sizes=\"auto, (max-width: 199px) 100vw, 199px\" \/>\u00a0\u00a0<\/a><\/p>\n<p><a href=\"https:\/\/janze-athletisme.fr\/wordpress\/wp-content\/uploads\/2022\/11\/1322.jpg\"><img loading=\"lazy\" decoding=\"async\" class=\"alignnone  wp-image-10801\" src=\"https:\/\/janze-athletisme.fr\/wordpress\/wp-content\/uploads\/2022\/11\/1322-300x215.jpg\" alt=\"\" width=\"225\" height=\"161\" srcset=\"https:\/\/janze-athletisme.fr\/wordpress\/wp-content\/uploads\/2022\/11\/1322-300x215.jpg 300w, https:\/\/janze-athletisme.fr\/wordpress\/wp-content\/uploads\/2022\/11\/1322-1024x733.jpg 1024w, https:\/\/janze-athletisme.fr\/wordpress\/wp-content\/uploads\/2022\/11\/1322-768x550.jpg 768w, https:\/\/janze-athletisme.fr\/wordpress\/wp-content\/uploads\/2022\/11\/1322.jpg 1397w\" sizes=\"auto, (max-width: 225px) 100vw, 225px\" \/>\u00a0 <\/a><a href=\"https:\/\/janze-athletisme.fr\/wordpress\/wp-content\/uploads\/2022\/11\/1324.jpg\"><img loading=\"lazy\" decoding=\"async\" class=\"alignnone  wp-image-10802\" src=\"https:\/\/janze-athletisme.fr\/wordpress\/wp-content\/uploads\/2022\/11\/1324-300x226.jpg\" alt=\"\" width=\"215\" height=\"162\" srcset=\"https:\/\/janze-athletisme.fr\/wordpress\/wp-content\/uploads\/2022\/11\/1324-300x226.jpg 300w, https:\/\/janze-athletisme.fr\/wordpress\/wp-content\/uploads\/2022\/11\/1324-1024x771.jpg 1024w, https:\/\/janze-athletisme.fr\/wordpress\/wp-content\/uploads\/2022\/11\/1324-768x578.jpg 768w, https:\/\/janze-athletisme.fr\/wordpress\/wp-content\/uploads\/2022\/11\/1324.jpg 1328w\" sizes=\"auto, (max-width: 215px) 100vw, 215px\" \/>\u00a0 <\/a><a href=\"https:\/\/janze-athletisme.fr\/wordpress\/wp-content\/uploads\/2022\/11\/1327.jpg\"><img loading=\"lazy\" decoding=\"async\" class=\"alignnone  wp-image-10803\" src=\"https:\/\/janze-athletisme.fr\/wordpress\/wp-content\/uploads\/2022\/11\/1327-300x226.jpg\" alt=\"\" width=\"216\" height=\"163\" srcset=\"https:\/\/janze-athletisme.fr\/wordpress\/wp-content\/uploads\/2022\/11\/1327-300x226.jpg 300w, https:\/\/janze-athletisme.fr\/wordpress\/wp-content\/uploads\/2022\/11\/1327-1024x771.jpg 1024w, https:\/\/janze-athletisme.fr\/wordpress\/wp-content\/uploads\/2022\/11\/1327-768x578.jpg 768w, https:\/\/janze-athletisme.fr\/wordpress\/wp-content\/uploads\/2022\/11\/1327.jpg 1328w\" sizes=\"auto, (max-width: 216px) 100vw, 216px\" \/>\u00a0\u00a0<\/a><\/p>\n<p><a href=\"https:\/\/janze-athletisme.fr\/wordpress\/wp-content\/uploads\/2022\/11\/1305.jpg\"><img loading=\"lazy\" decoding=\"async\" class=\"alignnone  wp-image-10804\" src=\"https:\/\/janze-athletisme.fr\/wordpress\/wp-content\/uploads\/2022\/11\/1305-300x219.jpg\" alt=\"\" width=\"211\" height=\"154\" srcset=\"https:\/\/janze-athletisme.fr\/wordpress\/wp-content\/uploads\/2022\/11\/1305-300x219.jpg 300w, https:\/\/janze-athletisme.fr\/wordpress\/wp-content\/uploads\/2022\/11\/1305-1024x749.jpg 1024w, https:\/\/janze-athletisme.fr\/wordpress\/wp-content\/uploads\/2022\/11\/1305-768x562.jpg 768w, https:\/\/janze-athletisme.fr\/wordpress\/wp-content\/uploads\/2022\/11\/1305.jpg 1367w\" sizes=\"auto, (max-width: 211px) 100vw, 211px\" \/>\u00a0\u00a0<\/a><\/p>\n<p><span style=\"font-size: 10pt;\"><em>Pour agrandir les images, on clique dessus.<\/em><\/span><\/p>\n","protected":false},"excerpt":{"rendered":"<p>Rencontre de secteur &#8211; Cat\u00e9gorie \u00c9veils 19 \u00c9veils de janz\u00e9 Athl\u00e9 ont fait le d\u00e9placement \u00e0 Guichen samedi 19 novembre pour leur premi\u00e8re rencontre de secteur avec les enfants d&rsquo;autres clubs. Bonne ambiance, bonne organisation et occasion de s&rsquo;amuser collectivement tout en travaillant les fondamentaux (vitesse, coordination, \u00e9quilibre, endurance). Les \u00e9preuves au programme : \u00ab\u00a0formule [&hellip;]<\/p>\n","protected":false},"author":12,"featured_media":10798,"comment_status":"open","ping_status":"open","sticky":false,"template":"","format":"aside","meta":{"_uag_custom_page_level_css":"","site-sidebar-layout":"default","site-content-layout":"default","ast-site-content-layout":"default","site-content-style":"default","site-sidebar-style":"default","ast-global-header-display":"","ast-banner-title-visibility":"","ast-main-header-display":"","ast-hfb-above-header-display":"","ast-hfb-below-header-display":"","ast-hfb-mobile-header-display":"","site-post-title":"","ast-breadcrumbs-content":"","ast-featured-img":"","footer-sml-layout":"","ast-disable-related-posts":"","theme-transparent-header-meta":"default","adv-header-id-meta":"","stick-header-meta":"","header-above-stick-meta":"","header-main-stick-meta":"","header-below-stick-meta":"","astra-migrate-meta-layouts":"default","ast-page-background-enabled":"default","ast-page-background-meta":{"desktop":{"background-color":"var(--ast-global-color-4)","background-image":"","background-repeat":"repeat","background-position":"center center","background-size":"auto","background-attachment":"scroll","background-type":"","background-media":"","overlay-type":"","overlay-color":"","overlay-opacity":"","overlay-gradient":""},"tablet":{"background-color":"","background-image":"","background-repeat":"repeat","background-position":"center center","background-size":"auto","background-attachment":"scroll","background-type":"","background-media":"","overlay-type":"","overlay-color":"","overlay-opacity":"","overlay-gradient":""},"mobile":{"background-color":"","background-image":"","background-repeat":"repeat","background-position":"center center","background-size":"auto","background-attachment":"scroll","background-type":"","background-media":"","overlay-type":"","overlay-color":"","overlay-opacity":"","overlay-gradient":""}},"ast-content-background-meta":{"desktop":{"background-color":"var(--ast-global-color-5)","background-image":"","background-repeat":"repeat","background-position":"center center","background-size":"auto","background-attachment":"scroll","background-type":"","background-media":"","overlay-type":"","overlay-color":"","overlay-opacity":"","overlay-gradient":""},"tablet":{"background-color":"var(--ast-global-color-5)","background-image":"","background-repeat":"repeat","background-position":"center center","background-size":"auto","background-attachment":"scroll","background-type":"","background-media":"","overlay-type":"","overlay-color":"","overlay-opacity":"","overlay-gradient":""},"mobile":{"background-color":"var(--ast-global-color-5)","background-image":"","background-repeat":"repeat","background-position":"center center","background-size":"auto","background-attachment":"scroll","background-type":"","background-media":"","overlay-type":"","overlay-color":"","overlay-opacity":"","overlay-gradient":""}},"footnotes":""},"categories":[6],"tags":[],"class_list":["post-10797","post","type-post","status-publish","format-aside","has-post-thumbnail","hentry","category-sections","post_format-post-format-aside"],"yoast_head":"<!-- This site is optimized with the Yoast SEO plugin v27.4 - https:\/\/yoast.com\/product\/yoast-seo-wordpress\/ -->\n<title>Les \u00c9veils en d\u00e9placement \u00e0 Guichen - Janz\u00e9 Athl\u00e9tisme<\/title>\n<meta name=\"robots\" content=\"index, follow, max-snippet:-1, max-image-preview:large, max-video-preview:-1\" \/>\n<link rel=\"canonical\" href=\"https:\/\/janze-athletisme.fr\/wordpress\/les-eveils-en-deplacement-a-guichen\/\" \/>\n<meta property=\"og:locale\" content=\"fr_FR\" \/>\n<meta property=\"og:type\" content=\"article\" \/>\n<meta property=\"og:title\" content=\"Les \u00c9veils en d\u00e9placement \u00e0 Guichen - Janz\u00e9 Athl\u00e9tisme\" \/>\n<meta property=\"og:description\" content=\"Rencontre de secteur &#8211; Cat\u00e9gorie \u00c9veils 19 \u00c9veils de janz\u00e9 Athl\u00e9 ont fait le d\u00e9placement \u00e0 Guichen samedi 19 novembre pour leur premi\u00e8re rencontre de secteur avec les enfants d&rsquo;autres clubs. Bonne ambiance, bonne organisation et occasion de s&rsquo;amuser collectivement tout en travaillant les fondamentaux (vitesse, coordination, \u00e9quilibre, endurance). Les \u00e9preuves au programme : \u00ab\u00a0formule [&hellip;]\" \/>\n<meta property=\"og:url\" content=\"https:\/\/janze-athletisme.fr\/wordpress\/les-eveils-en-deplacement-a-guichen\/\" \/>\n<meta property=\"og:site_name\" content=\"Janz\u00e9 Athl\u00e9tisme\" \/>\n<meta property=\"article:publisher\" content=\"https:\/\/www.facebook.com\/groups\/1007964579346590\" \/>\n<meta property=\"article:published_time\" content=\"2022-11-21T15:50:57+00:00\" \/>\n<meta property=\"og:image\" content=\"https:\/\/janze-athletisme.fr\/wordpress\/wp-content\/uploads\/2022\/11\/1336.jpg\" \/>\n\t<meta property=\"og:image:width\" content=\"1999\" \/>\n\t<meta property=\"og:image:height\" content=\"1000\" \/>\n\t<meta property=\"og:image:type\" content=\"image\/jpeg\" \/>\n<meta name=\"author\" content=\"Laurent Meunier\" \/>\n<meta name=\"twitter:card\" content=\"summary_large_image\" \/>\n<meta name=\"twitter:label1\" content=\"\u00c9crit par\" \/>\n\t<meta name=\"twitter:data1\" content=\"Laurent Meunier\" \/>\n\t<meta name=\"twitter:label2\" content=\"Dur\u00e9e de lecture estim\u00e9e\" \/>\n\t<meta name=\"twitter:data2\" content=\"2 minutes\" \/>\n<script type=\"application\/ld+json\" class=\"yoast-schema-graph\">{\"@context\":\"https:\\\/\\\/schema.org\",\"@graph\":[{\"@type\":\"Article\",\"@id\":\"https:\\\/\\\/janze-athletisme.fr\\\/wordpress\\\/les-eveils-en-deplacement-a-guichen\\\/#article\",\"isPartOf\":{\"@id\":\"https:\\\/\\\/janze-athletisme.fr\\\/wordpress\\\/les-eveils-en-deplacement-a-guichen\\\/\"},\"author\":{\"name\":\"Laurent Meunier\",\"@id\":\"https:\\\/\\\/janze-athletisme.fr\\\/wordpress\\\/#\\\/schema\\\/person\\\/c7b063dcfa6234c041d4d9b26cc2ea03\"},\"headline\":\"Les \u00c9veils en d\u00e9placement \u00e0 Guichen\",\"datePublished\":\"2022-11-21T15:50:57+00:00\",\"mainEntityOfPage\":{\"@id\":\"https:\\\/\\\/janze-athletisme.fr\\\/wordpress\\\/les-eveils-en-deplacement-a-guichen\\\/\"},\"wordCount\":118,\"commentCount\":0,\"publisher\":{\"@id\":\"https:\\\/\\\/janze-athletisme.fr\\\/wordpress\\\/#organization\"},\"image\":{\"@id\":\"https:\\\/\\\/janze-athletisme.fr\\\/wordpress\\\/les-eveils-en-deplacement-a-guichen\\\/#primaryimage\"},\"thumbnailUrl\":\"https:\\\/\\\/janze-athletisme.fr\\\/wordpress\\\/wp-content\\\/uploads\\\/2022\\\/11\\\/1336.jpg\",\"articleSection\":[\"Le club au jour le jour\"],\"inLanguage\":\"fr-FR\",\"potentialAction\":[{\"@type\":\"CommentAction\",\"name\":\"Comment\",\"target\":[\"https:\\\/\\\/janze-athletisme.fr\\\/wordpress\\\/les-eveils-en-deplacement-a-guichen\\\/#respond\"]}]},{\"@type\":\"WebPage\",\"@id\":\"https:\\\/\\\/janze-athletisme.fr\\\/wordpress\\\/les-eveils-en-deplacement-a-guichen\\\/\",\"url\":\"https:\\\/\\\/janze-athletisme.fr\\\/wordpress\\\/les-eveils-en-deplacement-a-guichen\\\/\",\"name\":\"Les \u00c9veils en d\u00e9placement \u00e0 Guichen - Janz\u00e9 Athl\u00e9tisme\",\"isPartOf\":{\"@id\":\"https:\\\/\\\/janze-athletisme.fr\\\/wordpress\\\/#website\"},\"primaryImageOfPage\":{\"@id\":\"https:\\\/\\\/janze-athletisme.fr\\\/wordpress\\\/les-eveils-en-deplacement-a-guichen\\\/#primaryimage\"},\"image\":{\"@id\":\"https:\\\/\\\/janze-athletisme.fr\\\/wordpress\\\/les-eveils-en-deplacement-a-guichen\\\/#primaryimage\"},\"thumbnailUrl\":\"https:\\\/\\\/janze-athletisme.fr\\\/wordpress\\\/wp-content\\\/uploads\\\/2022\\\/11\\\/1336.jpg\",\"datePublished\":\"2022-11-21T15:50:57+00:00\",\"breadcrumb\":{\"@id\":\"https:\\\/\\\/janze-athletisme.fr\\\/wordpress\\\/les-eveils-en-deplacement-a-guichen\\\/#breadcrumb\"},\"inLanguage\":\"fr-FR\",\"potentialAction\":[{\"@type\":\"ReadAction\",\"target\":[\"https:\\\/\\\/janze-athletisme.fr\\\/wordpress\\\/les-eveils-en-deplacement-a-guichen\\\/\"]}]},{\"@type\":\"ImageObject\",\"inLanguage\":\"fr-FR\",\"@id\":\"https:\\\/\\\/janze-athletisme.fr\\\/wordpress\\\/les-eveils-en-deplacement-a-guichen\\\/#primaryimage\",\"url\":\"https:\\\/\\\/janze-athletisme.fr\\\/wordpress\\\/wp-content\\\/uploads\\\/2022\\\/11\\\/1336.jpg\",\"contentUrl\":\"https:\\\/\\\/janze-athletisme.fr\\\/wordpress\\\/wp-content\\\/uploads\\\/2022\\\/11\\\/1336.jpg\",\"width\":1999,\"height\":1000},{\"@type\":\"BreadcrumbList\",\"@id\":\"https:\\\/\\\/janze-athletisme.fr\\\/wordpress\\\/les-eveils-en-deplacement-a-guichen\\\/#breadcrumb\",\"itemListElement\":[{\"@type\":\"ListItem\",\"position\":1,\"name\":\"Accueil\",\"item\":\"https:\\\/\\\/janze-athletisme.fr\\\/wordpress\\\/\"},{\"@type\":\"ListItem\",\"position\":2,\"name\":\"Les \u00c9veils en d\u00e9placement \u00e0 Guichen\"}]},{\"@type\":\"WebSite\",\"@id\":\"https:\\\/\\\/janze-athletisme.fr\\\/wordpress\\\/#website\",\"url\":\"https:\\\/\\\/janze-athletisme.fr\\\/wordpress\\\/\",\"name\":\"Janz\u00e9 Athl\u00e9tisme\",\"description\":\"Pays de La Roche aux F\u00e9es\",\"publisher\":{\"@id\":\"https:\\\/\\\/janze-athletisme.fr\\\/wordpress\\\/#organization\"},\"potentialAction\":[{\"@type\":\"SearchAction\",\"target\":{\"@type\":\"EntryPoint\",\"urlTemplate\":\"https:\\\/\\\/janze-athletisme.fr\\\/wordpress\\\/?s={search_term_string}\"},\"query-input\":{\"@type\":\"PropertyValueSpecification\",\"valueRequired\":true,\"valueName\":\"search_term_string\"}}],\"inLanguage\":\"fr-FR\"},{\"@type\":\"Organization\",\"@id\":\"https:\\\/\\\/janze-athletisme.fr\\\/wordpress\\\/#organization\",\"name\":\"Janz\u00e9 Athl\u00e9tisme\",\"url\":\"https:\\\/\\\/janze-athletisme.fr\\\/wordpress\\\/\",\"logo\":{\"@type\":\"ImageObject\",\"inLanguage\":\"fr-FR\",\"@id\":\"https:\\\/\\\/janze-athletisme.fr\\\/wordpress\\\/#\\\/schema\\\/logo\\\/image\\\/\",\"url\":\"https:\\\/\\\/janze-athletisme.fr\\\/wordpress\\\/wp-content\\\/uploads\\\/2015\\\/03\\\/logo-full1.jpg\",\"contentUrl\":\"https:\\\/\\\/janze-athletisme.fr\\\/wordpress\\\/wp-content\\\/uploads\\\/2015\\\/03\\\/logo-full1.jpg\",\"width\":437,\"height\":205,\"caption\":\"Janz\u00e9 Athl\u00e9tisme\"},\"image\":{\"@id\":\"https:\\\/\\\/janze-athletisme.fr\\\/wordpress\\\/#\\\/schema\\\/logo\\\/image\\\/\"},\"sameAs\":[\"https:\\\/\\\/www.facebook.com\\\/groups\\\/1007964579346590\"]},{\"@type\":\"Person\",\"@id\":\"https:\\\/\\\/janze-athletisme.fr\\\/wordpress\\\/#\\\/schema\\\/person\\\/c7b063dcfa6234c041d4d9b26cc2ea03\",\"name\":\"Laurent Meunier\",\"image\":{\"@type\":\"ImageObject\",\"inLanguage\":\"fr-FR\",\"@id\":\"https:\\\/\\\/secure.gravatar.com\\\/avatar\\\/dd25d581ad7c3349090f2fa6a9adb6bfa287e6a5dd8a5216a092727cd8749034?s=96&d=mm&r=g\",\"url\":\"https:\\\/\\\/secure.gravatar.com\\\/avatar\\\/dd25d581ad7c3349090f2fa6a9adb6bfa287e6a5dd8a5216a092727cd8749034?s=96&d=mm&r=g\",\"contentUrl\":\"https:\\\/\\\/secure.gravatar.com\\\/avatar\\\/dd25d581ad7c3349090f2fa6a9adb6bfa287e6a5dd8a5216a092727cd8749034?s=96&d=mm&r=g\",\"caption\":\"Laurent Meunier\"},\"url\":\"https:\\\/\\\/janze-athletisme.fr\\\/wordpress\\\/author\\\/laurent-meunier35\\\/\"}]}<\/script>\n<!-- \/ Yoast SEO plugin. -->","yoast_head_json":{"title":"Les \u00c9veils en d\u00e9placement \u00e0 Guichen - Janz\u00e9 Athl\u00e9tisme","robots":{"index":"index","follow":"follow","max-snippet":"max-snippet:-1","max-image-preview":"max-image-preview:large","max-video-preview":"max-video-preview:-1"},"canonical":"https:\/\/janze-athletisme.fr\/wordpress\/les-eveils-en-deplacement-a-guichen\/","og_locale":"fr_FR","og_type":"article","og_title":"Les \u00c9veils en d\u00e9placement \u00e0 Guichen - Janz\u00e9 Athl\u00e9tisme","og_description":"Rencontre de secteur &#8211; Cat\u00e9gorie \u00c9veils 19 \u00c9veils de janz\u00e9 Athl\u00e9 ont fait le d\u00e9placement \u00e0 Guichen samedi 19 novembre pour leur premi\u00e8re rencontre de secteur avec les enfants d&rsquo;autres clubs. Bonne ambiance, bonne organisation et occasion de s&rsquo;amuser collectivement tout en travaillant les fondamentaux (vitesse, coordination, \u00e9quilibre, endurance). Les \u00e9preuves au programme : \u00ab\u00a0formule [&hellip;]","og_url":"https:\/\/janze-athletisme.fr\/wordpress\/les-eveils-en-deplacement-a-guichen\/","og_site_name":"Janz\u00e9 Athl\u00e9tisme","article_publisher":"https:\/\/www.facebook.com\/groups\/1007964579346590","article_published_time":"2022-11-21T15:50:57+00:00","og_image":[{"width":1999,"height":1000,"url":"https:\/\/janze-athletisme.fr\/wordpress\/wp-content\/uploads\/2022\/11\/1336.jpg","type":"image\/jpeg"}],"author":"Laurent Meunier","twitter_card":"summary_large_image","twitter_misc":{"\u00c9crit par":"Laurent Meunier","Dur\u00e9e de lecture estim\u00e9e":"2 minutes"},"schema":{"@context":"https:\/\/schema.org","@graph":[{"@type":"Article","@id":"https:\/\/janze-athletisme.fr\/wordpress\/les-eveils-en-deplacement-a-guichen\/#article","isPartOf":{"@id":"https:\/\/janze-athletisme.fr\/wordpress\/les-eveils-en-deplacement-a-guichen\/"},"author":{"name":"Laurent Meunier","@id":"https:\/\/janze-athletisme.fr\/wordpress\/#\/schema\/person\/c7b063dcfa6234c041d4d9b26cc2ea03"},"headline":"Les \u00c9veils en d\u00e9placement \u00e0 Guichen","datePublished":"2022-11-21T15:50:57+00:00","mainEntityOfPage":{"@id":"https:\/\/janze-athletisme.fr\/wordpress\/les-eveils-en-deplacement-a-guichen\/"},"wordCount":118,"commentCount":0,"publisher":{"@id":"https:\/\/janze-athletisme.fr\/wordpress\/#organization"},"image":{"@id":"https:\/\/janze-athletisme.fr\/wordpress\/les-eveils-en-deplacement-a-guichen\/#primaryimage"},"thumbnailUrl":"https:\/\/janze-athletisme.fr\/wordpress\/wp-content\/uploads\/2022\/11\/1336.jpg","articleSection":["Le club au jour le jour"],"inLanguage":"fr-FR","potentialAction":[{"@type":"CommentAction","name":"Comment","target":["https:\/\/janze-athletisme.fr\/wordpress\/les-eveils-en-deplacement-a-guichen\/#respond"]}]},{"@type":"WebPage","@id":"https:\/\/janze-athletisme.fr\/wordpress\/les-eveils-en-deplacement-a-guichen\/","url":"https:\/\/janze-athletisme.fr\/wordpress\/les-eveils-en-deplacement-a-guichen\/","name":"Les \u00c9veils en d\u00e9placement \u00e0 Guichen - Janz\u00e9 Athl\u00e9tisme","isPartOf":{"@id":"https:\/\/janze-athletisme.fr\/wordpress\/#website"},"primaryImageOfPage":{"@id":"https:\/\/janze-athletisme.fr\/wordpress\/les-eveils-en-deplacement-a-guichen\/#primaryimage"},"image":{"@id":"https:\/\/janze-athletisme.fr\/wordpress\/les-eveils-en-deplacement-a-guichen\/#primaryimage"},"thumbnailUrl":"https:\/\/janze-athletisme.fr\/wordpress\/wp-content\/uploads\/2022\/11\/1336.jpg","datePublished":"2022-11-21T15:50:57+00:00","breadcrumb":{"@id":"https:\/\/janze-athletisme.fr\/wordpress\/les-eveils-en-deplacement-a-guichen\/#breadcrumb"},"inLanguage":"fr-FR","potentialAction":[{"@type":"ReadAction","target":["https:\/\/janze-athletisme.fr\/wordpress\/les-eveils-en-deplacement-a-guichen\/"]}]},{"@type":"ImageObject","inLanguage":"fr-FR","@id":"https:\/\/janze-athletisme.fr\/wordpress\/les-eveils-en-deplacement-a-guichen\/#primaryimage","url":"https:\/\/janze-athletisme.fr\/wordpress\/wp-content\/uploads\/2022\/11\/1336.jpg","contentUrl":"https:\/\/janze-athletisme.fr\/wordpress\/wp-content\/uploads\/2022\/11\/1336.jpg","width":1999,"height":1000},{"@type":"BreadcrumbList","@id":"https:\/\/janze-athletisme.fr\/wordpress\/les-eveils-en-deplacement-a-guichen\/#breadcrumb","itemListElement":[{"@type":"ListItem","position":1,"name":"Accueil","item":"https:\/\/janze-athletisme.fr\/wordpress\/"},{"@type":"ListItem","position":2,"name":"Les \u00c9veils en d\u00e9placement \u00e0 Guichen"}]},{"@type":"WebSite","@id":"https:\/\/janze-athletisme.fr\/wordpress\/#website","url":"https:\/\/janze-athletisme.fr\/wordpress\/","name":"Janz\u00e9 Athl\u00e9tisme","description":"Pays de La Roche aux F\u00e9es","publisher":{"@id":"https:\/\/janze-athletisme.fr\/wordpress\/#organization"},"potentialAction":[{"@type":"SearchAction","target":{"@type":"EntryPoint","urlTemplate":"https:\/\/janze-athletisme.fr\/wordpress\/?s={search_term_string}"},"query-input":{"@type":"PropertyValueSpecification","valueRequired":true,"valueName":"search_term_string"}}],"inLanguage":"fr-FR"},{"@type":"Organization","@id":"https:\/\/janze-athletisme.fr\/wordpress\/#organization","name":"Janz\u00e9 Athl\u00e9tisme","url":"https:\/\/janze-athletisme.fr\/wordpress\/","logo":{"@type":"ImageObject","inLanguage":"fr-FR","@id":"https:\/\/janze-athletisme.fr\/wordpress\/#\/schema\/logo\/image\/","url":"https:\/\/janze-athletisme.fr\/wordpress\/wp-content\/uploads\/2015\/03\/logo-full1.jpg","contentUrl":"https:\/\/janze-athletisme.fr\/wordpress\/wp-content\/uploads\/2015\/03\/logo-full1.jpg","width":437,"height":205,"caption":"Janz\u00e9 Athl\u00e9tisme"},"image":{"@id":"https:\/\/janze-athletisme.fr\/wordpress\/#\/schema\/logo\/image\/"},"sameAs":["https:\/\/www.facebook.com\/groups\/1007964579346590"]},{"@type":"Person","@id":"https:\/\/janze-athletisme.fr\/wordpress\/#\/schema\/person\/c7b063dcfa6234c041d4d9b26cc2ea03","name":"Laurent Meunier","image":{"@type":"ImageObject","inLanguage":"fr-FR","@id":"https:\/\/secure.gravatar.com\/avatar\/dd25d581ad7c3349090f2fa6a9adb6bfa287e6a5dd8a5216a092727cd8749034?s=96&d=mm&r=g","url":"https:\/\/secure.gravatar.com\/avatar\/dd25d581ad7c3349090f2fa6a9adb6bfa287e6a5dd8a5216a092727cd8749034?s=96&d=mm&r=g","contentUrl":"https:\/\/secure.gravatar.com\/avatar\/dd25d581ad7c3349090f2fa6a9adb6bfa287e6a5dd8a5216a092727cd8749034?s=96&d=mm&r=g","caption":"Laurent Meunier"},"url":"https:\/\/janze-athletisme.fr\/wordpress\/author\/laurent-meunier35\/"}]}},"uagb_featured_image_src":{"full":["https:\/\/janze-athletisme.fr\/wordpress\/wp-content\/uploads\/2022\/11\/1336.jpg",1999,1000,false],"thumbnail":["https:\/\/janze-athletisme.fr\/wordpress\/wp-content\/uploads\/2022\/11\/1336-150x150.jpg",150,150,true],"medium":["https:\/\/janze-athletisme.fr\/wordpress\/wp-content\/uploads\/2022\/11\/1336-300x150.jpg",300,150,true],"medium_large":["https:\/\/janze-athletisme.fr\/wordpress\/wp-content\/uploads\/2022\/11\/1336-768x384.jpg",768,384,true],"large":["https:\/\/janze-athletisme.fr\/wordpress\/wp-content\/uploads\/2022\/11\/1336-1024x512.jpg",1024,512,true],"1536x1536":["https:\/\/janze-athletisme.fr\/wordpress\/wp-content\/uploads\/2022\/11\/1336-1536x768.jpg",1536,768,true],"2048x2048":["https:\/\/janze-athletisme.fr\/wordpress\/wp-content\/uploads\/2022\/11\/1336.jpg",1999,1000,false]},"uagb_author_info":{"display_name":"Laurent Meunier","author_link":"https:\/\/janze-athletisme.fr\/wordpress\/author\/laurent-meunier35\/"},"uagb_comment_info":0,"uagb_excerpt":"Rencontre de secteur &#8211; Cat\u00e9gorie \u00c9veils 19 \u00c9veils de janz\u00e9 Athl\u00e9 ont fait le d\u00e9placement \u00e0 Guichen samedi 19 novembre pour leur premi\u00e8re rencontre de secteur avec les enfants d&rsquo;autres clubs. Bonne ambiance, bonne organisation et occasion de s&rsquo;amuser collectivement tout en travaillant les fondamentaux (vitesse, coordination, \u00e9quilibre, endurance). Les \u00e9preuves au programme : \u00ab\u00a0formule\u2026","_links":{"self":[{"href":"https:\/\/janze-athletisme.fr\/wordpress\/wp-json\/wp\/v2\/posts\/10797","targetHints":{"allow":["GET"]}}],"collection":[{"href":"https:\/\/janze-athletisme.fr\/wordpress\/wp-json\/wp\/v2\/posts"}],"about":[{"href":"https:\/\/janze-athletisme.fr\/wordpress\/wp-json\/wp\/v2\/types\/post"}],"author":[{"embeddable":true,"href":"https:\/\/janze-athletisme.fr\/wordpress\/wp-json\/wp\/v2\/users\/12"}],"replies":[{"embeddable":true,"href":"https:\/\/janze-athletisme.fr\/wordpress\/wp-json\/wp\/v2\/comments?post=10797"}],"version-history":[{"count":1,"href":"https:\/\/janze-athletisme.fr\/wordpress\/wp-json\/wp\/v2\/posts\/10797\/revisions"}],"predecessor-version":[{"id":10805,"href":"https:\/\/janze-athletisme.fr\/wordpress\/wp-json\/wp\/v2\/posts\/10797\/revisions\/10805"}],"wp:featuredmedia":[{"embeddable":true,"href":"https:\/\/janze-athletisme.fr\/wordpress\/wp-json\/wp\/v2\/media\/10798"}],"wp:attachment":[{"href":"https:\/\/janze-athletisme.fr\/wordpress\/wp-json\/wp\/v2\/media?parent=10797"}],"wp:term":[{"taxonomy":"category","embeddable":true,"href":"https:\/\/janze-athletisme.fr\/wordpress\/wp-json\/wp\/v2\/categories?post=10797"},{"taxonomy":"post_tag","embeddable":true,"href":"https:\/\/janze-athletisme.fr\/wordpress\/wp-json\/wp\/v2\/tags?post=10797"}],"curies":[{"name":"wp","href":"https:\/\/api.w.org\/{rel}","templated":true}]}}