{"id":10774,"date":"2022-11-17T13:53:06","date_gmt":"2022-11-17T12:53:06","guid":{"rendered":"https:\/\/janze-athletisme.fr\/wordpress\/?p=10774"},"modified":"2022-11-17T13:53:06","modified_gmt":"2022-11-17T12:53:06","slug":"marche-nordique-sortie-samedi-19-novembre-2022","status":"publish","type":"post","link":"https:\/\/janze-athletisme.fr\/wordpress\/marche-nordique-sortie-samedi-19-novembre-2022\/","title":{"rendered":"Marche Nordique : sortie samedi 19 novembre 2022"},"content":{"rendered":"<div><b>Michel<\/b>\u00a0vous propose\u00a0 :<b>\u00a0DROUGES<\/b><\/div>\n<div>\n<ul>\n<li>Rendez-vous\u00a0<b>parking de la gare de Janz\u00e9<\/b>\u00a0pour co-voiturage : 13 h 30<\/li>\n<li>D\u00e9part de la marche :Petit parking \u00e0 c\u00f4t\u00e9 de la mairie,\u00a0bourg de Drouges (\u00e0 10 km de Retiers)<\/li>\n<li>Circuit propos\u00e9 : circuit des braconniers (fait partie des circuits rando du pays de Vitr\u00e9)<\/li>\n<li>Distance\u00a0<b>11 km<\/b>\u00a0environ<\/li>\n<\/ul>\n<div>La marche nordique pratiqu\u00e9e en ext\u00e9rieur est une exp\u00e9rience compl\u00e8tement diff\u00e9rente par rapport aux entra\u00eenements propos\u00e9s. Vous d\u00e9couvrirez de nouvelles sensations sans les pads, sur des sentiers herbeux.<\/div>\n<div>Pour ceux et celles qui h\u00e9sitent, sachez que cette\u00a0marche se fait dans la bonne humeur et au rythme de chacun. Que vous soyez d\u00e9butants ou non, venez partager ce moment de convivialit\u00e9.<\/div>\n<\/div>\n<div><\/div>\n<div>Rendez-vous samedi soit\u00a0au parking de Janz\u00e9, soit directement \u00e0 Drouges pour un d\u00e9part de la marche \u00e0 14h.<\/div>\n","protected":false},"excerpt":{"rendered":"<p>Michel\u00a0vous propose\u00a0 :\u00a0DROUGES Rendez-vous\u00a0parking de la gare de Janz\u00e9\u00a0pour co-voiturage : 13 h 30 D\u00e9part de la marche :Petit parking \u00e0 c\u00f4t\u00e9 de la mairie,\u00a0bourg de Drouges (\u00e0 10 km de Retiers) Circuit propos\u00e9 : circuit des braconniers (fait partie des circuits rando du pays de Vitr\u00e9) Distance\u00a011 km\u00a0environ La marche nordique pratiqu\u00e9e en ext\u00e9rieur [&hellip;]<\/p>\n","protected":false},"author":6,"featured_media":10615,"comment_status":"open","ping_status":"open","sticky":false,"template":"","format":"aside","meta":{"_uag_custom_page_level_css":"","site-sidebar-layout":"default","site-content-layout":"default","ast-site-content-layout":"default","site-content-style":"default","site-sidebar-style":"default","ast-global-header-display":"","ast-banner-title-visibility":"","ast-main-header-display":"","ast-hfb-above-header-display":"","ast-hfb-below-header-display":"","ast-hfb-mobile-header-display":"","site-post-title":"","ast-breadcrumbs-content":"","ast-featured-img":"","footer-sml-layout":"","ast-disable-related-posts":"","theme-transparent-header-meta":"default","adv-header-id-meta":"","stick-header-meta":"","header-above-stick-meta":"","header-main-stick-meta":"","header-below-stick-meta":"","astra-migrate-meta-layouts":"default","ast-page-background-enabled":"default","ast-page-background-meta":{"desktop":{"background-color":"var(--ast-global-color-4)","background-image":"","background-repeat":"repeat","background-position":"center center","background-size":"auto","background-attachment":"scroll","background-type":"","background-media":"","overlay-type":"","overlay-color":"","overlay-opacity":"","overlay-gradient":""},"tablet":{"background-color":"","background-image":"","background-repeat":"repeat","background-position":"center center","background-size":"auto","background-attachment":"scroll","background-type":"","background-media":"","overlay-type":"","overlay-color":"","overlay-opacity":"","overlay-gradient":""},"mobile":{"background-color":"","background-image":"","background-repeat":"repeat","background-position":"center center","background-size":"auto","background-attachment":"scroll","background-type":"","background-media":"","overlay-type":"","overlay-color":"","overlay-opacity":"","overlay-gradient":""}},"ast-content-background-meta":{"desktop":{"background-color":"var(--ast-global-color-5)","background-image":"","background-repeat":"repeat","background-position":"center center","background-size":"auto","background-attachment":"scroll","background-type":"","background-media":"","overlay-type":"","overlay-color":"","overlay-opacity":"","overlay-gradient":""},"tablet":{"background-color":"var(--ast-global-color-5)","background-image":"","background-repeat":"repeat","background-position":"center center","background-size":"auto","background-attachment":"scroll","background-type":"","background-media":"","overlay-type":"","overlay-color":"","overlay-opacity":"","overlay-gradient":""},"mobile":{"background-color":"var(--ast-global-color-5)","background-image":"","background-repeat":"repeat","background-position":"center center","background-size":"auto","background-attachment":"scroll","background-type":"","background-media":"","overlay-type":"","overlay-color":"","overlay-opacity":"","overlay-gradient":""}},"footnotes":""},"categories":[6],"tags":[],"class_list":["post-10774","post","type-post","status-publish","format-aside","has-post-thumbnail","hentry","category-sections","post_format-post-format-aside"],"yoast_head":"<!-- This site is optimized with the Yoast SEO plugin v27.5 - https:\/\/yoast.com\/product\/yoast-seo-wordpress\/ -->\n<title>Marche Nordique : sortie samedi 19 novembre 2022 - Janz\u00e9 Athl\u00e9tisme<\/title>\n<meta name=\"robots\" content=\"index, follow, max-snippet:-1, max-image-preview:large, max-video-preview:-1\" \/>\n<link rel=\"canonical\" href=\"https:\/\/janze-athletisme.fr\/wordpress\/marche-nordique-sortie-samedi-19-novembre-2022\/\" \/>\n<meta property=\"og:locale\" content=\"fr_FR\" \/>\n<meta property=\"og:type\" content=\"article\" \/>\n<meta property=\"og:title\" content=\"Marche Nordique : sortie samedi 19 novembre 2022 - Janz\u00e9 Athl\u00e9tisme\" \/>\n<meta property=\"og:description\" content=\"Michel\u00a0vous propose\u00a0 :\u00a0DROUGES Rendez-vous\u00a0parking de la gare de Janz\u00e9\u00a0pour co-voiturage : 13 h 30 D\u00e9part de la marche :Petit parking \u00e0 c\u00f4t\u00e9 de la mairie,\u00a0bourg de Drouges (\u00e0 10 km de Retiers) Circuit propos\u00e9 : circuit des braconniers (fait partie des circuits rando du pays de Vitr\u00e9) Distance\u00a011 km\u00a0environ La marche nordique pratiqu\u00e9e en ext\u00e9rieur [&hellip;]\" \/>\n<meta property=\"og:url\" content=\"https:\/\/janze-athletisme.fr\/wordpress\/marche-nordique-sortie-samedi-19-novembre-2022\/\" \/>\n<meta property=\"og:site_name\" content=\"Janz\u00e9 Athl\u00e9tisme\" \/>\n<meta property=\"article:publisher\" content=\"https:\/\/www.facebook.com\/groups\/1007964579346590\" \/>\n<meta property=\"article:published_time\" content=\"2022-11-17T12:53:06+00:00\" \/>\n<meta property=\"og:image\" content=\"https:\/\/janze-athletisme.fr\/wordpress\/wp-content\/uploads\/2022\/10\/nordicwalking.jpg\" \/>\n\t<meta property=\"og:image:width\" content=\"544\" \/>\n\t<meta property=\"og:image:height\" content=\"526\" \/>\n\t<meta property=\"og:image:type\" content=\"image\/jpeg\" \/>\n<meta name=\"author\" content=\"Chantal G\" \/>\n<meta name=\"twitter:card\" content=\"summary_large_image\" \/>\n<meta name=\"twitter:label1\" content=\"\u00c9crit par\" \/>\n\t<meta name=\"twitter:data1\" content=\"Chantal G\" \/>\n\t<meta name=\"twitter:label2\" content=\"Dur\u00e9e de lecture estim\u00e9e\" \/>\n\t<meta name=\"twitter:data2\" content=\"1 minute\" \/>\n<script type=\"application\/ld+json\" class=\"yoast-schema-graph\">{\"@context\":\"https:\\\/\\\/schema.org\",\"@graph\":[{\"@type\":\"Article\",\"@id\":\"https:\\\/\\\/janze-athletisme.fr\\\/wordpress\\\/marche-nordique-sortie-samedi-19-novembre-2022\\\/#article\",\"isPartOf\":{\"@id\":\"https:\\\/\\\/janze-athletisme.fr\\\/wordpress\\\/marche-nordique-sortie-samedi-19-novembre-2022\\\/\"},\"author\":{\"name\":\"Chantal G\",\"@id\":\"https:\\\/\\\/janze-athletisme.fr\\\/wordpress\\\/#\\\/schema\\\/person\\\/7f5b8145b0cc4430dfb771b92a4c98e4\"},\"headline\":\"Marche Nordique : sortie samedi 19 novembre 2022\",\"datePublished\":\"2022-11-17T12:53:06+00:00\",\"mainEntityOfPage\":{\"@id\":\"https:\\\/\\\/janze-athletisme.fr\\\/wordpress\\\/marche-nordique-sortie-samedi-19-novembre-2022\\\/\"},\"wordCount\":143,\"commentCount\":0,\"publisher\":{\"@id\":\"https:\\\/\\\/janze-athletisme.fr\\\/wordpress\\\/#organization\"},\"image\":{\"@id\":\"https:\\\/\\\/janze-athletisme.fr\\\/wordpress\\\/marche-nordique-sortie-samedi-19-novembre-2022\\\/#primaryimage\"},\"thumbnailUrl\":\"https:\\\/\\\/janze-athletisme.fr\\\/wordpress\\\/wp-content\\\/uploads\\\/2022\\\/10\\\/nordicwalking.jpg\",\"articleSection\":[\"Le club au jour le jour\"],\"inLanguage\":\"fr-FR\",\"potentialAction\":[{\"@type\":\"CommentAction\",\"name\":\"Comment\",\"target\":[\"https:\\\/\\\/janze-athletisme.fr\\\/wordpress\\\/marche-nordique-sortie-samedi-19-novembre-2022\\\/#respond\"]}]},{\"@type\":\"WebPage\",\"@id\":\"https:\\\/\\\/janze-athletisme.fr\\\/wordpress\\\/marche-nordique-sortie-samedi-19-novembre-2022\\\/\",\"url\":\"https:\\\/\\\/janze-athletisme.fr\\\/wordpress\\\/marche-nordique-sortie-samedi-19-novembre-2022\\\/\",\"name\":\"Marche Nordique : sortie samedi 19 novembre 2022 - Janz\u00e9 Athl\u00e9tisme\",\"isPartOf\":{\"@id\":\"https:\\\/\\\/janze-athletisme.fr\\\/wordpress\\\/#website\"},\"primaryImageOfPage\":{\"@id\":\"https:\\\/\\\/janze-athletisme.fr\\\/wordpress\\\/marche-nordique-sortie-samedi-19-novembre-2022\\\/#primaryimage\"},\"image\":{\"@id\":\"https:\\\/\\\/janze-athletisme.fr\\\/wordpress\\\/marche-nordique-sortie-samedi-19-novembre-2022\\\/#primaryimage\"},\"thumbnailUrl\":\"https:\\\/\\\/janze-athletisme.fr\\\/wordpress\\\/wp-content\\\/uploads\\\/2022\\\/10\\\/nordicwalking.jpg\",\"datePublished\":\"2022-11-17T12:53:06+00:00\",\"breadcrumb\":{\"@id\":\"https:\\\/\\\/janze-athletisme.fr\\\/wordpress\\\/marche-nordique-sortie-samedi-19-novembre-2022\\\/#breadcrumb\"},\"inLanguage\":\"fr-FR\",\"potentialAction\":[{\"@type\":\"ReadAction\",\"target\":[\"https:\\\/\\\/janze-athletisme.fr\\\/wordpress\\\/marche-nordique-sortie-samedi-19-novembre-2022\\\/\"]}]},{\"@type\":\"ImageObject\",\"inLanguage\":\"fr-FR\",\"@id\":\"https:\\\/\\\/janze-athletisme.fr\\\/wordpress\\\/marche-nordique-sortie-samedi-19-novembre-2022\\\/#primaryimage\",\"url\":\"https:\\\/\\\/janze-athletisme.fr\\\/wordpress\\\/wp-content\\\/uploads\\\/2022\\\/10\\\/nordicwalking.jpg\",\"contentUrl\":\"https:\\\/\\\/janze-athletisme.fr\\\/wordpress\\\/wp-content\\\/uploads\\\/2022\\\/10\\\/nordicwalking.jpg\",\"width\":544,\"height\":526},{\"@type\":\"BreadcrumbList\",\"@id\":\"https:\\\/\\\/janze-athletisme.fr\\\/wordpress\\\/marche-nordique-sortie-samedi-19-novembre-2022\\\/#breadcrumb\",\"itemListElement\":[{\"@type\":\"ListItem\",\"position\":1,\"name\":\"Accueil\",\"item\":\"https:\\\/\\\/janze-athletisme.fr\\\/wordpress\\\/\"},{\"@type\":\"ListItem\",\"position\":2,\"name\":\"Marche Nordique : sortie samedi 19 novembre 2022\"}]},{\"@type\":\"WebSite\",\"@id\":\"https:\\\/\\\/janze-athletisme.fr\\\/wordpress\\\/#website\",\"url\":\"https:\\\/\\\/janze-athletisme.fr\\\/wordpress\\\/\",\"name\":\"Janz\u00e9 Athl\u00e9tisme\",\"description\":\"Pays de La Roche aux F\u00e9es\",\"publisher\":{\"@id\":\"https:\\\/\\\/janze-athletisme.fr\\\/wordpress\\\/#organization\"},\"potentialAction\":[{\"@type\":\"SearchAction\",\"target\":{\"@type\":\"EntryPoint\",\"urlTemplate\":\"https:\\\/\\\/janze-athletisme.fr\\\/wordpress\\\/?s={search_term_string}\"},\"query-input\":{\"@type\":\"PropertyValueSpecification\",\"valueRequired\":true,\"valueName\":\"search_term_string\"}}],\"inLanguage\":\"fr-FR\"},{\"@type\":\"Organization\",\"@id\":\"https:\\\/\\\/janze-athletisme.fr\\\/wordpress\\\/#organization\",\"name\":\"Janz\u00e9 Athl\u00e9tisme\",\"url\":\"https:\\\/\\\/janze-athletisme.fr\\\/wordpress\\\/\",\"logo\":{\"@type\":\"ImageObject\",\"inLanguage\":\"fr-FR\",\"@id\":\"https:\\\/\\\/janze-athletisme.fr\\\/wordpress\\\/#\\\/schema\\\/logo\\\/image\\\/\",\"url\":\"https:\\\/\\\/janze-athletisme.fr\\\/wordpress\\\/wp-content\\\/uploads\\\/2015\\\/03\\\/logo-full1.jpg\",\"contentUrl\":\"https:\\\/\\\/janze-athletisme.fr\\\/wordpress\\\/wp-content\\\/uploads\\\/2015\\\/03\\\/logo-full1.jpg\",\"width\":437,\"height\":205,\"caption\":\"Janz\u00e9 Athl\u00e9tisme\"},\"image\":{\"@id\":\"https:\\\/\\\/janze-athletisme.fr\\\/wordpress\\\/#\\\/schema\\\/logo\\\/image\\\/\"},\"sameAs\":[\"https:\\\/\\\/www.facebook.com\\\/groups\\\/1007964579346590\"]},{\"@type\":\"Person\",\"@id\":\"https:\\\/\\\/janze-athletisme.fr\\\/wordpress\\\/#\\\/schema\\\/person\\\/7f5b8145b0cc4430dfb771b92a4c98e4\",\"name\":\"Chantal G\",\"image\":{\"@type\":\"ImageObject\",\"inLanguage\":\"fr-FR\",\"@id\":\"https:\\\/\\\/secure.gravatar.com\\\/avatar\\\/56a17bd942482c0a19490051c8856e98a7c7fb62bd0d81caf8214bb7862b6169?s=96&d=mm&r=g\",\"url\":\"https:\\\/\\\/secure.gravatar.com\\\/avatar\\\/56a17bd942482c0a19490051c8856e98a7c7fb62bd0d81caf8214bb7862b6169?s=96&d=mm&r=g\",\"contentUrl\":\"https:\\\/\\\/secure.gravatar.com\\\/avatar\\\/56a17bd942482c0a19490051c8856e98a7c7fb62bd0d81caf8214bb7862b6169?s=96&d=mm&r=g\",\"caption\":\"Chantal G\"},\"url\":\"https:\\\/\\\/janze-athletisme.fr\\\/wordpress\\\/author\\\/cgoupil\\\/\"}]}<\/script>\n<!-- \/ Yoast SEO plugin. -->","yoast_head_json":{"title":"Marche Nordique : sortie samedi 19 novembre 2022 - Janz\u00e9 Athl\u00e9tisme","robots":{"index":"index","follow":"follow","max-snippet":"max-snippet:-1","max-image-preview":"max-image-preview:large","max-video-preview":"max-video-preview:-1"},"canonical":"https:\/\/janze-athletisme.fr\/wordpress\/marche-nordique-sortie-samedi-19-novembre-2022\/","og_locale":"fr_FR","og_type":"article","og_title":"Marche Nordique : sortie samedi 19 novembre 2022 - Janz\u00e9 Athl\u00e9tisme","og_description":"Michel\u00a0vous propose\u00a0 :\u00a0DROUGES Rendez-vous\u00a0parking de la gare de Janz\u00e9\u00a0pour co-voiturage : 13 h 30 D\u00e9part de la marche :Petit parking \u00e0 c\u00f4t\u00e9 de la mairie,\u00a0bourg de Drouges (\u00e0 10 km de Retiers) Circuit propos\u00e9 : circuit des braconniers (fait partie des circuits rando du pays de Vitr\u00e9) Distance\u00a011 km\u00a0environ La marche nordique pratiqu\u00e9e en ext\u00e9rieur [&hellip;]","og_url":"https:\/\/janze-athletisme.fr\/wordpress\/marche-nordique-sortie-samedi-19-novembre-2022\/","og_site_name":"Janz\u00e9 Athl\u00e9tisme","article_publisher":"https:\/\/www.facebook.com\/groups\/1007964579346590","article_published_time":"2022-11-17T12:53:06+00:00","og_image":[{"width":544,"height":526,"url":"https:\/\/janze-athletisme.fr\/wordpress\/wp-content\/uploads\/2022\/10\/nordicwalking.jpg","type":"image\/jpeg"}],"author":"Chantal G","twitter_card":"summary_large_image","twitter_misc":{"\u00c9crit par":"Chantal G","Dur\u00e9e de lecture estim\u00e9e":"1 minute"},"schema":{"@context":"https:\/\/schema.org","@graph":[{"@type":"Article","@id":"https:\/\/janze-athletisme.fr\/wordpress\/marche-nordique-sortie-samedi-19-novembre-2022\/#article","isPartOf":{"@id":"https:\/\/janze-athletisme.fr\/wordpress\/marche-nordique-sortie-samedi-19-novembre-2022\/"},"author":{"name":"Chantal G","@id":"https:\/\/janze-athletisme.fr\/wordpress\/#\/schema\/person\/7f5b8145b0cc4430dfb771b92a4c98e4"},"headline":"Marche Nordique : sortie samedi 19 novembre 2022","datePublished":"2022-11-17T12:53:06+00:00","mainEntityOfPage":{"@id":"https:\/\/janze-athletisme.fr\/wordpress\/marche-nordique-sortie-samedi-19-novembre-2022\/"},"wordCount":143,"commentCount":0,"publisher":{"@id":"https:\/\/janze-athletisme.fr\/wordpress\/#organization"},"image":{"@id":"https:\/\/janze-athletisme.fr\/wordpress\/marche-nordique-sortie-samedi-19-novembre-2022\/#primaryimage"},"thumbnailUrl":"https:\/\/janze-athletisme.fr\/wordpress\/wp-content\/uploads\/2022\/10\/nordicwalking.jpg","articleSection":["Le club au jour le jour"],"inLanguage":"fr-FR","potentialAction":[{"@type":"CommentAction","name":"Comment","target":["https:\/\/janze-athletisme.fr\/wordpress\/marche-nordique-sortie-samedi-19-novembre-2022\/#respond"]}]},{"@type":"WebPage","@id":"https:\/\/janze-athletisme.fr\/wordpress\/marche-nordique-sortie-samedi-19-novembre-2022\/","url":"https:\/\/janze-athletisme.fr\/wordpress\/marche-nordique-sortie-samedi-19-novembre-2022\/","name":"Marche Nordique : sortie samedi 19 novembre 2022 - Janz\u00e9 Athl\u00e9tisme","isPartOf":{"@id":"https:\/\/janze-athletisme.fr\/wordpress\/#website"},"primaryImageOfPage":{"@id":"https:\/\/janze-athletisme.fr\/wordpress\/marche-nordique-sortie-samedi-19-novembre-2022\/#primaryimage"},"image":{"@id":"https:\/\/janze-athletisme.fr\/wordpress\/marche-nordique-sortie-samedi-19-novembre-2022\/#primaryimage"},"thumbnailUrl":"https:\/\/janze-athletisme.fr\/wordpress\/wp-content\/uploads\/2022\/10\/nordicwalking.jpg","datePublished":"2022-11-17T12:53:06+00:00","breadcrumb":{"@id":"https:\/\/janze-athletisme.fr\/wordpress\/marche-nordique-sortie-samedi-19-novembre-2022\/#breadcrumb"},"inLanguage":"fr-FR","potentialAction":[{"@type":"ReadAction","target":["https:\/\/janze-athletisme.fr\/wordpress\/marche-nordique-sortie-samedi-19-novembre-2022\/"]}]},{"@type":"ImageObject","inLanguage":"fr-FR","@id":"https:\/\/janze-athletisme.fr\/wordpress\/marche-nordique-sortie-samedi-19-novembre-2022\/#primaryimage","url":"https:\/\/janze-athletisme.fr\/wordpress\/wp-content\/uploads\/2022\/10\/nordicwalking.jpg","contentUrl":"https:\/\/janze-athletisme.fr\/wordpress\/wp-content\/uploads\/2022\/10\/nordicwalking.jpg","width":544,"height":526},{"@type":"BreadcrumbList","@id":"https:\/\/janze-athletisme.fr\/wordpress\/marche-nordique-sortie-samedi-19-novembre-2022\/#breadcrumb","itemListElement":[{"@type":"ListItem","position":1,"name":"Accueil","item":"https:\/\/janze-athletisme.fr\/wordpress\/"},{"@type":"ListItem","position":2,"name":"Marche Nordique : sortie samedi 19 novembre 2022"}]},{"@type":"WebSite","@id":"https:\/\/janze-athletisme.fr\/wordpress\/#website","url":"https:\/\/janze-athletisme.fr\/wordpress\/","name":"Janz\u00e9 Athl\u00e9tisme","description":"Pays de La Roche aux F\u00e9es","publisher":{"@id":"https:\/\/janze-athletisme.fr\/wordpress\/#organization"},"potentialAction":[{"@type":"SearchAction","target":{"@type":"EntryPoint","urlTemplate":"https:\/\/janze-athletisme.fr\/wordpress\/?s={search_term_string}"},"query-input":{"@type":"PropertyValueSpecification","valueRequired":true,"valueName":"search_term_string"}}],"inLanguage":"fr-FR"},{"@type":"Organization","@id":"https:\/\/janze-athletisme.fr\/wordpress\/#organization","name":"Janz\u00e9 Athl\u00e9tisme","url":"https:\/\/janze-athletisme.fr\/wordpress\/","logo":{"@type":"ImageObject","inLanguage":"fr-FR","@id":"https:\/\/janze-athletisme.fr\/wordpress\/#\/schema\/logo\/image\/","url":"https:\/\/janze-athletisme.fr\/wordpress\/wp-content\/uploads\/2015\/03\/logo-full1.jpg","contentUrl":"https:\/\/janze-athletisme.fr\/wordpress\/wp-content\/uploads\/2015\/03\/logo-full1.jpg","width":437,"height":205,"caption":"Janz\u00e9 Athl\u00e9tisme"},"image":{"@id":"https:\/\/janze-athletisme.fr\/wordpress\/#\/schema\/logo\/image\/"},"sameAs":["https:\/\/www.facebook.com\/groups\/1007964579346590"]},{"@type":"Person","@id":"https:\/\/janze-athletisme.fr\/wordpress\/#\/schema\/person\/7f5b8145b0cc4430dfb771b92a4c98e4","name":"Chantal G","image":{"@type":"ImageObject","inLanguage":"fr-FR","@id":"https:\/\/secure.gravatar.com\/avatar\/56a17bd942482c0a19490051c8856e98a7c7fb62bd0d81caf8214bb7862b6169?s=96&d=mm&r=g","url":"https:\/\/secure.gravatar.com\/avatar\/56a17bd942482c0a19490051c8856e98a7c7fb62bd0d81caf8214bb7862b6169?s=96&d=mm&r=g","contentUrl":"https:\/\/secure.gravatar.com\/avatar\/56a17bd942482c0a19490051c8856e98a7c7fb62bd0d81caf8214bb7862b6169?s=96&d=mm&r=g","caption":"Chantal G"},"url":"https:\/\/janze-athletisme.fr\/wordpress\/author\/cgoupil\/"}]}},"uagb_featured_image_src":{"full":["https:\/\/janze-athletisme.fr\/wordpress\/wp-content\/uploads\/2022\/10\/nordicwalking.jpg",544,526,false],"thumbnail":["https:\/\/janze-athletisme.fr\/wordpress\/wp-content\/uploads\/2022\/10\/nordicwalking-150x150.jpg",150,150,true],"medium":["https:\/\/janze-athletisme.fr\/wordpress\/wp-content\/uploads\/2022\/10\/nordicwalking-300x290.jpg",300,290,true],"medium_large":["https:\/\/janze-athletisme.fr\/wordpress\/wp-content\/uploads\/2022\/10\/nordicwalking.jpg",544,526,false],"large":["https:\/\/janze-athletisme.fr\/wordpress\/wp-content\/uploads\/2022\/10\/nordicwalking.jpg",544,526,false],"1536x1536":["https:\/\/janze-athletisme.fr\/wordpress\/wp-content\/uploads\/2022\/10\/nordicwalking.jpg",544,526,false],"2048x2048":["https:\/\/janze-athletisme.fr\/wordpress\/wp-content\/uploads\/2022\/10\/nordicwalking.jpg",544,526,false]},"uagb_author_info":{"display_name":"Chantal G","author_link":"https:\/\/janze-athletisme.fr\/wordpress\/author\/cgoupil\/"},"uagb_comment_info":0,"uagb_excerpt":"Michel\u00a0vous propose\u00a0 :\u00a0DROUGES Rendez-vous\u00a0parking de la gare de Janz\u00e9\u00a0pour co-voiturage : 13 h 30 D\u00e9part de la marche :Petit parking \u00e0 c\u00f4t\u00e9 de la mairie,\u00a0bourg de Drouges (\u00e0 10 km de Retiers) Circuit propos\u00e9 : circuit des braconniers (fait partie des circuits rando du pays de Vitr\u00e9) Distance\u00a011 km\u00a0environ La marche nordique pratiqu\u00e9e en ext\u00e9rieur\u2026","_links":{"self":[{"href":"https:\/\/janze-athletisme.fr\/wordpress\/wp-json\/wp\/v2\/posts\/10774","targetHints":{"allow":["GET"]}}],"collection":[{"href":"https:\/\/janze-athletisme.fr\/wordpress\/wp-json\/wp\/v2\/posts"}],"about":[{"href":"https:\/\/janze-athletisme.fr\/wordpress\/wp-json\/wp\/v2\/types\/post"}],"author":[{"embeddable":true,"href":"https:\/\/janze-athletisme.fr\/wordpress\/wp-json\/wp\/v2\/users\/6"}],"replies":[{"embeddable":true,"href":"https:\/\/janze-athletisme.fr\/wordpress\/wp-json\/wp\/v2\/comments?post=10774"}],"version-history":[{"count":1,"href":"https:\/\/janze-athletisme.fr\/wordpress\/wp-json\/wp\/v2\/posts\/10774\/revisions"}],"predecessor-version":[{"id":10775,"href":"https:\/\/janze-athletisme.fr\/wordpress\/wp-json\/wp\/v2\/posts\/10774\/revisions\/10775"}],"wp:featuredmedia":[{"embeddable":true,"href":"https:\/\/janze-athletisme.fr\/wordpress\/wp-json\/wp\/v2\/media\/10615"}],"wp:attachment":[{"href":"https:\/\/janze-athletisme.fr\/wordpress\/wp-json\/wp\/v2\/media?parent=10774"}],"wp:term":[{"taxonomy":"category","embeddable":true,"href":"https:\/\/janze-athletisme.fr\/wordpress\/wp-json\/wp\/v2\/categories?post=10774"},{"taxonomy":"post_tag","embeddable":true,"href":"https:\/\/janze-athletisme.fr\/wordpress\/wp-json\/wp\/v2\/tags?post=10774"}],"curies":[{"name":"wp","href":"https:\/\/api.w.org\/{rel}","templated":true}]}}